{"id":9892,"date":"2024-02-28T09:37:52","date_gmt":"2024-02-28T08:37:52","guid":{"rendered":"https:\/\/provencelovers.fr\/bezoek-kathedraal-heilige-leonce-frejus\/"},"modified":"2024-02-28T15:14:54","modified_gmt":"2024-02-28T14:14:54","slug":"bezoeken-kathedraal-saint-leonce-frejus","status":"publish","type":"post","link":"https:\/\/provencelovers.fr\/nl\/bezoeken-kathedraal-saint-leonce-frejus\/","title":{"rendered":"Saint-L\u00e9once Kathedraal (Fr\u00e9jus): bezoek + foto&#8217;s"},"content":{"rendered":"\n<p>Als u een reis naar de <strong>C\u00f4te d&#8217;<\/strong>Azur plant, raden wij u aan een omweg te maken om de <strong>Saint-L\u00e9once Kathedraal in Fr\u00e9jus<\/strong> te bezoeken. De duizend jaar oude geschiedenis, gekenmerkt door opeenvolgende constructies en renovaties, maakt het tot een spiritueel en cultureel symbool van de regio. Het is gebouwd op de plek van de oude Romeinse stad Forum Julii en mengt romaanse en gotische stijlen in een boeiende visuele symfonie van de kleuren van de Provence.<\/p>\n\n<p>In dit artikel vindt u een aantal <strong>nuttige tips<\/strong> om u op uw bezoek voor te bereiden. Ontdek meer over dit unieke gebouw, dat op de monumentenlijst staat!<\/p>\n\n<figure class=\"wp-block-image size-full\"><img decoding=\"async\" src=\"https:\/\/provencelovers.fr\/wp-content\/uploads\/2024\/02\/visiter-cathedrale-saint-leonce-frejus-1.jpg\" alt=\"Bezoek de kathedraal Saint L&#xE9;once in Fr&#xE9;jus\" class=\"wp-image-9760\"\/><\/figure>\n\n<div class=\"wp-block-genesis-blocks-gb-container gb-block-container\"><div class=\"gb-container-inside\"><div class=\"gb-container-content\">\n<p>Deze gids is volledig <strong>onafhankelijk<\/strong>, gebaseerd op onze ervaringen. We bezochten de regio anoniem, maakten onze eigen keuzes en betaalden onze rekeningen volledig.<\/p>\n<\/div><\/div><\/div>\n\n<h2 class=\"wp-block-heading\">Waarom de kathedraal van Fr\u00e9jus bezoeken?<\/h2>\n\n<h3 class=\"wp-block-heading\">Is de kathedraal het waard? Onze mening:<\/h3>\n\n<p>De kathedraal Saint-L\u00e9once in Fr\u00e9jus is om verschillende redenen een bezoek waard:<\/p>\n\n<ul class=\"wp-block-list\">\n<li><strong>De fascinerende geschiedenis:<\/strong> dit historische monument dateert uit de Oudheid en getuigt van de ontwikkeling van de stad Fr\u00e9jus door de eeuwen heen. De muren hebben ons veel geleerd over de verschillende perioden waarin het gebouwd is.<\/li>\n\n\n\n<li><strong>De verbazingwekkende, evoluerende architectuur:<\/strong> de gebouwen zijn een verrassende mix van romaanse en gotische stijlen. We hebben aandacht besteed aan elk detail, elk architectonisch element. Ze vertellen allemaal een verhaal en getuigen van de vaardigheden van de ambachtslieden die ze hielpen bouwen.<\/li>\n\n\n\n<li><strong>De vele artistieke schatten &#8211;<\/strong> schilderijen, beeldhouwwerken, gebrandschilderde ramen en andere kostbare liturgische voorwerpen &#8211; bieden een glimp van de culturele en spirituele rijkdom van het gebied. Ze geven ook inzicht in het religieuze leven in de regio door de eeuwen heen.<\/li>\n<\/ul>\n\n<figure class=\"wp-block-image size-large\"><img decoding=\"async\" src=\"https:\/\/photos.smugmug.com\/Provence-Lovers\/Fr&#xE9;jus\/n-XwqvJP\/Cath&#xE9;drale-de-Fr&#xE9;jus\/i-f5C4c7j\/0\/DdGX7wfZVmBtk56wvxGqxg65FsrpxkPq6WLnZ9KC6\/L\/vue-ensemble-cathedrale-frejus-L.jpg\" alt=\"Algemeen zicht op de kathedraal Saint-L&#xE9;once in Fr&#xE9;jus\"\/><\/figure>\n\n<p>De discrete charme van deze middeleeuwse kathedraal staat in contrast met de flamboyante neobyzantijnse stijl van de nabijgelegen<a href=\"https:\/\/provencelovers.fr\/nl\/bezoeken-basiliek-notre-dame-victoire-saint-raphael\/\" target=\"_blank\" rel=\"noreferrer noopener\"> Basiliek van Onze-Lieve-Vrouw van de Overwinning in Saint-Raph\u00e4el<\/a>. We nodigen u uit om deze ook te bezoeken, om de zeer verschillende stijlen en sferen te vergelijken.<\/p>\n\n<h3 class=\"wp-block-heading\">Waarom is de kathedraal van Saint-L\u00e9once beroemd?<\/h3>\n\n<p>De kathedraal van Fr\u00e9jus staat bekend om haar opvallende architectuur. Het is in feite een <strong>dubbele kathedraal<\/strong>, die de 2 grote schepen van 2 verschillende kerken uit verschillende tijden combineert. Maar het is de <strong>doopkapel<\/strong> die het zo beroemd maakt. Het dateert uit de 5e eeuw en is een van de oudste in Frankrijk. Het is een zeer zeldzaam voorbeeld van<strong>vroegchristelijke architectuur<\/strong>. Het behoud ervan maakt het tot een centraal punt dat we tijdens ons bezoek erg hebben gewaardeerd.<\/p>\n\n<p>De aangrenzende <strong>kloostergang<\/strong> is een van de belangrijkste kenmerken van de kathedraalgroep van Fr\u00e9jus. Het werd gebouwd in de 13e eeuw en is een opmerkelijke getuigenis van de middeleeuwse geschiedenis van de Provence. Op het moment van ons bezoek waren er werkzaamheden aan de gang en konden we niet genieten van de <strong>galerijen met 2 verdiepingen<\/strong> of de prachtige <strong>middeleeuwse beschilderde plafonds<\/strong>. We konden er alleen een glimp van opvangen door de ramen van het Archeologisch Museum van Fr\u00e9jus, die uitkijken op het klooster.<\/p>\n\n<figure class=\"wp-block-image size-large\"><img decoding=\"async\" src=\"https:\/\/photos.smugmug.com\/Provence-Lovers\/Fr&#xE9;jus\/n-XwqvJP\/Cath&#xE9;drale-de-Fr&#xE9;jus\/i-KmsfCd6\/0\/DBKbdm9nz5KHg3h9WnBbbCFNWB8sLSq8rRCw7DcPM\/L\/cloitre-travaux-cathedrale-frejus-L.jpg\" alt=\"Klooster van de kathedraal Saint-L&#xE9;once in Fr&#xE9;jus\"\/><\/figure>\n\n<h3 class=\"wp-block-heading\">Onze favoriete momenten<\/h3>\n\n<p>We bezochten de kathedraal laat in de ochtend op een zonnige dag. Het licht was uitzonderlijk in deze donkere, contemplatieve omgeving.<\/p>\n\n<ul class=\"wp-block-list\">\n<li>We hielden van <strong>de minerale sfeer<\/strong>. Zijn kale stenen<strong> <\/strong>Polychroom zandsteen uit de Est\u00e9rel regio wordt in het hele gebouw gebruikt, zowel binnen als buiten. Het geeft het de roze tint die zo kenmerkend is voor de originele Proven\u00e7aalse gebouwen.  <\/li>\n\n\n\n<li><strong>De doopkapel<\/strong> is een wonder! Een zeldzaam symbool van vroegchristelijke kunst dat een fascinerend inzicht biedt in de vroegste christelijke riten. Het is na Poitiers de oudste stad van Frankrijk.<\/li>\n\n\n\n<li><strong>Het altaarstuk van de Heilige Margaretha<\/strong> in de eerste kapel links in het schip van de Sint Stefanus verbaasde ons. Het wordt toegeschreven aan een 15e-eeuwse schilder uit Nice, Jacopo Durandi. De heilige Margaretha (Margaretha van Antiochi\u00eb) beschermt zwangere vrouwen en mensen met nierproblemen.  <\/li>\n<\/ul>\n\n<figure class=\"wp-block-image size-large\"><img decoding=\"async\" src=\"https:\/\/photos.smugmug.com\/Provence-Lovers\/Fr&#xE9;jus\/n-XwqvJP\/Cath&#xE9;drale-de-Fr&#xE9;jus\/i-dn4FrRx\/0\/FNpctgzX6D7Z8kV8jTwZPtMMXRCq5d5KdvmNFsWNT\/L\/retable-durandi-cathedrale-frejus-L.jpg\" alt=\"Het altaarstuk van Sainte-Marguerite in de kathedraal Saint-L&#xE9;once in Fr&#xE9;jus\"\/><\/figure>\n\n<div style=\"margin-top:8%;margin-bottom:8%\" class=\"wp-block-genesis-blocks-gb-container box gb-block-container\"><div class=\"gb-container-inside\"><div class=\"gb-container-content\" style=\"max-width:700px\">\n<div class=\"wp-block-genesis-blocks-gb-container box_titre gb-block-container\"><div class=\"gb-container-inside\"><div class=\"gb-container-content\">\n<h5 class=\"titre_box\" style=\"padding-top:10px;\">WAAR TE VERBLIJVEN IN <span class=\"titre_box_manuscrit\">Saint-Rapha\u00ebl<\/span><\/h5>\n<\/div><\/div><\/div>\n\n\n\n<hr class=\"wp-block-separator has-text-color has-alpha-channel-opacity has-background is-style-wide hr-box-planif\" style=\"background-color:#ccd3dd;color:#ccd3dd\"\/>\n\n\n\n<div class=\"wp-block-columns box_sans_border is-layout-flex wp-container-core-columns-is-layout-9d6595d7 wp-block-columns-is-layout-flex\">\n<div class=\"wp-block-column texte_planif is-layout-flow wp-block-column-is-layout-flow\" style=\"font-size:14px;flex-basis:60%\">\n<p class=\"option_titre2\"><strong>Optie 1 <\/strong>: Centrum en stranden van Saint-Rapha\u00ebl en Fr\u00e9jus<\/p>\n\n\n\n<p style=\"font-size:14px\">Geniet van de charme van de stadjes en alle restaurants.<br\/>Wij raden aan..:<\/p>\n\n\n\n<ul class=\"ul_box wp-block-list\">\n<li style=\"font-size:14px\"><strong>Hotel Unique<\/strong> &#8211; <a href=\"https:\/\/www.booking.com\/hotel\/fr\/unique-et-residence.html?aid=2319618\" target=\"_blank\" rel=\"noreferrer noopener sponsored nofollow\">prijzen, foto&#8217;s en beschikbaarheid bekijken<\/a><\/li>\n\n\n\n<li style=\"font-size:14px\"><strong>H\u00f4tel Le Touring<\/strong> &#8211; <a href=\"https:\/\/www.booking.com\/hotel\/fr\/le-touring.html?aid=2319618\" target=\"_blank\" rel=\"noreferrer noopener sponsored nofollow\">prijzen, foto&#8217;s en beschikbaarheid bekijken<\/a><\/li>\n<\/ul>\n<\/div>\n\n\n\n<div class=\"wp-block-column is-vertically-aligned-top planif-radius is-layout-flow wp-block-column-is-layout-flow\" style=\"flex-basis:40%\">\n<figure class=\"wp-block-image size-large img-portrait\"><img decoding=\"async\" src=\"https:\/\/photos.smugmug.com\/Provence-Lovers\/Saint-Rapha&#xEB;l\/H&#xF4;tels\/n-Fxgrrn\/Visites\/i-fnxTWz3\/0\/74a1fc6c\/S\/hotel-touring-S.jpg\" alt=\"Hotel Portinari\" title=\"\"\/><\/figure>\n<\/div>\n<\/div>\n\n\n\n<hr class=\"wp-block-separator has-text-color has-alpha-channel-opacity has-background is-style-wide hr-box-planif\" style=\"background-color:#ccd3dd;color:#ccd3dd\"\/>\n\n\n\n<div class=\"wp-block-columns box_sans_border is-layout-flex wp-container-core-columns-is-layout-9d6595d7 wp-block-columns-is-layout-flex\">\n<div class=\"wp-block-column texte_planif is-layout-flow wp-block-column-is-layout-flow\" style=\"font-size:14px;flex-basis:60%\">\n<p class=\"option_titre\"><strong>Optie 2: <\/strong>Langs de kust naar Esterel<\/p>\n\n\n\n<p style=\"font-size:14px\">Aan zee, luxe hotels naast de rode rotsen van het Esterel. Wij raden aan..:<\/p>\n\n\n\n<ul class=\"ul_box wp-block-list\">\n<li style=\"font-size:14px\"><strong>Hotel La Villa Mauresque<\/strong> &#8211; <a href=\"https:\/\/www.booking.com\/hotel\/fr\/la-villa-mauresque.html?aid=2319618\" target=\"_blank\" rel=\"noreferrer noopener sponsored nofollow\">prijzen, foto&#8217;s en beschikbaarheid bekijken<\/a><\/li>\n\n\n\n<li style=\"font-size:14px\"><strong>H\u00f4tel Les Roches Rouges<\/strong> &#8211; <a href=\"https:\/\/www.booking.com\/hotel\/fr\/les-roches-rouges.html?aid=2319618\" target=\"_blank\" rel=\"noreferrer noopener sponsored nofollow\">prijzen, foto&#8217;s en beschikbaarheid bekijken<\/a><\/li>\n<\/ul>\n<\/div>\n\n\n\n<div class=\"wp-block-column is-vertically-aligned-top planif-radius is-layout-flow wp-block-column-is-layout-flow\" style=\"flex-basis:40%\">\n<figure class=\"wp-block-image size-large img-portrait\"><img decoding=\"async\" src=\"https:\/\/photos.smugmug.com\/Provence-Lovers\/Saint-Rapha&#xEB;l\/H&#xF4;tels\/n-Fxgrrn\/H&#xF4;tel-La-Villa-Mauresque\/i-8X8xqFC\/0\/205505d2\/S\/saintrapahel-hotelvillamauresque-piscine-1-S.jpg\" alt=\"Hotel La Jabotte\" title=\"\"\/><\/figure>\n<\/div>\n<\/div>\n\n\n\n<hr class=\"wp-block-separator has-text-color has-alpha-channel-opacity has-background is-style-wide hr-box-planif\" style=\"background-color:#ccd3dd;color:#ccd3dd\"\/>\n\n\n\n<div class=\"wp-block-columns box_sans_border is-layout-flex wp-container-core-columns-is-layout-9d6595d7 wp-block-columns-is-layout-flex\">\n<div class=\"wp-block-column texte_planif is-layout-flow wp-block-column-is-layout-flow\" style=\"flex-basis:60%\">\n<p class=\"option_titre\"><strong>Optie 3: <\/strong>op het platteland<\/p>\n\n\n\n<p style=\"font-size:14px\">Voor meer rust en stilte kunt u genieten van de zee of het platteland, maar toch binnen handbereik van de stad. Wij raden aan..:<\/p>\n\n\n\n<ul class=\"ul_box wp-block-list\">\n<li class=\"ul_box\" style=\"font-size:14px\"><strong>H\u00f4tel Le Confidentiel<\/strong> &#8211; <a href=\"https:\/\/www.booking.com\/hotel\/fr\/hotelsanpedrosaint.html?aid=2319618\">zie prijzen, foto&#8217;s en beschikbaarheid<\/a><\/li>\n\n\n\n<li class=\"ul_box\" style=\"font-size:14px\"><strong>H\u00f4tel la Bastide du Clos des Roses<\/strong> &#8211; <a href=\"https:\/\/www.booking.com\/hotel\/fr\/la-bastide-du-clos-frejus.html?aid=2319618\">zie prijzen, foto&#8217;s en beschikbaarheid<\/a><\/li>\n<\/ul>\n<\/div>\n\n\n\n<div class=\"wp-block-column is-vertically-aligned-top planif-radius is-layout-flow wp-block-column-is-layout-flow\" style=\"flex-basis:40%\">\n<figure class=\"wp-block-image size-large img-portrait\"><img decoding=\"async\" src=\"https:\/\/photos.smugmug.com\/Provence-Lovers\/Saint-Rapha&#xEB;l\/H&#xF4;tels\/n-Fxgrrn\/H&#xF4;tel-Le-Confidentiel\/i-9PX8wfs\/0\/cd032c44\/S\/saintraphael-hotelconfidentiel-piscine-S.jpg\" alt=\"Hotel La Villa Cap\" title=\"\"\/><\/figure>\n<\/div>\n<\/div>\n\n\n\n<p class=\"has-text-align-center\" style=\"font-size:16px\"><a href=\"https:\/\/provencelovers.fr\/nl\/waar-verblijven-saint-raphael-frejus-beste-hotels-wijken\/\" target=\"_blank\" rel=\"noreferrer noopener\">Bekijk onze beoordelingen van de beste hotels in Saint-Rapha\u00ebl<\/a><\/p>\n\n\n\n<div class=\"wp-block-buttons planif_bouton is-content-justification-center is-layout-flex wp-container-core-buttons-is-layout-16018d1d wp-block-buttons-is-layout-flex\">\n<div class=\"wp-block-button has-custom-font-size\" style=\"font-size:14px\"><a class=\"wp-block-button__link has-white-color has-text-color wp-element-button\" href=\"https:\/\/www.booking.com\/searchresults.en.html?city=-1468219&amp;nflt=review_score%253D90%253Breview_score%253D80&amp;aid=2319618&amp;no_rooms=1&amp;group_adults=2\" style=\"border-radius:4px\" target=\"_blank\" rel=\"noreferrer noopener\">Bekijk alle beschikbare accommodaties  <img loading=\"lazy\" decoding=\"async\" width=\"16\" height=\"17\" class=\"wp-image-2851\" style=\"width: 16px;\" src=\"https:\/\/provencelovers.fr\/wp-content\/uploads\/2023\/08\/ArrowRight.webp\" alt=\"\"\/><\/a><\/div>\n<\/div>\n<\/div><\/div><\/div>\n\n<h3 class=\"wp-block-heading\">Geschiedenis in het kort<\/h3>\n\n<p>De kathedraal van Fr\u00e9jus is gewijd aan <strong>Saint-L\u00e9once<\/strong>, die in de 5e eeuw bisschop van de stad was. <strong>Vroegchristelijke<\/strong> kenmerken zijn nog steeds zichtbaar, waaronder de beroemde doopkapel, een van de oudste in Frankrijk en ook de best bewaarde. Het eerste gebouw, waar nu het hoofdschip staat (Notre-Dame schip), werd in dezelfde tijd gebouwd.  <\/p>\n\n<p>Pas in de 11e eeuw verrezen er geleidelijk andere <strong>kerkelijke gebouwen<\/strong> omheen, zoals het klooster en de bisschopsresidentie (het huidige H\u00f4tel de Ville), evenals de parochiekerk, die aan de kathedraal grenst. Dit is de kerk Saint-\u00c9tienne. De samenvoeging van de twee schepen, Notre-Dame en Saint-\u00c9tienne, dateert uit de 14e eeuw.  <\/p>\n\n<figure class=\"wp-block-image size-large\"><img decoding=\"async\" src=\"https:\/\/photos.smugmug.com\/Provence-Lovers\/Fr&#xE9;jus\/n-XwqvJP\/Cath&#xE9;drale-de-Fr&#xE9;jus\/i-m38pVG6\/0\/wb44fchwzc5vL8BRg99B8mRNv9cb65nnn9CV8mWz\/L\/orgue-voute-cathedrale-frejus-L.jpg\" alt=\"Het orgel van de kathedraal van Fr&#xE9;jus\"\/><\/figure>\n\n<p>Tegelijkertijd werd de stad Fr\u00e9jus versterkt. De bisschoppelijke groep wordt ook beschermd door een dikke muur met reli\u00ebf, die wordt voltooid door een <strong>hoge toren met kantelen<\/strong> en machicoulis. In de loop van de tijd werden er andere wijzigingen uitgevoerd, met name de integratie van gotische elementen in dit gebouw van middeleeuwse oorsprong, zoals de openingen aan de zuidkant.<\/p>\n\n<p>De kathedraal van Fr\u00e9jus staat sinds 1862 <strong>op de monumentenlijst<\/strong>. Lees <a href=\"https:\/\/www.pop.culture.gouv.fr\/notice\/merimee\/PA00081606\" target=\"_blank\" rel=\"noreferrer noopener nofollow\">hier<\/a> meer.<\/p>\n\n<figure class=\"wp-block-image size-large\"><img decoding=\"async\" src=\"https:\/\/photos.smugmug.com\/Provence-Lovers\/Fr&#xE9;jus\/n-XwqvJP\/Cath&#xE9;drale-de-Fr&#xE9;jus\/i-xC8frnd\/0\/LGdcmVKpbnJpvrndn6Tk4xNcMnJSnTRKtJGBBXKh\/L\/tour-clocher-cathedrale-frejus-L.jpg\" alt=\"toren en klokkentoren van de Saint-L&#xE9;once kathedraal in Fr&#xE9;jus\"\/><\/figure>\n\n<h2 class=\"wp-block-heading\">Toegang: Kathedraal Saint-L\u00e9once, Fr\u00e9jus<\/h2>\n\n<h3 class=\"wp-block-heading\">Waar is de kathedraal?<\/h3>\n\n<p>De kathedraal van Fr\u00e9jus ligt aan de Place Camille Formig\u00e9, in het centrum van Fr\u00e9jus (83600).<\/p>\n\n<p>Het ligt op de hoogten van de stad, direct naast het stadhuis en op slechts een paar minuten lopen van het VVV-kantoor.<\/p>\n\n<div style=\"margin-top:8%;margin-bottom:8%\" class=\"wp-block-genesis-blocks-gb-container box gb-block-container\"><div class=\"gb-container-inside\"><div class=\"gb-container-content\">\n<div class=\"wp-block-columns inverse box_planif is-layout-flex wp-container-core-columns-is-layout-9d6595d7 wp-block-columns-is-layout-flex\">\n<div class=\"wp-block-column texte_planif is-layout-flow wp-block-column-is-layout-flow\" style=\"flex-basis:58%\">\n<h5 class=\"titre_box\">ONZE TIPS VOOR HET HUREN VAN UW AUTO IN <span class=\"titre_box_manuscrit\">\nProvence<\/span><\/h5>\n\n\n\n<ul class=\"liste_voiture wp-block-list\" style=\"font-size:14px\">\n<li>Vergelijk prijzen op ons favoriete platform: <a href=\"https:\/\/www.discovercars.com\/nl\/france?a_aid=zigzag&amp;chan=PL\" target=\"_blank\" rel=\"noreferrer noopener sponsored nofollow\">DiscoverCars<\/a> &#8211; een van de best beoordeelde sites.<\/li>\n\n\n\n<li>Kies een <strong>auto die krachtig genoeg <\/strong> is (de wegen zijn steil) maar <strong>compact<\/strong> (sommige doorgangen zijn smal).<\/li>\n\n\n\n<li>Overweeg<strong>een volledige verzekering<\/strong> (sommige wegen zijn bochtig en smal).<\/li>\n\n\n\n<li>Er is veel vraag naar, dus <strong>boek vroeg<\/strong>.<\/li>\n<\/ul>\n<\/div>\n\n\n\n<div class=\"wp-block-column planif-radius-3 is-layout-flow wp-block-column-is-layout-flow\" style=\"flex-basis:42%\">\n<figure class=\"wp-block-image size-full is-resized\"><img loading=\"lazy\" decoding=\"async\" width=\"421\" height=\"533\" src=\"https:\/\/provencelovers.fr\/wp-content\/uploads\/2023\/05\/Vieux-Nice-ruelle-L.png\" alt=\"\" class=\"wp-image-1302\" title=\"\" srcset=\"https:\/\/provencelovers.fr\/wp-content\/uploads\/2023\/05\/Vieux-Nice-ruelle-L.png 421w, https:\/\/provencelovers.fr\/wp-content\/uploads\/2023\/05\/Vieux-Nice-ruelle-L-237x300.png 237w\" sizes=\"auto, (max-width: 421px) 100vw, 421px\" \/><\/figure>\n<\/div>\n<\/div>\n\n\n\n<div class=\"wp-block-columns planif_bouton is-layout-flex wp-container-core-columns-is-layout-9d6595d7 wp-block-columns-is-layout-flex\">\n<div class=\"wp-block-column is-layout-flow wp-block-column-is-layout-flow\" style=\"flex-basis:50%\">\n<div class=\"wp-block-buttons is-content-justification-center is-layout-flex wp-container-core-buttons-is-layout-16018d1d wp-block-buttons-is-layout-flex\">\n<div class=\"wp-block-button has-custom-font-size\" style=\"font-size:14px\"><a class=\"wp-block-button__link has-white-color has-text-color wp-element-button\" href=\"https:\/\/www.discovercars.com\/nl\/france?a_aid=zigzag&amp;amp;chan=PL\" style=\"border-radius:4px\" target=\"_blank\" rel=\"noreferrer noopener\">Bekijk de auto&#8217;s<img loading=\"lazy\" decoding=\"async\" width=\"16\" height=\"17\" class=\"wp-image-2851\" style=\"width: 16px;\" src=\"https:\/\/provencelovers.fr\/wp-content\/uploads\/2023\/08\/ArrowRight.webp\" alt=\"\"\/><\/a><\/div>\n<\/div>\n<\/div>\n\n\n\n<div class=\"wp-block-column is-vertically-aligned-center is-layout-flow wp-block-column-is-layout-flow\" style=\"flex-basis:50%\">\n<p class=\"has-text-align-center\" style=\"font-size:14px\"><strong><a href=\"https:\/\/provencelovers.fr\/nl\/een-auto-huren-provence\/\">Bekijk onze tips<\/a><\/strong><\/p>\n<\/div>\n<\/div>\n<\/div><\/div><\/div>\n\n<h3 class=\"wp-block-heading\">Hoe komt u daar?<\/h3>\n\n<p>Er zijn verschillende opties om bij de kathedraal van Saint-L\u00e9once te komen:<\/p>\n\n<ul class=\"wp-block-list\">\n<li>Met de auto: de camping is goed aangegeven en gemakkelijk te bereiken, maar het verkeer kan druk zijn (vooral in de zomer) en\/of gehinderd (op marktdagen: woensdag- en zaterdagochtend).<\/li>\n\n\n\n<li>Met de fiets: parkeergelegenheid voor tweewielers op 50 meter van het monument.<\/li>\n\n\n\n<li>Met de bus: vanaf het busstation van Fr\u00e9jus is het 5 minuten lopen.<\/li>\n\n\n\n<li>Met de trein: vanaf het SNCF-station van Fr\u00e9jus is het 7 minuten lopen.<\/li>\n<\/ul>\n\n<figure class=\"wp-block-image size-large\"><img decoding=\"async\" src=\"https:\/\/photos.smugmug.com\/Provence-Lovers\/Fr&#xE9;jus\/n-XwqvJP\/Cath&#xE9;drale-de-Fr&#xE9;jus\/i-t7Hczzh\/0\/bhSnhSFgbvFWtSFhDGvBn9ddCctsGdHV7r3hVZ2R\/L\/panneau-indicateur-cathedrale-frejus-L.jpg\" alt=\"wegwijzer voor de kathedraal Saint-L&#xE9;once in Fr&#xE9;jus\"\/><\/figure>\n\n<h3 class=\"wp-block-heading\">Parkeerplaats<\/h3>\n\n<p>Er zijn genoeg parkeergarages in Fr\u00e9jus. De dichtstbijzijnde parkeerplaats bij de kathedraal is de <strong>Parking Paul Vernet<\/strong>. Tijdens ons bezoek lieten we onze auto iets verderop staan op de <strong>parkeerplaats Clos de la Tour<\/strong>, vlakbij het busstation.  <br\/>Het <strong>eerste 1\/2 uur is gratis<\/strong> in beide parkeergarages. Lees <a href=\"https:\/\/provence-alpes-cotedazur.com\/sejourner\/informations-pratiques\/tous-les-services-pratiques\/\" target=\"_blank\" rel=\"noreferrer noopener nofollow\">hier<\/a> meer.<\/p>\n\n<figure class=\"wp-block-image size-large\"><img decoding=\"async\" src=\"https:\/\/photos.smugmug.com\/Provence-Lovers\/Fr&#xE9;jus\/n-XwqvJP\/Cath&#xE9;drale-de-Fr&#xE9;jus\/i-QQRWTvX\/0\/CJ4pT6Qjs9FBqV3ddkj3jzttfS248cc6Cb6cjZGzc\/L\/panneaux-parkings-cathedrale-frejus-L.jpg\" alt=\"Borden voor parkeerplaatsen Fr&#xE9;jus\"\/><\/figure>\n\n<div class=\"wp-block-group\"><div class=\"wp-block-group__inner-container is-layout-constrained wp-block-group-is-layout-constrained\">\n<div style=\"margin-top:8%;margin-bottom:8%\" class=\"wp-block-genesis-blocks-gb-container box gb-block-container\"><div class=\"gb-container-inside\"><div class=\"gb-container-content\">\n<div class=\"wp-block-columns inverse is-layout-flex wp-container-core-columns-is-layout-9d6595d7 wp-block-columns-is-layout-flex\">\n<div class=\"wp-block-column texte_planif is-layout-flow wp-block-column-is-layout-flow\" style=\"flex-basis:58%\">\n<h5 class=\"titre_box\">PLAN UW VERBLIJF IN <span class=\"titre_box_manuscrit\">Saint-Rapha\u00ebl<\/span><\/h5>\n\n\n\n<ul class=\"wp-block-list\">\n<li style=\"font-size:14px\"><a href=\"https:\/\/provencelovers.fr\/nl\/bezienswaardigheden-saint-raphael-bezoeken\/\" target=\"_blank\" rel=\"noreferrer noopener\">Bezienswaardigheden in Saint-Rapha\u00ebl<\/a><\/li>\n\n\n\n<li style=\"font-size:14px\"><a href=\"https:\/\/provencelovers.fr\/nl\/waar-verblijven-saint-raphael-frejus-beste-hotels-wijken\/\" target=\"_blank\" rel=\"noreferrer noopener\">Beste hotels om te verblijven in Saint-Rapha\u00ebl<\/a><\/li>\n\n\n\n<li style=\"font-size:14px\"><a href=\"https:\/\/provencelovers.fr\/nl\/beste-restaurant-saint-raphael-frejus-eten-beoorderlingen\/\" target=\"_blank\" rel=\"noreferrer noopener\">Beste restaurants<\/a><\/li>\n\n\n\n<li style=\"font-size:14px\"><a href=\"https:\/\/provencelovers.fr\/nl\/mooiste-stranden-saint-raphael\/\" target=\"_blank\" rel=\"noreferrer noopener\">De beste stranden in Saint-Rapha\u00ebl<\/a><\/li>\n<\/ul>\n<\/div>\n\n\n\n<div class=\"wp-block-column ville-radius is-layout-flow wp-block-column-is-layout-flow\" style=\"flex-basis:42%\">\n<figure class=\"wp-block-image size-large is-resized img-portrait\"><img decoding=\"async\" src=\"https:\/\/photos.smugmug.com\/Provence-Lovers\/Best-of\/n-PbwqvZ\/Villes\/i-X4S9ppZ\/0\/2d9accd7\/S\/Saint_Raphael-S.jpg\" alt=\"Saint-Rapha&#xEB;l\" style=\"object-fit:contain;width:319px;height:303px\" title=\"\"\/><\/figure>\n<\/div>\n<\/div>\n<\/div><\/div><\/div>\n<\/div><\/div>\n\n<h2 class=\"wp-block-heading\">Nuttige tips: duur, tijdschema&#8217;s, eten&#8230;<\/h2>\n\n<h3 class=\"wp-block-heading\">Beste tijd om te bezoeken <\/h3>\n\n<p>De kathedraal kan op elk moment van de dag bezocht worden. De frisheid is vooral aangenaam op het heetst van de dag. Toch is een bezoek in de ochtend een garantie voor rust. Hoe dan ook, het is het beste om servicetijd te vermijden.  <\/p>\n\n<p>In de kathedraal worden ook enkele uitzonderlijke <strong>orgelconcerten<\/strong> gehouden. De Vrienden van de Kathedraal van Fr\u00e9jus organiseren het hele jaar door een aantal concerten. Bekijk het programma <a href=\"https:\/\/www.amis-cathedrale-frejus.fr\/\" target=\"_blank\" rel=\"noreferrer noopener nofollow\">hier<\/a>.<\/p>\n\n<figure class=\"wp-block-image size-large\"><img decoding=\"async\" src=\"https:\/\/photos.smugmug.com\/Provence-Lovers\/Fr&#xE9;jus\/n-XwqvJP\/Cath&#xE9;drale-de-Fr&#xE9;jus\/i-gfc4sXp\/0\/D9nfjx48rrrn3TjdkxFrkdjcJzHkvNKQtGBHZBfWd\/L\/nef-notre-dame-cathedrale-frejus-L.jpg\" alt=\"Notre-Dame schip van de Saint-L&#xE9;once kathedraal in Fr&#xE9;jus\"\/><\/figure>\n\n<h3 class=\"wp-block-heading\">Duur van het bezoek en belangrijkste moeilijkheden<\/h3>\n\n<p>Reken tussen de <strong>15 en 45 minuten<\/strong> voor een bezoek aan de kathedraal.  <br\/>15 tot 45 minuten voor het klooster als u uw bezoek wilt uitbreiden.<\/p>\n\n<p>Eenmaal door de toegangspoorten, moet u een trap afdalen om de luchtsluis van de kathedraal te bereiken. Het is daarom niet toegankelijk voor mensen met beperkte mobiliteit. Net als de doopkapel.<\/p>\n\n<p>Er zijn echter speciale hulpmiddelen beschikbaar voor gehandicapte bezoekers van het klooster. Lees <a href=\"https:\/\/www.cloitre-frejus.fr\/visiter\/visiteurs-en-situation-de-handicap\" target=\"_blank\" rel=\"noreferrer noopener nofollow\">hier<\/a> meer.<\/p>\n\n<figure class=\"wp-block-image size-large\"><img decoding=\"async\" src=\"https:\/\/photos.smugmug.com\/Provence-Lovers\/Fr&#xE9;jus\/n-XwqvJP\/Cath&#xE9;drale-de-Fr&#xE9;jus\/i-pSsdvcn\/0\/D8znjRkCqcCnts5J2584ffqm9B9SNNPFV9vKFCJ3\/L\/escalier-cathedrale-frejus-L.jpg\" alt=\"Trappen van de kathedraal Saint-L&#xE9;once in Fr&#xE9;jus\"\/><\/figure>\n\n<h3 class=\"wp-block-heading\">Advies voor een bezoek<\/h3>\n\n<p>Nadat we de kathedraal waren binnengegaan, gingen we eerst links de doopkapel binnen voordat we rechts onder de narthex (een soort vestibule) doorgingen die toegang geeft tot het schip van de Notre-Dame.<\/p>\n\n<p>Van daaruit liepen we links het schip van Saint-\u00c9tienne op om de kunstwerken aan de noordkant van het gebouw te bewonderen. We keerden terug naar de uitgang via het schip van de Notre-Dame, waar een monumentaal orgel in de Italiaanse traditie troont.<\/p>\n\n<figure class=\"wp-block-image size-large\"><img decoding=\"async\" src=\"https:\/\/photos.smugmug.com\/Provence-Lovers\/Fr&#xE9;jus\/n-XwqvJP\/Cath&#xE9;drale-de-Fr&#xE9;jus\/i-TNtGDNS\/0\/DVckP4DjdcGfWNgfPgXnXrSpZBDknmv2wk6PSvZHf\/L\/plan-groupe-episcopal-frejus-L.jpg\" alt=\"Kaart van de bisschoppelijke groep van Fr&#xE9;jus\"\/><figcaption class=\"wp-element-caption\">Kaart van de bisschoppelijke groep<\/figcaption><\/figure>\n\n<div style=\"background-color:#fefefe;margin-top:6%;margin-bottom:6%\" class=\"wp-block-genesis-blocks-gb-container box gb-block-container\"><div class=\"gb-container-inside\"><div class=\"gb-container-content\" style=\"max-width:700px\">\n<div class=\"wp-block-columns inverse is-layout-flex wp-container-core-columns-is-layout-9d6595d7 wp-block-columns-is-layout-flex\">\n<div class=\"wp-block-column texte_planif is-layout-flow wp-block-column-is-layout-flow\" style=\"flex-basis:58%\">\n<h5 class=\"titre_box\">EEN BEETJE MEER <span class=\"titre_box_manuscrit\">geduld<\/span><\/h5>\n\n\n\n<p style=\"font-size:14px\">Alle foto&#8217;s, kaarten, informatie, goede adressen om <strong>uw verblijf in de Provence<\/strong> tot een succes te maken, worden <strong>binnenkort verzameld<\/strong> in \u00e9\u00e9n ebook!<\/p>\n\n\n\n<p style=\"font-size:14px\">Als u op de hoogte wilt blijven van de publicatie van onze <strong>gids over de Provence<\/strong>, kunt u zich inschrijven:<\/p>\n\n\n<script>\nvar gform;gform||(document.addEventListener(\"gform_main_scripts_loaded\",function(){gform.scriptsLoaded=!0}),document.addEventListener(\"gform\/theme\/scripts_loaded\",function(){gform.themeScriptsLoaded=!0}),window.addEventListener(\"DOMContentLoaded\",function(){gform.domLoaded=!0}),gform={domLoaded:!1,scriptsLoaded:!1,themeScriptsLoaded:!1,isFormEditor:()=>\"function\"==typeof InitializeEditor,callIfLoaded:function(o){return!(!gform.domLoaded||!gform.scriptsLoaded||!gform.themeScriptsLoaded&&!gform.isFormEditor()||(gform.isFormEditor()&&console.warn(\"The use of gform.initializeOnLoaded() is deprecated in the form editor context and will be removed in Gravity Forms 3.1.\"),o(),0))},initializeOnLoaded:function(o){gform.callIfLoaded(o)||(document.addEventListener(\"gform_main_scripts_loaded\",()=>{gform.scriptsLoaded=!0,gform.callIfLoaded(o)}),document.addEventListener(\"gform\/theme\/scripts_loaded\",()=>{gform.themeScriptsLoaded=!0,gform.callIfLoaded(o)}),window.addEventListener(\"DOMContentLoaded\",()=>{gform.domLoaded=!0,gform.callIfLoaded(o)}))},hooks:{action:{},filter:{}},addAction:function(o,r,e,t){gform.addHook(\"action\",o,r,e,t)},addFilter:function(o,r,e,t){gform.addHook(\"filter\",o,r,e,t)},doAction:function(o){gform.doHook(\"action\",o,arguments)},applyFilters:function(o){return gform.doHook(\"filter\",o,arguments)},removeAction:function(o,r){gform.removeHook(\"action\",o,r)},removeFilter:function(o,r,e){gform.removeHook(\"filter\",o,r,e)},addHook:function(o,r,e,t,n){null==gform.hooks[o][r]&&(gform.hooks[o][r]=[]);var d=gform.hooks[o][r];null==n&&(n=r+\"_\"+d.length),gform.hooks[o][r].push({tag:n,callable:e,priority:t=null==t?10:t})},doHook:function(r,o,e){var t;if(e=Array.prototype.slice.call(e,1),null!=gform.hooks[r][o]&&((o=gform.hooks[r][o]).sort(function(o,r){return o.priority-r.priority}),o.forEach(function(o){\"function\"!=typeof(t=o.callable)&&(t=window[t]),\"action\"==r?t.apply(null,e):e[0]=t.apply(null,e)})),\"filter\"==r)return e[0]},removeHook:function(o,r,t,n){var e;null!=gform.hooks[o][r]&&(e=(e=gform.hooks[o][r]).filter(function(o,r,e){return!!(null!=n&&n!=o.tag||null!=t&&t!=o.priority)}),gform.hooks[o][r]=e)}});\n<\/script>\n\n                <div class='gf_browser_gecko gform_wrapper gravity-theme gform-theme--no-framework waitlist_wrapper' data-form-theme='gravity-theme' data-form-index='0' id='gform_wrapper_3' ><form method='post' enctype='multipart\/form-data'  id='gform_3' class='waitlist' action='\/nl\/wp-json\/wp\/v2\/posts\/9892' data-formid='3' novalidate> \r\n <input type='hidden' class='gforms-pum' value='{\"closepopup\":false,\"closedelay\":0,\"openpopup\":false,\"openpopup_id\":0}' \/>\n                        <div class='gform-body gform_body'><div id='gform_fields_3' class='gform_fields top_label form_sublabel_below description_below validation_below'><div id=\"field_3_3\" class=\"gfield gfield--type-honeypot gform_validation_container field_sublabel_below gfield--has-description field_description_below field_validation_below gfield_visibility_visible\"  ><label class='gfield_label gform-field-label' for='input_3_3'>Email<\/label><div class='ginput_container'><input name='input_3' id='input_3_3' type='text' value='' autocomplete='new-password'\/><\/div><div class='gfield_description' id='gfield_description_3_3'>Dit veld is bedoeld voor validatiedoeleinden en moet niet worden gewijzigd.<\/div><\/div><div id=\"field_3_2\" class=\"gfield gfield--type-website gfield--input-type-website gfield--width-full field_sublabel_below gfield--no-description field_description_below field_validation_below gfield_visibility_hidden\"  ><div class=\"admin-hidden-markup\"><i class=\"gform-icon gform-icon--hidden\" aria-hidden=\"true\" title=\"Dit veld is verborgen bij het bekijken van het formulier\"><\/i><span>Dit veld is verborgen bij het bekijken van het formulier<\/span><\/div><label class='gfield_label gform-field-label' for='input_3_2'>Site Web<\/label><div class='ginput_container ginput_container_website'>\n                    <input name='input_2' id='input_3_2' type='url' value='https:\/\/provencelovers.fr\/nl\/wp-json\/wp\/v2\/posts\/9892' class='large'    placeholder='https:\/\/'  aria-invalid=\"false\" \/>\n                <\/div><\/div><div id=\"field_3_1\" class=\"gfield gfield--type-email gfield--input-type-email gfield--width-full field_sublabel_below gfield--no-description field_description_below hidden_label field_validation_below gfield_visibility_visible\"  ><label class='gfield_label gform-field-label' for='input_3_1'>E-mail<\/label><div class='ginput_container ginput_container_email'>\n                            <input name='input_1' id='input_3_1' type='email' value='votre e-mail' class='large'     aria-invalid=\"false\"  \/>\n                        <\/div><\/div><\/div><\/div>\n        <div class='gform-footer gform_footer top_label'> <input type='submit' id='gform_submit_button_3' class='gform_button button' onclick='gform.submission.handleButtonClick(this);' data-submission-type='submit' value='Aanmelden'  \/> \n            <input type='hidden' class='gform_hidden' name='gform_submission_method' data-js='gform_submission_method_3' value='postback' \/>\n            <input type='hidden' class='gform_hidden' name='gform_theme' data-js='gform_theme_3' id='gform_theme_3' value='gravity-theme' \/>\n            <input type='hidden' class='gform_hidden' name='gform_style_settings' data-js='gform_style_settings_3' id='gform_style_settings_3' value='{&quot;inputPrimaryColor&quot;:&quot;#204ce5&quot;}' \/>\n            <input type='hidden' class='gform_hidden' name='is_submit_3' value='1' \/>\n            <input type='hidden' class='gform_hidden' name='gform_submit' value='3' \/>\n            \n            <input type='hidden' class='gform_hidden' name='gform_currency' data-currency='EUR' value='\/3tzyHE7AzU9G5lhUZOxkbs146WK8mJtLwg5vBYlETpzvnLkhcU+GQDtFegUbsAcbEWF0ZazQskxMDnL6\/5gkGpRDz0j6o7cHvwykQU8\/og3i98=' \/>\n            <input type='hidden' class='gform_hidden' name='gform_unique_id' value='' \/>\n            <input type='hidden' class='gform_hidden' name='state_3' value='WyJbXSIsImZmMDY0ZWJkMmU3ZDZhZTc3YTc4MDBiNDgyNDcwNGVlIl0=' \/>\n            <input type='hidden' autocomplete='off' class='gform_hidden' name='gform_target_page_number_3' id='gform_target_page_number_3' value='0' \/>\n            <input type='hidden' autocomplete='off' class='gform_hidden' name='gform_source_page_number_3' id='gform_source_page_number_3' value='1' \/>\n            <input type='hidden' name='gform_field_values' value='' \/>\n            \n        <\/div>\n                        <\/form>\n                        <\/div><script>\ngform.initializeOnLoaded( function() {gformInitSpinner( 3, 'https:\/\/provencelovers.fr\/wp-content\/plugins\/gravityforms\/images\/spinner.svg', true );jQuery('#gform_ajax_frame_3').on('load',function(){var contents = jQuery(this).contents().find('*').html();var is_postback = contents.indexOf('GF_AJAX_POSTBACK') >= 0;if(!is_postback){return;}var form_content = jQuery(this).contents().find('#gform_wrapper_3');var is_confirmation = jQuery(this).contents().find('#gform_confirmation_wrapper_3').length > 0;var is_redirect = contents.indexOf('gformRedirect(){') >= 0;var is_form = form_content.length > 0 && ! is_redirect && ! is_confirmation;var mt = parseInt(jQuery('html').css('margin-top'), 10) + parseInt(jQuery('body').css('margin-top'), 10) + 100;if(is_form){jQuery('#gform_wrapper_3').html(form_content.html());if(form_content.hasClass('gform_validation_error')){jQuery('#gform_wrapper_3').addClass('gform_validation_error');} else {jQuery('#gform_wrapper_3').removeClass('gform_validation_error');}setTimeout( function() { \/* delay the scroll by 50 milliseconds to fix a bug in chrome *\/  }, 50 );if(window['gformInitDatepicker']) {gformInitDatepicker();}if(window['gformInitPriceFields']) {gformInitPriceFields();}var current_page = jQuery('#gform_source_page_number_3').val();gformInitSpinner( 3, 'https:\/\/provencelovers.fr\/wp-content\/plugins\/gravityforms\/images\/spinner.svg', true );jQuery(document).trigger('gform_page_loaded', [3, current_page]);window['gf_submitting_3'] = false;}else if(!is_redirect){var confirmation_content = jQuery(this).contents().find('.GF_AJAX_POSTBACK').html();if(!confirmation_content){confirmation_content = contents;}jQuery('#gform_wrapper_3').replaceWith(confirmation_content);jQuery(document).trigger('gform_confirmation_loaded', [3]);window['gf_submitting_3'] = false;wp.a11y.speak(jQuery('#gform_confirmation_message_3').text());}else{jQuery('#gform_3').append(contents);if(window['gformRedirect']) {gformRedirect();}}jQuery(document).trigger(\"gform_pre_post_render\", [{ formId: \"3\", currentPage: \"current_page\", abort: function() { this.preventDefault(); } }]);        if (event && event.defaultPrevented) {                return;        }        const gformWrapperDiv = document.getElementById( \"gform_wrapper_3\" );        if ( gformWrapperDiv ) {            const visibilitySpan = document.createElement( \"span\" );            visibilitySpan.id = \"gform_visibility_test_3\";            gformWrapperDiv.insertAdjacentElement( \"afterend\", visibilitySpan );        }        const visibilityTestDiv = document.getElementById( \"gform_visibility_test_3\" );        let postRenderFired = false;        function triggerPostRender() {            if ( postRenderFired ) {                return;            }            postRenderFired = true;            gform.core.triggerPostRenderEvents( 3, current_page );            if ( visibilityTestDiv ) {                visibilityTestDiv.parentNode.removeChild( visibilityTestDiv );            }        }        function debounce( func, wait, immediate ) {            var timeout;            return function() {                var context = this, args = arguments;                var later = function() {                    timeout = null;                    if ( !immediate ) func.apply( context, args );                };                var callNow = immediate && !timeout;                clearTimeout( timeout );                timeout = setTimeout( later, wait );                if ( callNow ) func.apply( context, args );            };        }        const debouncedTriggerPostRender = debounce( function() {            triggerPostRender();        }, 200 );        if ( visibilityTestDiv && visibilityTestDiv.offsetParent === null ) {            const observer = new MutationObserver( ( mutations ) => {                mutations.forEach( ( mutation ) => {                    if ( mutation.type === 'attributes' && visibilityTestDiv.offsetParent !== null ) {                        debouncedTriggerPostRender();                        observer.disconnect();                    }                });            });            observer.observe( document.body, {                attributes: true,                childList: false,                subtree: true,                attributeFilter: [ 'style', 'class' ],            });        } else {            triggerPostRender();        }    } );} );\n<\/script>\n<\/div>\n\n\n\n<div class=\"wp-block-column is-layout-flow wp-block-column-is-layout-flow\" style=\"flex-basis:42%\">\n<div class=\"wp-block-genesis-blocks-gb-container ebook-radius-waitlist gb-block-container\"><div class=\"gb-container-inside\"><div class=\"gb-container-content\"><div class=\"wp-block-image ebook-image\">\n<figure class=\"aligncenter size-large\"><img decoding=\"async\" src=\"https:\/\/loirelovers.fr\/wp-content\/uploads\/2023\/03\/ebooks_CorseNormandie_FR.png\" alt=\"Box Ebook Corsica FR\"\/><\/figure>\n<\/div><\/div><\/div><\/div>\n<\/div>\n<\/div>\n<\/div><\/div><\/div>\n\n<h3 class=\"wp-block-heading\">Dienstregeling en prijzen<\/h3>\n\n<p>Toegang tot en rondleidingen door de kathedraal zijn <strong>helemaal gratis<\/strong>.<\/p>\n\n<p><strong>De kathedraal is het hele jaar door<\/strong> op de volgende tijden geopend:<\/p>\n\n<ul class=\"wp-block-list\">\n<li>Zondag en maandag: 8.30 &#8211; 18.30 uur<\/li>\n\n\n\n<li>Dinsdag, woensdag, donderdag, vrijdag, zaterdag: 8.30 &#8211; 19.00 uur<\/li>\n<\/ul>\n\n<p><strong>Het klooster<\/strong> is open:<\/p>\n\n<ul class=\"wp-block-list\">\n<li><strong>Van 28 april tot 31 augustus<\/strong>: 10.00 &#8211; 18.00 uur<\/li>\n\n\n\n<li><strong>Van 1 september tot 27 april<\/strong>: 10.00 &#8211; 13.00 uur en 14.00 &#8211; 17.00 uur<\/li>\n<\/ul>\n\n<p>Het klooster is op maandag gesloten.<\/p>\n\n<p><strong>Prijs<\/strong>: \u20ac7<br\/>Bekijk <a href=\"https:\/\/www.cloitre-frejus.fr\/visiter\/informations-pratiques#tarifs\" target=\"_blank\" rel=\"noreferrer noopener nofollow\">hier<\/a> de voorwaarden voor gratis toegang.<\/p>\n\n<p>U kunt uw ticket vandaag nog <a href=\"https:\/\/tickets.monuments-nationaux.fr\/fr-FR\/produits\" target=\"_blank\" rel=\"noreferrer noopener nofollow\">hier<\/a> boeken.<\/p>\n\n<figure class=\"wp-block-image size-large\"><img decoding=\"async\" src=\"https:\/\/photos.smugmug.com\/Provence-Lovers\/Fr&#xE9;jus\/n-XwqvJP\/Cath&#xE9;drale-de-Fr&#xE9;jus\/i-jFJqKBq\/0\/3kPw5qsFVGsfvjJkVLGcRt25Ft9GNzQ9PDJgSXHf\/L\/entree-cloitre-frejus-L.jpg\" alt=\"Ingang tot het klooster van Fr&#xE9;jus\"\/><\/figure>\n\n<h3 class=\"wp-block-heading\">Rondleidingen<\/h3>\n\n<p>Er is geen rondleiding in de kathedraal. Maar ze kunnen wel gebruikt worden om het klooster te verkennen. Ze duren 45 minuten, zonder extra kosten voor u. U hoeft zich alleen maar bij aankomst bij de receptie te registreren. Bezoekdocumenten zijn ook beschikbaar in 7 talen.  <\/p>\n\n<h3 class=\"wp-block-heading\">Restaurants in de buurt<\/h3>\n\n<p>Er zijn genoeg restaurants in het centrum van Fr\u00e9jus, maar wij besloten om in de haven te gaan eten, op ongeveer 30 minuten lopen, om onze eetlust op te wekken.  <\/p>\n\n<p><strong>La Cr\u00eaperie de Ga\u00eblle<\/strong> biedt een doorlopende service. We genoten van een galette op het terras aan het water, met een adembenemend uitzicht op de zeilboten.<\/p>\n\n<p>Ons artikel over waar te eten in Fr\u00e9jus en Saint-Rapha\u00ebl zal zeer binnenkort beschikbaar zijn.<\/p>\n\n<figure class=\"wp-block-image size-large\"><img decoding=\"async\" src=\"https:\/\/photos.smugmug.com\/Provence-Lovers\/Fr&#xE9;jus\/n-XwqvJP\/Cath&#xE9;drale-de-Fr&#xE9;jus\/i-TbVqDdT\/0\/C3bTwLTXf4NF7zLfjf97nrLhhD8nvR2LLdFzC2GkB\/L\/creperie-gaelle-frejus-L.jpg\" alt=\"Ga&#xEB;lle's cr&#xEA;perie Fr&#xE9;jus\"\/><\/figure>\n\n<h2 class=\"wp-block-heading\">Begin van de rondleiding: de buitenkant van de bisschopsstad Fr\u00e9jus<\/h2>\n\n<p>Het eerste dat ons opviel boven de roze massa van de gevels van het gebouw was de campanile-achtige klokkentoren die in het midden oprijst.<\/p>\n\n<h3 class=\"wp-block-heading\">De kleurrijke gevels en de klokkentoren met meerdere verdiepingen<\/h3>\n\n<p>We hielden van de zeer minerale sfeer van de <strong>gevels van<\/strong> de kathedraal van Fr\u00e9jus. Het ruwe, rozige steenwerk contrasteert met de okerkleurige bepleistering van het stadhuis (de voormalige bisschoppelijke residentie). Het hele complex is ingericht in de typische kleuren van Proven\u00e7aalse gebouwen, met een vleugje Italiaanse invloed.<\/p>\n\n<figure class=\"wp-block-image size-large\"><img decoding=\"async\" src=\"https:\/\/photos.smugmug.com\/Provence-Lovers\/Fr&#xE9;jus\/n-XwqvJP\/Cath&#xE9;drale-de-Fr&#xE9;jus\/i-ZVzWn9s\/0\/FcTNgKkk3VbX44DXsTwG2qnfcWDpMSDPWHTSDxNSB\/L\/facade-ouest-cathedrale-frejus-L.jpg\" alt=\"Oostgevel van de kathedraal van Fr&#xE9;jus\"\/><\/figure>\n\n<p><strong>De klokkentoren<\/strong> dateert uit de 13e eeuw. De gouden weerspiegelingen van het <strong>kegelvormige dak<\/strong> betoverden ons. Ze zijn het resultaat van een slim moza\u00efek van gele en groene tegels. Het rust op een 16e-eeuws <strong>achthoekig geraamte<\/strong>, dat op zijn beurt op een oudere <strong>vierkante fundering<\/strong> rust. In de klokkentoren hangen 4 klokken. E\u00e9n van hen heette Saint-L\u00e9once. Het werd in 1303 geschonken door paus Johannes XXIII.  <\/p>\n\n<figure class=\"wp-block-image size-large\"><img decoding=\"async\" src=\"https:\/\/photos.smugmug.com\/Provence-Lovers\/Fr&#xE9;jus\/n-XwqvJP\/Cath&#xE9;drale-de-Fr&#xE9;jus\/i-TFPPbDn\/0\/DhSwJDrXfspvwBxH2vSbfXb45fsVJXFHqcBsWGdLd\/L\/clocher-cathedrale-frejus-L.jpg\" alt=\"Klokkentoren van de kathedraal van Fr&#xE9;jus\"\/><\/figure>\n\n<h3 class=\"wp-block-heading\"><br\/>Het gotische portaal  <\/h3>\n\n<p>De Romaanse openingen van de doopkapel en klokkentoren bestaan naast de gotische stijl van het <strong>ingangsportaal<\/strong> van de kathedraal. Het werd doorboord tijdens de Renaissance. We waren vooral ge\u00efnteresseerd in de gebeeldhouwde details van de bovendorpel. Het is gedateerd op 1 april 1530 en is waarschijnlijk het werk van de kunstenaar Jacopo Durandi uit Nice. Het wordt bekroond met prachtige kruisvensters.  <\/p>\n\n<figure class=\"wp-block-image size-large\"><img decoding=\"async\" src=\"https:\/\/photos.smugmug.com\/Provence-Lovers\/Fr&#xE9;jus\/n-XwqvJP\/Cath&#xE9;drale-de-Fr&#xE9;jus\/i-qksN8rF\/0\/DCpNFk7f84kkjMsXXSrqjQHRh2tdHjRTw2tGJfz8S\/L\/linteau-portail-cathedrale-frejus-L.jpg\" alt=\"Latei van het toegangsportaal van de kathedraal van Fr&#xE9;jus\"\/><\/figure>\n\n<p>Rechts van het toegangsportaal viel ons oog op de <strong>zonnewijzer<\/strong>. Het dateert uit 1781 en draagt een Latijnse inscriptie in vergulde letters die luidt: &#8220;Schaduw en licht regeren de ambten van de geestelijkheid, het werk van Themis (gerechtigheid) en Mars (wapens), en de vergaderingen van de oudsten&#8221;.<\/p>\n\n<figure class=\"wp-block-image size-large\"><img decoding=\"async\" src=\"https:\/\/photos.smugmug.com\/Provence-Lovers\/Fr&#xE9;jus\/n-XwqvJP\/Cath&#xE9;drale-de-Fr&#xE9;jus\/i-tWX8h8G\/0\/C8GWHXG3FFM6QZH3KwwhLvp7mm6JXppqT8HSQrJ9c\/L\/cadran-solaire-cathedrale-frejus-L.jpg\" alt=\"Zonnewijzer bij de kathedraal van Fr&#xE9;jus\"\/><\/figure>\n\n<h2 class=\"wp-block-heading\">Vervolg van het bezoek: de toegangssluis<\/h2>\n\n<p>De toegangspoort komt uit op een trap die naar beneden leidt naar wat als een vestibule kan worden beschouwd. Links de doopkapel, rechts de narthex en daar tegenover een ingang naar de kloostergang, die gesloten was op het moment van ons bezoek.<\/p>\n\n<h3 class=\"wp-block-heading\">De vroegchristelijke doopkapel<\/h3>\n\n<p>Dit was een van onze favoriete momenten van het bezoek. De doopkapel van Fr\u00e9jus is een van de oudste in Frankrijk. Het is een <strong>achthoekige kamer<\/strong> met antieke zuilen. Ze zijn waarschijnlijk afkomstig van een Romeins gebouw en ondersteunen de koepel ervan.  <\/p>\n\n<figure class=\"wp-block-image size-large\"><img decoding=\"async\" src=\"https:\/\/photos.smugmug.com\/Provence-Lovers\/Fr&#xE9;jus\/n-XwqvJP\/Cath&#xE9;drale-de-Fr&#xE9;jus\/i-QKdh7cM\/0\/D2C3Gngbh6b9XFqXsK8LjHWV3ZdDWmbfxRTDbGZWm\/L\/voutes-baptistere-cathedrale-frejus-L.jpg\" alt=\"Koepel van de doopkapel in de kathedraal van Fr&#xE9;jus\"\/><\/figure>\n\n<p>In het midden werd het bassin gebruikt voor <strong>de doop door onderdompeling<\/strong>, zoals dat oorspronkelijk gebeurde. Degenen die het sacrament wilden ontvangen (catechumenen) kwamen binnen door een kleine, lage deur links van de huidige ingang. Nadat ze gedoopt waren, gingen ze door een grotere deur aan de rechterkant naar buiten en hadden ze toegang tot de heilige ruimte van de kathedraal.<\/p>\n\n<figure class=\"wp-block-image size-large\"><img decoding=\"async\" src=\"https:\/\/photos.smugmug.com\/Provence-Lovers\/Fr&#xE9;jus\/n-XwqvJP\/Cath&#xE9;drale-de-Fr&#xE9;jus\/i-vRvx6T8\/0\/4WQxj3H6Wtrhg3XDr63vPwDZDm578G4gCvf8D9FW\/L\/baptistere-cathedrale-frejus-L.jpg\" alt=\"Doopkapel van de kathedraal van Fr&#xE9;jus\"\/><\/figure>\n\n<h3 class=\"wp-block-heading\"><br\/>De narthex tussen profaan en heilig<\/h3>\n\n<p>De narthex is een binnenportiek bij de ingang van sommige middeleeuwse kerken. Het is ook een <strong>tussenruimte<\/strong> tussen de buitenkant (het profane) en de binnenkant (het heilige). Wij vonden die in de kathedraal van Fr\u00e9jus bijzonder plechtig. Het dompelt bezoekers onder in een sfeer van rust en contemplatie.  <\/p>\n\n<figure class=\"wp-block-image size-large\"><img decoding=\"async\" src=\"https:\/\/photos.smugmug.com\/Provence-Lovers\/Fr&#xE9;jus\/n-XwqvJP\/Cath&#xE9;drale-de-Fr&#xE9;jus\/i-NHTTKGn\/0\/C8KV4SnLMFFdgWSFqpGM8fHz8zhxB9rwtPmBhr3r9\/L\/narthex-cathedrale-frejus-L.jpg\" alt=\"Narthex van de kathedraal van Fr&#xE9;jus\"\/><\/figure>\n\n<p>Het wordt omlijst door vier gigantische pilaren die het gewicht van de klokkentoren dragen. Hier ziet u de <strong>merktekens van de steenhouwers<\/strong>, die de blokken markeerden zodat ze per stuk betaald konden worden. In de narhex hangen ook schilderijen die geremasterd kunnen worden, zoals <em>De Donatie van de Rozenkrans<\/em>, een 18e-eeuws schilderij.<\/p>\n\n<figure class=\"wp-block-image size-large\"><img decoding=\"async\" src=\"https:\/\/photos.smugmug.com\/Provence-Lovers\/Fr&#xE9;jus\/n-XwqvJP\/Cath&#xE9;drale-de-Fr&#xE9;jus\/i-5LG295x\/0\/FBKJgPXjb65v267ptDkGFWdRcpqdjF3LhNvjTPr8n\/L\/nef-cathedrale-frejus-L.jpg\" alt=\"de schenking van de rozenkrans, kathedraal van Fr&#xE9;jus\"\/><figcaption class=\"wp-element-caption\">De gave van de rozenkrans<\/figcaption><\/figure>\n\n<h2 class=\"wp-block-heading\">Einde van de rondleiding: de 2 beuken van de dubbele kathedraal<\/h2>\n\n<p>Eenmaal voorbij de narthex komen bezoekers uiteindelijk in het dubbele schip van de kathedraal, eerst dat van de Notre-Dame kerk en dan, aan de linkerkant, dat van de Saint-\u00c9tienne kerk. We begonnen onze rondleiding met de laatste, voordat we terugkeerden naar het schip van de Notre-Dame.<\/p>\n\n<figure class=\"wp-block-image size-large\"><img decoding=\"async\" src=\"https:\/\/photos.smugmug.com\/Provence-Lovers\/Fr&#xE9;jus\/n-XwqvJP\/Cath&#xE9;drale-de-Fr&#xE9;jus\/i-gfc4sXp\/0\/D9nfjx48rrrn3TjdkxFrkdjcJzHkvNKQtGBHZBfWd\/L\/nef-notre-dame-cathedrale-frejus-L.jpg\" alt=\"Overzicht van het schip van Notre-Dame vanaf de ingang van de kathedraal van Fr&#xE9;jus\"\/><\/figure>\n\n<h3 class=\"wp-block-heading\">Onder de 6 tongewelven van de Saint-\u00c9tienne kerk<\/h3>\n\n<p>Tussen alle schatten in het schip van Saint-Etienne genoten we echt van het verhaal dat verteld werd door de gebeeldhouwde steen in het <strong>graf van Barth\u00e9l\u00e9my en Pierre Camelin<\/strong>. Het dateert uit de 18e eeuw. Beiden waren bisschoppen van Fr\u00e9jus. Ze kwamen uit een familie van Italiaanse kooplieden die zich aan het begin van de 16e eeuw in Fr\u00e9jus hadden gevestigd.<\/p>\n\n<figure class=\"wp-block-image size-large\"><img decoding=\"async\" src=\"https:\/\/photos.smugmug.com\/Provence-Lovers\/Fr&#xE9;jus\/n-XwqvJP\/Cath&#xE9;drale-de-Fr&#xE9;jus\/i-93ttFxD\/0\/dtGjmr2xFs974vzKT8zPhcPTwJPpPgWxtDj4379S\/L\/tombeau-camelin-cathedrale-frejus-L.jpg\" alt=\"Graf van Camelin, kathedraal van Fr&#xE9;jus\"\/><\/figure>\n\n<p>Vlak naast hun tombe staat het barokke altaarstuk van de imploration, waarop <strong>Saint F\u00e9lix, Saint L\u00e9once en Saint Etienne de Heilige Drie-eenheid smeken<\/strong> voor de stad Fr\u00e9jus.<\/p>\n\n<figure class=\"wp-block-image size-large\"><img decoding=\"async\" src=\"https:\/\/photos.smugmug.com\/Provence-Lovers\/Fr&#xE9;jus\/n-XwqvJP\/Cath&#xE9;drale-de-Fr&#xE9;jus\/i-FBwvLsX\/0\/FQgQGjqBzKTfBc9KkRb4xNP5R7xSXzTM5k3pT8GKd\/L\/autel-nef-cathedrale-frejus-L.jpg\" alt=\"Barok altaarstuk van de inwijding in de kathedraal van Fr&#xE9;jus\"\/><\/figure>\n\n<p>Daarna passeerden we het beroemde <strong>altaarstuk van Sint Margaretha<\/strong>, wat een van onze favoriete momenten van het bezoek was. Het wordt toegeschreven aan Jacopo Durandi, een 15e-eeuwse kunstenaar uit Nice. Marguerite van Antiochi\u00eb (zoals ze bekend staat) brengt haar bescherming naar zwangere vrouwen en mensen die lijden aan nierproblemen.  <\/p>\n\n<figure class=\"wp-block-image size-large\"><img decoding=\"async\" src=\"https:\/\/photos.smugmug.com\/Provence-Lovers\/Fr&#xE9;jus\/n-XwqvJP\/Cath&#xE9;drale-de-Fr&#xE9;jus\/i-dn4FrRx\/0\/FNpctgzX6D7Z8kV8jTwZPtMMXRCq5d5KdvmNFsWNT\/L\/retable-durandi-cathedrale-frejus-L.jpg\" alt=\"Het altaarstuk van Sainte-Marguerite in de kathedraal Saint-L&#xE9;once in Fr&#xE9;jus\"\/><\/figure>\n\n<p>Aan het einde van het schip van Saint-\u00c9tienne bleven we hangen in de intieme ruimte van de <strong>Chapelle du Saint Sacrement<\/strong>. Wij hielden van de moderne gebrandschilderde ramen, die in contrast staan met de barokke sfeer van het altaar.  <\/p>\n\n<figure class=\"wp-block-image size-large\"><img decoding=\"async\" src=\"https:\/\/photos.smugmug.com\/Provence-Lovers\/Fr&#xE9;jus\/n-XwqvJP\/Cath&#xE9;drale-de-Fr&#xE9;jus\/i-Kq5SVwD\/0\/FMrm8hzrdgDdwMDTZVRsL6wdqMBDLP5mxT5k4cC8h\/L\/chapelle-saint-sacrement-cathedrale-frejus-L.jpg\" alt=\"Sacramentskapel in de kathedraal van Fr&#xE9;jus\"\/><\/figure>\n\n<h3 class=\"wp-block-heading\">Onder de 3 spitsbogen van de Notre-Dame kerk<\/h3>\n\n<p>Daarna gingen we naar het schip van de Notre-Dame. De<strong>halfronde gewelfde apsis<\/strong>, in de zogenaamde &#8220;cul-de-four&#8221; stijl, is bekleed met hout en versierd met koorstoelen. Het altaar is van recente makelij. Het is gemaakt van groen getinte Serpentijnsteen en brons.<\/p>\n\n<figure class=\"wp-block-image size-large\"><img decoding=\"async\" src=\"https:\/\/photos.smugmug.com\/Provence-Lovers\/Fr&#xE9;jus\/n-XwqvJP\/Cath&#xE9;drale-de-Fr&#xE9;jus\/i-9Dtv9dP\/0\/FPFhdnfDN3FhBfL4BzKgkPS5nczzthbW7CxVrPrGB\/L\/autel-notre-dame-cathedrale-frejus-L.jpg\" alt=\"Apsisaltaar in de kathedraal van Fr&#xE9;jus\"\/><\/figure>\n\n<p>Het meest spectaculaire kenmerk van dit Romaanse schip is ongetwijfeld <strong>het<\/strong> <strong>prachtige<\/strong> <strong>orgel<\/strong> dat in het midden troont. Het is recent gebouwd. Het werd in 1991 in gebruik genomen en is het werk van Pascal Quoirin, de orgelbouwer die betrokken was bij de restauratie van het Grote Orgel van Notre-Dame-de-Paris, dat gespaard bleef bij de brand in 2019. Lees <a href=\"https:\/\/www.atelier-quoirin.com\/Frejus.php\" target=\"_blank\" rel=\"noreferrer noopener nofollow\">hier<\/a> meer.<\/p>\n\n<figure class=\"wp-block-image size-large\"><img decoding=\"async\" src=\"https:\/\/photos.smugmug.com\/Provence-Lovers\/Fr&#xE9;jus\/n-XwqvJP\/Cath&#xE9;drale-de-Fr&#xE9;jus\/i-Q86mjvp\/0\/mq5HTVGXN8bPnvKFFVN3ctwmZKGRrjRpt4jgVh9c\/L\/orgue-cathedrale-frejus-L.jpg\" alt=\"orgel in de kathedraal van Fr&#xE9;jus\"\/><\/figure>\n\n<p>Het Fr\u00e9jus-orgel verwijst bewust naar de <strong>Italiaanse stijl<\/strong>, waarmee de regionale traditie van dit deel van Zuidoost-Frankrijk, dat lange tijd be\u00efnvloed is door Itali\u00eb, nieuw leven wordt ingeblazen.<br\/>De vorm van de orgelkast en het trompe l&#8217;oeil snijwerk en inlegwerk zijn vrij ge\u00efnspireerd op Italiaanse orgels uit de 17e en 18e eeuw.<\/p>\n\n<figure class=\"wp-block-image size-large\"><img decoding=\"async\" src=\"https:\/\/photos.smugmug.com\/Provence-Lovers\/Fr&#xE9;jus\/n-XwqvJP\/Cath&#xE9;drale-de-Fr&#xE9;jus\/i-FMR6n6W\/0\/C7LsvXmjpTMN3HWTtJ57BFsVcnLhvc4xvqNM692js\/L\/orgue-detail-cathedrale-frejus-L.jpg\" alt=\"Detail van het orgel in de kathedraal van Fr&#xE9;jus\"\/><\/figure>\n\n<p>Op weg naar buiten bewonderden we <strong>de Heilige Familie door Camillo Saturno<\/strong>. Saturno was een schilder van Romeinse afkomst. Hij was actief in de Provence van 1561 tot 1576 en werkte voornamelijk voor de aartsbisschop van Aix-en-Provence. Het schilderij werd in 1907 op de monumentenlijst geplaatst. Lees <a href=\"https:\/\/www.pop.culture.gouv.fr\/notice\/palissy\/IM83001252\" target=\"_blank\" rel=\"noreferrer noopener nofollow\">hier<\/a> meer.<\/p>\n\n<figure class=\"wp-block-image size-large\"><img decoding=\"async\" src=\"https:\/\/photos.smugmug.com\/Provence-Lovers\/Fr&#xE9;jus\/n-XwqvJP\/Cath&#xE9;drale-de-Fr&#xE9;jus\/i-MDqXNrm\/0\/KFKZNpLJSK8pnK443Scr2TCPw28HsVmvwdc9bdSs\/L\/sainte-famille-saturno-cathedrale-frejus-L.jpg\" alt=\"De familie van Saint Saturno in de kathedraal van Fr&#xE9;jus\"\/><\/figure>\n\n<div style=\"margin-top:8%;margin-bottom:8%\" class=\"wp-block-genesis-blocks-gb-container box gb-block-container\"><div class=\"gb-container-inside\"><div class=\"gb-container-content\" style=\"max-width:700px\">\n<div class=\"wp-block-genesis-blocks-gb-container box_titre gb-block-container\"><div class=\"gb-container-inside\"><div class=\"gb-container-content\">\n<h5 class=\"titre_box\" style=\"padding-top:10px;\">PLAN UW REIS NAAR DE <span class=\"titre_box_manuscrit\">C\u00f4te d&#8217;Azur<\/span><\/h5>\n<\/div><\/div><\/div>\n\n\n\n<hr class=\"wp-block-separator has-text-color has-alpha-channel-opacity has-background is-style-wide hr-box-planif\" style=\"background-color:#ccd3dd;color:#ccd3dd\"\/>\n\n\n\n<div class=\"wp-block-columns box_sans_border is-layout-flex wp-container-core-columns-is-layout-9d6595d7 wp-block-columns-is-layout-flex\">\n<div class=\"wp-block-column texte_planif is-layout-flow wp-block-column-is-layout-flow\" style=\"font-size:14px;flex-basis:60%\">\n<ul class=\"wp-block-list\">\n<li><strong>Inspiratie<\/strong><\/li>\n<\/ul>\n\n\n\n<p style=\"font-size:14px\"><a href=\"https:\/\/provencelovers.fr\/nl\/mooiste-landschappen-cote-azur-foto\/\" target=\"_blank\" rel=\"noreferrer noopener\">De mooiste landschappen in 30 foto&#8217;s<\/a><br\/><a href=\"https:\/\/provencelovers.fr\/nl\/bezienswaardigheden-cote-azur-bezoeken\/\" target=\"_blank\" rel=\"noreferrer noopener\">C\u00f4te d&#8217;Azur bezienswaardigheden<\/a><br\/><a href=\"https:\/\/provencelovers.fr\/nl\/mooiste-dorpen-cote-azur\/\" target=\"_blank\" rel=\"noreferrer noopener\">Mooiste dorpen<\/a><br\/><a href=\"https:\/\/provencelovers.fr\/nl\/mooiste-stranden-cote-azur\/\" target=\"_blank\" rel=\"noreferrer noopener\">Beste stranden aan de C\u00f4te d&#8217;Azur<\/a><br\/><a href=\"https:\/\/provencelovers.fr\/nl\/mooiste-tuinen-cote-azur\/\" target=\"_blank\" rel=\"noreferrer noopener\">De mooiste tuinen<\/a><br\/>Beste boottochten (verschijnt binnenkort)<br\/><a href=\"https:\/\/provencelovers.fr\/nl\/eilanden-cote-azur\/\" target=\"_blank\" rel=\"noreferrer noopener\">De mooiste eilanden<\/a><br\/><a href=\"https:\/\/provencelovers.fr\/nl\/onbekende-plekjes-cote-azur-verborgen-geheim\/\" target=\"_blank\" rel=\"noreferrer noopener\">Geheime plaatsen<\/a><\/p>\n<\/div>\n\n\n\n<div class=\"wp-block-column is-vertically-aligned-top planif-radius is-layout-flow wp-block-column-is-layout-flow\" style=\"flex-basis:40%\">\n<figure class=\"wp-block-image size-large img-portrait\"><img decoding=\"async\" src=\"https:\/\/photos.smugmug.com\/Provence-Lovers\/Antibes\/n-mKVLR5\/Port-Ponteil\/i-38NGtcB\/0\/f2464217\/S\/plage_ponteil_vue-S.jpg\" alt=\"Antibes en de bergen\" title=\"\"\/><\/figure>\n<\/div>\n<\/div>\n\n\n\n<hr class=\"wp-block-separator has-text-color has-alpha-channel-opacity has-background is-style-wide hr-box-planif\" style=\"background-color:#ccd3dd;color:#ccd3dd\"\/>\n\n\n\n<div class=\"wp-block-columns box_sans_border is-layout-flex wp-container-core-columns-is-layout-9d6595d7 wp-block-columns-is-layout-flex\">\n<div class=\"wp-block-column texte_planif is-layout-flow wp-block-column-is-layout-flow\" style=\"font-size:14px;flex-basis:60%\">\n<ul class=\"wp-block-list\">\n<li><strong>Praktisch advies<\/strong><\/li>\n<\/ul>\n\n\n\n<p style=\"font-size:14px\">Een geslaagde reis naar de C\u00f4te d&#8217;Azur (verschijnt binnenkort)<br\/><a href=\"https:\/\/provencelovers.fr\/nl\/een-auto-huren-provence\/\">Huur een auto in de Provence<\/a> &#8211; in <a href=\"https:\/\/provencelovers.fr\/nl\/een-auto-huren-nice-luchthaven-treinstation\/\">Nice<\/a> &#8211; in <a href=\"https:\/\/provencelovers.fr\/nl\/hoe-een-auto-huren-cannes-treinstation\/\">Cannes<\/a> &#8211; in <a href=\"https:\/\/provencelovers.fr\/nl\/hoe-een-auto-huren-marseille-luchthaven-treinstation\/\">Marseille<\/a> &#8211; in <a href=\"https:\/\/provencelovers.fr\/nl\/hoe-een-auto-huren-aix-provence-treinstation\/\">Aix-en-Provence<\/a>.<\/p>\n\n\n\n<p style=\"font-size:14px\">Routes: <a href=\"https:\/\/provencelovers.fr\/nl\/bezoek-5-dagen-cote-azur-reisroute\/\" target=\"_blank\" rel=\"noreferrer noopener\">5 dagen<\/a> &#8211; <a href=\"https:\/\/provencelovers.fr\/nl\/bezoek-cote-azur-een-week-reisroute\/\" target=\"_blank\" rel=\"noreferrer noopener\">1 week<\/a> &#8211; <a href=\"https:\/\/provencelovers.fr\/nl\/10-daagse-cote-azur-route-road-trip\/\" target=\"_blank\" rel=\"noreferrer noopener\">10 dagen<\/a><br\/>Weekend idee\u00ebn: best-of &#8211; <a href=\"https:\/\/provencelovers.fr\/nl\/romantisch-weekend-cote-azur\/\" target=\"_blank\" rel=\"noreferrer noopener\">romantisch<\/a> &#8211; <a href=\"https:\/\/provencelovers.fr\/nl\/weekend-luxe-cote-azur\/\" target=\"_blank\" rel=\"noreferrer noopener\">luxe<\/a> &#8211; <a href=\"https:\/\/provencelovers.fr\/nl\/weekend-ongewoon-cote-azur\/\" target=\"_blank\" rel=\"noreferrer noopener\">ongewoon<\/a><\/p>\n<\/div>\n\n\n\n<div class=\"wp-block-column is-vertically-aligned-top planif-radius is-layout-flow wp-block-column-is-layout-flow\" style=\"flex-basis:40%\">\n<figure class=\"wp-block-image size-large img-portrait\"><img decoding=\"async\" src=\"https:\/\/photos.smugmug.com\/Provence-Lovers\/Nice\/n-wSXLpq\/Gare\/i-b5C5b9P\/0\/d153a796\/S\/gare-tgv-nice-train-S.jpg\" alt=\"Nice station\" title=\"\"\/><\/figure>\n<\/div>\n<\/div>\n\n\n\n<hr class=\"wp-block-separator has-text-color has-alpha-channel-opacity has-background is-style-wide hr-box-planif\" style=\"background-color:#ccd3dd;color:#ccd3dd\"\/>\n\n\n\n<div class=\"wp-block-columns box_sans_border is-layout-flex wp-container-core-columns-is-layout-9d6595d7 wp-block-columns-is-layout-flex\">\n<div class=\"wp-block-column texte_planif is-layout-flow wp-block-column-is-layout-flow\" style=\"flex-basis:60%\">\n<ul class=\"wp-block-list\">\n<li><strong>Waar verblijven<\/strong><\/li>\n<\/ul>\n\n\n\n<p style=\"font-size:14px\"><a href=\"https:\/\/provencelovers.fr\/nl\/waar-verblijven-cote-azur-beste-plaatsen\/\" target=\"_blank\" rel=\"noreferrer noopener\">Waar te overnachten aan de C\u00f4te d&#8217;Azur<\/a><br\/><a href=\"https:\/\/provencelovers.fr\/nl\/beste-5-sterren-hotels-cote-azur-luxe-beoordelingen\/\" target=\"_blank\" rel=\"noreferrer noopener\">Beste luxe hotels aan de C\u00f4te d&#8217;Azur<\/a><br\/><a href=\"https:\/\/provencelovers.fr\/nl\/beste-hotels-aan-zee-strand-cote-azur\/\" target=\"_blank\" rel=\"noreferrer noopener\">Hotels aan zee<\/a><br\/><a href=\"https:\/\/provencelovers.fr\/nl\/beste-boutique-hotels-cote-azur-charm\/\" target=\"_blank\" rel=\"noreferrer noopener\">Beste boutique hotels<\/a><\/p>\n<\/div>\n\n\n\n<div class=\"wp-block-column is-vertically-aligned-top planif-radius is-layout-flow wp-block-column-is-layout-flow\" style=\"flex-basis:40%\">\n<figure class=\"wp-block-image size-large img-portrait\"><img decoding=\"async\" src=\"https:\/\/photos.smugmug.com\/Provence-Lovers\/Nice\/H&#xF4;tels\/n-vLRxMK\/H&#xF4;tel-Anantara-Plaza-Nice\/i-2LsgGht\/1\/4997b805\/S\/Hotel-Anantara-Plaza-Nice-vue-mer-terrasse-restaurant-S.jpg\" alt=\"\" title=\"\"\/><\/figure>\n<\/div>\n<\/div>\n\n\n\n<hr class=\"wp-block-separator has-text-color has-alpha-channel-opacity has-background is-style-wide hr-box-planif\" style=\"background-color:#ccd3dd;color:#ccd3dd\"\/>\n\n\n\n<div class=\"wp-block-columns box_sans_border is-layout-flex wp-container-core-columns-is-layout-9d6595d7 wp-block-columns-is-layout-flex\">\n<div class=\"wp-block-column texte_planif is-layout-flow wp-block-column-is-layout-flow\" style=\"flex-basis:60%\">\n<ul class=\"wp-block-list\">\n<li><strong>De must-dos<\/strong><\/li>\n<\/ul>\n\n\n\n<p style=\"font-size:14px\"><a href=\"https:\/\/provencelovers.fr\/nl\/nice-bezienswaardigheden\/\" target=\"_blank\" rel=\"noreferrer noopener\">Nice bezienswaardigheden<\/a><br\/><a href=\"https:\/\/provencelovers.fr\/nl\/bezienswaardigheden-cannes-bezoeken\/\" target=\"_blank\" rel=\"noreferrer noopener\">Cannes bezienswaardigheden<\/a><br\/><a href=\"https:\/\/provencelovers.fr\/nl\/bezienswaardigheden-antibes-bezoeken\/\" target=\"_blank\" rel=\"noreferrer noopener\">Antibes bezienswaardigheden<\/a><br\/><a href=\"https:\/\/provencelovers.fr\/nl\/bezienswaardigheden-monaco-bezoeken\/\">Monaco bezienswaardigheden<\/a><br\/><a href=\"https:\/\/provencelovers.fr\/nl\/bezienswaardigheden-saint-tropez-bezoeken\/\" target=\"_blank\" rel=\"noreferrer noopener\">Saint-Tropez bezienswaardigheden<\/a><br\/><a href=\"https:\/\/provencelovers.fr\/nl\/bezienswaardigheden-cassis-bezoeken\/\" target=\"_blank\" rel=\"noreferrer noopener\">Bezienswaardigheden in Cassis<\/a><br\/><a href=\"https:\/\/provencelovers.fr\/nl\/bezienswaardigheden-la-ciotat-bezoeken\/\">La Ciotat bezienswaardigheden<\/a><br\/><a href=\"https:\/\/provencelovers.fr\/nl\/bezienswaardigheden-dorp-eze-bezoeken\/\">Dorp van \u00c8ze<\/a><\/p>\n<\/div>\n\n\n\n<div class=\"wp-block-column is-vertically-aligned-top planif-radius is-layout-flow wp-block-column-is-layout-flow\" style=\"flex-basis:40%\">\n<figure class=\"wp-block-image size-large img-portrait\"><img decoding=\"async\" src=\"https:\/\/photos.smugmug.com\/Provence-Lovers\/Antibes\/n-mKVLR5\/Port-dAntibes\/i-nX9XG8L\/0\/feace0c9\/S\/nomade-port-antibes-S.jpg\" alt=\"Wallen Antibes\" title=\"\"\/><\/figure>\n<\/div>\n<\/div>\n\n\n\n<div class=\"wp-block-buttons planif_bouton is-content-justification-center is-layout-flex wp-container-core-buttons-is-layout-16018d1d wp-block-buttons-is-layout-flex\">\n<div class=\"wp-block-button has-custom-font-size\" style=\"font-size:14px\"><a class=\"wp-block-button__link has-white-color has-text-color wp-element-button\" style=\"border-radius:4px\">Bekijk al onze tips (verschijnt binnenkort)<img loading=\"lazy\" decoding=\"async\" width=\"16\" height=\"17\" class=\"wp-image-2851\" style=\"width: 16px;\" src=\"https:\/\/provencelovers.fr\/wp-content\/uploads\/2023\/08\/ArrowRight.webp\" alt=\"\"\/><\/a><\/div>\n<\/div>\n<\/div><\/div><\/div>\n\n<div class=\"wp-block-genesis-blocks-gb-container box_auteur_voyage gb-block-container\"><div class=\"gb-container-inside\"><div class=\"gb-container-content\">\n<figure class=\"wp-block-image size-large img_auteur_voyage img_provisoire\"><a href=\"https:\/\/provencelovers.fr\/nl\/claire\/\" target=\"_blank\" rel=\"noreferrer noopener\"><img decoding=\"async\" src=\"https:\/\/photos.smugmug.com\/Region-Lovers\/Equipe\/i-nsNF6C6\/0\/Cs2F5n96pkt9xFD9D3SVqmQspMhrKgN75nHgBqmjG\/L\/Claire-L.png\" alt=\"\"\/><\/a><\/figure>\n\n\n\n<h5 class=\"titre_auteur_voyage\"><span>ZE HEEFT DE REIS GEMAAKT <\/span><span class=\"titre_box_manuscrit\">Claire<\/span><\/h5>\n<\/div><\/div><\/div>\n\n<div class=\"wp-block-genesis-blocks-gb-container box_auteur_voyage gb-block-container\"><div class=\"gb-container-inside\"><div class=\"gb-container-content\">\n<figure class=\"wp-block-image size-large img_auteur_voyage img_provisoire img_severine\"><a href=\"https:\/\/provencelovers.fr\/nl\/severine-harzo\/\" target=\"_blank\" rel=\"noreferrer noopener\"><img decoding=\"async\" src=\"https:\/\/photos.smugmug.com\/Region-Lovers\/Equipe\/i-gFtV6Dq\/0\/C6RSrhKpdND9MjrwpgnJSBdMhs3jLBgbGtBgdHX2x\/L\/severine-2-L.jpg\" alt=\"\" style=\"object-fit:cover\"\/><\/a><\/figure>\n\n\n\n<h5 class=\"titre_auteur_voyage\"><span>ZIJ SCHREEF HET ARTIKEL \n <\/span><span class=\"titre_box_manuscrit\">S\u00e8verine<\/span><\/h5>\n<\/div><\/div><\/div>\n","protected":false},"excerpt":{"rendered":"<p>Als u een reis naar de C\u00f4te d&#8217;Azur plant, raden wij u aan een omweg te maken om de Saint-L\u00e9once Kathedraal in Fr\u00e9jus te bezoeken. De duizend jaar oude geschiedenis, gekenmerkt door opeenvolgende constructies en renovaties, maakt het tot een spiritueel en cultureel symbool van de regio. Het is gebouwd op de plek van de [&hellip;]<\/p>\n","protected":false},"author":11,"featured_media":9761,"comment_status":"closed","ping_status":"closed","sticky":false,"template":"","format":"standard","meta":{"_genesis_hide_title":false,"_genesis_hide_breadcrumbs":false,"_genesis_hide_singular_image":false,"_genesis_hide_footer_widgets":false,"_genesis_custom_body_class":"","_genesis_custom_post_class":"","_genesis_layout":"","footnotes":""},"categories":[185],"tags":[],"class_list":{"0":"post-9892","1":"post","2":"type-post","3":"status-publish","4":"format-standard","5":"has-post-thumbnail","7":"category-saint-raphael-frejus-en-omgeving","8":"entry"},"yoast_head":"<!-- This site is optimized with the Yoast SEO plugin v27.2 - https:\/\/yoast.com\/product\/yoast-seo-wordpress\/ -->\n<title>Saint-L\u00e9once Kathedraal (Fr\u00e9jus): bezoek + foto&#039;s<\/title>\n<meta name=\"description\" content=\"Onze tips en foto&#039;s voor een bezoek aan Cath\u00e9drale Saint-L\u00e9once in Fr\u00e9jus: toegang, bezienswaardigheden, praktische informatie.\" \/>\n<meta name=\"robots\" content=\"index, follow, max-snippet:-1, max-image-preview:large, max-video-preview:-1\" \/>\n<link rel=\"canonical\" href=\"https:\/\/provencelovers.fr\/nl\/bezoeken-kathedraal-saint-leonce-frejus\/\" \/>\n<meta property=\"og:locale\" content=\"nl_NL\" \/>\n<meta property=\"og:type\" content=\"article\" \/>\n<meta property=\"og:title\" content=\"Saint-L\u00e9once Kathedraal (Fr\u00e9jus): bezoek + foto&#039;s\" \/>\n<meta property=\"og:description\" content=\"Onze tips en foto&#039;s voor een bezoek aan Cath\u00e9drale Saint-L\u00e9once in Fr\u00e9jus: toegang, bezienswaardigheden, praktische informatie.\" \/>\n<meta property=\"og:url\" content=\"https:\/\/provencelovers.fr\/nl\/bezoeken-kathedraal-saint-leonce-frejus\/\" \/>\n<meta property=\"og:site_name\" content=\"Provence Lovers\" \/>\n<meta property=\"article:published_time\" content=\"2024-02-28T08:37:52+00:00\" \/>\n<meta property=\"article:modified_time\" content=\"2024-02-28T14:14:54+00:00\" \/>\n<meta property=\"og:image\" content=\"https:\/\/provencelovers.fr\/wp-content\/uploads\/2024\/02\/visiter-cathedrale-saint-leonce-frejus-1.jpg\" \/>\n\t<meta property=\"og:image:width\" content=\"800\" \/>\n\t<meta property=\"og:image:height\" content=\"600\" \/>\n\t<meta property=\"og:image:type\" content=\"image\/jpeg\" \/>\n<meta name=\"author\" content=\"S\u00e8verine HARZO\" \/>\n<meta name=\"twitter:card\" content=\"summary_large_image\" \/>\n<meta name=\"twitter:label1\" content=\"Geschreven door\" \/>\n\t<meta name=\"twitter:data1\" content=\"S\u00e8verine HARZO\" \/>\n\t<meta name=\"twitter:label2\" content=\"Geschatte leestijd\" \/>\n\t<meta name=\"twitter:data2\" content=\"12 minuten\" \/>\n<script type=\"application\/ld+json\" class=\"yoast-schema-graph\">{\"@context\":\"https:\/\/schema.org\",\"@graph\":[{\"@type\":\"Article\",\"@id\":\"https:\/\/provencelovers.fr\/nl\/bezoeken-kathedraal-saint-leonce-frejus\/#article\",\"isPartOf\":{\"@id\":\"https:\/\/provencelovers.fr\/nl\/bezoeken-kathedraal-saint-leonce-frejus\/\"},\"author\":{\"name\":\"S\u00e8verine HARZO\",\"@id\":\"https:\/\/provencelovers.fr\/nl\/#\/schema\/person\/75ce6e960ba0e9a5837a905b5b7ae1bc\"},\"headline\":\"Saint-L\u00e9once Kathedraal (Fr\u00e9jus): bezoek + foto&#8217;s\",\"datePublished\":\"2024-02-28T08:37:52+00:00\",\"dateModified\":\"2024-02-28T14:14:54+00:00\",\"mainEntityOfPage\":{\"@id\":\"https:\/\/provencelovers.fr\/nl\/bezoeken-kathedraal-saint-leonce-frejus\/\"},\"wordCount\":2432,\"publisher\":{\"@id\":\"https:\/\/provencelovers.fr\/nl\/#organization\"},\"image\":{\"@id\":\"https:\/\/provencelovers.fr\/nl\/bezoeken-kathedraal-saint-leonce-frejus\/#primaryimage\"},\"thumbnailUrl\":\"https:\/\/provencelovers.fr\/wp-content\/uploads\/2024\/02\/visiter-cathedrale-saint-leonce-frejus-1.jpg\",\"articleSection\":[\"Saint-Rapha\u00ebl, Fr\u00e9jus en omgeving\"],\"inLanguage\":\"nl-NL\"},{\"@type\":\"WebPage\",\"@id\":\"https:\/\/provencelovers.fr\/nl\/bezoeken-kathedraal-saint-leonce-frejus\/\",\"url\":\"https:\/\/provencelovers.fr\/nl\/bezoeken-kathedraal-saint-leonce-frejus\/\",\"name\":\"Saint-L\u00e9once Kathedraal (Fr\u00e9jus): bezoek + foto's\",\"isPartOf\":{\"@id\":\"https:\/\/provencelovers.fr\/nl\/#website\"},\"primaryImageOfPage\":{\"@id\":\"https:\/\/provencelovers.fr\/nl\/bezoeken-kathedraal-saint-leonce-frejus\/#primaryimage\"},\"image\":{\"@id\":\"https:\/\/provencelovers.fr\/nl\/bezoeken-kathedraal-saint-leonce-frejus\/#primaryimage\"},\"thumbnailUrl\":\"https:\/\/provencelovers.fr\/wp-content\/uploads\/2024\/02\/visiter-cathedrale-saint-leonce-frejus-1.jpg\",\"datePublished\":\"2024-02-28T08:37:52+00:00\",\"dateModified\":\"2024-02-28T14:14:54+00:00\",\"description\":\"Onze tips en foto's voor een bezoek aan Cath\u00e9drale Saint-L\u00e9once in Fr\u00e9jus: toegang, bezienswaardigheden, praktische informatie.\",\"breadcrumb\":{\"@id\":\"https:\/\/provencelovers.fr\/nl\/bezoeken-kathedraal-saint-leonce-frejus\/#breadcrumb\"},\"inLanguage\":\"nl-NL\",\"potentialAction\":[{\"@type\":\"ReadAction\",\"target\":[\"https:\/\/provencelovers.fr\/nl\/bezoeken-kathedraal-saint-leonce-frejus\/\"]}]},{\"@type\":\"ImageObject\",\"inLanguage\":\"nl-NL\",\"@id\":\"https:\/\/provencelovers.fr\/nl\/bezoeken-kathedraal-saint-leonce-frejus\/#primaryimage\",\"url\":\"https:\/\/provencelovers.fr\/wp-content\/uploads\/2024\/02\/visiter-cathedrale-saint-leonce-frejus-1.jpg\",\"contentUrl\":\"https:\/\/provencelovers.fr\/wp-content\/uploads\/2024\/02\/visiter-cathedrale-saint-leonce-frejus-1.jpg\",\"width\":800,\"height\":600,\"caption\":\"Lees ons artikel over de Saint-L\u00e9once kathedraal in Fr\u00e9jus!\"},{\"@type\":\"BreadcrumbList\",\"@id\":\"https:\/\/provencelovers.fr\/nl\/bezoeken-kathedraal-saint-leonce-frejus\/#breadcrumb\",\"itemListElement\":[{\"@type\":\"ListItem\",\"position\":1,\"name\":\"Home\",\"item\":\"https:\/\/provencelovers.fr\/nl\/\"},{\"@type\":\"ListItem\",\"position\":2,\"name\":\"Saint-Rapha\u00ebl, Fr\u00e9jus en omgeving\",\"item\":\"https:\/\/provencelovers.fr\/nl\/saint-raphael-frejus-en-omgeving\/\"},{\"@type\":\"ListItem\",\"position\":3,\"name\":\"Saint-L\u00e9once Kathedraal (Fr\u00e9jus): bezoek + foto&#8217;s\"}]},{\"@type\":\"WebSite\",\"@id\":\"https:\/\/provencelovers.fr\/nl\/#website\",\"url\":\"https:\/\/provencelovers.fr\/nl\/\",\"name\":\"Provence Lovers\",\"description\":\"Uw zintuigen prikkelen in de Provence - De blog van Claire en Manu\",\"publisher\":{\"@id\":\"https:\/\/provencelovers.fr\/nl\/#organization\"},\"potentialAction\":[{\"@type\":\"SearchAction\",\"target\":{\"@type\":\"EntryPoint\",\"urlTemplate\":\"https:\/\/provencelovers.fr\/nl\/?s={search_term_string}\"},\"query-input\":{\"@type\":\"PropertyValueSpecification\",\"valueRequired\":true,\"valueName\":\"search_term_string\"}}],\"inLanguage\":\"nl-NL\"},{\"@type\":\"Organization\",\"@id\":\"https:\/\/provencelovers.fr\/nl\/#organization\",\"name\":\"Provence Lovers\",\"url\":\"https:\/\/provencelovers.fr\/nl\/\",\"logo\":{\"@type\":\"ImageObject\",\"inLanguage\":\"nl-NL\",\"@id\":\"https:\/\/provencelovers.fr\/nl\/#\/schema\/logo\/image\/\",\"url\":\"https:\/\/provencelovers.fr\/wp-content\/uploads\/2022\/11\/Blog-Provence-Lovers-Logos.png\",\"contentUrl\":\"https:\/\/provencelovers.fr\/wp-content\/uploads\/2022\/11\/Blog-Provence-Lovers-Logos.png\",\"width\":2707,\"height\":863,\"caption\":\"Provence Lovers\"},\"image\":{\"@id\":\"https:\/\/provencelovers.fr\/nl\/#\/schema\/logo\/image\/\"}},{\"@type\":\"Person\",\"@id\":\"https:\/\/provencelovers.fr\/nl\/#\/schema\/person\/75ce6e960ba0e9a5837a905b5b7ae1bc\",\"name\":\"S\u00e8verine HARZO\",\"image\":{\"@type\":\"ImageObject\",\"inLanguage\":\"nl-NL\",\"@id\":\"https:\/\/secure.gravatar.com\/avatar\/6d0d7a36298d05d1ff1079e571d7d76b1f551a3865fc37447d2c3ac79eadf069?s=96&d=mm&r=g\",\"url\":\"https:\/\/secure.gravatar.com\/avatar\/6d0d7a36298d05d1ff1079e571d7d76b1f551a3865fc37447d2c3ac79eadf069?s=96&d=mm&r=g\",\"contentUrl\":\"https:\/\/secure.gravatar.com\/avatar\/6d0d7a36298d05d1ff1079e571d7d76b1f551a3865fc37447d2c3ac79eadf069?s=96&d=mm&r=g\",\"caption\":\"S\u00e8verine HARZO\"},\"url\":\"https:\/\/provencelovers.fr\/nl\/author\/severineregionlovers-fr\/\"}]}<\/script>\n<!-- \/ Yoast SEO plugin. -->","yoast_head_json":{"title":"Saint-L\u00e9once Kathedraal (Fr\u00e9jus): bezoek + foto's","description":"Onze tips en foto's voor een bezoek aan Cath\u00e9drale Saint-L\u00e9once in Fr\u00e9jus: toegang, bezienswaardigheden, praktische informatie.","robots":{"index":"index","follow":"follow","max-snippet":"max-snippet:-1","max-image-preview":"max-image-preview:large","max-video-preview":"max-video-preview:-1"},"canonical":"https:\/\/provencelovers.fr\/nl\/bezoeken-kathedraal-saint-leonce-frejus\/","og_locale":"nl_NL","og_type":"article","og_title":"Saint-L\u00e9once Kathedraal (Fr\u00e9jus): bezoek + foto's","og_description":"Onze tips en foto's voor een bezoek aan Cath\u00e9drale Saint-L\u00e9once in Fr\u00e9jus: toegang, bezienswaardigheden, praktische informatie.","og_url":"https:\/\/provencelovers.fr\/nl\/bezoeken-kathedraal-saint-leonce-frejus\/","og_site_name":"Provence Lovers","article_published_time":"2024-02-28T08:37:52+00:00","article_modified_time":"2024-02-28T14:14:54+00:00","og_image":[{"width":800,"height":600,"url":"https:\/\/provencelovers.fr\/wp-content\/uploads\/2024\/02\/visiter-cathedrale-saint-leonce-frejus-1.jpg","type":"image\/jpeg"}],"author":"S\u00e8verine HARZO","twitter_card":"summary_large_image","twitter_misc":{"Geschreven door":"S\u00e8verine HARZO","Geschatte leestijd":"12 minuten"},"schema":{"@context":"https:\/\/schema.org","@graph":[{"@type":"Article","@id":"https:\/\/provencelovers.fr\/nl\/bezoeken-kathedraal-saint-leonce-frejus\/#article","isPartOf":{"@id":"https:\/\/provencelovers.fr\/nl\/bezoeken-kathedraal-saint-leonce-frejus\/"},"author":{"name":"S\u00e8verine HARZO","@id":"https:\/\/provencelovers.fr\/nl\/#\/schema\/person\/75ce6e960ba0e9a5837a905b5b7ae1bc"},"headline":"Saint-L\u00e9once Kathedraal (Fr\u00e9jus): bezoek + foto&#8217;s","datePublished":"2024-02-28T08:37:52+00:00","dateModified":"2024-02-28T14:14:54+00:00","mainEntityOfPage":{"@id":"https:\/\/provencelovers.fr\/nl\/bezoeken-kathedraal-saint-leonce-frejus\/"},"wordCount":2432,"publisher":{"@id":"https:\/\/provencelovers.fr\/nl\/#organization"},"image":{"@id":"https:\/\/provencelovers.fr\/nl\/bezoeken-kathedraal-saint-leonce-frejus\/#primaryimage"},"thumbnailUrl":"https:\/\/provencelovers.fr\/wp-content\/uploads\/2024\/02\/visiter-cathedrale-saint-leonce-frejus-1.jpg","articleSection":["Saint-Rapha\u00ebl, Fr\u00e9jus en omgeving"],"inLanguage":"nl-NL"},{"@type":"WebPage","@id":"https:\/\/provencelovers.fr\/nl\/bezoeken-kathedraal-saint-leonce-frejus\/","url":"https:\/\/provencelovers.fr\/nl\/bezoeken-kathedraal-saint-leonce-frejus\/","name":"Saint-L\u00e9once Kathedraal (Fr\u00e9jus): bezoek + foto's","isPartOf":{"@id":"https:\/\/provencelovers.fr\/nl\/#website"},"primaryImageOfPage":{"@id":"https:\/\/provencelovers.fr\/nl\/bezoeken-kathedraal-saint-leonce-frejus\/#primaryimage"},"image":{"@id":"https:\/\/provencelovers.fr\/nl\/bezoeken-kathedraal-saint-leonce-frejus\/#primaryimage"},"thumbnailUrl":"https:\/\/provencelovers.fr\/wp-content\/uploads\/2024\/02\/visiter-cathedrale-saint-leonce-frejus-1.jpg","datePublished":"2024-02-28T08:37:52+00:00","dateModified":"2024-02-28T14:14:54+00:00","description":"Onze tips en foto's voor een bezoek aan Cath\u00e9drale Saint-L\u00e9once in Fr\u00e9jus: toegang, bezienswaardigheden, praktische informatie.","breadcrumb":{"@id":"https:\/\/provencelovers.fr\/nl\/bezoeken-kathedraal-saint-leonce-frejus\/#breadcrumb"},"inLanguage":"nl-NL","potentialAction":[{"@type":"ReadAction","target":["https:\/\/provencelovers.fr\/nl\/bezoeken-kathedraal-saint-leonce-frejus\/"]}]},{"@type":"ImageObject","inLanguage":"nl-NL","@id":"https:\/\/provencelovers.fr\/nl\/bezoeken-kathedraal-saint-leonce-frejus\/#primaryimage","url":"https:\/\/provencelovers.fr\/wp-content\/uploads\/2024\/02\/visiter-cathedrale-saint-leonce-frejus-1.jpg","contentUrl":"https:\/\/provencelovers.fr\/wp-content\/uploads\/2024\/02\/visiter-cathedrale-saint-leonce-frejus-1.jpg","width":800,"height":600,"caption":"Lees ons artikel over de Saint-L\u00e9once kathedraal in Fr\u00e9jus!"},{"@type":"BreadcrumbList","@id":"https:\/\/provencelovers.fr\/nl\/bezoeken-kathedraal-saint-leonce-frejus\/#breadcrumb","itemListElement":[{"@type":"ListItem","position":1,"name":"Home","item":"https:\/\/provencelovers.fr\/nl\/"},{"@type":"ListItem","position":2,"name":"Saint-Rapha\u00ebl, Fr\u00e9jus en omgeving","item":"https:\/\/provencelovers.fr\/nl\/saint-raphael-frejus-en-omgeving\/"},{"@type":"ListItem","position":3,"name":"Saint-L\u00e9once Kathedraal (Fr\u00e9jus): bezoek + foto&#8217;s"}]},{"@type":"WebSite","@id":"https:\/\/provencelovers.fr\/nl\/#website","url":"https:\/\/provencelovers.fr\/nl\/","name":"Provence Lovers","description":"Uw zintuigen prikkelen in de Provence - De blog van Claire en Manu","publisher":{"@id":"https:\/\/provencelovers.fr\/nl\/#organization"},"potentialAction":[{"@type":"SearchAction","target":{"@type":"EntryPoint","urlTemplate":"https:\/\/provencelovers.fr\/nl\/?s={search_term_string}"},"query-input":{"@type":"PropertyValueSpecification","valueRequired":true,"valueName":"search_term_string"}}],"inLanguage":"nl-NL"},{"@type":"Organization","@id":"https:\/\/provencelovers.fr\/nl\/#organization","name":"Provence Lovers","url":"https:\/\/provencelovers.fr\/nl\/","logo":{"@type":"ImageObject","inLanguage":"nl-NL","@id":"https:\/\/provencelovers.fr\/nl\/#\/schema\/logo\/image\/","url":"https:\/\/provencelovers.fr\/wp-content\/uploads\/2022\/11\/Blog-Provence-Lovers-Logos.png","contentUrl":"https:\/\/provencelovers.fr\/wp-content\/uploads\/2022\/11\/Blog-Provence-Lovers-Logos.png","width":2707,"height":863,"caption":"Provence Lovers"},"image":{"@id":"https:\/\/provencelovers.fr\/nl\/#\/schema\/logo\/image\/"}},{"@type":"Person","@id":"https:\/\/provencelovers.fr\/nl\/#\/schema\/person\/75ce6e960ba0e9a5837a905b5b7ae1bc","name":"S\u00e8verine HARZO","image":{"@type":"ImageObject","inLanguage":"nl-NL","@id":"https:\/\/secure.gravatar.com\/avatar\/6d0d7a36298d05d1ff1079e571d7d76b1f551a3865fc37447d2c3ac79eadf069?s=96&d=mm&r=g","url":"https:\/\/secure.gravatar.com\/avatar\/6d0d7a36298d05d1ff1079e571d7d76b1f551a3865fc37447d2c3ac79eadf069?s=96&d=mm&r=g","contentUrl":"https:\/\/secure.gravatar.com\/avatar\/6d0d7a36298d05d1ff1079e571d7d76b1f551a3865fc37447d2c3ac79eadf069?s=96&d=mm&r=g","caption":"S\u00e8verine HARZO"},"url":"https:\/\/provencelovers.fr\/nl\/author\/severineregionlovers-fr\/"}]}},"featured_image_src":"https:\/\/provencelovers.fr\/wp-content\/uploads\/2024\/02\/visiter-cathedrale-saint-leonce-frejus-1-600x400.jpg","featured_image_src_square":"https:\/\/provencelovers.fr\/wp-content\/uploads\/2024\/02\/visiter-cathedrale-saint-leonce-frejus-1-600x600.jpg","author_info":{"display_name":"S\u00e8verine HARZO","author_link":"https:\/\/provencelovers.fr\/nl\/author\/severineregionlovers-fr\/"},"_links":{"self":[{"href":"https:\/\/provencelovers.fr\/nl\/wp-json\/wp\/v2\/posts\/9892","targetHints":{"allow":["GET"]}}],"collection":[{"href":"https:\/\/provencelovers.fr\/nl\/wp-json\/wp\/v2\/posts"}],"about":[{"href":"https:\/\/provencelovers.fr\/nl\/wp-json\/wp\/v2\/types\/post"}],"author":[{"embeddable":true,"href":"https:\/\/provencelovers.fr\/nl\/wp-json\/wp\/v2\/users\/11"}],"replies":[{"embeddable":true,"href":"https:\/\/provencelovers.fr\/nl\/wp-json\/wp\/v2\/comments?post=9892"}],"version-history":[{"count":0,"href":"https:\/\/provencelovers.fr\/nl\/wp-json\/wp\/v2\/posts\/9892\/revisions"}],"wp:featuredmedia":[{"embeddable":true,"href":"https:\/\/provencelovers.fr\/nl\/wp-json\/wp\/v2\/media\/9761"}],"wp:attachment":[{"href":"https:\/\/provencelovers.fr\/nl\/wp-json\/wp\/v2\/media?parent=9892"}],"wp:term":[{"taxonomy":"category","embeddable":true,"href":"https:\/\/provencelovers.fr\/nl\/wp-json\/wp\/v2\/categories?post=9892"},{"taxonomy":"post_tag","embeddable":true,"href":"https:\/\/provencelovers.fr\/nl\/wp-json\/wp\/v2\/tags?post=9892"}],"curies":[{"name":"wp","href":"https:\/\/api.w.org\/{rel}","templated":true}]}}