{"id":9584,"date":"2024-02-14T09:20:16","date_gmt":"2024-02-14T08:20:16","guid":{"rendered":"https:\/\/provencelovers.fr\/bezoek-villa-ephrussi-saint-jean-cap-ferrat\/"},"modified":"2024-06-01T10:42:34","modified_gmt":"2024-06-01T08:42:34","slug":"bezoek-villa-ephrussi-saint-jean-cap-ferrat","status":"publish","type":"post","link":"https:\/\/provencelovers.fr\/nl\/bezoek-villa-ephrussi-saint-jean-cap-ferrat\/","title":{"rendered":"Villa Ephrussi (Saint-Jean-Cap-Ferrat): bezoek + foto&#8217;s"},"content":{"rendered":"\n<p>Als u van plan bent om naar de <strong>C\u00f4te d&#8217;<\/strong>Azur te gaan, raden wij u aan om <strong>de Villa Ephrussi de Rothschild <\/strong>in Saint-Jean-Cap-Ferrat te bezoeken. De tijdloze elegantie maakt het tot een van de architectonische juweeltjes van de <strong>Franse Rivi\u00e8ra<\/strong>. De villa getuigt van de verfijning van de Belle \u00c9poque. We waren dol op de weelderige lounges en de 9 betoverende tuinen met uitzicht op de Middellandse Zee. Een bezoek hier is een <strong>unieke ervaring<\/strong> waar kunst, geschiedenis en natuur samenkomen in een betoverende harmonie van luxe en schoonheid.  <\/p>\n\n<p>In dit artikel vindt u een aantal <strong>nuttige tips<\/strong> om u op uw bezoek voor te bereiden. U zult een geweldige tijd beleven in deze prachtige omgeving, die op de Monumentenlijst staat en het keurmerk Opmerkelijke Tuinen heeft gekregen.<\/p>\n\n<figure class=\"wp-block-image size-full\"><img decoding=\"async\" src=\"https:\/\/provencelovers.fr\/wp-content\/uploads\/2024\/02\/visiter-villa-ephrussi-saint-jean-cap-ferrat-1.jpg\" alt=\"Bezoek de Villa Ephrussi de Rothschild in Saint Jean Cap Ferrat\" class=\"wp-image-9051\"\/><\/figure>\n\n<div class=\"wp-block-genesis-blocks-gb-container gb-block-container\"><div class=\"gb-container-inside\"><div class=\"gb-container-content\">\n<p>Deze gids is volledig <strong>onafhankelijk<\/strong>, gebaseerd op onze ervaringen. We bezochten de regio anoniem, maakten onze eigen keuzes en betaalden onze rekeningen volledig.<\/p>\n<\/div><\/div><\/div>\n\n<h2 class=\"wp-block-heading\">Waarom de Villa Ephrussi de Rothschild in Cap-Ferrat bezoeken?<\/h2>\n\n<h3 class=\"wp-block-heading\">Is de Villa Ephrussi de moeite waard? Onze mening:<\/h3>\n\n<p>Ja, absoluut, de Villa Ephrussi in Saint-Jean-Cap-Ferrat is zeker een bezoek waard. We hebben het zelfs opgenomen in <a href=\"https:\/\/provencelovers.fr\/nl\/bezienswaardigheden-cote-azur-bezoeken\/#11_Villa_Ephrusi_et_ses_jardins\" target=\"_blank\" rel=\"noreferrer noopener\">onze selectie van must-see plaatsen aan de C\u00f4te d&#8217;<\/a>Azur. Hier zijn verschillende redenen voor:<\/p>\n\n<ul class=\"wp-block-list\">\n<li><strong>Het opmerkelijke historische erfgoed<\/strong>: de villa belichaamt de elegantie en luxe van de Belle \u00c9poque. De betoverende architectuur en weelderige interieurs zijn een reis door de tijd.<\/li>\n\n\n\n<li><strong>De 9 thematuinen<\/strong>: uitzonderlijk door hun lay-out en botanische diversiteit. We hielden van het adembenemende uitzicht over de Middellandse Zee.<\/li>\n\n\n\n<li><strong>De visionaire eigenaresse<\/strong>: B\u00e9atrice Ephrussi de Rothschild was een emblematische en invloedrijke figuur van de Belle \u00c9poque, met een sterk karakter. Als estheet en filantroop was ze een groot beschermvrouw van de kunst en een pionier.<\/li>\n<\/ul>\n\n<p>Het is een geweldige plek om te bezoeken vanuit <a href=\"https:\/\/provencelovers.fr\/nl\/bezienswaardigheden-beaulieu-sur-mer-bezoeken\/\" target=\"_blank\" rel=\"noreferrer noopener\">Beaulieu-sur-Mer<\/a> of <a href=\"https:\/\/provencelovers.fr\/nl\/nice-bezienswaardigheden\/\" target=\"_blank\" rel=\"noreferrer noopener\">Nice<\/a>.<\/p>\n\n<figure class=\"wp-block-image size-large\"><img decoding=\"async\" src=\"https:\/\/photos.smugmug.com\/Provence-Lovers\/Cap-Ferrat\/n-h4Cmfv\/Villa-Ephrussi\/i-nbKkk34\/0\/ec7e0d51\/L\/villa-ephrussi-L.jpg\" alt=\"Overzicht van de zuidgevel van de Villa Ephrussi in Saint-Jean-Cap-Ferrat\"\/><\/figure>\n\n<h3 class=\"wp-block-heading\">Waarom is de villa beroemd?<\/h3>\n\n<p>De Villa Ephrussi de Rothschild staat bekend om zijn architectonische schoonheid en vele invloeden. Het werd gebouwd in het begin van de 20e eeuw en combineert op briljante wijze verschillende stijlen: <strong>Italiaanse renaissance<\/strong>, <strong>barok<\/strong> en <strong>Frans classicisme<\/strong>. Met zijn 9 buitengewone tuinen trekt het bezoekers van over de hele wereld naar een landgoed van meer dan zeven hectare.  <a href=\"https:\/\/provencelovers.fr\/nl\/mooiste-tuinen-cote-azur\/#1_Jardins_de_la_Villa_dEphrusi\" target=\"_blank\" rel=\"noreferrer noopener\">Naar onze mening behoren de tuinen tot de mooiste aan de C\u00f4te d&#8217;Azur.<\/a> <\/p>\n\n<p>We waren onder de indruk van <strong>de panoramische ligging<\/strong> van de roze villa. Gelegen op een heuvel in Cap Ferrat, met uitzicht op de baai van Villefranche-sur-Mer, bieden het huis en de tuinen een prachtig uitzicht op de Middellandse Zee en het omliggende platteland. Tot slot waren we gefascineerd door de geschiedenis van de villa. Het is de vrucht van de smaak en verbeelding van een buitengewone vrouw, <strong>B\u00e9atrice Ephrussi de Rothschild<\/strong>, een rijke erfgename met een passie voor kunst en schoonheid.<\/p>\n\n<hr class=\"wp-block-separator has-text-color has-alpha-channel-opacity has-background is-style-wide\" style=\"background-color:#000000;color:#000000\"\/>\n\n<p class=\"has-text-align-center\"><strong><a href=\"https:\/\/www.tiqets.com\/nl\/activites-attractions-saint-jean-cap-ferrat-c177759\/billets-pour-the-villa-ephrussi-de-rothschild-p1053878?partner=region_lovers&amp;tq_campaign=PL\" target=\"_blank\" rel=\"noreferrer noopener sponsored nofollow\">Boek vandaag nog uw toegangsticket met audiogids<\/a><\/strong><\/p>\n\n<hr class=\"wp-block-separator has-text-color has-alpha-channel-opacity has-background is-style-wide\" style=\"background-color:#000000;color:#000000\"\/>\n\n<figure class=\"wp-block-image size-large\"><img decoding=\"async\" src=\"https:\/\/photos.smugmug.com\/Provence-Lovers\/Cap-Ferrat\/n-h4Cmfv\/Villa-Ephrussi\/i-jVhBsdb\/0\/12e150c5\/L\/vue-beaulieu-villa-ephrussi-rothschild-cap-ferrat-L.jpg\" alt=\"Uitzicht op de Baai van Beaulieu vanuit de tuinen van de Villa Ephrussi de Rothschild in Saint-Jean-Cap-Ferrat\"\/><\/figure>\n\n<h3 class=\"wp-block-heading\">Onze favoriete momenten<\/h3>\n\n<p>We bezochten het landgoed aan het begin van de middag, na een gastronomische pauze op het terras van het restaurant Le B\u00e9atrice (theesalon).<\/p>\n\n<ul class=\"wp-block-list\">\n<li>We hielden van <strong>de frisheid van de tuinen<\/strong> die zich zuidwaarts voor de villa uitstrekten. Ge\u00efnspireerd door tuinen van over de hele wereld, heeft elke tuin zijn eigen stijl en sfeer, met uitzicht over de Middellandse Zee.<\/li>\n\n\n\n<li>Het <strong>panoramische uitzicht vanaf<\/strong> de <strong>terras-loggia<\/strong> op de eerste verdieping is gewoonweg adembenemend. Zo kunt u de pracht van het gebied vanaf \u00e9\u00e9n enkel uitkijkpunt in u opnemen: de tuinen, Cap Ferrat en daarachter de Baie de Beaulieu en de Baie de Villefranche. Een wonder!<\/li>\n\n\n\n<li>Binnen waren we erg blij met <strong>de kleine lounge op<\/strong> de begane grond. De 2 alkoven, ideaal voor een gesprek, zijn versierd met 18e-eeuwse wandtapijten van de Manufacture des Gobelins. Lees <a href=\"https:\/\/www.mobiliernational.culture.gouv.fr\/fr\/nous-connaitre\/les-manufactures\/manufacture-des-gobelins\" target=\"_blank\" rel=\"noreferrer noopener nofollow\">hier<\/a> meer. Hun geheimzinnige sfeer contrasteert met de 3 lichte travee\u00ebn die uitkijken op de tuin.  <\/li>\n<\/ul>\n\n<figure class=\"wp-block-image size-large\"><img decoding=\"async\" src=\"https:\/\/photos.smugmug.com\/Provence-Lovers\/Cap-Ferrat\/n-h4Cmfv\/Villa-Ephrussi\/i-jRw4WmP\/0\/dd9804fc\/L\/petit-salon-villa-ephrussi_cap-ferrat-L.jpg\" alt=\"Petit Salon in de Villa Ephrussi de Rothschild in Saint-Jean-Cap-Ferrat\"\/><\/figure>\n\n<div style=\"margin-top:8%;margin-bottom:8%\" class=\"wp-block-genesis-blocks-gb-container box gb-block-container\"><div class=\"gb-container-inside\"><div class=\"gb-container-content\" style=\"max-width:700px\">\n<div class=\"wp-block-genesis-blocks-gb-container box_titre gb-block-container\"><div class=\"gb-container-inside\"><div class=\"gb-container-content\">\n<h5 class=\"titre_box\" style=\"padding-top:10px;\">WAAR TE VERBLIJVEN IN <span class=\"titre_box_manuscrit\">Beaulieu-sur-Mer<\/span><\/h5>\n<\/div><\/div><\/div>\n\n\n\n<hr class=\"wp-block-separator has-text-color has-alpha-channel-opacity has-background is-style-wide hr-box-planif\" style=\"background-color:#ccd3dd;color:#ccd3dd\"\/>\n\n\n\n<div class=\"wp-block-columns box_sans_border is-layout-flex wp-container-core-columns-is-layout-9d6595d7 wp-block-columns-is-layout-flex\">\n<div class=\"wp-block-column texte_planif is-layout-flow wp-block-column-is-layout-flow\" style=\"font-size:14px;flex-basis:60%\">\n<p class=\"option_titre2\"><strong>Optie 1: <\/strong>Aan zee<\/p>\n\n\n\n<p style=\"font-size:14px\">Geniet van de charme van de oude stad en alle restaurants.<br\/>Wij raden aan..:<\/p>\n\n\n\n<ul class=\"ul_box wp-block-list\">\n<li style=\"font-size:14px\"><strong>H\u00f4tel La R\u00e9serve de Beaulieu<\/strong> &#8211; <a href=\"https:\/\/www.booking.com\/hotel\/fr\/la-reserve-de-beaulieu-hotel-spa.html?aid=2319618\" target=\"_blank\" rel=\"noreferrer noopener sponsored nofollow\">zie prijzen, foto&#8217;s en beschikbaarheid<\/a><\/li>\n\n\n\n<li style=\"font-size:14px\"><strong>Hotel Royal Riviera<\/strong> &#8211; <a href=\"https:\/\/www.booking.com\/hotel\/fr\/royal-riviera.html?aid=2319618\" target=\"_blank\" rel=\"noreferrer noopener sponsored nofollow\">prijzen, foto&#8217;s en beschikbaarheid bekijken<\/a><\/li>\n<\/ul>\n<\/div>\n\n\n\n<div class=\"wp-block-column is-vertically-aligned-top planif-radius is-layout-flow wp-block-column-is-layout-flow\" style=\"flex-basis:40%\">\n<figure class=\"wp-block-image size-large img-portrait\"><img decoding=\"async\" src=\"https:\/\/photos.smugmug.com\/Provence-Lovers\/Beaulieu-sur-Mer\/n-kwnx6C\/Hotel-Rest-La-Reserve-de-Beaulieu\/i-h4gXgtD\/0\/9931afcf\/S\/Hotel-reserve-Beaulieu-piscine-S.jpg\" alt=\"Hotel R&#xE9;serve de Beaulieu\" title=\"\"\/><\/figure>\n<\/div>\n<\/div>\n\n\n\n<hr class=\"wp-block-separator has-text-color has-alpha-channel-opacity has-background is-style-wide hr-box-planif\" style=\"background-color:#ccd3dd;color:#ccd3dd\"\/>\n\n\n\n<div class=\"wp-block-columns box_sans_border is-layout-flex wp-container-core-columns-is-layout-9d6595d7 wp-block-columns-is-layout-flex\">\n<div class=\"wp-block-column texte_planif is-layout-flow wp-block-column-is-layout-flow\" style=\"font-size:14px;flex-basis:60%\">\n<p class=\"option_titre\"><strong>Optie 2: <\/strong>Stadscentrum<\/p>\n\n\n\n<p style=\"font-size:14px\">De stad ligt niet ver van de zee, maar het uitzicht zal niet hetzelfde zijn. Wij raden aan..:<\/p>\n\n\n\n<ul class=\"ul_box wp-block-list\">\n<li style=\"font-size:14px\"><strong>H\u00f4tel Carlton<\/strong> &#8211; <a href=\"https:\/\/www.booking.com\/hotel\/fr\/carltonbeaulieu.html?aid=2319618\" target=\"_blank\" rel=\"noreferrer noopener sponsored nofollow\">prijzen, foto&#8217;s en beschikbaarheid<\/a><\/li>\n\n\n\n<li style=\"font-size:14px\"><strong>Hotel Select<\/strong> &#8211; <a href=\"https:\/\/www.booking.com\/hotel\/fr\/hotel-select.html?aid=2319618\" target=\"_blank\" rel=\"noreferrer noopener sponsored nofollow\">prijzen, foto&#8217;s en beschikbaarheid bekijken<\/a><\/li>\n\n\n\n<li style=\"font-size:14px\"><strong>Havre Bleu Hotel<\/strong> &#8211; <a href=\"https:\/\/www.booking.com\/hotel\/fr\/le-havre-bleu.html?aid=2319618\" target=\"_blank\" rel=\"noreferrer noopener sponsored nofollow\">prijzen, foto&#8217;s en beschikbaarheid bekijken<\/a><\/li>\n<\/ul>\n<\/div>\n\n\n\n<div class=\"wp-block-column is-vertically-aligned-top planif-radius is-layout-flow wp-block-column-is-layout-flow\" style=\"flex-basis:40%\">\n<figure class=\"wp-block-image size-large img-portrait\"><img decoding=\"async\" src=\"https:\/\/photos.smugmug.com\/Provence-Lovers\/Beaulieu-sur-Mer\/n-kwnx6C\/Hotel-Carlton\/i-8mLvBHP\/0\/a2281074\/S\/hotel-carlton-S.jpg\" alt=\"Hotel Carlton\" title=\"\"\/><\/figure>\n<\/div>\n<\/div>\n\n\n\n<hr class=\"wp-block-separator has-text-color has-alpha-channel-opacity has-background is-style-wide hr-box-planif\" style=\"background-color:#ccd3dd;color:#ccd3dd\"\/>\n\n\n\n<div class=\"wp-block-columns box_sans_border is-layout-flex wp-container-core-columns-is-layout-9d6595d7 wp-block-columns-is-layout-flex\">\n<div class=\"wp-block-column texte_planif is-layout-flow wp-block-column-is-layout-flow\" style=\"flex-basis:60%\">\n<p class=\"option_titre\"><strong>Optie 3: <\/strong>Villefranches of Cap-Ferrat<\/p>\n\n\n\n<p style=\"font-size:14px\">Net buiten Beaulieu, rond Cap Ferrat, kunt u ook genieten van de levendige stadjes Villefranches of de rust van de kaap.<br\/>Wij raden aan..:<\/p>\n\n\n\n<ul class=\"ul_box wp-block-list\">\n<li class=\"ul_box\" style=\"font-size:14px\"><strong>Hotel Welcome<\/strong> in Villefranches &#8211; <a href=\"https:\/\/www.booking.com\/hotel\/fr\/welcome-vilefranche-sur-mer.html?aid=2319618\" target=\"_blank\" rel=\"noreferrer noopener sponsored nofollow\">prijzen, foto&#8217;s en beschikbaarheid bekijken<\/a><\/li>\n\n\n\n<li class=\"ul_box\" style=\"font-size:14px\"><strong>H\u00f4tel du Cap Ferrat<\/strong> &#8211; <a href=\"https:\/\/www.booking.com\/hotel\/fr\/grand-du-cap-ferrat.html?aid=2319618\" target=\"_blank\" rel=\"noreferrer noopener sponsored nofollow\">zie prijzen, foto&#8217;s en beschikbaarheid<\/a><\/li>\n<\/ul>\n<\/div>\n\n\n\n<div class=\"wp-block-column is-vertically-aligned-top planif-radius is-layout-flow wp-block-column-is-layout-flow\" style=\"flex-basis:40%\">\n<figure class=\"wp-block-image size-large img-portrait\"><img decoding=\"async\" src=\"https:\/\/photos.smugmug.com\/Provence-Lovers\/Villefranche-sur-Mer\/n-k3fDq3\/Hotel-Welcome\/i-ttjw5XF\/0\/505461a7\/S\/hotel-welcome-S.jpg\" alt=\"Hotel Welkom\" title=\"\"\/><\/figure>\n<\/div>\n<\/div>\n\n\n\n<p class=\"has-text-align-center\" style=\"font-size:16px\"><a href=\"https:\/\/provencelovers.fr\/nl\/waar-verblijven-beaulieu-sur-mer-beste-hotels-wijken\/\" target=\"_blank\" rel=\"noreferrer noopener\">Bekijk onze beoordelingen van de beste hotels in Beaulieu-sur-Mer<\/a><\/p>\n\n\n\n<div class=\"wp-block-buttons planif_bouton is-content-justification-center is-layout-flex wp-container-core-buttons-is-layout-16018d1d wp-block-buttons-is-layout-flex\">\n<div class=\"wp-block-button has-custom-font-size\" style=\"font-size:14px\"><a class=\"wp-block-button__link has-white-color has-text-color wp-element-button\" href=\"https:\/\/www.booking.com\/searchresults.html?city=-1411081&amp;nflt=review_score%253D90%253Breview_score%253D80&amp;aid=2319618&amp;no_rooms=1&amp;group_adults=2\" style=\"border-radius:4px\" target=\"_blank\" rel=\"noreferrer noopener\">Bekijk alle beschikbare accommodaties  <img loading=\"lazy\" decoding=\"async\" width=\"16\" height=\"17\" class=\"wp-image-2851\" style=\"width: 16px;\" src=\"https:\/\/provencelovers.fr\/wp-content\/uploads\/2023\/08\/ArrowRight.webp\" alt=\"\"\/><\/a><\/div>\n<\/div>\n<\/div><\/div><\/div>\n\n<h3 class=\"wp-block-heading\">Geschiedenis in het kort<\/h3>\n\n<p>De Villa Ephrussi de Rothschild ligt op de heuvel van Saint-Jean-Cap-Ferrat aan de C\u00f4te d&#8217;Azur en is een bezienswaardigheid aan de <strong>Franse Rivi\u00e8ra<\/strong>. Het werd tussen 1905 en 1912 gebouwd door B\u00e9atrice Ephrussi de Rothschild, een rijke erfgename met een passie voor kunst. We waren erg ge\u00efnteresseerd in het levensverhaal van deze uitzonderlijke vrouw.  <\/p>\n\n<p>De verfijnde inrichting van de villa en de elegante indeling van de 9 tuinen getuigen van de verfijnde smaak van de eigenaar. Bij haar dood in 1934 liet ze de villa na aan <strong>de Acad\u00e9mie des Beaux-arts van het Institut de France<\/strong>.<\/p>\n\n<p>Het landgoed is sinds 1938 opengesteld voor het publiek. Het bood ons een overweldigende ervaring van de glitter en luxe van <strong>de<\/strong> high society <strong>van de Belle \u00c9poque<\/strong>, en niet te vergeten een uitzonderlijk panorama van de Middellandse Zee.<\/p>\n\n<ul class=\"wp-block-list\">\n<li>De villa en de tuinen staan sinds 1996 op de <strong>Monumentenlijst<\/strong>. Lees <a href=\"https:\/\/www.pop.culture.gouv.fr\/notice\/merimee\/PA00125706\" target=\"_blank\" rel=\"noreferrer noopener nofollow\">hier<\/a> meer.  <\/li>\n\n\n\n<li>De tuinen kregen in 2005 het label <strong>Remarkable Garden<\/strong>. Lees <a href=\"https:\/\/www.culture.gouv.fr\/Aides-demarches\/Protections-labels-et-appellations\/Label-Jardin-remarquable\" target=\"_blank\" rel=\"noreferrer noopener nofollow\">hier<\/a> meer.<\/li>\n<\/ul>\n\n<figure class=\"wp-block-image size-large\"><img decoding=\"async\" src=\"https:\/\/photos.smugmug.com\/Provence-Lovers\/Cap-Ferrat\/n-h4Cmfv\/Villa-Ephrussi\/i-SvkXJfw\/0\/026f0c21\/L\/statue-roseraie-villa-ephrussi_cap-ferrat-L.jpg\" alt=\"Standbeeld van de Roseraie&#10;  in de Villa Ephrussi de Rothschil in Saint-Jean-Cap-Ferrat\"\/><\/figure>\n\n<h2 class=\"wp-block-heading\">Toegang: Villa Ephrussi, Saint-Jean-Cap-Ferrat<\/h2>\n\n<h3 class=\"wp-block-heading\">Waar is de Villa Rothschild?<\/h3>\n\n<p>Villa Ephrussi bevindt zich op 1 Avenue Ephrussi de Rothschild in Saint-Jean-Cap-Ferrat (06230).<\/p>\n\n<ul class=\"wp-block-list\">\n<li>De villa ligt op het schiereiland Cap-Ferrat, tussen de Baie de Villefranche en de Baie de Beaulieu.<\/li>\n\n\n\n<li>Het ligt dicht bij het Plage de Passable, bij de ingang van het dorp Saint-Jean-Cap-Ferrat.<\/li>\n\n\n\n<li>Vanaf Beaulieu-sur-Mer: 10min rijden<\/li>\n\n\n\n<li>Vanaf Nice: 30 minuten rijden<\/li>\n<\/ul>\n\n<div style=\"margin-top:8%;margin-bottom:8%\" class=\"wp-block-genesis-blocks-gb-container box gb-block-container\"><div class=\"gb-container-inside\"><div class=\"gb-container-content\">\n<div class=\"wp-block-columns inverse box_planif is-layout-flex wp-container-core-columns-is-layout-9d6595d7 wp-block-columns-is-layout-flex\">\n<div class=\"wp-block-column texte_planif is-layout-flow wp-block-column-is-layout-flow\" style=\"flex-basis:58%\">\n<h5 class=\"titre_box\">ONZE TIPS VOOR HET HUREN VAN UW AUTO IN <span class=\"titre_box_manuscrit\">\nProvence<\/span><\/h5>\n\n\n\n<ul class=\"liste_voiture wp-block-list\" style=\"font-size:14px\">\n<li>Vergelijk prijzen op ons favoriete platform: <a href=\"https:\/\/www.discovercars.com\/nl\/france?a_aid=zigzag&amp;chan=PL\" target=\"_blank\" rel=\"noreferrer noopener sponsored nofollow\">DiscoverCars<\/a> &#8211; een van de best beoordeelde sites.<\/li>\n\n\n\n<li>Kies een <strong>auto die krachtig genoeg <\/strong> is (de wegen zijn steil) maar <strong>compact<\/strong> (sommige doorgangen zijn smal).<\/li>\n\n\n\n<li>Overweeg<strong>een volledige verzekering<\/strong> (sommige wegen zijn bochtig en smal).<\/li>\n\n\n\n<li>Er is veel vraag naar, dus <strong>boek vroeg<\/strong>.<\/li>\n<\/ul>\n<\/div>\n\n\n\n<div class=\"wp-block-column planif-radius-3 is-layout-flow wp-block-column-is-layout-flow\" style=\"flex-basis:42%\">\n<figure class=\"wp-block-image size-full is-resized\"><img loading=\"lazy\" decoding=\"async\" width=\"421\" height=\"533\" src=\"https:\/\/provencelovers.fr\/wp-content\/uploads\/2023\/05\/Vieux-Nice-ruelle-L.png\" alt=\"\" class=\"wp-image-1302\" title=\"\" srcset=\"https:\/\/provencelovers.fr\/wp-content\/uploads\/2023\/05\/Vieux-Nice-ruelle-L.png 421w, https:\/\/provencelovers.fr\/wp-content\/uploads\/2023\/05\/Vieux-Nice-ruelle-L-237x300.png 237w\" sizes=\"auto, (max-width: 421px) 100vw, 421px\" \/><\/figure>\n<\/div>\n<\/div>\n\n\n\n<div class=\"wp-block-columns planif_bouton is-layout-flex wp-container-core-columns-is-layout-9d6595d7 wp-block-columns-is-layout-flex\">\n<div class=\"wp-block-column is-layout-flow wp-block-column-is-layout-flow\" style=\"flex-basis:50%\">\n<div class=\"wp-block-buttons is-content-justification-center is-layout-flex wp-container-core-buttons-is-layout-16018d1d wp-block-buttons-is-layout-flex\">\n<div class=\"wp-block-button has-custom-font-size\" style=\"font-size:14px\"><a class=\"wp-block-button__link has-white-color has-text-color wp-element-button\" href=\"https:\/\/www.discovercars.com\/nl\/france?a_aid=zigzag&amp;amp;chan=PL\" style=\"border-radius:4px\" target=\"_blank\" rel=\"noreferrer noopener\">Bekijk de auto&#8217;s<img loading=\"lazy\" decoding=\"async\" width=\"16\" height=\"17\" class=\"wp-image-2851\" style=\"width: 16px;\" src=\"https:\/\/provencelovers.fr\/wp-content\/uploads\/2023\/08\/ArrowRight.webp\" alt=\"\"\/><\/a><\/div>\n<\/div>\n<\/div>\n\n\n\n<div class=\"wp-block-column is-vertically-aligned-center is-layout-flow wp-block-column-is-layout-flow\" style=\"flex-basis:50%\">\n<p class=\"has-text-align-center\" style=\"font-size:14px\"><strong><a href=\"https:\/\/provencelovers.fr\/nl\/een-auto-huren-provence\/\">Bekijk onze tips<\/a><\/strong><\/p>\n<\/div>\n<\/div>\n<\/div><\/div><\/div>\n\n<h3 class=\"wp-block-heading\">Hoe komt u daar?<\/h3>\n\n<p>Er zijn verschillende opties om bij de Villa Ephrussi in Saint-Jean-Cap-Ferrat te komen:<\/p>\n\n<ul class=\"wp-block-list\">\n<li>Met de auto: de camping is goed aangegeven en gemakkelijk te bereiken, maar het verkeer kan druk zijn, vooral in de zomer.<\/li>\n\n\n\n<li>Met de bus: lijn 15 naar de halte &#8220;Passable &#8211; Rothschild&#8221; of lijn 607 naar de halte &#8220;Pont Saint Jean&#8221;, daarna 15 minuten lopen naar de villa.<\/li>\n\n\n\n<li>Met de trein: vanaf het SNCF-station Beaulieu-sur-Mer is het 30 minuten lopen.<\/li>\n<\/ul>\n\n<figure class=\"wp-block-image size-large\"><img decoding=\"async\" src=\"https:\/\/photos.smugmug.com\/Provence-Lovers\/Cap-Ferrat\/n-h4Cmfv\/Villa-Ephrussi\/i-L5N8DSm\/0\/5140146b\/L\/acces-villa-ephrussi-rothschild-cap-ferrat-L.jpg\" alt=\"toegang tot de Villa Ephrussi de Rothschil in Saint-Jean-Cap-Ferrat\"\/><\/figure>\n\n<h3 class=\"wp-block-heading\">Parkeerplaats<\/h3>\n\n<p>Er is <strong>gratis parkeergelegenheid<\/strong> op het terrein, maar deze is snel vol, vooral tijdens de zomermaanden. Dit kan het erg moeilijk maken om parkeergelegenheid te vinden in de omliggende straten. Als de parkeerplaats echter vol is, biedt de stad Saint-Jean-Cap-Ferrat een <strong>betaalde parkeerservice<\/strong>. Lees <a href=\"https:\/\/www.villa-ephrussi.com\/sites\/ver\/files\/depliant_a4_2023.pdf\" target=\"_blank\" rel=\"noreferrer noopener nofollow\">hier<\/a> meer.<\/p>\n\n<figure class=\"wp-block-image size-large\"><img decoding=\"async\" src=\"https:\/\/photos.smugmug.com\/Provence-Lovers\/Cap-Ferrat\/n-h4Cmfv\/Villa-Ephrussi\/i-3KvFTmk\/0\/36939951\/L\/parking-villa-ephrussi-rothschild-cap-ferrat-L.jpg\" alt=\"Parkeerplaats van de Villa Ephrussi de Rothschild in Saint-Jean-Cap-Ferrat\"\/><\/figure>\n\n<div class=\"wp-block-group\"><div class=\"wp-block-group__inner-container is-layout-constrained wp-block-group-is-layout-constrained\">\n<div style=\"margin-top:8%;margin-bottom:8%\" class=\"wp-block-genesis-blocks-gb-container box gb-block-container\"><div class=\"gb-container-inside\"><div class=\"gb-container-content\">\n<div class=\"wp-block-columns inverse is-layout-flex wp-container-core-columns-is-layout-9d6595d7 wp-block-columns-is-layout-flex\">\n<div class=\"wp-block-column texte_planif is-layout-flow wp-block-column-is-layout-flow\" style=\"flex-basis:58%\">\n<h5 class=\"titre_box\">PLAN UW VERBLIJF IN <span class=\"titre_box_manuscrit\">beaulieu-sur-mer<\/span><\/h5>\n\n\n\n<ul class=\"wp-block-list\">\n<li style=\"font-size:14px\"><a href=\"https:\/\/provencelovers.fr\/nl\/bezienswaardigheden-beaulieu-sur-mer-bezoeken\/\" target=\"_blank\" rel=\"noreferrer noopener\">Bezienswaardigheden in Beaulieu-sur-Mer<\/a><\/li>\n\n\n\n<li style=\"font-size:14px\">Waar te overnachten in Beaulieu-sur-Mer: <a href=\"https:\/\/provencelovers.fr\/nl\/waar-verblijven-beaulieu-sur-mer-beste-hotels-wijken\/\" target=\"_blank\" rel=\"noreferrer noopener\">Beste hotels<\/a><\/li>\n\n\n\n<li style=\"font-size:14px\"><a href=\"https:\/\/provencelovers.fr\/nl\/beste-restaurant-beaulieu-sur-mer-eten-beoorderlingen\/\" target=\"_blank\" rel=\"noreferrer noopener\">Beste restaurants<\/a><\/li>\n\n\n\n<li style=\"font-size:14px\">De mooiste stranden van Beaulieu-sur-Mer (binnenkort)<\/li>\n\n\n\n<li style=\"font-size:14px\"><a href=\"https:\/\/provencelovers.fr\/nl\/bezoek-villa-kerylos-beaulieu-sur-mer\/\" target=\"_blank\" rel=\"noreferrer noopener\">Villa Kerylos<\/a><\/li>\n\n\n\n<li style=\"font-size:14px\"><a href=\"https:\/\/provencelovers.fr\/nl\/bezoek-villa-ephrussi-saint-jean-cap-ferrat\/\">Villa Eprhussi<\/a><\/li>\n\n\n\n<li style=\"font-size:14px\"><a href=\"https:\/\/provencelovers.fr\/nl\/bezienswaardigheden-dorp-villefranche-sur-mer-bezoeken\/\" target=\"_blank\" rel=\"noreferrer noopener\">Bezienswaardigheden in Villefranche-sur-Mer<\/a><\/li>\n<\/ul>\n<\/div>\n\n\n\n<div class=\"wp-block-column ville-radius is-layout-flow wp-block-column-is-layout-flow\" style=\"flex-basis:42%\">\n<figure class=\"wp-block-image size-large is-resized img-portrait\"><img decoding=\"async\" src=\"https:\/\/photos.smugmug.com\/Provence-Lovers\/Best-of\/n-PbwqvZ\/Plages\/i-B6LvqBw\/0\/5d676526\/S\/Beaulieu_plage_petite_afrique-1-S.jpg\" alt=\"Beaulieu-sur-Mer\" style=\"object-fit:contain;width:319px;height:303px\" title=\"\"\/><\/figure>\n<\/div>\n<\/div>\n<\/div><\/div><\/div>\n<\/div><\/div>\n\n<h2 class=\"wp-block-heading\">Nuttige tips: duur, tijdschema&#8217;s, eten&#8230;<\/h2>\n\n<h3 class=\"wp-block-heading\">Beste tijd om te bezoeken <\/h3>\n\n<p>Het is altijd druk in de Villa Ephrussi!<\/p>\n\n<p>In de lente en herfst zijn de tuinen van de villa bijzonder mooi, met weelderige vegetatie en aangenaam milde temperaturen. De zomermaanden zijn het drukst. Het is er erg druk en erg heet. Als u in deze tijd van het jaar komt, kunt u het beste &#8217;s ochtends een bezoek brengen.  <\/p>\n\n<p>De maanden november en maart (buiten het seizoen aan de C\u00f4te d&#8217;Azur) bieden, ondanks het koelere weer, een rustigere, meer authentieke ervaring.  <\/p>\n\n<figure class=\"wp-block-image size-large\"><img decoding=\"async\" src=\"https:\/\/photos.smugmug.com\/Provence-Lovers\/Cap-Ferrat\/n-h4Cmfv\/Villa-Ephrussi\/i-wFxZ5Jx\/0\/5e469b30\/L\/promenade-villa-ephrussi-rothschild-cap-ferrat-L.jpg\" alt=\"Een schaduwrijke wandeling in de tuin van de Villa Ephrussi de Rothschild in Saint-Jean-Cap-Ferrat\"\/><\/figure>\n\n<h3 class=\"wp-block-heading\">Duur van het bezoek en belangrijkste moeilijkheden<\/h3>\n\n<p>Trek <strong>minstens 3 tot 3 uur<\/strong> uit om de site te bezoeken. De villa is groot en rijk en de tuinen strekken zich uit over 7 hectare.<\/p>\n\n<p>Hoewel de villa toegankelijk is voor mensen met beperkte mobiliteit, zijn sommige trappen en doorgangen in de tuinen dat niet. Toch is het mogelijk om veel van de schoonheid van de tuin te genieten.<\/p>\n\n<p>Huisdieren zijn niet toegestaan.<\/p>\n\n<figure class=\"wp-block-image size-large\"><img decoding=\"async\" src=\"https:\/\/photos.smugmug.com\/Provence-Lovers\/Cap-Ferrat\/n-h4Cmfv\/Villa-Ephrussi\/i-Cd883jV\/0\/820e706e\/L\/escaliers-jardins-villa-ephrussi-rothschild-cap-ferrat-L.jpg\" alt=\"Trappen en moeilijke doorgangen in de tuin van de Villa Ephrussi de Rothschild in Saint-Jean-Cap-Ferrat\"\/><\/figure>\n\n<h3 class=\"wp-block-heading\">Advies voor een bezoek<\/h3>\n\n<p>Bezoekers krijgen bij aankomst een plattegrond van het terrein.  <\/p>\n\n<p>We gaven er de voorkeur aan om ons bezoek te beginnen in de koelte van de villa, nadat we ter plaatse geluncht hadden, in het Restaurant le B\u00e9atrice (theesalon). Nadat we de <strong>patio<\/strong> verkend hadden, begonnen we onze rondleiding met de <strong>porseleinen salon<\/strong> en de <strong>priv\u00e9appartementen<\/strong>. Het is gemakkelijk om de offici\u00eble route te volgen. Genummerde borden wijzen de weg.  <\/p>\n\n<figure class=\"wp-block-image size-large\"><img decoding=\"async\" src=\"https:\/\/photos.smugmug.com\/Provence-Lovers\/Cap-Ferrat\/n-h4Cmfv\/Villa-Ephrussi\/i-QwCPFnz\/0\/83eb038d\/L\/plan-jardins-villa-ephrussi-rothschild-cap-ferrat-L.jpg\" alt=\"Plattegrond van de tuinen van de Villa Ephrussi de Rothschild in Saint-Jean-Cap-Ferrat\"\/><figcaption class=\"wp-element-caption\">Kaart van de tuinen van Villa Ephrussi<\/figcaption><\/figure>\n\n<p>We liepen door de tuinen toen we de villa verlieten. We begonnen met de formele tuin aan de voorkant van het huis, daarna de Proven\u00e7aalse tuin en tot slot de rozentuin aan het einde van het landgoed. We keerden terug via de westkant, waarbij we de 6 andere tuinen passeerden.<\/p>\n\n<div style=\"background-color:#fefefe;margin-top:6%;margin-bottom:6%\" class=\"wp-block-genesis-blocks-gb-container box gb-block-container\"><div class=\"gb-container-inside\"><div class=\"gb-container-content\" style=\"max-width:700px\">\n<div class=\"wp-block-columns inverse is-layout-flex wp-container-core-columns-is-layout-9d6595d7 wp-block-columns-is-layout-flex\">\n<div class=\"wp-block-column texte_planif is-layout-flow wp-block-column-is-layout-flow\" style=\"flex-basis:58%\">\n<h5 class=\"titre_box\">EEN BEETJE MEER <span class=\"titre_box_manuscrit\">geduld<\/span><\/h5>\n\n\n\n<p style=\"font-size:14px\">Alle foto&#8217;s, kaarten, informatie, goede adressen om <strong>uw verblijf in de Provence<\/strong> tot een succes te maken, worden <strong>binnenkort verzameld<\/strong> in \u00e9\u00e9n ebook!<\/p>\n\n\n\n<p style=\"font-size:14px\">Als u op de hoogte wilt blijven van de publicatie van onze <strong>gids over de Provence<\/strong>, kunt u zich inschrijven:<\/p>\n\n\n<script>\nvar gform;gform||(document.addEventListener(\"gform_main_scripts_loaded\",function(){gform.scriptsLoaded=!0}),document.addEventListener(\"gform\/theme\/scripts_loaded\",function(){gform.themeScriptsLoaded=!0}),window.addEventListener(\"DOMContentLoaded\",function(){gform.domLoaded=!0}),gform={domLoaded:!1,scriptsLoaded:!1,themeScriptsLoaded:!1,isFormEditor:()=>\"function\"==typeof InitializeEditor,callIfLoaded:function(o){return!(!gform.domLoaded||!gform.scriptsLoaded||!gform.themeScriptsLoaded&&!gform.isFormEditor()||(gform.isFormEditor()&&console.warn(\"The use of gform.initializeOnLoaded() is deprecated in the form editor context and will be removed in Gravity Forms 3.1.\"),o(),0))},initializeOnLoaded:function(o){gform.callIfLoaded(o)||(document.addEventListener(\"gform_main_scripts_loaded\",()=>{gform.scriptsLoaded=!0,gform.callIfLoaded(o)}),document.addEventListener(\"gform\/theme\/scripts_loaded\",()=>{gform.themeScriptsLoaded=!0,gform.callIfLoaded(o)}),window.addEventListener(\"DOMContentLoaded\",()=>{gform.domLoaded=!0,gform.callIfLoaded(o)}))},hooks:{action:{},filter:{}},addAction:function(o,r,e,t){gform.addHook(\"action\",o,r,e,t)},addFilter:function(o,r,e,t){gform.addHook(\"filter\",o,r,e,t)},doAction:function(o){gform.doHook(\"action\",o,arguments)},applyFilters:function(o){return gform.doHook(\"filter\",o,arguments)},removeAction:function(o,r){gform.removeHook(\"action\",o,r)},removeFilter:function(o,r,e){gform.removeHook(\"filter\",o,r,e)},addHook:function(o,r,e,t,n){null==gform.hooks[o][r]&&(gform.hooks[o][r]=[]);var d=gform.hooks[o][r];null==n&&(n=r+\"_\"+d.length),gform.hooks[o][r].push({tag:n,callable:e,priority:t=null==t?10:t})},doHook:function(r,o,e){var t;if(e=Array.prototype.slice.call(e,1),null!=gform.hooks[r][o]&&((o=gform.hooks[r][o]).sort(function(o,r){return o.priority-r.priority}),o.forEach(function(o){\"function\"!=typeof(t=o.callable)&&(t=window[t]),\"action\"==r?t.apply(null,e):e[0]=t.apply(null,e)})),\"filter\"==r)return e[0]},removeHook:function(o,r,t,n){var e;null!=gform.hooks[o][r]&&(e=(e=gform.hooks[o][r]).filter(function(o,r,e){return!!(null!=n&&n!=o.tag||null!=t&&t!=o.priority)}),gform.hooks[o][r]=e)}});\n<\/script>\n\n                <div class='gf_browser_gecko gform_wrapper gravity-theme gform-theme--no-framework waitlist_wrapper' data-form-theme='gravity-theme' data-form-index='0' id='gform_wrapper_3' ><form method='post' enctype='multipart\/form-data'  id='gform_3' class='waitlist' action='\/nl\/wp-json\/wp\/v2\/posts\/9584' data-formid='3' novalidate> \r\n <input type='hidden' class='gforms-pum' value='{\"closepopup\":false,\"closedelay\":0,\"openpopup\":false,\"openpopup_id\":0}' \/>\n                        <div class='gform-body gform_body'><div id='gform_fields_3' class='gform_fields top_label form_sublabel_below description_below validation_below'><div id=\"field_3_3\" class=\"gfield gfield--type-honeypot gform_validation_container field_sublabel_below gfield--has-description field_description_below field_validation_below gfield_visibility_visible\"  ><label class='gfield_label gform-field-label' for='input_3_3'>Email<\/label><div class='ginput_container'><input name='input_3' id='input_3_3' type='text' value='' autocomplete='new-password'\/><\/div><div class='gfield_description' id='gfield_description_3_3'>Dit veld is bedoeld voor validatiedoeleinden en moet niet worden gewijzigd.<\/div><\/div><div id=\"field_3_2\" class=\"gfield gfield--type-website gfield--input-type-website gfield--width-full field_sublabel_below gfield--no-description field_description_below field_validation_below gfield_visibility_hidden\"  ><div class=\"admin-hidden-markup\"><i class=\"gform-icon gform-icon--hidden\" aria-hidden=\"true\" title=\"Dit veld is verborgen bij het bekijken van het formulier\"><\/i><span>Dit veld is verborgen bij het bekijken van het formulier<\/span><\/div><label class='gfield_label gform-field-label' for='input_3_2'>Site Web<\/label><div class='ginput_container ginput_container_website'>\n                    <input name='input_2' id='input_3_2' type='url' value='https:\/\/provencelovers.fr\/nl\/wp-json\/wp\/v2\/posts\/9584' class='large'    placeholder='https:\/\/'  aria-invalid=\"false\" \/>\n                <\/div><\/div><div id=\"field_3_1\" class=\"gfield gfield--type-email gfield--input-type-email gfield--width-full field_sublabel_below gfield--no-description field_description_below hidden_label field_validation_below gfield_visibility_visible\"  ><label class='gfield_label gform-field-label' for='input_3_1'>E-mail<\/label><div class='ginput_container ginput_container_email'>\n                            <input name='input_1' id='input_3_1' type='email' value='votre e-mail' class='large'     aria-invalid=\"false\"  \/>\n                        <\/div><\/div><\/div><\/div>\n        <div class='gform-footer gform_footer top_label'> <input type='submit' id='gform_submit_button_3' class='gform_button button' onclick='gform.submission.handleButtonClick(this);' data-submission-type='submit' value='Aanmelden'  \/> \n            <input type='hidden' class='gform_hidden' name='gform_submission_method' data-js='gform_submission_method_3' value='postback' \/>\n            <input type='hidden' class='gform_hidden' name='gform_theme' data-js='gform_theme_3' id='gform_theme_3' value='gravity-theme' \/>\n            <input type='hidden' class='gform_hidden' name='gform_style_settings' data-js='gform_style_settings_3' id='gform_style_settings_3' value='{&quot;inputPrimaryColor&quot;:&quot;#204ce5&quot;}' \/>\n            <input type='hidden' class='gform_hidden' name='is_submit_3' value='1' \/>\n            <input type='hidden' class='gform_hidden' name='gform_submit' value='3' \/>\n            \n            <input type='hidden' class='gform_hidden' name='gform_currency' data-currency='EUR' value='erIEyVK2UQxjiJ8onVwyEMeOA1uoE8g3LrRlPu51+JaPeDt81iNEpZ0lHRewoqfqB8EFF54JxDBr4UxYYRgGCUTLY8mqJ20TGfHdwNN5Wz5PQqo=' \/>\n            <input type='hidden' class='gform_hidden' name='gform_unique_id' value='' \/>\n            <input type='hidden' class='gform_hidden' name='state_3' value='WyJbXSIsImZmMDY0ZWJkMmU3ZDZhZTc3YTc4MDBiNDgyNDcwNGVlIl0=' \/>\n            <input type='hidden' autocomplete='off' class='gform_hidden' name='gform_target_page_number_3' id='gform_target_page_number_3' value='0' \/>\n            <input type='hidden' autocomplete='off' class='gform_hidden' name='gform_source_page_number_3' id='gform_source_page_number_3' value='1' \/>\n            <input type='hidden' name='gform_field_values' value='' \/>\n            \n        <\/div>\n                        <\/form>\n                        <\/div><script>\ngform.initializeOnLoaded( function() {gformInitSpinner( 3, 'https:\/\/provencelovers.fr\/wp-content\/plugins\/gravityforms\/images\/spinner.svg', true );jQuery('#gform_ajax_frame_3').on('load',function(){var contents = jQuery(this).contents().find('*').html();var is_postback = contents.indexOf('GF_AJAX_POSTBACK') >= 0;if(!is_postback){return;}var form_content = jQuery(this).contents().find('#gform_wrapper_3');var is_confirmation = jQuery(this).contents().find('#gform_confirmation_wrapper_3').length > 0;var is_redirect = contents.indexOf('gformRedirect(){') >= 0;var is_form = form_content.length > 0 && ! is_redirect && ! is_confirmation;var mt = parseInt(jQuery('html').css('margin-top'), 10) + parseInt(jQuery('body').css('margin-top'), 10) + 100;if(is_form){jQuery('#gform_wrapper_3').html(form_content.html());if(form_content.hasClass('gform_validation_error')){jQuery('#gform_wrapper_3').addClass('gform_validation_error');} else {jQuery('#gform_wrapper_3').removeClass('gform_validation_error');}setTimeout( function() { \/* delay the scroll by 50 milliseconds to fix a bug in chrome *\/  }, 50 );if(window['gformInitDatepicker']) {gformInitDatepicker();}if(window['gformInitPriceFields']) {gformInitPriceFields();}var current_page = jQuery('#gform_source_page_number_3').val();gformInitSpinner( 3, 'https:\/\/provencelovers.fr\/wp-content\/plugins\/gravityforms\/images\/spinner.svg', true );jQuery(document).trigger('gform_page_loaded', [3, current_page]);window['gf_submitting_3'] = false;}else if(!is_redirect){var confirmation_content = jQuery(this).contents().find('.GF_AJAX_POSTBACK').html();if(!confirmation_content){confirmation_content = contents;}jQuery('#gform_wrapper_3').replaceWith(confirmation_content);jQuery(document).trigger('gform_confirmation_loaded', [3]);window['gf_submitting_3'] = false;wp.a11y.speak(jQuery('#gform_confirmation_message_3').text());}else{jQuery('#gform_3').append(contents);if(window['gformRedirect']) {gformRedirect();}}jQuery(document).trigger(\"gform_pre_post_render\", [{ formId: \"3\", currentPage: \"current_page\", abort: function() { this.preventDefault(); } }]);        if (event && event.defaultPrevented) {                return;        }        const gformWrapperDiv = document.getElementById( \"gform_wrapper_3\" );        if ( gformWrapperDiv ) {            const visibilitySpan = document.createElement( \"span\" );            visibilitySpan.id = \"gform_visibility_test_3\";            gformWrapperDiv.insertAdjacentElement( \"afterend\", visibilitySpan );        }        const visibilityTestDiv = document.getElementById( \"gform_visibility_test_3\" );        let postRenderFired = false;        function triggerPostRender() {            if ( postRenderFired ) {                return;            }            postRenderFired = true;            gform.core.triggerPostRenderEvents( 3, current_page );            if ( visibilityTestDiv ) {                visibilityTestDiv.parentNode.removeChild( visibilityTestDiv );            }        }        function debounce( func, wait, immediate ) {            var timeout;            return function() {                var context = this, args = arguments;                var later = function() {                    timeout = null;                    if ( !immediate ) func.apply( context, args );                };                var callNow = immediate && !timeout;                clearTimeout( timeout );                timeout = setTimeout( later, wait );                if ( callNow ) func.apply( context, args );            };        }        const debouncedTriggerPostRender = debounce( function() {            triggerPostRender();        }, 200 );        if ( visibilityTestDiv && visibilityTestDiv.offsetParent === null ) {            const observer = new MutationObserver( ( mutations ) => {                mutations.forEach( ( mutation ) => {                    if ( mutation.type === 'attributes' && visibilityTestDiv.offsetParent !== null ) {                        debouncedTriggerPostRender();                        observer.disconnect();                    }                });            });            observer.observe( document.body, {                attributes: true,                childList: false,                subtree: true,                attributeFilter: [ 'style', 'class' ],            });        } else {            triggerPostRender();        }    } );} );\n<\/script>\n<\/div>\n\n\n\n<div class=\"wp-block-column is-layout-flow wp-block-column-is-layout-flow\" style=\"flex-basis:42%\">\n<div class=\"wp-block-genesis-blocks-gb-container ebook-radius-waitlist gb-block-container\"><div class=\"gb-container-inside\"><div class=\"gb-container-content\"><div class=\"wp-block-image ebook-image\">\n<figure class=\"aligncenter size-large\"><img decoding=\"async\" src=\"https:\/\/loirelovers.fr\/wp-content\/uploads\/2023\/03\/ebooks_CorseNormandie_FR.png\" alt=\"Box Ebook Corsica FR\"\/><\/figure>\n<\/div><\/div><\/div><\/div>\n<\/div>\n<\/div>\n<\/div><\/div><\/div>\n\n<h3 class=\"wp-block-heading\">Bezoek met kinderen<\/h3>\n\n<p>Kinderen van 7 tot 12 jaar krijgen bij binnenkomst een gratis <strong>spelletjesboekje<\/strong>. Spellen en puzzels helpen hen om de site op een leuke manier te ontdekken.<\/p>\n\n<p>Bezoekers kunnen hun bezoek ook voorbereiden of uitbreiden door verschillende activiteiten (spelletjes en kleurplaten) te downloaden van de offici\u00eble website van de villa. Ze zijn <a href=\"https:\/\/www.villa-ephrussi.com\/fr\/decouvrir\/activites-pour-enfants\" target=\"_blank\" rel=\"noreferrer noopener nofollow\">hier<\/a> verkrijgbaar.<\/p>\n\n<p>Kinderwagens zijn toegestaan.<\/p>\n\n<figure class=\"wp-block-image size-large\"><img decoding=\"async\" src=\"https:\/\/photos.smugmug.com\/Provence-Lovers\/Cap-Ferrat\/n-h4Cmfv\/Villa-Ephrussi\/i-xpPMkvT\/0\/970fe6b8\/L\/enfants-jardins-villa-ephrussi-rothschild-cap-ferrat-L.jpg\" alt=\"Kinderbeelden in de tuinen van de Villa Ephrussi de Rothschild in Saint-Jean-Cap-Ferrat\"\/><\/figure>\n\n<h3 class=\"wp-block-heading\">Dienstregeling en prijzen<\/h3>\n\n<p>De villa is elke dag van het jaar geopend:<\/p>\n\n<ul class=\"wp-block-list\">\n<li>1 februari tot 31 oktober: 10u tot 18u  <\/li>\n\n\n\n<li>Juli en augustus: 10u tot 19u<\/li>\n\n\n\n<li>6 november tot 30 januari: weekdagen van 14u tot 18u, weekends en schoolvakanties van 10u tot 18u<\/li>\n<\/ul>\n\n<p>Laatste toegang 1\/2 uur voor sluitingstijd.<\/p>\n\n<p><strong>Volle prijs<\/strong>: \u20ac17<br\/>Kinderen tot 7 jaar <strong>gratis <\/strong><\/p>\n\n<p>Bekijk de nieuwste tarieven en de volledige lijst met gereduceerde tarieven<a href=\"https:\/\/www.villa-ephrussi.com\/fr\/preparer-sa-visite\/tarifs\" target=\"_blank\" rel=\"noreferrer noopener nofollow\">hier<\/a>.<\/p>\n\n<hr class=\"wp-block-separator has-text-color has-alpha-channel-opacity has-background is-style-wide\" style=\"background-color:#000000;color:#000000\"\/>\n\n<p class=\"has-text-align-center\"><strong><a href=\"https:\/\/www.tiqets.com\/nl\/activites-attractions-saint-jean-cap-ferrat-c177759\/billets-pour-the-villa-ephrussi-de-rothschild-p1053878?partner=region_lovers&amp;tq_campaign=PL\" target=\"_blank\" rel=\"noreferrer noopener sponsored nofollow\">Boek vandaag nog uw toegangsticket met audiogids<\/a><\/strong><\/p>\n\n<hr class=\"wp-block-separator has-text-color has-alpha-channel-opacity has-background is-style-wide\" style=\"background-color:#000000;color:#000000\"\/>\n\n<figure class=\"wp-block-image size-large\"><img decoding=\"async\" src=\"https:\/\/photos.smugmug.com\/Provence-Lovers\/Cap-Ferrat\/n-h4Cmfv\/Villa-Ephrussi\/i-CjkTL4B\/0\/3e5ec420\/L\/bienvenue-villa-ephrussi-rothschild-cap-ferrat-L.jpg\" alt=\"Welkom bij Villa Ephrussi de Rothschild in Saint-Jean-Cap-Ferrat\"\/><\/figure>\n\n<h3 class=\"wp-block-heading\">Rondleidingen<\/h3>\n\n<p>Er zijn <strong>gratis<\/strong> <strong>audiogidsen<\/strong> beschikbaar voor het publiek. U kunt de<strong>applicatie<\/strong> ook gratis downloaden.  <\/p>\n\n<p>Rondleidingen zijn alleen beschikbaar <strong>op afspraak<\/strong>. Zie contacten <a href=\"https:\/\/www.villa-ephrussi.com\/fr\/preparer-sa-visite\/horaires-et-acces\" target=\"_blank\" rel=\"noreferrer noopener nofollow\">hier<\/a>.<\/p>\n\n<p>Het bezoek aan Villa Ephrussi maakt ook deel uit van een 8 uur durende route vanuit Nice, die ook het dorp \u00c8ze en het Prinsdom Monaco omvat. U wordt begeleid door een meertalige gids &#8211; <a href=\"https:\/\/www.getyourguide.nl\/nice-l314\/visite-de-villefranche-et-de-la-villa-rothschild-t28991\/?partner_id=R3GYW4V&amp;cmp=PL\" target=\"_blank\" rel=\"noreferrer noopener sponsored nofollow\">Bekijk prijzen, foto&#8217;s en beschikbaarheid<\/a>.<\/p>\n\n<figure class=\"wp-block-image size-large\"><img decoding=\"async\" src=\"https:\/\/photos.smugmug.com\/Provence-Lovers\/Cap-Ferrat\/n-h4Cmfv\/Villa-Ephrussi\/i-M5tSttH\/0\/e1c2e24b\/L\/accueil-villa-ephrussi-rothschild-cap-ferrat-L.jpg\" alt=\"Huis van de Villa Ephrussi de Rothschild in Saint-Jean-Cap-Ferrat\"\/><\/figure>\n\n<h3 class=\"wp-block-heading\">Restauratie<\/h3>\n\n<p>Restaurant Le <strong>B\u00e9atrice<\/strong> (tearoom) is van 1 februari tot en met 1 november elke dag geopend van 11.00 tot 17.30 uur. In juli en augustus sluit het iets later om 18.30 uur.<\/p>\n\n<p>Het restaurant is gevestigd in de voormalige eetzaal van B\u00e9atrice Ephrussi. De hoge ramen kijken uit over de baai van Villefranche.  <\/p>\n\n<figure class=\"wp-block-image size-large\"><img decoding=\"async\" src=\"https:\/\/photos.smugmug.com\/Provence-Lovers\/Cap-Ferrat\/n-h4Cmfv\/Villa-Ephrussi\/i-6gVXWC2\/0\/b4c30e7d\/L\/salle-a-manger-restaurant-villa-ephrussi-rothschild-cap-ferrat-L.jpg\" alt=\"Eetzaal van het restaurant Villa Ephrussi de Rothschild in Saint-Jean-Cap-Ferrat\"\/><\/figure>\n\n<p>Wij gaven er de voorkeur aan om in de schaduw van de sinaasappelbomen te genieten op het prachtige <strong>terras<\/strong>, dat open is bij mooi weer.  <\/p>\n\n<figure class=\"wp-block-image size-large\"><img decoding=\"async\" src=\"https:\/\/photos.smugmug.com\/Provence-Lovers\/Cap-Ferrat\/n-h4Cmfv\/Villa-Ephrussi\/i-b4zxwpg\/0\/ae5b9c3b\/L\/terrasse-restaurant-villa-ephrussi-rothschild-cap-ferrat-L.jpg\" alt=\"Terrasrestaurant in de Villa Ephrussi de Rothschild in Saint-Jean-Cap-Ferrat\"\/><\/figure>\n\n<p>De chef-kok, <strong>Aude Romero-Filipowski<\/strong>, heeft haar opleiding genoten bij enkele van de grootste sterrenchefs. Ze werkt met verse, lokale producten, ge\u00efnspireerd door de tuinen van de villa en hun geuren. Dit restaurant komt aan bod in ons artikel over de beste restaurants om te eten in Beaulieu-sur-Mer (verschijnt binnenkort).<\/p>\n\n<figure class=\"wp-block-image size-large\"><img decoding=\"async\" src=\"https:\/\/photos.smugmug.com\/Provence-Lovers\/Cap-Ferrat\/n-h4Cmfv\/Villa-Ephrussi\/i-qpjRfKn\/0\/4467f99b\/L\/assiette-gourmande-restaurant-villa-ephrussi-rothschild-cap-ferrat-L.jpg\" alt=\"Gastronomische maaltijd in restaurant Villa Ephrussi de Rothschild in Saint-Jean-Cap-Ferrat\"\/><figcaption class=\"wp-element-caption\">Assiette Gourmande La Jasmin<\/figcaption><\/figure>\n\n<h2 class=\"wp-block-heading\">Begin van de rondleiding: de elegantie van de Villa Ephrussi<\/h2>\n\n<p>Toen we bij de ingang van de villa aankwamen, werden we getroffen door de tijdloze elegantie, de subtiliteit van de kleuren en de majestueuze architectuur.<\/p>\n\n<figure class=\"wp-block-image size-large\"><img decoding=\"async\" src=\"https:\/\/photos.smugmug.com\/Provence-Lovers\/Cap-Ferrat\/n-h4Cmfv\/Villa-Ephrussi\/i-4z2hXCB\/0\/ad13d768\/L\/parvis-villa-ephrussi-rothschild-cap-ferrat-L.jpg\" alt=\"Voorplein van de Villa Ephrussi de Rothschild in Saint-Jean-Cap-Ferrat\"\/><\/figure>\n\n<h3 class=\"wp-block-heading\">Een Italiaans renaissancepaleis<\/h3>\n\n<p>De Villa Ephrussi de Rothschild combineert op harmonieuze wijze elementen van de Italiaanse Renaissance en het Franse Classicisme. De architecturale elegantie fascineerde ons.<\/p>\n\n<p><strong>De voorgevel van de ingang<\/strong><\/p>\n\n<p>De noordgevel is de eerste die u ziet als u het terrein betreedt. De roze inrichting, ge\u00efnspireerd op <strong>Venetiaanse paleizen<\/strong>, valt meteen op. Aan de linkerkant zorgt een trappentoren met geel pleisterwerk en een fantasievol ontwerp, met hoge opengewerkte ramen, voor transparantie en contrast.<\/p>\n\n<figure class=\"wp-block-image size-large\"><img decoding=\"async\" src=\"https:\/\/photos.smugmug.com\/Provence-Lovers\/Cap-Ferrat\/n-h4Cmfv\/Villa-Ephrussi\/i-Z2mNXng\/0\/cd5ef26f\/L\/facade-nord-villa-ephrussi-rothschild-cap-ferrat-L.jpg\" alt=\"Noordgevel van de Villa Ephrussi de Rothschild in Saint-Jean-Cap-Ferrat\"\/><\/figure>\n\n<p>Maar het is de<strong> flamboyante gotische<\/strong> ingangspoort die er echt uitspringt. We konden de uitstekende trap aan de rechterkant niet zien. Er wordt geadverteerd dat het in de zuiverste <strong>Florentijnse renaissancestijl<\/strong> is, maar ten tijde van ons bezoek werd het gerestaureerd.<\/p>\n\n<figure class=\"wp-block-image size-large\"><img decoding=\"async\" src=\"https:\/\/photos.smugmug.com\/Provence-Lovers\/Cap-Ferrat\/n-h4Cmfv\/Villa-Ephrussi\/i-shBf39f\/0\/1632c9f7\/L\/facade-nord-detail-villa-ephrussi-rothschild-cap-ferrat-L.jpg\" alt=\"Noordgevel (detail) van de Villa Ephrussi de Rothschild in Saint-Jean-Cap-Ferrat\"\/><\/figure>\n\n<p><strong>De pracht van de patio<\/strong><\/p>\n\n<p>De <strong>patio<\/strong> is een ontvangstruimte die typisch is voor <strong>Italiaanse Renaissance villa&#8217;s<\/strong>. Het is een mix van vele Italiaanse referenties: Venetiaans, Florentijns, Lombardiaans&#8230; Rondom de patio zijn de gewelven van de galerie versierd met een delicaat <strong>15e-eeuws<\/strong> motief dat B\u00e9atrice Ephrussi koos uit een kerk in Milaan. De delicatesse trok ons over de streep.<\/p>\n\n<figure class=\"wp-block-image size-large\"><img decoding=\"async\" src=\"https:\/\/photos.smugmug.com\/Provence-Lovers\/Cap-Ferrat\/n-h4Cmfv\/Villa-Ephrussi\/i-PMWKsK2\/0\/fd4e0b61\/L\/patio-villa-ephrussi-rothschild-cap-ferrat-L.jpg\" alt=\"Patio bij de Villa Ephrussi de Rothschild in Saint-Jean-Cap-Ferrat\"\/><\/figure>\n\n<p>Andere elementen uit kerken en kloosters zijn te vinden in de patio. De opengewerkte gemetselde <strong>balustrades<\/strong> op de eerste verdieping zijn getrouwe kopie\u00ebn van het traliewerk in het hart van de Kerk van de Wonderen in Veneti\u00eb. We vonden het geweldig om ons de trompe-l&#8217;\u0153il lucht voor te stellen die oorspronkelijk op het plafond te zien was.  <\/p>\n\n<h3 class=\"wp-block-heading\">Een lay-out in Franse stijl<\/h3>\n\n<p>Vanaf de patio liepen we via de <strong>porseleinen salon<\/strong> en de <strong>badkamer<\/strong> naar de priv\u00e9appartementen van barones Ephrussi. We hadden meteen door hoe geraffineerd ze de ruimte heeft ingericht, wat volledig tot uiting komt in haar flats.<\/p>\n\n<p><strong>De priv\u00e9appartementen van B\u00e9atrice Ephrussi<\/strong><\/p>\n\n<p>Met uitzicht op de zonsondergang kijkt de rotunda van de slaapkamer uit over de baai van Villefranche. Elk meubelstuk en elk object is zorgvuldig uitgekozen. Zoals de meeste grote verzamelaars van de jaren 1910 hield B\u00e9atrice Ephrussi de Rothschild van de <strong>18e eeuw<\/strong>. Maar ze heeft haar eigen persoonlijke touch toegevoegd.<\/p>\n\n<p>Mis de finesse van het grote ovale tapijt niet. Het werd gemaakt in de <strong>fabriek van Aubusson<\/strong> en dateert van het einde van de regeerperiode van <strong>Louis XVI<\/strong>. Lees <a href=\"https:\/\/www.aubusson-manufacture.com\/\" target=\"_blank\" rel=\"noreferrer noopener nofollow\">hier<\/a> meer.<\/p>\n\n<figure class=\"wp-block-image size-large\"><img decoding=\"async\" src=\"https:\/\/photos.smugmug.com\/Provence-Lovers\/Cap-Ferrat\/n-h4Cmfv\/Villa-Ephrussi\/i-TQ7bJg8\/0\/c75cb42c\/L\/appartement-prive-villa-ephrussi-rothschild-cap-ferrat-L.jpg\" alt=\"Rotonde van de slaapkamer van B&#xE9;atrice Ephrussi in de Villa Ephrussi de Rothchild in Saint-Jean-Cap-Ferrat  \"\/><\/figure>\n\n<p>Het tapijt weerspiegelt de vorm van het plafond. We waren dol op de 18e-eeuwse<strong>Venetiaanse<\/strong> schilderijen die de kamer versieren. Het beeldt de Triomf van een patrici\u00ebrsfamilie uit.<\/p>\n\n<figure class=\"wp-block-image size-large\"><img decoding=\"async\" src=\"https:\/\/photos.smugmug.com\/Provence-Lovers\/Cap-Ferrat\/n-h4Cmfv\/Villa-Ephrussi\/i-Nm4MgJD\/0\/4b965b7a\/L\/plafond-appartement-prive-villa-ephrussi-rothschild-cap-ferrat-L.jpg\" alt=\"Plafond van de rotunda in de slaapkamer van B&#xE9;atrice Ephrussi in de Villa Ephrussi de Rothchild in Saint-Jean-Cap-Ferrat  \"\/><\/figure>\n\n<p>We vonden het prachtige bed van de Barones erg mooi. Een delicaat vervaardigd<strong> Venetiaans bed<\/strong>, bedekt met subtiel geborduurde <strong>Chinese zijde<\/strong>. Het symboliseert de commerci\u00eble banden van de Rothschilds met China.<\/p>\n\n<figure class=\"wp-block-image size-large\"><img decoding=\"async\" src=\"https:\/\/photos.smugmug.com\/Provence-Lovers\/Cap-Ferrat\/n-h4Cmfv\/Villa-Ephrussi\/i-KtGTZRq\/0\/d25c6493\/L\/lit-appartement-prive-villa-ephrussi-rothschild-cap-ferrat-L.jpg\" alt=\"Het Venetiaanse bed van B&#xE9;atrice Ephrussi in de Villa Ephrussi de Rothchild in Saint-Jean-Cap-Ferrat  \"\/><\/figure>\n\n<p><strong>De ceremoni\u00eble kamers<\/strong><\/p>\n\n<p>Dit zijn de ontvangstruimten van de villa. Het zijn architecturale en decoratieve juweeltjes die getuigen van de elegantie en verfijning van zowel de vrouw des huizes als de Rivi\u00e8ra aan het begin van de 20e eeuw.<\/p>\n\n<p>We vonden vooral <strong>de kleine lounge<\/strong> erg leuk. We hielden van de intimiteit van deze kamer, die baadde in het licht dankzij de hoge ramen met uitzicht op de tuin. Het was gereserveerd voor gesprekken na het diner, zoals blijkt uit de 2 nissen, versierd met <strong>wandtapijten van<\/strong> de <strong> <strong>Manufacture des Gobelins<\/strong> uit de 18e<\/strong> eeuw.  <\/p>\n\n<figure class=\"wp-block-image size-large\"><img decoding=\"async\" src=\"https:\/\/photos.smugmug.com\/Provence-Lovers\/Cap-Ferrat\/n-h4Cmfv\/Villa-Ephrussi\/i-48Zwh6q\/0\/704d15e3\/L\/alcove-petit-salon-villa-ephrussi-rothschild-cap-ferrat-L.jpg\" alt=\"Alkoof in de kleine salon van de Villa Ephrussi de Rothschild in Saint-Jean-Cap-Ferrat\"\/><\/figure>\n\n<p>U kunt ook 3 schilderijen uit het atelier van <strong>Fran\u00e7ois Boucher<\/strong> bewonderen, waaronder <em>Le sommeil de V\u00e9nus<\/em> (zichtbaar op de foto). Lees <a href=\"https:\/\/francearchives.gouv.fr\/fr\/pages_histoire\/40021\" target=\"_blank\" rel=\"noreferrer noopener nofollow\">hier<\/a> meer.<\/p>\n\n<p><strong>De grote salon<\/strong> maakte indruk op ons met zijn royale afmetingen en luxueuze decoratieve details. U kunt zich gemakkelijk de recepties van die tijd voorstellen en de drukte rond de speeltafels, die doet denken aan de levensstijl in Versailles in de tijd van <strong>Marie-Antoinette<\/strong>.<\/p>\n\n<figure class=\"wp-block-image size-large\"><img decoding=\"async\" src=\"https:\/\/photos.smugmug.com\/Provence-Lovers\/Cap-Ferrat\/n-h4Cmfv\/Villa-Ephrussi\/i-DGGsrgJ\/0\/101ee2b3\/L\/grand-salon-villa-ephrussi-rothschild-cap-ferrat-L.jpg\" alt=\"Alkoof in de kleine salon van de Villa Ephrussi de Rothschild in Saint-Jean-Cap-Ferrat\"\/><\/figure>\n\n<p>Een van de tapijten komt uit het <strong>kasteel van Versailles<\/strong>. Het draagt 2 grote gouden L&#8217;s en werd voor Louis XV gemaakt door de <strong>Manufacture Royale de la Savonnerie<\/strong>. Lees <a href=\"https:\/\/www.mobiliernational.culture.gouv.fr\/fr\/nous-connaitre\/les-manufactures\/manufacture-de-la-savonnerie\" target=\"_blank\" rel=\"noreferrer noopener nofollow\">hier<\/a> meer.<\/p>\n\n<p>In het tweede deel van de salon is het plafond voorzien van een werk van de Venetiaanse schilder <strong>Giandomenico Tiepolo<\/strong>. Het beeldt <em>de strijdwagen van de liefde uit, getrokken door duiven<\/em>.<\/p>\n\n<figure class=\"wp-block-image size-large\"><img decoding=\"async\" src=\"https:\/\/photos.smugmug.com\/Provence-Lovers\/Cap-Ferrat\/n-h4Cmfv\/Villa-Ephrussi\/i-LRMRDbw\/0\/cbef80ca\/L\/plafond-grand-salon-villa-ephrussi-rothschild-cap-ferrat-L.jpg\" alt=\"Plafond van de grote salon in de Villa Ephrussi de Rothschild in Saint-Jean-Cap-Ferrat door Tiepolo\"\/><\/figure>\n\n<p>Tot slot komt het beschilderde houtwerk in de zitkamer uit <strong>H\u00f4tel de Crillon<\/strong> in Parijs. Het werd in 1907 volledig gerenoveerd en B\u00e9atrice Ephrussi kreeg het voor elkaar dat de architect de oude kantoorpanelen verwijderde.<\/p>\n\n<p>Wacht niet langer <strong>\n  <a href=\"https:\/\/www.tiqets.com\/nl\/activites-attractions-saint-jean-cap-ferrat-c177759\/billets-pour-the-villa-ephrussi-de-rothschild-p1053878?partner=region_lovers&amp;tq_campaign=PL\" target=\"_blank\" rel=\"noreferrer noopener sponsored nofollow\">boek vandaag uw ticket, inclusief audiogids<\/a>\n<\/strong>.<\/p>\n\n<figure class=\"wp-block-image size-large\"><img decoding=\"async\" src=\"https:\/\/photos.smugmug.com\/Provence-Lovers\/Cap-Ferrat\/n-h4Cmfv\/Villa-Ephrussi\/i-x3dbkj9\/0\/75b98820\/L\/boiseries-grand-salon-villa-ephrussi-rothschild-cap-ferrat-L.jpg\" alt=\"Houten lambrisering in de grote salon van de Villa Ephrussi de Rothschild in Saint-Jean-Cap-Ferrat door Tiepolo\"\/><\/figure>\n\n<h2 class=\"wp-block-heading\">De rondleiding gaat verder: verfijning tot op de eerste verdieping<\/h2>\n\n<p>Op de eerste verdieping leidt de <strong>patiogang<\/strong> naar intiemere ruimtes om te lezen, schrijven en priv\u00e9bijeenkomsten te houden. Nogmaals, we waardeerden de elegante inrichting. Het bevestigt de constante zorg van de barones om zich met de mooiste voorwerpen te omringen.<\/p>\n\n<figure class=\"wp-block-image size-large\"><img decoding=\"async\" src=\"https:\/\/photos.smugmug.com\/Provence-Lovers\/Cap-Ferrat\/n-h4Cmfv\/Villa-Ephrussi\/i-5KNGqGh\/0\/97dc94bb\/L\/coursive-patio-villa-ephrussi-rothschild-cap-ferrat-L.jpg\" alt=\"Loopbrug in de Villa Ephrussi de Rothschild in Saint-Jean-Cap-Ferrat&#10;\"\/><\/figure>\n\n<h3 class=\"wp-block-heading\">Van de Directoire-slaapkamer naar de apensalon<\/h3>\n\n<p><strong>De Directoire slaapkamer<\/strong><\/p>\n\n<p>Dit was de eerste kamer die we bezochten op de eerste verdieping. Het heeft een eenvoudig bed en een meer discrete elegantie, typisch voor de nasleep van de <strong>Franse Revolutie<\/strong>. We waren vooral onder de indruk van de <strong> groteske<\/strong> motieven op de lambrisering.<\/p>\n\n<figure class=\"wp-block-image size-large\"><img decoding=\"async\" src=\"https:\/\/photos.smugmug.com\/Provence-Lovers\/Cap-Ferrat\/n-h4Cmfv\/Villa-Ephrussi\/i-ZJn2Qhs\/0\/4afbf608\/L\/chambre%20-directoire-villa-ephrussi-rothschild-cap-ferrat-L.jpg\" alt=\"Directoire slaapkamer in de Villa Ephrussi de Rothschild in Saint-Jean-Cap-Ferrat.\"\/><\/figure>\n\n<p><strong>Opeenvolgende handelsbeurzen<\/strong><\/p>\n\n<p>Op de eerste verdieping vindt u ook een aantal salons, waaronder de <strong>salon des putti<\/strong>, waar u de film <em>B\u00e9atrice et l&#8217;\u00e2ge d&#8217;or de la Riviera<\/em> kunt zien, en de <strong>salon des porcelaines de Meissen<\/strong>. Maar het waren vooral de <strong>wandtapijtenkamer<\/strong> en de <strong>apenkamer<\/strong> die onze interesse wekten.<\/p>\n\n<p><strong>De wandtapijtenkamer<\/strong> herbergt, zoals de naam al doet vermoeden, 3 grote wandtapijten, waarvan er een bijna 20m2 groot is. Het is afkomstig van de <strong>Manufacture Royale des Gobelins<\/strong> en was niet zichtbaar tijdens ons bezoek. De anderen reproduceren pastorale en galante sc\u00e8nes van<strong> Fran\u00e7ois Boucher<\/strong>.<\/p>\n\n<figure class=\"wp-block-image size-large\"><img decoding=\"async\" src=\"https:\/\/photos.smugmug.com\/Provence-Lovers\/Cap-Ferrat\/n-h4Cmfv\/Villa-Ephrussi\/i-skj6HDc\/0\/a6c3dac1\/L\/salon-tapisseries-villa-ephrussi-rothschild-cap-ferrat-L.jpg\" alt=\"Salon des tapisseries, Villa Ephrussi de Rothschild, Saint-Jean-Cap-Ferrat.\"\/><\/figure>\n\n<p>We hebben echt genoten van <strong>de apenshow<\/strong>. Het houtwerk is versierd met afbeeldingen van apen. Ze vertellen ons iets meer over de barones, die er 2 als huisdier hield.  <\/p>\n\n<figure class=\"wp-block-image size-large\"><img decoding=\"async\" src=\"https:\/\/photos.smugmug.com\/Provence-Lovers\/Cap-Ferrat\/n-h4Cmfv\/Villa-Ephrussi\/i-8KnkfWJ\/0\/ade06ef3\/L\/salon-singes-miroir-villa-ephrussi-rothschild-cap-ferrat-L.jpg\" alt=\"Salon des singes, Villa Ephrussi de Rothschild, Saint-Jean-Cap-Ferrat.\"\/><\/figure>\n\n<p>Ze was erg op hen gesteld en, naar men zegt, waardeerde ze hun brutaliteit. <strong>Zingen<\/strong> was ook een erg modieus thema in de <strong>18e eeuw<\/strong>.<\/p>\n\n<figure class=\"wp-block-image size-large is-resized\"><img decoding=\"async\" src=\"https:\/\/photos.smugmug.com\/Provence-Lovers\/Cap-Ferrat\/n-h4Cmfv\/Villa-Ephrussi\/i-pFqj7GT\/0\/b49fe5b6\/L\/salon-singes-villa-ephrussi-rothschild-cap-ferrat-L.jpg\" alt=\"Detail, aapsalon, Villa Ephrussi de Rothschild, Saint-Jean-Cap-Ferrat.&#10;\" style=\"width:702px;height:auto\"\/><figcaption class=\"wp-element-caption\">Aap lounge motief<\/figcaption><\/figure>\n\n<h3 class=\"wp-block-heading\">Van het panoramische terras naar de blauwe kamer<\/h3>\n\n<p>Dit was het laatste deel van de rondleiding over de eerste verdieping, en het had een aantal leuke verrassingen voor ons in petto.<\/p>\n\n<p><strong>Het<\/strong> <strong>panoramische uitzicht vanaf de<\/strong> op Florence ge\u00efnspireerde <strong>terras-loggia<\/strong> is adembenemend. Het kijkt uit op de tuinen en daarachter op het hele schiereiland Cap-Ferrat en de Baie de Beaulieu en Baie de Villefranche.<\/p>\n\n<figure class=\"wp-block-image size-large\"><img decoding=\"async\" src=\"https:\/\/photos.smugmug.com\/Provence-Lovers\/Cap-Ferrat\/n-h4Cmfv\/Villa-Ephrussi\/i-q5cHjNk\/0\/1ce0ef69\/L\/loggia-villa-ephrussi-rothschild-cap-ferrat-L.jpg\" alt=\"Terras-loggia, Villa Ephrussi de Rothschild in Saint-Jean-Cap-Ferrat.\"\/><\/figure>\n\n<p>De loggia is versierd met prachtig smeedijzeren beslag.<\/p>\n\n<p><strong>De blauwe kamer<\/strong> rondt onze rondleiding op de eerste verdieping af. Het was er zo eentje voor gasten. We hielden van de 3 grote ramen en de rustige, verfijnde sfeer. De 18e-eeuwse kroonluchter is gemaakt van een kooi met porseleinen bloemen. B\u00e9atrice Ephrussi heeft daar een porseleinen vogel laten plaatsen.<\/p>\n\n<figure class=\"wp-block-image size-large\"><img decoding=\"async\" src=\"https:\/\/photos.smugmug.com\/Provence-Lovers\/Cap-Ferrat\/n-h4Cmfv\/Villa-Ephrussi\/i-xKL2QJd\/0\/16df78d1\/L\/chambre-bleue-villa-ephrussi-rothschild-cap-ferrat-L.jpg\" alt=\"Blauwe kamer, Villa Ephrussi de Rothschild in Saint-Jean-Cap-Ferrat.\"\/><\/figure>\n\n<h2 class=\"wp-block-heading\">Vervolg van de rondleiding: naar het oosten, de mediterrane tuinen<\/h2>\n\n<p>Aan de voorkant van de villa, aan de zuidkant, valt het <strong>perspectief van de formele tuin<\/strong> het eerst op. Vervolgens komt u in de Proven\u00e7aalse tuin, voordat u de rozentuin bereikt, die als het ware boven de Middellandse Zee hangt.<\/p>\n\n<h3 class=\"wp-block-heading\">De Franse tuin<\/h3>\n\n<p><strong>Een tuin als het dek van een schip<\/strong>. Zo wilde B\u00e9atrice Ephrussi het, op de heuvel van Cap Ferrat, met uitzicht op zee. Vanaf de terras-loggia konden we de perfecte symmetrie zien: rechte paden, zorgvuldig gerangschikte bloemperken en precies gesnoeide heggen.<\/p>\n\n<figure class=\"wp-block-image size-large\"><img decoding=\"async\" src=\"https:\/\/photos.smugmug.com\/Provence-Lovers\/Cap-Ferrat\/n-h4Cmfv\/Villa-Ephrussi\/i-rtXkx7K\/0\/1d6b491e\/L\/vue-jardin-terrasse-villa-ephrussi_cap-ferrat-L.jpg\" alt=\"Panoramisch uitzicht vanaf het terras over de formele tuinen van de Villa Ephrussi de Rothschild in Saint-Jean-Cap-Ferrat\"\/><\/figure>\n\n<p>Slim geplaatste ornamenten maken de compositie van de tuin compleet. Ze zijn typisch voor de klassieke Franse tuinstijl van de 17e en 18e eeuw. We konden de vuurpotten en grote vazen, het kanaal en de zwembaden, de tempels en waterfonteinen bewonderen&#8230;  <\/p>\n\n<figure class=\"wp-block-image size-large\"><img decoding=\"async\" src=\"https:\/\/photos.smugmug.com\/Provence-Lovers\/Cap-Ferrat\/n-h4Cmfv\/Villa-Ephrussi\/i-Trgsj2X\/0\/14eacdb9\/L\/vue-sud-jardin-francaise-villa-ephrussi-rothschild-cap-ferrat-L.jpg\" alt=\"Waterfontein bij de Villa Ephrussi de Rothschild in Saint-Jean-Cap-Ferrat\"\/><\/figure>\n\n<p><strong>Enorme bomen, sommige meer dan honderd jaar oud<\/strong>, omringen de tuin. We hebben gekozen voor Aleppo-dennen, olijfbomen, cipressen&#8230; Maar het was vooral de gigantische <strong>vijgenboom in Moreton Bay<\/strong>, aan de rechterkant van het bassin, die ons fascineerde. Ze is honderd jaar oud en werd geplant in de tijd van Barones de Rothschild.<\/p>\n\n<figure class=\"wp-block-image size-large\"><img decoding=\"async\" src=\"https:\/\/photos.smugmug.com\/Provence-Lovers\/Cap-Ferrat\/n-h4Cmfv\/Villa-Ephrussi\/i-9NCCmj9\/0\/96f89a0f\/L\/figuier-villa-ephrussi-rothschild-cap-ferrat-L.jpg\" alt=\"Vijgenboom in Moreton Bay bij de Villa Ephrussi de Rothschild in Saint-Jean-Cap-Ferrat\"\/><figcaption class=\"wp-element-caption\">Vijgenboom Moreton Bay<\/figcaption><\/figure>\n\n<h3 class=\"wp-block-heading\">De Proven\u00e7aalse tuin en rozentuin<\/h3>\n\n<p><strong>De mediterrane essences van de Proven\u00e7aalse tuin<\/strong> betoverden ons: lavendel, rozemarijn, cistus santoline, viperina, helichrysum&#8230; in de schaduw van pijnbomen en olijfbomen, opgeschud door de zeebries. Een echte traktatie.<\/p>\n\n<figure class=\"wp-block-image size-large\"><img decoding=\"async\" src=\"https:\/\/photos.smugmug.com\/Provence-Lovers\/Cap-Ferrat\/n-h4Cmfv\/Villa-Ephrussi\/i-nBkVF82\/0\/e449f181\/L\/jardin-provencal-villa-ephrussi-rothschild-cap-ferrat-L.jpg\" alt=\"Proven&#xE7;aalse tuin in de Villa Ephrussi de Rothschild in Saint-Jean-Cap-Ferrat\"\/><\/figure>\n\n<p><strong>De ouderwetse charme van de rozentuin<\/strong> biedt een romantische, vredige omgeving met uitzicht op de baai van Villefranche. Ons bezoek aan het einde van de zomer was echter niet het juiste moment om van de wonderen van deze tuin met vele vari\u00ebteiten te genieten. De bloemen zijn het mooist in mei, juni en juli.<\/p>\n\n<figure class=\"wp-block-image size-large\"><img decoding=\"async\" src=\"https:\/\/photos.smugmug.com\/Provence-Lovers\/Cap-Ferrat\/n-h4Cmfv\/Villa-Ephrussi\/i-PQG2PVL\/0\/678620b1\/L\/roseraie-jardin-villa-ephrussi_cap-ferrat-L.jpg\" alt=\"Rozentuin van de Villa Ephrussi de Rothschild in Saint-Jean-Cap-Ferrat\"\/><\/figure>\n\n<h2 class=\"wp-block-heading\">Einde van de tour: naar het westen, de tuinen van de wereld<\/h2>\n\n<p>Op de terugweg naar de villa liepen we langs de westkant van het landgoed door een opeenvolging van tuinen die ge\u00efnspireerd waren door de hele wereld, de ene nog mooier dan de andere.<\/p>\n\n<h3 class=\"wp-block-heading\">Van Mexicaanse tuin tot lapidaire tuin<\/h3>\n\n<p><strong>Het exotische van de Mexicaanse tuin<\/strong> trok ons over de streep. Het staat ook bekend als een exotische tuin, hoewel het oorspronkelijk ge\u00efnspireerd was door Mexicaanse landschappen. We hebben echt genoten van de paden die langs spectaculaire cactussen en cactusvijgen, torenhoge agaven en fascinerend gevormde vetplanten kronkelen.  <\/p>\n\n<figure class=\"wp-block-image size-large\"><img decoding=\"async\" src=\"https:\/\/photos.smugmug.com\/Provence-Lovers\/Cap-Ferrat\/n-h4Cmfv\/Villa-Ephrussi\/i-TtsphtF\/0\/64815206\/L\/jardin-exotique-villa-ephrussi-rothschild-cap-ferrat-L.jpg\" alt=\"Exotische tuin in de Villa Ephrussi de Rothschild in Saint-Jean-Cap-Ferrat\"\/><\/figure>\n\n<p>We waren ge\u00efntrigeerd door <strong>de vreemdheid van de stenen tuin<\/strong>. Toegang is via de <strong>Japanse tuin<\/strong>. Dit is een kleine omheinde tuin met oude architecturale elementen (bas-reli\u00ebfs, waterspuwers, zuilen, kapitelen, enz.) uit verschillende perioden en streken. Hier hangt een sfeer van romantische ru\u00efnes, perfect om bij weg te dromen.<\/p>\n\n<figure class=\"wp-block-image size-large\"><img decoding=\"async\" src=\"https:\/\/photos.smugmug.com\/Provence-Lovers\/Cap-Ferrat\/n-h4Cmfv\/Villa-Ephrussi\/i-BLdj4hg\/0\/07b067c3\/L\/jardin-lapidaire-villa-ephrussi-rothschild-cap-ferrat-L.jpg\" alt=\"Stenen tuin bij de Villa Ephrussi de Rothschild in Saint-Jean-Cap-Ferrat\"\/><\/figure>\n\n<h3 class=\"wp-block-heading\">Tuinen van Europa<\/h3>\n\n<p><strong>De intimiteit van de Florentijnse tuin<\/strong> is voelbaar vanaf de eerste stappen langs de met cipressen omzoomde paden. Overal zijn er kleine hoekjes en gaatjes, geheime trappen, trapsgewijze terrassen en elegante fonteinen. We vonden het heerlijk om onszelf te verliezen in dit betoverende toevluchtsoord in Toscaanse stijl.<\/p>\n\n<figure class=\"wp-block-image size-large\"><img decoding=\"async\" src=\"https:\/\/photos.smugmug.com\/Provence-Lovers\/Cap-Ferrat\/n-h4Cmfv\/Villa-Ephrussi\/i-TCrmSKT\/0\/1a3ea96d\/L\/jardin-florentin-villa-ephrussi-rothschild-cap-ferrat-L.jpg\" alt=\"Florentijnse tuin in de Villa Ephrussi de Rothschild in Saint-Jean-Cap-Ferrat\"\/><\/figure>\n\n<p><strong>De koelte van de Spaanse tuin<\/strong> is te danken aan het smalle kanaal dat verscholen ligt in de vegetatie en het zachte geruis van de fontein, die net gerestaureerd is.  <\/p>\n\n<figure class=\"wp-block-image size-large\"><img decoding=\"async\" src=\"https:\/\/photos.smugmug.com\/Provence-Lovers\/Cap-Ferrat\/n-h4Cmfv\/Villa-Ephrussi\/i-9k84gjR\/0\/27d7f4ae\/L\/jardin-espagnol-bis-villa-ephrussi_cap-ferrat-L.jpg\" alt=\"Spaanse tuin bij de Villa Ephrussi de Rothschild in Saint-Jean-Cap-Ferrat\"\/><\/figure>\n\n<p>Ge\u00efnspireerd door Andalusische patio&#8217;s en Moorse tuinen waren we verrukt over de overvloed aan kleuren en geuren in deze tuin.  <\/p>\n\n<figure class=\"wp-block-image size-large\"><img decoding=\"async\" src=\"https:\/\/photos.smugmug.com\/Provence-Lovers\/Cap-Ferrat\/n-h4Cmfv\/Villa-Ephrussi\/i-xKNrFXh\/0\/6619a3f9\/L\/fontaine-jardin-espagnol-villa-ephrussi-rothschild-cap-ferrat-L.jpg\" alt=\"Fontein in de Spaanse tuin van de Villa Ephrussi de Rothschild in Saint-Jean-Cap-Ferrat\"\/><\/figure>\n\n<p>Voordat we langs de <strong>Jardin de S\u00e8vres<\/strong> naar de uitgang van het landgoed liepen, werden we verliefd op een kleine hoefijzervormige trap. Verborgen in de vegetatie klimt hij onder de ramen van de slaapkamer van B\u00e9atrice Ephrussi de Rotschild door. Als een laatste afscheid van deze geweldige dame.<\/p>\n\n<figure class=\"wp-block-image size-large\"><img decoding=\"async\" src=\"https:\/\/photos.smugmug.com\/Provence-Lovers\/Cap-Ferrat\/n-h4Cmfv\/Villa-Ephrussi\/i-CcSKvxt\/0\/6a796c70\/L\/escalier-jardin-rotonde-beatrice-villa-ephrussi-rothschild-cap-ferrat-L.jpg\" alt=\"Trap onder de ramen van B&#xE9;atrice Ephrussi de Rothschild in Saint-Jean-Cap-Ferrat\"\/><\/figure>\n\n<div style=\"background-color:#fefefe;margin-top:6%;margin-bottom:6%\" class=\"wp-block-genesis-blocks-gb-container box gb-block-container\"><div class=\"gb-container-inside\"><div class=\"gb-container-content\" style=\"max-width:700px\">\n<div class=\"wp-block-columns inverse is-layout-flex wp-container-core-columns-is-layout-9d6595d7 wp-block-columns-is-layout-flex\">\n<div class=\"wp-block-column texte_planif is-layout-flow wp-block-column-is-layout-flow\" style=\"flex-basis:58%\">\n<h5 class=\"titre_box\">Ontvang onze <span class=\"titre_box_manuscrit\">nieuwsbrief<\/span><\/h5>\n\n\n\n<ul class=\"wp-block-list\">\n<li>Een frisse wind in uw dagelijkse leven op de prachtige bestemmingen van Region Lovers!<\/li>\n\n\n\n<li>Eenmaal per maand<\/li>\n\n\n\n<li>Reclamevrij<\/li>\n<\/ul>\n\n\n\n                <div class='gf_browser_gecko gform_wrapper gravity-theme gform-theme--no-framework waitlist_wrapper' data-form-theme='gravity-theme' data-form-index='0' id='gform_wrapper_4' >\n                        <div class='gform_heading'>\n                            <p class='gform_description'><\/p>\n                        <\/div><form method='post' enctype='multipart\/form-data'  id='gform_4' class='waitlist' action='\/nl\/wp-json\/wp\/v2\/posts\/9584' data-formid='4' novalidate> \r\n <input type='hidden' class='gforms-pum' value='{\"closepopup\":false,\"closedelay\":0,\"openpopup\":false,\"openpopup_id\":0}' \/>\n                        <div class='gform-body gform_body'><div id='gform_fields_4' class='gform_fields top_label form_sublabel_below description_below validation_below'><div id=\"field_4_1\" class=\"gfield gfield--type-email gfield--input-type-email gfield_contains_required field_sublabel_below gfield--no-description field_description_below hidden_label field_validation_below gfield_visibility_visible\"  ><label class='gfield_label gform-field-label' for='input_4_1'>E-mail<span class=\"gfield_required\"><span class=\"gfield_required gfield_required_text\">(Vereist)<\/span><\/span><\/label><div class='ginput_container ginput_container_email'>\n                            <input name='input_1' id='input_4_1' type='email' value='' class='large'    aria-required=\"true\" aria-invalid=\"false\"  \/>\n                        <\/div><\/div><fieldset id=\"field_4_3\" class=\"gfield gfield--type-consent gfield--type-choice gfield--input-type-consent gfield_contains_required field_sublabel_below gfield--no-description field_description_below hidden_label field_validation_below gfield_visibility_visible\"  ><legend class='gfield_label gform-field-label gfield_label_before_complex' >RGPD<span class=\"gfield_required\"><span class=\"gfield_required gfield_required_text\">(Vereist)<\/span><\/span><\/legend><div class='ginput_container ginput_container_consent'><input name='input_3.1' id='input_4_3_1' type='checkbox' value='1'   aria-required=\"true\" aria-invalid=\"false\"   \/> <label class=\"gform-field-label gform-field-label--type-inline gfield_consent_label\" for='input_4_3_1' >Ja, ik wil me abonneren op de maandelijkse nieuwsbrief<span class=\"gfield_required gfield_required_text\">(Vereist)<\/span><\/label><input type='hidden' name='input_3.2' value='Ja, ik wil me abonneren op de maandelijkse nieuwsbrief' class='gform_hidden' \/><input type='hidden' name='input_3.3' value='1' class='gform_hidden' \/><\/div><\/fieldset><div id=\"field_4_4\" class=\"gfield gfield--type-website gfield--input-type-website field_sublabel_below gfield--no-description field_description_below field_validation_below gfield_visibility_hidden\"  ><div class=\"admin-hidden-markup\"><i class=\"gform-icon gform-icon--hidden\" aria-hidden=\"true\" title=\"Dit veld is verborgen bij het bekijken van het formulier\"><\/i><span>Dit veld is verborgen bij het bekijken van het formulier<\/span><\/div><label class='gfield_label gform-field-label' for='input_4_4'>Site Web<\/label><div class='ginput_container ginput_container_website'>\n                    <input name='input_4' id='input_4_4' type='url' value='https:\/\/provencelovers.fr\/nl\/wp-json\/wp\/v2\/posts\/9584' class='large'    placeholder='https:\/\/'  aria-invalid=\"false\" \/>\n                <\/div><\/div><\/div><\/div>\n        <div class='gform-footer gform_footer top_label'> <input type='submit' id='gform_submit_button_4' class='gform_button button' onclick='gform.submission.handleButtonClick(this);' data-submission-type='submit' value='Aanmelden'  \/> \n            <input type='hidden' class='gform_hidden' name='gform_submission_method' data-js='gform_submission_method_4' value='postback' \/>\n            <input type='hidden' class='gform_hidden' name='gform_theme' data-js='gform_theme_4' id='gform_theme_4' value='gravity-theme' \/>\n            <input type='hidden' class='gform_hidden' name='gform_style_settings' data-js='gform_style_settings_4' id='gform_style_settings_4' value='{&quot;inputPrimaryColor&quot;:&quot;#204ce5&quot;}' \/>\n            <input type='hidden' class='gform_hidden' name='is_submit_4' value='1' \/>\n            <input type='hidden' class='gform_hidden' name='gform_submit' value='4' \/>\n            \n            <input type='hidden' class='gform_hidden' name='gform_currency' data-currency='EUR' value='akqDiBwF+tMDY97mePfNd1c2OrwC1h3ME0jMZ2+iUu1DrN4DomFguUwg+UgI3nKe4BvUFnXOEd\/JKlKZlkjBtP17ckYh1J8dbcqczoVpuyv+ILg=' \/>\n            <input type='hidden' class='gform_hidden' name='gform_unique_id' value='' \/>\n            <input type='hidden' class='gform_hidden' name='state_4' value='WyJ7XCIzLjFcIjpcIjQ4N2RjMTgyMjNmY2RjNTA1YjkyNzVhZTM4MWMxNTg5XCIsXCIzLjJcIjpcIjJkZDE5NWMxYTMzNmMyMDRjMWViNGM3ZGUzYTQzOWUwXCIsXCIzLjNcIjpcIjQ4N2RjMTgyMjNmY2RjNTA1YjkyNzVhZTM4MWMxNTg5XCJ9IiwiODczMjVmNmYyMWJlZTliOGMyNTJiYjc1YWIwZjViMzAiXQ==' \/>\n            <input type='hidden' autocomplete='off' class='gform_hidden' name='gform_target_page_number_4' id='gform_target_page_number_4' value='0' \/>\n            <input type='hidden' autocomplete='off' class='gform_hidden' name='gform_source_page_number_4' id='gform_source_page_number_4' value='1' \/>\n            <input type='hidden' name='gform_field_values' value='' \/>\n            \n        <\/div>\n                        <\/form>\n                        <\/div><script>\ngform.initializeOnLoaded( function() {gformInitSpinner( 4, 'https:\/\/provencelovers.fr\/wp-content\/plugins\/gravityforms\/images\/spinner.svg', true );jQuery('#gform_ajax_frame_4').on('load',function(){var contents = jQuery(this).contents().find('*').html();var is_postback = contents.indexOf('GF_AJAX_POSTBACK') >= 0;if(!is_postback){return;}var form_content = jQuery(this).contents().find('#gform_wrapper_4');var is_confirmation = jQuery(this).contents().find('#gform_confirmation_wrapper_4').length > 0;var is_redirect = contents.indexOf('gformRedirect(){') >= 0;var is_form = form_content.length > 0 && ! is_redirect && ! is_confirmation;var mt = parseInt(jQuery('html').css('margin-top'), 10) + parseInt(jQuery('body').css('margin-top'), 10) + 100;if(is_form){jQuery('#gform_wrapper_4').html(form_content.html());if(form_content.hasClass('gform_validation_error')){jQuery('#gform_wrapper_4').addClass('gform_validation_error');} else {jQuery('#gform_wrapper_4').removeClass('gform_validation_error');}setTimeout( function() { \/* delay the scroll by 50 milliseconds to fix a bug in chrome *\/  }, 50 );if(window['gformInitDatepicker']) {gformInitDatepicker();}if(window['gformInitPriceFields']) {gformInitPriceFields();}var current_page = jQuery('#gform_source_page_number_4').val();gformInitSpinner( 4, 'https:\/\/provencelovers.fr\/wp-content\/plugins\/gravityforms\/images\/spinner.svg', true );jQuery(document).trigger('gform_page_loaded', [4, current_page]);window['gf_submitting_4'] = false;}else if(!is_redirect){var confirmation_content = jQuery(this).contents().find('.GF_AJAX_POSTBACK').html();if(!confirmation_content){confirmation_content = contents;}jQuery('#gform_wrapper_4').replaceWith(confirmation_content);jQuery(document).trigger('gform_confirmation_loaded', [4]);window['gf_submitting_4'] = false;wp.a11y.speak(jQuery('#gform_confirmation_message_4').text());}else{jQuery('#gform_4').append(contents);if(window['gformRedirect']) {gformRedirect();}}jQuery(document).trigger(\"gform_pre_post_render\", [{ formId: \"4\", currentPage: \"current_page\", abort: function() { this.preventDefault(); } }]);        if (event && event.defaultPrevented) {                return;        }        const gformWrapperDiv = document.getElementById( \"gform_wrapper_4\" );        if ( gformWrapperDiv ) {            const visibilitySpan = document.createElement( \"span\" );            visibilitySpan.id = \"gform_visibility_test_4\";            gformWrapperDiv.insertAdjacentElement( \"afterend\", visibilitySpan );        }        const visibilityTestDiv = document.getElementById( \"gform_visibility_test_4\" );        let postRenderFired = false;        function triggerPostRender() {            if ( postRenderFired ) {                return;            }            postRenderFired = true;            gform.core.triggerPostRenderEvents( 4, current_page );            if ( visibilityTestDiv ) {                visibilityTestDiv.parentNode.removeChild( visibilityTestDiv );            }        }        function debounce( func, wait, immediate ) {            var timeout;            return function() {                var context = this, args = arguments;                var later = function() {                    timeout = null;                    if ( !immediate ) func.apply( context, args );                };                var callNow = immediate && !timeout;                clearTimeout( timeout );                timeout = setTimeout( later, wait );                if ( callNow ) func.apply( context, args );            };        }        const debouncedTriggerPostRender = debounce( function() {            triggerPostRender();        }, 200 );        if ( visibilityTestDiv && visibilityTestDiv.offsetParent === null ) {            const observer = new MutationObserver( ( mutations ) => {                mutations.forEach( ( mutation ) => {                    if ( mutation.type === 'attributes' && visibilityTestDiv.offsetParent !== null ) {                        debouncedTriggerPostRender();                        observer.disconnect();                    }                });            });            observer.observe( document.body, {                attributes: true,                childList: false,                subtree: true,                attributeFilter: [ 'style', 'class' ],            });        } else {            triggerPostRender();        }    } );} );\n<\/script>\n<\/div>\n\n\n\n<div class=\"wp-block-column is-layout-flow wp-block-column-is-layout-flow\" style=\"flex-basis:42%\">\n<div class=\"wp-block-genesis-blocks-gb-container aligncenter newsletter-radius gb-block-container\"><div class=\"gb-container-inside\"><div class=\"gb-container-content\"><div class=\"wp-block-image newsletter-image\">\n<figure class=\"aligncenter size-full\"><img loading=\"lazy\" decoding=\"async\" width=\"729\" height=\"792\" src=\"https:\/\/provencelovers.fr\/wp-content\/uploads\/2024\/01\/newsletter_FR_2.png\" alt=\"\" class=\"wp-image-8159\" srcset=\"https:\/\/provencelovers.fr\/wp-content\/uploads\/2024\/01\/newsletter_FR_2.png 729w, https:\/\/provencelovers.fr\/wp-content\/uploads\/2024\/01\/newsletter_FR_2-276x300.png 276w\" sizes=\"auto, (max-width: 729px) 100vw, 729px\" \/><\/figure>\n<\/div><\/div><\/div><\/div>\n<\/div>\n<\/div>\n<\/div><\/div><\/div>\n\n<h2 class=\"wp-block-heading\">Veelgestelde vragen<\/h2>\n\n<h3 class=\"wp-block-heading\">Wie was B\u00e9atrice Ephrussi de Rothschild?<\/h3>\n\n<p>B\u00e9atrice Ephrussi de Rothschild was een <strong>emblematische figuur<\/strong> van de high society in het begin van de 20e eeuw. Ze werd in 1864 geboren in een familie van bankiers en trouwde in 1883 met Maurice Ephrussi, een rijke zakenman. Ze scheidden in 1904.<\/p>\n\n<p>B\u00e9atrice <strong>is gepassioneerd door kunst, cultuur en tuinieren<\/strong> en staat bekend om haar voortreffelijke smaak, filantropie en mecenaat voor de kunsten. Ze wijdde een groot deel van haar leven aan de bouw van de villa, die 7 jaar duurde (1905-1912) en waarin ze maar weinig verbleef.<\/p>\n\n<p>Ze leed aan tuberculose en trok zich terug in Zwitserland, waar ze in 1934 overleed. Ze liet de villa en de tuinen na aan <strong>de Acad\u00e9mie des Beaux-Arts van het Institut de France<\/strong>. Lees <a href=\"https:\/\/www.academiedesbeauxarts.fr\/la-villa-et-les-jardins-ephrussi-de-rothschild\" target=\"_blank\" rel=\"noreferrer noopener nofollow\">hier<\/a> meer.<\/p>\n\n<p>De film <em>B\u00e9atrice et l&#8217;\u00e2ge d&#8217;or de la Riviera (Beatrice en de Gouden Eeuw van de Rivi\u00e8ra<\/em>) wordt vertoond in de putti-kamer op de eerste verdieping van de villa. Hij zal u meer vertellen over zijn buitengewone persoonlijkheid.<\/p>\n\n<figure class=\"wp-block-image size-large\"><img decoding=\"async\" src=\"https:\/\/photos.smugmug.com\/Provence-Lovers\/Cap-Ferrat\/n-h4Cmfv\/Villa-Ephrussi\/i-JNCTKKx\/0\/0ea1edba\/L\/vitrine-soieries-villa-ephrussi-rothschild-cap-ferrat-L.jpg\" alt=\"Zijden collectie in de Villa Ephrussi de Rothschild in Saint-Jean-Cap-Ferrat\"\/><figcaption class=\"wp-element-caption\">Zijde collectie<\/figcaption><\/figure>\n\n<h3 class=\"wp-block-heading\">Organiseert de Villa Ephrussi speciale evenementen of tijdelijke tentoonstellingen?<\/h3>\n\n<p>De villa organiseert <em>Les jeudis de la<\/em> villa, avonden met lezingen over belangrijke sociale onderwerpen met betrekking tot cultuur, geneeskunde, smaak, sport en kunst. Ze worden gevolgd door een diner bij kaarslicht. Lees <a href=\"https:\/\/www.villa-ephrussi.com\/fr\/jeudis-villa\" target=\"_blank\" rel=\"noreferrer noopener nofollow\">hier<\/a> meer over het conferentieprogramma.<\/p>\n\n<p>De villa organiseert ook het <em>Rozen- en Plantenfestival<\/em> in mei. Lees <a href=\"https:\/\/www.villa-ephrussi.com\/fr\/home\" target=\"_blank\" rel=\"noreferrer noopener nofollow\">hier<\/a> meer om er zeker van te zijn dat u niets mist.<\/p>\n\n<figure class=\"wp-block-image size-large\"><img decoding=\"async\" src=\"https:\/\/photos.smugmug.com\/Provence-Lovers\/Cap-Ferrat\/n-h4Cmfv\/Villa-Ephrussi\/i-qTT4rs6\/0\/f784c0ca\/L\/temple-amour-villa-ephrussi-rothschild-cap-ferrat-L.jpg\" alt=\"Tempel van de Liefde in de Villa Ephrussi de Rothschild in Saint-Jean-Cap-Ferrat\"\/><figcaption class=\"wp-element-caption\">Tempel van de Liefde<\/figcaption><\/figure>\n\n<h3 class=\"wp-block-heading\">Wanneer is de beste tijd om van de tuinen te genieten?<\/h3>\n\n<p>Elke tuin van de villa is anders, met zijn eigen vegetatie en speciale kenmerken. De beste tijd om ze te bezoeken varieert daarom afhankelijk van het thema en de gekozen diersoort. Gelukkig publiceert de villa een seizoenskalender, zodat u kunt zien welke maanden het gunstigst zijn voor elke tuin.<\/p>\n\n<p>Wilt u genieten van deze magische tuinen? <strong>\n  <a href=\"https:\/\/www.tiqets.com\/nl\/activites-attractions-saint-jean-cap-ferrat-c177759\/billets-pour-the-villa-ephrussi-de-rothschild-p1053878?partner=region_lovers&amp;tq_campaign=PL\" target=\"_blank\" rel=\"noreferrer noopener sponsored nofollow\">Boek dan vandaag nog uw toegangskaart, inclusief audiogids.<\/a>\n<\/strong>.<\/p>\n\n<figure class=\"wp-block-image size-large\"><img decoding=\"async\" src=\"https:\/\/photos.smugmug.com\/Provence-Lovers\/Cap-Ferrat\/n-h4Cmfv\/Villa-Ephrussi\/i-PGKW8LR\/0\/f540a2a3\/L\/saisons-jardins-villa-ephrussi-rothschild-cap-ferrat-L.jpg\" alt=\"Kalender van de tuinseizoenen in de Villa Ephrussi de Rothschild in Saint-Jean-Cap-Ferrat\"\/><figcaption class=\"wp-element-caption\">Seizoenskalender voor de tuinen van Villa Ephrussi<\/figcaption><\/figure>\n\n<div style=\"margin-top:8%;margin-bottom:8%\" class=\"wp-block-genesis-blocks-gb-container box gb-block-container\"><div class=\"gb-container-inside\"><div class=\"gb-container-content\" style=\"max-width:700px\">\n<div class=\"wp-block-genesis-blocks-gb-container box_titre gb-block-container\"><div class=\"gb-container-inside\"><div class=\"gb-container-content\">\n<h5 class=\"titre_box\" style=\"padding-top:10px;\">PLAN UW REIS NAAR DE <span class=\"titre_box_manuscrit\">C\u00f4te d&#8217;Azur<\/span><\/h5>\n<\/div><\/div><\/div>\n\n\n\n<hr class=\"wp-block-separator has-text-color has-alpha-channel-opacity has-background is-style-wide hr-box-planif\" style=\"background-color:#ccd3dd;color:#ccd3dd\"\/>\n\n\n\n<div class=\"wp-block-columns box_sans_border is-layout-flex wp-container-core-columns-is-layout-9d6595d7 wp-block-columns-is-layout-flex\">\n<div class=\"wp-block-column texte_planif is-layout-flow wp-block-column-is-layout-flow\" style=\"font-size:14px;flex-basis:60%\">\n<ul class=\"wp-block-list\">\n<li><strong>Inspiratie<\/strong><\/li>\n<\/ul>\n\n\n\n<p style=\"font-size:14px\"><a href=\"https:\/\/provencelovers.fr\/nl\/mooiste-landschappen-cote-azur-foto\/\" target=\"_blank\" rel=\"noreferrer noopener\">De mooiste landschappen in 30 foto&#8217;s<\/a><br\/><a href=\"https:\/\/provencelovers.fr\/nl\/bezienswaardigheden-cote-azur-bezoeken\/\" target=\"_blank\" rel=\"noreferrer noopener\">C\u00f4te d&#8217;Azur bezienswaardigheden<\/a><br\/><a href=\"https:\/\/provencelovers.fr\/nl\/mooiste-dorpen-cote-azur\/\" target=\"_blank\" rel=\"noreferrer noopener\">Mooiste dorpen<\/a><br\/><a href=\"https:\/\/provencelovers.fr\/nl\/mooiste-stranden-cote-azur\/\" target=\"_blank\" rel=\"noreferrer noopener\">Beste stranden aan de C\u00f4te d&#8217;Azur<\/a><br\/><a href=\"https:\/\/provencelovers.fr\/nl\/mooiste-tuinen-cote-azur\/\" target=\"_blank\" rel=\"noreferrer noopener\">De mooiste tuinen<\/a><br\/>Beste boottochten (verschijnt binnenkort)<br\/><a href=\"https:\/\/provencelovers.fr\/nl\/eilanden-cote-azur\/\" target=\"_blank\" rel=\"noreferrer noopener\">De mooiste eilanden<\/a><br\/><a href=\"https:\/\/provencelovers.fr\/nl\/onbekende-plekjes-cote-azur-verborgen-geheim\/\" target=\"_blank\" rel=\"noreferrer noopener\">Geheime plaatsen<\/a><\/p>\n<\/div>\n\n\n\n<div class=\"wp-block-column is-vertically-aligned-top planif-radius is-layout-flow wp-block-column-is-layout-flow\" style=\"flex-basis:40%\">\n<figure class=\"wp-block-image size-large img-portrait\"><img decoding=\"async\" src=\"https:\/\/photos.smugmug.com\/Provence-Lovers\/Antibes\/n-mKVLR5\/Port-Ponteil\/i-38NGtcB\/0\/f2464217\/S\/plage_ponteil_vue-S.jpg\" alt=\"Antibes en de bergen\" title=\"\"\/><\/figure>\n<\/div>\n<\/div>\n\n\n\n<hr class=\"wp-block-separator has-text-color has-alpha-channel-opacity has-background is-style-wide hr-box-planif\" style=\"background-color:#ccd3dd;color:#ccd3dd\"\/>\n\n\n\n<div class=\"wp-block-columns box_sans_border is-layout-flex wp-container-core-columns-is-layout-9d6595d7 wp-block-columns-is-layout-flex\">\n<div class=\"wp-block-column texte_planif is-layout-flow wp-block-column-is-layout-flow\" style=\"font-size:14px;flex-basis:60%\">\n<ul class=\"wp-block-list\">\n<li><strong>Praktisch advies<\/strong><\/li>\n<\/ul>\n\n\n\n<p style=\"font-size:14px\">Een geslaagde reis naar de C\u00f4te d&#8217;Azur (verschijnt binnenkort)<br\/><a href=\"https:\/\/provencelovers.fr\/nl\/een-auto-huren-provence\/\">Huur een auto in de Provence<\/a> &#8211; in <a href=\"https:\/\/provencelovers.fr\/nl\/een-auto-huren-nice-luchthaven-treinstation\/\">Nice<\/a> &#8211; in <a href=\"https:\/\/provencelovers.fr\/nl\/hoe-een-auto-huren-cannes-treinstation\/\">Cannes<\/a> &#8211; in <a href=\"https:\/\/provencelovers.fr\/nl\/hoe-een-auto-huren-marseille-luchthaven-treinstation\/\">Marseille<\/a> &#8211; in <a href=\"https:\/\/provencelovers.fr\/nl\/hoe-een-auto-huren-aix-provence-treinstation\/\">Aix-en-Provence<\/a>.<\/p>\n\n\n\n<p style=\"font-size:14px\">Routes: <a href=\"https:\/\/provencelovers.fr\/nl\/bezoek-5-dagen-cote-azur-reisroute\/\" target=\"_blank\" rel=\"noreferrer noopener\">5 dagen<\/a> &#8211; <a href=\"https:\/\/provencelovers.fr\/nl\/bezoek-cote-azur-een-week-reisroute\/\" target=\"_blank\" rel=\"noreferrer noopener\">1 week<\/a> &#8211; <a href=\"https:\/\/provencelovers.fr\/nl\/10-daagse-cote-azur-route-road-trip\/\" target=\"_blank\" rel=\"noreferrer noopener\">10 dagen<\/a><br\/>Weekend idee\u00ebn: best-of &#8211; <a href=\"https:\/\/provencelovers.fr\/nl\/romantisch-weekend-cote-azur\/\" target=\"_blank\" rel=\"noreferrer noopener\">romantisch<\/a> &#8211; <a href=\"https:\/\/provencelovers.fr\/nl\/weekend-luxe-cote-azur\/\" target=\"_blank\" rel=\"noreferrer noopener\">luxe<\/a> &#8211; <a href=\"https:\/\/provencelovers.fr\/nl\/weekend-ongewoon-cote-azur\/\" target=\"_blank\" rel=\"noreferrer noopener\">ongewoon<\/a><\/p>\n<\/div>\n\n\n\n<div class=\"wp-block-column is-vertically-aligned-top planif-radius is-layout-flow wp-block-column-is-layout-flow\" style=\"flex-basis:40%\">\n<figure class=\"wp-block-image size-large img-portrait\"><img decoding=\"async\" src=\"https:\/\/photos.smugmug.com\/Provence-Lovers\/Nice\/n-wSXLpq\/Gare\/i-b5C5b9P\/0\/d153a796\/S\/gare-tgv-nice-train-S.jpg\" alt=\"Nice station\" title=\"\"\/><\/figure>\n<\/div>\n<\/div>\n\n\n\n<hr class=\"wp-block-separator has-text-color has-alpha-channel-opacity has-background is-style-wide hr-box-planif\" style=\"background-color:#ccd3dd;color:#ccd3dd\"\/>\n\n\n\n<div class=\"wp-block-columns box_sans_border is-layout-flex wp-container-core-columns-is-layout-9d6595d7 wp-block-columns-is-layout-flex\">\n<div class=\"wp-block-column texte_planif is-layout-flow wp-block-column-is-layout-flow\" style=\"flex-basis:60%\">\n<ul class=\"wp-block-list\">\n<li><strong>Waar verblijven<\/strong><\/li>\n<\/ul>\n\n\n\n<p style=\"font-size:14px\"><a href=\"https:\/\/provencelovers.fr\/nl\/waar-verblijven-cote-azur-beste-plaatsen\/\" target=\"_blank\" rel=\"noreferrer noopener\">Waar te overnachten aan de C\u00f4te d&#8217;Azur<\/a><br\/><a href=\"https:\/\/provencelovers.fr\/nl\/beste-5-sterren-hotels-cote-azur-luxe-beoordelingen\/\" target=\"_blank\" rel=\"noreferrer noopener\">Beste luxe hotels aan de C\u00f4te d&#8217;Azur<\/a><br\/><a href=\"https:\/\/provencelovers.fr\/nl\/beste-hotels-aan-zee-strand-cote-azur\/\" target=\"_blank\" rel=\"noreferrer noopener\">Hotels aan zee<\/a><br\/><a href=\"https:\/\/provencelovers.fr\/nl\/beste-boutique-hotels-cote-azur-charm\/\" target=\"_blank\" rel=\"noreferrer noopener\">Beste boutique hotels<\/a><\/p>\n<\/div>\n\n\n\n<div class=\"wp-block-column is-vertically-aligned-top planif-radius is-layout-flow wp-block-column-is-layout-flow\" style=\"flex-basis:40%\">\n<figure class=\"wp-block-image size-large img-portrait\"><img decoding=\"async\" src=\"https:\/\/photos.smugmug.com\/Provence-Lovers\/Nice\/H&#xF4;tels\/n-vLRxMK\/H&#xF4;tel-Anantara-Plaza-Nice\/i-2LsgGht\/1\/4997b805\/S\/Hotel-Anantara-Plaza-Nice-vue-mer-terrasse-restaurant-S.jpg\" alt=\"\" title=\"\"\/><\/figure>\n<\/div>\n<\/div>\n\n\n\n<hr class=\"wp-block-separator has-text-color has-alpha-channel-opacity has-background is-style-wide hr-box-planif\" style=\"background-color:#ccd3dd;color:#ccd3dd\"\/>\n\n\n\n<div class=\"wp-block-columns box_sans_border is-layout-flex wp-container-core-columns-is-layout-9d6595d7 wp-block-columns-is-layout-flex\">\n<div class=\"wp-block-column texte_planif is-layout-flow wp-block-column-is-layout-flow\" style=\"flex-basis:60%\">\n<ul class=\"wp-block-list\">\n<li><strong>De must-dos<\/strong><\/li>\n<\/ul>\n\n\n\n<p style=\"font-size:14px\"><a href=\"https:\/\/provencelovers.fr\/nl\/nice-bezienswaardigheden\/\" target=\"_blank\" rel=\"noreferrer noopener\">Nice bezienswaardigheden<\/a><br\/><a href=\"https:\/\/provencelovers.fr\/nl\/bezienswaardigheden-cannes-bezoeken\/\" target=\"_blank\" rel=\"noreferrer noopener\">Cannes bezienswaardigheden<\/a><br\/><a href=\"https:\/\/provencelovers.fr\/nl\/bezienswaardigheden-antibes-bezoeken\/\" target=\"_blank\" rel=\"noreferrer noopener\">Antibes bezienswaardigheden<\/a><br\/><a href=\"https:\/\/provencelovers.fr\/nl\/bezienswaardigheden-monaco-bezoeken\/\">Monaco bezienswaardigheden<\/a><br\/><a href=\"https:\/\/provencelovers.fr\/nl\/bezienswaardigheden-saint-tropez-bezoeken\/\" target=\"_blank\" rel=\"noreferrer noopener\">Saint-Tropez bezienswaardigheden<\/a><br\/><a href=\"https:\/\/provencelovers.fr\/nl\/bezienswaardigheden-cassis-bezoeken\/\" target=\"_blank\" rel=\"noreferrer noopener\">Bezienswaardigheden in Cassis<\/a><br\/><a href=\"https:\/\/provencelovers.fr\/nl\/bezienswaardigheden-la-ciotat-bezoeken\/\">La Ciotat bezienswaardigheden<\/a><br\/><a href=\"https:\/\/provencelovers.fr\/nl\/bezienswaardigheden-dorp-eze-bezoeken\/\">Dorp van \u00c8ze<\/a><\/p>\n<\/div>\n\n\n\n<div class=\"wp-block-column is-vertically-aligned-top planif-radius is-layout-flow wp-block-column-is-layout-flow\" style=\"flex-basis:40%\">\n<figure class=\"wp-block-image size-large img-portrait\"><img decoding=\"async\" src=\"https:\/\/photos.smugmug.com\/Provence-Lovers\/Antibes\/n-mKVLR5\/Port-dAntibes\/i-nX9XG8L\/0\/feace0c9\/S\/nomade-port-antibes-S.jpg\" alt=\"Wallen Antibes\" title=\"\"\/><\/figure>\n<\/div>\n<\/div>\n\n\n\n<div class=\"wp-block-buttons planif_bouton is-content-justification-center is-layout-flex wp-container-core-buttons-is-layout-16018d1d wp-block-buttons-is-layout-flex\">\n<div class=\"wp-block-button has-custom-font-size\" style=\"font-size:14px\"><a class=\"wp-block-button__link has-white-color has-text-color wp-element-button\" style=\"border-radius:4px\">Bekijk al onze tips (verschijnt binnenkort)<img loading=\"lazy\" decoding=\"async\" width=\"16\" height=\"17\" class=\"wp-image-2851\" style=\"width: 16px;\" src=\"https:\/\/provencelovers.fr\/wp-content\/uploads\/2023\/08\/ArrowRight.webp\" alt=\"\"\/><\/a><\/div>\n<\/div>\n<\/div><\/div><\/div>\n\n<div class=\"wp-block-genesis-blocks-gb-container box_auteur_voyage gb-block-container\"><div class=\"gb-container-inside\"><div class=\"gb-container-content\">\n<figure class=\"wp-block-image size-large img_auteur_voyage img_provisoire\"><a href=\"https:\/\/provencelovers.fr\/nl\/claire\/\" target=\"_blank\" rel=\"noreferrer noopener\"><img decoding=\"async\" src=\"https:\/\/photos.smugmug.com\/Region-Lovers\/Equipe\/i-nsNF6C6\/0\/Cs2F5n96pkt9xFD9D3SVqmQspMhrKgN75nHgBqmjG\/L\/Claire-L.png\" alt=\"\"\/><\/a><\/figure>\n\n\n\n<h5 class=\"titre_auteur_voyage\"><span>ZE HEEFT DE REIS GEMAAKT <\/span><span class=\"titre_box_manuscrit\">Claire<\/span><\/h5>\n<\/div><\/div><\/div>\n\n<div class=\"wp-block-genesis-blocks-gb-container box_auteur_voyage gb-block-container\"><div class=\"gb-container-inside\"><div class=\"gb-container-content\">\n<figure class=\"wp-block-image size-large img_auteur_voyage img_provisoire img_severine\"><a href=\"https:\/\/provencelovers.fr\/nl\/severine-harzo\/\" target=\"_blank\" rel=\"noreferrer noopener\"><img decoding=\"async\" src=\"https:\/\/photos.smugmug.com\/Region-Lovers\/Equipe\/i-gFtV6Dq\/0\/C6RSrhKpdND9MjrwpgnJSBdMhs3jLBgbGtBgdHX2x\/L\/severine-2-L.jpg\" alt=\"\" style=\"object-fit:cover\"\/><\/a><\/figure>\n\n\n\n<h5 class=\"titre_auteur_voyage\"><span>ZIJ SCHREEF HET ARTIKEL \n <\/span><span class=\"titre_box_manuscrit\">S\u00e8verine<\/span><\/h5>\n<\/div><\/div><\/div>\n","protected":false},"excerpt":{"rendered":"<p>Als u van plan bent om naar de C\u00f4te d&#8217;Azur te gaan, raden wij u aan om de Villa Ephrussi de Rothschild in Saint-Jean-Cap-Ferrat te bezoeken. De tijdloze elegantie maakt het tot een van de architectonische juweeltjes van de Franse Rivi\u00e8ra. De villa getuigt van de verfijning van de Belle \u00c9poque. We waren dol op [&hellip;]<\/p>\n","protected":false},"author":11,"featured_media":9052,"comment_status":"closed","ping_status":"closed","sticky":false,"template":"","format":"standard","meta":{"_genesis_hide_title":false,"_genesis_hide_breadcrumbs":false,"_genesis_hide_singular_image":false,"_genesis_hide_footer_widgets":false,"_genesis_custom_body_class":"","_genesis_custom_post_class":"","_genesis_layout":"","footnotes":""},"categories":[180],"tags":[],"class_list":{"0":"post-9584","1":"post","2":"type-post","3":"status-publish","4":"format-standard","5":"has-post-thumbnail","7":"category-cap-ferrat-nl","8":"entry"},"yoast_head":"<!-- This site is optimized with the Yoast SEO plugin v27.2 - https:\/\/yoast.com\/product\/yoast-seo-wordpress\/ -->\n<title>Villa Ephrussi (Saint-Jean-Cap-Ferrat): bezoek + foto&#039;s<\/title>\n<meta name=\"description\" content=\"Onze tips en foto&#039;s voor een bezoek aan Villa Ephrussi in Saint-Jean-Cap-Ferrat: toegang, bezienswaardigheden, praktische informatie.\" \/>\n<meta name=\"robots\" content=\"index, follow, max-snippet:-1, max-image-preview:large, max-video-preview:-1\" \/>\n<link rel=\"canonical\" href=\"https:\/\/provencelovers.fr\/nl\/bezoek-villa-ephrussi-saint-jean-cap-ferrat\/\" \/>\n<meta property=\"og:locale\" content=\"nl_NL\" \/>\n<meta property=\"og:type\" content=\"article\" \/>\n<meta property=\"og:title\" content=\"Villa Ephrussi (Saint-Jean-Cap-Ferrat): bezoek + foto&#039;s\" \/>\n<meta property=\"og:description\" content=\"Onze tips en foto&#039;s voor een bezoek aan Villa Ephrussi in Saint-Jean-Cap-Ferrat: toegang, bezienswaardigheden, praktische informatie.\" \/>\n<meta property=\"og:url\" content=\"https:\/\/provencelovers.fr\/nl\/bezoek-villa-ephrussi-saint-jean-cap-ferrat\/\" \/>\n<meta property=\"og:site_name\" content=\"Provence Lovers\" \/>\n<meta property=\"article:published_time\" content=\"2024-02-14T08:20:16+00:00\" \/>\n<meta property=\"article:modified_time\" content=\"2024-06-01T08:42:34+00:00\" \/>\n<meta property=\"og:image\" content=\"https:\/\/provencelovers.fr\/wp-content\/uploads\/2024\/02\/visiter-villa-ephrussi-saint-jean-cap-ferrat-1.jpg\" \/>\n\t<meta property=\"og:image:width\" content=\"800\" \/>\n\t<meta property=\"og:image:height\" content=\"600\" \/>\n\t<meta property=\"og:image:type\" content=\"image\/jpeg\" \/>\n<meta name=\"author\" content=\"S\u00e8verine HARZO\" \/>\n<meta name=\"twitter:card\" content=\"summary_large_image\" \/>\n<meta name=\"twitter:label1\" content=\"Geschreven door\" \/>\n\t<meta name=\"twitter:data1\" content=\"S\u00e8verine HARZO\" \/>\n\t<meta name=\"twitter:label2\" content=\"Geschatte leestijd\" \/>\n\t<meta name=\"twitter:data2\" content=\"18 minuten\" \/>\n<script type=\"application\/ld+json\" class=\"yoast-schema-graph\">{\"@context\":\"https:\/\/schema.org\",\"@graph\":[{\"@type\":\"Article\",\"@id\":\"https:\/\/provencelovers.fr\/nl\/bezoek-villa-ephrussi-saint-jean-cap-ferrat\/#article\",\"isPartOf\":{\"@id\":\"https:\/\/provencelovers.fr\/nl\/bezoek-villa-ephrussi-saint-jean-cap-ferrat\/\"},\"author\":{\"name\":\"S\u00e8verine HARZO\",\"@id\":\"https:\/\/provencelovers.fr\/nl\/#\/schema\/person\/75ce6e960ba0e9a5837a905b5b7ae1bc\"},\"headline\":\"Villa Ephrussi (Saint-Jean-Cap-Ferrat): bezoek + foto&#8217;s\",\"datePublished\":\"2024-02-14T08:20:16+00:00\",\"dateModified\":\"2024-06-01T08:42:34+00:00\",\"mainEntityOfPage\":{\"@id\":\"https:\/\/provencelovers.fr\/nl\/bezoek-villa-ephrussi-saint-jean-cap-ferrat\/\"},\"wordCount\":3605,\"publisher\":{\"@id\":\"https:\/\/provencelovers.fr\/nl\/#organization\"},\"image\":{\"@id\":\"https:\/\/provencelovers.fr\/nl\/bezoek-villa-ephrussi-saint-jean-cap-ferrat\/#primaryimage\"},\"thumbnailUrl\":\"https:\/\/provencelovers.fr\/wp-content\/uploads\/2024\/02\/visiter-villa-ephrussi-saint-jean-cap-ferrat-1.jpg\",\"articleSection\":[\"Cap Ferrat, Beaulieu en Villefranche\"],\"inLanguage\":\"nl-NL\"},{\"@type\":\"WebPage\",\"@id\":\"https:\/\/provencelovers.fr\/nl\/bezoek-villa-ephrussi-saint-jean-cap-ferrat\/\",\"url\":\"https:\/\/provencelovers.fr\/nl\/bezoek-villa-ephrussi-saint-jean-cap-ferrat\/\",\"name\":\"Villa Ephrussi (Saint-Jean-Cap-Ferrat): bezoek + foto's\",\"isPartOf\":{\"@id\":\"https:\/\/provencelovers.fr\/nl\/#website\"},\"primaryImageOfPage\":{\"@id\":\"https:\/\/provencelovers.fr\/nl\/bezoek-villa-ephrussi-saint-jean-cap-ferrat\/#primaryimage\"},\"image\":{\"@id\":\"https:\/\/provencelovers.fr\/nl\/bezoek-villa-ephrussi-saint-jean-cap-ferrat\/#primaryimage\"},\"thumbnailUrl\":\"https:\/\/provencelovers.fr\/wp-content\/uploads\/2024\/02\/visiter-villa-ephrussi-saint-jean-cap-ferrat-1.jpg\",\"datePublished\":\"2024-02-14T08:20:16+00:00\",\"dateModified\":\"2024-06-01T08:42:34+00:00\",\"description\":\"Onze tips en foto's voor een bezoek aan Villa Ephrussi in Saint-Jean-Cap-Ferrat: toegang, bezienswaardigheden, praktische informatie.\",\"breadcrumb\":{\"@id\":\"https:\/\/provencelovers.fr\/nl\/bezoek-villa-ephrussi-saint-jean-cap-ferrat\/#breadcrumb\"},\"inLanguage\":\"nl-NL\",\"potentialAction\":[{\"@type\":\"ReadAction\",\"target\":[\"https:\/\/provencelovers.fr\/nl\/bezoek-villa-ephrussi-saint-jean-cap-ferrat\/\"]}]},{\"@type\":\"ImageObject\",\"inLanguage\":\"nl-NL\",\"@id\":\"https:\/\/provencelovers.fr\/nl\/bezoek-villa-ephrussi-saint-jean-cap-ferrat\/#primaryimage\",\"url\":\"https:\/\/provencelovers.fr\/wp-content\/uploads\/2024\/02\/visiter-villa-ephrussi-saint-jean-cap-ferrat-1.jpg\",\"contentUrl\":\"https:\/\/provencelovers.fr\/wp-content\/uploads\/2024\/02\/visiter-villa-ephrussi-saint-jean-cap-ferrat-1.jpg\",\"width\":800,\"height\":600,\"caption\":\"lees ons artikel over de Villa Ephrussi de Rothschild in Saint-Jean-Cap-Ferrat!\"},{\"@type\":\"BreadcrumbList\",\"@id\":\"https:\/\/provencelovers.fr\/nl\/bezoek-villa-ephrussi-saint-jean-cap-ferrat\/#breadcrumb\",\"itemListElement\":[{\"@type\":\"ListItem\",\"position\":1,\"name\":\"Home\",\"item\":\"https:\/\/provencelovers.fr\/nl\/\"},{\"@type\":\"ListItem\",\"position\":2,\"name\":\"Cap Ferrat, Beaulieu en Villefranche\",\"item\":\"https:\/\/provencelovers.fr\/nl\/cap-ferrat-nl\/\"},{\"@type\":\"ListItem\",\"position\":3,\"name\":\"Villa Ephrussi (Saint-Jean-Cap-Ferrat): bezoek + foto&rsquo;s\"}]},{\"@type\":\"WebSite\",\"@id\":\"https:\/\/provencelovers.fr\/nl\/#website\",\"url\":\"https:\/\/provencelovers.fr\/nl\/\",\"name\":\"Provence Lovers\",\"description\":\"Uw zintuigen prikkelen in de Provence - De blog van Claire en Manu\",\"publisher\":{\"@id\":\"https:\/\/provencelovers.fr\/nl\/#organization\"},\"potentialAction\":[{\"@type\":\"SearchAction\",\"target\":{\"@type\":\"EntryPoint\",\"urlTemplate\":\"https:\/\/provencelovers.fr\/nl\/?s={search_term_string}\"},\"query-input\":{\"@type\":\"PropertyValueSpecification\",\"valueRequired\":true,\"valueName\":\"search_term_string\"}}],\"inLanguage\":\"nl-NL\"},{\"@type\":\"Organization\",\"@id\":\"https:\/\/provencelovers.fr\/nl\/#organization\",\"name\":\"Provence Lovers\",\"url\":\"https:\/\/provencelovers.fr\/nl\/\",\"logo\":{\"@type\":\"ImageObject\",\"inLanguage\":\"nl-NL\",\"@id\":\"https:\/\/provencelovers.fr\/nl\/#\/schema\/logo\/image\/\",\"url\":\"https:\/\/provencelovers.fr\/wp-content\/uploads\/2022\/11\/Blog-Provence-Lovers-Logos.png\",\"contentUrl\":\"https:\/\/provencelovers.fr\/wp-content\/uploads\/2022\/11\/Blog-Provence-Lovers-Logos.png\",\"width\":2707,\"height\":863,\"caption\":\"Provence Lovers\"},\"image\":{\"@id\":\"https:\/\/provencelovers.fr\/nl\/#\/schema\/logo\/image\/\"}},{\"@type\":\"Person\",\"@id\":\"https:\/\/provencelovers.fr\/nl\/#\/schema\/person\/75ce6e960ba0e9a5837a905b5b7ae1bc\",\"name\":\"S\u00e8verine HARZO\",\"image\":{\"@type\":\"ImageObject\",\"inLanguage\":\"nl-NL\",\"@id\":\"https:\/\/secure.gravatar.com\/avatar\/6d0d7a36298d05d1ff1079e571d7d76b1f551a3865fc37447d2c3ac79eadf069?s=96&d=mm&r=g\",\"url\":\"https:\/\/secure.gravatar.com\/avatar\/6d0d7a36298d05d1ff1079e571d7d76b1f551a3865fc37447d2c3ac79eadf069?s=96&d=mm&r=g\",\"contentUrl\":\"https:\/\/secure.gravatar.com\/avatar\/6d0d7a36298d05d1ff1079e571d7d76b1f551a3865fc37447d2c3ac79eadf069?s=96&d=mm&r=g\",\"caption\":\"S\u00e8verine HARZO\"},\"url\":\"https:\/\/provencelovers.fr\/nl\/author\/severineregionlovers-fr\/\"}]}<\/script>\n<!-- \/ Yoast SEO plugin. -->","yoast_head_json":{"title":"Villa Ephrussi (Saint-Jean-Cap-Ferrat): bezoek + foto's","description":"Onze tips en foto's voor een bezoek aan Villa Ephrussi in Saint-Jean-Cap-Ferrat: toegang, bezienswaardigheden, praktische informatie.","robots":{"index":"index","follow":"follow","max-snippet":"max-snippet:-1","max-image-preview":"max-image-preview:large","max-video-preview":"max-video-preview:-1"},"canonical":"https:\/\/provencelovers.fr\/nl\/bezoek-villa-ephrussi-saint-jean-cap-ferrat\/","og_locale":"nl_NL","og_type":"article","og_title":"Villa Ephrussi (Saint-Jean-Cap-Ferrat): bezoek + foto's","og_description":"Onze tips en foto's voor een bezoek aan Villa Ephrussi in Saint-Jean-Cap-Ferrat: toegang, bezienswaardigheden, praktische informatie.","og_url":"https:\/\/provencelovers.fr\/nl\/bezoek-villa-ephrussi-saint-jean-cap-ferrat\/","og_site_name":"Provence Lovers","article_published_time":"2024-02-14T08:20:16+00:00","article_modified_time":"2024-06-01T08:42:34+00:00","og_image":[{"width":800,"height":600,"url":"https:\/\/provencelovers.fr\/wp-content\/uploads\/2024\/02\/visiter-villa-ephrussi-saint-jean-cap-ferrat-1.jpg","type":"image\/jpeg"}],"author":"S\u00e8verine HARZO","twitter_card":"summary_large_image","twitter_misc":{"Geschreven door":"S\u00e8verine HARZO","Geschatte leestijd":"18 minuten"},"schema":{"@context":"https:\/\/schema.org","@graph":[{"@type":"Article","@id":"https:\/\/provencelovers.fr\/nl\/bezoek-villa-ephrussi-saint-jean-cap-ferrat\/#article","isPartOf":{"@id":"https:\/\/provencelovers.fr\/nl\/bezoek-villa-ephrussi-saint-jean-cap-ferrat\/"},"author":{"name":"S\u00e8verine HARZO","@id":"https:\/\/provencelovers.fr\/nl\/#\/schema\/person\/75ce6e960ba0e9a5837a905b5b7ae1bc"},"headline":"Villa Ephrussi (Saint-Jean-Cap-Ferrat): bezoek + foto&#8217;s","datePublished":"2024-02-14T08:20:16+00:00","dateModified":"2024-06-01T08:42:34+00:00","mainEntityOfPage":{"@id":"https:\/\/provencelovers.fr\/nl\/bezoek-villa-ephrussi-saint-jean-cap-ferrat\/"},"wordCount":3605,"publisher":{"@id":"https:\/\/provencelovers.fr\/nl\/#organization"},"image":{"@id":"https:\/\/provencelovers.fr\/nl\/bezoek-villa-ephrussi-saint-jean-cap-ferrat\/#primaryimage"},"thumbnailUrl":"https:\/\/provencelovers.fr\/wp-content\/uploads\/2024\/02\/visiter-villa-ephrussi-saint-jean-cap-ferrat-1.jpg","articleSection":["Cap Ferrat, Beaulieu en Villefranche"],"inLanguage":"nl-NL"},{"@type":"WebPage","@id":"https:\/\/provencelovers.fr\/nl\/bezoek-villa-ephrussi-saint-jean-cap-ferrat\/","url":"https:\/\/provencelovers.fr\/nl\/bezoek-villa-ephrussi-saint-jean-cap-ferrat\/","name":"Villa Ephrussi (Saint-Jean-Cap-Ferrat): bezoek + foto's","isPartOf":{"@id":"https:\/\/provencelovers.fr\/nl\/#website"},"primaryImageOfPage":{"@id":"https:\/\/provencelovers.fr\/nl\/bezoek-villa-ephrussi-saint-jean-cap-ferrat\/#primaryimage"},"image":{"@id":"https:\/\/provencelovers.fr\/nl\/bezoek-villa-ephrussi-saint-jean-cap-ferrat\/#primaryimage"},"thumbnailUrl":"https:\/\/provencelovers.fr\/wp-content\/uploads\/2024\/02\/visiter-villa-ephrussi-saint-jean-cap-ferrat-1.jpg","datePublished":"2024-02-14T08:20:16+00:00","dateModified":"2024-06-01T08:42:34+00:00","description":"Onze tips en foto's voor een bezoek aan Villa Ephrussi in Saint-Jean-Cap-Ferrat: toegang, bezienswaardigheden, praktische informatie.","breadcrumb":{"@id":"https:\/\/provencelovers.fr\/nl\/bezoek-villa-ephrussi-saint-jean-cap-ferrat\/#breadcrumb"},"inLanguage":"nl-NL","potentialAction":[{"@type":"ReadAction","target":["https:\/\/provencelovers.fr\/nl\/bezoek-villa-ephrussi-saint-jean-cap-ferrat\/"]}]},{"@type":"ImageObject","inLanguage":"nl-NL","@id":"https:\/\/provencelovers.fr\/nl\/bezoek-villa-ephrussi-saint-jean-cap-ferrat\/#primaryimage","url":"https:\/\/provencelovers.fr\/wp-content\/uploads\/2024\/02\/visiter-villa-ephrussi-saint-jean-cap-ferrat-1.jpg","contentUrl":"https:\/\/provencelovers.fr\/wp-content\/uploads\/2024\/02\/visiter-villa-ephrussi-saint-jean-cap-ferrat-1.jpg","width":800,"height":600,"caption":"lees ons artikel over de Villa Ephrussi de Rothschild in Saint-Jean-Cap-Ferrat!"},{"@type":"BreadcrumbList","@id":"https:\/\/provencelovers.fr\/nl\/bezoek-villa-ephrussi-saint-jean-cap-ferrat\/#breadcrumb","itemListElement":[{"@type":"ListItem","position":1,"name":"Home","item":"https:\/\/provencelovers.fr\/nl\/"},{"@type":"ListItem","position":2,"name":"Cap Ferrat, Beaulieu en Villefranche","item":"https:\/\/provencelovers.fr\/nl\/cap-ferrat-nl\/"},{"@type":"ListItem","position":3,"name":"Villa Ephrussi (Saint-Jean-Cap-Ferrat): bezoek + foto&rsquo;s"}]},{"@type":"WebSite","@id":"https:\/\/provencelovers.fr\/nl\/#website","url":"https:\/\/provencelovers.fr\/nl\/","name":"Provence Lovers","description":"Uw zintuigen prikkelen in de Provence - De blog van Claire en Manu","publisher":{"@id":"https:\/\/provencelovers.fr\/nl\/#organization"},"potentialAction":[{"@type":"SearchAction","target":{"@type":"EntryPoint","urlTemplate":"https:\/\/provencelovers.fr\/nl\/?s={search_term_string}"},"query-input":{"@type":"PropertyValueSpecification","valueRequired":true,"valueName":"search_term_string"}}],"inLanguage":"nl-NL"},{"@type":"Organization","@id":"https:\/\/provencelovers.fr\/nl\/#organization","name":"Provence Lovers","url":"https:\/\/provencelovers.fr\/nl\/","logo":{"@type":"ImageObject","inLanguage":"nl-NL","@id":"https:\/\/provencelovers.fr\/nl\/#\/schema\/logo\/image\/","url":"https:\/\/provencelovers.fr\/wp-content\/uploads\/2022\/11\/Blog-Provence-Lovers-Logos.png","contentUrl":"https:\/\/provencelovers.fr\/wp-content\/uploads\/2022\/11\/Blog-Provence-Lovers-Logos.png","width":2707,"height":863,"caption":"Provence Lovers"},"image":{"@id":"https:\/\/provencelovers.fr\/nl\/#\/schema\/logo\/image\/"}},{"@type":"Person","@id":"https:\/\/provencelovers.fr\/nl\/#\/schema\/person\/75ce6e960ba0e9a5837a905b5b7ae1bc","name":"S\u00e8verine HARZO","image":{"@type":"ImageObject","inLanguage":"nl-NL","@id":"https:\/\/secure.gravatar.com\/avatar\/6d0d7a36298d05d1ff1079e571d7d76b1f551a3865fc37447d2c3ac79eadf069?s=96&d=mm&r=g","url":"https:\/\/secure.gravatar.com\/avatar\/6d0d7a36298d05d1ff1079e571d7d76b1f551a3865fc37447d2c3ac79eadf069?s=96&d=mm&r=g","contentUrl":"https:\/\/secure.gravatar.com\/avatar\/6d0d7a36298d05d1ff1079e571d7d76b1f551a3865fc37447d2c3ac79eadf069?s=96&d=mm&r=g","caption":"S\u00e8verine HARZO"},"url":"https:\/\/provencelovers.fr\/nl\/author\/severineregionlovers-fr\/"}]}},"featured_image_src":"https:\/\/provencelovers.fr\/wp-content\/uploads\/2024\/02\/visiter-villa-ephrussi-saint-jean-cap-ferrat-1-600x400.jpg","featured_image_src_square":"https:\/\/provencelovers.fr\/wp-content\/uploads\/2024\/02\/visiter-villa-ephrussi-saint-jean-cap-ferrat-1-600x600.jpg","author_info":{"display_name":"S\u00e8verine HARZO","author_link":"https:\/\/provencelovers.fr\/nl\/author\/severineregionlovers-fr\/"},"_links":{"self":[{"href":"https:\/\/provencelovers.fr\/nl\/wp-json\/wp\/v2\/posts\/9584","targetHints":{"allow":["GET"]}}],"collection":[{"href":"https:\/\/provencelovers.fr\/nl\/wp-json\/wp\/v2\/posts"}],"about":[{"href":"https:\/\/provencelovers.fr\/nl\/wp-json\/wp\/v2\/types\/post"}],"author":[{"embeddable":true,"href":"https:\/\/provencelovers.fr\/nl\/wp-json\/wp\/v2\/users\/11"}],"replies":[{"embeddable":true,"href":"https:\/\/provencelovers.fr\/nl\/wp-json\/wp\/v2\/comments?post=9584"}],"version-history":[{"count":0,"href":"https:\/\/provencelovers.fr\/nl\/wp-json\/wp\/v2\/posts\/9584\/revisions"}],"wp:featuredmedia":[{"embeddable":true,"href":"https:\/\/provencelovers.fr\/nl\/wp-json\/wp\/v2\/media\/9052"}],"wp:attachment":[{"href":"https:\/\/provencelovers.fr\/nl\/wp-json\/wp\/v2\/media?parent=9584"}],"wp:term":[{"taxonomy":"category","embeddable":true,"href":"https:\/\/provencelovers.fr\/nl\/wp-json\/wp\/v2\/categories?post=9584"},{"taxonomy":"post_tag","embeddable":true,"href":"https:\/\/provencelovers.fr\/nl\/wp-json\/wp\/v2\/tags?post=9584"}],"curies":[{"name":"wp","href":"https:\/\/api.w.org\/{rel}","templated":true}]}}