{"id":10103,"date":"2024-03-05T18:34:32","date_gmt":"2024-03-05T17:34:32","guid":{"rendered":"https:\/\/provencelovers.fr\/plage-frejus-handiplage-advies-fotos\/"},"modified":"2024-03-06T09:20:09","modified_gmt":"2024-03-06T08:20:09","slug":"handi-plage-frejus-strand","status":"publish","type":"post","link":"https:\/\/provencelovers.fr\/nl\/handi-plage-frejus-strand\/","title":{"rendered":"Plage de Fr\u00e9jus (handiplage): tips + foto&#8217;s"},"content":{"rendered":"\n<p><strong> Het strand van Fr\u00e9jus<\/strong> ligt dicht bij het stadscentrum en bood ons een zonnige onderbreking tijdens ons bezoek aan de badplaats! Het strekt zich uit over 1 kilometer en biedt een prachtig uitzicht op de haven van Saint-Rapha\u00ebl en de vele caf\u00e9s, winkels en restaurants.<\/p>\n\n<p>Bekijk onze <strong>praktische tips<\/strong> en foto&#8217;s om u te helpen bij het plannen van uw bezoek!<\/p>\n\n<figure class=\"wp-block-image size-large\"><img decoding=\"async\" src=\"https:\/\/provencelovers.fr\/wp-content\/uploads\/2024\/03\/strand-frejus-NL-1024x769.png\" alt=\"Fr&#xE9;jus C&#xF4;te-d'Azur strand\" class=\"wp-image-10061\"\/><\/figure>\n\n<div class=\"wp-block-genesis-blocks-gb-container gb-block-container\"><div class=\"gb-container-inside\"><div class=\"gb-container-content\">\n<p>Deze gids is volledig <strong>onafhankelijk<\/strong>, gebaseerd op onze ervaringen. We bezochten de regio anoniem, maakten onze eigen keuzes en betaalden onze rekeningen volledig.<\/p>\n<\/div><\/div><\/div>\n\n<h2 class=\"wp-block-heading\">Is het strand van Fr\u00e9jus de moeite waard?<\/h2>\n\n<p>Ja, het is een strand dat zeker een bezoek waard is.<\/p>\n\n<p>Het Plage de Fr\u00e9jus bestaat uit verschillende openbare en priv\u00e9gedeelten (Plage des Sablettes, Plage de la R\u00e9publique, Plage du Capitole). Het ligt <strong>dicht bij het stadscentrum<\/strong> en biedt een <strong>prachtig uitzicht op de haven van Saint-Rapha\u00ebl<\/strong>, en er zijn veel caf\u00e9s, winkels en restaurants in de buurt. Aan de westkant kunt u langs de jachthaven van Fr\u00e9jus omhoog lopen om een loopbrug te nemen naar de overkant van de rivier de Argens.<br\/><em><br\/><\/em>Het is een van <strong>de belangrijkste attracties van de stad<\/strong> (artikel volgt nog).<\/p>\n\n<figure class=\"wp-block-image size-large\"><img decoding=\"async\" src=\"https:\/\/photos.smugmug.com\/Provence-Lovers\/Fr&#xE9;jus\/n-XwqvJP\/Plage-Fr&#xE9;jus\/i-rvkNsSj\/1\/CWDvkCNr3pVmNJb5xjhDFgqJSVf5ZDPfPB7vqjSkj\/L\/Plage-ville-fre&#x301;jus-7-L.jpg\" alt=\"Strand van Fr&#xE9;jus\"\/><\/figure>\n\n<h2 class=\"wp-block-heading\">Soort strand<\/h2>\n\n<h3 class=\"wp-block-heading\">Zand of geen zand?<\/h3>\n\n<p>De strandbodem is versierd met fijn goudkleurig zand.<br\/>We vonden het heerlijk om hier te ontspannen na een dag de stad te hebben verkend.<\/p>\n\n<figure class=\"wp-block-image size-large\"><img decoding=\"async\" src=\"https:\/\/photos.smugmug.com\/Provence-Lovers\/Fr&#xE9;jus\/n-XwqvJP\/Plage-Fr&#xE9;jus\/i-4s5vQwS\/0\/CQpd7bMcHhCz52kZBH5Xw5QTq3LFCPGWxQh8sVH3J\/L\/Plage-ville-fre&#x301;jus-9-L.jpg\" alt=\"Zand van het strand in Fr&#xE9;jus\"\/><\/figure>\n\n<h3 class=\"wp-block-heading\">Zwemomstandigheden en toezicht<\/h3>\n\n<p>Het water is doorzichtig en ondiep. De helling is zacht en geleidelijk, ideaal om met het hele gezin te zwemmen.<br\/><strong>Een deel van het strand<\/strong> staat alleen tijdens het hoogseizoen <strong>onder toezicht<\/strong>, wanneer de strandwacht geopend is. Deze staan aangegeven op de borden.<\/p>\n\n<figure class=\"wp-block-image size-large\"><img decoding=\"async\" src=\"https:\/\/photos.smugmug.com\/Provence-Lovers\/Fr&#xE9;jus\/n-XwqvJP\/Plage-Fr&#xE9;jus\/i-FJwgkd5\/1\/Cq33R2rQ34FshBrBc9L7Qc3gm5gsBQt3FJjZjmR3\/L\/Plage-ville-fre&#x301;jus-6-L.jpg\" alt=\"Strand van Fr&#xE9;jus - strandwachtstation\"\/><\/figure>\n\n<h3 class=\"wp-block-heading\">Faciliteiten<\/h3>\n\n<p>We hebben geen douches op het strand gezien. Er zijn wel openbare toiletten en een beachvolleybalnet.<\/p>\n\n<figure class=\"wp-block-image size-large\"><img decoding=\"async\" src=\"https:\/\/photos.smugmug.com\/Provence-Lovers\/Fr&#xE9;jus\/n-XwqvJP\/Plage-Fr&#xE9;jus\/i-knHmfC2\/5\/DsxBK9pLMQBVLRWtqzzs4tvMthqn83THJj9RmCg56\/L\/Plage-ville-fre&#x301;jus-L.jpg\" alt=\"Plage de Fr&#xE9;jus - openbare toiletten\"\/><\/figure>\n\n<h2 class=\"wp-block-heading\">Plage de Fr\u00e9jus: toegang<\/h2>\n\n<h3 class=\"wp-block-heading\">Waar is het strand?<\/h3>\n\n<ul class=\"wp-block-list\">\n<li>Het strand strekt zich uit over<strong> <\/strong>1 km langs de Boulevard d&#8217;Alger en Boulevard de la Lib\u00e9ration in Fr\u00e9jus.<\/li>\n\n\n\n<li>Toegang vanaf de oude stad: 30 minuten lopen.<\/li>\n\n\n\n<li>Toegang vanaf de haven van Saint-Rapha\u00ebl: 20 minuten lopen.<\/li>\n<\/ul>\n\n<figure class=\"wp-block-image size-large\"><img decoding=\"async\" src=\"https:\/\/photos.smugmug.com\/Provence-Lovers\/Fr&#xE9;jus\/n-XwqvJP\/Plage-Fr&#xE9;jus\/i-HHStMJR\/1\/CBVC6W3n5gGXCnRxnbDpJdZzQvXLwMF5sKtcZnMM9\/L\/Plage-ville-fre&#x301;jus-5-L.jpg\" alt=\"Fr&#xE9;jus strand - parkeerplaats\"\/><\/figure>\n\n<h3 class=\"wp-block-heading\">Toegang met de auto en parkeren<\/h3>\n\n<p>Er zijn een paar parkeerplaatsen langs het strand, maar in het hoogseizoen kan het vinden van een vrije plek een wonder zijn. Verderop in het artikel wijzen we u in de richting van een nabijgelegen parkeerplaats.<\/p>\n\n<p>Bovendien raden wij u aan om zo snel mogelijk te parkeren, want het verkeer in de stad kan lastig zijn in het hoogseizoen.<\/p>\n\n<div style=\"margin-top:8%;margin-bottom:8%\" class=\"wp-block-genesis-blocks-gb-container box gb-block-container\"><div class=\"gb-container-inside\"><div class=\"gb-container-content\">\n<div class=\"wp-block-columns inverse box_planif is-layout-flex wp-container-core-columns-is-layout-9d6595d7 wp-block-columns-is-layout-flex\">\n<div class=\"wp-block-column texte_planif is-layout-flow wp-block-column-is-layout-flow\" style=\"flex-basis:58%\">\n<h5 class=\"titre_box\">ONZE TIPS VOOR HET HUREN VAN UW AUTO IN <span class=\"titre_box_manuscrit\">\nProvence<\/span><\/h5>\n\n\n\n<ul class=\"liste_voiture wp-block-list\" style=\"font-size:14px\">\n<li>Vergelijk prijzen op ons favoriete platform: <a href=\"https:\/\/www.discovercars.com\/nl\/france?a_aid=zigzag&amp;chan=PL\" target=\"_blank\" rel=\"noreferrer noopener sponsored nofollow\">DiscoverCars<\/a> &#8211; een van de best beoordeelde sites.<\/li>\n\n\n\n<li>Kies een <strong>auto die krachtig genoeg <\/strong> is (de wegen zijn steil) maar <strong>compact<\/strong> (sommige doorgangen zijn smal).<\/li>\n\n\n\n<li>Overweeg<strong>een volledige verzekering<\/strong> (sommige wegen zijn bochtig en smal).<\/li>\n\n\n\n<li>Er is veel vraag naar, dus <strong>boek vroeg<\/strong>.<\/li>\n<\/ul>\n<\/div>\n\n\n\n<div class=\"wp-block-column planif-radius-3 is-layout-flow wp-block-column-is-layout-flow\" style=\"flex-basis:42%\">\n<figure class=\"wp-block-image size-full is-resized\"><img loading=\"lazy\" decoding=\"async\" width=\"421\" height=\"533\" src=\"https:\/\/provencelovers.fr\/wp-content\/uploads\/2023\/05\/Vieux-Nice-ruelle-L.png\" alt=\"\" class=\"wp-image-1302\" title=\"\" srcset=\"https:\/\/provencelovers.fr\/wp-content\/uploads\/2023\/05\/Vieux-Nice-ruelle-L.png 421w, https:\/\/provencelovers.fr\/wp-content\/uploads\/2023\/05\/Vieux-Nice-ruelle-L-237x300.png 237w\" sizes=\"auto, (max-width: 421px) 100vw, 421px\" \/><\/figure>\n<\/div>\n<\/div>\n\n\n\n<div class=\"wp-block-columns planif_bouton is-layout-flex wp-container-core-columns-is-layout-9d6595d7 wp-block-columns-is-layout-flex\">\n<div class=\"wp-block-column is-layout-flow wp-block-column-is-layout-flow\" style=\"flex-basis:50%\">\n<div class=\"wp-block-buttons is-content-justification-center is-layout-flex wp-container-core-buttons-is-layout-16018d1d wp-block-buttons-is-layout-flex\">\n<div class=\"wp-block-button has-custom-font-size\" style=\"font-size:14px\"><a class=\"wp-block-button__link has-white-color has-text-color wp-element-button\" href=\"https:\/\/www.discovercars.com\/nl\/france?a_aid=zigzag&amp;amp;chan=PL\" style=\"border-radius:4px\" target=\"_blank\" rel=\"noreferrer noopener\">Bekijk de auto&#8217;s<img loading=\"lazy\" decoding=\"async\" width=\"16\" height=\"17\" class=\"wp-image-2851\" style=\"width: 16px;\" src=\"https:\/\/provencelovers.fr\/wp-content\/uploads\/2023\/08\/ArrowRight.webp\" alt=\"\"\/><\/a><\/div>\n<\/div>\n<\/div>\n\n\n\n<div class=\"wp-block-column is-vertically-aligned-center is-layout-flow wp-block-column-is-layout-flow\" style=\"flex-basis:50%\">\n<p class=\"has-text-align-center\" style=\"font-size:14px\"><strong><a href=\"https:\/\/provencelovers.fr\/nl\/een-auto-huren-provence\/\">Bekijk onze tips<\/a><\/strong><\/p>\n<\/div>\n<\/div>\n<\/div><\/div><\/div>\n\n<h3 class=\"wp-block-heading\">Toegang vanaf de parkeerplaats<\/h3>\n\n<p>Wij raden u aan te parkeren in de dichtstbijzijnde parkeergarage op Rue des Forces Fran\u00e7aises Libres 28 in Fr\u00e9jus.<br\/>Het is 15 minuten lopen naar het strand.<\/p>\n\n<figure class=\"wp-block-image size-large\"><img decoding=\"async\" src=\"https:\/\/photos.smugmug.com\/Provence-Lovers\/Fr&#xE9;jus\/n-XwqvJP\/Plage-Fr&#xE9;jus\/i-2776D7T\/4\/tJQ9xkvDzJQR5hksX3L7Dw4PPPPWKNSTbnw6PRbS\/L\/Plage-ville-fre&#x301;jus-8-L.jpg\" alt=\"Strand van Fr&#xE9;jus\"\/><\/figure>\n\n<h3 class=\"wp-block-heading\">Toegang met openbaar vervoer<\/h3>\n\n<p>Het strand is gemakkelijk bereikbaar met de auto, te voet of met de fiets. Er zijn speciale parkeerplaatsen langs het strand.<\/p>\n\n<p>U kunt ook kiezen voor een busreis. Het Plage de Fr\u00e9jus wordt bediend door de <strong>buslijnen 01, A <\/strong>en<strong> C<\/strong> van het plaatselijke vervoersnetwerk.<br\/>Om uw route te plannen, kunt u<a href=\"https:\/\/www.esterelcotedazur-lebus.fr\/\" target=\"_blank\" rel=\"noreferrer noopener nofollow\">hier<\/a> de offici\u00eble website van het openbaar vervoer raadplegen.<\/p>\n\n<div class=\"wp-block-group\"><div class=\"wp-block-group__inner-container is-layout-constrained wp-block-group-is-layout-constrained\">\n<div style=\"margin-top:8%;margin-bottom:8%\" class=\"wp-block-genesis-blocks-gb-container box gb-block-container\"><div class=\"gb-container-inside\"><div class=\"gb-container-content\">\n<div class=\"wp-block-columns inverse is-layout-flex wp-container-core-columns-is-layout-9d6595d7 wp-block-columns-is-layout-flex\">\n<div class=\"wp-block-column texte_planif is-layout-flow wp-block-column-is-layout-flow\" style=\"flex-basis:58%\">\n<h5 class=\"titre_box\">PLAN UW VERBLIJF IN <span class=\"titre_box_manuscrit\">Saint-Rapha\u00ebl<\/span><\/h5>\n\n\n\n<ul class=\"wp-block-list\">\n<li style=\"font-size:14px\"><a href=\"https:\/\/provencelovers.fr\/nl\/bezienswaardigheden-saint-raphael-bezoeken\/\" target=\"_blank\" rel=\"noreferrer noopener\">Bezienswaardigheden in Saint-Rapha\u00ebl<\/a><\/li>\n\n\n\n<li style=\"font-size:14px\"><a href=\"https:\/\/provencelovers.fr\/nl\/waar-verblijven-saint-raphael-frejus-beste-hotels-wijken\/\" target=\"_blank\" rel=\"noreferrer noopener\">Beste hotels om te verblijven in Saint-Rapha\u00ebl<\/a><\/li>\n\n\n\n<li style=\"font-size:14px\"><a href=\"https:\/\/provencelovers.fr\/nl\/beste-restaurant-saint-raphael-frejus-eten-beoorderlingen\/\" target=\"_blank\" rel=\"noreferrer noopener\">Beste restaurants<\/a><\/li>\n\n\n\n<li style=\"font-size:14px\"><a href=\"https:\/\/provencelovers.fr\/nl\/mooiste-stranden-saint-raphael\/\" target=\"_blank\" rel=\"noreferrer noopener\">De beste stranden in Saint-Rapha\u00ebl<\/a><\/li>\n<\/ul>\n<\/div>\n\n\n\n<div class=\"wp-block-column ville-radius is-layout-flow wp-block-column-is-layout-flow\" style=\"flex-basis:42%\">\n<figure class=\"wp-block-image size-large is-resized img-portrait\"><img decoding=\"async\" src=\"https:\/\/photos.smugmug.com\/Provence-Lovers\/Best-of\/n-PbwqvZ\/Villes\/i-X4S9ppZ\/0\/2d9accd7\/S\/Saint_Raphael-S.jpg\" alt=\"Saint-Rapha&#xEB;l\" style=\"object-fit:contain;width:319px;height:303px\" title=\"\"\/><\/figure>\n<\/div>\n<\/div>\n<\/div><\/div><\/div>\n<\/div><\/div>\n\n<h2 class=\"wp-block-heading\">Speciale functies<\/h2>\n\n<h3 class=\"wp-block-heading\">Toegang met beperkte mobiliteit<\/h3>\n\n<p>Het Plage de Fr\u00e9jus is een handiplage, wat betekent dat het speciale faciliteiten heeft om de toegang tot het strand voor mensen met beperkte mobiliteit te vergemakkelijken. Het bevat bijvoorbeeld een helling voor toegang tot water, evenals aangepaste sanitaire voorzieningen, kleedkamers en douches.<\/p>\n\n<p>Om er te komen, gaat u naar de <strong>\n  <em>Natuurbasis Fran\u00e7ois L\u00e9otard<\/em>\n<\/strong> gelegen langs het strand aan de Boulevard de la Mer in Fr\u00e9jus. Lees <a href=\"https:\/\/www.handiplage.fr\/guide-touristique\/plages-accessibles\/label-handiplage-4\/frejus-base-nature-frejus\" target=\"_blank\" rel=\"noreferrer noopener nofollow\">hier<\/a> meer.<\/p>\n\n<h3 class=\"wp-block-heading\">Honden<\/h3>\n\n<p>Honden zijn niet toegestaan op dit strand.<\/p>\n\n<figure class=\"wp-block-image size-large\"><img decoding=\"async\" src=\"https:\/\/photos.smugmug.com\/Provence-Lovers\/Fr&#xE9;jus\/n-XwqvJP\/Plage-Fr&#xE9;jus\/i-Jd25hT6\/0\/FD5WJCZzJzvVHLfSL9974npcWPkc35vVFSqf9x3jQ\/L\/Plage-ville-fre&#x301;jus-10-L.jpg\" alt=\"Strand van Fr&#xE9;jus - honden niet toegestaan\"\/><\/figure>\n\n<h3 class=\"wp-block-heading\">Met kinderen<\/h3>\n\n<p>De helling is zacht en ideaal voor een bezoek met kinderen.<br\/>Er zijn echter weinig schaduwrijke plekken op het strand: vergeet niet om een parasol en water mee te nemen.<\/p>\n\n<h3 class=\"wp-block-heading\">Naturisme<\/h3>\n\n<p>Op dit strand is naturisme niet mogelijk.<\/p>\n\n<figure class=\"wp-block-image size-large\"><img decoding=\"async\" src=\"https:\/\/photos.smugmug.com\/Provence-Lovers\/Fr&#xE9;jus\/n-XwqvJP\/Plage-Fr&#xE9;jus\/i-RZJfhbz\/4\/XXrCnDxzKtpmBMWrbBn3m3Sw8B6NPZK4B6gWW76M\/L\/Plage-ville-fre&#x301;jus-1-L.jpg\" alt=\"Strand van Fr&#xE9;jus  \"\/><\/figure>\n\n<h3 class=\"wp-block-heading\">Uit eten<\/h3>\n\n<p>In het seizoen vindt u fastfood- en ijskraampjes dicht bij het strand.<br\/>Er zijn ook kwaliteitsrestaurants in de buurt, zoals Le Frangibus (2 minuten lopen) en Dim Sum (9 minuten lopen). Lees voor meer informatie ons artikel over de beste restaurants in Fr\u00e9jus en Saint-Rapha\u00ebl (verschijnt binnenkort)!<\/p>\n\n<h3 class=\"wp-block-heading\">Hotels<\/h3>\n\n<p>Fr\u00e9jus is een ideale plek om te overnachten, dicht bij Cannes en Sainte-Maxime. Fr\u00e9jus en Saint-Rapha\u00ebl grenzen aan elkaar, dus hier zijn onze aanbevelingen voor een verblijf in de omgeving:<\/p>\n\n<div style=\"margin-top:8%;margin-bottom:8%\" class=\"wp-block-genesis-blocks-gb-container box gb-block-container\"><div class=\"gb-container-inside\"><div class=\"gb-container-content\" style=\"max-width:700px\">\n<div class=\"wp-block-genesis-blocks-gb-container box_titre gb-block-container\"><div class=\"gb-container-inside\"><div class=\"gb-container-content\">\n<h5 class=\"titre_box\" style=\"padding-top:10px;\">WAAR TE VERBLIJVEN IN <span class=\"titre_box_manuscrit\">Saint-Rapha\u00ebl<\/span><\/h5>\n<\/div><\/div><\/div>\n\n\n\n<hr class=\"wp-block-separator has-text-color has-alpha-channel-opacity has-background is-style-wide hr-box-planif\" style=\"background-color:#ccd3dd;color:#ccd3dd\"\/>\n\n\n\n<div class=\"wp-block-columns box_sans_border is-layout-flex wp-container-core-columns-is-layout-9d6595d7 wp-block-columns-is-layout-flex\">\n<div class=\"wp-block-column texte_planif is-layout-flow wp-block-column-is-layout-flow\" style=\"font-size:14px;flex-basis:60%\">\n<p class=\"option_titre2\"><strong>Optie 1 <\/strong>: Centrum en stranden van Saint-Rapha\u00ebl en Fr\u00e9jus<\/p>\n\n\n\n<p style=\"font-size:14px\">Geniet van de charme van de stadjes en alle restaurants.<br\/>Wij raden aan..:<\/p>\n\n\n\n<ul class=\"ul_box wp-block-list\">\n<li style=\"font-size:14px\"><strong>Hotel Unique<\/strong> &#8211; <a href=\"https:\/\/www.booking.com\/hotel\/fr\/unique-et-residence.html?aid=2319618\" target=\"_blank\" rel=\"noreferrer noopener sponsored nofollow\">prijzen, foto&#8217;s en beschikbaarheid bekijken<\/a><\/li>\n\n\n\n<li style=\"font-size:14px\"><strong>H\u00f4tel Le Touring<\/strong> &#8211; <a href=\"https:\/\/www.booking.com\/hotel\/fr\/le-touring.html?aid=2319618\" target=\"_blank\" rel=\"noreferrer noopener sponsored nofollow\">prijzen, foto&#8217;s en beschikbaarheid bekijken<\/a><\/li>\n<\/ul>\n<\/div>\n\n\n\n<div class=\"wp-block-column is-vertically-aligned-top planif-radius is-layout-flow wp-block-column-is-layout-flow\" style=\"flex-basis:40%\">\n<figure class=\"wp-block-image size-large img-portrait\"><img decoding=\"async\" src=\"https:\/\/photos.smugmug.com\/Provence-Lovers\/Saint-Rapha&#xEB;l\/H&#xF4;tels\/n-Fxgrrn\/Visites\/i-fnxTWz3\/0\/74a1fc6c\/S\/hotel-touring-S.jpg\" alt=\"Hotel Portinari\" title=\"\"\/><\/figure>\n<\/div>\n<\/div>\n\n\n\n<hr class=\"wp-block-separator has-text-color has-alpha-channel-opacity has-background is-style-wide hr-box-planif\" style=\"background-color:#ccd3dd;color:#ccd3dd\"\/>\n\n\n\n<div class=\"wp-block-columns box_sans_border is-layout-flex wp-container-core-columns-is-layout-9d6595d7 wp-block-columns-is-layout-flex\">\n<div class=\"wp-block-column texte_planif is-layout-flow wp-block-column-is-layout-flow\" style=\"font-size:14px;flex-basis:60%\">\n<p class=\"option_titre\"><strong>Optie 2: <\/strong>Langs de kust naar Esterel<\/p>\n\n\n\n<p style=\"font-size:14px\">Aan zee, luxe hotels naast de rode rotsen van het Esterel. Wij raden aan..:<\/p>\n\n\n\n<ul class=\"ul_box wp-block-list\">\n<li style=\"font-size:14px\"><strong>Hotel La Villa Mauresque<\/strong> &#8211; <a href=\"https:\/\/www.booking.com\/hotel\/fr\/la-villa-mauresque.html?aid=2319618\" target=\"_blank\" rel=\"noreferrer noopener sponsored nofollow\">prijzen, foto&#8217;s en beschikbaarheid bekijken<\/a><\/li>\n\n\n\n<li style=\"font-size:14px\"><strong>H\u00f4tel Les Roches Rouges<\/strong> &#8211; <a href=\"https:\/\/www.booking.com\/hotel\/fr\/les-roches-rouges.html?aid=2319618\" target=\"_blank\" rel=\"noreferrer noopener sponsored nofollow\">prijzen, foto&#8217;s en beschikbaarheid bekijken<\/a><\/li>\n<\/ul>\n<\/div>\n\n\n\n<div class=\"wp-block-column is-vertically-aligned-top planif-radius is-layout-flow wp-block-column-is-layout-flow\" style=\"flex-basis:40%\">\n<figure class=\"wp-block-image size-large img-portrait\"><img decoding=\"async\" src=\"https:\/\/photos.smugmug.com\/Provence-Lovers\/Saint-Rapha&#xEB;l\/H&#xF4;tels\/n-Fxgrrn\/H&#xF4;tel-La-Villa-Mauresque\/i-8X8xqFC\/0\/205505d2\/S\/saintrapahel-hotelvillamauresque-piscine-1-S.jpg\" alt=\"Hotel La Jabotte\" title=\"\"\/><\/figure>\n<\/div>\n<\/div>\n\n\n\n<hr class=\"wp-block-separator has-text-color has-alpha-channel-opacity has-background is-style-wide hr-box-planif\" style=\"background-color:#ccd3dd;color:#ccd3dd\"\/>\n\n\n\n<div class=\"wp-block-columns box_sans_border is-layout-flex wp-container-core-columns-is-layout-9d6595d7 wp-block-columns-is-layout-flex\">\n<div class=\"wp-block-column texte_planif is-layout-flow wp-block-column-is-layout-flow\" style=\"flex-basis:60%\">\n<p class=\"option_titre\"><strong>Optie 3: <\/strong>op het platteland<\/p>\n\n\n\n<p style=\"font-size:14px\">Voor meer rust en stilte kunt u genieten van de zee of het platteland, maar toch binnen handbereik van de stad. Wij raden aan..:<\/p>\n\n\n\n<ul class=\"ul_box wp-block-list\">\n<li class=\"ul_box\" style=\"font-size:14px\"><strong>H\u00f4tel Le Confidentiel<\/strong> &#8211; <a href=\"https:\/\/www.booking.com\/hotel\/fr\/hotelsanpedrosaint.html?aid=2319618\">zie prijzen, foto&#8217;s en beschikbaarheid<\/a><\/li>\n\n\n\n<li class=\"ul_box\" style=\"font-size:14px\"><strong>H\u00f4tel la Bastide du Clos des Roses<\/strong> &#8211; <a href=\"https:\/\/www.booking.com\/hotel\/fr\/la-bastide-du-clos-frejus.html?aid=2319618\">zie prijzen, foto&#8217;s en beschikbaarheid<\/a><\/li>\n<\/ul>\n<\/div>\n\n\n\n<div class=\"wp-block-column is-vertically-aligned-top planif-radius is-layout-flow wp-block-column-is-layout-flow\" style=\"flex-basis:40%\">\n<figure class=\"wp-block-image size-large img-portrait\"><img decoding=\"async\" src=\"https:\/\/photos.smugmug.com\/Provence-Lovers\/Saint-Rapha&#xEB;l\/H&#xF4;tels\/n-Fxgrrn\/H&#xF4;tel-Le-Confidentiel\/i-9PX8wfs\/0\/cd032c44\/S\/saintraphael-hotelconfidentiel-piscine-S.jpg\" alt=\"Hotel La Villa Cap\" title=\"\"\/><\/figure>\n<\/div>\n<\/div>\n\n\n\n<p class=\"has-text-align-center\" style=\"font-size:16px\"><a href=\"https:\/\/provencelovers.fr\/nl\/waar-verblijven-saint-raphael-frejus-beste-hotels-wijken\/\" target=\"_blank\" rel=\"noreferrer noopener\">Bekijk onze beoordelingen van de beste hotels in Saint-Rapha\u00ebl<\/a><\/p>\n\n\n\n<div class=\"wp-block-buttons planif_bouton is-content-justification-center is-layout-flex wp-container-core-buttons-is-layout-16018d1d wp-block-buttons-is-layout-flex\">\n<div class=\"wp-block-button has-custom-font-size\" style=\"font-size:14px\"><a class=\"wp-block-button__link has-white-color has-text-color wp-element-button\" href=\"https:\/\/www.booking.com\/searchresults.en.html?city=-1468219&amp;nflt=review_score%253D90%253Breview_score%253D80&amp;aid=2319618&amp;no_rooms=1&amp;group_adults=2\" style=\"border-radius:4px\" target=\"_blank\" rel=\"noreferrer noopener\">Bekijk alle beschikbare accommodaties  <img loading=\"lazy\" decoding=\"async\" width=\"16\" height=\"17\" class=\"wp-image-2851\" style=\"width: 16px;\" src=\"https:\/\/provencelovers.fr\/wp-content\/uploads\/2023\/08\/ArrowRight.webp\" alt=\"\"\/><\/a><\/div>\n<\/div>\n<\/div><\/div><\/div>\n\n<div class=\"wp-block-genesis-blocks-gb-container box_auteur_voyage gb-block-container\"><div class=\"gb-container-inside\"><div class=\"gb-container-content\">\n<figure class=\"wp-block-image size-large img_auteur_voyage img_provisoire\"><a href=\"https:\/\/provencelovers.fr\/nl\/claire\/\" target=\"_blank\" rel=\"noreferrer noopener\"><img decoding=\"async\" src=\"https:\/\/photos.smugmug.com\/Region-Lovers\/Equipe\/i-nsNF6C6\/0\/Cs2F5n96pkt9xFD9D3SVqmQspMhrKgN75nHgBqmjG\/L\/Claire-L.png\" alt=\"\"\/><\/a><\/figure>\n\n\n\n<h5 class=\"titre_auteur_voyage\"><span>ZE HEEFT DE REIS GEMAAKT <\/span><span class=\"titre_box_manuscrit\">Claire<\/span><\/h5>\n<\/div><\/div><\/div>\n\n<div class=\"wp-block-genesis-blocks-gb-container box_auteur_voyage gb-block-container\"><div class=\"gb-container-inside\"><div class=\"gb-container-content\">\n<figure class=\"wp-block-image size-large img_auteur_voyage img_provisoire\"><a href=\"https:\/\/provencelovers.fr\/nl\/morgane-mazelier\/\" target=\"_blank\" rel=\"noreferrer noopener\"><img decoding=\"async\" src=\"https:\/\/photos.smugmug.com\/Region-Lovers\/Equipe\/i-kx84ZJX\/0\/FgG3Lb9Xx2HBStC6R3PNXZZNj2Vvkx9vZBxQFL7NJ\/L\/morgane-L.jpg\" alt=\"\"\/><\/a><\/figure>\n\n\n\n<h5 class=\"titre_auteur_voyage\"><span>ZIJ SCHREEF HET ARTIKEL \n <\/span><span class=\"titre_box_manuscrit\">Morgane<\/span><\/h5>\n<\/div><\/div><\/div>\n","protected":false},"excerpt":{"rendered":"<p>Het strand van Fr\u00e9jus ligt dicht bij het stadscentrum en bood ons een zonnige onderbreking tijdens ons bezoek aan de badplaats! Het strekt zich uit over 1 kilometer en biedt een prachtig uitzicht op de haven van Saint-Rapha\u00ebl en de vele caf\u00e9s, winkels en restaurants. Bekijk onze praktische tips en foto&#8217;s om u te helpen [&hellip;]<\/p>\n","protected":false},"author":12,"featured_media":10062,"comment_status":"closed","ping_status":"closed","sticky":false,"template":"","format":"standard","meta":{"_genesis_hide_title":false,"_genesis_hide_breadcrumbs":false,"_genesis_hide_singular_image":false,"_genesis_hide_footer_widgets":false,"_genesis_custom_body_class":"","_genesis_custom_post_class":"","_genesis_layout":"","footnotes":""},"categories":[185],"tags":[],"class_list":{"0":"post-10103","1":"post","2":"type-post","3":"status-publish","4":"format-standard","5":"has-post-thumbnail","7":"category-saint-raphael-frejus-en-omgeving","8":"entry"},"yoast_head":"<!-- This site is optimized with the Yoast SEO plugin v27.2 - https:\/\/yoast.com\/product\/yoast-seo-wordpress\/ -->\n<title>Plage de Fr\u00e9jus (handiplage): tips + foto&#039;s<\/title>\n<meta name=\"description\" content=\"Onze tips en foto&#039;s voor een bezoek aan het plage de Fr\u00e9jus: toegang, parkeren, faciliteiten, landschappen, handiplage, honden, kinderen, restaurants...\" \/>\n<meta name=\"robots\" content=\"index, follow, max-snippet:-1, max-image-preview:large, max-video-preview:-1\" \/>\n<link rel=\"canonical\" href=\"https:\/\/provencelovers.fr\/nl\/handi-plage-frejus-strand\/\" \/>\n<meta property=\"og:locale\" content=\"nl_NL\" \/>\n<meta property=\"og:type\" content=\"article\" \/>\n<meta property=\"og:title\" content=\"Plage de Fr\u00e9jus (handiplage): tips + foto&#039;s\" \/>\n<meta property=\"og:description\" content=\"Onze tips en foto&#039;s voor een bezoek aan het plage de Fr\u00e9jus: toegang, parkeren, faciliteiten, landschappen, handiplage, honden, kinderen, restaurants...\" \/>\n<meta property=\"og:url\" content=\"https:\/\/provencelovers.fr\/nl\/handi-plage-frejus-strand\/\" \/>\n<meta property=\"og:site_name\" content=\"Provence Lovers\" \/>\n<meta property=\"article:published_time\" content=\"2024-03-05T17:34:32+00:00\" \/>\n<meta property=\"article:modified_time\" content=\"2024-03-06T08:20:09+00:00\" \/>\n<meta property=\"og:image\" content=\"https:\/\/provencelovers.fr\/wp-content\/uploads\/2024\/03\/strand-frejus-NL-1024x769.png\" \/>\n\t<meta property=\"og:image:width\" content=\"1024\" \/>\n\t<meta property=\"og:image:height\" content=\"769\" \/>\n\t<meta property=\"og:image:type\" content=\"image\/png\" \/>\n<meta name=\"author\" content=\"Morgane MAZELIER\" \/>\n<meta name=\"twitter:card\" content=\"summary_large_image\" \/>\n<meta name=\"twitter:label1\" content=\"Geschreven door\" \/>\n\t<meta name=\"twitter:data1\" content=\"Morgane MAZELIER\" \/>\n\t<meta name=\"twitter:label2\" content=\"Geschatte leestijd\" \/>\n\t<meta name=\"twitter:data2\" content=\"3 minuten\" \/>\n<script type=\"application\/ld+json\" class=\"yoast-schema-graph\">{\"@context\":\"https:\/\/schema.org\",\"@graph\":[{\"@type\":\"Article\",\"@id\":\"https:\/\/provencelovers.fr\/nl\/handi-plage-frejus-strand\/#article\",\"isPartOf\":{\"@id\":\"https:\/\/provencelovers.fr\/nl\/handi-plage-frejus-strand\/\"},\"author\":{\"name\":\"Morgane MAZELIER\",\"@id\":\"https:\/\/provencelovers.fr\/nl\/#\/schema\/person\/cf1b9ebf5c99f3bf14163977d700dd7c\"},\"headline\":\"Plage de Fr\u00e9jus (handiplage): tips + foto&#8217;s\",\"datePublished\":\"2024-03-05T17:34:32+00:00\",\"dateModified\":\"2024-03-06T08:20:09+00:00\",\"mainEntityOfPage\":{\"@id\":\"https:\/\/provencelovers.fr\/nl\/handi-plage-frejus-strand\/\"},\"wordCount\":693,\"publisher\":{\"@id\":\"https:\/\/provencelovers.fr\/nl\/#organization\"},\"image\":{\"@id\":\"https:\/\/provencelovers.fr\/nl\/handi-plage-frejus-strand\/#primaryimage\"},\"thumbnailUrl\":\"https:\/\/provencelovers.fr\/wp-content\/uploads\/2024\/03\/strand-frejus-NL.png\",\"articleSection\":[\"Saint-Rapha\u00ebl, Fr\u00e9jus en omgeving\"],\"inLanguage\":\"nl-NL\"},{\"@type\":\"WebPage\",\"@id\":\"https:\/\/provencelovers.fr\/nl\/handi-plage-frejus-strand\/\",\"url\":\"https:\/\/provencelovers.fr\/nl\/handi-plage-frejus-strand\/\",\"name\":\"Plage de Fr\u00e9jus (handiplage): tips + foto's\",\"isPartOf\":{\"@id\":\"https:\/\/provencelovers.fr\/nl\/#website\"},\"primaryImageOfPage\":{\"@id\":\"https:\/\/provencelovers.fr\/nl\/handi-plage-frejus-strand\/#primaryimage\"},\"image\":{\"@id\":\"https:\/\/provencelovers.fr\/nl\/handi-plage-frejus-strand\/#primaryimage\"},\"thumbnailUrl\":\"https:\/\/provencelovers.fr\/wp-content\/uploads\/2024\/03\/strand-frejus-NL.png\",\"datePublished\":\"2024-03-05T17:34:32+00:00\",\"dateModified\":\"2024-03-06T08:20:09+00:00\",\"description\":\"Onze tips en foto's voor een bezoek aan het plage de Fr\u00e9jus: toegang, parkeren, faciliteiten, landschappen, handiplage, honden, kinderen, restaurants...\",\"breadcrumb\":{\"@id\":\"https:\/\/provencelovers.fr\/nl\/handi-plage-frejus-strand\/#breadcrumb\"},\"inLanguage\":\"nl-NL\",\"potentialAction\":[{\"@type\":\"ReadAction\",\"target\":[\"https:\/\/provencelovers.fr\/nl\/handi-plage-frejus-strand\/\"]}]},{\"@type\":\"ImageObject\",\"inLanguage\":\"nl-NL\",\"@id\":\"https:\/\/provencelovers.fr\/nl\/handi-plage-frejus-strand\/#primaryimage\",\"url\":\"https:\/\/provencelovers.fr\/wp-content\/uploads\/2024\/03\/strand-frejus-NL.png\",\"contentUrl\":\"https:\/\/provencelovers.fr\/wp-content\/uploads\/2024\/03\/strand-frejus-NL.png\",\"width\":1527,\"height\":1146,\"caption\":\"strand-frejus\"},{\"@type\":\"BreadcrumbList\",\"@id\":\"https:\/\/provencelovers.fr\/nl\/handi-plage-frejus-strand\/#breadcrumb\",\"itemListElement\":[{\"@type\":\"ListItem\",\"position\":1,\"name\":\"Home\",\"item\":\"https:\/\/provencelovers.fr\/nl\/\"},{\"@type\":\"ListItem\",\"position\":2,\"name\":\"Saint-Rapha\u00ebl, Fr\u00e9jus en omgeving\",\"item\":\"https:\/\/provencelovers.fr\/nl\/saint-raphael-frejus-en-omgeving\/\"},{\"@type\":\"ListItem\",\"position\":3,\"name\":\"Plage de Fr\u00e9jus (handiplage): tips + foto&#8217;s\"}]},{\"@type\":\"WebSite\",\"@id\":\"https:\/\/provencelovers.fr\/nl\/#website\",\"url\":\"https:\/\/provencelovers.fr\/nl\/\",\"name\":\"Provence Lovers\",\"description\":\"Uw zintuigen prikkelen in de Provence - De blog van Claire en Manu\",\"publisher\":{\"@id\":\"https:\/\/provencelovers.fr\/nl\/#organization\"},\"potentialAction\":[{\"@type\":\"SearchAction\",\"target\":{\"@type\":\"EntryPoint\",\"urlTemplate\":\"https:\/\/provencelovers.fr\/nl\/?s={search_term_string}\"},\"query-input\":{\"@type\":\"PropertyValueSpecification\",\"valueRequired\":true,\"valueName\":\"search_term_string\"}}],\"inLanguage\":\"nl-NL\"},{\"@type\":\"Organization\",\"@id\":\"https:\/\/provencelovers.fr\/nl\/#organization\",\"name\":\"Provence Lovers\",\"url\":\"https:\/\/provencelovers.fr\/nl\/\",\"logo\":{\"@type\":\"ImageObject\",\"inLanguage\":\"nl-NL\",\"@id\":\"https:\/\/provencelovers.fr\/nl\/#\/schema\/logo\/image\/\",\"url\":\"https:\/\/provencelovers.fr\/wp-content\/uploads\/2022\/11\/Blog-Provence-Lovers-Logos.png\",\"contentUrl\":\"https:\/\/provencelovers.fr\/wp-content\/uploads\/2022\/11\/Blog-Provence-Lovers-Logos.png\",\"width\":2707,\"height\":863,\"caption\":\"Provence Lovers\"},\"image\":{\"@id\":\"https:\/\/provencelovers.fr\/nl\/#\/schema\/logo\/image\/\"}},{\"@type\":\"Person\",\"@id\":\"https:\/\/provencelovers.fr\/nl\/#\/schema\/person\/cf1b9ebf5c99f3bf14163977d700dd7c\",\"name\":\"Morgane MAZELIER\",\"image\":{\"@type\":\"ImageObject\",\"inLanguage\":\"nl-NL\",\"@id\":\"https:\/\/secure.gravatar.com\/avatar\/afa26912805402e3ea29288b7478a6a37b47e98385c004daed7d76f04733a512?s=96&d=mm&r=g\",\"url\":\"https:\/\/secure.gravatar.com\/avatar\/afa26912805402e3ea29288b7478a6a37b47e98385c004daed7d76f04733a512?s=96&d=mm&r=g\",\"contentUrl\":\"https:\/\/secure.gravatar.com\/avatar\/afa26912805402e3ea29288b7478a6a37b47e98385c004daed7d76f04733a512?s=96&d=mm&r=g\",\"caption\":\"Morgane MAZELIER\"},\"sameAs\":[\"https:\/\/provencelovers.fr\/morgane-mazelier\/\"],\"url\":\"https:\/\/provencelovers.fr\/nl\/author\/morganeregionlovers-fr\/\"}]}<\/script>\n<!-- \/ Yoast SEO plugin. -->","yoast_head_json":{"title":"Plage de Fr\u00e9jus (handiplage): tips + foto's","description":"Onze tips en foto's voor een bezoek aan het plage de Fr\u00e9jus: toegang, parkeren, faciliteiten, landschappen, handiplage, honden, kinderen, restaurants...","robots":{"index":"index","follow":"follow","max-snippet":"max-snippet:-1","max-image-preview":"max-image-preview:large","max-video-preview":"max-video-preview:-1"},"canonical":"https:\/\/provencelovers.fr\/nl\/handi-plage-frejus-strand\/","og_locale":"nl_NL","og_type":"article","og_title":"Plage de Fr\u00e9jus (handiplage): tips + foto's","og_description":"Onze tips en foto's voor een bezoek aan het plage de Fr\u00e9jus: toegang, parkeren, faciliteiten, landschappen, handiplage, honden, kinderen, restaurants...","og_url":"https:\/\/provencelovers.fr\/nl\/handi-plage-frejus-strand\/","og_site_name":"Provence Lovers","article_published_time":"2024-03-05T17:34:32+00:00","article_modified_time":"2024-03-06T08:20:09+00:00","og_image":[{"width":1024,"height":769,"url":"https:\/\/provencelovers.fr\/wp-content\/uploads\/2024\/03\/strand-frejus-NL-1024x769.png","type":"image\/png"}],"author":"Morgane MAZELIER","twitter_card":"summary_large_image","twitter_misc":{"Geschreven door":"Morgane MAZELIER","Geschatte leestijd":"3 minuten"},"schema":{"@context":"https:\/\/schema.org","@graph":[{"@type":"Article","@id":"https:\/\/provencelovers.fr\/nl\/handi-plage-frejus-strand\/#article","isPartOf":{"@id":"https:\/\/provencelovers.fr\/nl\/handi-plage-frejus-strand\/"},"author":{"name":"Morgane MAZELIER","@id":"https:\/\/provencelovers.fr\/nl\/#\/schema\/person\/cf1b9ebf5c99f3bf14163977d700dd7c"},"headline":"Plage de Fr\u00e9jus (handiplage): tips + foto&#8217;s","datePublished":"2024-03-05T17:34:32+00:00","dateModified":"2024-03-06T08:20:09+00:00","mainEntityOfPage":{"@id":"https:\/\/provencelovers.fr\/nl\/handi-plage-frejus-strand\/"},"wordCount":693,"publisher":{"@id":"https:\/\/provencelovers.fr\/nl\/#organization"},"image":{"@id":"https:\/\/provencelovers.fr\/nl\/handi-plage-frejus-strand\/#primaryimage"},"thumbnailUrl":"https:\/\/provencelovers.fr\/wp-content\/uploads\/2024\/03\/strand-frejus-NL.png","articleSection":["Saint-Rapha\u00ebl, Fr\u00e9jus en omgeving"],"inLanguage":"nl-NL"},{"@type":"WebPage","@id":"https:\/\/provencelovers.fr\/nl\/handi-plage-frejus-strand\/","url":"https:\/\/provencelovers.fr\/nl\/handi-plage-frejus-strand\/","name":"Plage de Fr\u00e9jus (handiplage): tips + foto's","isPartOf":{"@id":"https:\/\/provencelovers.fr\/nl\/#website"},"primaryImageOfPage":{"@id":"https:\/\/provencelovers.fr\/nl\/handi-plage-frejus-strand\/#primaryimage"},"image":{"@id":"https:\/\/provencelovers.fr\/nl\/handi-plage-frejus-strand\/#primaryimage"},"thumbnailUrl":"https:\/\/provencelovers.fr\/wp-content\/uploads\/2024\/03\/strand-frejus-NL.png","datePublished":"2024-03-05T17:34:32+00:00","dateModified":"2024-03-06T08:20:09+00:00","description":"Onze tips en foto's voor een bezoek aan het plage de Fr\u00e9jus: toegang, parkeren, faciliteiten, landschappen, handiplage, honden, kinderen, restaurants...","breadcrumb":{"@id":"https:\/\/provencelovers.fr\/nl\/handi-plage-frejus-strand\/#breadcrumb"},"inLanguage":"nl-NL","potentialAction":[{"@type":"ReadAction","target":["https:\/\/provencelovers.fr\/nl\/handi-plage-frejus-strand\/"]}]},{"@type":"ImageObject","inLanguage":"nl-NL","@id":"https:\/\/provencelovers.fr\/nl\/handi-plage-frejus-strand\/#primaryimage","url":"https:\/\/provencelovers.fr\/wp-content\/uploads\/2024\/03\/strand-frejus-NL.png","contentUrl":"https:\/\/provencelovers.fr\/wp-content\/uploads\/2024\/03\/strand-frejus-NL.png","width":1527,"height":1146,"caption":"strand-frejus"},{"@type":"BreadcrumbList","@id":"https:\/\/provencelovers.fr\/nl\/handi-plage-frejus-strand\/#breadcrumb","itemListElement":[{"@type":"ListItem","position":1,"name":"Home","item":"https:\/\/provencelovers.fr\/nl\/"},{"@type":"ListItem","position":2,"name":"Saint-Rapha\u00ebl, Fr\u00e9jus en omgeving","item":"https:\/\/provencelovers.fr\/nl\/saint-raphael-frejus-en-omgeving\/"},{"@type":"ListItem","position":3,"name":"Plage de Fr\u00e9jus (handiplage): tips + foto&#8217;s"}]},{"@type":"WebSite","@id":"https:\/\/provencelovers.fr\/nl\/#website","url":"https:\/\/provencelovers.fr\/nl\/","name":"Provence Lovers","description":"Uw zintuigen prikkelen in de Provence - De blog van Claire en Manu","publisher":{"@id":"https:\/\/provencelovers.fr\/nl\/#organization"},"potentialAction":[{"@type":"SearchAction","target":{"@type":"EntryPoint","urlTemplate":"https:\/\/provencelovers.fr\/nl\/?s={search_term_string}"},"query-input":{"@type":"PropertyValueSpecification","valueRequired":true,"valueName":"search_term_string"}}],"inLanguage":"nl-NL"},{"@type":"Organization","@id":"https:\/\/provencelovers.fr\/nl\/#organization","name":"Provence Lovers","url":"https:\/\/provencelovers.fr\/nl\/","logo":{"@type":"ImageObject","inLanguage":"nl-NL","@id":"https:\/\/provencelovers.fr\/nl\/#\/schema\/logo\/image\/","url":"https:\/\/provencelovers.fr\/wp-content\/uploads\/2022\/11\/Blog-Provence-Lovers-Logos.png","contentUrl":"https:\/\/provencelovers.fr\/wp-content\/uploads\/2022\/11\/Blog-Provence-Lovers-Logos.png","width":2707,"height":863,"caption":"Provence Lovers"},"image":{"@id":"https:\/\/provencelovers.fr\/nl\/#\/schema\/logo\/image\/"}},{"@type":"Person","@id":"https:\/\/provencelovers.fr\/nl\/#\/schema\/person\/cf1b9ebf5c99f3bf14163977d700dd7c","name":"Morgane MAZELIER","image":{"@type":"ImageObject","inLanguage":"nl-NL","@id":"https:\/\/secure.gravatar.com\/avatar\/afa26912805402e3ea29288b7478a6a37b47e98385c004daed7d76f04733a512?s=96&d=mm&r=g","url":"https:\/\/secure.gravatar.com\/avatar\/afa26912805402e3ea29288b7478a6a37b47e98385c004daed7d76f04733a512?s=96&d=mm&r=g","contentUrl":"https:\/\/secure.gravatar.com\/avatar\/afa26912805402e3ea29288b7478a6a37b47e98385c004daed7d76f04733a512?s=96&d=mm&r=g","caption":"Morgane MAZELIER"},"sameAs":["https:\/\/provencelovers.fr\/morgane-mazelier\/"],"url":"https:\/\/provencelovers.fr\/nl\/author\/morganeregionlovers-fr\/"}]}},"featured_image_src":"https:\/\/provencelovers.fr\/wp-content\/uploads\/2024\/03\/strand-frejus-NL-600x400.png","featured_image_src_square":"https:\/\/provencelovers.fr\/wp-content\/uploads\/2024\/03\/strand-frejus-NL-600x600.png","author_info":{"display_name":"Morgane MAZELIER","author_link":"https:\/\/provencelovers.fr\/nl\/author\/morganeregionlovers-fr\/"},"_links":{"self":[{"href":"https:\/\/provencelovers.fr\/nl\/wp-json\/wp\/v2\/posts\/10103","targetHints":{"allow":["GET"]}}],"collection":[{"href":"https:\/\/provencelovers.fr\/nl\/wp-json\/wp\/v2\/posts"}],"about":[{"href":"https:\/\/provencelovers.fr\/nl\/wp-json\/wp\/v2\/types\/post"}],"author":[{"embeddable":true,"href":"https:\/\/provencelovers.fr\/nl\/wp-json\/wp\/v2\/users\/12"}],"replies":[{"embeddable":true,"href":"https:\/\/provencelovers.fr\/nl\/wp-json\/wp\/v2\/comments?post=10103"}],"version-history":[{"count":0,"href":"https:\/\/provencelovers.fr\/nl\/wp-json\/wp\/v2\/posts\/10103\/revisions"}],"wp:featuredmedia":[{"embeddable":true,"href":"https:\/\/provencelovers.fr\/nl\/wp-json\/wp\/v2\/media\/10062"}],"wp:attachment":[{"href":"https:\/\/provencelovers.fr\/nl\/wp-json\/wp\/v2\/media?parent=10103"}],"wp:term":[{"taxonomy":"category","embeddable":true,"href":"https:\/\/provencelovers.fr\/nl\/wp-json\/wp\/v2\/categories?post=10103"},{"taxonomy":"post_tag","embeddable":true,"href":"https:\/\/provencelovers.fr\/nl\/wp-json\/wp\/v2\/tags?post=10103"}],"curies":[{"name":"wp","href":"https:\/\/api.w.org\/{rel}","templated":true}]}}