{"id":9933,"date":"2024-02-29T18:29:28","date_gmt":"2024-02-29T17:29:28","guid":{"rendered":"https:\/\/provencelovers.fr\/visitare-citadelle-saint-elme-villefranche-sur-mer\/"},"modified":"2024-06-01T10:43:46","modified_gmt":"2024-06-01T08:43:46","slug":"visitare-cittadella-saint-elme-villefranche-sur-mer","status":"publish","type":"post","link":"https:\/\/provencelovers.fr\/it\/visitare-cittadella-saint-elme-villefranche-sur-mer\/","title":{"rendered":"Cittadella Saint-Elme (Villefranche-sur-Mer): visita + foto"},"content":{"rendered":"\n<p>Sta pianificando un viaggio in Costa Azzurra? Segua le orme di Emily-in-Paris attraverso le ripide strade di Villefranche-sur-Mer e colga l&#8217;occasione per<strong> visitare la Cittadella<\/strong> <strong>Saint-Elme<\/strong>!<\/p>\n\n<p>Questa notevole struttura militare fu costruita nel XVI secolo dal <strong>Duca di Savoia<\/strong>. Con i suoi imponenti bastioni e le fortificazioni ben conservate, la cittadella domina la citt\u00e0 e offre una <strong>vista ininterrotta sulla baia di<\/strong> Villefranche e sul Mediterraneo. Oggi ospita il Municipio e un centro culturale con <strong>3 musei<\/strong>, <strong>mostre temporanee<\/strong> ed <strong>eventi culturali<\/strong>.  <\/p>\n\n<p>In questo articolo trover\u00e0 alcuni <strong>consigli utili<\/strong> che la aiuteranno a prepararsi per la sua visita e a trascorrere un periodo meraviglioso!<\/p>\n\n<figure class=\"wp-block-image size-full\"><img decoding=\"async\" src=\"https:\/\/provencelovers.fr\/wp-content\/uploads\/2024\/02\/visiter-citadelle-villefranche-4.jpg\" alt=\"Visitare la Cittadella a Villefranche-sur-Mer\" class=\"wp-image-9867\"\/><\/figure>\n\n<div class=\"wp-block-genesis-blocks-gb-container gb-block-container\"><div class=\"gb-container-inside\"><div class=\"gb-container-content\">\n<p>Questa guida \u00e8 completamente <strong>indipendente<\/strong>, basata sulle nostre esperienze. Abbiamo visitato la regione in modo anonimo, facendo le nostre scelte e pagando interamente le nostre fatture.<\/p>\n<\/div><\/div><\/div>\n\n<h2 class=\"wp-block-heading\">Perch\u00e9 visitare la Cittadella Saint-Elme a Villefranche?<\/h2>\n\n<h3 class=\"wp-block-heading\">La cittadella ne vale la pena? La nostra opinione:<\/h3>\n\n<p>S\u00ec, assolutamente, la Citadelle Saint-Elme merita una visita. Ci sono diverse ragioni per questo:<\/p>\n\n<ul class=\"wp-block-list\">\n<li><strong>La sua architettura militare<\/strong> risale al XVI secolo: la cittadella \u00e8 uno dei primi esempi di fortificazione bastionata in Europa.<\/li>\n\n\n\n<li><strong>La sua ricchezza culturale<\/strong>: i musei, i cortili, la cappella, i giardini e il teatro all&#8217;aperto sono tutti luoghi in cui l&#8217;arte \u00e8 esposta in tutte le sue forme.<\/li>\n\n\n\n<li>La <strong>sua spettacolare vista<\/strong> sul porto di Villefranche \u00e8 riconosciuta come una delle pi\u00f9 belle al mondo.<\/li>\n<\/ul>\n\n<p>Questa \u00e8 una delle attrazioni <a href=\"https:\/\/provencelovers.fr\/it\/cosa-vedere-borgo-villefranche-sur-mer-visitare\/\" target=\"_blank\" rel=\"noreferrer noopener\">imperdibili di Villefranche<\/a>. Il villaggio di Villefranche-sur-Mer \u00e8 uno dei <a href=\"https:\/\/provencelovers.fr\/it\/migliori-borghi-vicino-nizza\/#Centres_historiques_pas_loin_de_Nice\" target=\"_blank\" rel=\"noreferrer noopener\">nostri 10 villaggi preferiti nei dintorni di Nizza<\/a>, una destinazione mediterranea particolarmente popolare.<\/p>\n\n<figure class=\"wp-block-image size-large\"><img decoding=\"async\" src=\"https:\/\/photos.smugmug.com\/Provence-Lovers\/Villefranche-sur-Mer\/n-k3fDq3\/Citadelle-de-Villefranche\/i-MswXNf7\/0\/F53kmhW23dzqzchsp9NqZCZkkQ7xdDgLJrKBtXqJ\/L\/vue-generale-citadelle-villefranche-L.jpg\" alt=\"Ponte di accesso alla Cittadella di Villefranche-sur-Mer\"\/><\/figure>\n\n<h3 class=\"wp-block-heading\">Perch\u00e9 la Cittadella di Villefranche-sur-Mer \u00e8 famosa?<\/h3>\n\n<p>La cittadella \u00e8 famosa per essere <strong>parte di un complesso militare pi\u00f9 ampio<\/strong> che comprende il Forte Mont Alban a Nizza, la Tour Saint-Hospice a Saint-Jean-Cap-Ferrat e la batteria di Beaulieu-sur-Mer. Si trattava di un complesso difensivo che proteggeva il porto reale di La Darse (oggi il porto di Villefranche), allora porto militare degli Stati sabaudi.<\/p>\n\n<figure class=\"wp-block-image size-large\"><img decoding=\"async\" src=\"https:\/\/photos.smugmug.com\/Provence-Lovers\/Villefranche-sur-Mer\/n-k3fDq3\/Citadelle-de-Villefranche\/i-Bz4nBqm\/0\/D3xDGJr4RtMt5mMD4xqHwq9hkgpwcqMTNCXV246Bg\/L\/vue-baie-sur-citadelle-villefranche-L.jpg\" alt=\"vista della cittadella di Saint-Elme da Villefranche\"\/><\/figure>\n\n<p>\u00c8 anche rinomata per i suoi spazi espositivi e musei. Dedicata agli artisti <strong>Antonio Volti, Christine Boumeester<\/strong> e <strong>Henri Goetz<\/strong>, la mostra presenta anche opere di <strong>Picasso, Picabia e Miro<\/strong>. Ci \u00e8 piaciuto molto il suo <strong>teatro all&#8217;aperto<\/strong>. Ospita una serie di spettacoli e concerti, e in estate si trasforma in un cinema con vista sul mare. La cittadella \u00e8 anche una <strong>location cinematografica<\/strong>. James Bond ha liberato Kim Basinger ai piedi delle sue mura in <em>\n  <strong>Mai pi\u00f9<\/strong>\n<\/em>.<\/p>\n\n<ul class=\"wp-block-list\">\n<li>\u00c8 tentato da un tour organizzato in Segway da Nizza con visita guidata della cittadella? <a href=\"https:\/\/www.getyourguide.it\/nice-l314\/villefranche-sur-mer-tour-en-segway-de-25-heures-au-depart-de-nice-t48529\/?partner_id=R3GYW4V&amp;cmp=PL\" target=\"_blank\" rel=\"noreferrer noopener sponsored nofollow\">Veda foto, prezzi e disponibilit\u00e0<\/a>.<\/li>\n\n\n\n<li>Se preferisce le biciclette elettriche, un tour panoramico la porter\u00e0 da Nizza a Fort Mont-Alban, passando per la cittadella.  <a href=\"https:\/\/www.viator.com\/it-IT\/tours\/Nice\/E-BIKE-PANORAMIC-TOUR-NICE-VILLEFRANCHE-ST-JEAN-CAP-FERRAT-3H30\/d478-6047P14?pid=P00074304&amp;mcid=42383&amp;medium=link&amp;medium_version=selector&amp;campaign=PL\" target=\"_blank\" rel=\"noreferrer noopener sponsored nofollow\">Vede prezzi, foto e disponibilit\u00e0.<\/a><\/li>\n<\/ul>\n\n<figure class=\"wp-block-image size-large\"><img decoding=\"async\" src=\"https:\/\/photos.smugmug.com\/Provence-Lovers\/Villefranche-sur-Mer\/n-k3fDq3\/Citadelle-de-Villefranche\/i-S7K2bdT\/0\/7WwVzdp8WGGX3MKgWDj2wFQWvGGKKDWSJhNJFDTc\/L\/muraille-citadelle-villefranche-L.jpg\" alt=\"Mura della cittadella a Villefranche-sur-Mer\"\/><\/figure>\n\n<h3 class=\"wp-block-heading\">I nostri momenti preferiti<\/h3>\n\n<p>Abbiamo visitato la cittadella in un pomeriggio di sole. La luce era magnifica, tipica della Costa Azzurra.<\/p>\n\n<ul class=\"wp-block-list\">\n<li>Ci \u00e8 piaciuto molto perderci nei <strong>passaggi e nei cortili colorati<\/strong> della cittadella, tutti su livelli diversi, ampliati da terrazze-giardino.<\/li>\n\n\n\n<li>La <strong>vista panoramica<\/strong> sulla baia di Villefranche dalla cima delle sue mura \u00e8 mozzafiato. Attraversa il sito da Cap-Ferrat a est a Mont-Boron a ovest.<\/li>\n\n\n\n<li>Il <strong>Th\u00e9\u00e2tre de Verdure<\/strong> \u00e8 una pura meraviglia, che la invita a tornare e a godersi uno spettacolo ambientato tra mare e cielo.<\/li>\n<\/ul>\n\n<figure class=\"wp-block-image size-large\"><img decoding=\"async\" src=\"https:\/\/photos.smugmug.com\/Provence-Lovers\/Villefranche-sur-Mer\/n-k3fDq3\/Citadelle-de-Villefranche\/i-wvdRxtB\/0\/5L46DdDjQt2j47BTbHgSsTWGVXCWBvxwRFtm2Kff\/L\/passage-rouge-citadelle-villefranche-L.jpg\" alt=\"Passaggio attraverso la Citadelle di Villefranche-sur-Mer\"\/><\/figure>\n\n<div style=\"margin-top:8%;margin-bottom:8%\" class=\"wp-block-genesis-blocks-gb-container box gb-block-container\"><div class=\"gb-container-inside\"><div class=\"gb-container-content\" style=\"max-width:700px\">\n<div class=\"wp-block-genesis-blocks-gb-container box_titre gb-block-container\"><div class=\"gb-container-inside\"><div class=\"gb-container-content\">\n<h5 class=\"titre_box\" style=\"padding-top:10px;\">DOVE ALLOGGIARE A <span class=\"titre_box_manuscrit\">Beaulieu-sur-Mer<\/span><\/h5>\n<\/div><\/div><\/div>\n\n\n\n<hr class=\"wp-block-separator has-text-color has-alpha-channel-opacity has-background is-style-wide hr-box-planif\" style=\"background-color:#ccd3dd;color:#ccd3dd\"\/>\n\n\n\n<div class=\"wp-block-columns box_sans_border is-layout-flex wp-container-core-columns-is-layout-9d6595d7 wp-block-columns-is-layout-flex\">\n<div class=\"wp-block-column texte_planif is-layout-flow wp-block-column-is-layout-flow\" style=\"font-size:14px;flex-basis:60%\">\n<p class=\"option_titre2\"><strong>Opzione 1: <\/strong>Fronte mare<\/p>\n\n\n\n<p style=\"font-size:14px\">Si goda il fascino del centro storico e di tutti i suoi ristoranti.<br\/>Consigliamo:<\/p>\n\n\n\n<ul class=\"ul_box wp-block-list\">\n<li style=\"font-size:14px\"><strong>H\u00f4tel La R\u00e9serve de Beaulieu<\/strong> &#8211; <a href=\"https:\/\/www.booking.com\/hotel\/fr\/la-reserve-de-beaulieu-hotel-spa.html?aid=2319618\" target=\"_blank\" rel=\"noreferrer noopener sponsored nofollow\">vedi prezzi, foto e disponibilit\u00e0<\/a><\/li>\n\n\n\n<li style=\"font-size:14px\"><strong>Hotel Royal Riviera<\/strong> &#8211; <a href=\"https:\/\/www.booking.com\/hotel\/fr\/royal-riviera.html?aid=2319618\" target=\"_blank\" rel=\"noreferrer noopener sponsored nofollow\">vedi prezzi, foto e disponibilit\u00e0<\/a><\/li>\n<\/ul>\n<\/div>\n\n\n\n<div class=\"wp-block-column is-vertically-aligned-top planif-radius is-layout-flow wp-block-column-is-layout-flow\" style=\"flex-basis:40%\">\n<figure class=\"wp-block-image size-large img-portrait\"><img decoding=\"async\" src=\"https:\/\/photos.smugmug.com\/Provence-Lovers\/Beaulieu-sur-Mer\/n-kwnx6C\/Hotel-Rest-La-Reserve-de-Beaulieu\/i-h4gXgtD\/0\/9931afcf\/S\/Hotel-reserve-Beaulieu-piscine-S.jpg\" alt=\"Albergo R&#xE9;serve de Beaulieu\" title=\"\"\/><\/figure>\n<\/div>\n<\/div>\n\n\n\n<hr class=\"wp-block-separator has-text-color has-alpha-channel-opacity has-background is-style-wide hr-box-planif\" style=\"background-color:#ccd3dd;color:#ccd3dd\"\/>\n\n\n\n<div class=\"wp-block-columns box_sans_border is-layout-flex wp-container-core-columns-is-layout-9d6595d7 wp-block-columns-is-layout-flex\">\n<div class=\"wp-block-column texte_planif is-layout-flow wp-block-column-is-layout-flow\" style=\"font-size:14px;flex-basis:60%\">\n<p class=\"option_titre\"><strong>Opzione 2: <\/strong>Centro citt\u00e0<\/p>\n\n\n\n<p style=\"font-size:14px\">La citt\u00e0 non \u00e8 molto lontana dal mare, ma la vista non sar\u00e0 la stessa. Consigliamo:<\/p>\n\n\n\n<ul class=\"ul_box wp-block-list\">\n<li style=\"font-size:14px\"><strong>H\u00f4tel Carlton<\/strong> &#8211; <a href=\"https:\/\/www.booking.com\/hotel\/fr\/carltonbeaulieu.html?aid=2319618\" target=\"_blank\" rel=\"noreferrer noopener sponsored nofollow\">vedi prezzi, foto e disponibilit\u00e0<\/a><\/li>\n\n\n\n<li style=\"font-size:14px\"><strong>Hotel Select<\/strong> &#8211; <a href=\"https:\/\/www.booking.com\/hotel\/fr\/hotel-select.html?aid=2319618\" target=\"_blank\" rel=\"noreferrer noopener sponsored nofollow\">vedi prezzi, foto e disponibilit\u00e0<\/a><\/li>\n\n\n\n<li style=\"font-size:14px\"><strong>Hotel Havre Bleu<\/strong> &#8211; <a href=\"https:\/\/www.booking.com\/hotel\/fr\/le-havre-bleu.html?aid=2319618\" target=\"_blank\" rel=\"noreferrer noopener sponsored nofollow\">vedi prezzi, foto e disponibilit\u00e0<\/a><\/li>\n<\/ul>\n<\/div>\n\n\n\n<div class=\"wp-block-column is-vertically-aligned-top planif-radius is-layout-flow wp-block-column-is-layout-flow\" style=\"flex-basis:40%\">\n<figure class=\"wp-block-image size-large img-portrait\"><img decoding=\"async\" src=\"https:\/\/photos.smugmug.com\/Provence-Lovers\/Beaulieu-sur-Mer\/n-kwnx6C\/Hotel-Carlton\/i-8mLvBHP\/0\/a2281074\/S\/hotel-carlton-S.jpg\" alt=\"Hotel Carlton\" title=\"\"\/><\/figure>\n<\/div>\n<\/div>\n\n\n\n<hr class=\"wp-block-separator has-text-color has-alpha-channel-opacity has-background is-style-wide hr-box-planif\" style=\"background-color:#ccd3dd;color:#ccd3dd\"\/>\n\n\n\n<div class=\"wp-block-columns box_sans_border is-layout-flex wp-container-core-columns-is-layout-9d6595d7 wp-block-columns-is-layout-flex\">\n<div class=\"wp-block-column texte_planif is-layout-flow wp-block-column-is-layout-flow\" style=\"flex-basis:60%\">\n<p class=\"option_titre\"><strong>Opzione 3: <\/strong>Villefranches o Cap-Ferrat<\/p>\n\n\n\n<p style=\"font-size:14px\">Appena fuori Beaulieu, intorno a Cap Ferrat, pu\u00f2 anche godersi le vivaci cittadine di Villefranches o la pace e la tranquillit\u00e0 del promontorio.<br\/>Consigliamo:<\/p>\n\n\n\n<ul class=\"ul_box wp-block-list\">\n<li class=\"ul_box\" style=\"font-size:14px\"><strong>Hotel Welcome<\/strong> a Villefranches &#8211; <a href=\"https:\/\/www.booking.com\/hotel\/fr\/welcome-vilefranche-sur-mer.html?aid=2319618\" target=\"_blank\" rel=\"noreferrer noopener sponsored nofollow\">prezzi, foto e disponibilit\u00e0<\/a><\/li>\n\n\n\n<li class=\"ul_box\" style=\"font-size:14px\"><strong>H\u00f4tel du Cap Ferrat<\/strong> &#8211; <a href=\"https:\/\/www.booking.com\/hotel\/fr\/grand-du-cap-ferrat.html?aid=2319618\" target=\"_blank\" rel=\"noreferrer noopener sponsored nofollow\">vedi prezzi, foto e disponibilit\u00e0<\/a><\/li>\n<\/ul>\n<\/div>\n\n\n\n<div class=\"wp-block-column is-vertically-aligned-top planif-radius is-layout-flow wp-block-column-is-layout-flow\" style=\"flex-basis:40%\">\n<figure class=\"wp-block-image size-large img-portrait\"><img decoding=\"async\" src=\"https:\/\/photos.smugmug.com\/Provence-Lovers\/Villefranche-sur-Mer\/n-k3fDq3\/Hotel-Welcome\/i-ttjw5XF\/0\/505461a7\/S\/hotel-welcome-S.jpg\" alt=\"Benvenuti in hotel\" title=\"\"\/><\/figure>\n<\/div>\n<\/div>\n\n\n\n<p class=\"has-text-align-center\" style=\"font-size:16px\"><a href=\"https:\/\/provencelovers.fr\/it\/dove-alloggiare-beaulieu-sur-mer-migliori-hotel-quartieri\/\" target=\"_blank\" rel=\"noreferrer noopener\">Guardi le nostre recensioni sui migliori hotel di Beaulieu-sur-Mer<\/a><\/p>\n\n\n\n<div class=\"wp-block-buttons planif_bouton is-content-justification-center is-layout-flex wp-container-core-buttons-is-layout-16018d1d wp-block-buttons-is-layout-flex\">\n<div class=\"wp-block-button has-custom-font-size\" style=\"font-size:14px\"><a class=\"wp-block-button__link has-white-color has-text-color wp-element-button\" href=\"https:\/\/www.booking.com\/searchresults.html?city=-1411081&amp;nflt=review_score%253D90%253Breview_score%253D80&amp;aid=2319618&amp;no_rooms=1&amp;group_adults=2\" style=\"border-radius:4px\" target=\"_blank\" rel=\"noreferrer noopener\">Vedi tutti gli alloggi disponibili  <img loading=\"lazy\" decoding=\"async\" width=\"16\" height=\"17\" class=\"wp-image-2851\" style=\"width: 16px;\" src=\"https:\/\/provencelovers.fr\/wp-content\/uploads\/2023\/08\/ArrowRight.webp\" alt=\"\"\/><\/a><\/div>\n<\/div>\n<\/div><\/div><\/div>\n\n<h3 class=\"wp-block-heading\">La storia in breve<\/h3>\n\n<ul class=\"wp-block-list\">\n<li>Nel 1543, le <strong>110 galee di Barbarossa<\/strong> sbarcarono a Villefranche. L&#8217;invasore \u00e8 feroce. Brucia e distrugge tutto ci\u00f2 che incontra sul suo cammino. Meno di 10 anni dopo, su ordine di<strong>Emmanuel-Philibert di Savoia<\/strong>, inizi\u00f2 la costruzione di una fortificazione bastionata, progettata per proteggere la citt\u00e0 dagli assalti dal mare. I progetti furono redatti da un ingegnere milanese, <strong>Gian Maria Olgiatti<\/strong>, architetto principale <strong>di Carlo V<\/strong>.<\/li>\n\n\n\n<li>Nel 1860, la Savoia divenne parte della Francia e la cittadella fu utilizzata come base militare dal <strong>24\u00b0 Battaglione di Chasseurs Alpini<\/strong>. Solo nel 1965 il Comune di Villefranche decise di diventarne proprietario. Nello stesso anno, la fortezza \u00e8 stata inserita nell&#8217;elenco dei <strong>monumenti storici<\/strong>. Scopra di pi\u00f9 <a href=\"https:\/\/www.pop.culture.gouv.fr\/notice\/merimee\/IA06000019\" target=\"_blank\" rel=\"noreferrer noopener nofollow\">qui<\/a>.<\/li>\n\n\n\n<li>Il <strong>restauro<\/strong> \u00e8 iniziato nel 1979 e il Municipio si \u00e8 trasferito nel 1981, insieme a un centro culturale (musei, auditorium, teatro all&#8217;aperto). I lavori di restauro continuano tuttora. Al momento della nostra visita, i musei erano chiusi per ristrutturazione. Non abbiamo quindi potuto visitarli. L&#8217;apertura \u00e8 prevista per il 2025.<\/li>\n<\/ul>\n\n<figure class=\"wp-block-image size-large\"><img decoding=\"async\" src=\"https:\/\/photos.smugmug.com\/Provence-Lovers\/Villefranche-sur-Mer\/n-k3fDq3\/Citadelle-de-Villefranche\/i-fM4CvVh\/0\/j592TXhCP3qXc28CD4s9hHgcGFzGNf4w7J6zpsDB\/L\/emmanuel-savoie-citadelle-villefranche-L.jpg\" alt=\"Storia del Cartello della Cittadella di Villefranche-sur-Mer\"\/><\/figure>\n\n<h2 class=\"wp-block-heading\">Accesso: Cittadella, Villefranche-sur-Mer<\/h2>\n\n<h3 class=\"wp-block-heading\">Dove si trova la cittadella?<\/h3>\n\n<p>La cittadella si trova in Place Emmanuel Philibert a Villefranche-sur-Mer (06230).<\/p>\n\n<ul class=\"wp-block-list\">\n<li>Si trova sul lungomare, all&#8217;estremit\u00e0 meridionale del centro storico di Villefranche, tra il centro e il porto di La Darse.<\/li>\n\n\n\n<li>\u00c8 vicino allo Stade Antoine Bonifaci.<\/li>\n<\/ul>\n\n<div style=\"margin-top:8%;margin-bottom:8%\" class=\"wp-block-genesis-blocks-gb-container box gb-block-container\"><div class=\"gb-container-inside\"><div class=\"gb-container-content\">\n<div class=\"wp-block-columns inverse box_planif is-layout-flex wp-container-core-columns-is-layout-9d6595d7 wp-block-columns-is-layout-flex\">\n<div class=\"wp-block-column texte_planif is-layout-flow wp-block-column-is-layout-flow\" style=\"flex-basis:58%\">\n<h5 class=\"titre_box\">I NOSTRI CONSIGLI PER NOLEGGIARE UN&#8217;AUTO A <span class=\"titre_box_manuscrit\">\nProvence<\/span><\/h5>\n\n\n\n<ul class=\"liste_voiture wp-block-list\" style=\"font-size:14px\">\n<li>Confronti i prezzi sulla nostra piattaforma preferita: <a href=\"https:\/\/www.discovercars.com\/it\/france?a_aid=zigzag&amp;chan=PL\" target=\"_blank\" rel=\"noreferrer noopener sponsored nofollow\">DiscoverCars<\/a> &#8211; uno dei siti meglio valutati.<\/li>\n\n\n\n<li>Scelga un&#8217;<strong>auto abbastanza potente <\/strong>(le strade sono ripide) ma <strong>compatta<\/strong> (alcuni passaggi sono stretti).<\/li>\n\n\n\n<li>Consideri un&#8217;<strong>assicurazione completa<\/strong> (alcune strade sono tortuose e strette).<\/li>\n\n\n\n<li>C&#8217;\u00e8 molta richiesta, quindi <strong>prenotate in anticipo<\/strong>.<\/li>\n<\/ul>\n<\/div>\n\n\n\n<div class=\"wp-block-column planif-radius-3 is-layout-flow wp-block-column-is-layout-flow\" style=\"flex-basis:42%\">\n<figure class=\"wp-block-image size-full is-resized\"><img loading=\"lazy\" decoding=\"async\" width=\"421\" height=\"533\" src=\"https:\/\/provencelovers.fr\/wp-content\/uploads\/2023\/05\/Vieux-Nice-ruelle-L.png\" alt=\"\" class=\"wp-image-1302\" title=\"\" srcset=\"https:\/\/provencelovers.fr\/wp-content\/uploads\/2023\/05\/Vieux-Nice-ruelle-L.png 421w, https:\/\/provencelovers.fr\/wp-content\/uploads\/2023\/05\/Vieux-Nice-ruelle-L-237x300.png 237w\" sizes=\"auto, (max-width: 421px) 100vw, 421px\" \/><\/figure>\n<\/div>\n<\/div>\n\n\n\n<div class=\"wp-block-columns planif_bouton is-layout-flex wp-container-core-columns-is-layout-9d6595d7 wp-block-columns-is-layout-flex\">\n<div class=\"wp-block-column is-layout-flow wp-block-column-is-layout-flow\" style=\"flex-basis:50%\">\n<div class=\"wp-block-buttons is-content-justification-center is-layout-flex wp-container-core-buttons-is-layout-16018d1d wp-block-buttons-is-layout-flex\">\n<div class=\"wp-block-button has-custom-font-size\" style=\"font-size:14px\"><a class=\"wp-block-button__link has-white-color has-text-color wp-element-button\" href=\"https:\/\/www.discovercars.com\/it\/france?a_aid=zigzag&amp;amp;chan=PL\" style=\"border-radius:4px\" target=\"_blank\" rel=\"noreferrer noopener\">Vedere le auto<img loading=\"lazy\" decoding=\"async\" width=\"16\" height=\"17\" class=\"wp-image-2851\" style=\"width: 16px;\" src=\"https:\/\/provencelovers.fr\/wp-content\/uploads\/2023\/08\/ArrowRight.webp\" alt=\"\"\/><\/a><\/div>\n<\/div>\n<\/div>\n\n\n\n<div class=\"wp-block-column is-vertically-aligned-center is-layout-flow wp-block-column-is-layout-flow\" style=\"flex-basis:50%\">\n<p class=\"has-text-align-center\" style=\"font-size:14px\"><strong><a href=\"https:\/\/provencelovers.fr\/it\/come-noleggiare-auto-provenza\/\">Guardi i nostri consigli<\/a><\/strong><\/p>\n<\/div>\n<\/div>\n<\/div><\/div><\/div>\n\n<h3 class=\"wp-block-heading\">Come arrivarci?<\/h3>\n\n<p>Ci sono diverse opzioni per accedere alla cittadella:<\/p>\n\n<ul class=\"wp-block-list\">\n<li>In auto: il sito \u00e8 ben segnalato e facile da raggiungere, ma il traffico pu\u00f2 essere intenso (soprattutto in estate).<\/li>\n\n\n\n<li>A piedi: da 5 a 7 minuti da \u00c9glise Saint-Michel, nel centro di Villefranche.<\/li>\n\n\n\n<li>In autobus: la fermata dell&#8217;autobus Mairie-Villefranche-sur-Mer (linea 80) \u00e8 la pi\u00f9 vicina, a 1 minuto a piedi.<\/li>\n\n\n\n<li>In treno: dalla stazione SNCF di Villefranche-sur-Mer, dista 11 minuti a piedi.<\/li>\n<\/ul>\n\n<figure class=\"wp-block-image size-large\"><img decoding=\"async\" src=\"https:\/\/photos.smugmug.com\/Provence-Lovers\/Villefranche-sur-Mer\/n-k3fDq3\/Citadelle-de-Villefranche\/i-Xmc592w\/0\/C4MptdcSgq3NJrSmg5DFvXJ38NJd8RbX6mcPrC62b\/L\/rampe-acce&#x300;s-citadelle-villefranche-L.jpg\" alt=\"Rampa di accesso alla Citadelle di Villefranche-sur-Mer\"\/><\/figure>\n\n<h3 class=\"wp-block-heading\">Parcheggio<\/h3>\n\n<p>Pu\u00f2 parcheggiare l&#8217;auto ai piedi dei bastioni della cittadella. Sono stati creati dei parcheggi a pagamento.  <\/p>\n\n<p>Avevamo lasciato la nostra auto nel <strong>parcheggio Wilson<\/strong>, sul lungomare tra il centro storico e la strada di accesso alla cittadella. Da qui, una scala conduce all&#8217;ingresso del monumento. La <strong>prima mezz&#8217;ora \u00e8 gratuita<\/strong>. Scopra di pi\u00f9 <a href=\"https:\/\/www.parkopedia.fr\/parking\/parc_de_stationnement\/wilson\/06230\/villefranche_sur_mer\/?arriving=202402281300&amp;leaving=202402281500\" target=\"_blank\" rel=\"noreferrer noopener nofollow\">qui<\/a>.<\/p>\n\n<figure class=\"wp-block-image size-large\"><img decoding=\"async\" src=\"https:\/\/photos.smugmug.com\/Provence-Lovers\/Villefranche-sur-Mer\/n-k3fDq3\/Citadelle-de-Villefranche\/i-TpCFG7v\/0\/77gMqgF6bMGBb4StwSch5n6FdHR2Lfm5fCh4dG7p\/L\/parking-wilson-citadelle-villefranche-L.jpg\" alt=\"parcheggio Wilson Villefranche-sur-Mer\"\/><\/figure>\n\n<div class=\"wp-block-group\"><div class=\"wp-block-group__inner-container is-layout-constrained wp-block-group-is-layout-constrained\">\n<div style=\"margin-top:8%;margin-bottom:8%\" class=\"wp-block-genesis-blocks-gb-container box gb-block-container\"><div class=\"gb-container-inside\"><div class=\"gb-container-content\">\n<div class=\"wp-block-columns inverse is-layout-flex wp-container-core-columns-is-layout-9d6595d7 wp-block-columns-is-layout-flex\">\n<div class=\"wp-block-column texte_planif is-layout-flow wp-block-column-is-layout-flow\" style=\"flex-basis:58%\">\n<h5 class=\"titre_box\">PIANIFICA IL TUO SOGGIORNO A <span class=\"titre_box_manuscrit\">Beaulieu-sur-Mer<\/span><\/h5>\n\n\n\n<ul class=\"wp-block-list\">\n<li style=\"font-size:14px\"><a href=\"https:\/\/provencelovers.fr\/it\/cosa-vedere-beaulieu-sur-mer-visitare\/\" target=\"_blank\" rel=\"noreferrer noopener\">Cosa fare a Beaulieu-sur-Mer<\/a><\/li>\n\n\n\n<li style=\"font-size:14px\">Dove alloggiare a Beaulieu-sur-Mer: <a href=\"https:\/\/provencelovers.fr\/it\/dove-alloggiare-beaulieu-sur-mer-migliori-hotel-quartieri\/\" target=\"_blank\" rel=\"noreferrer noopener\">i migliori hotel<\/a><\/li>\n\n\n\n<li style=\"font-size:14px\"><a href=\"https:\/\/provencelovers.fr\/it\/miglior-ristorante-beaulieu-sur-mer-dove-mangiare-recensione\/\" target=\"_blank\" rel=\"noreferrer noopener\">I migliori ristoranti<\/a><\/li>\n\n\n\n<li style=\"font-size:14px\">Le spiagge pi\u00f9 belle di Beaulieu-sur-Mer (in arrivo)<\/li>\n\n\n\n<li style=\"font-size:14px\"><a href=\"https:\/\/provencelovers.fr\/it\/visitare-villa-kerylos-beaulieu-sur-mer\/\" target=\"_blank\" rel=\"noreferrer noopener\">Villa Kerylos<\/a><\/li>\n\n\n\n<li style=\"font-size:14px\"><a href=\"https:\/\/provencelovers.fr\/it\/visitare-villa-ephrussi-saint-jean-cap-ferrat\/\">Villa Eprhussi<\/a><\/li>\n\n\n\n<li style=\"font-size:14px\"><a href=\"https:\/\/provencelovers.fr\/it\/cosa-vedere-borgo-villefranche-sur-mer-visitare\/\" target=\"_blank\" rel=\"noreferrer noopener\">Cosa fare a Villefranche-sur-Mer<\/a><\/li>\n<\/ul>\n<\/div>\n\n\n\n<div class=\"wp-block-column ville-radius is-layout-flow wp-block-column-is-layout-flow\" style=\"flex-basis:42%\">\n<figure class=\"wp-block-image size-large is-resized img-portrait\"><img decoding=\"async\" src=\"https:\/\/photos.smugmug.com\/Provence-Lovers\/Best-of\/n-PbwqvZ\/Plages\/i-B6LvqBw\/0\/5d676526\/S\/Beaulieu_plage_petite_afrique-1-S.jpg\" alt=\"Beaulieu-sur-Mer\" style=\"object-fit:contain;width:319px;height:303px\" title=\"\"\/><\/figure>\n<\/div>\n<\/div>\n<\/div><\/div><\/div>\n<\/div><\/div>\n\n<h2 class=\"wp-block-heading\">Consigli utili: durata, orari, mangiare&#8230;<\/h2>\n\n<h3 class=\"wp-block-heading\">Il momento migliore per visitare <\/h3>\n\n<p>La cittadella pu\u00f2 essere visitata a qualsiasi ora del giorno. Tuttavia, con il bel tempo, visitarla al mattino significa evitare il caldo e godersi un po&#8217; di pace e tranquillit\u00e0.  <\/p>\n\n<p>Pu\u00f2 anche godersi il teatro all&#8217;aperto fino a tarda sera, assistendo ai concerti e agli spettacoli in programma.<\/p>\n\n<figure class=\"wp-block-image size-large\"><img decoding=\"async\" src=\"https:\/\/photos.smugmug.com\/Provence-Lovers\/Villefranche-sur-Mer\/n-k3fDq3\/Citadelle-de-Villefranche\/i-pG5w2cR\/0\/DbD8fNHjCg9fgW5ZsVcDVKW4xrdDPWrDMStj38sG2\/L\/sortie-citadelle-villefranche-L.jpg\" alt=\"Ponte levatoio della Cittadella di Villefranche-sur-Mer\"\/><\/figure>\n\n<h3 class=\"wp-block-heading\">Durata della visita e principali difficolt\u00e0<\/h3>\n\n<p><strong>Consideri da 1 a 2 ore<\/strong> per visitare il sito, soprattutto se vuole godersi le mostre in corso e i giardini.<\/p>\n\n<p>Ci sono diverse scale all&#8217;esterno della cittadella e la disposizione del terreno rende difficile l&#8217;accesso alle persone con mobilit\u00e0 ridotta.  <\/p>\n\n<p>I musei della Citadelle offrono un facile accesso alle persone con esigenze speciali (visive, uditive, motorie). Per conoscere gli adattamenti alle visite disponibili, <a href=\"https:\/\/villefranche-sur-mer.fr\/horaires-douverture\/#:~:text=Les%20mus%C3%A9es%20de%20la%20Citadelle%20proposent%20un%20acc%C3%A8s%20facilit%C3%A9%20pour,adaptations%20%C3%A0%20la%20visite%20disponibles.\" target=\"_blank\" rel=\"noreferrer noopener nofollow\">clicchi qui<\/a>.<\/p>\n\n<figure class=\"wp-block-image size-large\"><img decoding=\"async\" src=\"https:\/\/photos.smugmug.com\/Provence-Lovers\/Villefranche-sur-Mer\/n-k3fDq3\/Citadelle-de-Villefranche\/i-BtG5j27\/0\/jx7rPfkWF5n2cvg9MWX46J2mS2f2TZ3t4V6V5LnX\/L\/sol-citadelle-villefranche-L.jpg\" alt=\"Piano dei bastioni della Cittadella di Villefranche-sur-Mer\"\/><\/figure>\n\n<h3 class=\"wp-block-heading\">Consigli su come visitare<\/h3>\n\n<p>I musei della cittadella erano in fase di restauro al momento della nostra visita. Avevamo accesso solo all&#8217;esterno. Abbiamo prima visitato i <strong>cortili della cittadella<\/strong> (cour d&#8217;honneur, cour de la citerne, cour du ricin) prima di salire sui <strong>bastioni<\/strong> a nord-est dell&#8217;edificio. Ci siamo poi recati sulla terrazza adiacente al cortile dell&#8217;H\u00f4tel de Ville e abbiamo visitato la <strong>Chapelle Saint-Elme<\/strong>, che ospitava una mostra. Abbiamo concluso la nostra visita con un tour dei <strong>giardini<\/strong> e una discesa al <strong>teatro all&#8217;aperto<\/strong>.<\/p>\n\n<figure class=\"wp-block-image size-large\"><img decoding=\"async\" src=\"https:\/\/photos.smugmug.com\/Provence-Lovers\/Villefranche-sur-Mer\/n-k3fDq3\/Citadelle-de-Villefranche\/i-2nQp4BJ\/0\/GmfGCDzvXb6LRbJSrqQMtJbD2HnWFrspvqc4Jt5B\/L\/plan-citadelle-villefranche-L.jpg\" alt=\"Mappa della Citadelle di Villefranche-sur-Mer\"\/><figcaption class=\"wp-element-caption\">Mappa della cittadella di Villefranche-sur-Mer<\/figcaption><\/figure>\n\n<div style=\"background-color:#fefefe;margin-top:6%;margin-bottom:6%\" class=\"wp-block-genesis-blocks-gb-container box gb-block-container\"><div class=\"gb-container-inside\"><div class=\"gb-container-content\" style=\"max-width:700px\">\n<div class=\"wp-block-columns inverse is-layout-flex wp-container-core-columns-is-layout-9d6595d7 wp-block-columns-is-layout-flex\">\n<div class=\"wp-block-column texte_planif is-layout-flow wp-block-column-is-layout-flow\" style=\"flex-basis:58%\">\n<h5 class=\"titre_box\">UN PO&#8217; PI\u00d9 DI <span class=\"titre_box_manuscrit\">pazienza<\/span><\/h5>\n\n\n\n<p style=\"font-size:14px\">Tutte le foto, le mappe, le informazioni, i buoni indirizzi per rendere il <strong>suo soggiorno in Provenza<\/strong> un successo, saranno <strong>presto raccolti<\/strong> in un unico ebook!<\/p>\n\n\n\n<p style=\"font-size:14px\">Se desidera essere informato sulla pubblicazione della nostra <strong>guida della Provenza<\/strong>, si registri:<\/p>\n\n\n<script>\nvar gform;gform||(document.addEventListener(\"gform_main_scripts_loaded\",function(){gform.scriptsLoaded=!0}),document.addEventListener(\"gform\/theme\/scripts_loaded\",function(){gform.themeScriptsLoaded=!0}),window.addEventListener(\"DOMContentLoaded\",function(){gform.domLoaded=!0}),gform={domLoaded:!1,scriptsLoaded:!1,themeScriptsLoaded:!1,isFormEditor:()=>\"function\"==typeof InitializeEditor,callIfLoaded:function(o){return!(!gform.domLoaded||!gform.scriptsLoaded||!gform.themeScriptsLoaded&&!gform.isFormEditor()||(gform.isFormEditor()&&console.warn(\"The use of gform.initializeOnLoaded() is deprecated in the form editor context and will be removed in Gravity Forms 3.1.\"),o(),0))},initializeOnLoaded:function(o){gform.callIfLoaded(o)||(document.addEventListener(\"gform_main_scripts_loaded\",()=>{gform.scriptsLoaded=!0,gform.callIfLoaded(o)}),document.addEventListener(\"gform\/theme\/scripts_loaded\",()=>{gform.themeScriptsLoaded=!0,gform.callIfLoaded(o)}),window.addEventListener(\"DOMContentLoaded\",()=>{gform.domLoaded=!0,gform.callIfLoaded(o)}))},hooks:{action:{},filter:{}},addAction:function(o,r,e,t){gform.addHook(\"action\",o,r,e,t)},addFilter:function(o,r,e,t){gform.addHook(\"filter\",o,r,e,t)},doAction:function(o){gform.doHook(\"action\",o,arguments)},applyFilters:function(o){return gform.doHook(\"filter\",o,arguments)},removeAction:function(o,r){gform.removeHook(\"action\",o,r)},removeFilter:function(o,r,e){gform.removeHook(\"filter\",o,r,e)},addHook:function(o,r,e,t,n){null==gform.hooks[o][r]&&(gform.hooks[o][r]=[]);var d=gform.hooks[o][r];null==n&&(n=r+\"_\"+d.length),gform.hooks[o][r].push({tag:n,callable:e,priority:t=null==t?10:t})},doHook:function(r,o,e){var t;if(e=Array.prototype.slice.call(e,1),null!=gform.hooks[r][o]&&((o=gform.hooks[r][o]).sort(function(o,r){return o.priority-r.priority}),o.forEach(function(o){\"function\"!=typeof(t=o.callable)&&(t=window[t]),\"action\"==r?t.apply(null,e):e[0]=t.apply(null,e)})),\"filter\"==r)return e[0]},removeHook:function(o,r,t,n){var e;null!=gform.hooks[o][r]&&(e=(e=gform.hooks[o][r]).filter(function(o,r,e){return!!(null!=n&&n!=o.tag||null!=t&&t!=o.priority)}),gform.hooks[o][r]=e)}});\n<\/script>\n\n                <div class='gf_browser_gecko gform_wrapper gravity-theme gform-theme--no-framework waitlist_wrapper' data-form-theme='gravity-theme' data-form-index='0' id='gform_wrapper_3' ><form method='post' enctype='multipart\/form-data'  id='gform_3' class='waitlist' action='\/it\/wp-json\/wp\/v2\/posts\/9933' data-formid='3' novalidate> \r\n <input type='hidden' class='gforms-pum' value='{\"closepopup\":false,\"closedelay\":0,\"openpopup\":false,\"openpopup_id\":0}' \/>\n                        <div class='gform-body gform_body'><div id='gform_fields_3' class='gform_fields top_label form_sublabel_below description_below validation_below'><div id=\"field_3_3\" class=\"gfield gfield--type-honeypot gform_validation_container field_sublabel_below gfield--has-description field_description_below field_validation_below gfield_visibility_visible\"  ><label class='gfield_label gform-field-label' for='input_3_3'>Email<\/label><div class='ginput_container'><input name='input_3' id='input_3_3' type='text' value='' autocomplete='new-password'\/><\/div><div class='gfield_description' id='gfield_description_3_3'>Questo campo serve per la convalida e dovrebbe essere lasciato inalterato.<\/div><\/div><div id=\"field_3_2\" class=\"gfield gfield--type-website gfield--input-type-website gfield--width-full field_sublabel_below gfield--no-description field_description_below field_validation_below gfield_visibility_hidden\"  ><div class=\"admin-hidden-markup\"><i class=\"gform-icon gform-icon--hidden\" aria-hidden=\"true\" title=\"Questo campo \u00e8 nascosto quando si visualizza il modulo\"><\/i><span>Questo campo \u00e8 nascosto quando si visualizza il modulo<\/span><\/div><label class='gfield_label gform-field-label' for='input_3_2'>Site Web<\/label><div class='ginput_container ginput_container_website'>\n                    <input name='input_2' id='input_3_2' type='url' value='https:\/\/provencelovers.fr\/it\/wp-json\/wp\/v2\/posts\/9933' class='large'    placeholder='https:\/\/'  aria-invalid=\"false\" \/>\n                <\/div><\/div><div id=\"field_3_1\" class=\"gfield gfield--type-email gfield--input-type-email gfield--width-full field_sublabel_below gfield--no-description field_description_below hidden_label field_validation_below gfield_visibility_visible\"  ><label class='gfield_label gform-field-label' for='input_3_1'>E-mail<\/label><div class='ginput_container ginput_container_email'>\n                            <input name='input_1' id='input_3_1' type='email' value='votre e-mail' class='large'     aria-invalid=\"false\"  \/>\n                        <\/div><\/div><\/div><\/div>\n        <div class='gform-footer gform_footer top_label'> <input type='submit' id='gform_submit_button_3' class='gform_button button' onclick='gform.submission.handleButtonClick(this);' data-submission-type='submit' value='Iscriviti'  \/> \n            <input type='hidden' class='gform_hidden' name='gform_submission_method' data-js='gform_submission_method_3' value='postback' \/>\n            <input type='hidden' class='gform_hidden' name='gform_theme' data-js='gform_theme_3' id='gform_theme_3' value='gravity-theme' \/>\n            <input type='hidden' class='gform_hidden' name='gform_style_settings' data-js='gform_style_settings_3' id='gform_style_settings_3' value='{&quot;inputPrimaryColor&quot;:&quot;#204ce5&quot;}' \/>\n            <input type='hidden' class='gform_hidden' name='is_submit_3' value='1' \/>\n            <input type='hidden' class='gform_hidden' name='gform_submit' value='3' \/>\n            \n            <input type='hidden' class='gform_hidden' name='gform_currency' data-currency='EUR' value='+LTzT2AHDZxEeX4M\/i7hE\/nSSRaHLPySLMMTvl8FmasYPX1qdcpzDumcRKd5on5qUuaBuRD9O6zVX\/GK2YyM8RQ8lNg7NZNHNP0y3blAgpjZEIo=' \/>\n            <input type='hidden' class='gform_hidden' name='gform_unique_id' value='' \/>\n            <input type='hidden' class='gform_hidden' name='state_3' value='WyJbXSIsImZmMDY0ZWJkMmU3ZDZhZTc3YTc4MDBiNDgyNDcwNGVlIl0=' \/>\n            <input type='hidden' autocomplete='off' class='gform_hidden' name='gform_target_page_number_3' id='gform_target_page_number_3' value='0' \/>\n            <input type='hidden' autocomplete='off' class='gform_hidden' name='gform_source_page_number_3' id='gform_source_page_number_3' value='1' \/>\n            <input type='hidden' name='gform_field_values' value='' \/>\n            \n        <\/div>\n                        <\/form>\n                        <\/div><script>\ngform.initializeOnLoaded( function() {gformInitSpinner( 3, 'https:\/\/provencelovers.fr\/wp-content\/plugins\/gravityforms\/images\/spinner.svg', true );jQuery('#gform_ajax_frame_3').on('load',function(){var contents = jQuery(this).contents().find('*').html();var is_postback = contents.indexOf('GF_AJAX_POSTBACK') >= 0;if(!is_postback){return;}var form_content = jQuery(this).contents().find('#gform_wrapper_3');var is_confirmation = jQuery(this).contents().find('#gform_confirmation_wrapper_3').length > 0;var is_redirect = contents.indexOf('gformRedirect(){') >= 0;var is_form = form_content.length > 0 && ! is_redirect && ! is_confirmation;var mt = parseInt(jQuery('html').css('margin-top'), 10) + parseInt(jQuery('body').css('margin-top'), 10) + 100;if(is_form){jQuery('#gform_wrapper_3').html(form_content.html());if(form_content.hasClass('gform_validation_error')){jQuery('#gform_wrapper_3').addClass('gform_validation_error');} else {jQuery('#gform_wrapper_3').removeClass('gform_validation_error');}setTimeout( function() { \/* delay the scroll by 50 milliseconds to fix a bug in chrome *\/  }, 50 );if(window['gformInitDatepicker']) {gformInitDatepicker();}if(window['gformInitPriceFields']) {gformInitPriceFields();}var current_page = jQuery('#gform_source_page_number_3').val();gformInitSpinner( 3, 'https:\/\/provencelovers.fr\/wp-content\/plugins\/gravityforms\/images\/spinner.svg', true );jQuery(document).trigger('gform_page_loaded', [3, current_page]);window['gf_submitting_3'] = false;}else if(!is_redirect){var confirmation_content = jQuery(this).contents().find('.GF_AJAX_POSTBACK').html();if(!confirmation_content){confirmation_content = contents;}jQuery('#gform_wrapper_3').replaceWith(confirmation_content);jQuery(document).trigger('gform_confirmation_loaded', [3]);window['gf_submitting_3'] = false;wp.a11y.speak(jQuery('#gform_confirmation_message_3').text());}else{jQuery('#gform_3').append(contents);if(window['gformRedirect']) {gformRedirect();}}jQuery(document).trigger(\"gform_pre_post_render\", [{ formId: \"3\", currentPage: \"current_page\", abort: function() { this.preventDefault(); } }]);        if (event && event.defaultPrevented) {                return;        }        const gformWrapperDiv = document.getElementById( \"gform_wrapper_3\" );        if ( gformWrapperDiv ) {            const visibilitySpan = document.createElement( \"span\" );            visibilitySpan.id = \"gform_visibility_test_3\";            gformWrapperDiv.insertAdjacentElement( \"afterend\", visibilitySpan );        }        const visibilityTestDiv = document.getElementById( \"gform_visibility_test_3\" );        let postRenderFired = false;        function triggerPostRender() {            if ( postRenderFired ) {                return;            }            postRenderFired = true;            gform.core.triggerPostRenderEvents( 3, current_page );            if ( visibilityTestDiv ) {                visibilityTestDiv.parentNode.removeChild( visibilityTestDiv );            }        }        function debounce( func, wait, immediate ) {            var timeout;            return function() {                var context = this, args = arguments;                var later = function() {                    timeout = null;                    if ( !immediate ) func.apply( context, args );                };                var callNow = immediate && !timeout;                clearTimeout( timeout );                timeout = setTimeout( later, wait );                if ( callNow ) func.apply( context, args );            };        }        const debouncedTriggerPostRender = debounce( function() {            triggerPostRender();        }, 200 );        if ( visibilityTestDiv && visibilityTestDiv.offsetParent === null ) {            const observer = new MutationObserver( ( mutations ) => {                mutations.forEach( ( mutation ) => {                    if ( mutation.type === 'attributes' && visibilityTestDiv.offsetParent !== null ) {                        debouncedTriggerPostRender();                        observer.disconnect();                    }                });            });            observer.observe( document.body, {                attributes: true,                childList: false,                subtree: true,                attributeFilter: [ 'style', 'class' ],            });        } else {            triggerPostRender();        }    } );} );\n<\/script>\n<\/div>\n\n\n\n<div class=\"wp-block-column is-layout-flow wp-block-column-is-layout-flow\" style=\"flex-basis:42%\">\n<div class=\"wp-block-genesis-blocks-gb-container ebook-radius-waitlist gb-block-container\"><div class=\"gb-container-inside\"><div class=\"gb-container-content\"><div class=\"wp-block-image ebook-image\">\n<figure class=\"aligncenter size-large\"><img decoding=\"async\" src=\"https:\/\/loirelovers.fr\/wp-content\/uploads\/2023\/03\/ebooks_CorseNormandie_FR.png\" alt=\"Box Ebook Corsica FR\"\/><\/figure>\n<\/div><\/div><\/div><\/div>\n<\/div>\n<\/div>\n<\/div><\/div><\/div>\n\n<h3 class=\"wp-block-heading\">Visita con i bambini<\/h3>\n\n<p>Alla Citadelle di Villefranche-sur-Mer ci sono molte attivit\u00e0 per i bambini, tra cui raduni e laboratori.  <br\/>Un libretto di scoperta \u00e8 disponibile gratuitamente presso il negozio del museo.<\/p>\n\n<p>Tuttavia, queste attivit\u00e0 sono sospese durante il restauro dei musei. Per maggiori informazioni, <a href=\"https:\/\/recreanice.fr\/ateliers-famille-musees-citadelle-villefranche-mer#:~:text=Anniversaire%20aux%20Mus%C3%A9es%20de%20la,%2C%20jusqu'%C3%A0%2012%20enfants.&amp;text=Avec%20une%20animatrice%2C%20et%20une,cake%20marbr%C3%A9%20ou%20brownie%2C%20bonbons.\" target=\"_blank\" rel=\"noreferrer noopener nofollow\">clicchi qui<\/a>.<\/p>\n\n<figure class=\"wp-block-image size-large\"><img decoding=\"async\" src=\"https:\/\/photos.smugmug.com\/Provence-Lovers\/Villefranche-sur-Mer\/n-k3fDq3\/Citadelle-de-Villefranche\/i-FL7k4SN\/0\/DbPXKMqkd2RvctHmtHcKfm6BmD8mVCdhWz5NH7BGx\/L\/grille-cour-citadelle-villefranche-L.jpg\" alt=\"Porta d'accesso al cortile della cittadella di Villefranche-sur-Mer\"\/><\/figure>\n\n<h3 class=\"wp-block-heading\">Orari e prezzi<\/h3>\n\n<p>La cittadella \u00e8 aperta:<\/p>\n\n<ul class=\"wp-block-list\">\n<li>Estate: dalle 10.00 alle 19.00<\/li>\n\n\n\n<li>Inverno: dalle 10.00 alle 18.00.<\/li>\n<\/ul>\n\n<p>L&#8217;accesso \u00e8 gratuito.<\/p>\n\n<ul class=\"wp-block-list\">\n<li>Perch\u00e9 non approfittare del servizio di autobus multi-stop da Nizza? Passa accanto alla Citadelle di Villefranche-sur-Mer. <a href=\"https:\/\/www.getyourguide.it\/nice-l314\/nice-visite-en-bus-a-arrets-multiples-1-ou-2-jours-t68769\/?partner_id=R3GYW4V&amp;cmp=PL\" target=\"_blank\" rel=\"noreferrer noopener sponsored nofollow\">Veda le foto, i prezzi e la disponibilit\u00e0<\/a>.  <\/li>\n<\/ul>\n\n<figure class=\"wp-block-image size-large\"><img decoding=\"async\" src=\"https:\/\/photos.smugmug.com\/Provence-Lovers\/Villefranche-sur-Mer\/n-k3fDq3\/Citadelle-de-Villefranche\/i-ZW33Jgt\/0\/D3KcP7GfZSqWjLmr8Bhdj9p6gL5dtpgh2K7jCnFGD\/L\/entree-citadelle-villefranche-L.jpg\" alt=\"Ponte d'ingresso alla Cittadella di Villefranche-sur-Mer&#10;\"\/><\/figure>\n\n<h3 class=\"wp-block-heading\">Visite guidate<\/h3>\n\n<p>Le visite guidate individuali al centro storico e alla cittadella sono disponibili da aprile a ottobre, su prenotazione. Le condizioni sono <a href=\"https:\/\/www.explorenicecotedazur.com\/fiche\/visite-guidee-de-villefranche-proposee-par-la-ville\/#:~:text=Du%2005%2F04%20au%2025,Sur%20r%C3%A9servation%20uniquement.\" target=\"_blank\" rel=\"noreferrer noopener nofollow\">qui<\/a>.<\/p>\n\n<p><strong>Prezzo singolo<\/strong> per persona: <strong>5 euro<\/strong><br\/><strong>Gratuito per i bambini sotto i 12 anni.<\/strong><\/p>\n\n<figure class=\"wp-block-image size-large\"><img decoding=\"async\" src=\"https:\/\/photos.smugmug.com\/Provence-Lovers\/Villefranche-sur-Mer\/n-k3fDq3\/Citadelle-de-Villefranche\/i-zHJcf3C\/0\/CnMdSF9LhrHKq6RWwXprG9DKJB9zQkxJwBQ6kgkBs\/L\/rampe-remparts-citadelle-villefranche-L.jpg\" alt=\"Accesso ai bastioni della Citadelle di Villefranche-sur-Mer\"\/><\/figure>\n\n<h3 class=\"wp-block-heading\">Ristoranti nelle vicinanze<\/h3>\n\n<p>Se la visita avviene con il bel tempo, si assicuri di provare i gelati artigianali di Feracci, ai piedi della cittadella, proprio sopra il parcheggio Wilson. Una delizia rinfrescante!<\/p>\n\n<p>Il nostro articolo su dove mangiare a Beaulieu-sur-Mer sar\u00e0 disponibile molto presto. Pu\u00f2 gi\u00e0 <a href=\"https:\/\/provencelovers.fr\/it\/migliori-ristoranti-nizza-mangiare\/\" target=\"_blank\" rel=\"noreferrer noopener\">scoprire i nostri migliori indirizzi a Nizza<\/a>.<\/p>\n\n<figure class=\"wp-block-image size-large\"><img decoding=\"async\" src=\"https:\/\/photos.smugmug.com\/Provence-Lovers\/Villefranche-sur-Mer\/n-k3fDq3\/Citadelle-de-Villefranche\/i-Kh6PFwj\/0\/Db4SrZB2PT73c7Sg4nWSn6RBDhgVL8hPczFFTdN8k\/L\/glacier-feracci-citadelle-villefranche-L.jpg\" alt=\"Ghiacciaio Feracci a Villefranche-sur-Mer\"\/><\/figure>\n\n<h2 class=\"wp-block-heading\">Inizio del tour: spazi dedicati alla cultura<\/h2>\n\n<p>Una volta superato il ponte che conduce al cancello d&#8217;ingresso, un portico alto e ombreggiato si apre sul cortile d&#8217;onore. Da qui, un labirinto di cortili, rampe e passaggi dai colori caldi ospita i musei della cittadella.<\/p>\n\n<h3 class=\"wp-block-heading\">Il labirinto dei corsi<\/h3>\n\n<p>Il <strong>cortile principale<\/strong> \u00e8 relativamente grande (200 m2). A destra, ci ha incuriosito la porta traforata del <strong>Bastione della Turbie<\/strong>. Oggi \u00e8 la sede del Museo Volti. Una rampa conduce al negozio del museo e poi ai bastioni.  <\/p>\n\n<figure class=\"wp-block-image size-large\"><img decoding=\"async\" src=\"https:\/\/photos.smugmug.com\/Provence-Lovers\/Villefranche-sur-Mer\/n-k3fDq3\/Citadelle-de-Villefranche\/i-dQq5QDM\/0\/Wdvc55Gx7gbkWsXsg6XJjBLkWNGkTzVHWxrsRDbv\/L\/boutique-musees-citadelle-villefranche-L.jpg\" alt=\"Il negozio del museo e il museo Volti alla Citadelle di Villefranche-sur-Mer\"\/><\/figure>\n\n<p>Questo \u00e8 anche l&#8217;ingresso al <strong>cortile<\/strong> della <strong>cisterna<\/strong> (78m2). Durante la nostra visita, un&#8217;opera dell&#8217;artista visiva Jeanne Susplugas, <em>La maison malade<\/em>, era esposta nell&#8217;ambito della mostra <em>Tout semblait pourtant si calme<\/em>, a lei dedicata in quel periodo.<\/p>\n\n<figure class=\"wp-block-image size-large\"><img decoding=\"async\" src=\"https:\/\/photos.smugmug.com\/Provence-Lovers\/Villefranche-sur-Mer\/n-k3fDq3\/Citadelle-de-Villefranche\/i-TtQCBqp\/0\/mJbvDbLPtBjwk7GPL7HhDwTLtqgrg4x46prWFj6W\/L\/cour-citerne-citadelle-villefranche-L.jpg\" alt=\"Cortile della cisterna nella Cittadella di Villefranche-sur-Mer\"\/><\/figure>\n\n<p>Il cortile della cisterna comunica con il <strong>cortile<\/strong> del <strong>castelletto<\/strong> (95m2 di lunghezza). Qui trover\u00e0 <em>L&#8217;homme de pierre<\/em> dell&#8217;artista e attore francese Max Cartier.<\/p>\n\n<figure class=\"wp-block-image size-large\"><img decoding=\"async\" src=\"https:\/\/photos.smugmug.com\/Provence-Lovers\/Villefranche-sur-Mer\/n-k3fDq3\/Citadelle-de-Villefranche\/i-ZxXXKhK\/0\/CdwvwR64kDxx88vJ2gXgfbfHh2zB4hs7KzVWMRhnL\/L\/homme-pierre-cartier-citadelle-villefranche-L.jpg\" alt=\"Cour du ricin presso la Citadelle di Villefranche-sur-Mer\"\/><\/figure>\n\n<p>Infine, l&#8217;ultimo cortile \u00e8 il pi\u00f9 grande (250 m2). Questo \u00e8 il <strong>cortile del Municipio<\/strong>. Ci sono piaciute molto le doppie arcate esposte a sud e l&#8217;atmosfera molto mediterranea.<\/p>\n\n<figure class=\"wp-block-image size-large\"><img decoding=\"async\" src=\"https:\/\/photos.smugmug.com\/Provence-Lovers\/Villefranche-sur-Mer\/n-k3fDq3\/Citadelle-de-Villefranche\/i-jLQMKvj\/0\/FSBkzxnqdLQrLqr4xWG9cWMXV4kCTrmVm6N3zGm8x\/L\/hotel-ville-citadelle-villefranche-L.jpg\" alt=\"Cour de l'H&#xF4;tel de Ville presso la Citadelle di Villefranche-sur-Mer\"\/><\/figure>\n\n<h3 class=\"wp-block-heading\">I musei<\/h3>\n\n<p>La Citadelle Saint-Elme ospita 3 musei. Al momento della nostra visita erano chiusi per restauro.<\/p>\n\n<p>Il <strong>Museo Volti<\/strong> si trova sul retro delle casematte della cittadella. Riunisce le opere dell&#8217;artista francese Antoniucci Voltigerno, di origine italiana. Raffigurano corpi femminili voluttuosamente sinuosi in bronzo, rame e terracotta.<\/p>\n\n<figure class=\"wp-block-image size-large\"><img decoding=\"async\" src=\"https:\/\/photos.smugmug.com\/Provence-Lovers\/Villefranche-sur-Mer\/n-k3fDq3\/Citadelle-de-Villefranche\/i-HXNDmNs\/0\/CCxDBzdcbmb4tKCsnf8XcKV3MxzxjZSGZ44j7pkKq\/L\/musee-volti-citadelle-villefranche-L.jpg\" alt=\"Ingresso al Museo Volti presso la Cittadella di Villefranche-sur-Mer\"\/><\/figure>\n\n<p>Non abbiamo visto nemmeno il <strong>museo Goetz-Boumeester<\/strong>, che ospita le opere di Henry Goetz e Christine Boumeester e alcuni dei grandi maestri contemporanei con cui hanno lavorato: Picasso, Picabia, Miro, Hartung&#8230;<\/p>\n\n<figure class=\"wp-block-image size-large\"><img decoding=\"async\" src=\"https:\/\/photos.smugmug.com\/Provence-Lovers\/Villefranche-sur-Mer\/n-k3fDq3\/Citadelle-de-Villefranche\/i-vR5HrKv\/0\/Dsd6JtvjQHKLnBgrM8JrCRG56nP5X6tq85TCSGzFx\/L\/goetz-boumeester-citadelle-villefranche-L.jpg\" alt=\"Ingresso al Museo Goetz-Boumeester presso la Citadelle di Villefranche-sur-Mer\"\/><\/figure>\n\n<p>La cittadella ospita anche il <strong>Museo di Storia e Collezioni<\/strong> della citt\u00e0, che non abbiamo potuto visitare. Infine, la <strong>Chapelle Saint-Elme<\/strong> \u00e8 il luogo ideale per le mostre temporanee. Questa \u00e8 l&#8217;antica cappella della cittadella. La parete posteriore del coro \u00e8 ornata da un affresco del XVIII secolo e da due nicchie contenenti sculture che rappresentano Saint-Elme e Saint-Michel.  <\/p>\n\n<figure class=\"wp-block-image size-large\"><img decoding=\"async\" src=\"https:\/\/photos.smugmug.com\/Provence-Lovers\/Villefranche-sur-Mer\/n-k3fDq3\/Citadelle-de-Villefranche\/i-2ZjKNvZ\/0\/9LgMFZk7KJCFkPNZz4kr4wLnTpJBcjKnn5GCt9PX\/L\/chapelle-citadelle-villefranche-L.jpg\" alt=\"cappella della Cittadella di Villefranche-sur-Mer\"\/><\/figure>\n\n<h2 class=\"wp-block-heading\">Proseguimento della visita: esplorazione delle fortificazioni<\/h2>\n\n<p>Abbiamo continuato la nostra visita alle fortificazioni della Citadelle Saint-Elme. Sono impressionanti sia per le loro dimensioni che per la loro disposizione difensiva strategica.<\/p>\n\n<h3 class=\"wp-block-heading\">Mura e bastioni<\/h3>\n\n<p>Una volta raggiunti i bastioni di questa <strong>fortezza bastionata<\/strong>, capimmo perch\u00e9 il suo ingegnoso sistema difensivo a forma di stella aveva ispirato l&#8217;intera Europa cattolica. Dai Cavalieri di Malta a La Valletta a Vauban sotto Luigi XIV.<\/p>\n\n<figure class=\"wp-block-image size-large\"><img decoding=\"async\" src=\"https:\/\/photos.smugmug.com\/Provence-Lovers\/Villefranche-sur-Mer\/n-k3fDq3\/Citadelle-de-Villefranche\/i-6HNvwt4\/0\/pKbrTcnJtbjNWjS3FCJG26n5C6C7RZn9ksxB9z6T\/L\/terrasse-citadelle-villefranche-L.jpg\" alt=\"bastioni della Cittadella di Villefranche-sur-Mer\"\/><\/figure>\n\n<p>Inoltre, la Cittadella di Villefranche-sur-Mer \u00e8 costruita su un&#8217;<strong>altura rocciosa<\/strong>. Il sito ripido e in pendenza rafforza ulteriormente il <strong>senso di impenetrabilit\u00e0<\/strong> delle sue gigantesche mura. Danno l&#8217;impressione di toccare il cielo. Eravamo molto intimiditi da loro.  <\/p>\n\n<figure class=\"wp-block-image size-large\"><img decoding=\"async\" src=\"https:\/\/photos.smugmug.com\/Provence-Lovers\/Villefranche-sur-Mer\/n-k3fDq3\/Citadelle-de-Villefranche\/i-FjMhdvS\/0\/3Mmh2t8b8FpmPcxGMDMKcDC8PJCBkttDGJwMgZq3\/L\/remparts-citadelle-villefranche-L.jpg\" alt=\"dettaglio dei bastioni della Cittadella di Villefranche-sur-Mer\"\/><\/figure>\n\n<p>Abbiamo apprezzato molto la vista del centro storico di Villefranche dai merli. \u00c8 un&#8217;illustrazione perfetta della strategia difensiva e, in particolare, dell&#8217;osservazione possibile da un&#8217;altezza simile.<\/p>\n\n<figure class=\"wp-block-image size-large\"><img decoding=\"async\" src=\"https:\/\/photos.smugmug.com\/Provence-Lovers\/Villefranche-sur-Mer\/n-k3fDq3\/Citadelle-de-Villefranche\/i-92qf866\/0\/DM2TxWCN3HJnRZBZSmtQztzv5M8xXDb8dVzdWVHq4\/L\/vue-citadelle-villefranche-L.jpg\" alt=\"vista dei bastioni della Cittadella di Villefranche-sur-Mer\"\/><\/figure>\n\n<h3 class=\"wp-block-heading\">La passeggiata sul parapetto<\/h3>\n\n<p>Oltre al camminamento di guardia esterno, sotto la cittadella sul lungomare, un altro camminamento di guardia attraversa la cittadella. Inizia dal ponte d&#8217;ingresso e passa sopra il ponte levatoio e il portico d&#8217;ingresso.<\/p>\n\n<figure class=\"wp-block-image size-large\"><img decoding=\"async\" src=\"https:\/\/photos.smugmug.com\/Provence-Lovers\/Villefranche-sur-Mer\/n-k3fDq3\/Citadelle-de-Villefranche\/i-5gxh4qs\/0\/CbJzmzqKsCHjm9jvsqJ5V2xP9qFzHNRqjVTw57F9w\/L\/pont-levis-bis-affiche-citadelle-villefranche-L.jpg\" alt=\"Ponte levatoio della Cittadella di Villefranche-sur-Mer\"\/><\/figure>\n\n<p>Continua dall&#8217;altro lato del cortile principale e passa sotto un secondo portico, seguendo una rampa che ora costeggia il cortile del Municipio.<\/p>\n\n<figure class=\"wp-block-image size-large\"><img decoding=\"async\" src=\"https:\/\/photos.smugmug.com\/Provence-Lovers\/Villefranche-sur-Mer\/n-k3fDq3\/Citadelle-de-Villefranche\/i-qKc2TBN\/0\/C87Q9g5W6GRGqT6DSJS4gcDGRP9qJxgkhfv8tccV5\/L\/chemin-ronde-inte&#x301;rieur-citadelle-villefranche-L.jpg\" alt=\"La passerella interna della Cittadella di Villefranche-sur-Mer\"\/><\/figure>\n\n<p>La percorremmo, passando sotto i doppi archi del cortile dell&#8217;H\u00f4tel de Ville, poi sotto un secondo portico, fino alla terrazza del bastione meridionale della cittadella.<\/p>\n\n<figure class=\"wp-block-image size-large\"><img decoding=\"async\" src=\"https:\/\/photos.smugmug.com\/Provence-Lovers\/Villefranche-sur-Mer\/n-k3fDq3\/Citadelle-de-Villefranche\/i-fwLF7Tj\/0\/FwTNC2mf4zsG5fK4MVJBh3mgPzT696spFnPScBmb\/L\/chemin-ronde-inte&#x301;rieur-bis-citadelle-villefranche-L.jpg\" alt=\"La passerella interna della Cittadella di Villefranche-sur-Mer\"\/><\/figure>\n\n<h2 class=\"wp-block-heading\">Fine del tour: giardini e panorami<\/h2>\n\n<p>Per concludere la nostra visita, abbiamo passeggiato nei giardini della cittadella. Si affacciano sul Mar Mediterraneo su 3 livelli e si uniscono al teatro all&#8217;aperto.  <\/p>\n\n<h3 class=\"wp-block-heading\">Giardini in riva al mare<\/h3>\n\n<p>Il primo spazio verde \u00e8 la <strong>terrazza della cappella Saint-Elme<\/strong>. Si pu\u00f2 vedere il tetto di tegole gialle e verdi di una torretta, tipica della regione. Il mare \u00e8 visibile attraverso le sue aperture. Il busto di Jean Moulin \u00e8 un omaggio alla creazione del Comit\u00e9 National de la R\u00e9sistance.<\/p>\n\n<figure class=\"wp-block-image size-large\"><img decoding=\"async\" src=\"https:\/\/photos.smugmug.com\/Provence-Lovers\/Villefranche-sur-Mer\/n-k3fDq3\/Citadelle-de-Villefranche\/i-w56GW9g\/0\/DxSHBc6zbJJTdTW726tSgSHRN439pnGmWbxPv6BRW\/L\/jardin-terrasse-citadelle-villefranche-L.jpg\" alt=\"Terrazza della Cittadella di Villefranche-sur-Mer\"\/><\/figure>\n\n<p>Tornando al cortile d&#8217;onore, si raggiunge il <strong>roseto<\/strong>, terrazzato sul lato della facciata. Area speciale dei giardini della Cittadella, ospita un mix di rose antiche, cespugli, steli e rampicanti. Le piante non erano ancora completamente sviluppate al momento della nostra visita, ma promettevano una bellissima sinfonia di colori e profumi.<\/p>\n\n<figure class=\"wp-block-image size-large\"><img decoding=\"async\" src=\"https:\/\/photos.smugmug.com\/Provence-Lovers\/Villefranche-sur-Mer\/n-k3fDq3\/Citadelle-de-Villefranche\/i-dH3rJm2\/0\/TSpcc4wpSjkMFJbbvmnjhMpJPVvkHbc9HjTb44G9\/L\/roseraie-citadelle-villefranche-L.jpg\" alt=\"Giardino di rose alla Cittadella di Villefranche-sur-Mer\"\/><\/figure>\n\n<p>Infine, c&#8217;\u00e8 il <strong>giardino dell&#8217;\u00e9chauguette<\/strong>, sul lungomare. L&#8217;architettura del XVI secolo si fonde armoniosamente con la natura. Un sentiero conduce al teatro verde sottostante.<\/p>\n\n<figure class=\"wp-block-image size-large\"><img decoding=\"async\" src=\"https:\/\/photos.smugmug.com\/Provence-Lovers\/Villefranche-sur-Mer\/n-k3fDq3\/Citadelle-de-Villefranche\/i-M498R7W\/0\/K3JxWJZC2zXKPjHZPGw9nQDbhpHmMzLWzLmTnSsj\/L\/jardin-echauguette-citadelle-villefranche-L.jpg\" alt=\"Jardin de l'&#xE9;chauguette, Cittadella di Villefranche-sur-Mer\"\/><\/figure>\n\n<h3 class=\"wp-block-heading\">Il teatro all&#8217;aperto<\/h3>\n\n<p>Il teatro verde della Citadelle Saint-Elme \u00e8 un luogo unico con vista sul mare e sul porto di Darse. Questo \u00e8 stato uno dei nostri momenti preferiti della visita. Sogniamo di venire qui per vedere un film o ascoltare un concerto.<\/p>\n\n<figure class=\"wp-block-image size-large\"><img decoding=\"async\" src=\"https:\/\/photos.smugmug.com\/Provence-Lovers\/Villefranche-sur-Mer\/n-k3fDq3\/Citadelle-de-Villefranche\/i-VNTjt7J\/0\/FdjSs6LdFRxxk5KJLbxqCxr5J27bm9tjd284m4Xqg\/L\/theatre-verdure-citadelle-villefranche-L.jpg\" alt=\"Th&#xE9;&#xE2;tre de verdure, Cittadella di Villefranche-sur-Mer\"\/><\/figure>\n\n<p>Il teatro ospita vari <strong>festival cinematografici e musicali<\/strong> durante i mesi estivi. Scopra di pi\u00f9 sul programma di eventi della cittadella <a href=\"https:\/\/lacitadellevsm.fr\/\" target=\"_blank\" rel=\"noreferrer noopener nofollow\">qui.<\/a><\/p>\n\n<div style=\"background-color:#fefefe;margin-top:6%;margin-bottom:6%\" class=\"wp-block-genesis-blocks-gb-container box gb-block-container\"><div class=\"gb-container-inside\"><div class=\"gb-container-content\" style=\"max-width:700px\">\n<div class=\"wp-block-columns inverse is-layout-flex wp-container-core-columns-is-layout-9d6595d7 wp-block-columns-is-layout-flex\">\n<div class=\"wp-block-column texte_planif is-layout-flow wp-block-column-is-layout-flow\" style=\"flex-basis:58%\">\n<h5 class=\"titre_box\">Riceva la nostra <span class=\"titre_box_manuscrit\">Newsletter<\/span><\/h5>\n\n\n\n<ul class=\"wp-block-list\">\n<li>Una boccata d&#8217;aria fresca nella sua vita quotidiana nelle bellissime destinazioni di Region Lovers!<\/li>\n\n\n\n<li>Una volta al mese<\/li>\n\n\n\n<li>Senza pubblicit\u00e0<\/li>\n<\/ul>\n\n\n\n                <div class='gf_browser_gecko gform_wrapper gravity-theme gform-theme--no-framework waitlist_wrapper' data-form-theme='gravity-theme' data-form-index='0' id='gform_wrapper_4' >\n                        <div class='gform_heading'>\n                            <p class='gform_description'><\/p>\n                        <\/div><form method='post' enctype='multipart\/form-data'  id='gform_4' class='waitlist' action='\/it\/wp-json\/wp\/v2\/posts\/9933' data-formid='4' novalidate> \r\n <input type='hidden' class='gforms-pum' value='{\"closepopup\":false,\"closedelay\":0,\"openpopup\":false,\"openpopup_id\":0}' \/>\n                        <div class='gform-body gform_body'><div id='gform_fields_4' class='gform_fields top_label form_sublabel_below description_below validation_below'><div id=\"field_4_1\" class=\"gfield gfield--type-email gfield--input-type-email gfield_contains_required field_sublabel_below gfield--no-description field_description_below hidden_label field_validation_below gfield_visibility_visible\"  ><label class='gfield_label gform-field-label' for='input_4_1'>E-mail<span class=\"gfield_required\"><span class=\"gfield_required gfield_required_text\">(Obbligatorio)<\/span><\/span><\/label><div class='ginput_container ginput_container_email'>\n                            <input name='input_1' id='input_4_1' type='email' value='' class='large'    aria-required=\"true\" aria-invalid=\"false\"  \/>\n                        <\/div><\/div><fieldset id=\"field_4_3\" class=\"gfield gfield--type-consent gfield--type-choice gfield--input-type-consent gfield_contains_required field_sublabel_below gfield--no-description field_description_below hidden_label field_validation_below gfield_visibility_visible\"  ><legend class='gfield_label gform-field-label gfield_label_before_complex' >RGPD<span class=\"gfield_required\"><span class=\"gfield_required gfield_required_text\">(Obbligatorio)<\/span><\/span><\/legend><div class='ginput_container ginput_container_consent'><input name='input_3.1' id='input_4_3_1' type='checkbox' value='1'   aria-required=\"true\" aria-invalid=\"false\"   \/> <label class=\"gform-field-label gform-field-label--type-inline gfield_consent_label\" for='input_4_3_1' >S\u00ec, desidero abbonarmi alla newsletter mensile<span class=\"gfield_required gfield_required_text\">(Obbligatorio)<\/span><\/label><input type='hidden' name='input_3.2' value='S\u00ec, desidero abbonarmi alla newsletter mensile' class='gform_hidden' \/><input type='hidden' name='input_3.3' value='1' class='gform_hidden' \/><\/div><\/fieldset><div id=\"field_4_4\" class=\"gfield gfield--type-website gfield--input-type-website field_sublabel_below gfield--no-description field_description_below field_validation_below gfield_visibility_hidden\"  ><div class=\"admin-hidden-markup\"><i class=\"gform-icon gform-icon--hidden\" aria-hidden=\"true\" title=\"Questo campo \u00e8 nascosto quando si visualizza il modulo\"><\/i><span>Questo campo \u00e8 nascosto quando si visualizza il modulo<\/span><\/div><label class='gfield_label gform-field-label' for='input_4_4'>Site Web<\/label><div class='ginput_container ginput_container_website'>\n                    <input name='input_4' id='input_4_4' type='url' value='https:\/\/provencelovers.fr\/it\/wp-json\/wp\/v2\/posts\/9933' class='large'    placeholder='https:\/\/'  aria-invalid=\"false\" \/>\n                <\/div><\/div><\/div><\/div>\n        <div class='gform-footer gform_footer top_label'> <input type='submit' id='gform_submit_button_4' class='gform_button button' onclick='gform.submission.handleButtonClick(this);' data-submission-type='submit' value='Iscriviti'  \/> \n            <input type='hidden' class='gform_hidden' name='gform_submission_method' data-js='gform_submission_method_4' value='postback' \/>\n            <input type='hidden' class='gform_hidden' name='gform_theme' data-js='gform_theme_4' id='gform_theme_4' value='gravity-theme' \/>\n            <input type='hidden' class='gform_hidden' name='gform_style_settings' data-js='gform_style_settings_4' id='gform_style_settings_4' value='{&quot;inputPrimaryColor&quot;:&quot;#204ce5&quot;}' \/>\n            <input type='hidden' class='gform_hidden' name='is_submit_4' value='1' \/>\n            <input type='hidden' class='gform_hidden' name='gform_submit' value='4' \/>\n            \n            <input type='hidden' class='gform_hidden' name='gform_currency' data-currency='EUR' value='B1Yoc7nB5qa7Z2R8GKV954qeA83f9cVokPjdX0Dp8XlB5dogVN470y122pUwYUaN1x\/5\/BYhTVD7lwYN3FLHXaPxS3BEvVH0T8mlw3WKJw97O38=' \/>\n            <input type='hidden' class='gform_hidden' name='gform_unique_id' value='' \/>\n            <input type='hidden' class='gform_hidden' name='state_4' value='WyJ7XCIzLjFcIjpcIjQ4N2RjMTgyMjNmY2RjNTA1YjkyNzVhZTM4MWMxNTg5XCIsXCIzLjJcIjpcIjliYTI3NmUxNjIxNjEwNGQ4MmIxMzBhZWJiZTE4MzkwXCIsXCIzLjNcIjpcIjQ4N2RjMTgyMjNmY2RjNTA1YjkyNzVhZTM4MWMxNTg5XCJ9IiwiNjE2M2Q4MTg2OTY1NDdmMThjMmE2MTFjNzU4ZmI5MGEiXQ==' \/>\n            <input type='hidden' autocomplete='off' class='gform_hidden' name='gform_target_page_number_4' id='gform_target_page_number_4' value='0' \/>\n            <input type='hidden' autocomplete='off' class='gform_hidden' name='gform_source_page_number_4' id='gform_source_page_number_4' value='1' \/>\n            <input type='hidden' name='gform_field_values' value='' \/>\n            \n        <\/div>\n                        <\/form>\n                        <\/div><script>\ngform.initializeOnLoaded( function() {gformInitSpinner( 4, 'https:\/\/provencelovers.fr\/wp-content\/plugins\/gravityforms\/images\/spinner.svg', true );jQuery('#gform_ajax_frame_4').on('load',function(){var contents = jQuery(this).contents().find('*').html();var is_postback = contents.indexOf('GF_AJAX_POSTBACK') >= 0;if(!is_postback){return;}var form_content = jQuery(this).contents().find('#gform_wrapper_4');var is_confirmation = jQuery(this).contents().find('#gform_confirmation_wrapper_4').length > 0;var is_redirect = contents.indexOf('gformRedirect(){') >= 0;var is_form = form_content.length > 0 && ! is_redirect && ! is_confirmation;var mt = parseInt(jQuery('html').css('margin-top'), 10) + parseInt(jQuery('body').css('margin-top'), 10) + 100;if(is_form){jQuery('#gform_wrapper_4').html(form_content.html());if(form_content.hasClass('gform_validation_error')){jQuery('#gform_wrapper_4').addClass('gform_validation_error');} else {jQuery('#gform_wrapper_4').removeClass('gform_validation_error');}setTimeout( function() { \/* delay the scroll by 50 milliseconds to fix a bug in chrome *\/  }, 50 );if(window['gformInitDatepicker']) {gformInitDatepicker();}if(window['gformInitPriceFields']) {gformInitPriceFields();}var current_page = jQuery('#gform_source_page_number_4').val();gformInitSpinner( 4, 'https:\/\/provencelovers.fr\/wp-content\/plugins\/gravityforms\/images\/spinner.svg', true );jQuery(document).trigger('gform_page_loaded', [4, current_page]);window['gf_submitting_4'] = false;}else if(!is_redirect){var confirmation_content = jQuery(this).contents().find('.GF_AJAX_POSTBACK').html();if(!confirmation_content){confirmation_content = contents;}jQuery('#gform_wrapper_4').replaceWith(confirmation_content);jQuery(document).trigger('gform_confirmation_loaded', [4]);window['gf_submitting_4'] = false;wp.a11y.speak(jQuery('#gform_confirmation_message_4').text());}else{jQuery('#gform_4').append(contents);if(window['gformRedirect']) {gformRedirect();}}jQuery(document).trigger(\"gform_pre_post_render\", [{ formId: \"4\", currentPage: \"current_page\", abort: function() { this.preventDefault(); } }]);        if (event && event.defaultPrevented) {                return;        }        const gformWrapperDiv = document.getElementById( \"gform_wrapper_4\" );        if ( gformWrapperDiv ) {            const visibilitySpan = document.createElement( \"span\" );            visibilitySpan.id = \"gform_visibility_test_4\";            gformWrapperDiv.insertAdjacentElement( \"afterend\", visibilitySpan );        }        const visibilityTestDiv = document.getElementById( \"gform_visibility_test_4\" );        let postRenderFired = false;        function triggerPostRender() {            if ( postRenderFired ) {                return;            }            postRenderFired = true;            gform.core.triggerPostRenderEvents( 4, current_page );            if ( visibilityTestDiv ) {                visibilityTestDiv.parentNode.removeChild( visibilityTestDiv );            }        }        function debounce( func, wait, immediate ) {            var timeout;            return function() {                var context = this, args = arguments;                var later = function() {                    timeout = null;                    if ( !immediate ) func.apply( context, args );                };                var callNow = immediate && !timeout;                clearTimeout( timeout );                timeout = setTimeout( later, wait );                if ( callNow ) func.apply( context, args );            };        }        const debouncedTriggerPostRender = debounce( function() {            triggerPostRender();        }, 200 );        if ( visibilityTestDiv && visibilityTestDiv.offsetParent === null ) {            const observer = new MutationObserver( ( mutations ) => {                mutations.forEach( ( mutation ) => {                    if ( mutation.type === 'attributes' && visibilityTestDiv.offsetParent !== null ) {                        debouncedTriggerPostRender();                        observer.disconnect();                    }                });            });            observer.observe( document.body, {                attributes: true,                childList: false,                subtree: true,                attributeFilter: [ 'style', 'class' ],            });        } else {            triggerPostRender();        }    } );} );\n<\/script>\n<\/div>\n\n\n\n<div class=\"wp-block-column is-layout-flow wp-block-column-is-layout-flow\" style=\"flex-basis:42%\">\n<div class=\"wp-block-genesis-blocks-gb-container aligncenter newsletter-radius gb-block-container\"><div class=\"gb-container-inside\"><div class=\"gb-container-content\"><div class=\"wp-block-image newsletter-image\">\n<figure class=\"aligncenter size-full\"><img loading=\"lazy\" decoding=\"async\" width=\"729\" height=\"792\" src=\"https:\/\/provencelovers.fr\/wp-content\/uploads\/2024\/01\/newsletter_FR_2.png\" alt=\"\" class=\"wp-image-8159\" srcset=\"https:\/\/provencelovers.fr\/wp-content\/uploads\/2024\/01\/newsletter_FR_2.png 729w, https:\/\/provencelovers.fr\/wp-content\/uploads\/2024\/01\/newsletter_FR_2-276x300.png 276w\" sizes=\"auto, (max-width: 729px) 100vw, 729px\" \/><\/figure>\n<\/div><\/div><\/div><\/div>\n<\/div>\n<\/div>\n<\/div><\/div><\/div>\n\n<h2 class=\"wp-block-heading\">Domande frequenti<\/h2>\n\n<h3 class=\"wp-block-heading\">Chi era Antonio Volti?<\/h3>\n\n<p>Antonio Volti (vero nome Antoniucci Voltigerno) \u00e8 stato uno scultore e disegnatore francese di origine italiana del XX secolo. Il suo lavoro \u00e8 dedicato al corpo femminile attraverso una variet\u00e0 di materiali, in particolare bronzo e rame. La Fondazione-Museo Volti fu creata durante la sua vita. Ha donato alcune delle sue opere (sculture e disegni) al comune di Villefranche-sur-Mer.  <\/p>\n\n<figure class=\"wp-block-image size-large\"><img decoding=\"async\" src=\"https:\/\/photos.smugmug.com\/Provence-Lovers\/Villefranche-sur-Mer\/n-k3fDq3\/Citadelle-de-Villefranche\/i-ff986Fk\/0\/JvCTmqqNLgXVxmk6Z27bQMD2HvQz8LTXnPghWmpk\/L\/sculpture-volti-citadelle-villefranche-L.jpg\" alt=\"Scultura di Volti presso la Citadelle di Villefranche-sur-Mer\"\/><\/figure>\n\n<h3 class=\"wp-block-heading\">Chi erano Christine Boumeester e Henri Goetz?<\/h3>\n\n<p>Christine Boumeester \u00e8 un&#8217;artista olandese naturalizzata francese. Si trasfer\u00ec in Francia negli anni &#8217;20. \u00c8 associata al movimento surrealista ed \u00e8 conosciuta per i suoi dipinti astratti.<\/p>\n\n<p>Suo marito, Henri Goetz, \u00e8 un pittore naturalizzato americano. Fu anche associato al movimento surrealista e prese parte alla Resistenza francese durante la Seconda Guerra Mondiale.<\/p>\n\n<p>Entrambi hanno apportato contributi significativi alla scena artistica francese e sono stati attivi nei circoli artistici e intellettuali del loro tempo.<\/p>\n\n<figure class=\"wp-block-image size-large\"><img decoding=\"async\" src=\"https:\/\/photos.smugmug.com\/Provence-Lovers\/Villefranche-sur-Mer\/n-k3fDq3\/Citadelle-de-Villefranche\/i-f7RQXpw\/0\/bVzKM4Crx7tfhCCWfRNvjVVWZmc98nj9MV8Lqrtz\/L\/goetz-boumeester-affiche-citadelle-villefranche-L.jpg\" alt=\"Poster Goetz-Boumeester alla Cittadella di Villefranche-sur-Mer\"\/><\/figure>\n\n<div style=\"margin-top:8%;margin-bottom:8%\" class=\"wp-block-genesis-blocks-gb-container box gb-block-container\"><div class=\"gb-container-inside\"><div class=\"gb-container-content\" style=\"max-width:700px\">\n<div class=\"wp-block-genesis-blocks-gb-container box_titre gb-block-container\"><div class=\"gb-container-inside\"><div class=\"gb-container-content\">\n<h5 class=\"titre_box\" style=\"padding-top:10px;\">PIANIFICHI IL SUO VIAGGIO IN <span class=\"titre_box_manuscrit\">Costa Azzurra<\/span><\/h5>\n<\/div><\/div><\/div>\n\n\n\n<hr class=\"wp-block-separator has-text-color has-alpha-channel-opacity has-background is-style-wide hr-box-planif\" style=\"background-color:#ccd3dd;color:#ccd3dd\"\/>\n\n\n\n<div class=\"wp-block-columns box_sans_border is-layout-flex wp-container-core-columns-is-layout-9d6595d7 wp-block-columns-is-layout-flex\">\n<div class=\"wp-block-column texte_planif is-layout-flow wp-block-column-is-layout-flow\" style=\"font-size:14px;flex-basis:60%\">\n<ul class=\"wp-block-list\">\n<li><strong>Ispirazione<\/strong><\/li>\n<\/ul>\n\n\n\n<p style=\"font-size:14px\"><a href=\"https:\/\/provencelovers.fr\/it\/migliori-paesaggi-cote-azur-foto\/\" target=\"_blank\" rel=\"noreferrer noopener\">I paesaggi pi\u00f9 belli in 30 foto<\/a><br\/><a href=\"https:\/\/provencelovers.fr\/it\/cosa-vedere-cote-azur-visitare\/\" target=\"_blank\" rel=\"noreferrer noopener\">Cosa vedere in Costa Azzurra<\/a><br\/><a href=\"https:\/\/provencelovers.fr\/it\/migliori-villaggi-costa-azzurra\/\" target=\"_blank\" rel=\"noreferrer noopener\">I villaggi pi\u00f9 belli<\/a><br\/><a href=\"https:\/\/provencelovers.fr\/it\/migliori-spiagge-costa-azzurra\/\" target=\"_blank\" rel=\"noreferrer noopener\">Le migliori spiagge della Costa Azzurra<\/a><br\/><a href=\"https:\/\/provencelovers.fr\/it\/migliori-giardini-costa-azzurra\/\" target=\"_blank\" rel=\"noreferrer noopener\">I giardini pi\u00f9 belli<\/a><br\/>I migliori tour in barca (in arrivo)<br\/><a href=\"https:\/\/provencelovers.fr\/it\/isole-costa-azzurra\/\" target=\"_blank\" rel=\"noreferrer noopener\">Le isole pi\u00f9 belle<\/a><br\/><a href=\"https:\/\/provencelovers.fr\/it\/posti-segreti-costa-azzurra-nascoti\/\" target=\"_blank\" rel=\"noreferrer noopener\">Luoghi segreti<\/a><\/p>\n<\/div>\n\n\n\n<div class=\"wp-block-column is-vertically-aligned-top planif-radius is-layout-flow wp-block-column-is-layout-flow\" style=\"flex-basis:40%\">\n<figure class=\"wp-block-image size-large img-portrait\"><img decoding=\"async\" src=\"https:\/\/photos.smugmug.com\/Provence-Lovers\/Antibes\/n-mKVLR5\/Port-Ponteil\/i-38NGtcB\/0\/f2464217\/S\/plage_ponteil_vue-S.jpg\" alt=\"Antibes e le montagne\" title=\"\"\/><\/figure>\n<\/div>\n<\/div>\n\n\n\n<hr class=\"wp-block-separator has-text-color has-alpha-channel-opacity has-background is-style-wide hr-box-planif\" style=\"background-color:#ccd3dd;color:#ccd3dd\"\/>\n\n\n\n<div class=\"wp-block-columns box_sans_border is-layout-flex wp-container-core-columns-is-layout-9d6595d7 wp-block-columns-is-layout-flex\">\n<div class=\"wp-block-column texte_planif is-layout-flow wp-block-column-is-layout-flow\" style=\"font-size:14px;flex-basis:60%\">\n<ul class=\"wp-block-list\">\n<li><strong>Consigli pratici<\/strong><\/li>\n<\/ul>\n\n\n\n<p style=\"font-size:14px\">Un viaggio di successo in Costa Azzurra (prossimamente)<br\/><a href=\"https:\/\/provencelovers.fr\/it\/come-noleggiare-auto-provenza\/\">Noleggi un&#8217;auto in Provenza<\/a> &#8211; a <a href=\"https:\/\/provencelovers.fr\/it\/come-noleggiare-auto-nizza-aeroporto-stazione\/\">Nizza<\/a> &#8211; a <a href=\"https:\/\/provencelovers.fr\/it\/come-noleggiare-auto-cannes-stazione\/\">Cannes<\/a> &#8211; a <a href=\"https:\/\/provencelovers.fr\/it\/come-noleggiare-auto-marsiglia-aeroporto-stazione\/\">Marsiglia<\/a> &#8211; ad <a href=\"https:\/\/provencelovers.fr\/it\/come-noleggiare-auto-aix-provence-stazione\/\">Aix-en-Provence<\/a>.<\/p>\n\n\n\n<p style=\"font-size:14px\">Itinerari: <a href=\"https:\/\/provencelovers.fr\/it\/visitare-costa-azzurra-5-giorni-itinerario\/\" target=\"_blank\" rel=\"noreferrer noopener\">5 giorni<\/a> &#8211; <a href=\"https:\/\/provencelovers.fr\/it\/visitare-costa-azzurra-una-settimana-itinerario\/\" target=\"_blank\" rel=\"noreferrer noopener\">1 settimana<\/a> &#8211; <a href=\"https:\/\/provencelovers.fr\/it\/10-giorni-costa-azzurra-itinerario-road-trip\/\" target=\"_blank\" rel=\"noreferrer noopener\">10 giorni<\/a><br\/>Idee per il fine settimana: best-of &#8211; <a href=\"https:\/\/provencelovers.fr\/it\/weekend-romantico-costa-azzurra\/\" target=\"_blank\" rel=\"noreferrer noopener\">romantico<\/a> &#8211; <a href=\"https:\/\/provencelovers.fr\/it\/weekend-lusso-costa-azzurra\/\" target=\"_blank\" rel=\"noreferrer noopener\">di lusso<\/a> &#8211; <a href=\"https:\/\/provencelovers.fr\/it\/weekend-insolito-costa-azzurra\/\" target=\"_blank\" rel=\"noreferrer noopener\">insolito<\/a><\/p>\n<\/div>\n\n\n\n<div class=\"wp-block-column is-vertically-aligned-top planif-radius is-layout-flow wp-block-column-is-layout-flow\" style=\"flex-basis:40%\">\n<figure class=\"wp-block-image size-large img-portrait\"><img decoding=\"async\" src=\"https:\/\/photos.smugmug.com\/Provence-Lovers\/Nice\/n-wSXLpq\/Gare\/i-b5C5b9P\/0\/d153a796\/S\/gare-tgv-nice-train-S.jpg\" alt=\"Stazione Nizza\" title=\"\"\/><\/figure>\n<\/div>\n<\/div>\n\n\n\n<hr class=\"wp-block-separator has-text-color has-alpha-channel-opacity has-background is-style-wide hr-box-planif\" style=\"background-color:#ccd3dd;color:#ccd3dd\"\/>\n\n\n\n<div class=\"wp-block-columns box_sans_border is-layout-flex wp-container-core-columns-is-layout-9d6595d7 wp-block-columns-is-layout-flex\">\n<div class=\"wp-block-column texte_planif is-layout-flow wp-block-column-is-layout-flow\" style=\"flex-basis:60%\">\n<ul class=\"wp-block-list\">\n<li><strong>Dove alloggiare<\/strong><\/li>\n<\/ul>\n\n\n\n<p style=\"font-size:14px\"><a href=\"https:\/\/provencelovers.fr\/it\/dove-alloggiare-costa-azzurra-migliori-destinazioni\/\" target=\"_blank\" rel=\"noreferrer noopener\">Dove alloggiare in Costa Azzurra<\/a><br\/><a href=\"https:\/\/provencelovers.fr\/it\/migliori-hotel-5-stelle-costa-azzurra-lusso-recensioni\/\" target=\"_blank\" rel=\"noreferrer noopener\">I migliori hotel di lusso della Costa Azzurra<\/a><br\/><a href=\"https:\/\/provencelovers.fr\/it\/migliori-hotel-sul-mare-costa-azzurra-spiaggia\/\" target=\"_blank\" rel=\"noreferrer noopener\">Hotel sul mare<\/a><br\/><a href=\"https:\/\/provencelovers.fr\/it\/migliori-hotel-boutique-costa-azzurra-charme\/\" target=\"_blank\" rel=\"noreferrer noopener\">I migliori hotel boutique<\/a><\/p>\n<\/div>\n\n\n\n<div class=\"wp-block-column is-vertically-aligned-top planif-radius is-layout-flow wp-block-column-is-layout-flow\" style=\"flex-basis:40%\">\n<figure class=\"wp-block-image size-large img-portrait\"><img decoding=\"async\" src=\"https:\/\/photos.smugmug.com\/Provence-Lovers\/Nice\/H&#xF4;tels\/n-vLRxMK\/H&#xF4;tel-Anantara-Plaza-Nice\/i-2LsgGht\/1\/4997b805\/S\/Hotel-Anantara-Plaza-Nice-vue-mer-terrasse-restaurant-S.jpg\" alt=\"\" title=\"\"\/><\/figure>\n<\/div>\n<\/div>\n\n\n\n<hr class=\"wp-block-separator has-text-color has-alpha-channel-opacity has-background is-style-wide hr-box-planif\" style=\"background-color:#ccd3dd;color:#ccd3dd\"\/>\n\n\n\n<div class=\"wp-block-columns box_sans_border is-layout-flex wp-container-core-columns-is-layout-9d6595d7 wp-block-columns-is-layout-flex\">\n<div class=\"wp-block-column texte_planif is-layout-flow wp-block-column-is-layout-flow\" style=\"flex-basis:60%\">\n<ul class=\"wp-block-list\">\n<li><strong>Cosa vedere<\/strong><\/li>\n<\/ul>\n\n\n\n<p style=\"font-size:14px\"><a href=\"https:\/\/provencelovers.fr\/it\/cosa-vedere-nizza\/\" target=\"_blank\" rel=\"noreferrer noopener\">Cosa vedere a Nizza<\/a><br\/><a href=\"https:\/\/provencelovers.fr\/it\/cosa-vedere-cannes-visitare\/\" target=\"_blank\" rel=\"noreferrer noopener\">Cosa vedere a Cannes<\/a><br\/><a href=\"https:\/\/provencelovers.fr\/it\/cosa-vedere-antibes-visitare\/\" target=\"_blank\" rel=\"noreferrer noopener\">Cosa vedere ad Antibes<\/a><br\/><a href=\"https:\/\/provencelovers.fr\/it\/cosa-vedere-monaco-visitare\/\">Cosa vedere a Monaco<\/a><br\/><a href=\"https:\/\/provencelovers.fr\/it\/cosa-vedere-saint-tropez-visitare\/\" target=\"_blank\" rel=\"noreferrer noopener\">Cosa vedere a Saint-Tropez<\/a><br\/><a href=\"https:\/\/provencelovers.fr\/it\/cosa-vedere-cassis-visitare\/\" target=\"_blank\" rel=\"noreferrer noopener\">Cosa vedere a Cassis<\/a><br\/><a href=\"https:\/\/provencelovers.fr\/it\/cosa-vedere-la-ciotat-visitare\/\">Cosa vedere a La Ciotat<\/a><br\/><a href=\"https:\/\/provencelovers.fr\/it\/cosa-vedere-villaggio-eze-visitare\/\">Il villaggio di \u00c8ze<\/a><\/p>\n<\/div>\n\n\n\n<div class=\"wp-block-column is-vertically-aligned-top planif-radius is-layout-flow wp-block-column-is-layout-flow\" style=\"flex-basis:40%\">\n<figure class=\"wp-block-image size-large img-portrait\"><img decoding=\"async\" src=\"https:\/\/photos.smugmug.com\/Provence-Lovers\/Antibes\/n-mKVLR5\/Port-dAntibes\/i-nX9XG8L\/0\/feace0c9\/S\/nomade-port-antibes-S.jpg\" alt=\"bastioni Antibes\" title=\"\"\/><\/figure>\n<\/div>\n<\/div>\n\n\n\n<div class=\"wp-block-buttons planif_bouton is-content-justification-center is-layout-flex wp-container-core-buttons-is-layout-16018d1d wp-block-buttons-is-layout-flex\">\n<div class=\"wp-block-button has-custom-font-size\" style=\"font-size:14px\"><a class=\"wp-block-button__link has-white-color has-text-color wp-element-button\" style=\"border-radius:4px\">Veda tutti i nostri consigli (a breve)<img loading=\"lazy\" decoding=\"async\" width=\"16\" height=\"17\" class=\"wp-image-2851\" style=\"width: 16px;\" src=\"https:\/\/provencelovers.fr\/wp-content\/uploads\/2023\/08\/ArrowRight.webp\" alt=\"\"\/><\/a><\/div>\n<\/div>\n<\/div><\/div><\/div>\n\n<div class=\"wp-block-genesis-blocks-gb-container box_auteur_voyage gb-block-container\"><div class=\"gb-container-inside\"><div class=\"gb-container-content\">\n<figure class=\"wp-block-image size-large img_auteur_voyage img_provisoire\"><a href=\"https:\/\/provencelovers.fr\/it\/claire\/\" target=\"_blank\" rel=\"noreferrer noopener\"><img decoding=\"async\" src=\"https:\/\/photos.smugmug.com\/Region-Lovers\/Equipe\/i-nsNF6C6\/0\/Cs2F5n96pkt9xFD9D3SVqmQspMhrKgN75nHgBqmjG\/L\/Claire-L.png\" alt=\"\"\/><\/a><\/figure>\n\n\n\n<h5 class=\"titre_auteur_voyage\"><span>HA FATTO IL VIAGGIO <\/span><span class=\"titre_box_manuscrit\">Claire<\/span><\/h5>\n<\/div><\/div><\/div>\n\n<div class=\"wp-block-genesis-blocks-gb-container box_auteur_voyage gb-block-container\"><div class=\"gb-container-inside\"><div class=\"gb-container-content\">\n<figure class=\"wp-block-image size-large img_auteur_voyage img_provisoire img_severine\"><a href=\"https:\/\/provencelovers.fr\/it\/severino-arzo\/\" target=\"_blank\" rel=\"noreferrer noopener\"><img decoding=\"async\" src=\"https:\/\/photos.smugmug.com\/Region-Lovers\/Equipe\/i-gFtV6Dq\/0\/C6RSrhKpdND9MjrwpgnJSBdMhs3jLBgbGtBgdHX2x\/L\/severine-2-L.jpg\" alt=\"\" style=\"object-fit:cover\"\/><\/a><\/figure>\n\n\n\n<h5 class=\"titre_auteur_voyage\"><span>HA SCRITTO L&#8217;ARTICOLO \n <\/span><span class=\"titre_box_manuscrit\">S\u00e8verine<\/span><\/h5>\n<\/div><\/div><\/div>\n","protected":false},"excerpt":{"rendered":"<p>Sta pianificando un viaggio in Costa Azzurra? Segua le orme di Emily-in-Paris attraverso le ripide strade di Villefranche-sur-Mer e colga l&#8217;occasione per visitare la Cittadella Saint-Elme! Questa notevole struttura militare fu costruita nel XVI secolo dal Duca di Savoia. Con i suoi imponenti bastioni e le fortificazioni ben conservate, la cittadella domina la citt\u00e0 e [&hellip;]<\/p>\n","protected":false},"author":11,"featured_media":9871,"comment_status":"closed","ping_status":"closed","sticky":false,"template":"","format":"standard","meta":{"_genesis_hide_title":false,"_genesis_hide_breadcrumbs":false,"_genesis_hide_singular_image":false,"_genesis_hide_footer_widgets":false,"_genesis_custom_body_class":"","_genesis_custom_post_class":"","_genesis_layout":"","footnotes":""},"categories":[183],"tags":[],"class_list":{"0":"post-9933","1":"post","2":"type-post","3":"status-publish","4":"format-standard","5":"has-post-thumbnail","7":"category-cap-ferrat-it","8":"entry"},"yoast_head":"<!-- This site is optimized with the Yoast SEO plugin v27.2 - https:\/\/yoast.com\/product\/yoast-seo-wordpress\/ -->\n<title>Cittadella Saint-Elme (Villefranche-sur-Mer): visita + foto<\/title>\n<meta name=\"description\" content=\"I nostri consigli e le nostre foto per visitare la Cittadella a Villefranche-sur-Mer: accesso, luoghi di interesse, informazioni pratiche.\" \/>\n<meta name=\"robots\" content=\"index, follow, max-snippet:-1, max-image-preview:large, max-video-preview:-1\" \/>\n<link rel=\"canonical\" href=\"https:\/\/provencelovers.fr\/it\/visitare-cittadella-saint-elme-villefranche-sur-mer\/\" \/>\n<meta property=\"og:locale\" content=\"it_IT\" \/>\n<meta property=\"og:type\" content=\"article\" \/>\n<meta property=\"og:title\" content=\"Cittadella Saint-Elme (Villefranche-sur-Mer): visita + foto\" \/>\n<meta property=\"og:description\" content=\"I nostri consigli e le nostre foto per visitare la Cittadella a Villefranche-sur-Mer: accesso, luoghi di interesse, informazioni pratiche.\" \/>\n<meta property=\"og:url\" content=\"https:\/\/provencelovers.fr\/it\/visitare-cittadella-saint-elme-villefranche-sur-mer\/\" \/>\n<meta property=\"og:site_name\" content=\"Provence Lovers\" \/>\n<meta property=\"article:published_time\" content=\"2024-02-29T17:29:28+00:00\" \/>\n<meta property=\"article:modified_time\" content=\"2024-06-01T08:43:46+00:00\" \/>\n<meta property=\"og:image\" content=\"https:\/\/provencelovers.fr\/wp-content\/uploads\/2024\/02\/visiter-citadelle-villefranche-4.jpg\" \/>\n\t<meta property=\"og:image:width\" content=\"800\" \/>\n\t<meta property=\"og:image:height\" content=\"600\" \/>\n\t<meta property=\"og:image:type\" content=\"image\/jpeg\" \/>\n<meta name=\"author\" content=\"S\u00e8verine HARZO\" \/>\n<meta name=\"twitter:card\" content=\"summary_large_image\" \/>\n<meta name=\"twitter:label1\" content=\"Scritto da\" \/>\n\t<meta name=\"twitter:data1\" content=\"S\u00e8verine HARZO\" \/>\n\t<meta name=\"twitter:label2\" content=\"Tempo di lettura stimato\" \/>\n\t<meta name=\"twitter:data2\" content=\"10 minuti\" \/>\n<script type=\"application\/ld+json\" class=\"yoast-schema-graph\">{\"@context\":\"https:\/\/schema.org\",\"@graph\":[{\"@type\":\"Article\",\"@id\":\"https:\/\/provencelovers.fr\/it\/visitare-cittadella-saint-elme-villefranche-sur-mer\/#article\",\"isPartOf\":{\"@id\":\"https:\/\/provencelovers.fr\/it\/visitare-cittadella-saint-elme-villefranche-sur-mer\/\"},\"author\":{\"name\":\"S\u00e8verine HARZO\",\"@id\":\"https:\/\/provencelovers.fr\/it\/#\/schema\/person\/75ce6e960ba0e9a5837a905b5b7ae1bc\"},\"headline\":\"Cittadella Saint-Elme (Villefranche-sur-Mer): visita + foto\",\"datePublished\":\"2024-02-29T17:29:28+00:00\",\"dateModified\":\"2024-06-01T08:43:46+00:00\",\"mainEntityOfPage\":{\"@id\":\"https:\/\/provencelovers.fr\/it\/visitare-cittadella-saint-elme-villefranche-sur-mer\/\"},\"wordCount\":2130,\"publisher\":{\"@id\":\"https:\/\/provencelovers.fr\/it\/#organization\"},\"image\":{\"@id\":\"https:\/\/provencelovers.fr\/it\/visitare-cittadella-saint-elme-villefranche-sur-mer\/#primaryimage\"},\"thumbnailUrl\":\"https:\/\/provencelovers.fr\/wp-content\/uploads\/2024\/02\/visiter-citadelle-villefranche-4.jpg\",\"articleSection\":[\"Cap Ferrat, Beaulieu e Villefranche\"],\"inLanguage\":\"it-IT\"},{\"@type\":\"WebPage\",\"@id\":\"https:\/\/provencelovers.fr\/it\/visitare-cittadella-saint-elme-villefranche-sur-mer\/\",\"url\":\"https:\/\/provencelovers.fr\/it\/visitare-cittadella-saint-elme-villefranche-sur-mer\/\",\"name\":\"Cittadella Saint-Elme (Villefranche-sur-Mer): visita + foto\",\"isPartOf\":{\"@id\":\"https:\/\/provencelovers.fr\/it\/#website\"},\"primaryImageOfPage\":{\"@id\":\"https:\/\/provencelovers.fr\/it\/visitare-cittadella-saint-elme-villefranche-sur-mer\/#primaryimage\"},\"image\":{\"@id\":\"https:\/\/provencelovers.fr\/it\/visitare-cittadella-saint-elme-villefranche-sur-mer\/#primaryimage\"},\"thumbnailUrl\":\"https:\/\/provencelovers.fr\/wp-content\/uploads\/2024\/02\/visiter-citadelle-villefranche-4.jpg\",\"datePublished\":\"2024-02-29T17:29:28+00:00\",\"dateModified\":\"2024-06-01T08:43:46+00:00\",\"description\":\"I nostri consigli e le nostre foto per visitare la Cittadella a Villefranche-sur-Mer: accesso, luoghi di interesse, informazioni pratiche.\",\"breadcrumb\":{\"@id\":\"https:\/\/provencelovers.fr\/it\/visitare-cittadella-saint-elme-villefranche-sur-mer\/#breadcrumb\"},\"inLanguage\":\"it-IT\",\"potentialAction\":[{\"@type\":\"ReadAction\",\"target\":[\"https:\/\/provencelovers.fr\/it\/visitare-cittadella-saint-elme-villefranche-sur-mer\/\"]}]},{\"@type\":\"ImageObject\",\"inLanguage\":\"it-IT\",\"@id\":\"https:\/\/provencelovers.fr\/it\/visitare-cittadella-saint-elme-villefranche-sur-mer\/#primaryimage\",\"url\":\"https:\/\/provencelovers.fr\/wp-content\/uploads\/2024\/02\/visiter-citadelle-villefranche-4.jpg\",\"contentUrl\":\"https:\/\/provencelovers.fr\/wp-content\/uploads\/2024\/02\/visiter-citadelle-villefranche-4.jpg\",\"width\":800,\"height\":600,\"caption\":\"Leggete il nostro articolo sulla Citadelle di Villefranche-sur-Mer!\"},{\"@type\":\"BreadcrumbList\",\"@id\":\"https:\/\/provencelovers.fr\/it\/visitare-cittadella-saint-elme-villefranche-sur-mer\/#breadcrumb\",\"itemListElement\":[{\"@type\":\"ListItem\",\"position\":1,\"name\":\"Home\",\"item\":\"https:\/\/provencelovers.fr\/it\/\"},{\"@type\":\"ListItem\",\"position\":2,\"name\":\"Cap Ferrat, Beaulieu e Villefranche\",\"item\":\"https:\/\/provencelovers.fr\/it\/cap-ferrat-it\/\"},{\"@type\":\"ListItem\",\"position\":3,\"name\":\"Cittadella Saint-Elme (Villefranche-sur-Mer): visita + foto\"}]},{\"@type\":\"WebSite\",\"@id\":\"https:\/\/provencelovers.fr\/it\/#website\",\"url\":\"https:\/\/provencelovers.fr\/it\/\",\"name\":\"Provence Lovers\",\"description\":\"Per risvegliare i sensi in Provenza - Le blog de Claire et Manu\",\"publisher\":{\"@id\":\"https:\/\/provencelovers.fr\/it\/#organization\"},\"potentialAction\":[{\"@type\":\"SearchAction\",\"target\":{\"@type\":\"EntryPoint\",\"urlTemplate\":\"https:\/\/provencelovers.fr\/it\/?s={search_term_string}\"},\"query-input\":{\"@type\":\"PropertyValueSpecification\",\"valueRequired\":true,\"valueName\":\"search_term_string\"}}],\"inLanguage\":\"it-IT\"},{\"@type\":\"Organization\",\"@id\":\"https:\/\/provencelovers.fr\/it\/#organization\",\"name\":\"Provence Lovers\",\"url\":\"https:\/\/provencelovers.fr\/it\/\",\"logo\":{\"@type\":\"ImageObject\",\"inLanguage\":\"it-IT\",\"@id\":\"https:\/\/provencelovers.fr\/it\/#\/schema\/logo\/image\/\",\"url\":\"https:\/\/provencelovers.fr\/wp-content\/uploads\/2022\/11\/Blog-Provence-Lovers-Logos.png\",\"contentUrl\":\"https:\/\/provencelovers.fr\/wp-content\/uploads\/2022\/11\/Blog-Provence-Lovers-Logos.png\",\"width\":2707,\"height\":863,\"caption\":\"Provence Lovers\"},\"image\":{\"@id\":\"https:\/\/provencelovers.fr\/it\/#\/schema\/logo\/image\/\"}},{\"@type\":\"Person\",\"@id\":\"https:\/\/provencelovers.fr\/it\/#\/schema\/person\/75ce6e960ba0e9a5837a905b5b7ae1bc\",\"name\":\"S\u00e8verine HARZO\",\"image\":{\"@type\":\"ImageObject\",\"inLanguage\":\"it-IT\",\"@id\":\"https:\/\/secure.gravatar.com\/avatar\/6d0d7a36298d05d1ff1079e571d7d76b1f551a3865fc37447d2c3ac79eadf069?s=96&d=mm&r=g\",\"url\":\"https:\/\/secure.gravatar.com\/avatar\/6d0d7a36298d05d1ff1079e571d7d76b1f551a3865fc37447d2c3ac79eadf069?s=96&d=mm&r=g\",\"contentUrl\":\"https:\/\/secure.gravatar.com\/avatar\/6d0d7a36298d05d1ff1079e571d7d76b1f551a3865fc37447d2c3ac79eadf069?s=96&d=mm&r=g\",\"caption\":\"S\u00e8verine HARZO\"},\"url\":\"https:\/\/provencelovers.fr\/it\/author\/severineregionlovers-fr\/\"}]}<\/script>\n<!-- \/ Yoast SEO plugin. -->","yoast_head_json":{"title":"Cittadella Saint-Elme (Villefranche-sur-Mer): visita + foto","description":"I nostri consigli e le nostre foto per visitare la Cittadella a Villefranche-sur-Mer: accesso, luoghi di interesse, informazioni pratiche.","robots":{"index":"index","follow":"follow","max-snippet":"max-snippet:-1","max-image-preview":"max-image-preview:large","max-video-preview":"max-video-preview:-1"},"canonical":"https:\/\/provencelovers.fr\/it\/visitare-cittadella-saint-elme-villefranche-sur-mer\/","og_locale":"it_IT","og_type":"article","og_title":"Cittadella Saint-Elme (Villefranche-sur-Mer): visita + foto","og_description":"I nostri consigli e le nostre foto per visitare la Cittadella a Villefranche-sur-Mer: accesso, luoghi di interesse, informazioni pratiche.","og_url":"https:\/\/provencelovers.fr\/it\/visitare-cittadella-saint-elme-villefranche-sur-mer\/","og_site_name":"Provence Lovers","article_published_time":"2024-02-29T17:29:28+00:00","article_modified_time":"2024-06-01T08:43:46+00:00","og_image":[{"width":800,"height":600,"url":"https:\/\/provencelovers.fr\/wp-content\/uploads\/2024\/02\/visiter-citadelle-villefranche-4.jpg","type":"image\/jpeg"}],"author":"S\u00e8verine HARZO","twitter_card":"summary_large_image","twitter_misc":{"Scritto da":"S\u00e8verine HARZO","Tempo di lettura stimato":"10 minuti"},"schema":{"@context":"https:\/\/schema.org","@graph":[{"@type":"Article","@id":"https:\/\/provencelovers.fr\/it\/visitare-cittadella-saint-elme-villefranche-sur-mer\/#article","isPartOf":{"@id":"https:\/\/provencelovers.fr\/it\/visitare-cittadella-saint-elme-villefranche-sur-mer\/"},"author":{"name":"S\u00e8verine HARZO","@id":"https:\/\/provencelovers.fr\/it\/#\/schema\/person\/75ce6e960ba0e9a5837a905b5b7ae1bc"},"headline":"Cittadella Saint-Elme (Villefranche-sur-Mer): visita + foto","datePublished":"2024-02-29T17:29:28+00:00","dateModified":"2024-06-01T08:43:46+00:00","mainEntityOfPage":{"@id":"https:\/\/provencelovers.fr\/it\/visitare-cittadella-saint-elme-villefranche-sur-mer\/"},"wordCount":2130,"publisher":{"@id":"https:\/\/provencelovers.fr\/it\/#organization"},"image":{"@id":"https:\/\/provencelovers.fr\/it\/visitare-cittadella-saint-elme-villefranche-sur-mer\/#primaryimage"},"thumbnailUrl":"https:\/\/provencelovers.fr\/wp-content\/uploads\/2024\/02\/visiter-citadelle-villefranche-4.jpg","articleSection":["Cap Ferrat, Beaulieu e Villefranche"],"inLanguage":"it-IT"},{"@type":"WebPage","@id":"https:\/\/provencelovers.fr\/it\/visitare-cittadella-saint-elme-villefranche-sur-mer\/","url":"https:\/\/provencelovers.fr\/it\/visitare-cittadella-saint-elme-villefranche-sur-mer\/","name":"Cittadella Saint-Elme (Villefranche-sur-Mer): visita + foto","isPartOf":{"@id":"https:\/\/provencelovers.fr\/it\/#website"},"primaryImageOfPage":{"@id":"https:\/\/provencelovers.fr\/it\/visitare-cittadella-saint-elme-villefranche-sur-mer\/#primaryimage"},"image":{"@id":"https:\/\/provencelovers.fr\/it\/visitare-cittadella-saint-elme-villefranche-sur-mer\/#primaryimage"},"thumbnailUrl":"https:\/\/provencelovers.fr\/wp-content\/uploads\/2024\/02\/visiter-citadelle-villefranche-4.jpg","datePublished":"2024-02-29T17:29:28+00:00","dateModified":"2024-06-01T08:43:46+00:00","description":"I nostri consigli e le nostre foto per visitare la Cittadella a Villefranche-sur-Mer: accesso, luoghi di interesse, informazioni pratiche.","breadcrumb":{"@id":"https:\/\/provencelovers.fr\/it\/visitare-cittadella-saint-elme-villefranche-sur-mer\/#breadcrumb"},"inLanguage":"it-IT","potentialAction":[{"@type":"ReadAction","target":["https:\/\/provencelovers.fr\/it\/visitare-cittadella-saint-elme-villefranche-sur-mer\/"]}]},{"@type":"ImageObject","inLanguage":"it-IT","@id":"https:\/\/provencelovers.fr\/it\/visitare-cittadella-saint-elme-villefranche-sur-mer\/#primaryimage","url":"https:\/\/provencelovers.fr\/wp-content\/uploads\/2024\/02\/visiter-citadelle-villefranche-4.jpg","contentUrl":"https:\/\/provencelovers.fr\/wp-content\/uploads\/2024\/02\/visiter-citadelle-villefranche-4.jpg","width":800,"height":600,"caption":"Leggete il nostro articolo sulla Citadelle di Villefranche-sur-Mer!"},{"@type":"BreadcrumbList","@id":"https:\/\/provencelovers.fr\/it\/visitare-cittadella-saint-elme-villefranche-sur-mer\/#breadcrumb","itemListElement":[{"@type":"ListItem","position":1,"name":"Home","item":"https:\/\/provencelovers.fr\/it\/"},{"@type":"ListItem","position":2,"name":"Cap Ferrat, Beaulieu e Villefranche","item":"https:\/\/provencelovers.fr\/it\/cap-ferrat-it\/"},{"@type":"ListItem","position":3,"name":"Cittadella Saint-Elme (Villefranche-sur-Mer): visita + foto"}]},{"@type":"WebSite","@id":"https:\/\/provencelovers.fr\/it\/#website","url":"https:\/\/provencelovers.fr\/it\/","name":"Provence Lovers","description":"Per risvegliare i sensi in Provenza - Le blog de Claire et Manu","publisher":{"@id":"https:\/\/provencelovers.fr\/it\/#organization"},"potentialAction":[{"@type":"SearchAction","target":{"@type":"EntryPoint","urlTemplate":"https:\/\/provencelovers.fr\/it\/?s={search_term_string}"},"query-input":{"@type":"PropertyValueSpecification","valueRequired":true,"valueName":"search_term_string"}}],"inLanguage":"it-IT"},{"@type":"Organization","@id":"https:\/\/provencelovers.fr\/it\/#organization","name":"Provence Lovers","url":"https:\/\/provencelovers.fr\/it\/","logo":{"@type":"ImageObject","inLanguage":"it-IT","@id":"https:\/\/provencelovers.fr\/it\/#\/schema\/logo\/image\/","url":"https:\/\/provencelovers.fr\/wp-content\/uploads\/2022\/11\/Blog-Provence-Lovers-Logos.png","contentUrl":"https:\/\/provencelovers.fr\/wp-content\/uploads\/2022\/11\/Blog-Provence-Lovers-Logos.png","width":2707,"height":863,"caption":"Provence Lovers"},"image":{"@id":"https:\/\/provencelovers.fr\/it\/#\/schema\/logo\/image\/"}},{"@type":"Person","@id":"https:\/\/provencelovers.fr\/it\/#\/schema\/person\/75ce6e960ba0e9a5837a905b5b7ae1bc","name":"S\u00e8verine HARZO","image":{"@type":"ImageObject","inLanguage":"it-IT","@id":"https:\/\/secure.gravatar.com\/avatar\/6d0d7a36298d05d1ff1079e571d7d76b1f551a3865fc37447d2c3ac79eadf069?s=96&d=mm&r=g","url":"https:\/\/secure.gravatar.com\/avatar\/6d0d7a36298d05d1ff1079e571d7d76b1f551a3865fc37447d2c3ac79eadf069?s=96&d=mm&r=g","contentUrl":"https:\/\/secure.gravatar.com\/avatar\/6d0d7a36298d05d1ff1079e571d7d76b1f551a3865fc37447d2c3ac79eadf069?s=96&d=mm&r=g","caption":"S\u00e8verine HARZO"},"url":"https:\/\/provencelovers.fr\/it\/author\/severineregionlovers-fr\/"}]}},"featured_image_src":"https:\/\/provencelovers.fr\/wp-content\/uploads\/2024\/02\/visiter-citadelle-villefranche-4-600x400.jpg","featured_image_src_square":"https:\/\/provencelovers.fr\/wp-content\/uploads\/2024\/02\/visiter-citadelle-villefranche-4-600x600.jpg","author_info":{"display_name":"S\u00e8verine HARZO","author_link":"https:\/\/provencelovers.fr\/it\/author\/severineregionlovers-fr\/"},"_links":{"self":[{"href":"https:\/\/provencelovers.fr\/it\/wp-json\/wp\/v2\/posts\/9933","targetHints":{"allow":["GET"]}}],"collection":[{"href":"https:\/\/provencelovers.fr\/it\/wp-json\/wp\/v2\/posts"}],"about":[{"href":"https:\/\/provencelovers.fr\/it\/wp-json\/wp\/v2\/types\/post"}],"author":[{"embeddable":true,"href":"https:\/\/provencelovers.fr\/it\/wp-json\/wp\/v2\/users\/11"}],"replies":[{"embeddable":true,"href":"https:\/\/provencelovers.fr\/it\/wp-json\/wp\/v2\/comments?post=9933"}],"version-history":[{"count":0,"href":"https:\/\/provencelovers.fr\/it\/wp-json\/wp\/v2\/posts\/9933\/revisions"}],"wp:featuredmedia":[{"embeddable":true,"href":"https:\/\/provencelovers.fr\/it\/wp-json\/wp\/v2\/media\/9871"}],"wp:attachment":[{"href":"https:\/\/provencelovers.fr\/it\/wp-json\/wp\/v2\/media?parent=9933"}],"wp:term":[{"taxonomy":"category","embeddable":true,"href":"https:\/\/provencelovers.fr\/it\/wp-json\/wp\/v2\/categories?post=9933"},{"taxonomy":"post_tag","embeddable":true,"href":"https:\/\/provencelovers.fr\/it\/wp-json\/wp\/v2\/tags?post=9933"}],"curies":[{"name":"wp","href":"https:\/\/api.w.org\/{rel}","templated":true}]}}