{"id":748,"date":"2023-05-05T08:51:26","date_gmt":"2023-05-05T06:51:26","guid":{"rendered":"https:\/\/provencelovers.fr\/museo-fotografo-nice\/"},"modified":"2026-03-23T17:42:20","modified_gmt":"2026-03-23T16:42:20","slug":"museo-fotographia-nizza-charles-negre","status":"publish","type":"post","link":"https:\/\/provencelovers.fr\/it\/museo-fotographia-nizza-charles-negre\/","title":{"rendered":"Visita al Museo della Fotografia Charles N\u00e8gre (Nizza)"},"content":{"rendered":"\n<p>Venga a visitare il <strong>Museo della Fotografia Charles N\u00e8gre<\/strong> di Nizza e si immerga nel mondo di <strong>eccezionali fotografi contemporanei<\/strong>!  <\/p>\n\n<p>Situato nel cuore del centro storico, il museo offre <strong>mostre temporanee<\/strong> sui grandi nomi della fotografia.  <\/p>\n\n<p>In questo articolo, le diamo tutti i nostri <strong>consigli in immagini<\/strong> per visitare il museo e anticipare la sua visita nel miglior modo possibile!<\/p>\n\n<figure class=\"wp-block-image size-full\"><img decoding=\"async\" src=\"https:\/\/provencelovers.fr\/wp-content\/uploads\/2023\/05\/visitare-museo-fotografia-nizza.jpg\" alt=\"Visiti il Museo della Fotografia di Nizza\" class=\"wp-image-729\"\/><\/figure>\n\n<p>Questa recensione \u00e8 completamente <strong>indipendente<\/strong>, abbiamo visitato in modo anonimo e abbiamo pagato interamente il biglietto d&#8217;ingresso.<\/p>\n\n<h2 class=\"wp-block-heading\">Perch\u00e9 visitare il Museo della Fotografia di Nizza?<\/h2>\n\n<h3 class=\"wp-block-heading\">Vale la pena visitare il Museo della Fotografia Charles N\u00e8gre? La nostra opinione:<\/h3>\n\n<p>S\u00ec, consigliamo di visitare il museo per diversi motivi:<\/p>\n\n<ul class=\"wp-block-list\">\n<li><strong>Una posizione unica<\/strong>: il museo si trova nel centro della <strong>Vecchia Nizza<\/strong>, vicino alla Cour Saleya. La zona \u00e8 molto turistica e colorata. A proposito, noter\u00e0 nella foto che il museo si fonde con il paesaggio, essendo di un colore rosso-arancio piuttosto caldo!  <\/li>\n<\/ul>\n\n<figure class=\"wp-block-image size-large is-resized\"><img decoding=\"async\" src=\"https:\/\/photos.smugmug.com\/Provence-Lovers\/Nice\/Mus&#xE9;es\/n-hb4qTV\/Mus&#xE9;e-de-la-Photographie-Charles-N&#xE8;gre\/i-MFBmgQg\/0\/fef2ac6b\/L\/Musee-Photo-Nice-1-L.jpg\" alt=\"La parte anteriore del museo\" style=\"width:703px;height:527px\"\/><\/figure>\n\n<ul class=\"wp-block-list\">\n<li><strong>Un ex edificio industriale<\/strong>: il museo \u00e8 ospitato nell&#8217;<strong>ex sottostazione della Prefettura<\/strong>. Era in funzione negli anni &#8217;30 e veniva utilizzato per fornire elettricit\u00e0 al distretto. Abbiamo scoperto che il carattere industriale dell&#8217;architettura ha conferito al luogo un carattere speciale.  <\/li>\n<\/ul>\n\n<figure class=\"wp-block-image size-large\"><img decoding=\"async\" src=\"https:\/\/photos.smugmug.com\/Provence-Lovers\/Nice\/Mus&#xE9;es\/n-hb4qTV\/Mus&#xE9;e-de-la-Photographie-Charles-N&#xE8;gre\/i-CMr9GGp\/0\/53b074a1\/L\/Entree-Musee-Photo-Nice-L.jpg\" alt=\"Ingresso al museo\"\/><\/figure>\n\n<ul class=\"wp-block-list\">\n<li><strong>Particolarit\u00e0<\/strong>: il Museo Charles N\u00e8gre dispone anche di una <strong>galleria adiacente<\/strong>. Abbiamo apprezzato molto questo spazio dedicato alla creazione fotografica regionale. Inoltre, nel museo \u00e8 presente un <strong>centro di documentazione<\/strong> liberamente accessibile. Pu\u00f2 fermarsi a consultare i libri gratuitamente.<\/li>\n<\/ul>\n\n<p>Questo \u00e8 uno dei <a href=\"https:\/\/provencelovers.fr\/it\/musei-nizza\/\" target=\"_blank\" rel=\"noreferrer noopener\">migliori musei di Nizza<\/a>. Trovi altre idee per il suo soggiorno nel <a href=\"https:\/\/provencelovers.fr\/it\/cosa-vedere-nizza\/\" target=\"_blank\" rel=\"noreferrer noopener\">nostro articolo sulle attrazioni di Nizza<\/a>.<\/p>\n\n<figure class=\"wp-block-image size-large\"><img decoding=\"async\" src=\"https:\/\/photos.smugmug.com\/Provence-Lovers\/Nice\/Mus&#xE9;es\/n-hb4qTV\/Mus&#xE9;e-de-la-Photographie-Charles-N&#xE8;gre\/i-MmVH4LB\/0\/d487e2e8\/L\/Centre-Documentation-Musee-Photo-Nice-2-L.jpg\" alt=\"Centro di documentazione del museo\"\/><\/figure>\n\n<div style=\"margin-top:8%;margin-bottom:8%\" class=\"wp-block-genesis-blocks-gb-container box gb-block-container\"><div class=\"gb-container-inside\"><div class=\"gb-container-content\" style=\"max-width:700px\">\n<div class=\"wp-block-genesis-blocks-gb-container box_titre gb-block-container\"><div class=\"gb-container-inside\"><div class=\"gb-container-content\">\n<h5 class=\"titre_box\" style=\"padding-top:10px;\">DOVE SOGGIORNARE A <span class=\"titre_box_manuscrit\">Nizza<\/span><\/h5>\n<\/div><\/div><\/div>\n\n\n\n<hr class=\"wp-block-separator has-text-color has-alpha-channel-opacity has-background is-style-wide hr-box-planif\" style=\"background-color:#ccd3dd;color:#ccd3dd\"\/>\n\n\n\n<div class=\"wp-block-columns box_sans_border is-layout-flex wp-container-core-columns-is-layout-9d6595d7 wp-block-columns-is-layout-flex\">\n<div class=\"wp-block-column texte_planif is-layout-flow wp-block-column-is-layout-flow\" style=\"font-size:14px;flex-basis:60%\">\n<p class=\"option_titre2\"><strong>I nostri preferiti: quartieri e hotel<\/strong><\/p>\n\n\n\n<p style=\"font-size:14px\"><br\/>Sul lungomare, con vista sul mare:<strong>Anantara Hotel<\/strong> &#8211; <a href=\"https:\/\/www.booking.com\/hotel\/anantara-plaza-nice-nice.html?aid=2319618\" target=\"_blank\" rel=\"noreferrer noopener sponsored nofollow\">Vedi prezzi, foto e disponibilit\u00e0<\/a><\/p>\n\n\n\n<p style=\"font-size:14px\"><br\/>Nella citt\u00e0 nuova, vicino al mare:<strong>Hotel Apollinaire<\/strong>, elegante e luminoso &#8211; <a href=\"https:\/\/www.booking.com\/hotel\/fr\/acropolenice.html?aid=2319618\" target=\"_blank\" rel=\"noreferrer noopener sponsored nofollow\">vedi prezzi, foto e disponibilit\u00e0<\/a><\/p>\n\n\n\n<p style=\"font-size:14px\"><br\/>Nel centro storico, con tutto il suo fascino: l&#8217;Aparthotel<strong>AMMI Vieux Nizza<\/strong> \u00e8 molto pratico e piacevole &#8211; <a href=\"https:\/\/www.booking.com\/hotel\/fr\/apart-39-ammi-vieux-nice.html?aid=2319618\" target=\"_blank\" rel=\"noreferrer noopener sponsored nofollow\">Vedi prezzi, foto e disponibilit\u00e0 <\/a> <\/p>\n<\/div>\n\n\n\n<div class=\"wp-block-column is-vertically-aligned-top planif-radius is-layout-flow wp-block-column-is-layout-flow\" style=\"flex-basis:40%\">\n<figure class=\"wp-block-image size-large img-portrait\"><img decoding=\"async\" src=\"https:\/\/photos.smugmug.com\/Provence-Lovers\/Nice\/H%C3%B4tels\/n-vLRxMK\/H%C3%B4tel-Anantara-Plaza-Nice\/i-b2fkNDW\/0\/ff41e28a\/L\/Hotel-Anantara-Plaza-Nice-restaurant-L.jpg\" alt=\"\" title=\"\"\/><\/figure>\n<\/div>\n<\/div>\n\n\n\n<p class=\"has-text-align-center\" style=\"font-size:17px\"><a href=\"https:\/\/provencelovers.fr\/it\/dove-alloggiare-nizza-migliori-hotel\/\">Consulta la nostra selezione completa dei migliori hotel a Nizza.<\/a><\/p>\n\n\n\n<div class=\"wp-block-buttons planif_bouton is-content-justification-center is-layout-flex wp-container-core-buttons-is-layout-16018d1d wp-block-buttons-is-layout-flex\">\n<div class=\"wp-block-button has-custom-font-size\" style=\"font-size:14px\"><a class=\"wp-block-button__link has-white-color has-text-color wp-element-button\" href=\"https:\/\/www.booking.com\/searchresults.html?city=-1454990=review_score%253D90%253Breview_score%253D80=2319618=1=2\" style=\"border-radius:4px\" target=\"_blank\" rel=\"noreferrer noopener nofollow\">Veda gli alloggi disponibili per le sue date &gt;&gt;.<\/a><\/div>\n<\/div>\n<\/div><\/div><\/div>\n\n<h3 class=\"wp-block-heading\">Perch\u00e9 il Museo della Fotografia di Nizza \u00e8 famoso?<\/h3>\n\n<p>Il Museo Charles N\u00e8gre deve la sua fama ai grandi nomi della fotografia che vi sono esposti. Va notato che il museo ospita principalmente mostre temporanee. In questo senso, molti fotografi contemporanei di talento hanno l&#8217;opportunit\u00e0 di essere presentati. Nella foto qui sotto, pu\u00f2 vedere una panoramica della mostra dedicata a Lionel Kazan, un grande fotografo di moda degli anni Cinquanta e Sessanta.  <\/p>\n\n<figure class=\"wp-block-image size-large\"><img decoding=\"async\" src=\"https:\/\/photos.smugmug.com\/Provence-Lovers\/Nice\/Mus&#xE9;es\/n-hb4qTV\/Mus&#xE9;e-de-la-Photographie-Charles-N&#xE8;gre\/i-Z6ShJBw\/0\/9b2d9c67\/L\/Musee-Photo-Nice-L.jpg\" alt=\"Panoramica della mostra dedicata a Lionel Kazan\"\/><\/figure>\n\n<p>Per fare un altro esempio, il museo ha proposto una mostra sul lavoro di <strong>Vincent Munier<\/strong>, uno dei cinque <strong>pi\u00f9 grandi fotografi documentaristi di fauna selvatica<\/strong> del mondo! Le sue notizie sono state forti alla fine del 2021, dopo l&#8217;uscita del documentario <em>Snow Panther<\/em>, acclamato dalla critica.  <\/p>\n\n<figure class=\"wp-block-image size-large\"><img decoding=\"async\" src=\"https:\/\/photos.smugmug.com\/Provence-Lovers\/Nice\/Mus&#xE9;es\/n-hb4qTV\/Mus&#xE9;e-de-la-Photographie-Charles-N&#xE8;gre\/i-Ks2p97J\/0\/9eccec64\/L\/Lionel-Kazan-Musee-Photo-Nice-2-2-L.jpg\" alt=\"Mostra di Lionel Kazan\"\/><\/figure>\n\n<p>Purtroppo, come noi, non avr\u00e0 la possibilit\u00e0 di godere di questa mostra che terminer\u00e0 il 15 gennaio 2023. Ma non si preoccupi, il museo sa come rinnovarsi e proporre altri incredibili talenti! Nel seguente articolo, scoprir\u00e0 con noi il lavoro di <strong>Lionel Kazan<\/strong> in modo pi\u00f9 dettagliato, e quello di<strong>Alexandre Dufaye<\/strong>.  <\/p>\n\n<div style=\"margin-top:8%;margin-bottom:8%\" class=\"wp-block-genesis-blocks-gb-container box gb-block-container\"><div class=\"gb-container-inside\"><div class=\"gb-container-content\">\n<div class=\"wp-block-columns inverse box_planif is-layout-flex wp-container-core-columns-is-layout-9d6595d7 wp-block-columns-is-layout-flex\">\n<div class=\"wp-block-column texte_planif is-layout-flow wp-block-column-is-layout-flow\" style=\"flex-basis:58%\">\n<h5 class=\"titre_box\">I NOSTRI CONSIGLI PER NOLEGGIARE UN&#8217;AUTO A <span class=\"titre_box_manuscrit\">\nProvence<\/span><\/h5>\n\n\n\n<ul class=\"liste_voiture wp-block-list\" style=\"font-size:14px\">\n<li>Confronti i prezzi sulla nostra piattaforma preferita: <a href=\"https:\/\/www.discovercars.com\/it\/france?a_aid=zigzag&amp;chan=PL\" target=\"_blank\" rel=\"noreferrer noopener sponsored nofollow\">DiscoverCars<\/a> &#8211; uno dei siti meglio valutati.<\/li>\n\n\n\n<li>Scelga un&#8217;<strong>auto abbastanza potente <\/strong>(le strade sono ripide) ma <strong>compatta<\/strong> (alcuni passaggi sono stretti).<\/li>\n\n\n\n<li>Consideri un&#8217;<strong>assicurazione completa<\/strong> (alcune strade sono tortuose e strette).<\/li>\n\n\n\n<li>C&#8217;\u00e8 molta richiesta, quindi <strong>prenotate in anticipo<\/strong>.<\/li>\n<\/ul>\n<\/div>\n\n\n\n<div class=\"wp-block-column planif-radius-3 is-layout-flow wp-block-column-is-layout-flow\" style=\"flex-basis:42%\">\n<figure class=\"wp-block-image size-full is-resized\"><img loading=\"lazy\" decoding=\"async\" width=\"421\" height=\"533\" src=\"https:\/\/provencelovers.fr\/wp-content\/uploads\/2023\/05\/Vieux-Nice-ruelle-L.png\" alt=\"\" class=\"wp-image-1302\" title=\"\" srcset=\"https:\/\/provencelovers.fr\/wp-content\/uploads\/2023\/05\/Vieux-Nice-ruelle-L.png 421w, https:\/\/provencelovers.fr\/wp-content\/uploads\/2023\/05\/Vieux-Nice-ruelle-L-237x300.png 237w\" sizes=\"auto, (max-width: 421px) 100vw, 421px\" \/><\/figure>\n<\/div>\n<\/div>\n\n\n\n<div class=\"wp-block-columns planif_bouton is-layout-flex wp-container-core-columns-is-layout-9d6595d7 wp-block-columns-is-layout-flex\">\n<div class=\"wp-block-column is-layout-flow wp-block-column-is-layout-flow\" style=\"flex-basis:50%\">\n<div class=\"wp-block-buttons is-content-justification-center is-layout-flex wp-container-core-buttons-is-layout-16018d1d wp-block-buttons-is-layout-flex\">\n<div class=\"wp-block-button has-custom-font-size\" style=\"font-size:14px\"><a class=\"wp-block-button__link has-white-color has-text-color wp-element-button\" href=\"https:\/\/www.discovercars.com\/it\/france?a_aid=zigzag&amp;amp;chan=PL\" style=\"border-radius:4px\" target=\"_blank\" rel=\"noreferrer noopener\">Vedere le auto<img loading=\"lazy\" decoding=\"async\" width=\"16\" height=\"17\" class=\"wp-image-2851\" style=\"width: 16px;\" src=\"https:\/\/provencelovers.fr\/wp-content\/uploads\/2023\/08\/ArrowRight.webp\" alt=\"\"\/><\/a><\/div>\n<\/div>\n<\/div>\n\n\n\n<div class=\"wp-block-column is-vertically-aligned-center is-layout-flow wp-block-column-is-layout-flow\" style=\"flex-basis:50%\">\n<p class=\"has-text-align-center\" style=\"font-size:14px\"><strong><a href=\"https:\/\/provencelovers.fr\/it\/come-noleggiare-auto-provenza\/\">Guardi i nostri consigli<\/a><\/strong><\/p>\n<\/div>\n<\/div>\n<\/div><\/div><\/div>\n\n<h3 class=\"wp-block-heading\">La storia in breve<\/h3>\n\n<p><strong>Storia del luogo:  <\/strong><\/p>\n\n<p>Originariamente chiamato Teatro della Fotografia e dell&#8217;Immagine, il museo ha trascorso 16 anni presso <em>L&#8217;Artistique<\/em>, un Centro d&#8217;Arte e Cultura di Nizza. In seguito, si trasfer\u00ec in una vecchia sottostazione elettrica in Place Pierre Gautier, nel centro storico di Nizza. Nel 2016, \u00e8 diventato ufficialmente il Museo della Fotografia Charles N\u00e8gre.<\/p>\n\n<figure class=\"wp-block-image size-large\"><img decoding=\"async\" src=\"https:\/\/photos.smugmug.com\/Provence-Lovers\/Nice\/Mus&#xE9;es\/n-hb4qTV\/Mus&#xE9;e-de-la-Photographie-Charles-N&#xE8;gre\/i-LRPTdcK\/0\/8afe2271\/L\/Musee-Photo-Nice-2-2-L.jpg\" alt=\"Vista della facciata del museo\"\/><\/figure>\n\n<p>La facciata dell&#8217;edificio \u00e8 profondamente segnata dalla sua storia, che le conferisce un carattere unico. Come si pu\u00f2 vedere dalla foto, si pu\u00f2 ancora leggere la scritta &#8220;sotto-stazione prefettura&#8221; sopra l&#8217;ingresso del museo. Inoltre, l&#8217;aquila d&#8217;oro con la sua corona simboleggia lo stemma della citt\u00e0 di Nizza.  <\/p>\n\n<figure class=\"wp-block-image size-large\"><img decoding=\"async\" src=\"https:\/\/photos.smugmug.com\/Provence-Lovers\/Nice\/Mus&#xE9;es\/n-hb4qTV\/Mus&#xE9;e-de-la-Photographie-Charles-N&#xE8;gre\/i-rsVbMGk\/0\/a4a5a893\/L\/Lionel-Kazan-Musee-Photo-Nice-3-L.jpg\" alt=\"Mostra sul lavoro di Lionel Kazan\"\/><\/figure>\n\n<p>Nel 2018, il museo ha ottenuto il marchio Turismo di Qualit\u00e0. Questo \u00e8 un indicatore molto positivo della qualit\u00e0 dell&#8217;accoglienza e dei servizi offerti al pubblico. Nella foto qui sopra pu\u00f2 vedere le ampie aree a disposizione dei visitatori. Le informazioni sulle mostre in corso sono molto leggibili e accessibili a tutti.  <\/p>\n\n<p><strong>Storia di Charles N\u00e8gre:<\/strong><\/p>\n\n<p>Perch\u00e9 il museo ha scelto questo nome? Charles N\u00e8gre \u00e8 un pittore e un grande pioniere della fotografia. Era molto interessato a questa forma d&#8217;arte emergente, che fu rivelata nel 1839, e inizi\u00f2 a scattare le sue prime fotografie nel 1844, che oggi sono di dominio pubblico.  <\/p>\n\n<figure class=\"wp-block-image size-large\"><img decoding=\"async\" src=\"https:\/\/photos.smugmug.com\/Provence-Lovers\/Nice\/Mus&#xE9;es\/n-hb4qTV\/Mus&#xE9;e-de-la-Photographie-Charles-N&#xE8;gre\/i-m6jHjzg\/0\/4ad4b7b3\/L\/charles-negre-ramoneurs-marche-L.jpg\" alt=\"Spazzacamini in marcia, fotografia di Charles N&#xE8;gre (1851)\"\/><figcaption class=\"wp-element-caption\"><em>Spazzacamini in movimento<\/em>, Charles N\u00e8gre (1851)<\/figcaption><\/figure>\n\n<p><em>Spazzacamini in marcia <\/em>\u00e8 una fotografia scattata a Parigi nel 1851 che \u00e8 entrata nella storia della fotografia. \u00c8 considerato uno dei primi tentativi di motion capture.  <\/p>\n\n<figure class=\"wp-block-image size-large\"><img decoding=\"async\" src=\"https:\/\/photos.smugmug.com\/Provence-Lovers\/Nice\/Mus&#xE9;es\/n-hb4qTV\/Mus&#xE9;e-de-la-Photographie-Charles-N&#xE8;gre\/i-ztj4CFc\/0\/36f96920\/L\/charles-negre-quai-massena--L.jpg\" alt=\"Fotografia di Charles N&#xE8;gre del Quai Mass&#xE9;na a Nizza (1865)  \"\/><figcaption class=\"wp-element-caption\"><em>Il molo di Mass\u00e9na<\/em>, Nizza, Charles N\u00e8gre (circa 1865)<\/figcaption><\/figure>\n\n<p>Pi\u00f9 tardi nella sua vita, Charles N\u00e8gre si trasfer\u00ec a Nizza, dove produsse una serie di fotografie della citt\u00e0 in movimento. Per l&#8217;epoca, le sue immagini erano rivoluzionarie, in quanto cercava di catturare l&#8217;istantaneo. Per noi \u00e8 pi\u00f9 difficile concepire al momento!  <\/p>\n\n<div style=\"background-color:#fefefe;margin-top:6%;margin-bottom:6%\" class=\"wp-block-genesis-blocks-gb-container box gb-block-container\"><div class=\"gb-container-inside\"><div class=\"gb-container-content\" style=\"max-width:700px\">\n<div class=\"wp-block-columns inverse is-layout-flex wp-container-core-columns-is-layout-9d6595d7 wp-block-columns-is-layout-flex\">\n<div class=\"wp-block-column texte_planif is-layout-flow wp-block-column-is-layout-flow\" style=\"flex-basis:58%\">\n<h5 class=\"titre_box\">UN PO&#8217; PI\u00d9 DI <span class=\"titre_box_manuscrit\">pazienza<\/span><\/h5>\n\n\n\n<p style=\"font-size:14px\">Tutte le foto, le mappe, le informazioni, i buoni indirizzi per rendere il <strong>suo soggiorno in Provenza<\/strong> un successo, saranno <strong>presto raccolti<\/strong> in un unico ebook!<\/p>\n\n\n\n<p style=\"font-size:14px\">Se desidera essere informato sulla pubblicazione della nostra <strong>guida della Provenza<\/strong>, si registri:<\/p>\n\n\n<script>\nvar gform;gform||(document.addEventListener(\"gform_main_scripts_loaded\",function(){gform.scriptsLoaded=!0}),document.addEventListener(\"gform\/theme\/scripts_loaded\",function(){gform.themeScriptsLoaded=!0}),window.addEventListener(\"DOMContentLoaded\",function(){gform.domLoaded=!0}),gform={domLoaded:!1,scriptsLoaded:!1,themeScriptsLoaded:!1,isFormEditor:()=>\"function\"==typeof InitializeEditor,callIfLoaded:function(o){return!(!gform.domLoaded||!gform.scriptsLoaded||!gform.themeScriptsLoaded&&!gform.isFormEditor()||(gform.isFormEditor()&&console.warn(\"The use of gform.initializeOnLoaded() is deprecated in the form editor context and will be removed in Gravity Forms 3.1.\"),o(),0))},initializeOnLoaded:function(o){gform.callIfLoaded(o)||(document.addEventListener(\"gform_main_scripts_loaded\",()=>{gform.scriptsLoaded=!0,gform.callIfLoaded(o)}),document.addEventListener(\"gform\/theme\/scripts_loaded\",()=>{gform.themeScriptsLoaded=!0,gform.callIfLoaded(o)}),window.addEventListener(\"DOMContentLoaded\",()=>{gform.domLoaded=!0,gform.callIfLoaded(o)}))},hooks:{action:{},filter:{}},addAction:function(o,r,e,t){gform.addHook(\"action\",o,r,e,t)},addFilter:function(o,r,e,t){gform.addHook(\"filter\",o,r,e,t)},doAction:function(o){gform.doHook(\"action\",o,arguments)},applyFilters:function(o){return gform.doHook(\"filter\",o,arguments)},removeAction:function(o,r){gform.removeHook(\"action\",o,r)},removeFilter:function(o,r,e){gform.removeHook(\"filter\",o,r,e)},addHook:function(o,r,e,t,n){null==gform.hooks[o][r]&&(gform.hooks[o][r]=[]);var d=gform.hooks[o][r];null==n&&(n=r+\"_\"+d.length),gform.hooks[o][r].push({tag:n,callable:e,priority:t=null==t?10:t})},doHook:function(r,o,e){var t;if(e=Array.prototype.slice.call(e,1),null!=gform.hooks[r][o]&&((o=gform.hooks[r][o]).sort(function(o,r){return o.priority-r.priority}),o.forEach(function(o){\"function\"!=typeof(t=o.callable)&&(t=window[t]),\"action\"==r?t.apply(null,e):e[0]=t.apply(null,e)})),\"filter\"==r)return e[0]},removeHook:function(o,r,t,n){var e;null!=gform.hooks[o][r]&&(e=(e=gform.hooks[o][r]).filter(function(o,r,e){return!!(null!=n&&n!=o.tag||null!=t&&t!=o.priority)}),gform.hooks[o][r]=e)}});\n<\/script>\n\n                <div class='gf_browser_gecko gform_wrapper gravity-theme gform-theme--no-framework waitlist_wrapper' data-form-theme='gravity-theme' data-form-index='0' id='gform_wrapper_3' ><form method='post' enctype='multipart\/form-data'  id='gform_3' class='waitlist' action='\/it\/wp-json\/wp\/v2\/posts\/748' data-formid='3' novalidate> \r\n <input type='hidden' class='gforms-pum' value='{\"closepopup\":false,\"closedelay\":0,\"openpopup\":false,\"openpopup_id\":0}' \/>\n                        <div class='gform-body gform_body'><div id='gform_fields_3' class='gform_fields top_label form_sublabel_below description_below validation_below'><div id=\"field_3_3\" class=\"gfield gfield--type-honeypot gform_validation_container field_sublabel_below gfield--has-description field_description_below field_validation_below gfield_visibility_visible\"  ><label class='gfield_label gform-field-label' for='input_3_3'>X\/Twitter<\/label><div class='ginput_container'><input name='input_3' id='input_3_3' type='text' value='' autocomplete='new-password'\/><\/div><div class='gfield_description' id='gfield_description_3_3'>Questo campo serve per la convalida e dovrebbe essere lasciato inalterato.<\/div><\/div><div id=\"field_3_2\" class=\"gfield gfield--type-website gfield--input-type-website gfield--width-full field_sublabel_below gfield--no-description field_description_below field_validation_below gfield_visibility_hidden\"  ><div class=\"admin-hidden-markup\"><i class=\"gform-icon gform-icon--hidden\" aria-hidden=\"true\" title=\"Questo campo \u00e8 nascosto quando si visualizza il modulo\"><\/i><span>Questo campo \u00e8 nascosto quando si visualizza il modulo<\/span><\/div><label class='gfield_label gform-field-label' for='input_3_2'>Site Web<\/label><div class='ginput_container ginput_container_website'>\n                    <input name='input_2' id='input_3_2' type='url' value='https:\/\/provencelovers.fr\/it\/wp-json\/wp\/v2\/posts\/748' class='large'    placeholder='https:\/\/'  aria-invalid=\"false\" \/>\n                <\/div><\/div><div id=\"field_3_1\" class=\"gfield gfield--type-email gfield--input-type-email gfield--width-full field_sublabel_below gfield--no-description field_description_below hidden_label field_validation_below gfield_visibility_visible\"  ><label class='gfield_label gform-field-label' for='input_3_1'>E-mail<\/label><div class='ginput_container ginput_container_email'>\n                            <input name='input_1' id='input_3_1' type='email' value='votre e-mail' class='large'     aria-invalid=\"false\"  \/>\n                        <\/div><\/div><\/div><\/div>\n        <div class='gform-footer gform_footer top_label'> <input type='submit' id='gform_submit_button_3' class='gform_button button' onclick='gform.submission.handleButtonClick(this);' data-submission-type='submit' value='Iscriviti'  \/> \n            <input type='hidden' class='gform_hidden' name='gform_submission_method' data-js='gform_submission_method_3' value='postback' \/>\n            <input type='hidden' class='gform_hidden' name='gform_theme' data-js='gform_theme_3' id='gform_theme_3' value='gravity-theme' \/>\n            <input type='hidden' class='gform_hidden' name='gform_style_settings' data-js='gform_style_settings_3' id='gform_style_settings_3' value='{&quot;inputPrimaryColor&quot;:&quot;#204ce5&quot;}' \/>\n            <input type='hidden' class='gform_hidden' name='is_submit_3' value='1' \/>\n            <input type='hidden' class='gform_hidden' name='gform_submit' value='3' \/>\n            \n            <input type='hidden' class='gform_hidden' name='gform_currency' data-currency='EUR' value='TeUvaxSknKKS0dBIsTMDDODcuwL3FKD5vCi4Bv+2+f5JUDp42PnxBdWEofuvYl2ovZ7hImnweHYJ9kWXJy\/\/vbcyxSZwPYQyA1PtNfyTy7zu0ks=' \/>\n            <input type='hidden' class='gform_hidden' name='gform_unique_id' value='' \/>\n            <input type='hidden' class='gform_hidden' name='state_3' value='WyJbXSIsImZmMDY0ZWJkMmU3ZDZhZTc3YTc4MDBiNDgyNDcwNGVlIl0=' \/>\n            <input type='hidden' autocomplete='off' class='gform_hidden' name='gform_target_page_number_3' id='gform_target_page_number_3' value='0' \/>\n            <input type='hidden' autocomplete='off' class='gform_hidden' name='gform_source_page_number_3' id='gform_source_page_number_3' value='1' \/>\n            <input type='hidden' name='gform_field_values' value='' \/>\n            \n        <\/div>\n                        <\/form>\n                        <\/div><script>\ngform.initializeOnLoaded( function() {gformInitSpinner( 3, 'https:\/\/provencelovers.fr\/wp-content\/plugins\/gravityforms\/images\/spinner.svg', true );jQuery('#gform_ajax_frame_3').on('load',function(){var contents = jQuery(this).contents().find('*').html();var is_postback = contents.indexOf('GF_AJAX_POSTBACK') >= 0;if(!is_postback){return;}var form_content = jQuery(this).contents().find('#gform_wrapper_3');var is_confirmation = jQuery(this).contents().find('#gform_confirmation_wrapper_3').length > 0;var is_redirect = contents.indexOf('gformRedirect(){') >= 0;var is_form = form_content.length > 0 && ! is_redirect && ! is_confirmation;var mt = parseInt(jQuery('html').css('margin-top'), 10) + parseInt(jQuery('body').css('margin-top'), 10) + 100;if(is_form){jQuery('#gform_wrapper_3').html(form_content.html());if(form_content.hasClass('gform_validation_error')){jQuery('#gform_wrapper_3').addClass('gform_validation_error');} else {jQuery('#gform_wrapper_3').removeClass('gform_validation_error');}setTimeout( function() { \/* delay the scroll by 50 milliseconds to fix a bug in chrome *\/  }, 50 );if(window['gformInitDatepicker']) {gformInitDatepicker();}if(window['gformInitPriceFields']) {gformInitPriceFields();}var current_page = jQuery('#gform_source_page_number_3').val();gformInitSpinner( 3, 'https:\/\/provencelovers.fr\/wp-content\/plugins\/gravityforms\/images\/spinner.svg', true );jQuery(document).trigger('gform_page_loaded', [3, current_page]);window['gf_submitting_3'] = false;}else if(!is_redirect){var confirmation_content = jQuery(this).contents().find('.GF_AJAX_POSTBACK').html();if(!confirmation_content){confirmation_content = contents;}jQuery('#gform_wrapper_3').replaceWith(confirmation_content);jQuery(document).trigger('gform_confirmation_loaded', [3]);window['gf_submitting_3'] = false;wp.a11y.speak(jQuery('#gform_confirmation_message_3').text());}else{jQuery('#gform_3').append(contents);if(window['gformRedirect']) {gformRedirect();}}jQuery(document).trigger(\"gform_pre_post_render\", [{ formId: \"3\", currentPage: \"current_page\", abort: function() { this.preventDefault(); } }]);        if (event && event.defaultPrevented) {                return;        }        const gformWrapperDiv = document.getElementById( \"gform_wrapper_3\" );        if ( gformWrapperDiv ) {            const visibilitySpan = document.createElement( \"span\" );            visibilitySpan.id = \"gform_visibility_test_3\";            gformWrapperDiv.insertAdjacentElement( \"afterend\", visibilitySpan );        }        const visibilityTestDiv = document.getElementById( \"gform_visibility_test_3\" );        let postRenderFired = false;        function triggerPostRender() {            if ( postRenderFired ) {                return;            }            postRenderFired = true;            gform.core.triggerPostRenderEvents( 3, current_page );            if ( visibilityTestDiv ) {                visibilityTestDiv.parentNode.removeChild( visibilityTestDiv );            }        }        function debounce( func, wait, immediate ) {            var timeout;            return function() {                var context = this, args = arguments;                var later = function() {                    timeout = null;                    if ( !immediate ) func.apply( context, args );                };                var callNow = immediate && !timeout;                clearTimeout( timeout );                timeout = setTimeout( later, wait );                if ( callNow ) func.apply( context, args );            };        }        const debouncedTriggerPostRender = debounce( function() {            triggerPostRender();        }, 200 );        if ( visibilityTestDiv && visibilityTestDiv.offsetParent === null ) {            const observer = new MutationObserver( ( mutations ) => {                mutations.forEach( ( mutation ) => {                    if ( mutation.type === 'attributes' && visibilityTestDiv.offsetParent !== null ) {                        debouncedTriggerPostRender();                        observer.disconnect();                    }                });            });            observer.observe( document.body, {                attributes: true,                childList: false,                subtree: true,                attributeFilter: [ 'style', 'class' ],            });        } else {            triggerPostRender();        }    } );} );\n<\/script>\n<\/div>\n\n\n\n<div class=\"wp-block-column is-layout-flow wp-block-column-is-layout-flow\" style=\"flex-basis:42%\">\n<div class=\"wp-block-genesis-blocks-gb-container ebook-radius-waitlist gb-block-container\"><div class=\"gb-container-inside\"><div class=\"gb-container-content\"><div class=\"wp-block-image ebook-image\">\n<figure class=\"aligncenter size-large\"><img decoding=\"async\" src=\"https:\/\/loirelovers.fr\/wp-content\/uploads\/2023\/03\/ebooks_CorseNormandie_FR.png\" alt=\"Box Ebook Corsica FR\"\/><\/figure>\n<\/div><\/div><\/div><\/div>\n<\/div>\n<\/div>\n<\/div><\/div><\/div>\n\n<h2 class=\"wp-block-heading\">Consiglio: Museo della Fotografia Charles N\u00e8gre, Nizza<\/h2>\n\n<h3 class=\"wp-block-heading\">Dove si trova il Museo della Fotografia di Nizza?<\/h3>\n\n<p><span style=\"font-weight: 400;\">Il Museo di Fotografia Charles N\u00e8gre si trova in Place Pierre Gautier 1 a Nizza (06300).  <\/span><\/p>\n\n<ul class=\"wp-block-list\">\n<li><span style=\"font-weight: 400;\">Tempo di guida da Marsiglia: 2h20<\/span>.<\/li>\n\n\n\n<li>Tempo di guida da Aix-en-Provence: 2h10.<\/li>\n\n\n\n<li><span style=\"font-weight: 400;\">Tempo di guida da Avignone: 2h45<\/span>.<\/li>\n\n\n\n<li><span style=\"font-weight: 400;\">Tempo di guida da Montpellier: 3h40<\/span>.<\/li>\n\n\n\n<li><span style=\"font-weight: 400;\">Tempo di guida da Tolone: 1h40<\/span>.<\/li>\n<\/ul>\n\n<h3 class=\"wp-block-heading\">Come arrivare<\/h3>\n\n<p>Nizza \u00e8 facilmente raggiungibile in auto, aereo e treno. Se sceglie l&#8217;opzione treno o aereo, pu\u00f2 partire direttamente da Parigi. In treno, pu\u00f2 anche prendere un percorso diretto da Lione, Cannes, Marsiglia, Tolone e da diverse citt\u00e0 europee.  <\/p>\n\n<p><a href=\"https:\/\/track.effiliation.com\/servlet\/effi.redir?id_compteur=22819431&amp;url=https%3A%2F%2Fwww.sncf-connect.com%2Fit-it%2F&amp;effi_id=PL\" target=\"_blank\" rel=\"noreferrer noopener sponsored nofollow\">Consulti gli orari disponibili e prenoti subito i suoi biglietti del treno<\/a>.<\/p>\n\n<p>Una volta a Nizza, pu\u00f2 raggiungere il Museo Charles N\u00e8gre in diversi modi. In auto, le consigliamo di prendere rue Saint-Fran\u00e7ois-de-Paule (riservata ai residenti), rue de la Pr\u00e9fecture o Descente Crotti. Altri accessi alla Vecchia Nizza non sono pi\u00f9 consentiti. Per maggiori informazioni sulla direzione del traffico in questa zona, consulti il <a href=\"https:\/\/www.nice.fr\/fr\/actualites\/modification-de-la-circulation-vieux-nice?type=articles#:~:text=Les%20acc%C3%A8s%20au%20Vieux%2DNice,et%20par%20la%20Descente%20Crotti.\" target=\"_blank\" rel=\"noreferrer noopener nofollow\">sito ufficiale <\/a>della citt\u00e0 di Nizza.<\/p>\n\n<p>Se sceglie l&#8217;opzione del trasporto pubblico e si trova gi\u00e0 a Nizza, pu\u00f2 prendere il tram o l&#8217;autobus. In tram, scenda alla fermata Op\u00e9ra-Vieille Ville e cammini per 5 minuti. In autobus, prenda la linea 8 o 12 e scenda alla fermata Massena, poi cammini per 7 minuti.<\/p>\n\n<div style=\"margin-top:8%;margin-bottom:8%\" class=\"wp-block-genesis-blocks-gb-container box gb-block-container\"><div class=\"gb-container-inside\"><div class=\"gb-container-content\">\n<div class=\"wp-block-columns inverse box_planif is-layout-flex wp-container-core-columns-is-layout-9d6595d7 wp-block-columns-is-layout-flex\">\n<div class=\"wp-block-column texte_planif is-layout-flow wp-block-column-is-layout-flow\" style=\"flex-basis:58%\">\n<h5 class=\"titre_box\">I NOSTRI CONSIGLI PER NOLEGGIARE UN&#8217;AUTO A <span class=\"titre_box_manuscrit\">\nProvence<\/span><\/h5>\n\n\n\n<ul class=\"liste_voiture wp-block-list\" style=\"font-size:14px\">\n<li>Confronti i prezzi sulla nostra piattaforma preferita: <a href=\"https:\/\/www.discovercars.com\/it\/france?a_aid=zigzag&amp;chan=PL\" target=\"_blank\" rel=\"noreferrer noopener sponsored nofollow\">DiscoverCars<\/a> &#8211; uno dei siti meglio valutati.<\/li>\n\n\n\n<li>Scelga un&#8217;<strong>auto abbastanza potente <\/strong>(le strade sono ripide) ma <strong>compatta<\/strong> (alcuni passaggi sono stretti).<\/li>\n\n\n\n<li>Consideri un&#8217;<strong>assicurazione completa<\/strong> (alcune strade sono tortuose e strette).<\/li>\n\n\n\n<li>C&#8217;\u00e8 molta richiesta, quindi <strong>prenotate in anticipo<\/strong>.<\/li>\n<\/ul>\n<\/div>\n\n\n\n<div class=\"wp-block-column planif-radius-3 is-layout-flow wp-block-column-is-layout-flow\" style=\"flex-basis:42%\">\n<figure class=\"wp-block-image size-full is-resized\"><img loading=\"lazy\" decoding=\"async\" width=\"421\" height=\"533\" src=\"https:\/\/provencelovers.fr\/wp-content\/uploads\/2023\/05\/Vieux-Nice-ruelle-L.png\" alt=\"\" class=\"wp-image-1302\" title=\"\" srcset=\"https:\/\/provencelovers.fr\/wp-content\/uploads\/2023\/05\/Vieux-Nice-ruelle-L.png 421w, https:\/\/provencelovers.fr\/wp-content\/uploads\/2023\/05\/Vieux-Nice-ruelle-L-237x300.png 237w\" sizes=\"auto, (max-width: 421px) 100vw, 421px\" \/><\/figure>\n<\/div>\n<\/div>\n\n\n\n<div class=\"wp-block-columns planif_bouton is-layout-flex wp-container-core-columns-is-layout-9d6595d7 wp-block-columns-is-layout-flex\">\n<div class=\"wp-block-column is-layout-flow wp-block-column-is-layout-flow\" style=\"flex-basis:50%\">\n<div class=\"wp-block-buttons is-content-justification-center is-layout-flex wp-container-core-buttons-is-layout-16018d1d wp-block-buttons-is-layout-flex\">\n<div class=\"wp-block-button has-custom-font-size\" style=\"font-size:14px\"><a class=\"wp-block-button__link has-white-color has-text-color wp-element-button\" href=\"https:\/\/www.discovercars.com\/it\/france?a_aid=zigzag&amp;amp;chan=PL\" style=\"border-radius:4px\" target=\"_blank\" rel=\"noreferrer noopener\">Vedere le auto<img loading=\"lazy\" decoding=\"async\" width=\"16\" height=\"17\" class=\"wp-image-2851\" style=\"width: 16px;\" src=\"https:\/\/provencelovers.fr\/wp-content\/uploads\/2023\/08\/ArrowRight.webp\" alt=\"\"\/><\/a><\/div>\n<\/div>\n<\/div>\n\n\n\n<div class=\"wp-block-column is-vertically-aligned-center is-layout-flow wp-block-column-is-layout-flow\" style=\"flex-basis:50%\">\n<p class=\"has-text-align-center\" style=\"font-size:14px\"><strong><a href=\"https:\/\/provencelovers.fr\/it\/come-noleggiare-auto-provenza\/\">Guardi i nostri consigli<\/a><\/strong><\/p>\n<\/div>\n<\/div>\n<\/div><\/div><\/div>\n\n<h3 class=\"wp-block-heading\">Parcheggio<\/h3>\n\n<p>Il museo non dispone di un proprio parcheggio. \u00c8 piuttosto complicato parcheggiare nelle strade del centro storico, soprattutto perch\u00e9 si trova vicino a Cours Saleya (una strada prevalentemente pedonale).  <\/p>\n\n<figure class=\"wp-block-image size-large\"><img decoding=\"async\" src=\"https:\/\/photos.smugmug.com\/Provence-Lovers\/Nice\/Mus&#xE9;es\/n-hb4qTV\/Mus&#xE9;e-de-la-Photographie-Charles-N&#xE8;gre\/i-HB37TXR\/0\/fa9706df\/L\/Rue-Vieux-Nice-L.jpg\" alt=\"Via della Vecchia Nizza\"\/><\/figure>\n\n<p>Tuttavia, pu\u00f2 trovare facilmente un parcheggio nelle vicinanze a Vieux Nizza. In particolare, il Sulzer Interpark si trova a 5 minuti a piedi dal museo. Pu\u00f2 anche prenotare il suo posto in anticipo sul loro <a href=\"https:\/\/www.interparking-france.com\/parking-nice\/fr\/park\/parking-sulzer\/?utm_source=My%2520Business&amp;utm_campaign=Sulzer&amp;utm_medium=Lien\" target=\"_blank\" rel=\"noreferrer noopener nofollow\">sito ufficiale<\/a>. Questo parcheggio offre tariffe orarie e giornaliere.  <\/p>\n\n<div style=\"margin-top:8%;margin-bottom:8%\" class=\"wp-block-genesis-blocks-gb-container box gb-block-container\"><div class=\"gb-container-inside\"><div class=\"gb-container-content\">\n<div class=\"wp-block-columns inverse is-layout-flex wp-container-core-columns-is-layout-9d6595d7 wp-block-columns-is-layout-flex\">\n<div class=\"wp-block-column texte_planif is-layout-flow wp-block-column-is-layout-flow\" style=\"flex-basis:58%\">\n<h5 class=\"titre_box\">SCOPRIRE <span class=\"titre_box_manuscrit\">Nizza<\/span><\/h5>\n\n\n\n<ul class=\"wp-block-list\">\n<li style=\"font-size:14px\"><a href=\"https:\/\/provencelovers.fr\/it\/cosa-vedere-nizza\/\" target=\"_blank\" rel=\"noreferrer noopener\">Cosa vedere a Nizza<\/a><\/li>\n\n\n\n<li style=\"font-size:14px\"><a href=\"https:\/\/provencelovers.fr\/it\/dove-alloggiare-nizza-migliori-hotel\/\" target=\"_blank\" rel=\"noreferrer noopener\">Dove alloggiare a Nizza: i 15 migliori hotel<\/a><\/li>\n\n\n\n<li style=\"font-size:14px\"><a href=\"https:\/\/provencelovers.fr\/it\/migliori-ristoranti-nizza-mangiare\/\" target=\"_blank\" rel=\"noreferrer noopener\">Dove mangiare a Nizza: 20 migliori ristoranti<\/a><\/li>\n\n\n\n<li style=\"font-size:14px\"><a href=\"https:\/\/provencelovers.fr\/it\/musei-nizza\/\" target=\"_blank\" rel=\"noreferrer noopener\">I 12 migliori musei di Nizza<\/a><\/li>\n\n\n\n<li style=\"font-size:14px\"><a href=\"https:\/\/provencelovers.fr\/it\/migliori-spiagge-nizza\/\" target=\"_blank\" rel=\"noreferrer noopener\">Le migliori spiagge<\/a><\/li>\n\n\n\n<li style=\"font-size:14px\"><a href=\"https:\/\/provencelovers.fr\/it\/palais-lascaris-museo-nizza\/\" target=\"_blank\" rel=\"noreferrer noopener\">Visiti il Palazzo Lascaris<\/a><\/li>\n\n\n\n<li style=\"font-size:14px\"><a href=\"https:\/\/provencelovers.fr\/it\/museo-arte-mamac-nizza\/\" target=\"_blank\" rel=\"noreferrer noopener\">Visiti il Museo MAMAC<\/a><\/li>\n\n\n\n<li style=\"font-size:14px\"><a href=\"https:\/\/provencelovers.fr\/it\/museo-fotographia-nizza-charles-negre\/\" target=\"_blank\" rel=\"noreferrer noopener\">Visiti il Museo della Fotografia<\/a><\/li>\n\n\n\n<li style=\"font-size:14px\">Itinerari: <a href=\"https:\/\/provencelovers.fr\/it\/visitare-nizza-1giorno-itinerario\/\" target=\"_blank\" rel=\"noreferrer noopener\">1 giorno<\/a> &#8211; <a href=\"https:\/\/provencelovers.fr\/it\/visita-nizza-2-giorni-itinerario\/\" target=\"_blank\" rel=\"noreferrer noopener\">2 giorni<\/a> &#8211; <a href=\"https:\/\/provencelovers.fr\/it\/visitare-nizza-3-giorni-itinerario\/\" target=\"_blank\" rel=\"noreferrer noopener\">3 giorni<\/a> &#8211; <a href=\"https:\/\/provencelovers.fr\/it\/visitare-nizza-5-giorni-itinerario\/\" target=\"_blank\" rel=\"noreferrer noopener\">5 giorni<\/a> &#8211; <a href=\"https:\/\/provencelovers.fr\/it\/visitare-nizza-una-settimana-itinerario\/\" target=\"_blank\" rel=\"noreferrer noopener\">7 giorni<\/a><\/li>\n\n\n\n<li style=\"font-size:14px\"><a href=\"https:\/\/provencelovers.fr\/it\/come-noleggiare-auto-nizza-aeroporto-stazione\/\" target=\"_blank\" rel=\"noreferrer noopener\">Noleggi un&#8217;auto a Nizza (aeroporto o stazione)<\/a><\/li>\n\n\n\n<li style=\"font-size:14px\"><a href=\"https:\/\/provencelovers.fr\/it\/migliori-borghi-vicino-nizza\/\" target=\"_blank\" rel=\"noreferrer noopener\">I villaggi pi\u00f9 belli intorno a Nizza<\/a><\/li>\n<\/ul>\n<\/div>\n\n\n\n<div class=\"wp-block-column ville-radius is-layout-flow wp-block-column-is-layout-flow\" style=\"flex-basis:42%\">\n<figure class=\"wp-block-image size-full is-resized img-portrait\"><img loading=\"lazy\" decoding=\"async\" width=\"421\" height=\"400\" src=\"https:\/\/provencelovers.fr\/wp-content\/uploads\/2023\/05\/Hotel-Anantara-Plaza-Nice-vue-mer-terrasse-restaurant-1-L.png\" alt=\"\" class=\"wp-image-1296\" style=\"width:319px;height:303px\" title=\"\" srcset=\"https:\/\/provencelovers.fr\/wp-content\/uploads\/2023\/05\/Hotel-Anantara-Plaza-Nice-vue-mer-terrasse-restaurant-1-L.png 421w, https:\/\/provencelovers.fr\/wp-content\/uploads\/2023\/05\/Hotel-Anantara-Plaza-Nice-vue-mer-terrasse-restaurant-1-L-300x285.png 300w\" sizes=\"auto, (max-width: 421px) 100vw, 421px\" \/><\/figure>\n<\/div>\n<\/div>\n<\/div><\/div><\/div>\n\n<h3 class=\"wp-block-heading\"><b>Orari e prezzi<\/b><\/h3>\n\n<p><b>Orario:<\/b><\/p>\n\n<ul class=\"wp-block-list\">\n<li><span style=\"font-weight: 400;\">Aperto tutti i giorni tranne il luned\u00ec.  <\/span><\/li>\n\n\n\n<li><span style=\"font-weight: 400;\">Il museo: dalle 10.00 alle 18.00.<\/span><\/li>\n\n\n\n<li><span style=\"font-weight: 400;\">La galleria: dalle 10.00 alle 12.30 e dalle 13.30 alle 18.00.<\/span><\/li>\n<\/ul>\n\n<p><span style=\"font-weight: 400;\">Chiuso il 25 dicembre, il 1\u00b0 gennaio, la domenica di Pasqua e il 1\u00b0 maggio.<\/span><\/p>\n\n<p><b>Tariffe:<\/b><\/p>\n\n<ul class=\"wp-block-list\">\n<li><span style=\"font-weight: 400;\">Biglietto unico ed esclusivo a 5\u20ac.<\/span><\/li>\n\n\n\n<li><span style=\"font-weight: 400;\">Gratuito per i minori di 18 anni e per gli studenti con un documento d&#8217;identit\u00e0.<\/span><\/li>\n<\/ul>\n\n<p><span style=\"font-weight: 400;\">Il Mus\u00e9e de la Photographie de Nizza offre visite guidate, ma \u00e8 necessaria la prenotazione. Pu\u00f2 consultare il  <\/span><a href=\"https:\/\/museephotographie.nice.fr\/activites\/visites\/\" target=\"_blank\" rel=\"noreferrer noopener nofollow\">\n  <span style=\"font-weight: 400;\">sito web ufficiale <\/span>\n<\/a><span style=\"font-weight: 400;\">per maggiori informazioni su questo argomento. <\/span> <\/p>\n\n<h3 class=\"wp-block-heading\">Il momento migliore per visitare <\/h3>\n\n<p>Se vuole evitare i periodi di maggiore affluenza, le consigliamo di visitare il museo in autunno o in inverno. Nizza \u00e8 una citt\u00e0 molto turistica e una destinazione popolare quando il tempo \u00e8 bello.  <\/p>\n\n<p>Tuttavia, le consigliamo di pianificare la sua visita in base al programma attuale del museo. Pu\u00f2 consultarlo sul loro <a href=\"https:\/\/museephotographie.nice.fr\/expositions\/\" target=\"_blank\" rel=\"noreferrer noopener nofollow\">sito web ufficiale<\/a>. Se viene per un fotografo in particolare e la sua mostra \u00e8 finita, rimarr\u00e0 deluso.  <\/p>\n\n<figure class=\"wp-block-image size-large\"><img decoding=\"async\" src=\"https:\/\/photos.smugmug.com\/Provence-Lovers\/Nice\/Mus&#xE9;es\/n-hb4qTV\/Mus&#xE9;e-de-la-Photographie-Charles-N&#xE8;gre\/i-jnhnLkR\/0\/f7c1cbe9\/L\/Galerie-Photo-Nice-L.jpg\" alt=\"Vista della galleria del museo\"\/><\/figure>\n\n<p>Inoltre, \u00e8 meglio evitare una visita all&#8217;ora di pranzo. La galleria del museo adiacente chiude tra le 12.30 e le 13.30, quindi potrebbe perderla!<\/p>\n\n<h3 class=\"wp-block-heading\">Quanto tempo ci vorr\u00e0 per visitare il museo e quali sono le principali difficolt\u00e0?<\/h3>\n\n<p><span style=\"font-weight: 400;\">Le consigliamo di prevedere un tempo compreso tra 45 minuti e 1,5 ore, a seconda del suo interesse per le mostre temporanee al momento della visita.<\/span><\/p>\n\n<p><span style=\"font-weight: 400;\">Si ricordi che le mostre cambiano ogni tre mesi! Prima di recarsi sul sito, le consigliamo di consultare il sito  <\/span><a href=\"https:\/\/museephotographie.nice.fr\/expositions\/\" target=\"_blank\" rel=\"noreferrer noopener nofollow\">\n  <span style=\"font-weight: 400;\">sito web ufficiale <\/span>\n<\/a><span style=\"font-weight: 400;\">del museo per conoscere le mostre in corso.<\/span><\/p>\n\n<figure class=\"wp-block-image size-large\"><img decoding=\"async\" src=\"https:\/\/photos.smugmug.com\/Provence-Lovers\/Nice\/Mus&#xE9;es\/n-hb4qTV\/Mus&#xE9;e-de-la-Photographie-Charles-N&#xE8;gre\/i-BHff2F9\/0\/95310f17\/L\/Lionel-Kazan-Musee-Photo-Nice-5-L.jpg\" alt=\"Mostra di Lionel Kazan\"\/><\/figure>\n\n<p><span style=\"font-weight: 400;\">A seconda del suo livello di interesse per i fotografi in mostra, potrebbe voler rimanere per un po&#8217;.<\/span>  Per gli amanti dei libri, la visita potrebbe essere estesa anche al centro di documentazione, se desidera dedicare del tempo a sfogliare alcuni libri sulla fotografia.<\/p>\n\n<p><span style=\"font-weight: 400;\">Non avr\u00e0 alcuna difficolt\u00e0 a muoversi all&#8217;interno del museo. C&#8217;\u00e8 un solo piano, ma pu\u00f2 prendere le scale o l&#8217;ascensore. \u00c8 adatto alle persone con mobilit\u00e0 ridotta.  <\/span><\/p>\n\n<h3 class=\"wp-block-heading\">Consigli su come visitare<\/h3>\n\n<p>La direzione della visita all&#8217;interno del museo \u00e8 piuttosto semplice. Abbiamo iniziato scoprendo l&#8217;intero piano terra, e poi siamo saliti al piano superiore in una seconda fase.<\/p>\n\n<p>A questo punto ha due opzioni: prendere le scale o l&#8217;ascensore per le persone a mobilit\u00e0 ridotta. Nota: deve tenere premuto il pulsante per far salire l&#8217;ascensore.<\/p>\n\n<figure class=\"wp-block-image size-large\"><img decoding=\"async\" src=\"https:\/\/photos.smugmug.com\/Provence-Lovers\/Nice\/Mus&#xE9;es\/n-hb4qTV\/Mus&#xE9;e-de-la-Photographie-Charles-N&#xE8;gre\/i-GvGPXQG\/0\/792cc4ad\/L\/Galerie-Photo-Nice-1-L.jpg\" alt=\"Vista della galleria del museo\"\/><\/figure>\n\n<p>In seguito, abbiamo fatto un giro nella galleria adiacente al museo. Si trova all&#8217;esterno del museo, sul lato sinistro dello stesso marciapiede. Potr\u00e0 accedervi grazie a un piccolo biglietto consegnato all&#8217;inizio della visita.  <\/p>\n\n<h3 class=\"wp-block-heading\">Il Museo Charles N\u00e8gre con i bambini<\/h3>\n\n<p>Il museo non ha sviluppato in modo particolare le attivit\u00e0 per i bambini, se non per il pubblico scolastico. Tuttavia, si divertiranno a scoprire i diversi mondi fotografici. Possono divertirsi a creare un elenco delle loro foto preferite!  <\/p>\n\n<p>Sul <a href=\"https:\/\/museephotographie.nice.fr\/activites\/escape-game-virtuel-sur-les-traces-de-charles-negre\/\" target=\"_blank\" rel=\"noreferrer noopener nofollow\">sito ufficiale<\/a> del museo, pu\u00f2 anche accedere a un gioco di fuga virtuale per i bambini di et\u00e0 superiore ai 10 anni.  <\/p>\n\n<div style=\"margin-top:8%;margin-bottom:8%\" class=\"wp-block-genesis-blocks-gb-container box gb-block-container\"><div class=\"gb-container-inside\"><div class=\"gb-container-content\" style=\"max-width:700px\">\n<div class=\"wp-block-genesis-blocks-gb-container box_titre gb-block-container\"><div class=\"gb-container-inside\"><div class=\"gb-container-content\">\n<h5 class=\"titre_box\" style=\"padding-top:10px;\">DOVE SOGGIORNARE A <span class=\"titre_box_manuscrit\">Nizza<\/span><\/h5>\n<\/div><\/div><\/div>\n\n\n\n<hr class=\"wp-block-separator has-text-color has-alpha-channel-opacity has-background is-style-wide hr-box-planif\" style=\"background-color:#ccd3dd;color:#ccd3dd\"\/>\n\n\n\n<div class=\"wp-block-columns box_sans_border is-layout-flex wp-container-core-columns-is-layout-9d6595d7 wp-block-columns-is-layout-flex\">\n<div class=\"wp-block-column texte_planif is-layout-flow wp-block-column-is-layout-flow\" style=\"font-size:14px;flex-basis:60%\">\n<p class=\"option_titre2\"><strong>I nostri preferiti: quartieri e hotel<\/strong><\/p>\n\n\n\n<p style=\"font-size:14px\"><br\/>Sul lungomare, con vista sul mare:<strong>Anantara Hotel<\/strong> &#8211; <a href=\"https:\/\/www.booking.com\/hotel\/anantara-plaza-nice-nice.html?aid=2319618\" target=\"_blank\" rel=\"noreferrer noopener sponsored nofollow\">Vedi prezzi, foto e disponibilit\u00e0<\/a><\/p>\n\n\n\n<p style=\"font-size:14px\"><br\/>Nella citt\u00e0 nuova, vicino al mare:<strong>Hotel Apollinaire<\/strong>, elegante e luminoso &#8211; <a href=\"https:\/\/www.booking.com\/hotel\/fr\/acropolenice.html?aid=2319618\" target=\"_blank\" rel=\"noreferrer noopener sponsored nofollow\">vedi prezzi, foto e disponibilit\u00e0<\/a><\/p>\n\n\n\n<p style=\"font-size:14px\"><br\/>Nel centro storico, con tutto il suo fascino: l&#8217;Aparthotel<strong>AMMI Vieux Nizza<\/strong> \u00e8 molto pratico e piacevole &#8211; <a href=\"https:\/\/www.booking.com\/hotel\/fr\/apart-39-ammi-vieux-nice.html?aid=2319618\" target=\"_blank\" rel=\"noreferrer noopener sponsored nofollow\">Vedi prezzi, foto e disponibilit\u00e0 <\/a> <\/p>\n<\/div>\n\n\n\n<div class=\"wp-block-column is-vertically-aligned-top planif-radius is-layout-flow wp-block-column-is-layout-flow\" style=\"flex-basis:40%\">\n<figure class=\"wp-block-image size-large img-portrait\"><img decoding=\"async\" src=\"https:\/\/photos.smugmug.com\/Provence-Lovers\/Nice\/H%C3%B4tels\/n-vLRxMK\/H%C3%B4tel-Anantara-Plaza-Nice\/i-b2fkNDW\/0\/ff41e28a\/L\/Hotel-Anantara-Plaza-Nice-restaurant-L.jpg\" alt=\"\" title=\"\"\/><\/figure>\n<\/div>\n<\/div>\n\n\n\n<p class=\"has-text-align-center\" style=\"font-size:17px\"><a href=\"https:\/\/provencelovers.fr\/it\/dove-alloggiare-nizza-migliori-hotel\/\">Consulta la nostra selezione completa dei migliori hotel a Nizza.<\/a><\/p>\n\n\n\n<div class=\"wp-block-buttons planif_bouton is-content-justification-center is-layout-flex wp-container-core-buttons-is-layout-16018d1d wp-block-buttons-is-layout-flex\">\n<div class=\"wp-block-button has-custom-font-size\" style=\"font-size:14px\"><a class=\"wp-block-button__link has-white-color has-text-color wp-element-button\" href=\"https:\/\/www.booking.com\/searchresults.html?city=-1454990=review_score%253D90%253Breview_score%253D80=2319618=1=2\" style=\"border-radius:4px\" target=\"_blank\" rel=\"noreferrer noopener nofollow\">Veda gli alloggi disponibili per le sue date &gt;&gt;.<\/a><\/div>\n<\/div>\n<\/div><\/div><\/div>\n\n<h3 class=\"wp-block-heading\"><b>Ristoranti nelle vicinanze<\/b><\/h3>\n\n<p>Nella citt\u00e0 di Nizza, non avr\u00e0 difficolt\u00e0 a trovare buoni posti per mangiare. Ecco un elenco di luoghi che consigliamo:  <\/p>\n\n<ul class=\"wp-block-list\">\n<li><strong>Ristorante JAN<\/strong> &#8211; un ristorante stellato Michelin che offre una cucina raffinata.<\/li>\n\n\n\n<li><strong>Ristorante La Rotonde <\/strong>presso l&#8217;Hotel Le Negresco &#8211; un pasto gustoso in un ambiente elegante in oro e bianco.<\/li>\n\n\n\n<li><strong>Ristorante Peixes<\/strong> &#8211; un menu a base di pesce e frutti di mare per un&#8217;esperienza originale.<\/li>\n\n\n\n<li><strong>Ristorante La Storia<\/strong> &#8211; Cucina mediterranea in un ambiente colorato: tipico del sud della Francia!<\/li>\n\n\n\n<li><strong>Maison Joia Restaurant and Delicatessen<\/strong> &#8211; un ristorante con prodotti 100% francesi.<\/li>\n\n\n\n<li><strong>Ristorante Les Epicuriens <\/strong>&#8211; un ambiente accogliente e cibo fresco e delizioso.<\/li>\n\n\n\n<li><strong>Ristorante Sentimi<\/strong> &#8211; cucina tradizionale italiana.<\/li>\n<\/ul>\n\n<p>Per gli amanti del picnic, la Vieux Nizza \u00e8 un parco giochi ideale! Si fermi al mercato di Saleya per acquistare alcuni prodotti locali, poi si diriga verso il parco Colline du Ch\u00e2teau o le spiagge dell&#8217;Opera e di Ponchettes. Nota: si tratta di spiagge di ghiaia.<\/p>\n\n<div style=\"margin-top:8%;margin-bottom:8%\" class=\"wp-block-genesis-blocks-gb-container box gb-block-container\"><div class=\"gb-container-inside\"><div class=\"gb-container-content\">\n<div style=\"background-color:#fefefe;margin-top:6%;margin-bottom:6%\" class=\"wp-block-genesis-blocks-gb-container box gb-block-container\"><div class=\"gb-container-inside\"><div class=\"gb-container-content\" style=\"max-width:700px\">\n<div class=\"wp-block-columns inverse is-layout-flex wp-container-core-columns-is-layout-9d6595d7 wp-block-columns-is-layout-flex\">\n<div class=\"wp-block-column texte_planif is-layout-flow wp-block-column-is-layout-flow\" style=\"flex-basis:58%\">\n<h5 class=\"titre_box\">Riceva la nostra <span class=\"titre_box_manuscrit\">Newsletter<\/span><\/h5>\n\n\n\n<ul class=\"wp-block-list\">\n<li>Una boccata d&#8217;aria fresca nella sua vita quotidiana nelle bellissime destinazioni di Region Lovers!<\/li>\n\n\n\n<li>Una volta al mese<\/li>\n\n\n\n<li>Senza pubblicit\u00e0<\/li>\n<\/ul>\n\n\n\n                <div class='gf_browser_gecko gform_wrapper gravity-theme gform-theme--no-framework waitlist_wrapper' data-form-theme='gravity-theme' data-form-index='0' id='gform_wrapper_4' >\n                        <div class='gform_heading'>\n                            <p class='gform_description'><\/p>\n                        <\/div><form method='post' enctype='multipart\/form-data'  id='gform_4' class='waitlist' action='\/it\/wp-json\/wp\/v2\/posts\/748' data-formid='4' novalidate> \r\n <input type='hidden' class='gforms-pum' value='{\"closepopup\":false,\"closedelay\":0,\"openpopup\":false,\"openpopup_id\":0}' \/>\n                        <div class='gform-body gform_body'><div id='gform_fields_4' class='gform_fields top_label form_sublabel_below description_below validation_below'><div id=\"field_4_1\" class=\"gfield gfield--type-email gfield--input-type-email gfield_contains_required field_sublabel_below gfield--no-description field_description_below hidden_label field_validation_below gfield_visibility_visible\"  ><label class='gfield_label gform-field-label' for='input_4_1'>E-mail<span class=\"gfield_required\"><span class=\"gfield_required gfield_required_text\">(Obbligatorio)<\/span><\/span><\/label><div class='ginput_container ginput_container_email'>\n                            <input name='input_1' id='input_4_1' type='email' value='' class='large'    aria-required=\"true\" aria-invalid=\"false\"  \/>\n                        <\/div><\/div><fieldset id=\"field_4_3\" class=\"gfield gfield--type-consent gfield--type-choice gfield--input-type-consent gfield_contains_required field_sublabel_below gfield--no-description field_description_below hidden_label field_validation_below gfield_visibility_visible\"  ><legend class='gfield_label gform-field-label gfield_label_before_complex' >RGPD<span class=\"gfield_required\"><span class=\"gfield_required gfield_required_text\">(Obbligatorio)<\/span><\/span><\/legend><div class='ginput_container ginput_container_consent'><input name='input_3.1' id='input_4_3_1' type='checkbox' value='1'   aria-required=\"true\" aria-invalid=\"false\"   \/> <label class=\"gform-field-label gform-field-label--type-inline gfield_consent_label\" for='input_4_3_1' >S\u00ec, desidero abbonarmi alla newsletter mensile<span class=\"gfield_required gfield_required_text\">(Obbligatorio)<\/span><\/label><input type='hidden' name='input_3.2' value='S\u00ec, desidero abbonarmi alla newsletter mensile' class='gform_hidden' \/><input type='hidden' name='input_3.3' value='1' class='gform_hidden' \/><\/div><\/fieldset><div id=\"field_4_4\" class=\"gfield gfield--type-website gfield--input-type-website field_sublabel_below gfield--no-description field_description_below field_validation_below gfield_visibility_hidden\"  ><div class=\"admin-hidden-markup\"><i class=\"gform-icon gform-icon--hidden\" aria-hidden=\"true\" title=\"Questo campo \u00e8 nascosto quando si visualizza il modulo\"><\/i><span>Questo campo \u00e8 nascosto quando si visualizza il modulo<\/span><\/div><label class='gfield_label gform-field-label' for='input_4_4'>Site Web<\/label><div class='ginput_container ginput_container_website'>\n                    <input name='input_4' id='input_4_4' type='url' value='https:\/\/provencelovers.fr\/it\/wp-json\/wp\/v2\/posts\/748' class='large'    placeholder='https:\/\/'  aria-invalid=\"false\" \/>\n                <\/div><\/div><\/div><\/div>\n        <div class='gform-footer gform_footer top_label'> <input type='submit' id='gform_submit_button_4' class='gform_button button' onclick='gform.submission.handleButtonClick(this);' data-submission-type='submit' value='Iscriviti'  \/> \n            <input type='hidden' class='gform_hidden' name='gform_submission_method' data-js='gform_submission_method_4' value='postback' \/>\n            <input type='hidden' class='gform_hidden' name='gform_theme' data-js='gform_theme_4' id='gform_theme_4' value='gravity-theme' \/>\n            <input type='hidden' class='gform_hidden' name='gform_style_settings' data-js='gform_style_settings_4' id='gform_style_settings_4' value='{&quot;inputPrimaryColor&quot;:&quot;#204ce5&quot;}' \/>\n            <input type='hidden' class='gform_hidden' name='is_submit_4' value='1' \/>\n            <input type='hidden' class='gform_hidden' name='gform_submit' value='4' \/>\n            \n            <input type='hidden' class='gform_hidden' name='gform_currency' data-currency='EUR' value='EHEG0WZxPL571++cDcU4HGsnE9wJYa\/iQhVm4SmYatbsHQIDjIOoda5hI4ulDua3BOxSH56wkMK26uzzlD3WW1QMu+SSmWN\/wkmAyirulZI1izw=' \/>\n            <input type='hidden' class='gform_hidden' name='gform_unique_id' value='' \/>\n            <input type='hidden' class='gform_hidden' name='state_4' value='WyJ7XCIzLjFcIjpcIjQ4N2RjMTgyMjNmY2RjNTA1YjkyNzVhZTM4MWMxNTg5XCIsXCIzLjJcIjpcIjliYTI3NmUxNjIxNjEwNGQ4MmIxMzBhZWJiZTE4MzkwXCIsXCIzLjNcIjpcIjQ4N2RjMTgyMjNmY2RjNTA1YjkyNzVhZTM4MWMxNTg5XCJ9IiwiNjE2M2Q4MTg2OTY1NDdmMThjMmE2MTFjNzU4ZmI5MGEiXQ==' \/>\n            <input type='hidden' autocomplete='off' class='gform_hidden' name='gform_target_page_number_4' id='gform_target_page_number_4' value='0' \/>\n            <input type='hidden' autocomplete='off' class='gform_hidden' name='gform_source_page_number_4' id='gform_source_page_number_4' value='1' \/>\n            <input type='hidden' name='gform_field_values' value='' \/>\n            \n        <\/div>\n                        <\/form>\n                        <\/div><script>\ngform.initializeOnLoaded( function() {gformInitSpinner( 4, 'https:\/\/provencelovers.fr\/wp-content\/plugins\/gravityforms\/images\/spinner.svg', true );jQuery('#gform_ajax_frame_4').on('load',function(){var contents = jQuery(this).contents().find('*').html();var is_postback = contents.indexOf('GF_AJAX_POSTBACK') >= 0;if(!is_postback){return;}var form_content = jQuery(this).contents().find('#gform_wrapper_4');var is_confirmation = jQuery(this).contents().find('#gform_confirmation_wrapper_4').length > 0;var is_redirect = contents.indexOf('gformRedirect(){') >= 0;var is_form = form_content.length > 0 && ! is_redirect && ! is_confirmation;var mt = parseInt(jQuery('html').css('margin-top'), 10) + parseInt(jQuery('body').css('margin-top'), 10) + 100;if(is_form){jQuery('#gform_wrapper_4').html(form_content.html());if(form_content.hasClass('gform_validation_error')){jQuery('#gform_wrapper_4').addClass('gform_validation_error');} else {jQuery('#gform_wrapper_4').removeClass('gform_validation_error');}setTimeout( function() { \/* delay the scroll by 50 milliseconds to fix a bug in chrome *\/  }, 50 );if(window['gformInitDatepicker']) {gformInitDatepicker();}if(window['gformInitPriceFields']) {gformInitPriceFields();}var current_page = jQuery('#gform_source_page_number_4').val();gformInitSpinner( 4, 'https:\/\/provencelovers.fr\/wp-content\/plugins\/gravityforms\/images\/spinner.svg', true );jQuery(document).trigger('gform_page_loaded', [4, current_page]);window['gf_submitting_4'] = false;}else if(!is_redirect){var confirmation_content = jQuery(this).contents().find('.GF_AJAX_POSTBACK').html();if(!confirmation_content){confirmation_content = contents;}jQuery('#gform_wrapper_4').replaceWith(confirmation_content);jQuery(document).trigger('gform_confirmation_loaded', [4]);window['gf_submitting_4'] = false;wp.a11y.speak(jQuery('#gform_confirmation_message_4').text());}else{jQuery('#gform_4').append(contents);if(window['gformRedirect']) {gformRedirect();}}jQuery(document).trigger(\"gform_pre_post_render\", [{ formId: \"4\", currentPage: \"current_page\", abort: function() { this.preventDefault(); } }]);        if (event && event.defaultPrevented) {                return;        }        const gformWrapperDiv = document.getElementById( \"gform_wrapper_4\" );        if ( gformWrapperDiv ) {            const visibilitySpan = document.createElement( \"span\" );            visibilitySpan.id = \"gform_visibility_test_4\";            gformWrapperDiv.insertAdjacentElement( \"afterend\", visibilitySpan );        }        const visibilityTestDiv = document.getElementById( \"gform_visibility_test_4\" );        let postRenderFired = false;        function triggerPostRender() {            if ( postRenderFired ) {                return;            }            postRenderFired = true;            gform.core.triggerPostRenderEvents( 4, current_page );            if ( visibilityTestDiv ) {                visibilityTestDiv.parentNode.removeChild( visibilityTestDiv );            }        }        function debounce( func, wait, immediate ) {            var timeout;            return function() {                var context = this, args = arguments;                var later = function() {                    timeout = null;                    if ( !immediate ) func.apply( context, args );                };                var callNow = immediate && !timeout;                clearTimeout( timeout );                timeout = setTimeout( later, wait );                if ( callNow ) func.apply( context, args );            };        }        const debouncedTriggerPostRender = debounce( function() {            triggerPostRender();        }, 200 );        if ( visibilityTestDiv && visibilityTestDiv.offsetParent === null ) {            const observer = new MutationObserver( ( mutations ) => {                mutations.forEach( ( mutation ) => {                    if ( mutation.type === 'attributes' && visibilityTestDiv.offsetParent !== null ) {                        debouncedTriggerPostRender();                        observer.disconnect();                    }                });            });            observer.observe( document.body, {                attributes: true,                childList: false,                subtree: true,                attributeFilter: [ 'style', 'class' ],            });        } else {            triggerPostRender();        }    } );} );\n<\/script>\n<\/div>\n\n\n\n<div class=\"wp-block-column is-layout-flow wp-block-column-is-layout-flow\" style=\"flex-basis:42%\">\n<div class=\"wp-block-genesis-blocks-gb-container aligncenter newsletter-radius gb-block-container\"><div class=\"gb-container-inside\"><div class=\"gb-container-content\"><div class=\"wp-block-image newsletter-image\">\n<figure class=\"aligncenter size-full\"><img loading=\"lazy\" decoding=\"async\" width=\"729\" height=\"792\" src=\"https:\/\/provencelovers.fr\/wp-content\/uploads\/2024\/01\/newsletter_FR_2.png\" alt=\"\" class=\"wp-image-8159\" srcset=\"https:\/\/provencelovers.fr\/wp-content\/uploads\/2024\/01\/newsletter_FR_2.png 729w, https:\/\/provencelovers.fr\/wp-content\/uploads\/2024\/01\/newsletter_FR_2-276x300.png 276w\" sizes=\"auto, (max-width: 729px) 100vw, 729px\" \/><\/figure>\n<\/div><\/div><\/div><\/div>\n<\/div>\n<\/div>\n<\/div><\/div><\/div>\n<\/div><\/div><\/div>\n\n<h2 class=\"wp-block-heading\"><strong>Il Museo della Fotografia di Nizza e le sue mostre: la nostra visita<\/strong><\/h2>\n\n<p>Come pu\u00f2 vedere, il museo ospita mostre temporanee. Condivideremo con lei la nostra scoperta dei mondi fotografici di Lionel Kazan e Alexandre Dufaye.  <\/p>\n\n<h2 class=\"wp-block-heading\"><b><strong>Nel museo: la mostra temporanea di Lionel Kazan<\/strong><\/b><\/h2>\n\n<p><strong>Un fotografo di moda essenziale:  <\/strong><\/p>\n\n<p><em>Un air du temps<\/em>, la mostra dedicata a Lionel Kazan (1930-2016), guarda alla moda degli anni Cinquanta e Sessanta. \u00c8 stato pubblicato in alcune delle principali riviste francesi e americane che tutti conoscete: come Marie Claire, Elle, Vogue, Glamour, ecc.  <\/p>\n\n<figure class=\"wp-block-image size-large\"><img decoding=\"async\" src=\"https:\/\/photos.smugmug.com\/Provence-Lovers\/Nice\/Mus&#xE9;es\/n-hb4qTV\/Mus&#xE9;e-de-la-Photographie-Charles-N&#xE8;gre\/i-GL8hsrR\/0\/410ca747\/L\/Lionel-Kazan-Musee-Photo-Nice-2-L.jpg\" alt=\"Copertina della rivista Vogue\"\/><\/figure>\n\n<p>Vero testimone dell&#8217;evoluzione della condizione femminile, Lionel Kazan ha evidenziato i cambiamenti della moda. Ha accompagnato questa rivoluzione sociale e l&#8217;apertura della fotografia di moda al mondo esterno. I suoi campi da gioco erano diversi: Parigi, i templi greci o le spiagge portoghesi.  <\/p>\n\n<figure class=\"wp-block-image size-large\"><img decoding=\"async\" src=\"https:\/\/photos.smugmug.com\/Provence-Lovers\/Nice\/Mus&#xE9;es\/n-hb4qTV\/Mus&#xE9;e-de-la-Photographie-Charles-N&#xE8;gre\/i-33KdSHM\/0\/af0481e9\/L\/Magazine-ELLE-Musee-Photo-Nice-L.jpg\" alt=\"Ex riviste Elle\"\/><\/figure>\n\n<p>Con la sua macchina fotografica, ha catturato un&#8217;epoca e ha messo in evidenza le donne e la loro evoluzione sociale. Nell&#8217;immagine qui sotto, un vento di libert\u00e0 soffia su di loro. Sono forti e orgogliosi, pronti a conquistare la citt\u00e0. Nella fotografia a sinistra, l&#8217;inquadratura dall&#8217;angolo basso rafforza questa sensazione di potere. Siamo rimasti impressionati dal talento di questo fotografo!<\/p>\n\n<figure class=\"wp-block-image size-large\"><img decoding=\"async\" src=\"https:\/\/photos.smugmug.com\/Provence-Lovers\/Nice\/Mus&#xE9;es\/n-hb4qTV\/Mus&#xE9;e-de-la-Photographie-Charles-N&#xE8;gre\/i-gQXp9r7\/0\/ea7dd13a\/L\/Lionel-Kazan-Musee-Photo-Nice-1-L.jpg\" alt=\"Fotografie di Lionel Kazan\"\/><\/figure>\n\n<h2 class=\"wp-block-heading\"><strong>Tra grandi attrici francesi e prestigiosi marchi di moda<\/strong><\/h2>\n\n<p>Come fotografo ritrattista, Lionel Kazan ha fotografato le star del grande schermo e del mondo della canzone, tra cui Brigitte Bardot, Catherive Deneuve, Jane Fonda, ecc. Le sue immagini sono estremamente eleganti e di una precisione impressionante. Ha avuto la possibilit\u00e0 di catturare le icone degli anni &#8217;50 e &#8217;60 in tutta la loro sensibilit\u00e0. In questa foto, Catherine Deneuve \u00e8 immortalata in un abito Dior.<\/p>\n\n<figure class=\"wp-block-image size-large\"><img decoding=\"async\" src=\"https:\/\/photos.smugmug.com\/Provence-Lovers\/Nice\/Mus&#xE9;es\/n-hb4qTV\/Mus&#xE9;e-de-la-Photographie-Charles-N&#xE8;gre\/i-8F7jwHP\/0\/a3999abc\/L\/Lionel-Kazan-Musee-Photo-Nice-6-L.jpg\" alt=\"Fotografie di Catherine Deneuve scattate da Lionel Kazan\"\/><\/figure>\n\n<p>Il lavoro del fotografo ha catturato anche l&#8217;attenzione dei grandi couturier francesi. Le sue modelle hanno indossato Christian Dior, Pierre Cardin, Yves Saint Laurent, ecc. Attraverso le sue fotografie, abbiamo rivissuto l&#8217;epoca d&#8217;oro dell&#8217;alta moda e l&#8217;ascesa del pr\u00eat-\u00e0-porter. La crescente libert\u00e0 delle donne sembra essere al centro del lavoro di Lionel Kazan.  <\/p>\n\n<h2 class=\"wp-block-heading\"><strong>Il centro di documentazione<\/strong><\/h2>\n\n<p>All&#8217;interno del museo, avr\u00e0 accesso a un centro di documentazione al primo piano. Abbiamo apprezzato particolarmente questo spazio pieno di libri legati alla fotografia. \u00c8 possibile sedersi l\u00ec per qualche minuto e consultare gratuitamente i vari libri.  <\/p>\n\n<figure class=\"wp-block-image size-large is-resized\"><img decoding=\"async\" src=\"https:\/\/photos.smugmug.com\/Provence-Lovers\/Nice\/Mus&#xE9;es\/n-hb4qTV\/Mus&#xE9;e-de-la-Photographie-Charles-N&#xE8;gre\/i-PGh6C66\/0\/30c28497\/L\/Centre-Documentation-Musee-Photo-Nice-3-L.jpg\" alt=\"Centro di documentazione del museo\" style=\"width:702px;height:526px\"\/><\/figure>\n\n<p>A seconda del suo interesse per il patrimonio di questa piccola biblioteca, potrebbe anche passarci delle ore! Il concetto \u00e8 molto rilevante, in quanto il libro \u00e8 un mezzo eccellente per promuovere l&#8217;arte fotografica.  <\/p>\n\n<figure class=\"wp-block-image size-large\"><img decoding=\"async\" src=\"https:\/\/photos.smugmug.com\/Provence-Lovers\/Nice\/Mus&#xE9;es\/n-hb4qTV\/Mus&#xE9;e-de-la-Photographie-Charles-N&#xE8;gre\/i-hPHsLzG\/0\/4b81fcda\/L\/Centre-Documentation-Musee-Photo-Nice-L.jpg\" alt=\"Focus su un libro nel centro di documentazione\"\/><\/figure>\n\n<p>Il centro di documentazione offre un&#8217;ampia gamma di riferimenti per tutti i tipi di pubblico (amatori, iniziati, professionisti). Trover\u00e0 tutto qui! La collezione comprende libri sulla storia della fotografia, ma anche sugli eventi attuali del settore.<\/p>\n\n<h2 class=\"wp-block-heading\"><strong>Nella galleria fotografica: il mondo di Alexandre Dufaye<\/strong><\/h2>\n\n<p><strong>Un fotografo contemporaneo locale:  <\/strong><\/p>\n\n<p>Alexandre Dufaye \u00e8 un fotografo visivo francese nato a Nizza nel 1972. Nella sua mostra <em>Retour sur Terre-Repenser le vivant<\/em>, combina due serie di fotografie scattate nel 2019 e nel 2021. Dai paesaggi della Camargue alle Salins de Giraud, cattura un universo naturale e immobile sconvolto dall&#8217;attivit\u00e0 umana.  <\/p>\n\n<figure class=\"wp-block-image size-large\"><img decoding=\"async\" src=\"https:\/\/photos.smugmug.com\/Provence-Lovers\/Nice\/Mus&#xE9;es\/n-hb4qTV\/Mus&#xE9;e-de-la-Photographie-Charles-N&#xE8;gre\/i-GVKH9SN\/0\/56215351\/L\/Alexandre-Dufaye-Galerie-Photo-Nice-1-L.jpg\" alt=\"Mostra Alexandre Dufaye\"\/><\/figure>\n\n<p>Il fotografo si interroga sull&#8217;impatto che abbiamo sul mondo che ci circonda. Come pu\u00f2 vedere qui sopra, il suo lavoro \u00e8 piuttosto minimalista e ordinato. Tuttavia, riesce a sublimare soggetti semplici e a trasmetterci il suo messaggio. Ci siamo trovati a riflettere sul rapporto tra l&#8217;uomo e il suo ambiente.  <\/p>\n\n<figure class=\"wp-block-image size-large\"><img decoding=\"async\" src=\"https:\/\/photos.smugmug.com\/Provence-Lovers\/Nice\/Mus&#xE9;es\/n-hb4qTV\/Mus&#xE9;e-de-la-Photographie-Charles-N&#xE8;gre\/i-pZq6dmW\/0\/13bb0c48\/L\/Alexandre-Dufaye-Galerie-Photo-Nice-L.jpg\" alt=\"Mostra Alexandre Dufaye\"\/><\/figure>\n\n<h2 class=\"wp-block-heading\"><strong>I nostri preferiti<\/strong><\/h2>\n\n<p>In breve, abbiamo apprezzato molto la nostra visita al Museo della Fotografia Charles N\u00e8gre. Alcune foto ci hanno colpito pi\u00f9 di altre. Naturalmente, questo dipende dalla sensibilit\u00e0 di una persona nei confronti di un&#8217;opera d&#8217;arte. I due fotografi esposti al momento della nostra visita offrivano prospettive diverse sulla fotografia. Tuttavia, entrambi hanno catturato immagini bellissime e uniche. La nostra piccola selezione di preferiti:  <\/p>\n\n<ul class=\"wp-block-list\">\n<li>Per la sensazione di profonda libert\u00e0 che ne deriva:<\/li>\n<\/ul>\n\n<figure class=\"wp-block-image size-large\"><img decoding=\"async\" src=\"https:\/\/photos.smugmug.com\/Provence-Lovers\/Nice\/Mus&#xE9;es\/n-hb4qTV\/Mus&#xE9;e-de-la-Photographie-Charles-N&#xE8;gre\/i-5JtB37Q\/0\/1b24168c\/L\/Lionel-Kazan-Musee-Photo-Nice-1-2-L.jpg\" alt=\"Fotografie di Lionel Kazan\"\/><\/figure>\n\n<ul class=\"wp-block-list\">\n<li>Per l&#8217;estetica minimalista:<\/li>\n<\/ul>\n\n<figure class=\"wp-block-image size-large is-resized\"><img decoding=\"async\" src=\"https:\/\/photos.smugmug.com\/Provence-Lovers\/Nice\/Mus&#xE9;es\/n-hb4qTV\/Mus&#xE9;e-de-la-Photographie-Charles-N&#xE8;gre\/i-VC2LpWG\/0\/679fe24c\/L\/Alexandre-Dufaye-Galerie-Photo-Nice-2-L.jpg\" alt=\"Fotografia di Alexandre Dufaye\" style=\"width:702px;height:526px\"\/><\/figure>\n\n<ul class=\"wp-block-list\">\n<li>Per onorare una grande icona:<\/li>\n<\/ul>\n\n<figure class=\"wp-block-image size-large\"><img decoding=\"async\" src=\"https:\/\/photos.smugmug.com\/Provence-Lovers\/Nice\/Mus&#xE9;es\/n-hb4qTV\/Mus&#xE9;e-de-la-Photographie-Charles-N&#xE8;gre\/i-WWp7Hnt\/0\/e93c6ccf\/L\/Jane-Fonda-Lionel-Kazan-musee-photographie-nice-L.jpg\" alt=\"Fotografia di Jane Fonda scattata da Lionel Kazan  \"\/><\/figure>\n\n<p>Ora sta a lei visitare il Museo Charles N\u00e8gre e scegliere le sue opere preferite tra le mostre attuali!  <\/p>\n\n<div style=\"margin-top:8%;margin-bottom:8%\" class=\"wp-block-genesis-blocks-gb-container box gb-block-container\"><div class=\"gb-container-inside\"><div class=\"gb-container-content\" style=\"max-width:700px\">\n<div class=\"wp-block-genesis-blocks-gb-container box_titre gb-block-container\"><div class=\"gb-container-inside\"><div class=\"gb-container-content\">\n<h5 class=\"titre_box\" style=\"padding-top:10px;\">PIANIFICHI IL SUO VIAGGIO IN <span class=\"titre_box_manuscrit\">Costa Azzurra<\/span><\/h5>\n<\/div><\/div><\/div>\n\n\n\n<hr class=\"wp-block-separator has-text-color has-alpha-channel-opacity has-background is-style-wide hr-box-planif\" style=\"background-color:#ccd3dd;color:#ccd3dd\"\/>\n\n\n\n<div class=\"wp-block-columns box_sans_border is-layout-flex wp-container-core-columns-is-layout-9d6595d7 wp-block-columns-is-layout-flex\">\n<div class=\"wp-block-column texte_planif is-layout-flow wp-block-column-is-layout-flow\" style=\"font-size:14px;flex-basis:60%\">\n<ul class=\"wp-block-list\">\n<li><strong>Ispirazione<\/strong><\/li>\n<\/ul>\n\n\n\n<p style=\"font-size:14px\"><a href=\"https:\/\/provencelovers.fr\/it\/migliori-paesaggi-cote-azur-foto\/\" target=\"_blank\" rel=\"noreferrer noopener\">I paesaggi pi\u00f9 belli in 30 foto<\/a><br\/><a href=\"https:\/\/provencelovers.fr\/it\/cosa-vedere-cote-azur-visitare\/\" target=\"_blank\" rel=\"noreferrer noopener\">Cosa vedere in Costa Azzurra<\/a><br\/><a href=\"https:\/\/provencelovers.fr\/it\/migliori-villaggi-costa-azzurra\/\" target=\"_blank\" rel=\"noreferrer noopener\">I villaggi pi\u00f9 belli<\/a><br\/><a href=\"https:\/\/provencelovers.fr\/it\/migliori-spiagge-costa-azzurra\/\" target=\"_blank\" rel=\"noreferrer noopener\">Le migliori spiagge della Costa Azzurra<\/a><br\/><a href=\"https:\/\/provencelovers.fr\/it\/migliori-giardini-costa-azzurra\/\" target=\"_blank\" rel=\"noreferrer noopener\">I giardini pi\u00f9 belli<\/a><br\/>I migliori tour in barca (in arrivo)<br\/><a href=\"https:\/\/provencelovers.fr\/it\/isole-costa-azzurra\/\" target=\"_blank\" rel=\"noreferrer noopener\">Le isole pi\u00f9 belle<\/a><br\/><a href=\"https:\/\/provencelovers.fr\/it\/posti-segreti-costa-azzurra-nascoti\/\" target=\"_blank\" rel=\"noreferrer noopener\">Luoghi segreti<\/a><\/p>\n<\/div>\n\n\n\n<div class=\"wp-block-column is-vertically-aligned-top planif-radius is-layout-flow wp-block-column-is-layout-flow\" style=\"flex-basis:40%\">\n<figure class=\"wp-block-image size-large img-portrait\"><img decoding=\"async\" src=\"https:\/\/photos.smugmug.com\/Provence-Lovers\/Antibes\/n-mKVLR5\/Port-Ponteil\/i-38NGtcB\/0\/f2464217\/S\/plage_ponteil_vue-S.jpg\" alt=\"Antibes e le montagne\" title=\"\"\/><\/figure>\n<\/div>\n<\/div>\n\n\n\n<hr class=\"wp-block-separator has-text-color has-alpha-channel-opacity has-background is-style-wide hr-box-planif\" style=\"background-color:#ccd3dd;color:#ccd3dd\"\/>\n\n\n\n<div class=\"wp-block-columns box_sans_border is-layout-flex wp-container-core-columns-is-layout-9d6595d7 wp-block-columns-is-layout-flex\">\n<div class=\"wp-block-column texte_planif is-layout-flow wp-block-column-is-layout-flow\" style=\"font-size:14px;flex-basis:60%\">\n<ul class=\"wp-block-list\">\n<li><strong>Consigli pratici<\/strong><\/li>\n<\/ul>\n\n\n\n<p style=\"font-size:14px\">Un viaggio di successo in Costa Azzurra (prossimamente)<br\/><a href=\"https:\/\/provencelovers.fr\/it\/come-noleggiare-auto-provenza\/\">Noleggi un&#8217;auto in Provenza<\/a> &#8211; a <a href=\"https:\/\/provencelovers.fr\/it\/come-noleggiare-auto-nizza-aeroporto-stazione\/\">Nizza<\/a> &#8211; a <a href=\"https:\/\/provencelovers.fr\/it\/come-noleggiare-auto-cannes-stazione\/\">Cannes<\/a> &#8211; a <a href=\"https:\/\/provencelovers.fr\/it\/come-noleggiare-auto-marsiglia-aeroporto-stazione\/\">Marsiglia<\/a> &#8211; ad <a href=\"https:\/\/provencelovers.fr\/it\/come-noleggiare-auto-aix-provence-stazione\/\">Aix-en-Provence<\/a>.<\/p>\n\n\n\n<p style=\"font-size:14px\">Itinerari: <a href=\"https:\/\/provencelovers.fr\/it\/visitare-costa-azzurra-5-giorni-itinerario\/\" target=\"_blank\" rel=\"noreferrer noopener\">5 giorni<\/a> &#8211; <a href=\"https:\/\/provencelovers.fr\/it\/visitare-costa-azzurra-una-settimana-itinerario\/\" target=\"_blank\" rel=\"noreferrer noopener\">1 settimana<\/a> &#8211; <a href=\"https:\/\/provencelovers.fr\/it\/10-giorni-costa-azzurra-itinerario-road-trip\/\" target=\"_blank\" rel=\"noreferrer noopener\">10 giorni<\/a><br\/>Idee per il fine settimana: best-of &#8211; <a href=\"https:\/\/provencelovers.fr\/it\/weekend-romantico-costa-azzurra\/\" target=\"_blank\" rel=\"noreferrer noopener\">romantico<\/a> &#8211; <a href=\"https:\/\/provencelovers.fr\/it\/weekend-lusso-costa-azzurra\/\" target=\"_blank\" rel=\"noreferrer noopener\">di lusso<\/a> &#8211; <a href=\"https:\/\/provencelovers.fr\/it\/weekend-insolito-costa-azzurra\/\" target=\"_blank\" rel=\"noreferrer noopener\">insolito<\/a><\/p>\n<\/div>\n\n\n\n<div class=\"wp-block-column is-vertically-aligned-top planif-radius is-layout-flow wp-block-column-is-layout-flow\" style=\"flex-basis:40%\">\n<figure class=\"wp-block-image size-large img-portrait\"><img decoding=\"async\" src=\"https:\/\/photos.smugmug.com\/Provence-Lovers\/Nice\/n-wSXLpq\/Gare\/i-b5C5b9P\/0\/d153a796\/S\/gare-tgv-nice-train-S.jpg\" alt=\"Stazione Nizza\" title=\"\"\/><\/figure>\n<\/div>\n<\/div>\n\n\n\n<hr class=\"wp-block-separator has-text-color has-alpha-channel-opacity has-background is-style-wide hr-box-planif\" style=\"background-color:#ccd3dd;color:#ccd3dd\"\/>\n\n\n\n<div class=\"wp-block-columns box_sans_border is-layout-flex wp-container-core-columns-is-layout-9d6595d7 wp-block-columns-is-layout-flex\">\n<div class=\"wp-block-column texte_planif is-layout-flow wp-block-column-is-layout-flow\" style=\"flex-basis:60%\">\n<ul class=\"wp-block-list\">\n<li><strong>Dove alloggiare<\/strong><\/li>\n<\/ul>\n\n\n\n<p style=\"font-size:14px\"><a href=\"https:\/\/provencelovers.fr\/it\/dove-alloggiare-costa-azzurra-migliori-destinazioni\/\" target=\"_blank\" rel=\"noreferrer noopener\">Dove alloggiare in Costa Azzurra<\/a><br\/><a href=\"https:\/\/provencelovers.fr\/it\/migliori-hotel-5-stelle-costa-azzurra-lusso-recensioni\/\" target=\"_blank\" rel=\"noreferrer noopener\">I migliori hotel di lusso della Costa Azzurra<\/a><br\/><a href=\"https:\/\/provencelovers.fr\/it\/migliori-hotel-sul-mare-costa-azzurra-spiaggia\/\" target=\"_blank\" rel=\"noreferrer noopener\">Hotel sul mare<\/a><br\/><a href=\"https:\/\/provencelovers.fr\/it\/migliori-hotel-boutique-costa-azzurra-charme\/\" target=\"_blank\" rel=\"noreferrer noopener\">I migliori hotel boutique<\/a><\/p>\n<\/div>\n\n\n\n<div class=\"wp-block-column is-vertically-aligned-top planif-radius is-layout-flow wp-block-column-is-layout-flow\" style=\"flex-basis:40%\">\n<figure class=\"wp-block-image size-large img-portrait\"><img decoding=\"async\" src=\"https:\/\/photos.smugmug.com\/Provence-Lovers\/Nice\/H&#xF4;tels\/n-vLRxMK\/H&#xF4;tel-Anantara-Plaza-Nice\/i-2LsgGht\/1\/4997b805\/S\/Hotel-Anantara-Plaza-Nice-vue-mer-terrasse-restaurant-S.jpg\" alt=\"\" title=\"\"\/><\/figure>\n<\/div>\n<\/div>\n\n\n\n<hr class=\"wp-block-separator has-text-color has-alpha-channel-opacity has-background is-style-wide hr-box-planif\" style=\"background-color:#ccd3dd;color:#ccd3dd\"\/>\n\n\n\n<div class=\"wp-block-columns box_sans_border is-layout-flex wp-container-core-columns-is-layout-9d6595d7 wp-block-columns-is-layout-flex\">\n<div class=\"wp-block-column texte_planif is-layout-flow wp-block-column-is-layout-flow\" style=\"flex-basis:60%\">\n<ul class=\"wp-block-list\">\n<li><strong>Cosa vedere<\/strong><\/li>\n<\/ul>\n\n\n\n<p style=\"font-size:14px\"><a href=\"https:\/\/provencelovers.fr\/it\/cosa-vedere-nizza\/\" target=\"_blank\" rel=\"noreferrer noopener\">Cosa vedere a Nizza<\/a><br\/><a href=\"https:\/\/provencelovers.fr\/it\/cosa-vedere-cannes-visitare\/\" target=\"_blank\" rel=\"noreferrer noopener\">Cosa vedere a Cannes<\/a><br\/><a href=\"https:\/\/provencelovers.fr\/it\/cosa-vedere-antibes-visitare\/\" target=\"_blank\" rel=\"noreferrer noopener\">Cosa vedere ad Antibes<\/a><br\/><a href=\"https:\/\/provencelovers.fr\/it\/cosa-vedere-monaco-visitare\/\">Cosa vedere a Monaco<\/a><br\/><a href=\"https:\/\/provencelovers.fr\/it\/cosa-vedere-saint-tropez-visitare\/\" target=\"_blank\" rel=\"noreferrer noopener\">Cosa vedere a Saint-Tropez<\/a><br\/><a href=\"https:\/\/provencelovers.fr\/it\/cosa-vedere-cassis-visitare\/\" target=\"_blank\" rel=\"noreferrer noopener\">Cosa vedere a Cassis<\/a><br\/><a href=\"https:\/\/provencelovers.fr\/it\/cosa-vedere-la-ciotat-visitare\/\">Cosa vedere a La Ciotat<\/a><br\/><a href=\"https:\/\/provencelovers.fr\/it\/cosa-vedere-villaggio-eze-visitare\/\">Il villaggio di \u00c8ze<\/a><\/p>\n<\/div>\n\n\n\n<div class=\"wp-block-column is-vertically-aligned-top planif-radius is-layout-flow wp-block-column-is-layout-flow\" style=\"flex-basis:40%\">\n<figure class=\"wp-block-image size-large img-portrait\"><img decoding=\"async\" src=\"https:\/\/photos.smugmug.com\/Provence-Lovers\/Antibes\/n-mKVLR5\/Port-dAntibes\/i-nX9XG8L\/0\/feace0c9\/S\/nomade-port-antibes-S.jpg\" alt=\"bastioni Antibes\" title=\"\"\/><\/figure>\n<\/div>\n<\/div>\n\n\n\n<div class=\"wp-block-buttons planif_bouton is-content-justification-center is-layout-flex wp-container-core-buttons-is-layout-16018d1d wp-block-buttons-is-layout-flex\">\n<div class=\"wp-block-button has-custom-font-size\" style=\"font-size:14px\"><a class=\"wp-block-button__link has-white-color has-text-color wp-element-button\" style=\"border-radius:4px\">Veda tutti i nostri consigli (a breve)<img loading=\"lazy\" decoding=\"async\" width=\"16\" height=\"17\" class=\"wp-image-2851\" style=\"width: 16px;\" src=\"https:\/\/provencelovers.fr\/wp-content\/uploads\/2023\/08\/ArrowRight.webp\" alt=\"\"\/><\/a><\/div>\n<\/div>\n<\/div><\/div><\/div>\n\n<div class=\"wp-block-genesis-blocks-gb-container box_auteur_voyage gb-block-container\"><div class=\"gb-container-inside\"><div class=\"gb-container-content\">\n<figure class=\"wp-block-image size-large img_auteur_voyage img_provisoire\"><a href=\"https:\/\/provencelovers.fr\/it\/myriam-bendriss-mudibu\/\" target=\"_blank\" rel=\"noreferrer noopener\"><img decoding=\"async\" src=\"https:\/\/photos.smugmug.com\/Region-Lovers\/Equipe\/i-2VkpKdc\/0\/DqDG7GbR6CxhqJq4M7VBQnSmkShv4QM9sWgTxgDm4\/L\/myriam-2-L.jpg\" alt=\"\"\/><\/a><\/figure>\n\n\n\n<h5 class=\"titre_auteur_voyage\"><span>HA FATTO IL VIAGGIO <\/span><span class=\"titre_box_manuscrit\">Myriam<\/span><\/h5>\n<\/div><\/div><\/div>\n","protected":false},"excerpt":{"rendered":"<p>Venga a visitare il Museo della Fotografia Charles N\u00e8gre di Nizza e si immerga nel mondo di eccezionali fotografi contemporanei! Situato nel cuore del centro storico, il museo offre mostre temporanee sui grandi nomi della fotografia. In questo articolo, le diamo tutti i nostri consigli in immagini per visitare il museo e anticipare la sua [&hellip;]<\/p>\n","protected":false},"author":2,"featured_media":733,"comment_status":"closed","ping_status":"closed","sticky":false,"template":"","format":"standard","meta":{"_genesis_hide_title":false,"_genesis_hide_breadcrumbs":false,"_genesis_hide_singular_image":false,"_genesis_hide_footer_widgets":false,"_genesis_custom_body_class":"","_genesis_custom_post_class":"","_genesis_layout":"","footnotes":""},"categories":[128],"tags":[],"class_list":{"0":"post-748","1":"post","2":"type-post","3":"status-publish","4":"format-standard","5":"has-post-thumbnail","7":"category-nizza-regione","8":"entry"},"yoast_head":"<!-- This site is optimized with the Yoast SEO plugin v27.2 - https:\/\/yoast.com\/product\/yoast-seo-wordpress\/ -->\n<title>Visita al Museo della Fotografia Charles N\u00e8gre (Nizza)<\/title>\n<meta name=\"description\" content=\"Scopra la nostra opinione sul Museo della Fotografia Charles N\u00e8gre di Nizza, la sua posizione in citt\u00e0 e le sue mostre temporanee.\" \/>\n<meta name=\"robots\" content=\"index, follow, max-snippet:-1, max-image-preview:large, max-video-preview:-1\" \/>\n<link rel=\"canonical\" href=\"https:\/\/provencelovers.fr\/it\/museo-fotographia-nizza-charles-negre\/\" \/>\n<meta property=\"og:locale\" content=\"it_IT\" \/>\n<meta property=\"og:type\" content=\"article\" \/>\n<meta property=\"og:title\" content=\"Visita al Museo della Fotografia Charles N\u00e8gre (Nizza)\" \/>\n<meta property=\"og:description\" content=\"Scopra la nostra opinione sul Museo della Fotografia Charles N\u00e8gre di Nizza, la sua posizione in citt\u00e0 e le sue mostre temporanee.\" \/>\n<meta property=\"og:url\" content=\"https:\/\/provencelovers.fr\/it\/museo-fotographia-nizza-charles-negre\/\" \/>\n<meta property=\"og:site_name\" content=\"Provence Lovers\" \/>\n<meta property=\"article:published_time\" content=\"2023-05-05T06:51:26+00:00\" \/>\n<meta property=\"article:modified_time\" content=\"2026-03-23T16:42:20+00:00\" \/>\n<meta property=\"og:image\" content=\"https:\/\/provencelovers.fr\/wp-content\/uploads\/2023\/05\/visitare-museo-fotografia-nizza.jpg\" \/>\n\t<meta property=\"og:image:width\" content=\"800\" \/>\n\t<meta property=\"og:image:height\" content=\"600\" \/>\n\t<meta property=\"og:image:type\" content=\"image\/jpeg\" \/>\n<meta name=\"author\" content=\"Emmanuel ROBINSON\" \/>\n<meta name=\"twitter:card\" content=\"summary_large_image\" \/>\n<meta name=\"twitter:label1\" content=\"Scritto da\" \/>\n\t<meta name=\"twitter:data1\" content=\"Emmanuel ROBINSON\" \/>\n\t<meta name=\"twitter:label2\" content=\"Tempo di lettura stimato\" \/>\n\t<meta name=\"twitter:data2\" content=\"11 minuti\" \/>\n<script type=\"application\/ld+json\" class=\"yoast-schema-graph\">{\"@context\":\"https:\/\/schema.org\",\"@graph\":[{\"@type\":\"Article\",\"@id\":\"https:\/\/provencelovers.fr\/it\/museo-fotographia-nizza-charles-negre\/#article\",\"isPartOf\":{\"@id\":\"https:\/\/provencelovers.fr\/it\/museo-fotographia-nizza-charles-negre\/\"},\"author\":{\"name\":\"Emmanuel ROBINSON\",\"@id\":\"https:\/\/provencelovers.fr\/it\/#\/schema\/person\/3fb766e3f07b4d5ef2ea0ba6351ba5db\"},\"headline\":\"Visita al Museo della Fotografia Charles N\u00e8gre (Nizza)\",\"datePublished\":\"2023-05-05T06:51:26+00:00\",\"dateModified\":\"2026-03-23T16:42:20+00:00\",\"mainEntityOfPage\":{\"@id\":\"https:\/\/provencelovers.fr\/it\/museo-fotographia-nizza-charles-negre\/\"},\"wordCount\":2306,\"publisher\":{\"@id\":\"https:\/\/provencelovers.fr\/it\/#organization\"},\"image\":{\"@id\":\"https:\/\/provencelovers.fr\/it\/museo-fotographia-nizza-charles-negre\/#primaryimage\"},\"thumbnailUrl\":\"https:\/\/provencelovers.fr\/wp-content\/uploads\/2023\/05\/visitare-museo-fotografia-nizza.jpg\",\"articleSection\":[\"Nizza e dintorni\"],\"inLanguage\":\"it-IT\"},{\"@type\":\"WebPage\",\"@id\":\"https:\/\/provencelovers.fr\/it\/museo-fotographia-nizza-charles-negre\/\",\"url\":\"https:\/\/provencelovers.fr\/it\/museo-fotographia-nizza-charles-negre\/\",\"name\":\"Visita al Museo della Fotografia Charles N\u00e8gre (Nizza)\",\"isPartOf\":{\"@id\":\"https:\/\/provencelovers.fr\/it\/#website\"},\"primaryImageOfPage\":{\"@id\":\"https:\/\/provencelovers.fr\/it\/museo-fotographia-nizza-charles-negre\/#primaryimage\"},\"image\":{\"@id\":\"https:\/\/provencelovers.fr\/it\/museo-fotographia-nizza-charles-negre\/#primaryimage\"},\"thumbnailUrl\":\"https:\/\/provencelovers.fr\/wp-content\/uploads\/2023\/05\/visitare-museo-fotografia-nizza.jpg\",\"datePublished\":\"2023-05-05T06:51:26+00:00\",\"dateModified\":\"2026-03-23T16:42:20+00:00\",\"description\":\"Scopra la nostra opinione sul Museo della Fotografia Charles N\u00e8gre di Nizza, la sua posizione in citt\u00e0 e le sue mostre temporanee.\",\"breadcrumb\":{\"@id\":\"https:\/\/provencelovers.fr\/it\/museo-fotographia-nizza-charles-negre\/#breadcrumb\"},\"inLanguage\":\"it-IT\",\"potentialAction\":[{\"@type\":\"ReadAction\",\"target\":[\"https:\/\/provencelovers.fr\/it\/museo-fotographia-nizza-charles-negre\/\"]}]},{\"@type\":\"ImageObject\",\"inLanguage\":\"it-IT\",\"@id\":\"https:\/\/provencelovers.fr\/it\/museo-fotographia-nizza-charles-negre\/#primaryimage\",\"url\":\"https:\/\/provencelovers.fr\/wp-content\/uploads\/2023\/05\/visitare-museo-fotografia-nizza.jpg\",\"contentUrl\":\"https:\/\/provencelovers.fr\/wp-content\/uploads\/2023\/05\/visitare-museo-fotografia-nizza.jpg\",\"width\":800,\"height\":600,\"caption\":\"Visitare il Museo della Fotografia di Nizza\"},{\"@type\":\"BreadcrumbList\",\"@id\":\"https:\/\/provencelovers.fr\/it\/museo-fotographia-nizza-charles-negre\/#breadcrumb\",\"itemListElement\":[{\"@type\":\"ListItem\",\"position\":1,\"name\":\"Home\",\"item\":\"https:\/\/provencelovers.fr\/it\/\"},{\"@type\":\"ListItem\",\"position\":2,\"name\":\"Nizza e dintorni\",\"item\":\"https:\/\/provencelovers.fr\/it\/nizza-regione\/\"},{\"@type\":\"ListItem\",\"position\":3,\"name\":\"Visita al Museo della Fotografia Charles N\u00e8gre (Nizza)\"}]},{\"@type\":\"WebSite\",\"@id\":\"https:\/\/provencelovers.fr\/it\/#website\",\"url\":\"https:\/\/provencelovers.fr\/it\/\",\"name\":\"Provence Lovers\",\"description\":\"Per risvegliare i sensi in Provenza - Le blog de Claire et Manu\",\"publisher\":{\"@id\":\"https:\/\/provencelovers.fr\/it\/#organization\"},\"potentialAction\":[{\"@type\":\"SearchAction\",\"target\":{\"@type\":\"EntryPoint\",\"urlTemplate\":\"https:\/\/provencelovers.fr\/it\/?s={search_term_string}\"},\"query-input\":{\"@type\":\"PropertyValueSpecification\",\"valueRequired\":true,\"valueName\":\"search_term_string\"}}],\"inLanguage\":\"it-IT\"},{\"@type\":\"Organization\",\"@id\":\"https:\/\/provencelovers.fr\/it\/#organization\",\"name\":\"Provence Lovers\",\"url\":\"https:\/\/provencelovers.fr\/it\/\",\"logo\":{\"@type\":\"ImageObject\",\"inLanguage\":\"it-IT\",\"@id\":\"https:\/\/provencelovers.fr\/it\/#\/schema\/logo\/image\/\",\"url\":\"https:\/\/provencelovers.fr\/wp-content\/uploads\/2022\/11\/Blog-Provence-Lovers-Logos.png\",\"contentUrl\":\"https:\/\/provencelovers.fr\/wp-content\/uploads\/2022\/11\/Blog-Provence-Lovers-Logos.png\",\"width\":2707,\"height\":863,\"caption\":\"Provence Lovers\"},\"image\":{\"@id\":\"https:\/\/provencelovers.fr\/it\/#\/schema\/logo\/image\/\"}},{\"@type\":\"Person\",\"@id\":\"https:\/\/provencelovers.fr\/it\/#\/schema\/person\/3fb766e3f07b4d5ef2ea0ba6351ba5db\",\"name\":\"Emmanuel ROBINSON\",\"image\":{\"@type\":\"ImageObject\",\"inLanguage\":\"it-IT\",\"@id\":\"https:\/\/secure.gravatar.com\/avatar\/897632b7b4a4e190d0d38f0ad2f7acfbc9e8983aca4007a07fde256f9c794073?s=96&d=mm&r=g\",\"url\":\"https:\/\/secure.gravatar.com\/avatar\/897632b7b4a4e190d0d38f0ad2f7acfbc9e8983aca4007a07fde256f9c794073?s=96&d=mm&r=g\",\"contentUrl\":\"https:\/\/secure.gravatar.com\/avatar\/897632b7b4a4e190d0d38f0ad2f7acfbc9e8983aca4007a07fde256f9c794073?s=96&d=mm&r=g\",\"caption\":\"Emmanuel ROBINSON\"},\"sameAs\":[\"https:\/\/provencelovers.fr\/emmanuel-robinson\/\"],\"url\":\"https:\/\/provencelovers.fr\/it\/author\/emmanuel\/\"}]}<\/script>\n<!-- \/ Yoast SEO plugin. -->","yoast_head_json":{"title":"Visita al Museo della Fotografia Charles N\u00e8gre (Nizza)","description":"Scopra la nostra opinione sul Museo della Fotografia Charles N\u00e8gre di Nizza, la sua posizione in citt\u00e0 e le sue mostre temporanee.","robots":{"index":"index","follow":"follow","max-snippet":"max-snippet:-1","max-image-preview":"max-image-preview:large","max-video-preview":"max-video-preview:-1"},"canonical":"https:\/\/provencelovers.fr\/it\/museo-fotographia-nizza-charles-negre\/","og_locale":"it_IT","og_type":"article","og_title":"Visita al Museo della Fotografia Charles N\u00e8gre (Nizza)","og_description":"Scopra la nostra opinione sul Museo della Fotografia Charles N\u00e8gre di Nizza, la sua posizione in citt\u00e0 e le sue mostre temporanee.","og_url":"https:\/\/provencelovers.fr\/it\/museo-fotographia-nizza-charles-negre\/","og_site_name":"Provence Lovers","article_published_time":"2023-05-05T06:51:26+00:00","article_modified_time":"2026-03-23T16:42:20+00:00","og_image":[{"width":800,"height":600,"url":"https:\/\/provencelovers.fr\/wp-content\/uploads\/2023\/05\/visitare-museo-fotografia-nizza.jpg","type":"image\/jpeg"}],"author":"Emmanuel ROBINSON","twitter_card":"summary_large_image","twitter_misc":{"Scritto da":"Emmanuel ROBINSON","Tempo di lettura stimato":"11 minuti"},"schema":{"@context":"https:\/\/schema.org","@graph":[{"@type":"Article","@id":"https:\/\/provencelovers.fr\/it\/museo-fotographia-nizza-charles-negre\/#article","isPartOf":{"@id":"https:\/\/provencelovers.fr\/it\/museo-fotographia-nizza-charles-negre\/"},"author":{"name":"Emmanuel ROBINSON","@id":"https:\/\/provencelovers.fr\/it\/#\/schema\/person\/3fb766e3f07b4d5ef2ea0ba6351ba5db"},"headline":"Visita al Museo della Fotografia Charles N\u00e8gre (Nizza)","datePublished":"2023-05-05T06:51:26+00:00","dateModified":"2026-03-23T16:42:20+00:00","mainEntityOfPage":{"@id":"https:\/\/provencelovers.fr\/it\/museo-fotographia-nizza-charles-negre\/"},"wordCount":2306,"publisher":{"@id":"https:\/\/provencelovers.fr\/it\/#organization"},"image":{"@id":"https:\/\/provencelovers.fr\/it\/museo-fotographia-nizza-charles-negre\/#primaryimage"},"thumbnailUrl":"https:\/\/provencelovers.fr\/wp-content\/uploads\/2023\/05\/visitare-museo-fotografia-nizza.jpg","articleSection":["Nizza e dintorni"],"inLanguage":"it-IT"},{"@type":"WebPage","@id":"https:\/\/provencelovers.fr\/it\/museo-fotographia-nizza-charles-negre\/","url":"https:\/\/provencelovers.fr\/it\/museo-fotographia-nizza-charles-negre\/","name":"Visita al Museo della Fotografia Charles N\u00e8gre (Nizza)","isPartOf":{"@id":"https:\/\/provencelovers.fr\/it\/#website"},"primaryImageOfPage":{"@id":"https:\/\/provencelovers.fr\/it\/museo-fotographia-nizza-charles-negre\/#primaryimage"},"image":{"@id":"https:\/\/provencelovers.fr\/it\/museo-fotographia-nizza-charles-negre\/#primaryimage"},"thumbnailUrl":"https:\/\/provencelovers.fr\/wp-content\/uploads\/2023\/05\/visitare-museo-fotografia-nizza.jpg","datePublished":"2023-05-05T06:51:26+00:00","dateModified":"2026-03-23T16:42:20+00:00","description":"Scopra la nostra opinione sul Museo della Fotografia Charles N\u00e8gre di Nizza, la sua posizione in citt\u00e0 e le sue mostre temporanee.","breadcrumb":{"@id":"https:\/\/provencelovers.fr\/it\/museo-fotographia-nizza-charles-negre\/#breadcrumb"},"inLanguage":"it-IT","potentialAction":[{"@type":"ReadAction","target":["https:\/\/provencelovers.fr\/it\/museo-fotographia-nizza-charles-negre\/"]}]},{"@type":"ImageObject","inLanguage":"it-IT","@id":"https:\/\/provencelovers.fr\/it\/museo-fotographia-nizza-charles-negre\/#primaryimage","url":"https:\/\/provencelovers.fr\/wp-content\/uploads\/2023\/05\/visitare-museo-fotografia-nizza.jpg","contentUrl":"https:\/\/provencelovers.fr\/wp-content\/uploads\/2023\/05\/visitare-museo-fotografia-nizza.jpg","width":800,"height":600,"caption":"Visitare il Museo della Fotografia di Nizza"},{"@type":"BreadcrumbList","@id":"https:\/\/provencelovers.fr\/it\/museo-fotographia-nizza-charles-negre\/#breadcrumb","itemListElement":[{"@type":"ListItem","position":1,"name":"Home","item":"https:\/\/provencelovers.fr\/it\/"},{"@type":"ListItem","position":2,"name":"Nizza e dintorni","item":"https:\/\/provencelovers.fr\/it\/nizza-regione\/"},{"@type":"ListItem","position":3,"name":"Visita al Museo della Fotografia Charles N\u00e8gre (Nizza)"}]},{"@type":"WebSite","@id":"https:\/\/provencelovers.fr\/it\/#website","url":"https:\/\/provencelovers.fr\/it\/","name":"Provence Lovers","description":"Per risvegliare i sensi in Provenza - Le blog de Claire et Manu","publisher":{"@id":"https:\/\/provencelovers.fr\/it\/#organization"},"potentialAction":[{"@type":"SearchAction","target":{"@type":"EntryPoint","urlTemplate":"https:\/\/provencelovers.fr\/it\/?s={search_term_string}"},"query-input":{"@type":"PropertyValueSpecification","valueRequired":true,"valueName":"search_term_string"}}],"inLanguage":"it-IT"},{"@type":"Organization","@id":"https:\/\/provencelovers.fr\/it\/#organization","name":"Provence Lovers","url":"https:\/\/provencelovers.fr\/it\/","logo":{"@type":"ImageObject","inLanguage":"it-IT","@id":"https:\/\/provencelovers.fr\/it\/#\/schema\/logo\/image\/","url":"https:\/\/provencelovers.fr\/wp-content\/uploads\/2022\/11\/Blog-Provence-Lovers-Logos.png","contentUrl":"https:\/\/provencelovers.fr\/wp-content\/uploads\/2022\/11\/Blog-Provence-Lovers-Logos.png","width":2707,"height":863,"caption":"Provence Lovers"},"image":{"@id":"https:\/\/provencelovers.fr\/it\/#\/schema\/logo\/image\/"}},{"@type":"Person","@id":"https:\/\/provencelovers.fr\/it\/#\/schema\/person\/3fb766e3f07b4d5ef2ea0ba6351ba5db","name":"Emmanuel ROBINSON","image":{"@type":"ImageObject","inLanguage":"it-IT","@id":"https:\/\/secure.gravatar.com\/avatar\/897632b7b4a4e190d0d38f0ad2f7acfbc9e8983aca4007a07fde256f9c794073?s=96&d=mm&r=g","url":"https:\/\/secure.gravatar.com\/avatar\/897632b7b4a4e190d0d38f0ad2f7acfbc9e8983aca4007a07fde256f9c794073?s=96&d=mm&r=g","contentUrl":"https:\/\/secure.gravatar.com\/avatar\/897632b7b4a4e190d0d38f0ad2f7acfbc9e8983aca4007a07fde256f9c794073?s=96&d=mm&r=g","caption":"Emmanuel ROBINSON"},"sameAs":["https:\/\/provencelovers.fr\/emmanuel-robinson\/"],"url":"https:\/\/provencelovers.fr\/it\/author\/emmanuel\/"}]}},"featured_image_src":"https:\/\/provencelovers.fr\/wp-content\/uploads\/2023\/05\/visitare-museo-fotografia-nizza-600x400.jpg","featured_image_src_square":"https:\/\/provencelovers.fr\/wp-content\/uploads\/2023\/05\/visitare-museo-fotografia-nizza-600x600.jpg","author_info":{"display_name":"Emmanuel ROBINSON","author_link":"https:\/\/provencelovers.fr\/it\/author\/emmanuel\/"},"_links":{"self":[{"href":"https:\/\/provencelovers.fr\/it\/wp-json\/wp\/v2\/posts\/748","targetHints":{"allow":["GET"]}}],"collection":[{"href":"https:\/\/provencelovers.fr\/it\/wp-json\/wp\/v2\/posts"}],"about":[{"href":"https:\/\/provencelovers.fr\/it\/wp-json\/wp\/v2\/types\/post"}],"author":[{"embeddable":true,"href":"https:\/\/provencelovers.fr\/it\/wp-json\/wp\/v2\/users\/2"}],"replies":[{"embeddable":true,"href":"https:\/\/provencelovers.fr\/it\/wp-json\/wp\/v2\/comments?post=748"}],"version-history":[{"count":0,"href":"https:\/\/provencelovers.fr\/it\/wp-json\/wp\/v2\/posts\/748\/revisions"}],"wp:featuredmedia":[{"embeddable":true,"href":"https:\/\/provencelovers.fr\/it\/wp-json\/wp\/v2\/media\/733"}],"wp:attachment":[{"href":"https:\/\/provencelovers.fr\/it\/wp-json\/wp\/v2\/media?parent=748"}],"wp:term":[{"taxonomy":"category","embeddable":true,"href":"https:\/\/provencelovers.fr\/it\/wp-json\/wp\/v2\/categories?post=748"},{"taxonomy":"post_tag","embeddable":true,"href":"https:\/\/provencelovers.fr\/it\/wp-json\/wp\/v2\/tags?post=748"}],"curies":[{"name":"wp","href":"https:\/\/api.w.org\/{rel}","templated":true}]}}