{"id":14888,"date":"2026-08-10T14:48:08","date_gmt":"2026-08-10T12:48:08","guid":{"rendered":"https:\/\/provencelovers.fr\/cosa-fare-negli-alpilles-attrazioni\/"},"modified":"2026-08-10T17:13:58","modified_gmt":"2026-08-10T15:13:58","slug":"cosa-vedere-alpilles-attrazioni","status":"publish","type":"post","link":"https:\/\/provencelovers.fr\/it\/cosa-vedere-alpilles-attrazioni\/","title":{"rendered":"Cosa vedere nelle Alpilles: 10 idee (+ foto)"},"content":{"rendered":"\n<p class=\"wp-block-paragraph\">Le Alpilles costituiscono un piccolo massiccio calcareo situato tra Avignone, Arles e Salon-de-Provence. In questo territorio di dimensioni ridotte si trovano, uno accanto all\u2019altro, borghi arroccati, siti antichi, frantoi e paesaggi che hanno ispirato Van Gogh.<\/p>\n\n<p class=\"wp-block-paragraph\">In questo articolo vi presentiamo dieci luoghi imperdibili delle Alpilles, dal borgo arroccato di Les Baux-de-Provence alle stradine fiancheggiate da ulivi.  <\/p>\n\n<figure class=\"wp-block-image size-full\"><img decoding=\"async\" src=\"https:\/\/provencelovers.fr\/wp-content\/uploads\/2026\/08\/cosa-vedere-alpilles-attrazioni.jpg\" alt=\"Cosa fare nelle Alpilles: attrazioni da non perdere\" class=\"wp-image-14856\"\/><\/figure>\n\n<div class=\"wp-block-genesis-blocks-gb-container gb-block-container\"><div class=\"gb-container-inside\"><div class=\"gb-container-content\">\n<p class=\"wp-block-paragraph\">Questa guida \u00e8 completamente <strong>indipendente<\/strong>, basata sulle nostre esperienze. Abbiamo visitato la regione in modo anonimo, facendo le nostre scelte e pagando interamente le nostre fatture.<\/p>\n<\/div><\/div><\/div>\n\n<h2 class=\"wp-block-heading\">Vale la pena fare una deviazione per visitare le Alpilles?<\/h2>\n\n<p class=\"wp-block-paragraph\">S\u00ec, le Alpilles meritano una sosta prolungata durante un soggiorno in Provenza. Ci \u00e8 piaciuta molto questa combinazione: il castello medievale, la citt\u00e0 gallo-romana, il monastero legato a Van Gogh e le formazioni rocciose del massiccio!<br\/>\u00c8 una delle <a href=\"https:\/\/provencelovers.fr\/it\/dove-andare-provenza-destinazioni\/\" target=\"_blank\" rel=\"noreferrer noopener\">destinazioni pi\u00f9 belle della Provenza<\/a>.<\/p>\n\n<p class=\"wp-block-paragraph\">Vi consigliamo di prevedere almeno due giorni per godervi la regione senza fretta, sia che siate appassionati di escursioni, gastronomia o patrimonio culturale.<\/p>\n\n<figure class=\"wp-block-image size-large\"><img decoding=\"async\" src=\"https:\/\/photos.smugmug.com\/Provence-Lovers\/Baux-de-Provence\/n-M5J7zf\/Gallery-11122025-1926\/i-nFSFRvV\/0\/Lh6r7jNK8SQwq8BhPs2bGLgCzX686bq997QdzfHNr\/L\/chateau-beaux-de-provence-21-L.jpg\" alt=\"Panorama sulle Alpilles dal villaggio di Les Baux-de-Provence\"\/><\/figure>\n\n<h2 class=\"wp-block-heading\">Luoghi da non perdere nelle Alpilles<\/h2>\n\n<p class=\"wp-block-paragraph\">Se avete a disposizione pochissimo tempo per visitare le Alpilles, solo un giorno, vi consigliamo i seguenti luoghi per godervi i diversi aspetti della regione:  <\/p>\n\n<ol class=\"wp-block-list\">\n<li>Il borgo e il castello di Les Baux-de-Provence<\/li>\n\n\n\n<li>Il sito archeologico di Glanum<\/li>\n\n\n\n<li>I vicoli di Saint-R\u00e9my-de-Provence e il percorso sulle tracce di Van Gogh<\/li>\n\n\n\n<li>ed ecco una mappa di tutte le nostre attrazioni preferite:<\/li>\n<\/ol>\n\n<figure class=\"wp-block-image size-full\"><img decoding=\"async\" src=\"https:\/\/provencelovers.fr\/wp-content\/uploads\/2026\/08\/mappa-cosa-vedere-alpilles-attrazioni.jpg\" alt=\"mappa: cosa fare nelle Alpilles &#x2013; attrazioni da non perdere\" class=\"wp-image-14872\"\/><figcaption class=\"wp-element-caption\">Mappa: attrazioni delle Alpilles<\/figcaption><\/figure>\n\n<h2 class=\"wp-block-heading\">Come arrivare<\/h2>\n\n<p class=\"wp-block-paragraph\">Vengono organizzati tour con partenza dalle principali citt\u00e0 della Provenza (Arles, Aix-en-Provence, Nizza, Marsiglia: <a href=\"https:\/\/www.getyourguide.com\/les-baux-de-provence-l691\/?partner_id=R3GYW4V&amp;cmp=PL\" target=\"_blank\" rel=\"noreferrer noopener sponsored nofollow\">vedere le opzioni<\/a>), ma vi consigliamo di noleggiare un\u2019auto per poter ammirare i numerosi punti panoramici lungo il percorso e godervi il viaggio senza fretta.  <br\/>Ecco una mappa per aiutarla a trovare la strada:  <\/p>\n\n<ul class=\"wp-block-list\">\n<li><a href=\"https:\/\/provencelovers.fr\/it\/cosa-vedere-arles-visitare\/\" data-type=\"post\" data-id=\"12986\">Da Arles<\/a> a Saint-R\u00e9my-de-Provence = 40 min<\/li>\n\n\n\n<li>Da <a href=\"https:\/\/provencelovers.fr\/it\/cosa-vedere-aix-en-provence-visitare\/\" target=\"_blank\" rel=\"noreferrer noopener\">Aix-en-Provence<\/a> a Saint-R\u00e9my-de-Provence = 1 ora<\/li>\n\n\n\n<li>Da <a href=\"https:\/\/provencelovers.fr\/it\/cosa-vedere-marsiglia-visitare\/\" target=\"_blank\" rel=\"noreferrer noopener\">Marsiglia<\/a> a Saint-R\u00e9my-de-Provence = 1 ora e 15 minuti<\/li>\n\n\n\n<li><a href=\"https:\/\/provencelovers.fr\/it\/cosa-vedere-nizza\/\" target=\"_blank\" rel=\"noreferrer noopener\">Da Nizza<\/a> a Saint-R\u00e9my-de-Provence = 2 ore e 30 minuti<\/li>\n\n\n\n<li>Da Saint-R\u00e9my a Les Baux-de-Provence = 20 min<\/li>\n<\/ul>\n\n<figure class=\"wp-block-image size-large\"><img decoding=\"async\" src=\"https:\/\/provencelovers.fr\/wp-content\/uploads\/2026\/03\/mappa-Dove-andare-Provenza-migliori-destinazioni-1024x683.png\" alt=\"mappa della provenza migliori destinazioni da visitare\" class=\"wp-image-13259\"\/><figcaption class=\"wp-element-caption\">Mappa: Destinazioni della Provenza, con le Alpilles<\/figcaption><\/figure>\n\n<h2 class=\"wp-block-heading\">Dove alloggiare nelle Alpilles<\/h2>\n\n<div class=\"wp-block-genesis-blocks-gb-container box gb-block-container\" style=\"background-color:#f1e7fa;margin-top:8%;margin-bottom:8%\"><div class=\"gb-container-inside\"><div class=\"gb-container-content\" style=\"max-width:700px\">\n<div class=\"wp-block-genesis-blocks-gb-container box_titre gb-block-container\"><div class=\"gb-container-inside\"><div class=\"gb-container-content\">\n<h5 class=\"titre_box\" style=\"padding-top:10px;\">DOVE ALLOGIARE A <span class=\"titre_box_manuscrit\">Saint-R\u00e9my-de-Provence<\/span><\/h5>\n<\/div><\/div><\/div>\n\n\n\n<hr class=\"wp-block-separator has-text-color has-alpha-channel-opacity has-background is-style-wide hr-box-planif\" style=\"background-color:#ccd3dd;color:#ccd3dd\"\/>\n\n\n\n<div class=\"wp-block-columns box_sans_border has-background is-layout-flex wp-container-core-columns-is-layout-8f761849 wp-block-columns-is-layout-flex\" style=\"background-color:#f1e7fa\">\n<div class=\"wp-block-column texte_planif is-layout-flow wp-block-column-is-layout-flow\" style=\"font-size:14px;flex-basis:60%\">\n<p class=\"option_titre2 wp-block-paragraph\"><strong>I nostri preferiti: <\/strong><\/p>\n\n\n\n<ul class=\"wp-block-list\">\n<li>In citt\u00e0:<\/li>\n<\/ul>\n\n\n\n<p class=\"wp-block-paragraph\" style=\"font-size:16px\"><strong>Hotel Sous les Figuiers<\/strong> \u2013 <a href=\"https:\/\/www.booking.com\/hotel\/fr\/ha-tel-sous-les-figuiers.html?aid=2319618\" target=\"_blank\" rel=\"noreferrer noopener nofollow\">vedi foto e disponibilit\u00e0<\/a><br\/><strong>Hotel Mas des Carassins<\/strong> \u2013 <a href=\"https:\/\/www.booking.com\/hotel\/fr\/mas-des-carassins.html?aid=2319618\" target=\"_blank\" rel=\"noreferrer noopener nofollow\">vedi foto e disponibilit\u00e0<\/a><\/p>\n\n\n\n<ul class=\"wp-block-list\">\n<li>Nella campagna circostante:<\/li>\n<\/ul>\n\n\n\n<p class=\"wp-block-paragraph\" style=\"font-size:16px\"><strong>Hotel Ch\u00e2teau des Alpilles<\/strong> \u2013 <a href=\"https:\/\/www.booking.com\/hotel\/fr\/chateau-des-alpilles.html?aid=2319618\" target=\"_blank\" rel=\"noreferrer noopener nofollow\">vedi foto e disponibilit\u00e0<\/a><\/p>\n<\/div>\n\n\n\n<div class=\"wp-block-column is-vertically-aligned-top planif-radius is-layout-flow wp-block-column-is-layout-flow\" style=\"flex-basis:40%\">\n<figure class=\"wp-block-image size-large img-portrait\"><img decoding=\"async\" src=\"https:\/\/photos.smugmug.com\/Provence-Lovers\/Saint-Remy-de-Provence\/Hotels\/n-94SV7T\/Hotel-Sous-les-giguiers\/i-VFsscLp\/0\/NJC2HHsRzRxZQVPCLrs2Tcps7DBN3MZ3NHNhnmXzQ\/S\/Hotel_sous_Figuiers-S.jpg\" alt=\"Hotel Sous les figuiers\" title=\"\"\/><\/figure>\n<\/div>\n<\/div>\n\n\n\n<p class=\"has-text-align-center wp-block-paragraph\"><a href=\"https:\/\/provencelovers.fr\/it\/dove-alloggiare-saint-remy-de-provence-migliori-hotel-quartieri\/\">Scoprite la nostra selezione dei migliori hotel a Saint-R\u00e9my<\/a><\/p>\n\n\n\n<div class=\"wp-block-buttons planif_bouton is-content-justification-center is-layout-flex wp-container-core-buttons-is-layout-fe48e5de wp-block-buttons-is-layout-flex\">\n<div class=\"wp-block-button\"><a class=\"wp-block-button__link has-white-color has-text-color has-custom-font-size wp-element-button\" href=\"https:\/\/www.booking.com\/searchresults.html?city=-1468251&amp;nflt=review_score%253D90%253Breview_score%253D80&amp;aid=2319618&amp;no_rooms=1&amp;group_adults=2\" style=\"border-radius:4px;font-size:14px\" target=\"_blank\" rel=\"noreferrer noopener nofollow\">Visualizzare tutte le disponibilit\u00e0 a Saint-R\u00e9my &gt;<\/a><\/div>\n<\/div>\n<\/div><\/div><\/div>\n\n<h2 class=\"wp-block-heading\">1. Il borgo e il castello di Les Baux-de-Provence<\/h2>\n\n<figure class=\"wp-block-image size-large\"><img decoding=\"async\" src=\"https:\/\/photos.smugmug.com\/Provence-Lovers\/Baux-de-Provence\/n-M5J7zf\/Que-faire-village\/i-QV8MzJT\/0\/KzMVBPWSJQWc2Kd889rwcSKqPDpgdMhwCpRn9LVwm\/L\/que-faire-village-beaux-de-provence-01-L.jpg\" alt=\"Vista sul villaggio di Les Baux-de-Provence\"\/><\/figure>\n\n<h3 class=\"wp-block-heading\">Perch\u00e9 \u00e8 essenziale<\/h3>\n\n<p class=\"wp-block-paragraph\">Arroccato su uno sperone roccioso, il villaggio di Les Baux-de-Provence \u00e8 senza dubbio il luogo pi\u00f9 spettacolare delle Alpilles. Inserito tra i \u201cBorghi pi\u00f9 belli di Francia\u201d, conserva un labirinto di vicoli acciottolati fiancheggiati da palazzi rinascimentali, come l\u2019H\u00f4tel de Manville, oggi sede del municipio.  <\/p>\n\n<p class=\"wp-block-paragraph\">Ci \u00e8 piaciuto molto salire fino all&#8217;altopiano del Castello, che si estende su 5 ettari e offre un panorama a 360 gradi sulle Alpilles e sulla Camargue. Il sito ospita inoltre i resti della fortezza smantellata da Richelieu nel 1632: il mastio, le torri saracene, le abitazioni trogloditiche e le macchine da assedio ricostruite, come il trabucco.  <\/p>\n\n<figure class=\"wp-block-image size-large\"><img decoding=\"async\" src=\"https:\/\/photos.smugmug.com\/Provence-Lovers\/Baux-de-Provence\/n-M5J7zf\/Que-faire-village\/i-R2ThV8h\/0\/McVcCCFh2rBxSwb59PsSTRCFdTpSwr8GgnWwFV5VH\/L\/que-faire-village-beaux-de-provence-09-L.jpg\" alt=\"Vicolo del villaggio di Les Baux-de-Provence\"\/><\/figure>\n\n<p class=\"wp-block-paragraph\">Durante la discesa verso il paese, si prenda il tempo di ammirare la chiesa di Saint-Vincent, in parte scavata nella roccia, nonch\u00e9 la Cappella dei Penitenti Bianchi con i suoi affreschi firmati da Yves Brayer. La finestra rinascimentale denominata \u201cPost Tenebras Lux\u201d, in rue du Trencat, reca invece il motto calvinista ereditato dalle guerre di religione.<\/p>\n\n<figure class=\"wp-block-image size-large\"><img decoding=\"async\" src=\"https:\/\/photos.smugmug.com\/Provence-Lovers\/Baux-de-Provence\/n-M5J7zf\/Gallery-11122025-1926\/i-Cs5nH4k\/0\/McwZ7PvWzbxWjDtGG4cCWP4TGRCDCckGQDCHTFw49\/L\/chateau-beaux-de-provence-22-L.jpg\" alt=\"Rovine dello Ch&#xE2;teau des Baux e vista sulle montagne delle Alpilles\"\/><\/figure>\n\n<h3 class=\"wp-block-heading\">Consigli pratici<\/h3>\n\n<ul class=\"wp-block-list\">\n<li>Le consigliamo di prevedere almeno un&#8217;ora e mezza per la visita completa.<\/li>\n\n\n\n<li>Orari di apertura del castello: aperto tutto l\u2019anno, tutti i giorni, generalmente dalle 9:00 alle 18:00 &#8211; Prezzo: 10 \u20ac (tariffa intera per adulti) &#8211; sito ufficiale <a href=\"https:\/\/chateau-baux-provence.com\/\" target=\"_blank\" rel=\"noreferrer noopener\">qui<\/a><\/li>\n\n\n\n<li>Paese esclusivamente pedonale, con pavimentazione in pietra scivolosa: vi consigliamo di indossare scarpe comode<br\/>Visualizza le ultime notizie  <\/li>\n\n\n\n<li>Nel paese il parcheggio \u00e8 a pagamento e obbligatorio (circa 6 \u20ac all&#8217;ora)<\/li>\n\n\n\n<li>Per saperne di pi\u00f9, legga <a href=\"https:\/\/provencelovers.fr\/it\/visitare-chateau-baux-de-provence-castello\/\" target=\"_blank\" rel=\"noreferrer noopener\">il nostro articolo dedicato al castello<\/a><\/li>\n<\/ul>\n\n<div class=\"wp-block-genesis-blocks-gb-container box gb-block-container\" style=\"background-color:#f1e7fa;margin-top:8%;margin-bottom:8%\"><div class=\"gb-container-inside\"><div class=\"gb-container-content\">\n<div class=\"wp-block-columns inverse box_planif is-layout-flex wp-container-core-columns-is-layout-8f761849 wp-block-columns-is-layout-flex\">\n<div class=\"wp-block-column texte_planif is-layout-flow wp-block-column-is-layout-flow\" style=\"flex-basis:58%\">\n<h5 class=\"titre_box\">I NOSTRI CONSIGLI PER NOLEGGIARE UN&#8217;AUTO A <span class=\"titre_box_manuscrit\">\nProvence<\/span><\/h5>\n\n\n\n<ul style=\"font-size:14px\" class=\"wp-block-list liste_voiture\">\n<li>Confronti i prezzi sulla nostra piattaforma preferita: <a href=\"https:\/\/www.discovercars.com\/it\/france?a_aid=zigzag&amp;chan=PL\" target=\"_blank\" rel=\"noreferrer noopener sponsored nofollow\">DiscoverCars<\/a> &#8211; uno dei siti meglio valutati.<\/li>\n\n\n\n<li>Scelga un&#8217;<strong>auto abbastanza potente <\/strong>(le strade sono ripide) ma <strong>compatta<\/strong> (alcuni passaggi sono stretti).<\/li>\n\n\n\n<li>Si ricordi di stipulare un&#8217;<strong>assicurazione completa<\/strong> (alcune strade sono tortuose e strette).<\/li>\n\n\n\n<li>C&#8217;\u00e8 molta richiesta, quindi <strong>prenotate in anticipo<\/strong>.<\/li>\n<\/ul>\n<\/div>\n\n\n\n<div class=\"wp-block-column planif-radius-3 is-layout-flow wp-block-column-is-layout-flow\" style=\"flex-basis:42%\">\n<figure class=\"wp-block-image size-full is-resized\"><img loading=\"lazy\" decoding=\"async\" width=\"421\" height=\"533\" src=\"https:\/\/provencelovers.fr\/wp-content\/uploads\/2023\/05\/Vieux-Nice-ruelle-L.png\" alt=\"\" class=\"wp-image-1302\" title=\"\" srcset=\"https:\/\/provencelovers.fr\/wp-content\/uploads\/2023\/05\/Vieux-Nice-ruelle-L.png 421w, https:\/\/provencelovers.fr\/wp-content\/uploads\/2023\/05\/Vieux-Nice-ruelle-L-237x300.png 237w\" sizes=\"auto, (max-width: 421px) 100vw, 421px\" \/><\/figure>\n<\/div>\n<\/div>\n\n\n\n<div class=\"wp-block-columns planif_bouton is-layout-flex wp-container-core-columns-is-layout-8f761849 wp-block-columns-is-layout-flex\">\n<div class=\"wp-block-column is-layout-flow wp-block-column-is-layout-flow\" style=\"flex-basis:50%\">\n<div class=\"wp-block-buttons is-content-justification-center is-layout-flex wp-container-core-buttons-is-layout-fe48e5de wp-block-buttons-is-layout-flex\">\n<div class=\"wp-block-button\"><a class=\"wp-block-button__link has-white-color has-text-color has-custom-font-size wp-element-button\" href=\"https:\/\/www.discovercars.com\/fr\/france?a_aid=zigzag&amp;chan=PL\" style=\"border-radius:4px;font-size:14px\" target=\"_blank\" rel=\"noreferrer noopener\">Vedere le auto<img loading=\"lazy\" decoding=\"async\" width=\"16\" height=\"17\" class=\"wp-image-2851\" style=\"width: 16px;\" src=\"https:\/\/provencelovers.fr\/wp-content\/uploads\/2023\/08\/ArrowRight.webp\" alt=\"\"\/><\/a><\/div>\n<\/div>\n<\/div>\n\n\n\n<div class=\"wp-block-column is-vertically-aligned-center is-layout-flow wp-block-column-is-layout-flow\" style=\"flex-basis:50%\">\n<p class=\"has-text-align-center wp-block-paragraph\" style=\"font-size:14px\"><strong><a href=\"https:\/\/provencelovers.fr\/it\/come-noleggiare-auto-provenza\/\">Guardi i nostri consigli<\/a><\/strong><\/p>\n<\/div>\n<\/div>\n<\/div><\/div><\/div>\n\n<h2 class=\"wp-block-heading\">2. Sito archeologico di Glanum<\/h2>\n\n<figure class=\"wp-block-image size-large\"><img decoding=\"async\" src=\"https:\/\/photos.smugmug.com\/Provence-Lovers\/Saint-Remy-de-Provence\/n-kcDSfm\/Site-arch&#xE9;ologique-de-Glanum\/i-7RNXLMx\/0\/LxXbWF6KXrv9fhrj2fww4jPFBmNfSV8jpVt9cF4JF\/L\/IMG_3306-L.jpg\" alt=\"Sito archeologico di Glanum\"\/><\/figure>\n\n<h3 class=\"wp-block-heading\">Perch\u00e9 \u00e8 essenziale<\/h3>\n\n<p class=\"wp-block-paragraph\">All\u2019uscita sud di Saint-R\u00e9my-de-Provence, il sito di Glanum offre uno spaccato di duemila anni di storia. Questa citt\u00e0, fondata dai Galli e successivamente ampliata dai Romani, ha restituito, sin dall\u2019inizio degli scavi nel 1921, resti straordinariamente ben conservati: terme, foro, templi dedicati alle divinit\u00e0 e il santuario della sorgente sacra che ne ha determinato la fondazione.  <\/p>\n\n<p class=\"wp-block-paragraph\">Abbiamo percorso le strade con la pavimentazione originale ai piedi delle Alpilles, in una vallata che rende la visita tanto suggestiva dal punto di vista paesaggistico quanto storica. Ci ha particolarmente colpito la combinazione tra rovine archeologiche e maestose formazioni rocciose.<\/p>\n\n<figure class=\"wp-block-image size-large\"><img decoding=\"async\" src=\"https:\/\/photos.smugmug.com\/Provence-Lovers\/Saint-Remy-de-Provence\/n-kcDSfm\/Ville\/i-62jmnGR\/0\/NXFKLkNhmz6R2vMVp7K7w9H3BKQPxhmkFNNwqCB2P\/L\/que-faire-village-saint-remy-provence-17-L.jpg\" alt=\"Gli Antiques a Saint-R&#xE9;my-de-Provence\"\/><\/figure>\n\n<h3 class=\"wp-block-heading\">Consigli pratici<\/h3>\n\n<ul class=\"wp-block-list\">\n<li>Le consigliamo di prevedere almeno un&#8217;ora e mezza sul posto per visitare l&#8217;intero sito senza fretta.<\/li>\n\n\n\n<li>Orari di apertura di Glanum: dalle 9.30 alle 18.00 da aprile a settembre, dalle 10.00 alle 17.00 da ottobre a marzo (chiuso il luned\u00ec)<\/li>\n\n\n\n<li>Prezzo: 9 \u20ac (tariffa intera per adulti)<\/li>\n\n\n\n<li>Accessibilit\u00e0: la parte inferiore \u00e8 accessibile, ma raggiungere i belvedere pu\u00f2 risultare difficile in sedia a rotelle a causa del terreno sassoso e irregolare<\/li>\n\n\n\n<li>I monumenti antichi (Arco di Trionfo e Mausoleo dei Giulii): accesso libero e gratuito dalla strada D5, visibili sia di giorno che di notte poich\u00e9 illuminati<\/li>\n\n\n\n<li>Sito ufficiale di Glanum: <a href=\"https:\/\/www.site-glanum.fr\" target=\"_blank\" rel=\"noreferrer noopener nofollow\">qui<\/a><\/li>\n<\/ul>\n\n<h2 class=\"wp-block-heading\">3. Vicoli di Saint-R\u00e9my-de-Provence<\/h2>\n\n<figure class=\"wp-block-image size-large\"><img decoding=\"async\" src=\"https:\/\/photos.smugmug.com\/Provence-Lovers\/Saint-Remy-de-Provence\/n-kcDSfm\/Ville\/i-QZXHNZ5\/0\/KkStqCTJbgjbknWSDnkzjg7k57Gb2zstBrDfvTdvW\/L\/que-faire-village-saint-remy-provence-08-L.jpg\" alt=\"Centro storico di Saint-R&#xE9;my-de-Provence\"\/><\/figure>\n\n<h3 class=\"wp-block-heading\">Perch\u00e9 \u00e8 essenziale<\/h3>\n\n<p class=\"wp-block-paragraph\">A pochi minuti da Glanum, il centro storico di Saint-R\u00e9my-de-Provence offre un\u2019atmosfera pi\u00f9 urbana e raffinata rispetto a quella dei Baux. I vicoli ospitano gallerie d&#8217;arte, negozi di stilisti e palazzi signorili dei secoli XVII e XVIII, come l&#8217;H\u00f4tel de Lagoy o l&#8217;H\u00f4tel Mistral de Mondragon.  <\/p>\n\n<p class=\"wp-block-paragraph\">Abbiamo apprezzato Place Favier per la sua tranquillit\u00e0, cos\u00ec come la fontana dedicata a Nostradamus, nato in questa casa nel centro della citt\u00e0 nel XVI secolo.  <\/p>\n\n<figure class=\"wp-block-image size-large\"><img decoding=\"async\" src=\"https:\/\/photos.smugmug.com\/Provence-Lovers\/Saint-Remy-de-Provence\/n-kcDSfm\/Ville\/i-FZ2m4zN\/0\/NJHr78nKpppThfwzbWtQt6dtQ99x49W9cfkCpWxrQ\/L\/que-faire-village-saint-remy-provence-09-L.jpg\" alt=\"Mercato provenzale di Saint-R&#xE9;my-de-Provence\"\/><\/figure>\n\n<p class=\"wp-block-paragraph\">Il mercoled\u00ec mattina, la citt\u00e0 si anima con il suo mercato provenzale: bancarelle di lavanda, formaggi di capra, olive locali e frutta si susseguono dalle 8:00 alle 13:00 nelle vie del centro. Si consiglia di arrivare presto per evitare l&#8217;affollamento, soprattutto in estate.<\/p>\n\n<h3 class=\"wp-block-heading\">Consigli pratici<\/h3>\n\n<ul class=\"wp-block-list\">\n<li>Le consigliamo di effettuare la visita al mattino, poich\u00e9 molti negozi chiudono tra le 12:30 e le 15:00.  <\/li>\n\n\n\n<li>Il centro \u00e8 raggiungibile a piedi dai parcheggi alla periferia della citt\u00e0.<\/li>\n\n\n\n<li>Mercato provenzale: il mercoled\u00ec mattina, dalle 8:00 alle 13:00 circa<\/li>\n\n\n\n<li>Scopra di pi\u00f9 nel <a href=\"https:\/\/provencelovers.fr\/it\/cosa-vedere-borgo-saint-remy-de-provence-visitare\/\" target=\"_blank\" rel=\"noreferrer noopener\">nostro articolo dedicato<\/a><\/li>\n<\/ul>\n\n<div class=\"wp-block-genesis-blocks-gb-container box gb-block-container\" style=\"background-color:#fefefe;margin-top:6%;margin-bottom:6%\"><div class=\"gb-container-inside\"><div class=\"gb-container-content\" style=\"max-width:700px\">\n<div class=\"wp-block-columns inverse is-layout-flex wp-container-core-columns-is-layout-8f761849 wp-block-columns-is-layout-flex\">\n<div class=\"wp-block-column texte_planif is-layout-flow wp-block-column-is-layout-flow\" style=\"flex-basis:58%\">\n<h5 class=\"titre_box\">UN PO&#8217; PI\u00d9 DI <span class=\"titre_box_manuscrit\">pazienza<\/span><\/h5>\n\n\n\n<p class=\"wp-block-paragraph\" style=\"font-size:14px\">Tutte le foto, le mappe, le informazioni, i buoni indirizzi per rendere il <strong>suo soggiorno in Provenza<\/strong> un successo, saranno <strong>presto raccolti<\/strong> in un unico ebook!<\/p>\n<\/div>\n\n\n\n<div class=\"wp-block-column is-layout-flow wp-block-column-is-layout-flow\" style=\"flex-basis:42%\">\n<div class=\"wp-block-genesis-blocks-gb-container ebook-radius-waitlist gb-block-container\"><div class=\"gb-container-inside\"><div class=\"gb-container-content\"><div class=\"wp-block-image ebook-image\">\n<figure class=\"aligncenter size-large\"><img decoding=\"async\" src=\"https:\/\/loirelovers.fr\/wp-content\/uploads\/2023\/03\/ebooks_CorseNormandie_FR.png\" alt=\"Box Ebook Corsica FR\"\/><\/figure>\n<\/div><\/div><\/div><\/div>\n<\/div>\n<\/div>\n<\/div><\/div><\/div>\n\n<h2 class=\"wp-block-heading\">4. Escursioni nel Parco Naturale Regionale delle Alpilles<\/h2>\n\n<figure class=\"wp-block-image size-large\"><img decoding=\"async\" src=\"https:\/\/photos.smugmug.com\/Provence-Lovers\/Baux-de-Provence\/n-M5J7zf\/Gallery-11122025-1926\/i-Lb5cvwc\/0\/LrcSwwQCDNDTptHrkw64tkXk3kcqsrpfmJJZCgz4S\/L\/chateau-beaux-de-provence-16-L.jpg\" alt=\"Le rocce della Val d'Enfer nelle Alpilles\"\/><\/figure>\n\n<h3 class=\"wp-block-heading\">Perch\u00e9 \u00e8 essenziale<\/h3>\n\n<p class=\"wp-block-paragraph\">Il Parco Naturale Regionale delle Alpilles \u00e8 attraversato da una fitta rete di sentieri segnalati, tra la gariga, ulivi secolari e pareti di calcare bianco.  <\/p>\n\n<p class=\"wp-block-paragraph\">Da Saint-R\u00e9my-de-Provence, il Lago di Pe\u00efroou, un bacino artificiale realizzato alla fine del XIX secolo, costituisce un comodo punto di partenza per diversi itinerari. L&#8217;escursione che conduce al Rocher des Deux Trous segue un sentiero che attraversa un arco naturale caratterizzato da due aperture distintive, per poi raggiungere punti panoramici con vista aperta sulla pianura.  <\/p>\n\n<p class=\"wp-block-paragraph\">Potete inoltre visitare il Val d&#8217;Enfer, ai piedi del villaggio di Les Baux, dove l&#8217;erosione ha scolpito rocce dalle forme tormentate che, secondo quanto si dice, avrebbero ispirato Dante nella stesura dell&#8217;Inferno della Divina Commedia.  <\/p>\n\n<figure class=\"wp-block-image size-large\"><img decoding=\"async\" src=\"https:\/\/photos.smugmug.com\/Provence-Lovers\/Baux-de-Provence\/n-M5J7zf\/Que-faire-village\/i-xLmxQPX\/0\/MvqKGRHvJRT77znQvbRD6cd2db9KSx7JHKQ7WqbHk\/L\/que-faire-village-beaux-de-provence-23-L.jpg\" alt=\"La Roccia dei Due Buchi nei pressi del Lago di Pe&#xEF;roou\"\/><\/figure>\n\n<h3 class=\"wp-block-heading\">Consigli pratici<\/h3>\n\n<ul class=\"wp-block-list\">\n<li>Vi consigliamo di partire la mattina presto in estate, poich\u00e9 il massiccio \u00e8 molto esposto al sole e presenta poche zone d\u2019ombra.<\/li>\n\n\n\n<li>Le mappe dei sentieri sono disponibili presso l&#8217;Ufficio del Turismo di Saint-R\u00e9my-de-Provence e sul sito web del Parco<\/li>\n\n\n\n<li>Si raccomanda di portare con s\u00e9 acqua in abbondanza, un cappello e la crema solare, poich\u00e9 la gariga offre poca ombra<\/li>\n\n\n\n<li>Prevedete circa 2 ore e 30 minuti per il percorso ad anello del Val d&#8217;Enfer con partenza da Les Baux-de-Provence<\/li>\n\n\n\n<li>Si consigliano scarpe da trekking adeguate, poich\u00e9 il terreno \u00e8 sassoso<\/li>\n\n\n\n<li>Maggiori informazioni sul sito del <a href=\"https:\/\/www.parc-alpilles.fr\" target=\"_blank\" rel=\"noreferrer noopener nofollow\">Parco Naturale Regionale delle Alpilles<\/a> e su <a href=\"https:\/\/www.cheminsdesparcs.fr\/?categories=T1&amp;categories=T2&amp;categories=T3&amp;categories=T4\" target=\"_blank\" rel=\"noreferrer noopener nofollow\">Chemins des Parcs<\/a><\/li>\n<\/ul>\n\n<h2 class=\"wp-block-heading\">5. Carri\u00e8res de Lumi\u00e8res<\/h2>\n\n<figure class=\"wp-block-image size-large\"><img decoding=\"async\" src=\"https:\/\/photos.smugmug.com\/Provence-Lovers\/Baux-de-Provence\/n-M5J7zf\/Carri%C3%A8res-de-Lumi%C3%A8res\/i-Nd3sRCB\/0\/MtR5xXvZXqPjJxQQMxkN9zwHDcF4dCv2xNJbTQDfQ\/L\/perspective-carrieres-lumieres-baux-L.jpg\" alt=\"Carri&#xE8;res de Lumi&#xE8;res a Les Baux-de-Provence\"\/><\/figure>\n\n<h3 class=\"wp-block-heading\">Perch\u00e9 \u00e8 essenziale<\/h3>\n\n<p class=\"wp-block-paragraph\">Allestite in antiche cave di calcare ai piedi del villaggio di Les Baux, le Carri\u00e8res de Lumi\u00e8res proiettano opere dei grandi maestri su pareti alte 14 metri. I programmi cambiano ogni anno, spaziando da C\u00e9zanne a Kandinsky e Van Gogh a seconda delle edizioni.  <\/p>\n\n<p class=\"wp-block-paragraph\">Abbiamo trovato questa esperienza particolarmente piacevole nel pieno della calura estiva, dato che la temperatura interna si aggira intorno ai 14 \u00b0C durante tutto l\u2019anno. Le consigliamo di prenotare i biglietti online in anticipo, poich\u00e9 in estate l&#8217;affluenza potrebbe essere elevata.<\/p>\n\n<figure class=\"wp-block-image size-large\"><img decoding=\"async\" src=\"https:\/\/photos.smugmug.com\/Provence-Lovers\/Baux-de-Provence\/n-M5J7zf\/Carri&#xE8;res-de-Lumi&#xE8;res\/i-WfxqNwF\/0\/MKQzznNNdHr3MrhW46kChvJzGj7pmnZNFDktx8SGm\/L\/fraicheur-carrieres-lumieres-baux-L.jpg\" alt=\"\"\/><\/figure>\n\n<h3 class=\"wp-block-heading\">Consigli pratici<\/h3>\n\n<ul class=\"wp-block-list\">\n<li>Orari: dalle 9.30 alle 19.30 in estate, dalle 10.00 alle 18.00 in inverno<\/li>\n\n\n\n<li>Prezzo: 16,50 \u20ac &#8211; Ultime notizie sul sito ufficiale <a href=\"https:\/\/www.carrieres-lumieres.com\/\" target=\"_blank\" rel=\"noreferrer noopener nofollow\">qui<\/a><\/li>\n\n\n\n<li>Portare con s\u00e9 un indumento pesante anche d\u2019estate, dato che la temperatura ambiente si aggira intorno ai 14 \u00b0C<\/li>\n\n\n\n<li><a href=\"https:\/\/www.getyourguide.com\/fr-fr\/carrieres-de-lumieres-l135457\/?partner_id=R3GYW4V&amp;cmp=PL\" target=\"_blank\" rel=\"noreferrer noopener sponsored nofollow\">Prenoti per evitare la coda<\/a><\/li>\n\n\n\n<li>Scopra di pi\u00f9 nel <a href=\"https:\/\/provencelovers.fr\/it\/visitare-carrieres-lumieres-baux-provence\/\" target=\"_blank\" rel=\"noreferrer noopener\">nostro articolo dedicato<\/a><\/li>\n<\/ul>\n\n<div style=\"background-color:#ffffff;margin-top:8%;margin-bottom:8%\" class=\"wp-block-genesis-blocks-gb-container box gb-block-container\"><div class=\"gb-container-inside\"><div class=\"gb-container-content\" style=\"max-width:700px\">\n<div class=\"wp-block-columns is-not-stacked-on-mobile texte_planif has-background is-layout-flex wp-container-core-columns-is-layout-8f761849 wp-block-columns-is-layout-flex\" style=\"background-color:#9250d91a\">\n<div class=\"wp-block-column img_icone is-layout-flow wp-block-column-is-layout-flow\" style=\"flex-basis:25%\"><div class=\"wp-block-image image_icone\">\n<figure class=\"aligncenter size-full is-resized\"><img loading=\"lazy\" decoding=\"async\" width=\"400\" height=\"400\" src=\"https:\/\/provencelovers.fr\/wp-content\/uploads\/2026\/01\/provence-plane.png\" alt=\"aereo della provenza\" class=\"wp-image-12898\" style=\"object-fit:cover;width:100px;height:100px\" srcset=\"https:\/\/provencelovers.fr\/wp-content\/uploads\/2026\/01\/provence-plane.png 400w, https:\/\/provencelovers.fr\/wp-content\/uploads\/2026\/01\/provence-plane-300x300.png 300w, https:\/\/provencelovers.fr\/wp-content\/uploads\/2026\/01\/provence-plane-150x150.png 150w, https:\/\/provencelovers.fr\/wp-content\/uploads\/2026\/01\/provence-plane-75x75.png 75w\" sizes=\"auto, (max-width: 400px) 100vw, 400px\" \/><\/figure>\n<\/div><\/div>\n\n\n\n<div class=\"wp-block-column is-vertically-aligned-center paragraphe_une is-layout-flow wp-block-column-is-layout-flow\" style=\"flex-basis:90%\">\n<p class=\"wp-block-paragraph\" style=\"font-size:16px\">\u00c8 ora di prenotare!<br\/><a href=\"https:\/\/skyscanner.pxf.io\/dONaXy\" target=\"_blank\" rel=\"noreferrer noopener sponsored nofollow\"><strong>Confronta tutto:<\/strong> compagnie, prezzi, orari e disponibilit\u00e0.<\/a><\/p>\n<\/div>\n<\/div>\n<\/div><\/div><\/div>\n\n<h2 class=\"wp-block-heading\">6. Seguire le orme di Van Gogh<\/h2>\n\n<figure class=\"wp-block-image size-large\"><img decoding=\"async\" src=\"https:\/\/photos.smugmug.com\/Provence-Lovers\/Saint-Remy-de-Provence\/n-kcDSfm\/Monast&#xE8;re-Saint-Paul\/i-fm82fLn\/0\/MRTXsKRWk34tBwJ8wrX5pt4Zx5GDbfMvV7BtMSg4b\/L\/mus&#xE9;e-saint-remy-provence-2-L.jpg\" alt=\"Monastero di San Paolo di Mausole a Saint-R&#xE9;my-de-Provence\"\/><\/figure>\n\n<h3 class=\"wp-block-heading\">Perch\u00e9 \u00e8 essenziale<\/h3>\n\n<p class=\"wp-block-paragraph\">Vincent Van Gogh soggiorn\u00f2 di propria volont\u00e0 presso il Monastero di San Paolo di Mausole, a Saint-R\u00e9my-de-Provence, dal maggio 1889 al maggio 1890. Questo antico monastero del XII secolo, trasformato in centro di cura, conserva una stanza ricostruita in cui l\u2019artista dipinse alcuni dei suoi quadri pi\u00f9 famosi.  <\/p>\n\n<p class=\"wp-block-paragraph\">Abbiamo trovato il chiostro romanico particolarmente rilassante, tra colonne scolpite e giardino interno. Vi consigliamo di prolungare la visita con la Passeggiata nell\u2019universo di Van Gogh, un percorso pedonale di 1,5 km che collega il monastero al centro citt\u00e0, costeggiando i campi di ulivi e di grano che hanno ispirato il pittore.<\/p>\n\n<figure class=\"wp-block-image size-large\"><img decoding=\"async\" src=\"https:\/\/photos.smugmug.com\/Provence-Lovers\/Saint-Remy-de-Provence\/n-kcDSfm\/Ville\/i-rSvFBhJ\/0\/MD4ds7kkrZF8WjKQPptZM2JMvD8FZ2sK6dmLGLw5M\/L\/que-faire-village-saint-remy-provence-15-L.jpg\" alt=\"Passeggiata nell&#x2019;universo di Van Gogh\"\/><\/figure>\n\n<h3 class=\"wp-block-heading\">Consigli pratici<\/h3>\n\n<ul class=\"wp-block-list\">\n<li>Monastero di San Paolo di Mausole: aperto tutti i giorni dalle 9.30 alle 19.00 da aprile a settembre, dalle 10.15 alle 17.00 da ottobre a marzo<\/li>\n\n\n\n<li>Prezzo: 10 \u20ac (tariffa intera per adulti)<\/li>\n\n\n\n<li>Sito ufficiale: <a href=\"https:\/\/www.saintpauldemausole.fr\/\" target=\"_blank\" rel=\"noreferrer noopener nofollow\">qui<\/a><\/li>\n\n\n\n<li>Percorso Van Gogh: circa 1,5 km; la durata prevista \u00e8 di 30-40 minuti di camminata agevole; accesso libero e gratuito tutto l\u2019anno<\/li>\n\n\n\n<li>Scegliete preferibilmente il tardo pomeriggio per una luce simile a quella dei dipinti dell\u2019artista<\/li>\n<\/ul>\n\n<h2 class=\"wp-block-heading\">7. Alla scoperta della gastronomia<\/h2>\n\n<figure class=\"wp-block-image size-large\"><img decoding=\"async\" src=\"https:\/\/photos.smugmug.com\/Provence-Lovers\/Baux-de-Provence\/n-M5J7zf\/Village\/i-XRxf48d\/0\/LsJC5sDVqSWmcZNSDVDwXBnqpBvLDFvRtDNCRrf3d\/L\/ruines_moulin-L.jpg\" alt=\"Rovine del mulino delle Alpilles\"\/><\/figure>\n\n<p class=\"wp-block-paragraph\">La Valle dei Baux-de-Provence produce un olio d&#8217;oliva protetto da una Denominazione di Origine Protetta, rinomato ben oltre i confini della regione. \u00c8 possibile visitare diversi frantoi nei dintorni del massiccio, come il Moulin Castelas nei pressi di Les Baux, dove la degustazione consente di confrontare oli dagli aromi pi\u00f9 o meno fruttati. Maussane-les-Alpilles, soprannominata la capitale dell\u2019oliva, ospita numerosi frantoi tradizionali aperti al pubblico. La raccolta si svolge da novembre a gennaio, il periodo migliore per visitare un mulino in attivit\u00e0<\/p>\n\n<figure class=\"wp-block-image size-large\"><img decoding=\"async\" src=\"https:\/\/photos.smugmug.com\/Provence-Lovers\/Saint-Remy-de-Provence\/Mus&#xE9;es\/n-sJNZTh\/Mus&#xE9;e-des-Alpilles\/i-tbVNx2B\/0\/Nb5m9b4mxrvPf8BkPCCwx6wFtthSjxpK9SVWxGZdq\/L\/musee_alpilles_graines-L.jpg\" alt=\"I semi al Museo delle Alpilles\"\/><\/figure>\n\n<p class=\"wp-block-paragraph\">Al Museo delle Alpilles di Saint-R\u00e9my potrete inoltre approfondire la vostra conoscenza del territorio, dei semi della regione e delle tecniche agricole.<br\/>I mercati vi consentono di scoprire numerose specialit\u00e0 locali.<br\/>Oppure potete semplicemente godervi i buoni ristoranti della regione<\/p>\n\n<h2 class=\"wp-block-heading\">8. Eygali\u00e8res, un autentico villaggio provenzale<\/h2>\n\n<figure class=\"wp-block-image size-large\"><img decoding=\"async\" src=\"https:\/\/photos.smugmug.com\/Provence-Lovers\/n-rGbRdb\/Extra\/i-Fs3rCTQ\/0\/LScnWctrZvmqRLF92d3hDQ4ktJgQxtRKF7SPTCLXV\/L\/Eygalieres-L.jpg\" alt=\"Il villaggio di Eygali&#xE8;res nelle Alpilles\"\/><\/figure>\n\n<p class=\"wp-block-paragraph\">A circa quindici minuti da Saint-R\u00e9my, Eygali\u00e8res conserva un\u2019atmosfera pi\u00f9 intima rispetto alle localit\u00e0 vicine. Il paese si sviluppa attorno a un campanile del XVII secolo e a vicoli ripidi dove si annidano gallerie d\u2019arte contemporanea e ristoranti gastronomici.  <\/p>\n\n<p class=\"wp-block-paragraph\">Abbiamo apprezzato la salita fino alla Cappella di San Sisto, situata in posizione isolata su una collina ai margini del paese, da cui si gode di una vista panoramica sulla pianura e sulle Alpilles. Consigliamo inoltre il mercato della domenica mattina, pi\u00f9 tranquillo di quello di Saint-R\u00e9my, per osservare il ritmo provenzale lontano dal trambusto turistico.<\/p>\n\n<h2 class=\"wp-block-heading\">9. L&#8217;acquedotto romano di Barbegal<\/h2>\n\n<figure class=\"wp-block-image size-large\"><img decoding=\"async\" src=\"https:\/\/photos.smugmug.com\/Provence-Lovers\/n-rGbRdb\/Extra\/i-7zDvHPb\/0\/MJpxbxcDBn8kNkFbW7Ch2ZMvdG7zJBPrtJ5bP3qRq\/L\/Barbegal_aqueduct-L.jpg\" alt=\"Resti dell'acquedotto romano di Barbegal\"\/><\/figure>\n\n<h3 class=\"wp-block-heading\">Perch\u00e9 \u00e8 essenziale<\/h3>\n\n<p class=\"wp-block-paragraph\">I resti dell&#8217;acquedotto e del mulino di Barbegal figurano tra i siti archeologici meno conosciuti delle Alpilles, pur rappresentando una straordinaria impresa tecnica. In passato, il complesso alimentava sedici ruote a pale disposte su due file lungo un pendio, considerate una delle pi\u00f9 grandi concentrazioni di potenza meccanica dell\u2019antichit\u00e0. Abbiamo trovato il sito sorprendentemente tranquillo, in parte ricoperto di vegetazione, lontano dalle folle che si accalcano a Glanum o a Les Baux.  <\/p>\n\n<h3 class=\"wp-block-heading\">Consigli pratici<\/h3>\n\n<ul class=\"wp-block-list\">\n<li>Ingresso gratuito tutto l&#8217;anno<\/li>\n\n\n\n<li>Luogo all\u2019aperto, senza infrastrutture in loco: si raccomanda di portare con s\u00e9 dell\u2019acqua<\/li>\n\n\n\n<li>Situato a circa 10 minuti da Fontvieille e a 20 minuti da Arles<\/li>\n<\/ul>\n\n<h2 class=\"wp-block-heading\">10. L&#8217;Abbazia di Montmajour<\/h2>\n\n<figure class=\"wp-block-image size-large\"><img decoding=\"async\" src=\"https:\/\/photos.smugmug.com\/Provence-Lovers\/n-rGbRdb\/Extra\/i-v3GXNrm\/0\/LszpcXKz4f27PgSJT62x4rpPPHTKszHDBWx5ZsG7s\/L\/Abbaye_Montmajour-L.jpg\" alt=\"Abbazia di Montmajour, nei pressi di Arles\"\/><\/figure>\n\n<h3 class=\"wp-block-heading\">Perch\u00e9 \u00e8 essenziale<\/h3>\n\n<p class=\"wp-block-paragraph\">Costruita su un antico isolotto roccioso circondato da paludi, l\u2019Abbazia di Montmajour domina oggi la pianura tra Arles e Fontvieille. Fondata nel X secolo da monaci benedettini, conserva una chiesa abbaziale romanica, un chiostro e una cripta scavata direttamente nella roccia.  <\/p>\n\n<p class=\"wp-block-paragraph\">Siamo saliti fino alla Torre dell\u2019Abb\u00e9, aggiunta nel XIV secolo, per goderci una vista panoramica sulle Alpilles e sulla Camargue. Abbiamo inoltre individuato, a poche centinaia di metri di distanza, la piccola Cappella di Santa Croce, isolata nel mezzo di un antico cimitero rupestre. L&#8217;abbazia \u00e8 nota anche per aver ispirato diversi dipinti di Van Gogh, che amava passeggiare in quella zona partendo da Arles.<\/p>\n\n<figure class=\"wp-block-image size-large\"><img decoding=\"async\" src=\"https:\/\/photos.smugmug.com\/Provence-Lovers\/n-rGbRdb\/Extra\/i-c3t4xrq\/0\/NBtLhcqbh9rqqQL2f5GS8hZ8pfC9T4sdkLVb7KhfT\/L\/Abbaye_Montmajour_2-L.jpg\" alt=\"Chiostro\"\/><\/figure>\n\n<h3 class=\"wp-block-heading\">Consigli pratici<\/h3>\n\n<ul class=\"wp-block-list\">\n<li>Aperta tutto l&#8217;anno, chiusa alcuni luned\u00ec fuori stagione: si consiglia di verificare gli orari prima di partire<\/li>\n\n\n\n<li>Prevedete circa un\u2019ora per la visita<\/li>\n\n\n\n<li>Splendida vista dalla Torre dell\u2019Abb\u00e9, accessibile tramite una stretta scalinata<\/li>\n\n\n\n<li>Prezzo: 7 euro<\/li>\n\n\n\n<li>Orari: dalle 9:00 alle 18:15 da giugno a settembre &#8211; consultate <a href=\"https:\/\/www.abbaye-montmajour.fr\/visiter\/informations-pratiques\" target=\"_blank\" rel=\"noreferrer noopener nofollow\">qui<\/a> tutti gli orari<\/li>\n<\/ul>\n\n<figure class=\"wp-block-image size-large\"><img decoding=\"async\" src=\"https:\/\/photos.smugmug.com\/Provence-Lovers\/Baux-de-Provence\/n-M5J7zf\/Que-faire-village\/i-Qq5TXXR\/0\/MGfhFRSGxJsh2fTmFxQwxSjxqHr6BTKM3xvpJQ3qR\/L\/rochers_Alpilles-L.jpg\" alt=\"Vallon nelle Alpilles\"\/><\/figure>\n\n<div class=\"wp-block-genesis-blocks-gb-container box gb-block-container\" style=\"background-color:#f1e7fa;margin-top:8%;margin-bottom:8%\"><div class=\"gb-container-inside\"><div class=\"gb-container-content\">\n<div class=\"wp-block-columns inverse is-layout-flex wp-container-core-columns-is-layout-8f761849 wp-block-columns-is-layout-flex\">\n<div class=\"wp-block-column texte_planif is-layout-flow wp-block-column-is-layout-flow\" style=\"flex-basis:58%\">\n<h5 class=\"titre_box\">SCOPRIRE <span class=\"titre_box_manuscrit\">le Alpilles<\/span><\/h5>\n\n\n\n<ul class=\"wp-block-list\">\n<li style=\"font-size:16px\"><a href=\"https:\/\/provencelovers.fr\/it\/cosa-vedere-alpilles-attrazioni\/\" data-type=\"post\" data-id=\"14766\" target=\"_blank\" rel=\"noreferrer noopener\">Attrazioni nelle Alpilles<\/a><\/li>\n\n\n\n<li style=\"font-size:16px\"><a href=\"https:\/\/provencelovers.fr\/it\/cosa-vedere-borgo-baux-de-provence-visitare\/\" data-type=\"post\" data-id=\"12803\" target=\"_blank\" rel=\"noreferrer noopener\">Cosa fare a Les Baux-de-Provence<\/a><\/li>\n\n\n\n<li style=\"font-size:16px\"><a href=\"https:\/\/provencelovers.fr\/it\/cosa-vedere-borgo-saint-remy-de-provence-visitare\/\" data-type=\"post\" data-id=\"12810\" target=\"_blank\" rel=\"noreferrer noopener\">Cosa fare a Saint-R\u00e9my-de-Provence<\/a><\/li>\n\n\n\n<li style=\"font-size:16px\"><a href=\"https:\/\/provencelovers.fr\/it\/dove-alloggiare-saint-remy-de-provence-migliori-hotel-quartieri\/\" data-type=\"post\" data-id=\"15215\" target=\"_blank\" rel=\"noreferrer noopener\">I migliori hotel a Saint-R\u00e9my<\/a><\/li>\n\n\n\n<li style=\"font-size:16px\"><a href=\"https:\/\/provencelovers.fr\/it\/visitare-carrieres-lumieres-baux-provence\/\" data-type=\"post\" data-id=\"12638\" target=\"_blank\" rel=\"noreferrer noopener\">Carri\u00e8res des Lumi\u00e8res<\/a><\/li>\n\n\n\n<li style=\"font-size:16px\">Glanum<\/li>\n<\/ul>\n<\/div>\n\n\n\n<div class=\"wp-block-column ville-radius is-layout-flow wp-block-column-is-layout-flow\" style=\"flex-basis:42%\">\n<figure class=\"wp-block-image size-large is-resized img-portrait\"><img decoding=\"async\" src=\"https:\/\/photos.smugmug.com\/Provence-Lovers\/Baux-de-Provence\/n-M5J7zf\/Village\/i-F4cTnTs\/0\/M6Rr22XgJ65XgkzQVxVcT8WjN6DTpvFJJ7QnJ446p\/S\/paysage%20village%20Baux-de-Provence%20-S.jpg\" alt=\"Les Baux-de-Provence\" style=\"width:319px;height:303px\" title=\"\"\/><\/figure>\n<\/div>\n<\/div>\n<\/div><\/div><\/div>\n\n<h2 class=\"wp-block-heading\">Altri villaggi e attrazioni da scoprire nelle Alpilles<\/h2>\n\n<p class=\"wp-block-paragraph\">Oltre ai dieci luoghi imperdibili, diversi villaggi meritano una sosta se avete pi\u00f9 tempo a disposizione.<\/p>\n\n<ul class=\"wp-block-list\">\n<li><strong>Maussane-les-Alpilles:<\/strong> un tranquillo paesino famoso per i suoi frantoi e il suo mercato provenzale<\/li>\n\n\n\n<li><strong>Fontvieille:<\/strong> paese natale del \u201cMoulin de Daudet\u201d, che ha ispirato *Lettres de mon Moulin*, e punto di partenza per l\u2019acquedotto di Barbegal<\/li>\n\n\n\n<li><strong>Mouri\u00e8s:<\/strong> capoluogo della denominazione di origine controllata (AOC) Vall\u00e9e des Baux-de-Provence, nota per la sua Festa dell\u2019Oliva Verde che si tiene a settembre<\/li>\n\n\n\n<li><strong>Orgon: paese <\/strong>situato all\u2019estremit\u00e0 settentrionale delle Alpilles, dominato dalla Cappella di Notre-Dame de Beauregard e dal suo panorama sulla valle della Durance<\/li>\n\n\n\n<li><strong>Golf di Servanes:<\/strong> un campo da golf a 18 buche situato nei pressi di Mouri\u00e8s, tra pini e ulivi<\/li>\n\n\n\n<li><strong>I vigneti della DOC Baux-de-Provence:<\/strong> tenute come il Mas de la Dame, pioniere della viticoltura biologica, o il Mas Sainte-Berthe, apprezzato per la vendemmia manuale, offrono visite guidate e degustazioni<\/li>\n<\/ul>\n\n<figure class=\"wp-block-image size-large\"><img decoding=\"async\" src=\"https:\/\/photos.smugmug.com\/Provence-Lovers\/Baux-de-Provence\/n-M5J7zf\/Gallery-11122025-1926\/i-5Xc96zB\/0\/KvFqR4HHzvmhnpC8GqkD34wMbZS5wD7wCbV47sFfJ\/L\/chateau-beaux-de-provence-30-L.jpg\" alt=\"Castello di Les Baux-de-Provence\"\/><\/figure>\n\n<h2 class=\"wp-block-heading\">Visitare le Alpilles<\/h2>\n\n<h3 class=\"wp-block-heading\">Come muoversi<\/h3>\n\n<p class=\"wp-block-paragraph\">L&#8217;auto rimane il mezzo pi\u00f9 pratico per esplorare le Alpilles, dato che i villaggi distano tra loro dai 10 ai 20 minuti. Le stazioni TGV pi\u00f9 vicine sono quelle di Avignone e di Arles.  <\/p>\n\n<p class=\"wp-block-paragraph\">In estate, gli autobus della rete ZOU! collegano alcuni villaggi come Les Baux-de-Provence, ma gli orari rimangono limitati fuori stagione. Le consigliamo di controllare gli orari prima di partire, se intende utilizzare i mezzi pubblici.<br\/>Inoltre, vengono organizzati tour con partenza dalle principali citt\u00e0 della Provenza (Arles, Aix-en-Provence, Nizza, Marsiglia): <a href=\"https:\/\/www.getyourguide.com\/les-baux-de-provence-l691\/?partner_id=R3GYW4V&amp;cmp=PL\" target=\"_blank\" rel=\"noreferrer noopener sponsored nofollow\">consultate le opzioni<\/a> disponibili<\/p>\n\n<p class=\"wp-block-paragraph\">Da parte nostra, abbiamo sempre preferito l\u2019auto, che consente di visitare diversi villaggi nello stesso giorno.  <\/p>\n\n<figure class=\"wp-block-image size-large\"><img decoding=\"async\" src=\"https:\/\/photos.smugmug.com\/Provence-Lovers\/Baux-de-Provence\/n-M5J7zf\/Village\/i-jmSDnZ6\/0\/M7VSLjRcJXZPb2VWNBnDjzBTWJGnhnsXBDX5VJGM9\/L\/route_acces_Baux-L.jpg\" alt=\"strada tra Saint-R&#xE9;my e Les Baux\"\/><\/figure>\n\n<h3 class=\"wp-block-heading\">Parcheggio<\/h3>\n\n<p class=\"wp-block-paragraph\">La situazione dei parcheggi varia notevolmente da un paese all\u2019altro. A Les Baux-de-Provence, l&#8217;accesso al centro storico \u00e8 a pagamento e obbligatorio. A Saint-R\u00e9my-de-Provence, diversi parcheggi gratuiti circondano il centro storico, in particolare sul Boulevard Marceau, in Place de la R\u00e9publique e sull\u2019Avenue Fr\u00e9d\u00e9ric Mistral. Il centro di Saint-R\u00e9my, interamente pedonale, rende piacevole la passeggiata una volta parcheggiata l\u2019auto. Le consigliamo di arrivare prima delle 9:00 in estate e nei giorni di mercato per trovare facilmente un posto.<\/p>\n\n<figure class=\"wp-block-image size-large\"><img decoding=\"async\" src=\"https:\/\/photos.smugmug.com\/Provence-Lovers\/Saint-Remy-de-Provence\/n-kcDSfm\/Ville\/i-n4sQ4mx\/0\/KsVzK2brfr4wppwBKfqXWvqgrcRvBPJ2ttjvhnvzX\/L\/que-faire-village-saint-remy-provence-12-L.jpg\" alt=\"Parcheggio a Saint-R&#xE9;my\"\/><\/figure>\n\n<h2 class=\"wp-block-heading\">Consigli utili per visitare le Alpilles<\/h2>\n\n<h3 class=\"wp-block-heading\">Quanto tempo occorre prevedere e qual \u00e8 la stagione migliore<\/h3>\n\n<p class=\"wp-block-paragraph\">Una giornata \u00e8 sufficiente per scoprire le attrazioni imperdibili di un singolo paese, ma vi consigliamo di prevedere da tre a quattro giorni per esplorare l\u2019intero massiccio con calma. La primavera e la bassa stagione, tra aprile e giugno e poi a settembre-ottobre, offrono temperature piacevoli e un afflusso turistico inferiore rispetto all\u2019estate.<\/p>\n\n<h3 class=\"wp-block-heading\">Visitare le Alpilles con la famiglia<\/h3>\n\n<p class=\"wp-block-paragraph\">I bambini apprezzano particolarmente il Castello di Les Baux, dove le ricostruzioni delle macchine d\u2019assedio e le rievocazioni medievali primaverili ed estive catturano facilmente la loro attenzione. Il sito di Glanum, con le sue rovine all\u2019altezza dei bambini, stimola anche la fantasia. Abbiamo inoltre provato la Passeggiata di Van Gogh, accessibile anche ai pi\u00f9 piccoli grazie al suo percorso pianeggiante e ai cartelli illustrati. Raccomandiamo infine le Carri\u00e8res de Lumi\u00e8res, il cui spettacolo immersivo affascina grandi e piccini.<\/p>\n\n<h3 class=\"wp-block-heading\">Cosa vedere quando piove<\/h3>\n\n<p class=\"wp-block-paragraph\">In caso di pioggia, le Carri\u00e8res de Lumi\u00e8res rappresentano comunque una scelta sicura, poich\u00e9 lo spettacolo si svolge interamente al chiuso. Anche i musei di Saint-R\u00e9my-de-Provence e dei Baux, come il Museo degli Alpilles, l\u2019H\u00f4tel de Sade o il Museo dei Santons, offrono un piacevole rifugio. Evitiamo invece di visitare il Castello di Les Baux in caso di maltempo, poich\u00e9 si tratta di un sito all\u2019aperto ed esposto al vento. Si raccomanda inoltre di prestare attenzione sui ciottoli dei vicoli, che diventano scivolosi in caso di pioggia.<\/p>\n\n<h2 class=\"wp-block-heading\">Domande frequenti<\/h2>\n\n<h3 class=\"wp-block-heading\">Qual \u00e8 il paese pi\u00f9 bello delle Alpilles?<\/h3>\n\n<p class=\"wp-block-paragraph\">La scelta dipende dalle vostre priorit\u00e0. Les Baux-de-Provence offre il panorama pi\u00f9 spettacolare, con il suo castello arroccato; Saint-R\u00e9my-de-Provence affascina per il suo patrimonio storico e la sua atmosfera pi\u00f9 urbana, mentre Eygali\u00e8res attira gli amanti della tranquillit\u00e0 e della gastronomia.<\/p>\n\n<h3 class=\"wp-block-heading\">\u00c8 possibile raggiungere le Alpilles senza auto?<\/h3>\n\n<p class=\"wp-block-paragraph\">\u00c8 difficile esplorare l&#8217;intero massiccio. Dalle stazioni TGV di Avignone e Arles \u00e8 possibile raggiungere alcuni villaggi in autobus, ma i collegamenti rimangono limitati, soprattutto al di fuori della stagione estiva.<\/p>\n\n<div class=\"wp-block-genesis-blocks-gb-container box gb-block-container\" style=\"margin-top:8%;margin-bottom:8%\"><div class=\"gb-container-inside\"><div class=\"gb-container-content\" style=\"max-width:700px\">\n<div class=\"wp-block-genesis-blocks-gb-container box_titre gb-block-container\"><div class=\"gb-container-inside\"><div class=\"gb-container-content\">\n<h5 class=\"titre_box\" style=\"padding-top:10px;\">PIANIFICHI IL SUO VIAGGIO IN <span class=\"titre_box_manuscrit\">Provenza<\/span><\/h5>\n<\/div><\/div><\/div>\n\n\n\n<hr class=\"wp-block-separator has-text-color has-alpha-channel-opacity has-background is-style-wide hr-box-planif\" style=\"background-color:#ccd3dd;color:#ccd3dd\"\/>\n\n\n\n<div class=\"wp-block-columns box_sans_border is-layout-flex wp-container-core-columns-is-layout-8f761849 wp-block-columns-is-layout-flex\">\n<div class=\"wp-block-column texte_planif is-layout-flow wp-block-column-is-layout-flow\" style=\"font-size:14px;flex-basis:60%\">\n<ul class=\"wp-block-list\">\n<li><strong>Ispirazione<\/strong><\/li>\n<\/ul>\n\n\n\n<p class=\"wp-block-paragraph\" style=\"font-size:14px\"><a type=\"post\" href=\"https:\/\/provencelovers.fr\/it\/cosa-vedere-provenza-attrazioni\/\" id=\"12105\" target=\"_blank\" rel=\"noreferrer noopener\">Cosa vedere in Provenza<\/a><br\/><a href=\"https:\/\/provencelovers.fr\/it\/le-citta-piu-belle-della-provenza\/\" data-type=\"post\" data-id=\"12924\" target=\"_blank\" rel=\"noreferrer noopener\">Le citt\u00e0 pi\u00f9 belle della Provenza<\/a><br\/><a type=\"post\" href=\"https:\/\/provencelovers.fr\/it\/migliori-borghi-provenza\/\" id=\"12926\" target=\"_blank\" rel=\"noreferrer noopener\">I villaggi pi\u00f9 belli<\/a><br\/>I castelli pi\u00f9 belli<br\/><a type=\"post\" href=\"https:\/\/provencelovers.fr\/it\/dove-andare-provenza-destinazioni\/\" id=\"12925\" target=\"_blank\" rel=\"noreferrer noopener\">Le migliori destinazioni<\/a><\/p>\n<\/div>\n\n\n\n<div class=\"wp-block-column is-vertically-aligned-top planif-radius is-layout-flow wp-block-column-is-layout-flow\" style=\"flex-basis:40%\">\n<figure class=\"wp-block-image size-large img-portrait\"><img decoding=\"async\" src=\"https:\/\/photos.smugmug.com\/Provence-Lovers\/Antibes\/n-mKVLR5\/Port-Ponteil\/i-38NGtcB\/0\/f2464217\/S\/plage_ponteil_vue-S.jpg\" alt=\"Antibes e le montagne\" title=\"\"\/><\/figure>\n<\/div>\n<\/div>\n\n\n\n<hr class=\"wp-block-separator has-text-color has-alpha-channel-opacity has-background is-style-wide hr-box-planif\" style=\"background-color:#ccd3dd;color:#ccd3dd\"\/>\n\n\n\n<div class=\"wp-block-columns box_sans_border is-layout-flex wp-container-core-columns-is-layout-8f761849 wp-block-columns-is-layout-flex\">\n<div class=\"wp-block-column texte_planif is-layout-flow wp-block-column-is-layout-flow\" style=\"font-size:14px;flex-basis:60%\">\n<ul class=\"wp-block-list\">\n<li><strong>Consigli pratici<\/strong><\/li>\n<\/ul>\n\n\n\n<p class=\"wp-block-paragraph\" style=\"font-size:14px\"><a href=\"https:\/\/provencelovers.fr\/it\/come-noleggiare-auto-provenza\/\">Noleggi un&#8217;auto in Provenza<\/a> &#8211; a <a href=\"https:\/\/provencelovers.fr\/it\/come-noleggiare-auto-nizza-aeroporto-stazione\/\">Nizza<\/a> &#8211; a <a href=\"https:\/\/provencelovers.fr\/it\/come-noleggiare-auto-cannes-stazione\/\">Cannes<\/a> &#8211; a <a href=\"https:\/\/provencelovers.fr\/it\/come-noleggiare-auto-marsiglia-aeroporto-stazione\/\">Marsiglia<\/a> &#8211; ad <a href=\"https:\/\/provencelovers.fr\/it\/come-noleggiare-auto-aix-provence-stazione\/\">Aix-en-Provence<\/a>.<\/p>\n\n\n\n<p class=\"wp-block-paragraph\" style=\"font-size:14px\">Itinerari: 5 giorni &#8211; 1 settimana &#8211; 10 giorni  <br\/>Idee per il fine settimana: il meglio &#8211; romantiche &#8211; di lusso &#8211; insolite  <\/p>\n<\/div>\n\n\n\n<div class=\"wp-block-column is-vertically-aligned-top planif-radius is-layout-flow wp-block-column-is-layout-flow\" style=\"flex-basis:40%\">\n<figure class=\"wp-block-image size-large img-portrait\"><img decoding=\"async\" src=\"https:\/\/photos.smugmug.com\/Provence-Lovers\/Nice\/n-wSXLpq\/Gare\/i-b5C5b9P\/0\/d153a796\/S\/gare-tgv-nice-train-S.jpg\" alt=\"Stazione Nizza\" title=\"\"\/><\/figure>\n<\/div>\n<\/div>\n\n\n\n<hr class=\"wp-block-separator has-text-color has-alpha-channel-opacity has-background is-style-wide hr-box-planif\" style=\"background-color:#ccd3dd;color:#ccd3dd\"\/>\n\n\n\n<div class=\"wp-block-columns box_sans_border is-layout-flex wp-container-core-columns-is-layout-8f761849 wp-block-columns-is-layout-flex\">\n<div class=\"wp-block-column texte_planif is-layout-flow wp-block-column-is-layout-flow\" style=\"flex-basis:60%\">\n<ul class=\"wp-block-list\">\n<li><strong>Dove alloggiare<\/strong><\/li>\n<\/ul>\n\n\n\n<p class=\"wp-block-paragraph\" style=\"font-size:14px\">Dove alloggiare in Provenza<br\/>I migliori hotel di lusso<\/p>\n<\/div>\n\n\n\n<div class=\"wp-block-column is-vertically-aligned-top planif-radius is-layout-flow wp-block-column-is-layout-flow\" style=\"flex-basis:40%\">\n<figure class=\"wp-block-image size-large img-portrait\"><img decoding=\"async\" src=\"https:\/\/photos.smugmug.com\/Provence-Lovers\/Nice\/H&#xF4;tels\/n-vLRxMK\/H&#xF4;tel-Anantara-Plaza-Nice\/i-2LsgGht\/1\/4997b805\/S\/Hotel-Anantara-Plaza-Nice-vue-mer-terrasse-restaurant-S.jpg\" alt=\"\" title=\"\"\/><\/figure>\n<\/div>\n<\/div>\n\n\n\n<hr class=\"wp-block-separator has-text-color has-alpha-channel-opacity has-background is-style-wide hr-box-planif\" style=\"background-color:#ccd3dd;color:#ccd3dd\"\/>\n\n\n\n<div class=\"wp-block-columns box_sans_border is-layout-flex wp-container-core-columns-is-layout-8f761849 wp-block-columns-is-layout-flex\">\n<div class=\"wp-block-column texte_planif is-layout-flow wp-block-column-is-layout-flow\" style=\"flex-basis:60%\">\n<ul class=\"wp-block-list\">\n<li><strong>Cosa vedere<\/strong><\/li>\n<\/ul>\n\n\n\n<p class=\"wp-block-paragraph\" style=\"font-size:14px\"><a type=\"post\" href=\"https:\/\/provencelovers.fr\/it\/cosa-vedere-marsiglia-visitare\/\" id=\"12496\" target=\"_blank\" rel=\"noreferrer noopener\">Cosa vedere a Marsiglia<\/a><br\/><a type=\"post\" href=\"https:\/\/provencelovers.fr\/it\/cosa-vedere-aix-en-provence-visitare\/\" id=\"12379\" target=\"_blank\" rel=\"noreferrer noopener\">Cosa fare a Aix-en-Provence<\/a><br\/><a type=\"post\" href=\"https:\/\/provencelovers.fr\/it\/cosa-vedere-avignon-visitare\/\" id=\"13322\" target=\"_blank\" rel=\"noreferrer noopener\">Cosa vedere ad Avignone<\/a><br\/><a type=\"post\" href=\"https:\/\/provencelovers.fr\/it\/cosa-vedere-arles-visitare\/\" id=\"12986\" target=\"_blank\" rel=\"noreferrer noopener\">Cosa vedere ad Arles<\/a><br\/><a href=\"https:\/\/provencelovers.fr\/it\/cosa-vedere-nizza\/\" target=\"_blank\" rel=\"noreferrer noopener\">Cosa vedere a Nizza<\/a><br\/><a href=\"https:\/\/provencelovers.fr\/it\/cosa-vedere-cannes-visitare\/\" target=\"_blank\" rel=\"noreferrer noopener\">Cosa vedere a Cannes<\/a><br\/><a href=\"https:\/\/provencelovers.fr\/it\/cosa-vedere-antibes-visitare\/\" target=\"_blank\" rel=\"noreferrer noopener\">Cosa vedere ad Antibes<\/a><br\/><a href=\"https:\/\/provencelovers.fr\/it\/cosa-vedere-monaco-visitare\/\">Cosa vedere a Monaco<\/a><br\/><a href=\"https:\/\/provencelovers.fr\/it\/cosa-vedere-saint-tropez-visitare\/\" target=\"_blank\" rel=\"noreferrer noopener\">Cosa vedere a Saint-Tropez<\/a><br\/><a href=\"https:\/\/provencelovers.fr\/it\/cosa-vedere-cassis-visitare\/\" target=\"_blank\" rel=\"noreferrer noopener\">Cosa vedere a Cassis<\/a><br\/><a href=\"https:\/\/provencelovers.fr\/it\/cosa-vedere-luberon-attrazioni\/\" data-type=\"post\" data-id=\"14850\" target=\"_blank\" rel=\"noreferrer noopener\">Cosa fare nel Luberon<\/a><br\/><a href=\"https:\/\/provencelovers.fr\/it\/cosa-vedere-alpilles-attrazioni\/\" data-type=\"post\" data-id=\"14766\" target=\"_blank\" rel=\"noreferrer noopener\">Cosa fare nelle Alpilles<\/a><\/p>\n<\/div>\n\n\n\n<div class=\"wp-block-column is-vertically-aligned-top planif-radius is-layout-flow wp-block-column-is-layout-flow\" style=\"flex-basis:40%\">\n<figure class=\"wp-block-image size-large img-portrait\"><img decoding=\"async\" src=\"https:\/\/photos.smugmug.com\/Provence-Lovers\/Antibes\/n-mKVLR5\/Port-dAntibes\/i-nX9XG8L\/0\/feace0c9\/S\/nomade-port-antibes-S.jpg\" alt=\"bastioni Antibes\" title=\"\"\/><\/figure>\n<\/div>\n<\/div>\n<\/div><\/div><\/div>\n\n<div class=\"wp-block-genesis-blocks-gb-container box_auteur_voyage gb-block-container\"><div class=\"gb-container-inside\"><div class=\"gb-container-content\">\n<figure class=\"wp-block-image size-large img_auteur_voyage img_provisoire\"><a href=\"https:\/\/provencelovers.fr\/it\/claire\/\" target=\"_blank\" rel=\"noreferrer noopener\"><img decoding=\"async\" src=\"https:\/\/photos.smugmug.com\/Region-Lovers\/Equipe\/i-nsNF6C6\/0\/Cs2F5n96pkt9xFD9D3SVqmQspMhrKgN75nHgBqmjG\/L\/Claire-L.png\" alt=\"\"\/><\/a><\/figure>\n\n\n\n<h5 class=\"titre_auteur_voyage\"><span>HA FATTO IL VIAGGIO E HA SCRITTO L&#8217;ARTICOLO \n <\/span><span class=\"titre_box_manuscrit\">Claire<\/span><\/h5>\n<\/div><\/div><\/div>\n","protected":false},"excerpt":{"rendered":"<p>Le Alpilles costituiscono un piccolo massiccio calcareo situato tra Avignone, Arles e Salon-de-Provence. In questo territorio di dimensioni ridotte si trovano, uno accanto all\u2019altro, borghi arroccati, siti antichi, frantoi e paesaggi che hanno ispirato Van Gogh. In questo articolo vi presentiamo dieci luoghi imperdibili delle Alpilles, dal borgo arroccato di Les Baux-de-Provence alle stradine fiancheggiate [&hellip;]<\/p>\n","protected":false},"author":1,"featured_media":14860,"comment_status":"closed","ping_status":"closed","sticky":false,"template":"","format":"standard","meta":{"_genesis_hide_title":false,"_genesis_hide_breadcrumbs":false,"_genesis_hide_singular_image":false,"_genesis_hide_footer_widgets":false,"_genesis_custom_body_class":"","_genesis_custom_post_class":"","_genesis_layout":"","footnotes":""},"categories":[230],"tags":[],"class_list":["post-14888","post","type-post","status-publish","format-standard","has-post-thumbnail","category-alpilles","entry"],"yoast_head":"<!-- This site is optimized with the Yoast SEO plugin v28.3 - https:\/\/yoast.com\/product\/yoast-seo-wordpress\/ -->\n<title>Cosa vedere nelle Alpilles: 10 idee (+ foto)<\/title>\n<meta name=\"description\" content=\"Scoprite la nostra selezione delle migliori attrazioni delle Alpilles, insieme a tutti i nostri consigli e alle foto: escursioni, citt\u00e0, villaggi...\" \/>\n<meta name=\"robots\" content=\"index, follow, max-snippet:-1, max-image-preview:large, max-video-preview:-1\" \/>\n<link rel=\"canonical\" href=\"https:\/\/provencelovers.fr\/it\/cosa-vedere-alpilles-attrazioni\/\" \/>\n<meta property=\"og:locale\" content=\"it_IT\" \/>\n<meta property=\"og:type\" content=\"article\" \/>\n<meta property=\"og:title\" content=\"Cosa vedere nelle Alpilles: 10 idee (+ foto)\" \/>\n<meta property=\"og:description\" content=\"Scoprite la nostra selezione delle migliori attrazioni delle Alpilles, insieme a tutti i nostri consigli e alle foto: escursioni, citt\u00e0, villaggi...\" \/>\n<meta property=\"og:url\" content=\"https:\/\/provencelovers.fr\/it\/cosa-vedere-alpilles-attrazioni\/\" \/>\n<meta property=\"og:site_name\" content=\"Provence Lovers\" \/>\n<meta property=\"article:published_time\" content=\"2026-08-10T12:48:08+00:00\" \/>\n<meta property=\"article:modified_time\" content=\"2026-08-10T15:13:58+00:00\" \/>\n<meta property=\"og:image\" content=\"https:\/\/provencelovers.fr\/wp-content\/uploads\/2026\/08\/cosa-vedere-alpilles-attrazioni.jpg\" \/>\n\t<meta property=\"og:image:width\" content=\"800\" \/>\n\t<meta property=\"og:image:height\" content=\"600\" \/>\n\t<meta property=\"og:image:type\" content=\"image\/jpeg\" \/>\n<meta name=\"author\" content=\"Claire ROBINSON\" \/>\n<meta name=\"twitter:card\" content=\"summary_large_image\" \/>\n<meta name=\"twitter:label1\" content=\"Scritto da\" \/>\n\t<meta name=\"twitter:data1\" content=\"Claire ROBINSON\" \/>\n\t<meta name=\"twitter:label2\" content=\"Tempo di lettura stimato\" \/>\n\t<meta name=\"twitter:data2\" content=\"13 minuti\" \/>\n<script type=\"application\/ld+json\" class=\"yoast-schema-graph\">{\"@context\":\"https:\\\/\\\/schema.org\",\"@graph\":[{\"@type\":\"Article\",\"@id\":\"https:\\\/\\\/provencelovers.fr\\\/it\\\/cosa-vedere-alpilles-attrazioni\\\/#article\",\"isPartOf\":{\"@id\":\"https:\\\/\\\/provencelovers.fr\\\/it\\\/cosa-vedere-alpilles-attrazioni\\\/\"},\"author\":{\"name\":\"Claire ROBINSON\",\"@id\":\"https:\\\/\\\/provencelovers.fr\\\/it\\\/#\\\/schema\\\/person\\\/6b627316d8aca03e6b41be79090f3819\"},\"headline\":\"Cosa vedere nelle Alpilles: 10 idee (+ foto)\",\"datePublished\":\"2026-08-10T12:48:08+00:00\",\"dateModified\":\"2026-08-10T15:13:58+00:00\",\"mainEntityOfPage\":{\"@id\":\"https:\\\/\\\/provencelovers.fr\\\/it\\\/cosa-vedere-alpilles-attrazioni\\\/\"},\"wordCount\":2697,\"publisher\":{\"@id\":\"https:\\\/\\\/provencelovers.fr\\\/it\\\/#organization\"},\"image\":{\"@id\":\"https:\\\/\\\/provencelovers.fr\\\/it\\\/cosa-vedere-alpilles-attrazioni\\\/#primaryimage\"},\"thumbnailUrl\":\"https:\\\/\\\/provencelovers.fr\\\/wp-content\\\/uploads\\\/2026\\\/08\\\/cosa-vedere-alpilles-attrazioni.jpg\",\"articleSection\":[\"Alpilles\"],\"inLanguage\":\"it-IT\"},{\"@type\":\"WebPage\",\"@id\":\"https:\\\/\\\/provencelovers.fr\\\/it\\\/cosa-vedere-alpilles-attrazioni\\\/\",\"url\":\"https:\\\/\\\/provencelovers.fr\\\/it\\\/cosa-vedere-alpilles-attrazioni\\\/\",\"name\":\"Cosa vedere nelle Alpilles: 10 idee (+ foto)\",\"isPartOf\":{\"@id\":\"https:\\\/\\\/provencelovers.fr\\\/it\\\/#website\"},\"primaryImageOfPage\":{\"@id\":\"https:\\\/\\\/provencelovers.fr\\\/it\\\/cosa-vedere-alpilles-attrazioni\\\/#primaryimage\"},\"image\":{\"@id\":\"https:\\\/\\\/provencelovers.fr\\\/it\\\/cosa-vedere-alpilles-attrazioni\\\/#primaryimage\"},\"thumbnailUrl\":\"https:\\\/\\\/provencelovers.fr\\\/wp-content\\\/uploads\\\/2026\\\/08\\\/cosa-vedere-alpilles-attrazioni.jpg\",\"datePublished\":\"2026-08-10T12:48:08+00:00\",\"dateModified\":\"2026-08-10T15:13:58+00:00\",\"description\":\"Scoprite la nostra selezione delle migliori attrazioni delle Alpilles, insieme a tutti i nostri consigli e alle foto: escursioni, citt\u00e0, villaggi...\",\"breadcrumb\":{\"@id\":\"https:\\\/\\\/provencelovers.fr\\\/it\\\/cosa-vedere-alpilles-attrazioni\\\/#breadcrumb\"},\"inLanguage\":\"it-IT\",\"potentialAction\":[{\"@type\":\"ReadAction\",\"target\":[\"https:\\\/\\\/provencelovers.fr\\\/it\\\/cosa-vedere-alpilles-attrazioni\\\/\"]}]},{\"@type\":\"ImageObject\",\"inLanguage\":\"it-IT\",\"@id\":\"https:\\\/\\\/provencelovers.fr\\\/it\\\/cosa-vedere-alpilles-attrazioni\\\/#primaryimage\",\"url\":\"https:\\\/\\\/provencelovers.fr\\\/wp-content\\\/uploads\\\/2026\\\/08\\\/cosa-vedere-alpilles-attrazioni.jpg\",\"contentUrl\":\"https:\\\/\\\/provencelovers.fr\\\/wp-content\\\/uploads\\\/2026\\\/08\\\/cosa-vedere-alpilles-attrazioni.jpg\",\"width\":800,\"height\":600,\"caption\":\"cosa vedere alpilles attrazioni\"},{\"@type\":\"BreadcrumbList\",\"@id\":\"https:\\\/\\\/provencelovers.fr\\\/it\\\/cosa-vedere-alpilles-attrazioni\\\/#breadcrumb\",\"itemListElement\":[{\"@type\":\"ListItem\",\"position\":1,\"name\":\"Home\",\"item\":\"https:\\\/\\\/provencelovers.fr\\\/it\\\/\"},{\"@type\":\"ListItem\",\"position\":2,\"name\":\"Alpilles\",\"item\":\"https:\\\/\\\/provencelovers.fr\\\/it\\\/alpilles\\\/\"},{\"@type\":\"ListItem\",\"position\":3,\"name\":\"Cosa vedere nelle Alpilles: 10 idee (+ foto)\"}]},{\"@type\":\"WebSite\",\"@id\":\"https:\\\/\\\/provencelovers.fr\\\/it\\\/#website\",\"url\":\"https:\\\/\\\/provencelovers.fr\\\/it\\\/\",\"name\":\"Provence Lovers\",\"description\":\"Per risvegliare i sensi in Provenza - Le blog de Claire et Manu\",\"publisher\":{\"@id\":\"https:\\\/\\\/provencelovers.fr\\\/it\\\/#organization\"},\"potentialAction\":[{\"@type\":\"SearchAction\",\"target\":{\"@type\":\"EntryPoint\",\"urlTemplate\":\"https:\\\/\\\/provencelovers.fr\\\/it\\\/?s={search_term_string}\"},\"query-input\":{\"@type\":\"PropertyValueSpecification\",\"valueRequired\":true,\"valueName\":\"search_term_string\"}}],\"inLanguage\":\"it-IT\"},{\"@type\":\"Organization\",\"@id\":\"https:\\\/\\\/provencelovers.fr\\\/it\\\/#organization\",\"name\":\"Provence Lovers\",\"url\":\"https:\\\/\\\/provencelovers.fr\\\/it\\\/\",\"logo\":{\"@type\":\"ImageObject\",\"inLanguage\":\"it-IT\",\"@id\":\"https:\\\/\\\/provencelovers.fr\\\/it\\\/#\\\/schema\\\/logo\\\/image\\\/\",\"url\":\"https:\\\/\\\/provencelovers.fr\\\/wp-content\\\/uploads\\\/2022\\\/11\\\/Blog-Provence-Lovers-Logos.png\",\"contentUrl\":\"https:\\\/\\\/provencelovers.fr\\\/wp-content\\\/uploads\\\/2022\\\/11\\\/Blog-Provence-Lovers-Logos.png\",\"width\":2707,\"height\":863,\"caption\":\"Provence Lovers\"},\"image\":{\"@id\":\"https:\\\/\\\/provencelovers.fr\\\/it\\\/#\\\/schema\\\/logo\\\/image\\\/\"}},{\"@type\":\"Person\",\"@id\":\"https:\\\/\\\/provencelovers.fr\\\/it\\\/#\\\/schema\\\/person\\\/6b627316d8aca03e6b41be79090f3819\",\"name\":\"Claire ROBINSON\",\"image\":{\"@type\":\"ImageObject\",\"inLanguage\":\"it-IT\",\"@id\":\"https:\\\/\\\/secure.gravatar.com\\\/avatar\\\/53c353c843050f9265c9a68901a74b6613f3f04e343e64cbba45c5b031ea079b?s=96&d=mm&r=g\",\"url\":\"https:\\\/\\\/secure.gravatar.com\\\/avatar\\\/53c353c843050f9265c9a68901a74b6613f3f04e343e64cbba45c5b031ea079b?s=96&d=mm&r=g\",\"contentUrl\":\"https:\\\/\\\/secure.gravatar.com\\\/avatar\\\/53c353c843050f9265c9a68901a74b6613f3f04e343e64cbba45c5b031ea079b?s=96&d=mm&r=g\",\"caption\":\"Claire ROBINSON\"},\"sameAs\":[\"https:\\\/\\\/provencelovers.fr\\\/claire-robinson\\\/\"],\"url\":\"https:\\\/\\\/provencelovers.fr\\\/it\\\/author\\\/provencelovers\\\/\"}]}<\/script>\n<!-- \/ Yoast SEO plugin. -->","yoast_head_json":{"title":"Cosa vedere nelle Alpilles: 10 idee (+ foto)","description":"Scoprite la nostra selezione delle migliori attrazioni delle Alpilles, insieme a tutti i nostri consigli e alle foto: escursioni, citt\u00e0, villaggi...","robots":{"index":"index","follow":"follow","max-snippet":"max-snippet:-1","max-image-preview":"max-image-preview:large","max-video-preview":"max-video-preview:-1"},"canonical":"https:\/\/provencelovers.fr\/it\/cosa-vedere-alpilles-attrazioni\/","og_locale":"it_IT","og_type":"article","og_title":"Cosa vedere nelle Alpilles: 10 idee (+ foto)","og_description":"Scoprite la nostra selezione delle migliori attrazioni delle Alpilles, insieme a tutti i nostri consigli e alle foto: escursioni, citt\u00e0, villaggi...","og_url":"https:\/\/provencelovers.fr\/it\/cosa-vedere-alpilles-attrazioni\/","og_site_name":"Provence Lovers","article_published_time":"2026-08-10T12:48:08+00:00","article_modified_time":"2026-08-10T15:13:58+00:00","og_image":[{"width":800,"height":600,"url":"https:\/\/provencelovers.fr\/wp-content\/uploads\/2026\/08\/cosa-vedere-alpilles-attrazioni.jpg","type":"image\/jpeg"}],"author":"Claire ROBINSON","twitter_card":"summary_large_image","twitter_misc":{"Scritto da":"Claire ROBINSON","Tempo di lettura stimato":"13 minuti"},"schema":{"@context":"https:\/\/schema.org","@graph":[{"@type":"Article","@id":"https:\/\/provencelovers.fr\/it\/cosa-vedere-alpilles-attrazioni\/#article","isPartOf":{"@id":"https:\/\/provencelovers.fr\/it\/cosa-vedere-alpilles-attrazioni\/"},"author":{"name":"Claire ROBINSON","@id":"https:\/\/provencelovers.fr\/it\/#\/schema\/person\/6b627316d8aca03e6b41be79090f3819"},"headline":"Cosa vedere nelle Alpilles: 10 idee (+ foto)","datePublished":"2026-08-10T12:48:08+00:00","dateModified":"2026-08-10T15:13:58+00:00","mainEntityOfPage":{"@id":"https:\/\/provencelovers.fr\/it\/cosa-vedere-alpilles-attrazioni\/"},"wordCount":2697,"publisher":{"@id":"https:\/\/provencelovers.fr\/it\/#organization"},"image":{"@id":"https:\/\/provencelovers.fr\/it\/cosa-vedere-alpilles-attrazioni\/#primaryimage"},"thumbnailUrl":"https:\/\/provencelovers.fr\/wp-content\/uploads\/2026\/08\/cosa-vedere-alpilles-attrazioni.jpg","articleSection":["Alpilles"],"inLanguage":"it-IT"},{"@type":"WebPage","@id":"https:\/\/provencelovers.fr\/it\/cosa-vedere-alpilles-attrazioni\/","url":"https:\/\/provencelovers.fr\/it\/cosa-vedere-alpilles-attrazioni\/","name":"Cosa vedere nelle Alpilles: 10 idee (+ foto)","isPartOf":{"@id":"https:\/\/provencelovers.fr\/it\/#website"},"primaryImageOfPage":{"@id":"https:\/\/provencelovers.fr\/it\/cosa-vedere-alpilles-attrazioni\/#primaryimage"},"image":{"@id":"https:\/\/provencelovers.fr\/it\/cosa-vedere-alpilles-attrazioni\/#primaryimage"},"thumbnailUrl":"https:\/\/provencelovers.fr\/wp-content\/uploads\/2026\/08\/cosa-vedere-alpilles-attrazioni.jpg","datePublished":"2026-08-10T12:48:08+00:00","dateModified":"2026-08-10T15:13:58+00:00","description":"Scoprite la nostra selezione delle migliori attrazioni delle Alpilles, insieme a tutti i nostri consigli e alle foto: escursioni, citt\u00e0, villaggi...","breadcrumb":{"@id":"https:\/\/provencelovers.fr\/it\/cosa-vedere-alpilles-attrazioni\/#breadcrumb"},"inLanguage":"it-IT","potentialAction":[{"@type":"ReadAction","target":["https:\/\/provencelovers.fr\/it\/cosa-vedere-alpilles-attrazioni\/"]}]},{"@type":"ImageObject","inLanguage":"it-IT","@id":"https:\/\/provencelovers.fr\/it\/cosa-vedere-alpilles-attrazioni\/#primaryimage","url":"https:\/\/provencelovers.fr\/wp-content\/uploads\/2026\/08\/cosa-vedere-alpilles-attrazioni.jpg","contentUrl":"https:\/\/provencelovers.fr\/wp-content\/uploads\/2026\/08\/cosa-vedere-alpilles-attrazioni.jpg","width":800,"height":600,"caption":"cosa vedere alpilles attrazioni"},{"@type":"BreadcrumbList","@id":"https:\/\/provencelovers.fr\/it\/cosa-vedere-alpilles-attrazioni\/#breadcrumb","itemListElement":[{"@type":"ListItem","position":1,"name":"Home","item":"https:\/\/provencelovers.fr\/it\/"},{"@type":"ListItem","position":2,"name":"Alpilles","item":"https:\/\/provencelovers.fr\/it\/alpilles\/"},{"@type":"ListItem","position":3,"name":"Cosa vedere nelle Alpilles: 10 idee (+ foto)"}]},{"@type":"WebSite","@id":"https:\/\/provencelovers.fr\/it\/#website","url":"https:\/\/provencelovers.fr\/it\/","name":"Provence Lovers","description":"Per risvegliare i sensi in Provenza - Le blog de Claire et Manu","publisher":{"@id":"https:\/\/provencelovers.fr\/it\/#organization"},"potentialAction":[{"@type":"SearchAction","target":{"@type":"EntryPoint","urlTemplate":"https:\/\/provencelovers.fr\/it\/?s={search_term_string}"},"query-input":{"@type":"PropertyValueSpecification","valueRequired":true,"valueName":"search_term_string"}}],"inLanguage":"it-IT"},{"@type":"Organization","@id":"https:\/\/provencelovers.fr\/it\/#organization","name":"Provence Lovers","url":"https:\/\/provencelovers.fr\/it\/","logo":{"@type":"ImageObject","inLanguage":"it-IT","@id":"https:\/\/provencelovers.fr\/it\/#\/schema\/logo\/image\/","url":"https:\/\/provencelovers.fr\/wp-content\/uploads\/2022\/11\/Blog-Provence-Lovers-Logos.png","contentUrl":"https:\/\/provencelovers.fr\/wp-content\/uploads\/2022\/11\/Blog-Provence-Lovers-Logos.png","width":2707,"height":863,"caption":"Provence Lovers"},"image":{"@id":"https:\/\/provencelovers.fr\/it\/#\/schema\/logo\/image\/"}},{"@type":"Person","@id":"https:\/\/provencelovers.fr\/it\/#\/schema\/person\/6b627316d8aca03e6b41be79090f3819","name":"Claire ROBINSON","image":{"@type":"ImageObject","inLanguage":"it-IT","@id":"https:\/\/secure.gravatar.com\/avatar\/53c353c843050f9265c9a68901a74b6613f3f04e343e64cbba45c5b031ea079b?s=96&d=mm&r=g","url":"https:\/\/secure.gravatar.com\/avatar\/53c353c843050f9265c9a68901a74b6613f3f04e343e64cbba45c5b031ea079b?s=96&d=mm&r=g","contentUrl":"https:\/\/secure.gravatar.com\/avatar\/53c353c843050f9265c9a68901a74b6613f3f04e343e64cbba45c5b031ea079b?s=96&d=mm&r=g","caption":"Claire ROBINSON"},"sameAs":["https:\/\/provencelovers.fr\/claire-robinson\/"],"url":"https:\/\/provencelovers.fr\/it\/author\/provencelovers\/"}]}},"featured_image_src":"https:\/\/provencelovers.fr\/wp-content\/uploads\/2026\/08\/cosa-vedere-alpilles-attrazioni-600x400.jpg","featured_image_src_square":"https:\/\/provencelovers.fr\/wp-content\/uploads\/2026\/08\/cosa-vedere-alpilles-attrazioni-600x600.jpg","author_info":{"display_name":"Claire ROBINSON","author_link":"https:\/\/provencelovers.fr\/it\/author\/provencelovers\/"},"_links":{"self":[{"href":"https:\/\/provencelovers.fr\/it\/wp-json\/wp\/v2\/posts\/14888","targetHints":{"allow":["GET"]}}],"collection":[{"href":"https:\/\/provencelovers.fr\/it\/wp-json\/wp\/v2\/posts"}],"about":[{"href":"https:\/\/provencelovers.fr\/it\/wp-json\/wp\/v2\/types\/post"}],"author":[{"embeddable":true,"href":"https:\/\/provencelovers.fr\/it\/wp-json\/wp\/v2\/users\/1"}],"replies":[{"embeddable":true,"href":"https:\/\/provencelovers.fr\/it\/wp-json\/wp\/v2\/comments?post=14888"}],"version-history":[{"count":4,"href":"https:\/\/provencelovers.fr\/it\/wp-json\/wp\/v2\/posts\/14888\/revisions"}],"predecessor-version":[{"id":15006,"href":"https:\/\/provencelovers.fr\/it\/wp-json\/wp\/v2\/posts\/14888\/revisions\/15006"}],"wp:featuredmedia":[{"embeddable":true,"href":"https:\/\/provencelovers.fr\/it\/wp-json\/wp\/v2\/media\/14860"}],"wp:attachment":[{"href":"https:\/\/provencelovers.fr\/it\/wp-json\/wp\/v2\/media?parent=14888"}],"wp:term":[{"taxonomy":"category","embeddable":true,"href":"https:\/\/provencelovers.fr\/it\/wp-json\/wp\/v2\/categories?post=14888"},{"taxonomy":"post_tag","embeddable":true,"href":"https:\/\/provencelovers.fr\/it\/wp-json\/wp\/v2\/tags?post=14888"}],"curies":[{"name":"wp","href":"https:\/\/api.w.org\/{rel}","templated":true}]}}