{"id":9886,"date":"2024-02-27T12:01:51","date_gmt":"2024-02-27T11:01:51","guid":{"rendered":"https:\/\/provencelovers.fr\/visite-little-africa-gardens-monaco\/"},"modified":"2024-02-28T15:34:20","modified_gmt":"2024-02-28T14:34:20","slug":"visitar-jardines-pequena-africa-monaco","status":"publish","type":"post","link":"https:\/\/provencelovers.fr\/es\/visitar-jardines-pequena-africa-monaco\/","title":{"rendered":"Jardines de la Peque\u00f1a \u00c1frica (M\u00f3naco): visita + fotos"},"content":{"rendered":"\n<p>En el famoso barrio <strong>de Monte-Carlo<\/strong>, y m\u00e1s concretamente frente a la popular <strong>Place du<\/strong> Casino, encontrar\u00e1 un entorno verde. Se trata de los Jardines de la Peque\u00f1a \u00c1frica, creados a finales del siglo XIX a petici\u00f3n del pr\u00edncipe Carlos III. \u00bfEl objetivo? Cree un espacio verde que d\u00e9 la impresi\u00f3n de una eterna primavera para atraer a los visitantes de invierno. Podr\u00e1 deleitarse con el resplandor de las numerosas <strong>especies ex\u00f3ticas<\/strong>.<\/p>\n\n<p>He aqu\u00ed algunos <strong>consejos \u00fatiles<\/strong> para planificar su visita a los <strong>Jardines de la Peque\u00f1a \u00c1frica<\/strong>, en el Principado de M\u00f3naco.<\/p>\n\n<figure class=\"wp-block-image size-full\"><img decoding=\"async\" src=\"https:\/\/provencelovers.fr\/wp-content\/uploads\/2024\/02\/visitar-jardines-petite-afrique-monaco.jpeg\" alt=\"&#xA1;Lea nuestro art&#xED;culo sobre los Jardines de la Petite Afrique en M&#xF3;naco!\" class=\"wp-image-9876\"\/><\/figure>\n\n<div class=\"wp-block-genesis-blocks-gb-container gb-block-container\"><div class=\"gb-container-inside\"><div class=\"gb-container-content\">\n<p>Esta gu\u00eda es totalmente <strong>independiente<\/strong> y se basa en nuestras experiencias. Visitamos la regi\u00f3n de forma an\u00f3nima, tomando nuestras propias decisiones y pagando \u00edntegramente nuestras facturas.<\/p>\n<\/div><\/div><\/div>\n\n<h2 class=\"wp-block-heading\">\u00bfMerece la pena visitar los Jardines de la Peque\u00f1a \u00c1frica?<\/h2>\n\n<p>S\u00ed, los Jardines de la Petite Afrique bien merecen una visita. Los enumeramos en nuestro art\u00edculo sobre los <a href=\"https:\/\/provencelovers.fr\/es\/mejores-jardines-monaco\/\" target=\"_blank\" rel=\"noreferrer noopener\">jardines m\u00e1s bellos de M\u00f3naco<\/a>. Le encantar\u00e1 descubrir este espacio verde en el muy urbanizado barrio de Monte-Carlo. Nos encant\u00f3 descubrir las especies ex\u00f3ticas de los jardines. Antes de que se d\u00e9 cuenta, pasar\u00e1 del Jardin de la Petite Afrique, con sus plantas de los pa\u00edses del Pac\u00edfico Sur, al Jardin des Boulingrins. Le llevar\u00e1 de viaje por Ocean\u00eda, Sudam\u00e9rica y Asia. Le recomendamos que descubra estas especies siguiendo el sendero de los \u00e1rboles patrimoniales (se\u00f1alizado).<\/p>\n\n<p>En nuestra opini\u00f3n, \u00a1esta es una de las <a href=\"https:\/\/provencelovers.fr\/es\/que-ver-monaco-visitar\/\" target=\"_blank\" rel=\"noreferrer noopener\">mejores actividades de M\u00f3naco<\/a>!<\/p>\n\n<figure class=\"wp-block-image size-large\"><img decoding=\"async\" src=\"https:\/\/photos.smugmug.com\/Provence-Lovers\/Monaco\/Jardins\/n-hTp3dg\/Jardin-de-la-Petite-Afrique\/i-qZXdWNr\/0\/CBkZ82NVVMVFsrbdKVrP6dfSmzSwGrBDZVwWFV4MJ\/L\/monaco-jardinpetiteafrique-riviere-L.jpg\" alt=\"Vista del r&#xED;o desde los Jardines de la Petite Afrique.  \"\/><\/figure>\n\n<h2 class=\"wp-block-heading\">Lo que puede ver<\/h2>\n\n<h3 class=\"wp-block-heading\">Casino de Monte-Carlo<\/h3>\n\n<figure class=\"wp-block-image size-large\"><img decoding=\"async\" src=\"https:\/\/photos.smugmug.com\/Provence-Lovers\/Monaco\/Monuments\/n-s3Pf3g\/Casino-Monte-Carlo\/i-43DmvPp\/0\/DB6sN4WpPGNJpmSX7HCkgpqbc2x5gQb6htVWtBx9J\/L\/Monaco-casino-vuedepuisjardin-L.jpg\" alt=\"Vista del Casino de Monte-Carlo.\"\/><\/figure>\n\n<p>Los jardines ofrecen una vista excepcional del Casino de Monte-Carlo, que realzan. La secci\u00f3n central se caracteriza por una sucesi\u00f3n de fuentes de hormig\u00f3n con escasa vegetaci\u00f3n. Esto ofrece una vista perfecta del majestuoso edificio. Nos encant\u00f3 este mirador, \u00a1para nosotros el m\u00e1s bello del monumento!<\/p>\n\n<h3 class=\"wp-block-heading\">Una escultura de Alexandre Calder<\/h3>\n\n<figure class=\"wp-block-image size-large\"><img decoding=\"async\" src=\"https:\/\/photos.smugmug.com\/Provence-Lovers\/Monaco\/Jardins\/n-hTp3dg\/Jardin-de-la-Petite-Afrique\/i-bMFBsvD\/0\/CGPXCBvNLkBrV7zfpvHzHqsgzLJ5NCGcDPkt7RDdW\/L\/monaco-jardinpetiteafrique-sculpturecalder-L.jpg\" alt=\"Piernas esbeltas, (1959), Alexandre Calder.\"\/><figcaption class=\"wp-element-caption\"><em>Piernas esbeltas<\/em>, (1959), Alexandre Calder.<\/figcaption><\/figure>\n\n<p>Salimos de la plaza del Casino para subir por los jardines hasta la oficina de turismo. R\u00e1pidamente nos topamos con esta escultura de metal de Alexandre Calder. Producido en 1959, se titula \u00abPiernas esbeltas\u00bb. Pensamos que hac\u00eda honor a su nombre, con sus \u00abpatas\u00bb firmemente ancladas en el suelo y sus esbeltos tallos.<\/p>\n\n<h3 class=\"wp-block-heading\">Una sucesi\u00f3n de fuentes<\/h3>\n\n<figure class=\"wp-block-image size-large\"><img decoding=\"async\" src=\"https:\/\/photos.smugmug.com\/Provence-Lovers\/Monaco\/Jardins\/n-hTp3dg\/Jardin-de-la-Petite-Afrique\/i-rBX2jgF\/0\/DZhbPtTLR3xtxNgQVFSmwPb3CMZhNhqnSdPZwrVkz\/L\/monaco-jardinpetiteafrique-fontaine-L.jpg\" alt=\"Vista de una fuente.\"\/><\/figure>\n\n<p>La parte central de los jardines es una sucesi\u00f3n de fuentes circulares de hormig\u00f3n. Est\u00e1n rodeados de escasa vegetaci\u00f3n, lo que realza la vista desde los jardines, desde la oficina de turismo hasta la plaza del Casino. Desgraciadamente, debido a la sequ\u00eda, la mayor\u00eda de las fuentes no estaban en funcionamiento.<\/p>\n\n<h3 class=\"wp-block-heading\">Un pino Wollemi<\/h3>\n\n<figure class=\"wp-block-image size-large\"><img decoding=\"async\" src=\"https:\/\/photos.smugmug.com\/Provence-Lovers\/Monaco\/Jardins\/n-hTp3dg\/Jardin-de-la-Petite-Afrique\/i-fkjGrxK\/0\/CPc9BmG7q8XPpC5NpF4FqFjRhkh8q9Kk65hVsqJDN\/L\/monaco-jardinpetiteafrique-wollemi-L.jpg\" alt=\"Un pino Wollemi.\"\/><\/figure>\n\n<p>Disfrutamos de estos jardines por los notables \u00e1rboles que contienen. Este pino Wollemi, por ejemplo, nos llam\u00f3 la atenci\u00f3n. Gracias a un panel explicativo, nos enteramos de que esta especie es originaria de Australia, donde fue descubierta en 1994. En aquel momento, \u00a1s\u00f3lo se ten\u00eda constancia de unos cuarenta \u00e1rboles de este tipo! Para evitar su extinci\u00f3n, la especie ha sido reintroducida en todo el mundo desde 2006.<\/p>\n\n<h3 class=\"wp-block-heading\">A P\u00f4hutukawa<\/h3>\n\n<figure class=\"wp-block-image size-large\"><img decoding=\"async\" src=\"https:\/\/photos.smugmug.com\/Provence-Lovers\/Monaco\/Jardins\/n-hTp3dg\/Jardin-de-la-Petite-Afrique\/i-3jjBdKg\/0\/DMTxrpMFHKT5ShRPbKFLz3Dqmx998nBJtjR9CvD6Z\/L\/monaco-jardinpetiteafrique-pohutukawa-L.jpg\" alt=\"A P&#xF4;hutukawa\"\/><\/figure>\n\n<p>El P\u00f4hutukama es nuestro segundo \u00e1rbol favorito en estos jardines. Como su nombre indica, procede de Nueva Zelanda. Nos impresion\u00f3 su tronco, que parec\u00eda \u00abretorcido\u00bb, y su enorme follaje. De hecho, es el \u00ab\u00e1rbol de Navidad\u00bb de Nueva Zelanda, porque durante este periodo produce una gran cantidad de flores rojas. En nuestra opini\u00f3n, \u00a1es la mejor decoraci\u00f3n para alegrar las fiestas!<\/p>\n\n<h3 class=\"wp-block-heading\">Cactus<\/h3>\n\n<figure class=\"wp-block-image size-large\"><img decoding=\"async\" src=\"https:\/\/photos.smugmug.com\/Provence-Lovers\/Monaco\/Jardins\/n-hTp3dg\/Jardin-de-la-Petite-Afrique\/i-8PGRLTZ\/0\/gK3btDzmLZ9P3xX2fVgd8JjFZGBHnD75NzCMhzqz\/L\/monaco-jardinpetiteafrique-cactus-L.jpg\" alt=\"Vista de cactus.\"\/><\/figure>\n\n<p>Nos encantan los cactus. Pudimos ver algunos magn\u00edficos ejemplares en los <a href=\"https:\/\/provencelovers.fr\/es\/visitar-jardines-saint-martin-monaco\/\" target=\"_blank\" rel=\"noreferrer noopener\">Jardines Saint-Martin<\/a>, en la Roca de M\u00f3naco, pero tambi\u00e9n en C\u00f3rcega, en el Parque Galea, cerca de Bastia. Aqu\u00ed tampoco nos decepcion\u00f3, \u00a1ya que descubrimos algunas variedades nuevas!  <\/p>\n\n<h3 class=\"wp-block-heading\">Un monumento al Pr\u00edncipe Carlos III<\/h3>\n\n<figure class=\"wp-block-image size-large\"><img decoding=\"async\" src=\"https:\/\/photos.smugmug.com\/Provence-Lovers\/Monaco\/Jardins\/n-hTp3dg\/Jardin-de-la-Petite-Afrique\/i-cc87DVp\/0\/CcxD9cVSG8rg64Xc9LDxbP2TWb43JxBBrrNs3thqb\/L\/monaco-jardinpetiteafrique-monumentprince-L.jpg\" alt=\"Un monumento al Pr&#xED;ncipe Carlos III\"\/><\/figure>\n\n<p>Como ya se ha mencionado, el pr\u00edncipe Carlos III era el responsable de los jardines. Confi\u00f3 su creaci\u00f3n al famoso bot\u00e1nico franc\u00e9s Edouard Andr\u00e9. As\u00ed que es natural que en lo alto del espacio verde, cerca de la oficina de turismo, haya un monumento en homenaje a esta soberana. Las placas recuerdan que fue a \u00e9l a quien se debe la creaci\u00f3n de Monte-Carlo el 1 de junio de 1866.  <\/p>\n\n<h2 class=\"wp-block-heading\">Los Jardines de la Peque\u00f1a \u00c1frica en M\u00f3naco: acceso<\/h2>\n\n<h3 class=\"wp-block-heading\">\u00bfD\u00f3nde est\u00e1n los jardines?<\/h3>\n\n<ul class=\"wp-block-list\">\n<li>Los jardines est\u00e1n situados en el barrio de Montecarlo, en el Principado de M\u00f3naco. Est\u00e1 enfrente del casino.<\/li>\n\n\n\n<li>Est\u00e1 a diez minutos a pie de la estaci\u00f3n.<\/li>\n<\/ul>\n\n<figure class=\"wp-block-image size-large\"><img decoding=\"async\" src=\"https:\/\/provencelovers.fr\/wp-content\/uploads\/2024\/02\/mapa-mejores-jardines-monaco-1024x809.png\" alt=\"Mapa de los jardines m&#xE1;s bellos de M&#xF3;naco.\" class=\"wp-image-9679\"\/><figcaption class=\"wp-element-caption\">Mapa de los jardines m\u00e1s bellos de M\u00f3naco.<\/figcaption><\/figure>\n\n<h3 class=\"wp-block-heading\">Acceso en coche y aparcamiento<\/h3>\n\n<p>El aparcamiento m\u00e1s cercano (adyacente a los jardines) es el del casino. Cobra por aparcar una hora o m\u00e1s y est\u00e1 abierto las 24 horas del d\u00eda.<\/p>\n\n<div style=\"margin-top:8%;margin-bottom:8%\" class=\"wp-block-genesis-blocks-gb-container box gb-block-container\"><div class=\"gb-container-inside\"><div class=\"gb-container-content\">\n<div class=\"wp-block-columns inverse box_planif is-layout-flex wp-container-core-columns-is-layout-9d6595d7 wp-block-columns-is-layout-flex\">\n<div class=\"wp-block-column texte_planif is-layout-flow wp-block-column-is-layout-flow\" style=\"flex-basis:58%\">\n<h5 class=\"titre_box\">NUESTROS CONSEJOS PARA ALQUILER SU COCHE EN <span class=\"titre_box_manuscrit\">\nProvenza<\/span><\/h5>\n\n\n\n<ul class=\"liste_voiture wp-block-list\" style=\"font-size:14px\">\n<li>Compare precios en nuestra plataforma preferida: <a href=\"https:\/\/www.discovercars.com\/es\/france?a_aid=zigzag&amp;chan=PL\" target=\"_blank\" rel=\"noreferrer noopener sponsored nofollow\">DiscoverCars<\/a>, uno de los sitios mejor valorados.<\/li>\n\n\n\n<li>Elija un <strong>coche lo suficientemente potente <\/strong>(las carreteras son empinadas) pero <strong>compacto<\/strong> (algunos pasos son estrechos).<\/li>\n\n\n\n<li>Considere la posibilidad de<strong>contratar un seguro a todo riesgo<\/strong> (algunas carreteras son sinuosas y estrechas).<\/li>\n\n\n\n<li>Hay mucha demanda, as\u00ed que <strong>reserve con antelaci\u00f3n<\/strong>.<\/li>\n<\/ul>\n<\/div>\n\n\n\n<div class=\"wp-block-column planif-radius-3 is-layout-flow wp-block-column-is-layout-flow\" style=\"flex-basis:42%\">\n<figure class=\"wp-block-image size-full is-resized\"><img loading=\"lazy\" decoding=\"async\" width=\"421\" height=\"533\" src=\"https:\/\/provencelovers.fr\/wp-content\/uploads\/2023\/05\/Vieux-Nice-ruelle-L.png\" alt=\"\" class=\"wp-image-1302\" title=\"\" srcset=\"https:\/\/provencelovers.fr\/wp-content\/uploads\/2023\/05\/Vieux-Nice-ruelle-L.png 421w, https:\/\/provencelovers.fr\/wp-content\/uploads\/2023\/05\/Vieux-Nice-ruelle-L-237x300.png 237w\" sizes=\"auto, (max-width: 421px) 100vw, 421px\" \/><\/figure>\n<\/div>\n<\/div>\n\n\n\n<div class=\"wp-block-columns planif_bouton is-layout-flex wp-container-core-columns-is-layout-9d6595d7 wp-block-columns-is-layout-flex\">\n<div class=\"wp-block-column is-layout-flow wp-block-column-is-layout-flow\" style=\"flex-basis:50%\">\n<div class=\"wp-block-buttons is-content-justification-center is-layout-flex wp-container-core-buttons-is-layout-16018d1d wp-block-buttons-is-layout-flex\">\n<div class=\"wp-block-button has-custom-font-size\" style=\"font-size:14px\"><a class=\"wp-block-button__link has-white-color has-text-color wp-element-button\" href=\"https:\/\/www.discovercars.com\/es\/france?a_aid=zigzag&amp;amp;chan=PL\" style=\"border-radius:4px\" target=\"_blank\" rel=\"noreferrer noopener\">Ver los coches<img loading=\"lazy\" decoding=\"async\" width=\"16\" height=\"17\" class=\"wp-image-2851\" style=\"width: 16px;\" src=\"https:\/\/provencelovers.fr\/wp-content\/uploads\/2023\/08\/ArrowRight.webp\" alt=\"\"\/><\/a><\/div>\n<\/div>\n<\/div>\n\n\n\n<div class=\"wp-block-column is-vertically-aligned-center is-layout-flow wp-block-column-is-layout-flow\" style=\"flex-basis:50%\">\n<p class=\"has-text-align-center\" style=\"font-size:14px\"><strong><a href=\"https:\/\/provencelovers.fr\/es\/como-alquilar-coche-provenza\/\">Vea nuestros consejos<\/a><\/strong><\/p>\n<\/div>\n<\/div>\n<\/div><\/div><\/div>\n\n<h3 class=\"wp-block-heading\">Acceso en transporte p\u00fablico<\/h3>\n\n<p>Para llegar en transporte p\u00fablico, tome las l\u00edneas de autob\u00fas 1 a 6, parada \u00abMonte-Carlo Tourisme\u00bb. Para planificar su ruta, visite la p\u00e1gina web oficial del transporte p\u00fablico <a href=\"https:\/\/www.cam.mc\/me-deplacer\" target=\"_blank\" rel=\"noreferrer noopener nofollow\">aqu\u00ed<\/a>.<\/p>\n\n<h3 class=\"wp-block-heading\">Dificultades en las visitas<\/h3>\n\n<p>Aunque est\u00e1n construidos en pendiente, los jardines son accesibles para las personas con movilidad reducida, que pueden seguir el camino de los \u00e1rboles patrimoniales. Si hace mucho calor, le recomendamos que evite la zona central donde se encuentran las fuentes, ya que est\u00e1 muy expuesta.<\/p>\n\n<h2 class=\"wp-block-heading\">Consejos \u00fatiles para visitar los Jardines de la Petite Afrique<\/h2>\n\n<h3 class=\"wp-block-heading\">Horarios y precios<\/h3>\n\n<ul class=\"wp-block-list\">\n<li>La entrada es gratuita.<\/li>\n\n\n\n<li>Los jardines est\u00e1n abiertos todos los d\u00edas de 8.30 a 19.30 horas.<\/li>\n<\/ul>\n\n<p>Consulte las \u00faltimas noticias en la p\u00e1gina web oficial <a href=\"https:\/\/www.visitmonaco.com\/fr\/lieu\/parc-jardin\/7486\/les-jardins-de-la-petite-afrique\" target=\"_blank\" rel=\"noreferrer noopener nofollow\">aqu\u00ed<\/a>.<\/p>\n\n<h3 class=\"wp-block-heading\">Cu\u00e1nto tiempo<\/h3>\n\n<p>Dedique entre 15 y 30 minutos a su visita, quiera o no acomodarse para un descanso.<\/p>\n\n<h3 class=\"wp-block-heading\">El mejor momento<\/h3>\n\n<p>Le recomendamos que la visite por la ma\u00f1ana. De hecho, los jardines pueden estar muy concurridos debido a su ubicaci\u00f3n en el barrio muy tur\u00edstico de Montecarlo. Adem\u00e1s, el casino est\u00e1 abierto a los visitantes todas las ma\u00f1anas. Le recomendamos que aproveche antes de relajarse en los jardines.<\/p>\n\n<figure class=\"wp-block-image size-large\"><img decoding=\"async\" src=\"https:\/\/photos.smugmug.com\/Provence-Lovers\/Monaco\/Jardins\/n-hTp3dg\/Jardin-de-la-Petite-Afrique\/i-gfV2WZm\/0\/Fc4Qf2xmsbmpXzPKxGgMdQ3QPnDpd9w8TStLBQc9v\/L\/monaco-jardinpetiteafrique-L.jpg\" alt=\"Vista general de los jardines.  \"\/><\/figure>\n\n<h3 class=\"wp-block-heading\">Direcci\u00f3n de la visita<\/h3>\n\n<p>No hay una direcci\u00f3n fija para la visita. Visitamos el casino y luego subimos por los jardines hasta la oficina de turismo. Si le gusta la bot\u00e1nica, puede seguir el \u00absendero de los \u00e1rboles del patrimonio\u00bb a trav\u00e9s de los jardines \u00a1y de todo el principado! Para m\u00e1s informaci\u00f3n, visite la p\u00e1gina web de la Oficina de Turismo <a href=\"https:\/\/www.visitmonaco.com\/fr\/parcours-et-balades\/22134\/le-parcours-des-arbres-patrimoniaux#:~:text=Le%20Parcours%20des%20Arbres%20Patrimoniaux%20de%20Monaco%20est%20propos%C3%A9%20dans,Monaco%2DVille%2C%20Fontvieille).\" target=\"_blank\" rel=\"noreferrer noopener nofollow\">aqu\u00ed<\/a>.<\/p>\n\n<h3 class=\"wp-block-heading\">Comer fuera<\/h3>\n\n<p>Los jardines est\u00e1n situados en el coraz\u00f3n de M\u00f3naco, en el distrito tur\u00edstico de Montecarlo. Hay varios restaurantes, entre ellos Chez Pierre, que nos gust\u00f3 mucho. Este restaurante se encuentra en el centro comercial Metropole, junto a los jardines. Para saber m\u00e1s, lea nuestro art\u00edculo sobre los <a href=\"https:\/\/provencelovers.fr\/es\/mejor-restaurante-monaco-donde-comer-opiniones\/\" target=\"_blank\" rel=\"noreferrer noopener\">mejores restaurantes de M\u00f3naco<\/a>.<\/p>\n\n<p>No se permiten los picnics en el lugar.<\/p>\n\n<h3 class=\"wp-block-heading\">Hoteles<\/h3>\n\n<p>Se encuentra en pleno centro de M\u00f3naco, en el barrio de Montecarlo, famoso por sus palacios. Para opciones m\u00e1s asequibles, le recomendamos alojarse en la vecina zona de Port-Hercule. \u00c9stas son nuestras recomendaciones:<\/p>\n\n<div style=\"margin-top:8%;margin-bottom:8%\" class=\"wp-block-genesis-blocks-gb-container box gb-block-container\"><div class=\"gb-container-inside\"><div class=\"gb-container-content\" style=\"max-width:700px\">\n<div class=\"wp-block-genesis-blocks-gb-container box_titre gb-block-container\"><div class=\"gb-container-inside\"><div class=\"gb-container-content\">\n<h5 class=\"titre_box\" style=\"padding-top:10px;\">D\u00d3NDE DORMIR EN <span class=\"titre_box_manuscrit\">M\u00f3naco<\/span><\/h5>\n<\/div><\/div><\/div>\n\n\n\n<hr class=\"wp-block-separator has-text-color has-alpha-channel-opacity has-background is-style-wide hr-box-planif\" style=\"background-color:#ccd3dd;color:#ccd3dd\"\/>\n\n\n\n<div class=\"wp-block-columns box_sans_border is-layout-flex wp-container-core-columns-is-layout-9d6595d7 wp-block-columns-is-layout-flex\">\n<div class=\"wp-block-column texte_planif is-layout-flow wp-block-column-is-layout-flow\" style=\"font-size:14px;flex-basis:60%\">\n<p class=\"option_titre2\"><strong>Opci\u00f3n 1: En Montecarlo<\/strong><\/p>\n\n\n\n<p style=\"font-size:14px\">Descubra los palacios de lujo del barrio m\u00e1s codiciado de M\u00f3naco:<\/p>\n\n\n\n<ul class=\"ul_box wp-block-list\">\n<li style=\"font-size:14px\"><strong>H\u00f4tel de<\/strong> Paris &#8211; <a href=\"https:\/\/www.booking.com\/hotel\/mc\/ha-tel-de-paris.html?aid=2319618\" target=\"_blank\" rel=\"noreferrer noopener sponsored nofollow\">ver precios, fotos y disponibilidad<\/a><\/li>\n\n\n\n<li style=\"font-size:14px\"><strong>Hotel Hermitage<\/strong> <a href=\"https:\/\/www.booking.com\/hotel\/mc\/ha-tel-hermitage.html?aid=2319618\" target=\"_blank\" rel=\"noreferrer noopener sponsored nofollow\">&#8211; ver precios, fotos y disponibilidad<\/a><\/li>\n\n\n\n<li style=\"font-size:14px\"><strong>Hotel M\u00e9tropole<\/strong> <a href=\"https:\/\/www.booking.com\/hotel\/mc\/metropole-monte-carlo.html?aid=2319618\" target=\"_blank\" rel=\"noreferrer noopener sponsored nofollow\">&#8211; ver precios, fotos y disponibilidad<\/a><\/li>\n<\/ul>\n<\/div>\n\n\n\n<div class=\"wp-block-column is-vertically-aligned-top planif-radius is-layout-flow wp-block-column-is-layout-flow\" style=\"flex-basis:40%\">\n<figure class=\"wp-block-image size-large img-portrait\"><img decoding=\"async\" src=\"https:\/\/photos.smugmug.com\/Provence-Lovers\/Monaco\/H&#xF4;tels\/n-MhWPh8\/H&#xF4;tel-Hermitage\/i-h94Jxwh\/0\/ccfe842f\/L\/Monaco-HotelHermitage-coupoleiffel-L.jpg\" alt=\"Vista de la c&#xFA;pula Eiffel del H&#xF4;tel Hermitage.  \" title=\"\"\/><\/figure>\n<\/div>\n<\/div>\n\n\n\n<hr class=\"wp-block-separator has-text-color has-alpha-channel-opacity has-background is-style-wide hr-box-planif\" style=\"background-color:#ccd3dd;color:#ccd3dd\"\/>\n\n\n\n<div class=\"wp-block-columns box_sans_border is-layout-flex wp-container-core-columns-is-layout-9d6595d7 wp-block-columns-is-layout-flex\">\n<div class=\"wp-block-column texte_planif is-layout-flow wp-block-column-is-layout-flow\" style=\"font-size:14px;flex-basis:60%\">\n<p class=\"option_titre\"><strong>Opci\u00f3n 2: Larvotto<\/strong><\/p>\n\n\n\n<p style=\"font-size:14px\">Cerca de la playa de Larvotto, encontrar\u00e1 algunos espl\u00e9ndidos hoteles resort.<br\/>Le recomendamos..:<\/p>\n\n\n\n<ul class=\"ul_box wp-block-list\">\n<li style=\"font-size:14px\"><strong>Monte-Carlo Bay Hotel &amp;<\/strong> Resort &#8211; <a href=\"https:\/\/www.booking.com\/hotel\/mc\/monte-carlo-bay.html?aid=2319618\" target=\"_blank\" rel=\"noreferrer noopener sponsored nofollow\">ver precios, fotos y disponibilidad<\/a><\/li>\n\n\n\n<li style=\"font-size:14px\"><strong>Le<\/strong> <strong>M\u00e9ridien Beach<\/strong> Plaza &#8211; <a href=\"https:\/\/www.booking.com\/hotel\/mc\/lemeridienbeachplaza.html?aid=2319618\" target=\"_blank\" rel=\"noreferrer noopener sponsored nofollow\">ver precios, fotos y disponibilidad<\/a><\/li>\n<\/ul>\n<\/div>\n\n\n\n<div class=\"wp-block-column is-vertically-aligned-top planif-radius is-layout-flow wp-block-column-is-layout-flow\" style=\"flex-basis:40%\">\n<figure class=\"wp-block-image size-large img-portrait\"><img decoding=\"async\" src=\"https:\/\/photos.smugmug.com\/Provence-Lovers\/Monaco\/H&#xF4;tels\/n-MhWPh8\/Monte-Carlo-Bay-Resort\/i-9VGGDBp\/0\/95a2a4ff\/L\/Monaco-MonteCarloBay-vuederriere-L.jpg\" alt=\"Vista del Monte Carlo Bay Hotel &amp;amp; Resort.\" title=\"\"\/><\/figure>\n<\/div>\n<\/div>\n\n\n\n<hr class=\"wp-block-separator has-text-color has-alpha-channel-opacity has-background is-style-wide hr-box-planif\" style=\"background-color:#ccd3dd;color:#ccd3dd\"\/>\n\n\n\n<div class=\"wp-block-columns box_sans_border is-layout-flex wp-container-core-columns-is-layout-9d6595d7 wp-block-columns-is-layout-flex\">\n<div class=\"wp-block-column texte_planif is-layout-flow wp-block-column-is-layout-flow\" style=\"flex-basis:60%\">\n<p class=\"option_titre\"><strong>Opci\u00f3n 3: En Port-Hercule<\/strong><\/p>\n\n\n\n<p style=\"font-size:14px\">Hoteles boutique con magn\u00edficas vistas al puerto y al Rocher.<\/p>\n\n\n\n<ul class=\"ul_box wp-block-list\">\n<li class=\"ul_box\" style=\"font-size:14px\"><strong>H\u00f4tel Miramar<\/strong> &#8211; <a href=\"https:\/\/www.booking.com\/hotel\/mc\/miramar-monte-carlo1.html?aid=2319618\" target=\"_blank\" rel=\"noreferrer noopener sponsored nofollow\">ver precios, fotos y disponibilidad<\/a><\/li>\n\n\n\n<li class=\"ul_box\" style=\"font-size:14px\"><strong>Port<\/strong> Palace &#8211; <a href=\"https:\/\/www.booking.com\/hotel\/mc\/port-palace.html?aid=2319618\" target=\"_blank\" rel=\"noreferrer noopener sponsored nofollow\">ver precios, fotos y disponibilidad<\/a><\/li>\n<\/ul>\n<\/div>\n\n\n\n<div class=\"wp-block-column is-vertically-aligned-top planif-radius is-layout-flow wp-block-column-is-layout-flow\" style=\"flex-basis:40%\">\n<figure class=\"wp-block-image size-large\"><img decoding=\"async\" src=\"https:\/\/photos.smugmug.com\/Provence-Lovers\/Monaco\/H&#xF4;tels\/n-MhWPh8\/H&#xF4;tel-Miramar\/i-2m4732T\/0\/fbdf7348\/L\/Monaco-ho&#x302;telmiramar-rooftop-L.jpg\" alt=\"Vista del puerto desde el hotel Miramar.\"\/><\/figure>\n<\/div>\n<\/div>\n\n\n\n<p class=\"has-text-align-center\"><a href=\"https:\/\/provencelovers.fr\/es\/mejores-hoteles-monaco-donde-alojarse\/\">Vea nuestras rese\u00f1as de los mejores hoteles de M\u00f3naco<\/a><\/p>\n\n\n\n<div class=\"wp-block-buttons planif_bouton is-content-justification-center is-layout-flex wp-container-core-buttons-is-layout-16018d1d wp-block-buttons-is-layout-flex\">\n<div class=\"wp-block-button has-custom-font-size\" style=\"font-size:14px\"><a class=\"wp-block-button__link has-white-color has-text-color wp-element-button\" href=\"https:\/\/www.booking.com\/city\/mc\/monaco.html?aid=2319618\" style=\"border-radius:4px\" target=\"_blank\" rel=\"noreferrer noopener\">Ver todos los alojamientos disponibles  <img loading=\"lazy\" decoding=\"async\" width=\"16\" height=\"17\" class=\"wp-image-2851\" style=\"width: 16px;\" src=\"https:\/\/provencelovers.fr\/wp-content\/uploads\/2023\/08\/ArrowRight.webp\" alt=\"\"\/><\/a><\/div>\n<\/div>\n<\/div><\/div><\/div>\n\n<div style=\"margin-top:8%;margin-bottom:8%\" class=\"wp-block-genesis-blocks-gb-container box gb-block-container\"><div class=\"gb-container-inside\"><div class=\"gb-container-content\">\n<div class=\"wp-block-columns inverse is-layout-flex wp-container-core-columns-is-layout-9d6595d7 wp-block-columns-is-layout-flex\">\n<div class=\"wp-block-column texte_planif is-layout-flow wp-block-column-is-layout-flow\" style=\"flex-basis:58%\">\n<h5 class=\"titre_box\">PLANIFIQUE SU ESTANCIA EN <span class=\"titre_box_manuscrit\">M\u00f3naco<\/span><\/h5>\n\n\n\n<ul class=\"wp-block-list\">\n<li style=\"font-size:14px\"><a href=\"https:\/\/provencelovers.fr\/es\/que-ver-monaco-visitar\/\" target=\"_blank\" rel=\"noreferrer noopener\">Qu\u00e9 ver en M\u00f3naco<\/a><\/li>\n\n\n\n<li style=\"font-size:14px\"><a href=\"https:\/\/provencelovers.fr\/es\/mejores-hoteles-monaco-donde-alojarse\/\" target=\"_blank\" rel=\"noreferrer noopener\">Los mejores hoteles para alojarse en M\u00f3naco<\/a><\/li>\n\n\n\n<li style=\"font-size:14px\"><a href=\"https:\/\/provencelovers.fr\/es\/mejor-restaurante-monaco-donde-comer-opiniones\/\" target=\"_blank\" rel=\"noreferrer noopener\">Los mejores restaurantes<\/a><\/li>\n\n\n\n<li style=\"font-size:14px\"><a href=\"https:\/\/provencelovers.fr\/es\/mejores-museos-monaco\/\" target=\"_blank\" rel=\"noreferrer noopener\">Los mejores museos<\/a><\/li>\n\n\n\n<li style=\"font-size:14px\"><a href=\"https:\/\/provencelovers.fr\/es\/mejores-jardines-monaco\/\" target=\"_blank\" rel=\"noreferrer noopener\">Los jardines m\u00e1s bellos<\/a><\/li>\n\n\n\n<li style=\"font-size:14px\"><a href=\"https:\/\/provencelovers.fr\/es\/mejores-playas-monaco\/\" target=\"_blank\" rel=\"noreferrer noopener\">Las playas m\u00e1s bellas de M\u00f3naco<\/a><\/li>\n\n\n\n<li style=\"font-size:14px\"><a href=\"https:\/\/provencelovers.fr\/es\/visitar-casino-monte-carlo-monaco\/\" target=\"_blank\" rel=\"noreferrer noopener\">Visite el Casino Monte-Carlo<\/a><\/li>\n\n\n\n<li style=\"font-size:14px\"><a href=\"https:\/\/provencelovers.fr\/es\/visitar-palacio-principesco-monaco\/\" target=\"_blank\" rel=\"noreferrer noopener\">Visite el Palacio del Pr\u00edncipe<\/a><\/li>\n\n\n\n<li style=\"font-size:14px\"><a href=\"https:\/\/provencelovers.fr\/es\/visitar-museo-oceanografico-monaco\/\" target=\"_blank\" rel=\"noreferrer noopener\">Visite el Museo Oceanogr\u00e1fico<\/a><\/li>\n\n\n\n<li style=\"font-size:14px\">Itinerarios: <a href=\"https:\/\/provencelovers.fr\/es\/visitar-1-dia-monaco-itinerario\/\" target=\"_blank\" rel=\"noreferrer noopener\">1 d\u00eda<\/a> &#8211; <a href=\"https:\/\/provencelovers.fr\/es\/visitar-monaco-2-dias-itinerario-weekend\/\" target=\"_blank\" rel=\"noreferrer noopener\">2 d\u00edas<\/a> &#8211; <a href=\"https:\/\/provencelovers.fr\/es\/visitar-monaco-3-dias-itinerario-weekend\/\" target=\"_blank\" rel=\"noreferrer noopener\">3 d\u00edas<\/a><\/li>\n\n\n\n<li style=\"font-size:14px\"><a href=\"https:\/\/provencelovers.fr\/es\/mejores-excursiones-desde-monaco\/\" target=\"_blank\" rel=\"noreferrer noopener\">Excursiones desde M\u00f3naco<\/a><\/li>\n<\/ul>\n<\/div>\n\n\n\n<div class=\"wp-block-column ville-radius is-layout-flow wp-block-column-is-layout-flow\" style=\"flex-basis:42%\">\n<figure class=\"wp-block-image size-large img-portrait\"><img decoding=\"async\" src=\"https:\/\/photos.smugmug.com\/Provence-Lovers\/Monaco\/Monuments\/n-s3Pf3g\/Casino-Monte-Carlo\/i-43DmvPp\/0\/4b24376f\/L\/Monaco-casino-vuedepuisjardin-L.jpg\" alt=\"Antibes\" style=\"object-fit:contain\" title=\"\"\/><\/figure>\n<\/div>\n<\/div>\n<\/div><\/div><\/div>\n\n<div class=\"wp-block-genesis-blocks-gb-container box_auteur_voyage gb-block-container\"><div class=\"gb-container-inside\"><div class=\"gb-container-content\">\n<figure class=\"wp-block-image size-large img_auteur_voyage img_provisoire\"><a href=\"https:\/\/provencelovers.fr\/es\/fanny-auffret\/\" target=\"_blank\" rel=\"noreferrer noopener\"><img decoding=\"async\" src=\"https:\/\/photos.smugmug.com\/Region-Lovers\/Equipe\/i-b86hwDm\/0\/DNp4bG875MSSWxwrL8MzRTWRgc7Tbj5XwsMn2LXBC\/L\/fanny-L.jpg\" alt=\"\" style=\"object-fit:cover\"\/><\/a><\/figure>\n\n\n\n<h5 class=\"titre_auteur_voyage\"><span>HIZO EL VIAJE Y ESCRIBI\u00d3 EL ART\u00cdCULO \n <\/span><span class=\"titre_box_manuscrit\">Fanny<\/span><\/h5>\n<\/div><\/div><\/div>\n","protected":false},"excerpt":{"rendered":"<p>En el famoso barrio de Monte-Carlo, y m\u00e1s concretamente frente a la popular Place du Casino, encontrar\u00e1 un entorno verde. Se trata de los Jardines de la Peque\u00f1a \u00c1frica, creados a finales del siglo XIX a petici\u00f3n del pr\u00edncipe Carlos III. \u00bfEl objetivo? Cree un espacio verde que d\u00e9 la impresi\u00f3n de una eterna primavera [&hellip;]<\/p>\n","protected":false},"author":5,"featured_media":9881,"comment_status":"closed","ping_status":"closed","sticky":false,"template":"","format":"standard","meta":{"_genesis_hide_title":false,"_genesis_hide_breadcrumbs":false,"_genesis_hide_singular_image":false,"_genesis_hide_footer_widgets":false,"_genesis_custom_body_class":"","_genesis_custom_post_class":"","_genesis_layout":"","footnotes":""},"categories":[146],"tags":[],"class_list":{"0":"post-9886","1":"post","2":"type-post","3":"status-publish","4":"format-standard","5":"has-post-thumbnail","7":"category-monaco-es-2","8":"entry"},"yoast_head":"<!-- This site is optimized with the Yoast SEO plugin v27.2 - https:\/\/yoast.com\/product\/yoast-seo-wordpress\/ -->\n<title>Jardines de la Peque\u00f1a \u00c1frica (M\u00f3naco): visita + fotos<\/title>\n<meta name=\"description\" content=\"Nuestros consejos y fotos para visitar los Jardines de la Peque\u00f1a \u00c1frica en M\u00f3naco: c\u00f3mo llegar, lugares de inter\u00e9s, informaci\u00f3n pr\u00e1ctica...\" \/>\n<meta name=\"robots\" content=\"index, follow, max-snippet:-1, max-image-preview:large, max-video-preview:-1\" \/>\n<link rel=\"canonical\" href=\"https:\/\/provencelovers.fr\/es\/visitar-jardines-pequena-africa-monaco\/\" \/>\n<meta property=\"og:locale\" content=\"es_ES\" \/>\n<meta property=\"og:type\" content=\"article\" \/>\n<meta property=\"og:title\" content=\"Jardines de la Peque\u00f1a \u00c1frica (M\u00f3naco): visita + fotos\" \/>\n<meta property=\"og:description\" content=\"Nuestros consejos y fotos para visitar los Jardines de la Peque\u00f1a \u00c1frica en M\u00f3naco: c\u00f3mo llegar, lugares de inter\u00e9s, informaci\u00f3n pr\u00e1ctica...\" \/>\n<meta property=\"og:url\" content=\"https:\/\/provencelovers.fr\/es\/visitar-jardines-pequena-africa-monaco\/\" \/>\n<meta property=\"og:site_name\" content=\"Provence Lovers\" \/>\n<meta property=\"article:published_time\" content=\"2024-02-27T11:01:51+00:00\" \/>\n<meta property=\"article:modified_time\" content=\"2024-02-28T14:34:20+00:00\" \/>\n<meta property=\"og:image\" content=\"https:\/\/provencelovers.fr\/wp-content\/uploads\/2024\/02\/visitar-jardines-petite-afrique-monaco.jpeg\" \/>\n\t<meta property=\"og:image:width\" content=\"800\" \/>\n\t<meta property=\"og:image:height\" content=\"600\" \/>\n\t<meta property=\"og:image:type\" content=\"image\/jpeg\" \/>\n<meta name=\"author\" content=\"Fanny AUFFRET\" \/>\n<meta name=\"twitter:card\" content=\"summary_large_image\" \/>\n<meta name=\"twitter:label1\" content=\"Escrito por\" \/>\n\t<meta name=\"twitter:data1\" content=\"Fanny AUFFRET\" \/>\n\t<meta name=\"twitter:label2\" content=\"Tiempo de lectura\" \/>\n\t<meta name=\"twitter:data2\" content=\"6 minutos\" \/>\n<script type=\"application\/ld+json\" class=\"yoast-schema-graph\">{\"@context\":\"https:\/\/schema.org\",\"@graph\":[{\"@type\":\"Article\",\"@id\":\"https:\/\/provencelovers.fr\/es\/visitar-jardines-pequena-africa-monaco\/#article\",\"isPartOf\":{\"@id\":\"https:\/\/provencelovers.fr\/es\/visitar-jardines-pequena-africa-monaco\/\"},\"author\":{\"name\":\"Fanny AUFFRET\",\"@id\":\"https:\/\/provencelovers.fr\/es\/#\/schema\/person\/91037d9e34dd71665f4c646e59262d5c\"},\"headline\":\"Jardines de la Peque\u00f1a \u00c1frica (M\u00f3naco): visita + fotos\",\"datePublished\":\"2024-02-27T11:01:51+00:00\",\"dateModified\":\"2024-02-28T14:34:20+00:00\",\"mainEntityOfPage\":{\"@id\":\"https:\/\/provencelovers.fr\/es\/visitar-jardines-pequena-africa-monaco\/\"},\"wordCount\":1152,\"publisher\":{\"@id\":\"https:\/\/provencelovers.fr\/es\/#organization\"},\"image\":{\"@id\":\"https:\/\/provencelovers.fr\/es\/visitar-jardines-pequena-africa-monaco\/#primaryimage\"},\"thumbnailUrl\":\"https:\/\/provencelovers.fr\/wp-content\/uploads\/2024\/02\/visitar-jardines-petite-afrique-monaco.jpeg\",\"articleSection\":[\"M\u00f3naco y alrededores\"],\"inLanguage\":\"es\"},{\"@type\":\"WebPage\",\"@id\":\"https:\/\/provencelovers.fr\/es\/visitar-jardines-pequena-africa-monaco\/\",\"url\":\"https:\/\/provencelovers.fr\/es\/visitar-jardines-pequena-africa-monaco\/\",\"name\":\"Jardines de la Peque\u00f1a \u00c1frica (M\u00f3naco): visita + fotos\",\"isPartOf\":{\"@id\":\"https:\/\/provencelovers.fr\/es\/#website\"},\"primaryImageOfPage\":{\"@id\":\"https:\/\/provencelovers.fr\/es\/visitar-jardines-pequena-africa-monaco\/#primaryimage\"},\"image\":{\"@id\":\"https:\/\/provencelovers.fr\/es\/visitar-jardines-pequena-africa-monaco\/#primaryimage\"},\"thumbnailUrl\":\"https:\/\/provencelovers.fr\/wp-content\/uploads\/2024\/02\/visitar-jardines-petite-afrique-monaco.jpeg\",\"datePublished\":\"2024-02-27T11:01:51+00:00\",\"dateModified\":\"2024-02-28T14:34:20+00:00\",\"description\":\"Nuestros consejos y fotos para visitar los Jardines de la Peque\u00f1a \u00c1frica en M\u00f3naco: c\u00f3mo llegar, lugares de inter\u00e9s, informaci\u00f3n pr\u00e1ctica...\",\"breadcrumb\":{\"@id\":\"https:\/\/provencelovers.fr\/es\/visitar-jardines-pequena-africa-monaco\/#breadcrumb\"},\"inLanguage\":\"es\",\"potentialAction\":[{\"@type\":\"ReadAction\",\"target\":[\"https:\/\/provencelovers.fr\/es\/visitar-jardines-pequena-africa-monaco\/\"]}]},{\"@type\":\"ImageObject\",\"inLanguage\":\"es\",\"@id\":\"https:\/\/provencelovers.fr\/es\/visitar-jardines-pequena-africa-monaco\/#primaryimage\",\"url\":\"https:\/\/provencelovers.fr\/wp-content\/uploads\/2024\/02\/visitar-jardines-petite-afrique-monaco.jpeg\",\"contentUrl\":\"https:\/\/provencelovers.fr\/wp-content\/uploads\/2024\/02\/visitar-jardines-petite-afrique-monaco.jpeg\",\"width\":800,\"height\":600,\"caption\":\"Lea nuestro art\u00edculo sobre los Jardines de la Petite Afrique en M\u00f3naco.\"},{\"@type\":\"BreadcrumbList\",\"@id\":\"https:\/\/provencelovers.fr\/es\/visitar-jardines-pequena-africa-monaco\/#breadcrumb\",\"itemListElement\":[{\"@type\":\"ListItem\",\"position\":1,\"name\":\"Home\",\"item\":\"https:\/\/provencelovers.fr\/es\/\"},{\"@type\":\"ListItem\",\"position\":2,\"name\":\"M\u00f3naco y alrededores\",\"item\":\"https:\/\/provencelovers.fr\/es\/monaco-es-2\/\"},{\"@type\":\"ListItem\",\"position\":3,\"name\":\"Jardines de la Peque\u00f1a \u00c1frica (M\u00f3naco): visita + fotos\"}]},{\"@type\":\"WebSite\",\"@id\":\"https:\/\/provencelovers.fr\/es\/#website\",\"url\":\"https:\/\/provencelovers.fr\/es\/\",\"name\":\"Provence Lovers\",\"description\":\"Despertar los sentidos en Provenza - Le blog de Claire et Manu\",\"publisher\":{\"@id\":\"https:\/\/provencelovers.fr\/es\/#organization\"},\"potentialAction\":[{\"@type\":\"SearchAction\",\"target\":{\"@type\":\"EntryPoint\",\"urlTemplate\":\"https:\/\/provencelovers.fr\/es\/?s={search_term_string}\"},\"query-input\":{\"@type\":\"PropertyValueSpecification\",\"valueRequired\":true,\"valueName\":\"search_term_string\"}}],\"inLanguage\":\"es\"},{\"@type\":\"Organization\",\"@id\":\"https:\/\/provencelovers.fr\/es\/#organization\",\"name\":\"Provence Lovers\",\"url\":\"https:\/\/provencelovers.fr\/es\/\",\"logo\":{\"@type\":\"ImageObject\",\"inLanguage\":\"es\",\"@id\":\"https:\/\/provencelovers.fr\/es\/#\/schema\/logo\/image\/\",\"url\":\"https:\/\/provencelovers.fr\/wp-content\/uploads\/2022\/11\/Blog-Provence-Lovers-Logos.png\",\"contentUrl\":\"https:\/\/provencelovers.fr\/wp-content\/uploads\/2022\/11\/Blog-Provence-Lovers-Logos.png\",\"width\":2707,\"height\":863,\"caption\":\"Provence Lovers\"},\"image\":{\"@id\":\"https:\/\/provencelovers.fr\/es\/#\/schema\/logo\/image\/\"}},{\"@type\":\"Person\",\"@id\":\"https:\/\/provencelovers.fr\/es\/#\/schema\/person\/91037d9e34dd71665f4c646e59262d5c\",\"name\":\"Fanny AUFFRET\",\"image\":{\"@type\":\"ImageObject\",\"inLanguage\":\"es\",\"@id\":\"https:\/\/secure.gravatar.com\/avatar\/427ee1e4acd3afe441bfd6c65244bc4480204fb97e65fd36a95e5246b2f8ebe2?s=96&d=mm&r=g\",\"url\":\"https:\/\/secure.gravatar.com\/avatar\/427ee1e4acd3afe441bfd6c65244bc4480204fb97e65fd36a95e5246b2f8ebe2?s=96&d=mm&r=g\",\"contentUrl\":\"https:\/\/secure.gravatar.com\/avatar\/427ee1e4acd3afe441bfd6c65244bc4480204fb97e65fd36a95e5246b2f8ebe2?s=96&d=mm&r=g\",\"caption\":\"Fanny AUFFRET\"},\"sameAs\":[\"https:\/\/provencelovers.fr\/fanny-auffret\/\"],\"url\":\"https:\/\/provencelovers.fr\/es\/author\/fanny\/\"}]}<\/script>\n<!-- \/ Yoast SEO plugin. -->","yoast_head_json":{"title":"Jardines de la Peque\u00f1a \u00c1frica (M\u00f3naco): visita + fotos","description":"Nuestros consejos y fotos para visitar los Jardines de la Peque\u00f1a \u00c1frica en M\u00f3naco: c\u00f3mo llegar, lugares de inter\u00e9s, informaci\u00f3n pr\u00e1ctica...","robots":{"index":"index","follow":"follow","max-snippet":"max-snippet:-1","max-image-preview":"max-image-preview:large","max-video-preview":"max-video-preview:-1"},"canonical":"https:\/\/provencelovers.fr\/es\/visitar-jardines-pequena-africa-monaco\/","og_locale":"es_ES","og_type":"article","og_title":"Jardines de la Peque\u00f1a \u00c1frica (M\u00f3naco): visita + fotos","og_description":"Nuestros consejos y fotos para visitar los Jardines de la Peque\u00f1a \u00c1frica en M\u00f3naco: c\u00f3mo llegar, lugares de inter\u00e9s, informaci\u00f3n pr\u00e1ctica...","og_url":"https:\/\/provencelovers.fr\/es\/visitar-jardines-pequena-africa-monaco\/","og_site_name":"Provence Lovers","article_published_time":"2024-02-27T11:01:51+00:00","article_modified_time":"2024-02-28T14:34:20+00:00","og_image":[{"width":800,"height":600,"url":"https:\/\/provencelovers.fr\/wp-content\/uploads\/2024\/02\/visitar-jardines-petite-afrique-monaco.jpeg","type":"image\/jpeg"}],"author":"Fanny AUFFRET","twitter_card":"summary_large_image","twitter_misc":{"Escrito por":"Fanny AUFFRET","Tiempo de lectura":"6 minutos"},"schema":{"@context":"https:\/\/schema.org","@graph":[{"@type":"Article","@id":"https:\/\/provencelovers.fr\/es\/visitar-jardines-pequena-africa-monaco\/#article","isPartOf":{"@id":"https:\/\/provencelovers.fr\/es\/visitar-jardines-pequena-africa-monaco\/"},"author":{"name":"Fanny AUFFRET","@id":"https:\/\/provencelovers.fr\/es\/#\/schema\/person\/91037d9e34dd71665f4c646e59262d5c"},"headline":"Jardines de la Peque\u00f1a \u00c1frica (M\u00f3naco): visita + fotos","datePublished":"2024-02-27T11:01:51+00:00","dateModified":"2024-02-28T14:34:20+00:00","mainEntityOfPage":{"@id":"https:\/\/provencelovers.fr\/es\/visitar-jardines-pequena-africa-monaco\/"},"wordCount":1152,"publisher":{"@id":"https:\/\/provencelovers.fr\/es\/#organization"},"image":{"@id":"https:\/\/provencelovers.fr\/es\/visitar-jardines-pequena-africa-monaco\/#primaryimage"},"thumbnailUrl":"https:\/\/provencelovers.fr\/wp-content\/uploads\/2024\/02\/visitar-jardines-petite-afrique-monaco.jpeg","articleSection":["M\u00f3naco y alrededores"],"inLanguage":"es"},{"@type":"WebPage","@id":"https:\/\/provencelovers.fr\/es\/visitar-jardines-pequena-africa-monaco\/","url":"https:\/\/provencelovers.fr\/es\/visitar-jardines-pequena-africa-monaco\/","name":"Jardines de la Peque\u00f1a \u00c1frica (M\u00f3naco): visita + fotos","isPartOf":{"@id":"https:\/\/provencelovers.fr\/es\/#website"},"primaryImageOfPage":{"@id":"https:\/\/provencelovers.fr\/es\/visitar-jardines-pequena-africa-monaco\/#primaryimage"},"image":{"@id":"https:\/\/provencelovers.fr\/es\/visitar-jardines-pequena-africa-monaco\/#primaryimage"},"thumbnailUrl":"https:\/\/provencelovers.fr\/wp-content\/uploads\/2024\/02\/visitar-jardines-petite-afrique-monaco.jpeg","datePublished":"2024-02-27T11:01:51+00:00","dateModified":"2024-02-28T14:34:20+00:00","description":"Nuestros consejos y fotos para visitar los Jardines de la Peque\u00f1a \u00c1frica en M\u00f3naco: c\u00f3mo llegar, lugares de inter\u00e9s, informaci\u00f3n pr\u00e1ctica...","breadcrumb":{"@id":"https:\/\/provencelovers.fr\/es\/visitar-jardines-pequena-africa-monaco\/#breadcrumb"},"inLanguage":"es","potentialAction":[{"@type":"ReadAction","target":["https:\/\/provencelovers.fr\/es\/visitar-jardines-pequena-africa-monaco\/"]}]},{"@type":"ImageObject","inLanguage":"es","@id":"https:\/\/provencelovers.fr\/es\/visitar-jardines-pequena-africa-monaco\/#primaryimage","url":"https:\/\/provencelovers.fr\/wp-content\/uploads\/2024\/02\/visitar-jardines-petite-afrique-monaco.jpeg","contentUrl":"https:\/\/provencelovers.fr\/wp-content\/uploads\/2024\/02\/visitar-jardines-petite-afrique-monaco.jpeg","width":800,"height":600,"caption":"Lea nuestro art\u00edculo sobre los Jardines de la Petite Afrique en M\u00f3naco."},{"@type":"BreadcrumbList","@id":"https:\/\/provencelovers.fr\/es\/visitar-jardines-pequena-africa-monaco\/#breadcrumb","itemListElement":[{"@type":"ListItem","position":1,"name":"Home","item":"https:\/\/provencelovers.fr\/es\/"},{"@type":"ListItem","position":2,"name":"M\u00f3naco y alrededores","item":"https:\/\/provencelovers.fr\/es\/monaco-es-2\/"},{"@type":"ListItem","position":3,"name":"Jardines de la Peque\u00f1a \u00c1frica (M\u00f3naco): visita + fotos"}]},{"@type":"WebSite","@id":"https:\/\/provencelovers.fr\/es\/#website","url":"https:\/\/provencelovers.fr\/es\/","name":"Provence Lovers","description":"Despertar los sentidos en Provenza - Le blog de Claire et Manu","publisher":{"@id":"https:\/\/provencelovers.fr\/es\/#organization"},"potentialAction":[{"@type":"SearchAction","target":{"@type":"EntryPoint","urlTemplate":"https:\/\/provencelovers.fr\/es\/?s={search_term_string}"},"query-input":{"@type":"PropertyValueSpecification","valueRequired":true,"valueName":"search_term_string"}}],"inLanguage":"es"},{"@type":"Organization","@id":"https:\/\/provencelovers.fr\/es\/#organization","name":"Provence Lovers","url":"https:\/\/provencelovers.fr\/es\/","logo":{"@type":"ImageObject","inLanguage":"es","@id":"https:\/\/provencelovers.fr\/es\/#\/schema\/logo\/image\/","url":"https:\/\/provencelovers.fr\/wp-content\/uploads\/2022\/11\/Blog-Provence-Lovers-Logos.png","contentUrl":"https:\/\/provencelovers.fr\/wp-content\/uploads\/2022\/11\/Blog-Provence-Lovers-Logos.png","width":2707,"height":863,"caption":"Provence Lovers"},"image":{"@id":"https:\/\/provencelovers.fr\/es\/#\/schema\/logo\/image\/"}},{"@type":"Person","@id":"https:\/\/provencelovers.fr\/es\/#\/schema\/person\/91037d9e34dd71665f4c646e59262d5c","name":"Fanny AUFFRET","image":{"@type":"ImageObject","inLanguage":"es","@id":"https:\/\/secure.gravatar.com\/avatar\/427ee1e4acd3afe441bfd6c65244bc4480204fb97e65fd36a95e5246b2f8ebe2?s=96&d=mm&r=g","url":"https:\/\/secure.gravatar.com\/avatar\/427ee1e4acd3afe441bfd6c65244bc4480204fb97e65fd36a95e5246b2f8ebe2?s=96&d=mm&r=g","contentUrl":"https:\/\/secure.gravatar.com\/avatar\/427ee1e4acd3afe441bfd6c65244bc4480204fb97e65fd36a95e5246b2f8ebe2?s=96&d=mm&r=g","caption":"Fanny AUFFRET"},"sameAs":["https:\/\/provencelovers.fr\/fanny-auffret\/"],"url":"https:\/\/provencelovers.fr\/es\/author\/fanny\/"}]}},"featured_image_src":"https:\/\/provencelovers.fr\/wp-content\/uploads\/2024\/02\/visitar-jardines-petite-afrique-monaco-600x400.jpeg","featured_image_src_square":"https:\/\/provencelovers.fr\/wp-content\/uploads\/2024\/02\/visitar-jardines-petite-afrique-monaco-600x600.jpeg","author_info":{"display_name":"Fanny AUFFRET","author_link":"https:\/\/provencelovers.fr\/es\/author\/fanny\/"},"_links":{"self":[{"href":"https:\/\/provencelovers.fr\/es\/wp-json\/wp\/v2\/posts\/9886","targetHints":{"allow":["GET"]}}],"collection":[{"href":"https:\/\/provencelovers.fr\/es\/wp-json\/wp\/v2\/posts"}],"about":[{"href":"https:\/\/provencelovers.fr\/es\/wp-json\/wp\/v2\/types\/post"}],"author":[{"embeddable":true,"href":"https:\/\/provencelovers.fr\/es\/wp-json\/wp\/v2\/users\/5"}],"replies":[{"embeddable":true,"href":"https:\/\/provencelovers.fr\/es\/wp-json\/wp\/v2\/comments?post=9886"}],"version-history":[{"count":0,"href":"https:\/\/provencelovers.fr\/es\/wp-json\/wp\/v2\/posts\/9886\/revisions"}],"wp:featuredmedia":[{"embeddable":true,"href":"https:\/\/provencelovers.fr\/es\/wp-json\/wp\/v2\/media\/9881"}],"wp:attachment":[{"href":"https:\/\/provencelovers.fr\/es\/wp-json\/wp\/v2\/media?parent=9886"}],"wp:term":[{"taxonomy":"category","embeddable":true,"href":"https:\/\/provencelovers.fr\/es\/wp-json\/wp\/v2\/categories?post=9886"},{"taxonomy":"post_tag","embeddable":true,"href":"https:\/\/provencelovers.fr\/es\/wp-json\/wp\/v2\/tags?post=9886"}],"curies":[{"name":"wp","href":"https:\/\/api.w.org\/{rel}","templated":true}]}}