{"id":9248,"date":"2024-02-07T15:14:18","date_gmt":"2024-02-07T14:14:18","guid":{"rendered":"https:\/\/provencelovers.fr\/visit-villa-kerylos-beaulieu-sur-mer\/"},"modified":"2024-06-01T10:37:01","modified_gmt":"2024-06-01T08:37:01","slug":"visitar-villa-kerylos-beaulieu-sur-mer","status":"publish","type":"post","link":"https:\/\/provencelovers.fr\/es\/visitar-villa-kerylos-beaulieu-sur-mer\/","title":{"rendered":"Villa K\u00e9rylos (Beaulieu-sur-Mer): visita + fotos"},"content":{"rendered":"\n<p>\u00bfDe visita en la <strong>Costa<\/strong> Azul? Le sugerimos que haga una parada en Beaulieu-sur-Mer para <strong>visitar Villa K\u00e9rylos<\/strong>.<\/p>\n\n<p>Nos encant\u00f3 descubrir este <strong>lugar \u00fanico<\/strong>. A la vez reconstrucci\u00f3n e interpretaci\u00f3n contempor\u00e1nea de una <strong>antigua casa griega<\/strong>, Villa K\u00e9rylos le har\u00e1 viajar en el tiempo y en el espacio. En el programa: mosaicos, frescos, termas, m\u00e1rmol italiano, mitos y leyendas, impresionantes vistas del Mediterr\u00e1neo \u00a1y mucho m\u00e1s!<\/p>\n\n<p>En este art\u00edculo encontrar\u00e1 algunos <strong>consejos \u00fatiles<\/strong> que le ayudar\u00e1n a preparar su visita y \u00a1a pasarlo de maravilla!<\/p>\n\n<figure class=\"wp-block-image size-full\"><img decoding=\"async\" src=\"https:\/\/provencelovers.fr\/wp-content\/uploads\/2024\/02\/visitar-museo-villa-kerylos-beaulieu-sur-mer.jpg\" alt=\"Nuestros consejos y fotos para visitar la villa kerylos en Beaulieu-sur-mer: acceso, lugares de inter&#xE9;s, informaci&#xF3;n pr&#xE1;ctica\" class=\"wp-image-9040\"\/><\/figure>\n\n<div class=\"wp-block-genesis-blocks-gb-container gb-block-container\"><div class=\"gb-container-inside\"><div class=\"gb-container-content\">\n<p>Esta gu\u00eda es totalmente <strong>independiente<\/strong> y se basa en nuestras experiencias. Visitamos la regi\u00f3n de forma an\u00f3nima, tomando nuestras propias decisiones y pagando \u00edntegramente nuestras facturas.<\/p>\n<\/div><\/div><\/div>\n\n<h2 class=\"wp-block-heading\">\u00bfPor qu\u00e9 visitar Villa K\u00e9rylos en Beaulieu-sur-Mer?<\/h2>\n\n<h3 class=\"wp-block-heading\">\u00bfMerece la pena Villa K\u00e9rylos? Nuestra opini\u00f3n:<\/h3>\n\n<p>S\u00ed, creemos que la Villa K\u00e9rylos bien merece una visita.<\/p>\n\n<p>Creemos que es una <strong>obra maestra de la arquitectura y la decoraci\u00f3n<\/strong>.<br\/>La villa es \u00fanica en su g\u00e9nero. No existe ninguna otra reconstrucci\u00f3n de una antigua vivienda griega de esta calidad. Una visita le permitir\u00e1 conocer <strong>el arte y la cultura <\/strong>de<strong> la antigua Grecia<\/strong>.<br\/>Nos encantaron las vistas ininterrumpidas al mar tanto desde la villa como desde su hermoso jard\u00edn mediterr\u00e1neo.<\/p>\n\n<p>De hecho, es una de <a href=\"https:\/\/provencelovers.fr\/es\/que-ver-beaulieu-sur-mer-visitar\/\" target=\"_blank\" rel=\"noreferrer noopener\">las mejores atracciones de Beaulieu<\/a>.<\/p>\n\n<figure class=\"wp-block-image size-large\"><img decoding=\"async\" src=\"https:\/\/photos.smugmug.com\/Provence-Lovers\/Beaulieu-sur-Mer\/n-kwnx6C\/Villa-Kerylos\/i-4d5nqTr\/0\/b9a367ab\/L\/Villa_Kerylos_Beaulieu-sur_mer-1-L.jpg\" alt=\"Villa K&#xE9;rylos vista desde el paseo mar&#xED;timo\"\/><\/figure>\n\n<h3 class=\"wp-block-heading\">\u00bfPor qu\u00e9 es famosa la Villa K\u00e9rylos?<\/h3>\n\n<p>Un lugar inspirado e inspirador, esta incre\u00edble creaci\u00f3n arquitect\u00f3nica es reconocida por todos los amantes del arte y la historia. Incluso acogi\u00f3 al Presidente franc\u00e9s y a su hom\u00f3logo chino en una cena oficial en 2019.<\/p>\n\n<ul class=\"wp-block-list\">\n<li>Villa K\u00e9rylos es un lugar \u00fanico. Ofrece un <strong>viaje a trav\u00e9s del tiempo y el espacio<\/strong>. Es un lugar de cultura y contemplaci\u00f3n, que nos transporta a la \u00e9poca de la Antigua Grecia.<\/li>\n\n\n\n<li>Esta casa no es una copia ni una reconstrucci\u00f3n. Es una <strong>interpretaci\u00f3n contempor\u00e1nea de la Antig\u00fcedad en los albores del siglo<\/strong> XX. Ha sido dise\u00f1ado para ser a la vez aut\u00e9ntico y moderno.<\/li>\n\n\n\n<li>Aprendimos que esta incre\u00edble casa es el resultado de una meticulosa investigaci\u00f3n y una gran creatividad. La villa est\u00e1 inspirada en las mansiones griegas del periodo helen\u00edstico. Los arquitectos utilizaron materiales y t\u00e9cnicas de construcci\u00f3n de \u00e9poca, y la decoraci\u00f3n se inspir\u00f3 en los frescos y mosaicos de la antigua Grecia.<\/li>\n<\/ul>\n\n<hr class=\"wp-block-separator has-text-color has-alpha-channel-opacity has-background is-style-wide\" style=\"background-color:#000000;color:#000000\"\/>\n\n<p class=\"has-text-align-center\"><a href=\"https:\/\/www.tiqets.com\/es\/activites-attractions-beaulieu-sur-mer-c183917\/billets-pour-villa-kerylos-entree-prioritaire-p974827?partner=region_lovers&amp;tq_campaign=PL\" target=\"_blank\" rel=\"noreferrer noopener sponsored nofollow\"><strong>Reserve ya sus entradas, con audiogu\u00eda incluida.<\/strong><\/a><\/p>\n\n<hr class=\"wp-block-separator has-text-color has-alpha-channel-opacity has-background is-style-wide\" style=\"background-color:#000000;color:#000000\"\/>\n\n<figure class=\"wp-block-image size-large\"><img decoding=\"async\" src=\"https:\/\/photos.smugmug.com\/Provence-Lovers\/Beaulieu-sur-Mer\/n-kwnx6C\/Villa-Kerylos\/i-Zwj8zzs\/0\/70acd174\/L\/villa-kerylos-L.jpg\" alt=\"Cuarto de ba&#xF1;o en la Villa K&#xE9;rylos\"\/><\/figure>\n\n<h3 class=\"wp-block-heading\">Nuestros momentos favoritos<\/h3>\n\n<p>En este art\u00edculo encontrar\u00e1 m\u00e1s informaci\u00f3n sobre nuestra visita y nuestra experiencia en este lugar, pero esto es lo que m\u00e1s nos gust\u00f3:<\/p>\n\n<ul class=\"wp-block-list\">\n<li><strong>Descubra el jard\u00edn mediterr\u00e1neo<\/strong>. Nos encant\u00f3 la belleza de las plantas y las flores, y las impresionantes vistas al mar.<\/li>\n\n\n\n<li><strong>visita al peristilo<\/strong>. La belleza de los frescos y las columnas nos impresion\u00f3 y nos transport\u00f3 a la antig\u00fcedad.<\/li>\n\n\n\n<li><strong>el descubrimiento de Andr\u00f3n<\/strong>. Nos maravill\u00f3 el mosaico de Teseo derrotando al Minotauro, que es una obra de arte extraordinaria.<\/li>\n<\/ul>\n\n<p>Tambi\u00e9n nos gust\u00f3 el ambiente de la villa, que es a la vez lujoso y aut\u00e9ntico. Tuvimos la impresi\u00f3n de retroceder en el tiempo y descubrir un antiguo modo de vida.<\/p>\n\n<figure class=\"wp-block-image size-large\"><img decoding=\"async\" src=\"https:\/\/photos.smugmug.com\/Provence-Lovers\/Beaulieu-sur-Mer\/n-kwnx6C\/Villa-Kerylos\/i-L9F4DKX\/0\/d82822c1\/L\/Villa_Kerylos_Beaulieu-sur_mer-4-L.jpg\" alt=\"Entrada a la Villa K&#xE9;rylos\"\/><\/figure>\n\n<div style=\"margin-top:8%;margin-bottom:8%\" class=\"wp-block-genesis-blocks-gb-container box gb-block-container\"><div class=\"gb-container-inside\"><div class=\"gb-container-content\" style=\"max-width:700px\">\n<div class=\"wp-block-genesis-blocks-gb-container box_titre gb-block-container\"><div class=\"gb-container-inside\"><div class=\"gb-container-content\">\n<h5 class=\"titre_box\" style=\"padding-top:10px;\">D\u00d3NDE ALOJARSE EN <span class=\"titre_box_manuscrit\">Beaulieu-sur-Mer<\/span><\/h5>\n<\/div><\/div><\/div>\n\n\n\n<hr class=\"wp-block-separator has-text-color has-alpha-channel-opacity has-background is-style-wide hr-box-planif\" style=\"background-color:#ccd3dd;color:#ccd3dd\"\/>\n\n\n\n<div class=\"wp-block-columns box_sans_border is-layout-flex wp-container-core-columns-is-layout-9d6595d7 wp-block-columns-is-layout-flex\">\n<div class=\"wp-block-column texte_planif is-layout-flow wp-block-column-is-layout-flow\" style=\"font-size:14px;flex-basis:60%\">\n<p class=\"option_titre2\"><strong>Opci\u00f3n 1: <\/strong>Paseo mar\u00edtimo<\/p>\n\n\n\n<p style=\"font-size:14px\">Disfrute del encanto del casco antiguo y de todos sus restaurantes.<br\/>Le recomendamos..:<\/p>\n\n\n\n<ul class=\"ul_box wp-block-list\">\n<li style=\"font-size:14px\"><strong>H\u00f4tel La R\u00e9serve de Beaulieu<\/strong> &#8211; <a href=\"https:\/\/www.booking.com\/hotel\/fr\/la-reserve-de-beaulieu-hotel-spa.html?aid=2319618\" target=\"_blank\" rel=\"noreferrer noopener sponsored nofollow\">ver precios, fotos y disponibilidad<\/a><\/li>\n\n\n\n<li style=\"font-size:14px\"><strong>Hotel Royal Riviera<\/strong> &#8211; <a href=\"https:\/\/www.booking.com\/hotel\/fr\/royal-riviera.html?aid=2319618\" target=\"_blank\" rel=\"noreferrer noopener sponsored nofollow\">ver precios, fotos y disponibilidad<\/a><\/li>\n<\/ul>\n<\/div>\n\n\n\n<div class=\"wp-block-column is-vertically-aligned-top planif-radius is-layout-flow wp-block-column-is-layout-flow\" style=\"flex-basis:40%\">\n<figure class=\"wp-block-image size-large img-portrait\"><img decoding=\"async\" src=\"https:\/\/photos.smugmug.com\/Provence-Lovers\/Beaulieu-sur-Mer\/n-kwnx6C\/Hotel-Rest-La-Reserve-de-Beaulieu\/i-h4gXgtD\/0\/9931afcf\/S\/Hotel-reserve-Beaulieu-piscine-S.jpg\" alt=\"H&#xF4;tel R&#xE9;serve de Beaulieu\" title=\"\"\/><\/figure>\n<\/div>\n<\/div>\n\n\n\n<hr class=\"wp-block-separator has-text-color has-alpha-channel-opacity has-background is-style-wide hr-box-planif\" style=\"background-color:#ccd3dd;color:#ccd3dd\"\/>\n\n\n\n<div class=\"wp-block-columns box_sans_border is-layout-flex wp-container-core-columns-is-layout-9d6595d7 wp-block-columns-is-layout-flex\">\n<div class=\"wp-block-column texte_planif is-layout-flow wp-block-column-is-layout-flow\" style=\"font-size:14px;flex-basis:60%\">\n<p class=\"option_titre\"><strong>Opci\u00f3n 2: <\/strong>Centro de la ciudad<\/p>\n\n\n\n<p style=\"font-size:14px\">La ciudad no est\u00e1 muy lejos de la costa, pero las vistas no ser\u00e1n las mismas. Le recomendamos..:<\/p>\n\n\n\n<ul class=\"ul_box wp-block-list\">\n<li style=\"font-size:14px\"><strong>H\u00f4tel Carlton<\/strong> &#8211; <a href=\"https:\/\/www.booking.com\/hotel\/fr\/carltonbeaulieu.html?aid=2319618\" target=\"_blank\" rel=\"noreferrer noopener sponsored nofollow\">precios, fotos y disponibilidad<\/a><\/li>\n\n\n\n<li style=\"font-size:14px\"><strong>Hotel Select<\/strong> &#8211; <a href=\"https:\/\/www.booking.com\/hotel\/fr\/hotel-select.html?aid=2319618\" target=\"_blank\" rel=\"noreferrer noopener sponsored nofollow\">ver precios, fotos y disponibilidad<\/a><\/li>\n\n\n\n<li style=\"font-size:14px\"><strong>Hotel Havre Bleu<\/strong> &#8211; <a href=\"https:\/\/www.booking.com\/hotel\/fr\/le-havre-bleu.html?aid=2319618\" target=\"_blank\" rel=\"noreferrer noopener sponsored nofollow\">ver precios, fotos y disponibilidad<\/a><\/li>\n<\/ul>\n<\/div>\n\n\n\n<div class=\"wp-block-column is-vertically-aligned-top planif-radius is-layout-flow wp-block-column-is-layout-flow\" style=\"flex-basis:40%\">\n<figure class=\"wp-block-image size-large img-portrait\"><img decoding=\"async\" src=\"https:\/\/photos.smugmug.com\/Provence-Lovers\/Beaulieu-sur-Mer\/n-kwnx6C\/Hotel-Carlton\/i-8mLvBHP\/0\/a2281074\/S\/hotel-carlton-S.jpg\" alt=\"Hotel Carlton\" title=\"\"\/><\/figure>\n<\/div>\n<\/div>\n\n\n\n<hr class=\"wp-block-separator has-text-color has-alpha-channel-opacity has-background is-style-wide hr-box-planif\" style=\"background-color:#ccd3dd;color:#ccd3dd\"\/>\n\n\n\n<div class=\"wp-block-columns box_sans_border is-layout-flex wp-container-core-columns-is-layout-9d6595d7 wp-block-columns-is-layout-flex\">\n<div class=\"wp-block-column texte_planif is-layout-flow wp-block-column-is-layout-flow\" style=\"flex-basis:60%\">\n<p class=\"option_titre\"><strong>Opci\u00f3n 3: <\/strong>Villefranches o Cap-Ferrat<\/p>\n\n\n\n<p style=\"font-size:14px\">A las afueras de Beaulieu, en los alrededores de Cap Ferrat, tambi\u00e9n podr\u00e1 disfrutar de las animadas localidades de Villefranches o de la tranquilidad del cabo.<br\/>Le recomendamos..:<\/p>\n\n\n\n<ul class=\"ul_box wp-block-list\">\n<li class=\"ul_box\" style=\"font-size:14px\"><strong>Hotel Welcome<\/strong> en Villefranches &#8211; <a href=\"https:\/\/www.booking.com\/hotel\/fr\/welcome-vilefranche-sur-mer.html?aid=2319618\" target=\"_blank\" rel=\"noreferrer noopener sponsored nofollow\">ver precios, fotos y disponibilidad<\/a><\/li>\n\n\n\n<li class=\"ul_box\" style=\"font-size:14px\"><strong>H\u00f4tel du Cap Ferrat<\/strong> &#8211; <a href=\"https:\/\/www.booking.com\/hotel\/fr\/grand-du-cap-ferrat.html?aid=2319618\" target=\"_blank\" rel=\"noreferrer noopener sponsored nofollow\">ver precios, fotos y disponibilidad<\/a><\/li>\n<\/ul>\n<\/div>\n\n\n\n<div class=\"wp-block-column is-vertically-aligned-top planif-radius is-layout-flow wp-block-column-is-layout-flow\" style=\"flex-basis:40%\">\n<figure class=\"wp-block-image size-large img-portrait\"><img decoding=\"async\" src=\"https:\/\/photos.smugmug.com\/Provence-Lovers\/Villefranche-sur-Mer\/n-k3fDq3\/Hotel-Welcome\/i-ttjw5XF\/0\/505461a7\/S\/hotel-welcome-S.jpg\" alt=\"Bienvenida al hotel\" title=\"\"\/><\/figure>\n<\/div>\n<\/div>\n\n\n\n<p class=\"has-text-align-center\" style=\"font-size:16px\"><a href=\"https:\/\/provencelovers.fr\/es\/donde-alojarse-beaulieu-sur-mer-mejores-hoteles-distritos\/\" target=\"_blank\" rel=\"noreferrer noopener\">Vea nuestras rese\u00f1as de los mejores hoteles en Beaulieu-sur-Mer<\/a><\/p>\n\n\n\n<div class=\"wp-block-buttons planif_bouton is-content-justification-center is-layout-flex wp-container-core-buttons-is-layout-16018d1d wp-block-buttons-is-layout-flex\">\n<div class=\"wp-block-button has-custom-font-size\" style=\"font-size:14px\"><a class=\"wp-block-button__link has-white-color has-text-color wp-element-button\" href=\"https:\/\/www.booking.com\/searchresults.html?city=-1411081&amp;nflt=review_score%253D90%253Breview_score%253D80&amp;aid=2319618&amp;no_rooms=1&amp;group_adults=2\" style=\"border-radius:4px\" target=\"_blank\" rel=\"noreferrer noopener\">Ver todos los alojamientos disponibles  <img loading=\"lazy\" decoding=\"async\" width=\"16\" height=\"17\" class=\"wp-image-2851\" style=\"width: 16px;\" src=\"https:\/\/provencelovers.fr\/wp-content\/uploads\/2023\/08\/ArrowRight.webp\" alt=\"\"\/><\/a><\/div>\n<\/div>\n<\/div><\/div><\/div>\n\n<h3 class=\"wp-block-heading\">La historia en breve<\/h3>\n\n<ul class=\"wp-block-list\">\n<li>Villa K\u00e9rylos es un <strong>monumento \u00fanico<\/strong>. Tanto una reconstrucci\u00f3n de una antigua vivienda griega como una creaci\u00f3n original. \u00a1Nos encant\u00f3 visitar este lugar!<\/li>\n\n\n\n<li>Esta casa se <strong>construy\u00f3 entre 1902 y 1908<\/strong> en un promontorio rocoso con vistas al Mediterr\u00e1neo.<\/li>\n\n\n\n<li>Fue idea del<strong>arque\u00f3logo y mecenas Th\u00e9odore Reinach<\/strong>. Quer\u00eda crear un lugar donde los visitantes pudieran descubrir la <strong>vida cotidiana de los antiguos griegos<\/strong>.<\/li>\n<\/ul>\n\n<figure class=\"wp-block-image size-large\"><img decoding=\"async\" src=\"https:\/\/photos.smugmug.com\/Provence-Lovers\/Beaulieu-sur-Mer\/n-kwnx6C\/Villa-Kerylos\/i-xPR9P23\/0\/5746596f\/L\/Villa_Kerylos_Beaulieu-sur_mer-14-L.jpg\" alt=\"PLaf&#xF3;n en Villa K&#xE9;rylos\"\/><\/figure>\n\n<ul class=\"wp-block-list\">\n<li>Nos enteramos de que tard\u00f3 <strong>6 a\u00f1os<\/strong> en <strong>construirse<\/strong>. Fue dise\u00f1ado con una excepcional atenci\u00f3n a la autenticidad por<strong>el arquitecto Emmanuel Pontremol<\/strong>.<\/li>\n\n\n\n<li>La villa combina el <strong>lujo de la antigua Grecia con las comodidades modernas<\/strong>. Elementos como mosaicos, frescos y esculturas se combinan con la comodidad de la electricidad, el agua corriente y la calefacci\u00f3n.<\/li>\n\n\n\n<li>Nos sorprendi\u00f3 mucho saber que la casa estuvo <strong>habitada <\/strong>por el propietario y su familia <strong>hasta 1966<\/strong>. Ese mismo a\u00f1o fue declarado Monumento Hist\u00f3rico.<\/li>\n\n\n\n<li>En nuestra opini\u00f3n, la Villa K\u00e9rylos es un <strong>lugar clave<\/strong> para la promoci\u00f3n y difusi\u00f3n de la cultura griega.<\/li>\n<\/ul>\n\n<p>Obtenga m\u00e1s informaci\u00f3n <a href=\"https:\/\/www.pop.culture.gouv.fr\/notice\/merimee\/PA00080664?base=%5B%22Patrimoine%20architectural%20%28M%C3%A9rim%C3%A9e%29%22%5D&amp;mainSearch=%22KERYLO%22&amp;ou=%5B%22Alpes-Maritimes%22%5D&amp;producteur=%5B%22Monuments%20Historiques%22%5D&amp;idQuery=%223d24ba-1100-5bf-ced2-54e16e31d0b8%22\" target=\"_blank\" rel=\"noreferrer noopener nofollow\">aqu\u00ed<\/a>.<\/p>\n\n<figure class=\"wp-block-image size-large\"><img decoding=\"async\" src=\"https:\/\/photos.smugmug.com\/Provence-Lovers\/Beaulieu-sur-Mer\/n-kwnx6C\/Villa-Kerylos\/i-QQpLDkW\/0\/b2d43316\/L\/Villa_Kerylos_Beaulieu-sur_mer-24-L.jpg\" alt=\"Biblioteca de Villa K&#xE9;rylos\"\/><\/figure>\n\n<h2 class=\"wp-block-heading\">Acceso: Villa K\u00e9rylos, Beaulieu-sur-Mer<\/h2>\n\n<h3 class=\"wp-block-heading\">\u00bfD\u00f3nde est\u00e1 Villa K\u00e9rylos?<\/h3>\n\n<p>Villa K\u00e9rylos se encuentra en Impasse Gustave Eiffel, 06310 Beaulieu-sur-Mer.<\/p>\n\n<ul class=\"wp-block-list\">\n<li>Frente al mar, en el barrio de La Baie des Fourmis<\/li>\n\n\n\n<li>Cerca de Plage des Fourmis<\/li>\n\n\n\n<li>Cerca del puerto de Beaulieu-sur-Mer<\/li>\n<\/ul>\n\n<div style=\"margin-top:8%;margin-bottom:8%\" class=\"wp-block-genesis-blocks-gb-container box gb-block-container\"><div class=\"gb-container-inside\"><div class=\"gb-container-content\">\n<div class=\"wp-block-columns inverse box_planif is-layout-flex wp-container-core-columns-is-layout-9d6595d7 wp-block-columns-is-layout-flex\">\n<div class=\"wp-block-column texte_planif is-layout-flow wp-block-column-is-layout-flow\" style=\"flex-basis:58%\">\n<h5 class=\"titre_box\">NUESTROS CONSEJOS PARA ALQUILER SU COCHE EN <span class=\"titre_box_manuscrit\">\nProvenza<\/span><\/h5>\n\n\n\n<ul class=\"liste_voiture wp-block-list\" style=\"font-size:14px\">\n<li>Compare precios en nuestra plataforma preferida: <a href=\"https:\/\/www.discovercars.com\/es\/france?a_aid=zigzag&amp;chan=PL\" target=\"_blank\" rel=\"noreferrer noopener sponsored nofollow\">DiscoverCars<\/a>, uno de los sitios mejor valorados.<\/li>\n\n\n\n<li>Elija un <strong>coche lo suficientemente potente <\/strong>(las carreteras son empinadas) pero <strong>compacto<\/strong> (algunos pasos son estrechos).<\/li>\n\n\n\n<li>Considere la posibilidad de<strong>contratar un seguro a todo riesgo<\/strong> (algunas carreteras son sinuosas y estrechas).<\/li>\n\n\n\n<li>Hay mucha demanda, as\u00ed que <strong>reserve con antelaci\u00f3n<\/strong>.<\/li>\n<\/ul>\n<\/div>\n\n\n\n<div class=\"wp-block-column planif-radius-3 is-layout-flow wp-block-column-is-layout-flow\" style=\"flex-basis:42%\">\n<figure class=\"wp-block-image size-full is-resized\"><img loading=\"lazy\" decoding=\"async\" width=\"421\" height=\"533\" src=\"https:\/\/provencelovers.fr\/wp-content\/uploads\/2023\/05\/Vieux-Nice-ruelle-L.png\" alt=\"\" class=\"wp-image-1302\" title=\"\" srcset=\"https:\/\/provencelovers.fr\/wp-content\/uploads\/2023\/05\/Vieux-Nice-ruelle-L.png 421w, https:\/\/provencelovers.fr\/wp-content\/uploads\/2023\/05\/Vieux-Nice-ruelle-L-237x300.png 237w\" sizes=\"auto, (max-width: 421px) 100vw, 421px\" \/><\/figure>\n<\/div>\n<\/div>\n\n\n\n<div class=\"wp-block-columns planif_bouton is-layout-flex wp-container-core-columns-is-layout-9d6595d7 wp-block-columns-is-layout-flex\">\n<div class=\"wp-block-column is-layout-flow wp-block-column-is-layout-flow\" style=\"flex-basis:50%\">\n<div class=\"wp-block-buttons is-content-justification-center is-layout-flex wp-container-core-buttons-is-layout-16018d1d wp-block-buttons-is-layout-flex\">\n<div class=\"wp-block-button has-custom-font-size\" style=\"font-size:14px\"><a class=\"wp-block-button__link has-white-color has-text-color wp-element-button\" href=\"https:\/\/www.discovercars.com\/es\/france?a_aid=zigzag&amp;amp;chan=PL\" style=\"border-radius:4px\" target=\"_blank\" rel=\"noreferrer noopener\">Ver los coches<img loading=\"lazy\" decoding=\"async\" width=\"16\" height=\"17\" class=\"wp-image-2851\" style=\"width: 16px;\" src=\"https:\/\/provencelovers.fr\/wp-content\/uploads\/2023\/08\/ArrowRight.webp\" alt=\"\"\/><\/a><\/div>\n<\/div>\n<\/div>\n\n\n\n<div class=\"wp-block-column is-vertically-aligned-center is-layout-flow wp-block-column-is-layout-flow\" style=\"flex-basis:50%\">\n<p class=\"has-text-align-center\" style=\"font-size:14px\"><strong><a href=\"https:\/\/provencelovers.fr\/es\/como-alquilar-coche-provenza\/\">Vea nuestros consejos<\/a><\/strong><\/p>\n<\/div>\n<\/div>\n<\/div><\/div><\/div>\n\n<h3 class=\"wp-block-heading\">\u00bfC\u00f3mo llegar?<\/h3>\n\n<p>As\u00ed que tendr\u00e1 que caminar hasta la entrada del recinto, pero no se preocupe, es<strong>f\u00e1cil llegar<\/strong>, todo es llano. Si viene desde el centro de Beaulieu, prevea unos <strong>10 minutos a pie<\/strong>.<\/p>\n\n<ul class=\"wp-block-list\">\n<li><strong>En tren<\/strong>: desde la <strong>estaci\u00f3n SNCF<\/strong> de Beaulieu-sur-Mer, son 7 minutos a pie.<\/li>\n\n\n\n<li><strong>En autob\u00fas<\/strong>: l\u00edneas 607 \u00f3 15 de la red Lignes d&#8217;Azur, parada K\u00e9rylos a 3 minutos a pie (200 m). <a href=\"https:\/\/www.lignesdazur.com\/tickets-au-voyage\" target=\"_blank\" rel=\"noreferrer noopener nofollow\">Pulse aqu\u00ed<\/a> para ver los mapas de rutas, horarios y tarifas.<\/li>\n\n\n\n<li><strong>En coche:<\/strong> la circulaci\u00f3n por el recinto es f\u00e1cil, pero le aconsejamos que aparque en el aparcamiento indicado m\u00e1s abajo.<\/li>\n<\/ul>\n\n<figure class=\"wp-block-image size-large\"><img decoding=\"async\" src=\"https:\/\/photos.smugmug.com\/Provence-Lovers\/Beaulieu-sur-Mer\/n-kwnx6C\/Villa-Kerylos\/i-2GdC9bZ\/0\/7c13e0ae\/L\/Villa_Kerylos_Beaulieu-sur_mer-41-L.jpg\" alt=\"Carretera de acceso a Villa K&#xE9;rylos\"\/><\/figure>\n\n<h3 class=\"wp-block-heading\">Aparcamiento<\/h3>\n\n<p>Villa K\u00e9rylos <strong>no dispone de aparcamiento<\/strong>.<br\/>El aparcamiento m\u00e1s cercano est\u00e1 a 6 minutos a pie (450 m).<br\/>Se encuentra cerca del ayuntamiento y de la Plage de la R\u00e9serve, en el n\u00famero 3 del Boulevard du Mar\u00e9chal Leclerc.<\/p>\n\n<figure class=\"wp-block-image size-large\"><img decoding=\"async\" src=\"https:\/\/photos.smugmug.com\/Provence-Lovers\/Beaulieu-sur-Mer\/n-kwnx6C\/Villa-Kerylos\/i-zz3Wcv8\/0\/3e4c6b14\/L\/Villa_Kerylos_Beaulieu-sur_mer-2-L.jpg\" alt=\"Aparcamiento m&#xE1;s cercano a Villa K&#xE9;rylos\"\/><\/figure>\n\n<div class=\"wp-block-group\"><div class=\"wp-block-group__inner-container is-layout-constrained wp-block-group-is-layout-constrained\">\n<div style=\"margin-top:8%;margin-bottom:8%\" class=\"wp-block-genesis-blocks-gb-container box gb-block-container\"><div class=\"gb-container-inside\"><div class=\"gb-container-content\">\n<div class=\"wp-block-columns inverse is-layout-flex wp-container-core-columns-is-layout-9d6595d7 wp-block-columns-is-layout-flex\">\n<div class=\"wp-block-column texte_planif is-layout-flow wp-block-column-is-layout-flow\" style=\"flex-basis:58%\">\n<h5 class=\"titre_box\">PLANIFIQUE SU ESTANCIA EN <span class=\"titre_box_manuscrit\">Beaulieu-sur-Mer<\/span><\/h5>\n\n\n\n<ul class=\"wp-block-list\">\n<li style=\"font-size:14px\"><a href=\"https:\/\/provencelovers.fr\/es\/que-ver-beaulieu-sur-mer-visitar\/\" target=\"_blank\" rel=\"noreferrer noopener\">Qu\u00e9 hacer en Beaulieu-sur-Mer<\/a><\/li>\n\n\n\n<li style=\"font-size:14px\">D\u00f3nde alojarse en Beaulieu-sur-Mer: <a href=\"https:\/\/provencelovers.fr\/es\/donde-alojarse-beaulieu-sur-mer-mejores-hoteles-distritos\/\" target=\"_blank\" rel=\"noreferrer noopener\">los mejores hoteles<\/a><\/li>\n\n\n\n<li style=\"font-size:14px\"><a href=\"https:\/\/provencelovers.fr\/es\/mejores-restaurante-beaulieu-sur-mer-donde-comer-opiniones\/\" target=\"_blank\" rel=\"noreferrer noopener\">Los mejores restaurantes<\/a><\/li>\n\n\n\n<li style=\"font-size:14px\">Las playas m\u00e1s bonitas de Beaulieu-sur-Mer (pr\u00f3ximamente)<\/li>\n\n\n\n<li style=\"font-size:14px\"><a href=\"https:\/\/provencelovers.fr\/es\/visitar-villa-kerylos-beaulieu-sur-mer\/\" target=\"_blank\" rel=\"noreferrer noopener\">Villa Kerylos<\/a><\/li>\n\n\n\n<li style=\"font-size:14px\"><a href=\"https:\/\/provencelovers.fr\/es\/visitar-villa-ephrussi-saint-jean-cap-ferrat\/\">Villa Eprhussi<\/a><\/li>\n\n\n\n<li style=\"font-size:14px\"><a href=\"https:\/\/provencelovers.fr\/es\/que-ver-pueblo-villefranche-sur-mer-visitar\/\" target=\"_blank\" rel=\"noreferrer noopener\">Qu\u00e9 hacer en Villefranche-sur-Mer<\/a><\/li>\n<\/ul>\n<\/div>\n\n\n\n<div class=\"wp-block-column ville-radius is-layout-flow wp-block-column-is-layout-flow\" style=\"flex-basis:42%\">\n<figure class=\"wp-block-image size-large is-resized img-portrait\"><img decoding=\"async\" src=\"https:\/\/photos.smugmug.com\/Provence-Lovers\/Best-of\/n-PbwqvZ\/Plages\/i-B6LvqBw\/0\/5d676526\/S\/Beaulieu_plage_petite_afrique-1-S.jpg\" alt=\"Beaulieu-sur-Mer\" style=\"object-fit:contain;width:319px;height:303px\" title=\"\"\/><\/figure>\n<\/div>\n<\/div>\n<\/div><\/div><\/div>\n<\/div><\/div>\n\n<h2 class=\"wp-block-heading\">Consejos \u00fatiles: duraci\u00f3n, horarios, alimentaci\u00f3n&#8230;<\/h2>\n\n<h3 class=\"wp-block-heading\">La mejor \u00e9poca para visitarlo<\/h3>\n\n<p>Si es posible, le aconsejamos que nos visite un <strong>d\u00eda en el que haga buen tiempo<\/strong>. Podr\u00e1 aprovechar al m\u00e1ximo la villa, su luz, sus espacios exteriores y sus impresionantes vistas sobre el Mediterr\u00e1neo.<\/p>\n\n<p>Para evitar las aglomeraciones del verano, lo mejor es visitarlo <strong>fuera de temporada<\/strong>.<\/p>\n\n<p>Para <strong>escapar del calor veraniego<\/strong>, le recomendamos que planifique su visita para <strong>la ma\u00f1ana<\/strong>, cuando las temperaturas a\u00fan no son demasiado altas.<\/p>\n\n<figure class=\"wp-block-image size-large\"><img decoding=\"async\" src=\"https:\/\/photos.smugmug.com\/Provence-Lovers\/Beaulieu-sur-Mer\/n-kwnx6C\/Villa-Kerylos\/i-4gTBZv3\/0\/0748db8c\/L\/Villa_Kerylos_Beaulieu-sur_mer-3-L.jpg\" alt=\"Calle de la Villa K&#xE9;rylos\"\/><\/figure>\n\n<h3 class=\"wp-block-heading\">Duraci\u00f3n de la visita y principales dificultades<\/h3>\n\n<p><strong>Le recomendamos que dedique entre 1 y 2 horas a visitar la Villa Kerylos<\/strong>, dependiendo de su ritmo y de su inter\u00e9s por los mosaicos, la arquitectura y la historia.<br\/>Sobre todo, no se pierda la zona del s\u00f3tano, donde se exponen vaciados, jarrones y estatuas.<\/p>\n\n<p>Para las personas con<strong> movilidad<\/strong> reducida, aqu\u00ed tiene informaci\u00f3n que puede resultarle \u00fatil:<\/p>\n\n<ul class=\"wp-block-list\">\n<li>Toda la zona exterior est\u00e1 cubierta de grava.<\/li>\n\n\n\n<li>La taquilla y la planta baja est\u00e1n equipadas con una rampa de acceso. Sin embargo, hay escaleras arriba y abajo.<\/li>\n\n\n\n<li>No hay tiras pedomark para los visitantes con discapacidad visual.<\/li>\n<\/ul>\n\n<p>Para saber m\u00e1s, <a href=\"https:\/\/www.villakerylos.fr\/visiter\/visiteurs-en-situation-de-handicap\" target=\"_blank\" rel=\"noreferrer noopener nofollow\">pulse aqu\u00ed<\/a>.<\/p>\n\n<figure class=\"wp-block-image size-large\"><img decoding=\"async\" src=\"https:\/\/photos.smugmug.com\/Provence-Lovers\/Beaulieu-sur-Mer\/n-kwnx6C\/Villa-Kerylos\/i-245V7bB\/0\/5c618263\/L\/Villa_Kerylos_Beaulieu-sur_mer-40-L.jpg\" alt=\"Jard&#xED;n de la Villa K&#xE9;rylos\"\/><\/figure>\n\n<h3 class=\"wp-block-heading\">Consejos para la visita<\/h3>\n\n<p>Una vez que tenga su entrada, su visita comienza en el jard\u00edn de la villa. A continuaci\u00f3n, acceder\u00e1 a la planta baja y al primer piso. La \u00faltima parte de su visita tendr\u00e1 lugar en el s\u00f3tano de la casa.<\/p>\n\n<p>Le aconsejamos que preste mucha atenci\u00f3n a las <strong>se\u00f1ales<\/strong>. Le indican el recorrido a seguir, los nombres de las salas y el extracto de la audiogu\u00eda correspondiente.<\/p>\n\n<p>Tanto si ha explorado el jard\u00edn antes de su visita como si no, le recomendamos que se tome un tiempo para disfrutar del jard\u00edn al final de su visita. Disfrutamos mucho recordando todo lo que aprendimos durante la visita. Imaginamos c\u00f3mo habr\u00eda sido la vida en la antigua Grecia, pero tambi\u00e9n cuando la Villa K\u00e9rylos estaba habitada por la familia Reinach.<\/p>\n\n<figure class=\"wp-block-image size-large\"><img decoding=\"async\" src=\"https:\/\/photos.smugmug.com\/Provence-Lovers\/Beaulieu-sur-Mer\/n-kwnx6C\/Villa-Kerylos\/i-7WgZssZ\/0\/bb3379e3\/L\/Villa_Kerylos_Beaulieu-sur_mer-11-L.jpg\" alt=\"Una puerta de entrada a la Villa K&#xE9;rylos\"\/><\/figure>\n\n<div style=\"background-color:#fefefe;margin-top:6%;margin-bottom:6%\" class=\"wp-block-genesis-blocks-gb-container box gb-block-container\"><div class=\"gb-container-inside\"><div class=\"gb-container-content\" style=\"max-width:700px\">\n<div class=\"wp-block-columns inverse is-layout-flex wp-container-core-columns-is-layout-9d6595d7 wp-block-columns-is-layout-flex\">\n<div class=\"wp-block-column texte_planif is-layout-flow wp-block-column-is-layout-flow\" style=\"flex-basis:58%\">\n<h5 class=\"titre_box\">UN POCO MAS DE <span class=\"titre_box_manuscrit\">paciencia<\/span><\/h5>\n\n\n\n<p style=\"font-size:14px\">Todas las fotos, mapas, informaci\u00f3n, buenas direcciones para que <strong>su estancia en la Provenza<\/strong> sea un \u00e9xito, <strong>\u00a1pronto estar\u00e1n reun<\/strong> idas en un \u00fanico ebook!<\/p>\n\n\n\n<p style=\"font-size:14px\">Si desea que le informemos de la publicaci\u00f3n de nuestra <strong>gu\u00eda sobre la Provenza<\/strong>, reg\u00edstrese:<\/p>\n\n\n<script>\nvar gform;gform||(document.addEventListener(\"gform_main_scripts_loaded\",function(){gform.scriptsLoaded=!0}),document.addEventListener(\"gform\/theme\/scripts_loaded\",function(){gform.themeScriptsLoaded=!0}),window.addEventListener(\"DOMContentLoaded\",function(){gform.domLoaded=!0}),gform={domLoaded:!1,scriptsLoaded:!1,themeScriptsLoaded:!1,isFormEditor:()=>\"function\"==typeof InitializeEditor,callIfLoaded:function(o){return!(!gform.domLoaded||!gform.scriptsLoaded||!gform.themeScriptsLoaded&&!gform.isFormEditor()||(gform.isFormEditor()&&console.warn(\"The use of gform.initializeOnLoaded() is deprecated in the form editor context and will be removed in Gravity Forms 3.1.\"),o(),0))},initializeOnLoaded:function(o){gform.callIfLoaded(o)||(document.addEventListener(\"gform_main_scripts_loaded\",()=>{gform.scriptsLoaded=!0,gform.callIfLoaded(o)}),document.addEventListener(\"gform\/theme\/scripts_loaded\",()=>{gform.themeScriptsLoaded=!0,gform.callIfLoaded(o)}),window.addEventListener(\"DOMContentLoaded\",()=>{gform.domLoaded=!0,gform.callIfLoaded(o)}))},hooks:{action:{},filter:{}},addAction:function(o,r,e,t){gform.addHook(\"action\",o,r,e,t)},addFilter:function(o,r,e,t){gform.addHook(\"filter\",o,r,e,t)},doAction:function(o){gform.doHook(\"action\",o,arguments)},applyFilters:function(o){return gform.doHook(\"filter\",o,arguments)},removeAction:function(o,r){gform.removeHook(\"action\",o,r)},removeFilter:function(o,r,e){gform.removeHook(\"filter\",o,r,e)},addHook:function(o,r,e,t,n){null==gform.hooks[o][r]&&(gform.hooks[o][r]=[]);var d=gform.hooks[o][r];null==n&&(n=r+\"_\"+d.length),gform.hooks[o][r].push({tag:n,callable:e,priority:t=null==t?10:t})},doHook:function(r,o,e){var t;if(e=Array.prototype.slice.call(e,1),null!=gform.hooks[r][o]&&((o=gform.hooks[r][o]).sort(function(o,r){return o.priority-r.priority}),o.forEach(function(o){\"function\"!=typeof(t=o.callable)&&(t=window[t]),\"action\"==r?t.apply(null,e):e[0]=t.apply(null,e)})),\"filter\"==r)return e[0]},removeHook:function(o,r,t,n){var e;null!=gform.hooks[o][r]&&(e=(e=gform.hooks[o][r]).filter(function(o,r,e){return!!(null!=n&&n!=o.tag||null!=t&&t!=o.priority)}),gform.hooks[o][r]=e)}});\n<\/script>\n\n                <div class='gf_browser_gecko gform_wrapper gravity-theme gform-theme--no-framework waitlist_wrapper' data-form-theme='gravity-theme' data-form-index='0' id='gform_wrapper_3' ><form method='post' enctype='multipart\/form-data'  id='gform_3' class='waitlist' action='\/es\/wp-json\/wp\/v2\/posts\/9248' data-formid='3' novalidate> \r\n <input type='hidden' class='gforms-pum' value='{\"closepopup\":false,\"closedelay\":0,\"openpopup\":false,\"openpopup_id\":0}' \/>\n                        <div class='gform-body gform_body'><div id='gform_fields_3' class='gform_fields top_label form_sublabel_below description_below validation_below'><div id=\"field_3_3\" class=\"gfield gfield--type-honeypot gform_validation_container field_sublabel_below gfield--has-description field_description_below field_validation_below gfield_visibility_visible\"  ><label class='gfield_label gform-field-label' for='input_3_3'>Facebook<\/label><div class='ginput_container'><input name='input_3' id='input_3_3' type='text' value='' autocomplete='new-password'\/><\/div><div class='gfield_description' id='gfield_description_3_3'>Este campo es un campo de validaci\u00f3n y debe quedar sin cambios.<\/div><\/div><div id=\"field_3_2\" class=\"gfield gfield--type-website gfield--input-type-website gfield--width-full field_sublabel_below gfield--no-description field_description_below field_validation_below gfield_visibility_hidden\"  ><div class=\"admin-hidden-markup\"><i class=\"gform-icon gform-icon--hidden\" aria-hidden=\"true\" title=\"Este campo est\u00e1 oculto cuando se visualiza el formulario\"><\/i><span>Este campo est\u00e1 oculto cuando se visualiza el formulario<\/span><\/div><label class='gfield_label gform-field-label' for='input_3_2'>Site Web<\/label><div class='ginput_container ginput_container_website'>\n                    <input name='input_2' id='input_3_2' type='url' value='https:\/\/provencelovers.fr\/es\/wp-json\/wp\/v2\/posts\/9248' class='large'    placeholder='https:\/\/'  aria-invalid=\"false\" \/>\n                <\/div><\/div><div id=\"field_3_1\" class=\"gfield gfield--type-email gfield--input-type-email gfield--width-full field_sublabel_below gfield--no-description field_description_below hidden_label field_validation_below gfield_visibility_visible\"  ><label class='gfield_label gform-field-label' for='input_3_1'>E-mail<\/label><div class='ginput_container ginput_container_email'>\n                            <input name='input_1' id='input_3_1' type='email' value='votre e-mail' class='large'     aria-invalid=\"false\"  \/>\n                        <\/div><\/div><\/div><\/div>\n        <div class='gform-footer gform_footer top_label'> <input type='submit' id='gform_submit_button_3' class='gform_button button' onclick='gform.submission.handleButtonClick(this);' data-submission-type='submit' value='Inscr\u00edbase'  \/> \n            <input type='hidden' class='gform_hidden' name='gform_submission_method' data-js='gform_submission_method_3' value='postback' \/>\n            <input type='hidden' class='gform_hidden' name='gform_theme' data-js='gform_theme_3' id='gform_theme_3' value='gravity-theme' \/>\n            <input type='hidden' class='gform_hidden' name='gform_style_settings' data-js='gform_style_settings_3' id='gform_style_settings_3' value='{&quot;inputPrimaryColor&quot;:&quot;#204ce5&quot;}' \/>\n            <input type='hidden' class='gform_hidden' name='is_submit_3' value='1' \/>\n            <input type='hidden' class='gform_hidden' name='gform_submit' value='3' \/>\n            \n            <input type='hidden' class='gform_hidden' name='gform_currency' data-currency='EUR' value='9GK\/YiMywgSTXz68FlixdIXRMwkEtv9\/Y82EHT3EyU+453nWM6L4unChWJqzH8Ms3lIg19P1EM65TAIfmyqeCnt1tLezgXuToC4I3KLj74FRGJA=' \/>\n            <input type='hidden' class='gform_hidden' name='gform_unique_id' value='' \/>\n            <input type='hidden' class='gform_hidden' name='state_3' value='WyJbXSIsImZmMDY0ZWJkMmU3ZDZhZTc3YTc4MDBiNDgyNDcwNGVlIl0=' \/>\n            <input type='hidden' autocomplete='off' class='gform_hidden' name='gform_target_page_number_3' id='gform_target_page_number_3' value='0' \/>\n            <input type='hidden' autocomplete='off' class='gform_hidden' name='gform_source_page_number_3' id='gform_source_page_number_3' value='1' \/>\n            <input type='hidden' name='gform_field_values' value='' \/>\n            \n        <\/div>\n                        <\/form>\n                        <\/div><script>\ngform.initializeOnLoaded( function() {gformInitSpinner( 3, 'https:\/\/provencelovers.fr\/wp-content\/plugins\/gravityforms\/images\/spinner.svg', true );jQuery('#gform_ajax_frame_3').on('load',function(){var contents = jQuery(this).contents().find('*').html();var is_postback = contents.indexOf('GF_AJAX_POSTBACK') >= 0;if(!is_postback){return;}var form_content = jQuery(this).contents().find('#gform_wrapper_3');var is_confirmation = jQuery(this).contents().find('#gform_confirmation_wrapper_3').length > 0;var is_redirect = contents.indexOf('gformRedirect(){') >= 0;var is_form = form_content.length > 0 && ! is_redirect && ! is_confirmation;var mt = parseInt(jQuery('html').css('margin-top'), 10) + parseInt(jQuery('body').css('margin-top'), 10) + 100;if(is_form){jQuery('#gform_wrapper_3').html(form_content.html());if(form_content.hasClass('gform_validation_error')){jQuery('#gform_wrapper_3').addClass('gform_validation_error');} else {jQuery('#gform_wrapper_3').removeClass('gform_validation_error');}setTimeout( function() { \/* delay the scroll by 50 milliseconds to fix a bug in chrome *\/  }, 50 );if(window['gformInitDatepicker']) {gformInitDatepicker();}if(window['gformInitPriceFields']) {gformInitPriceFields();}var current_page = jQuery('#gform_source_page_number_3').val();gformInitSpinner( 3, 'https:\/\/provencelovers.fr\/wp-content\/plugins\/gravityforms\/images\/spinner.svg', true );jQuery(document).trigger('gform_page_loaded', [3, current_page]);window['gf_submitting_3'] = false;}else if(!is_redirect){var confirmation_content = jQuery(this).contents().find('.GF_AJAX_POSTBACK').html();if(!confirmation_content){confirmation_content = contents;}jQuery('#gform_wrapper_3').replaceWith(confirmation_content);jQuery(document).trigger('gform_confirmation_loaded', [3]);window['gf_submitting_3'] = false;wp.a11y.speak(jQuery('#gform_confirmation_message_3').text());}else{jQuery('#gform_3').append(contents);if(window['gformRedirect']) {gformRedirect();}}jQuery(document).trigger(\"gform_pre_post_render\", [{ formId: \"3\", currentPage: \"current_page\", abort: function() { this.preventDefault(); } }]);        if (event && event.defaultPrevented) {                return;        }        const gformWrapperDiv = document.getElementById( \"gform_wrapper_3\" );        if ( gformWrapperDiv ) {            const visibilitySpan = document.createElement( \"span\" );            visibilitySpan.id = \"gform_visibility_test_3\";            gformWrapperDiv.insertAdjacentElement( \"afterend\", visibilitySpan );        }        const visibilityTestDiv = document.getElementById( \"gform_visibility_test_3\" );        let postRenderFired = false;        function triggerPostRender() {            if ( postRenderFired ) {                return;            }            postRenderFired = true;            gform.core.triggerPostRenderEvents( 3, current_page );            if ( visibilityTestDiv ) {                visibilityTestDiv.parentNode.removeChild( visibilityTestDiv );            }        }        function debounce( func, wait, immediate ) {            var timeout;            return function() {                var context = this, args = arguments;                var later = function() {                    timeout = null;                    if ( !immediate ) func.apply( context, args );                };                var callNow = immediate && !timeout;                clearTimeout( timeout );                timeout = setTimeout( later, wait );                if ( callNow ) func.apply( context, args );            };        }        const debouncedTriggerPostRender = debounce( function() {            triggerPostRender();        }, 200 );        if ( visibilityTestDiv && visibilityTestDiv.offsetParent === null ) {            const observer = new MutationObserver( ( mutations ) => {                mutations.forEach( ( mutation ) => {                    if ( mutation.type === 'attributes' && visibilityTestDiv.offsetParent !== null ) {                        debouncedTriggerPostRender();                        observer.disconnect();                    }                });            });            observer.observe( document.body, {                attributes: true,                childList: false,                subtree: true,                attributeFilter: [ 'style', 'class' ],            });        } else {            triggerPostRender();        }    } );} );\n<\/script>\n<\/div>\n\n\n\n<div class=\"wp-block-column is-layout-flow wp-block-column-is-layout-flow\" style=\"flex-basis:42%\">\n<div class=\"wp-block-genesis-blocks-gb-container ebook-radius-waitlist gb-block-container\"><div class=\"gb-container-inside\"><div class=\"gb-container-content\"><div class=\"wp-block-image ebook-image\">\n<figure class=\"aligncenter size-large\"><img decoding=\"async\" src=\"https:\/\/loirelovers.fr\/wp-content\/uploads\/2023\/03\/ebooks_CorseNormandie_FR.png\" alt=\"Box Ebook C&#xF3;rcega FR\"\/><\/figure>\n<\/div><\/div><\/div><\/div>\n<\/div>\n<\/div>\n<\/div><\/div><\/div>\n\n<h3 class=\"wp-block-heading\">Visitas con ni\u00f1os<\/h3>\n\n<p>Si visita Villa K\u00e9rylos en familia, le recomendamos que descargue <a href=\"https:\/\/www.villakerylos.fr\/visiter\/en-famille\" target=\"_blank\" rel=\"noreferrer noopener nofollow\">aqu\u00ed<\/a> el <strong>cuadernillo de juegos<\/strong>, que permite a los ni\u00f1os de 6 a 12 a\u00f1os explorar el yacimiento de forma divertida, con una serie de minijuegos.<\/p>\n\n<p>Si tiene ni\u00f1os peque\u00f1os, tenga en cuenta que no se permiten cochecitos en el recinto.<\/p>\n\n<figure class=\"wp-block-image size-large\"><img decoding=\"async\" src=\"https:\/\/photos.smugmug.com\/Provence-Lovers\/Beaulieu-sur-Mer\/n-kwnx6C\/Villa-Kerylos\/i-ZMRp3sJ\/0\/a6c80003\/L\/Villa_Kerylos_Beaulieu-sur_mer-8-L.jpg\" alt=\"Jard&#xED;n de la Villa K&#xE9;rylos\"\/><\/figure>\n\n<h3 class=\"wp-block-heading\">Horarios y precios<\/h3>\n\n<p><strong>Los horarios <\/strong>son los siguientes:<\/p>\n\n<ul class=\"wp-block-list\">\n<li><strong>Del 2 de mayo al 31 de agosto<\/strong>: de 10.00 a 18.00 horas<\/li>\n\n\n\n<li><strong>Del 1 de septiembre al 30 de abril<\/strong>: de 10.00 a 17.00 horas<\/li>\n<\/ul>\n\n<p><strong>\u00daltima entrada<\/strong> al monumento, media hora antes del cierre.<br\/><strong>D\u00edas de cierre excepcionales<\/strong>: 1 de enero, 1 de mayo, 1 y 11 de noviembre y 25 de diciembre.<\/p>\n\n<p>Antes de su visita, <strong>consulte los horarios de apertura y los d\u00edas<\/strong> <strong>especiales<\/strong> <strong>de<\/strong> <strong>cierre<\/strong> en la p\u00e1gina web oficial de Villa K\u00e9rylos, <a href=\"https:\/\/www.villakerylos.fr\/visiter\/informations-pratiques\" target=\"_blank\" rel=\"noreferrer noopener nofollow\">aqu\u00ed<\/a>.<\/p>\n\n<p><strong>Estos son los precios<\/strong>:<\/p>\n\n<ul class=\"wp-block-list\">\n<li><strong>Precio normal<\/strong>: 13<\/li>\n\n\n\n<li>Entrada <strong>gratuita <\/strong>para menores de 18 a\u00f1os, menores de 25 a\u00f1os y solicitantes de empleo&#8230;<\/li>\n<\/ul>\n\n<hr class=\"wp-block-separator has-text-color has-alpha-channel-opacity has-background is-style-wide\" style=\"background-color:#000000;color:#000000\"\/>\n\n<p class=\"has-text-align-center\"><a href=\"https:\/\/www.tiqets.com\/es\/activites-attractions-beaulieu-sur-mer-c183917\/billets-pour-villa-kerylos-entree-prioritaire-p974827?partner=region_lovers&amp;tq_campaign=PL\" target=\"_blank\" rel=\"noreferrer noopener sponsored nofollow\"><strong>Reserve ya sus entradas, con audiogu\u00eda incluida.<\/strong><\/a><\/p>\n\n<hr class=\"wp-block-separator has-text-color has-alpha-channel-opacity has-background is-style-wide\" style=\"background-color:#000000;color:#000000\"\/>\n\n<h3 class=\"wp-block-heading\">Visitas guiadas<\/h3>\n\n<p>Las <strong>visitas guiadas en<\/strong> franc\u00e9s est\u00e1n disponibles <strong>todos los d\u00edas a las 11.00 y a las 15.00 horas<\/strong>, sin reserva previa, y duran unos 45 minutos.<br\/>En el precio de <a href=\"https:\/\/www.tiqets.com\/es\/activites-attractions-beaulieu-sur-mer-c183917\/billets-pour-villa-kerylos-entree-prioritaire-p974827?partner=region_lovers&amp;tq_campaign=PL\" target=\"_blank\" rel=\"noreferrer noopener sponsored nofollow\">su entrada<\/a> se incluye una <strong>audiogu\u00eda disponible en 7 idiomas<\/strong> (franc\u00e9s, ingl\u00e9s, alem\u00e1n, italiano, espa\u00f1ol y griego).<\/p>\n\n<figure class=\"wp-block-image size-large\"><img decoding=\"async\" src=\"https:\/\/photos.smugmug.com\/Provence-Lovers\/Beaulieu-sur-Mer\/n-kwnx6C\/Villa-Kerylos\/i-WnPf3g5\/0\/791ea083\/L\/Villa_Kerylos_Beaulieu-sur_mer-9-L.jpg\" alt=\"Villa K&#xE9;rylos\"\/><\/figure>\n\n<h3 class=\"wp-block-heading\">Restauraci\u00f3n<\/h3>\n\n<p>Est\u00e1 prohibido hacer picnic en el interior del monumento.<\/p>\n\n<p>Si desea comer fuera en los alrededores del recinto, hay <strong>muchos restaurantes<\/strong> para elegir.<\/p>\n\n<p>Aqu\u00ed tiene nuestros favoritos cercanos:<\/p>\n\n<ul class=\"wp-block-list\">\n<li><strong>Restaurante Panao<\/strong>: Este restaurante junto al puerto sirve una cocina local deliciosa, sana y refinada, con influencias de la cocina tunecina, mauriciana, libanesa y rusa. El entorno es muy agradable, con vistas entre el mar y las monta\u00f1as.<\/li>\n\n\n\n<li><strong>Restaurante<\/strong> <strong>Maonas<\/strong>: \u00bfUna buena pizza? \u00bfUna ensalada refrescante? \u00bfUn buen trozo de carne? \u00bfQu\u00e9 le parece el desayuno? En este restaurante, la cosa es sencilla: podr\u00e1 deleitarse a cualquier hora del d\u00eda con aut\u00e9ntica cocina italiana de alta calidad (\u00a1pero no s\u00f3lo eso!).<\/li>\n\n\n\n<li><strong>Restaurante Baia Bella<\/strong>: Situado al pie de un acantilado en primera l\u00ednea de playa, se trata de un entorno muy agradable. Una experiencia gastron\u00f3mica exquisita con una amplia variedad de platos para todos los gustos. Tambi\u00e9n hay muchas opciones vegetarianas. Tambi\u00e9n es la primera playa privada neutra en carbono de Francia.<\/li>\n<\/ul>\n\n<p>Para m\u00e1s opciones, consulte nuestro art\u00edculo sobre los <a href=\"https:\/\/provencelovers.fr\/es\/mejores-restaurante-beaulieu-sur-mer-donde-comer-opiniones\/\" target=\"_blank\" rel=\"noreferrer noopener\">mejores restaurantes<\/a> de la ciudad.<\/p>\n\n<figure class=\"wp-block-image size-large is-resized\"><img decoding=\"async\" src=\"https:\/\/photos.smugmug.com\/Provence-Lovers\/Beaulieu-sur-Mer\/n-kwnx6C\/Villa-Kerylos\/i-rxbGHVK\/0\/ffe505f8\/L\/Villa_Kerylos_Beaulieu-sur_mer-42-L.jpg\" alt=\"Plato del restaurante Panao\" style=\"width:703px;height:auto\"\/><figcaption class=\"wp-element-caption\"><strong>Plato del Restaurante Panao<\/strong><\/figcaption><\/figure>\n\n<h2 class=\"wp-block-heading\">El jard\u00edn: especies mediterr\u00e1neas y \u00e1rboles frutales<\/h2>\n\n<p>Disfrutamos mucho explorando el jard\u00edn. Se compone de plantas mediterr\u00e1neas. Disfrute de una impresionante vista del mar, mientras descubre las numerosas especies de plantas que alberga.<\/p>\n\n<figure class=\"wp-block-image size-large\"><img decoding=\"async\" src=\"https:\/\/photos.smugmug.com\/Provence-Lovers\/Beaulieu-sur-Mer\/n-kwnx6C\/Villa-Kerylos\/i-x7b2fgk\/0\/36d8dc76\/L\/Villa_Kerylos_Beaulieu-sur_mer-7-L.jpg\" alt=\"Vistas al jard&#xED;n y al mar desde Villa K&#xE9;rylos\"\/><\/figure>\n\n<p>Las plantas del jard\u00edn de Villa K\u00e9rylos han sido cuidadosamente seleccionadas para permitirnos proyectarnos en un aut\u00e9ntico jard\u00edn griego antiguo.<br\/>\u00c9stas son s\u00f3lo algunas de las especies que podr\u00e1 descubrir:<\/p>\n\n<ul class=\"wp-block-list\">\n<li><strong>El olivo<\/strong>, s\u00edmbolo de Grecia. Aparece en muchos mitos y leyendas griegos.<\/li>\n\n\n\n<li><strong>El pino<\/strong>, s\u00edmbolo de la vida eterna.<\/li>\n\n\n\n<li><strong>El mirto<\/strong>, s\u00edmbolo de belleza, sensualidad y naturaleza.<\/li>\n<\/ul>\n\n<figure class=\"wp-block-image size-large\"><img decoding=\"async\" src=\"https:\/\/photos.smugmug.com\/Provence-Lovers\/Beaulieu-sur-Mer\/n-kwnx6C\/Villa-Kerylos\/i-DmnMd6p\/0\/29e91679\/L\/Villa_Kerylos_Beaulieu-sur_mer-26-L.jpg\" alt=\"Jard&#xED;n de la Villa K&#xE9;rylos\"\/><\/figure>\n\n<h2 class=\"wp-block-heading\">La planta baja: el teatro de la vida social<\/h2>\n\n<p>Nuestra visita comienza en la planta baja de la villa. Esta parte de la casa est\u00e1 dedicada a la vida social. Aqu\u00ed se da la bienvenida a amigos, familiares y otros parientes.<\/p>\n\n<figure class=\"wp-block-image size-large\"><img decoding=\"async\" src=\"https:\/\/photos.smugmug.com\/Provence-Lovers\/Beaulieu-sur-Mer\/n-kwnx6C\/Villa-Kerylos\/i-mmf3dFt\/0\/c306bf96\/L\/Villa_Kerylos_Beaulieu-sur_mer-18-L.jpg\" alt=\"Peristilo de la Villa K&#xE9;rylos\"\/><\/figure>\n\n<p>Disfrutamos mucho explorando la planta baja, que tiene tantos espacios diferentes:<\/p>\n\n<ul class=\"wp-block-list\">\n<li>El Thy\u00f4rian, vest\u00edbulo de entrada<\/li>\n\n\n\n<li>El Balaneion, con sus ba\u00f1os termales<\/li>\n\n\n\n<li>El peristilo, el patio central alrededor del cual se disponen todas las dem\u00e1s estancias<\/li>\n\n\n\n<li>La biblioteca<\/li>\n\n\n\n<li>El Amphityros, que da acceso a los pisos superiores<\/li>\n\n\n\n<li>El Triklinos, comedor<\/li>\n\n\n\n<li>El Andr\u00f3n, una habitaci\u00f3n reservada a los hombres<\/li>\n\n\n\n<li>O\u00efkos, un espect\u00e1culo dedicado a las artes<\/li>\n<\/ul>\n\n<p>A continuaci\u00f3n, le daremos m\u00e1s informaci\u00f3n sobre las piezas que m\u00e1s nos impresionaron durante nuestra visita.<\/p>\n\n<figure class=\"wp-block-image size-large\"><img decoding=\"async\" src=\"https:\/\/photos.smugmug.com\/Provence-Lovers\/Beaulieu-sur-Mer\/n-kwnx6C\/Villa-Kerylos\/i-7mr73jm\/0\/8d1e325d\/L\/Villa_Kerylos_Beaulieu-sur_mer-43-L.jpg\" alt=\"Jard&#xED;n de la Villa K&#xE9;rylos\"\/><\/figure>\n\n<h3 class=\"wp-block-heading\">El peristilo, el coraz\u00f3n de la antigua casa griega<\/h3>\n\n<p>Se encuentra en el patio central de la casa. El peristilo, cimiento esencial de una casa antigua. Las <strong>12 columnas de m\u00e1rmol<\/strong> blanco de Carrara (Italia) que la rodean nos parecieron muy elegantes.<\/p>\n\n<figure class=\"wp-block-image size-large\"><img decoding=\"async\" src=\"https:\/\/photos.smugmug.com\/Provence-Lovers\/Beaulieu-sur-Mer\/n-kwnx6C\/Villa-Kerylos\/i-MVrLqjw\/0\/20f88ed7\/L\/Villa_Kerylos_Beaulieu-sur_mer-15-L.jpg\" alt=\"Peristilo de la Villa K&#xE9;rylos\"\/><\/figure>\n\n<p>\u00bfSe ha fijado en los impresionantes <strong>frescos<\/strong> de las paredes? Fueron pintados por Gustave-Louis Jaulmes y Adrien Karbowsky. Obtenga m\u00e1s informaci\u00f3n <a href=\"https:\/\/www.culture.fr\/Moteur-Collections\/Thematiques\/Architecture\/la-Villa-Kerylos\" target=\"_blank\" rel=\"noreferrer noopener nofollow\">aqu\u00ed<\/a>.<\/p>\n\n<p>Ilustran episodios de la mitolog\u00eda griega. Si quiere intentar reconocerlos, a continuaci\u00f3n le explicamos cu\u00e1les son:<\/p>\n\n<ul class=\"wp-block-list\">\n<li>La disputa por la lira entre Apolo y Hermes<\/li>\n\n\n\n<li>La muerte de Talos<\/li>\n\n\n\n<li>Apolo regresa al santuario de Delfos<\/li>\n\n\n\n<li>El regreso de Hefesto al Olimpo<\/li>\n\n\n\n<li>P\u00e9lope e Hipodamia<\/li>\n\n\n\n<li>Preparativos para el sacrificio del toro<\/li>\n<\/ul>\n\n<figure class=\"wp-block-image size-large\"><img decoding=\"async\" src=\"https:\/\/photos.smugmug.com\/Provence-Lovers\/Beaulieu-sur-Mer\/n-kwnx6C\/Villa-Kerylos\/i-T9nhQzV\/0\/d322f961\/L\/Villa_Kerylos_Beaulieu-sur_mer-27-L.jpg\" alt=\"Fresco en el peristilo de la Villa K&#xE9;rylos\"\/><\/figure>\n\n<h3 class=\"wp-block-heading\">L&#8217;Andron, un sal\u00f3n para hombres<\/h3>\n\n<p>Esta obra nos asombr\u00f3. \u00bfNo sabe, como nosotros, d\u00f3nde poner los ojos porque hay tantas cosas que admirar?<\/p>\n\n<p>El andr\u00f3n era un <strong>lugar importante<\/strong> en el antiguo hogar griego. Estaba <strong>reservada a los hombres<\/strong>. Se reun\u00edan all\u00ed para <strong>actividades sociales y recreativas<\/strong>, como banquetes y discusiones filos\u00f3ficas.<\/p>\n\n<figure class=\"wp-block-image size-large\"><img decoding=\"async\" src=\"https:\/\/photos.smugmug.com\/Provence-Lovers\/Beaulieu-sur-Mer\/n-kwnx6C\/Villa-Kerylos\/i-Qb8pQm4\/0\/1f65b1c4\/L\/Villa_Kerylos_Beaulieu-sur_mer-20-L.jpg\" alt=\"Andron de Villa K&#xE9;rylos\"\/><\/figure>\n\n<p>Las paredes del Andr\u00f3n de Villa K\u00e9rylos est\u00e1n revestidas de <strong>m\u00e1rmol malva<\/strong> de Serravezza (Italia), con incrustaciones de medallones de m\u00e1rmol amarillo de Siena.<\/p>\n\n<p>El suelo est\u00e1 cubierto con un <strong>mosaico <\/strong>que representa a<strong> Teseo<\/strong>, un h\u00e9roe griego, <strong>abatiendo al Minotauro<\/strong>, un monstruo que aterrorizaba la ciudad de Creta. Este mosaico nos pareci\u00f3 excepcional.<\/p>\n\n<p>Nos impresion\u00f3 el <strong>artesonado de madera de<\/strong> teca, ricamente decorado con motivos inspirados en la mitolog\u00eda griega y la naturaleza.<\/p>\n\n<figure class=\"wp-block-image size-large\"><img decoding=\"async\" src=\"https:\/\/photos.smugmug.com\/Provence-Lovers\/Beaulieu-sur-Mer\/n-kwnx6C\/Villa-Kerylos\/i-56TNFk5\/0\/5e04945c\/L\/Villa_Kerylos_Beaulieu-sur_mer-28-L.jpg\" alt=\"Techo del andr&#xF3;n de Villa K&#xE9;rylos\"\/><\/figure>\n\n<h3 class=\"wp-block-heading\"><em>O\u00efkos<\/em>, las artes y Dioniso en el punto de mira<\/h3>\n\n<p>El<em>O\u00efkos<\/em> de Villa K\u00e9rylos es un <strong>sal\u00f3n dedicado a las artes y a Dioniso<\/strong>.<\/p>\n\n<p>En el suelo, puede ver un <strong>mosaico<\/strong> que representa silenas, faunos y s\u00e1tiros -criaturas de la naturaleza, a menudo asociadas con el dios Dioniso- vendimiando.<\/p>\n\n<figure class=\"wp-block-image size-large\"><img decoding=\"async\" src=\"https:\/\/photos.smugmug.com\/Provence-Lovers\/Beaulieu-sur-Mer\/n-kwnx6C\/Villa-Kerylos\/i-rS7hQrM\/0\/ae7c691a\/L\/Villa_Kerylos_Beaulieu-sur_mer-29-L.jpg\" alt=\"Mosaico en la Villa K&#xE9;rylos\"\/><\/figure>\n\n<p>Mire hacia arriba para admirar las paredes. Hay un <strong>friso de estuco<\/strong> que representa instrumentos musicales y m\u00e1scaras. Este detalle nos recuerda la importancia del teatro para los griegos.<\/p>\n\n<p>La pieza central del mobiliario de<em>O\u00efkos<\/em> es el <strong>piano<\/strong>. \u00a1Nos pareci\u00f3 incre\u00edble! Se pliega y se esconde en un aparador. Fue producido por la Maison Pleyel.<\/p>\n\n<figure class=\"wp-block-image size-large\"><img decoding=\"async\" src=\"https:\/\/photos.smugmug.com\/Provence-Lovers\/Beaulieu-sur-Mer\/n-kwnx6C\/Villa-Kerylos\/i-c8Zq7hd\/0\/d1726214\/L\/Villa_Kerylos_Beaulieu-sur_mer-30-L.jpg\" alt=\"Fresco en Villa K&#xE9;rylos\"\/><\/figure>\n\n<h2 class=\"wp-block-heading\">La primera planta: refugio e intimidad<\/h2>\n\n<p>Nuestro recorrido contin\u00faa en la primera planta de la villa. Esta parte de la casa est\u00e1 dedicada a la intimidad y la relajaci\u00f3n.<\/p>\n\n<figure class=\"wp-block-image size-large\"><img decoding=\"async\" src=\"https:\/\/photos.smugmug.com\/Provence-Lovers\/Beaulieu-sur-Mer\/n-kwnx6C\/Villa-Kerylos\/i-4zVTtwT\/0\/13c530b9\/L\/Villa_Kerylos_Beaulieu-sur_mer-31-L.jpg\" alt=\"Vista al mar desde una ventana de la Villa K&#xE9;rylos\"\/><\/figure>\n\n<p>Disfrutamos sumergi\u00e9ndonos en la vida cotidiana de una antigua casa griega durante nuestra visita. Encontrar\u00e1:<\/p>\n\n<ul class=\"wp-block-list\">\n<li>El vest\u00edbulo de Hermes<\/li>\n\n\n\n<li><em>Ornith\u00e8s<\/em> (que significa \u00ablos p\u00e1jaros\u00bb), dormitorio de Madame Reinach<\/li>\n\n\n\n<li>L&#8217;<em>Ampelos<\/em> (que significa \u00abla vid\u00bb), el ba\u00f1o de Madame Reinach<\/li>\n\n\n\n<li>LeTriptol\u00e8me, sal\u00f3n<\/li>\n\n\n\n<li>\u00c9rot\u00e8s, la habitaci\u00f3n de Teodoro Reinach, dedicada a Eros<\/li>\n\n\n\n<li><em>Nikai<\/em> (que significa \u00abvictorias\u00bb), el ba\u00f1o de Theodore Reinach<\/li>\n<\/ul>\n\n<p>\u00c9stas son las habitaciones que m\u00e1s nos llamaron la atenci\u00f3n durante nuestra visita a la primera planta.<\/p>\n\n<h3 class=\"wp-block-heading\">L<em>&#8216;Ornith\u00e8s<\/em>: El dormitorio de Madame Reinach<\/h3>\n\n<p>Aprendimos que<em>Ornith\u00e8s<\/em>, el nombre dado a esta sala, significa \u00abp\u00e1jaros\u00bb.<\/p>\n\n<p>Los<strong> frescos<\/strong> de esta sala representan a la diosa Hera. Se la conoce como la protectora de las mujeres y la diosa del matrimonio, guardiana de la fertilidad de la pareja y de las mujeres en el parto.<\/p>\n\n<figure class=\"wp-block-image size-large\"><img decoding=\"async\" src=\"https:\/\/photos.smugmug.com\/Provence-Lovers\/Beaulieu-sur-Mer\/n-kwnx6C\/Villa-Kerylos\/i-dPj9cRV\/0\/12ae1c7a\/L\/Villa_Kerylos_Beaulieu-sur_mer-32-L.jpg\" alt=\"Habitaci&#xF3;n Ornith&#xE8;s en Villa K&#xE9;rylos\"\/><\/figure>\n\n<p>En el suelo, admire el <strong>mosaico<\/strong> con bellos motivos de la naturaleza.<\/p>\n\n<p>Encontramos esta habitaci\u00f3n muy acogedora. Los materiales y los colores son relajantes y reconfortantes.<\/p>\n\n<p>Pero hay otra raz\u00f3n por la que hemos decidido present\u00e1rselo. \u00bfSe ha fijado en la <strong>magn\u00edfica ducha contigua<\/strong>?<\/p>\n\n<p>Se trata de un <strong>modelo antiguo<\/strong> impresionante y <strong>particularmente sofisticado<\/strong>, con 3 tipos de chorros: kataxysma (ducha de lluvia), krounos (agua corriente) y p\u00e9rikyklas (ducha circular). En nuestra opini\u00f3n, \u00a1una ducha digna de los mejores hoteles!<\/p>\n\n<figure class=\"wp-block-image size-large\"><img decoding=\"async\" src=\"https:\/\/photos.smugmug.com\/Provence-Lovers\/Beaulieu-sur-Mer\/n-kwnx6C\/Villa-Kerylos\/i-hjpdgRG\/0\/9fef51df\/L\/Villa_Kerylos_Beaulieu-sur_mer-33-L.jpg\" alt=\"Ducha antigua en Villa K&#xE9;rylos\"\/><\/figure>\n\n<h3 class=\"wp-block-heading\">Le Triptol\u00e8me<\/h3>\n\n<p>Esta habitaci\u00f3n es un <strong>sal\u00f3n<\/strong> que comunica los pisos de Th\u00e9odore Reinach con los de su esposa.<br\/>\u00bfSe ha fijado en el <strong>techo<\/strong>? Nos pareci\u00f3 magn\u00edfico con sus arcas rojas y negras, decoradas con palomas y coronas de hiedra en oro.<\/p>\n\n<figure class=\"wp-block-image size-large\"><img decoding=\"async\" src=\"https:\/\/photos.smugmug.com\/Provence-Lovers\/Beaulieu-sur-Mer\/n-kwnx6C\/Villa-Kerylos\/i-BRrdNtF\/0\/f75cd124\/L\/Villa_Kerylos_Beaulieu-sur_mer-34-L.jpg\" alt=\"Techo de Triptol&#xE8;me en la Villa K&#xE9;rylos\"\/><\/figure>\n\n<p>El <strong>mosaico<\/strong> del suelo ilustra la leyenda de Triptol\u00e8me.  <\/p>\n\n<p>Hemos aprendido que en la mitolog\u00eda griega, Tript\u00f3lemo es un h\u00e9roe importante. Se le considera el fundador de la agricultura y del culto a Dem\u00e9ter.<\/p>\n\n<p>Disfrutamos mucho con esta leyenda, una historia de esperanza y renacimiento. Cuenta la historia de c\u00f3mo la agricultura ha permitido a la gente sobrevivir y prosperar. Tambi\u00e9n se trata de transmitir conocimientos y cultura.<\/p>\n\n<figure class=\"wp-block-image size-large\"><img decoding=\"async\" src=\"https:\/\/photos.smugmug.com\/Provence-Lovers\/Beaulieu-sur-Mer\/n-kwnx6C\/Villa-Kerylos\/i-tSMmT5R\/0\/639bc0c7\/L\/Villa_Kerylos_Beaulieu-sur_mer-35-L.jpg\" alt=\"Mosaico del suelo del Triptol&#xE8;me en Villa K&#xE9;rylos\"\/><\/figure>\n\n<h2 class=\"wp-block-heading\">La Galerie des Antiques: vaciados, jarrones y estatuas<\/h2>\n\n<p>\u00bfAmantes<strong>del arte y la historia<\/strong>? Le aconsejamos que no se pierda la Galerie des Antiques, situada en el <strong>s\u00f3tano<\/strong>.<\/p>\n\n<figure class=\"wp-block-image size-large\"><img decoding=\"async\" src=\"https:\/\/photos.smugmug.com\/Provence-Lovers\/Beaulieu-sur-Mer\/n-kwnx6C\/Villa-Kerylos\/i-vkRRMCG\/0\/2a071c98\/L\/Villa_Kerylos_Beaulieu-sur_mer-37-L.jpg\" alt=\"Galer&#xED;a de antig&#xFC;edades en la Villa K&#xE9;rylos\"\/><\/figure>\n\n<p>Aqu\u00ed descubrimos <strong>calcos de algunas de las estatuas grecorromanas m\u00e1s bellas<\/strong>. Por ejemplo, la <strong>Venus de Milo<\/strong>, el Jarr\u00f3n de los M\u00e9dicis y la Venus Genitrix.  <br\/>Hemos comprobado que en los terrenos de la Villa K\u00e9rylos, estas obras parecen estar en su entorno natural.<\/p>\n\n<p>El s\u00f3tano sol\u00eda ser la zona de la cocina. \u00bfLo habr\u00eda adivinado?<\/p>\n\n<p>Tambi\u00e9n descubrir\u00e1 <strong>objetos que pertenecieron a la familia Reinach<\/strong>. As\u00ed como fotos de sus momentos especiales en esta extraordinaria casa de vacaciones.<br\/>Nos encant\u00f3 imaginar a los ni\u00f1os jugando en el Mediterr\u00e1neo con estas piraguas de madera:<\/p>\n\n<figure class=\"wp-block-image size-large\"><img decoding=\"async\" src=\"https:\/\/photos.smugmug.com\/Provence-Lovers\/Beaulieu-sur-Mer\/n-kwnx6C\/Villa-Kerylos\/i-BKCH6Pw\/0\/0cbcb68b\/L\/Villa_Kerylos_Beaulieu-sur_mer-39-L.jpg\" alt=\"Galer&#xED;a de antig&#xFC;edades en la Villa K&#xE9;rylos\"\/><\/figure>\n\n<div style=\"background-color:#fefefe;margin-top:6%;margin-bottom:6%\" class=\"wp-block-genesis-blocks-gb-container box gb-block-container\"><div class=\"gb-container-inside\"><div class=\"gb-container-content\" style=\"max-width:700px\">\n<div class=\"wp-block-columns inverse is-layout-flex wp-container-core-columns-is-layout-9d6595d7 wp-block-columns-is-layout-flex\">\n<div class=\"wp-block-column texte_planif is-layout-flow wp-block-column-is-layout-flow\" style=\"flex-basis:58%\">\n<h5 class=\"titre_box\">Reciba nuestro <span class=\"titre_box_manuscrit\">bolet\u00edn<\/span><\/h5>\n\n\n\n<ul class=\"wp-block-list\">\n<li>\u00a1Un soplo de aire fresco en su vida cotidiana en los bellos destinos de Region Lovers!<\/li>\n\n\n\n<li>Una vez al mes<\/li>\n\n\n\n<li>Sin publicidad<\/li>\n<\/ul>\n\n\n\n                <div class='gf_browser_gecko gform_wrapper gravity-theme gform-theme--no-framework waitlist_wrapper' data-form-theme='gravity-theme' data-form-index='0' id='gform_wrapper_4' >\n                        <div class='gform_heading'>\n                            <p class='gform_description'><\/p>\n                        <\/div><form method='post' enctype='multipart\/form-data'  id='gform_4' class='waitlist' action='\/es\/wp-json\/wp\/v2\/posts\/9248' data-formid='4' novalidate> \r\n <input type='hidden' class='gforms-pum' value='{\"closepopup\":false,\"closedelay\":0,\"openpopup\":false,\"openpopup_id\":0}' \/>\n                        <div class='gform-body gform_body'><div id='gform_fields_4' class='gform_fields top_label form_sublabel_below description_below validation_below'><div id=\"field_4_1\" class=\"gfield gfield--type-email gfield--input-type-email gfield_contains_required field_sublabel_below gfield--no-description field_description_below hidden_label field_validation_below gfield_visibility_visible\"  ><label class='gfield_label gform-field-label' for='input_4_1'>E-mail<span class=\"gfield_required\"><span class=\"gfield_required gfield_required_text\">(Obligatorio)<\/span><\/span><\/label><div class='ginput_container ginput_container_email'>\n                            <input name='input_1' id='input_4_1' type='email' value='' class='large'    aria-required=\"true\" aria-invalid=\"false\"  \/>\n                        <\/div><\/div><fieldset id=\"field_4_3\" class=\"gfield gfield--type-consent gfield--type-choice gfield--input-type-consent gfield_contains_required field_sublabel_below gfield--no-description field_description_below hidden_label field_validation_below gfield_visibility_visible\"  ><legend class='gfield_label gform-field-label gfield_label_before_complex' >RGPD<span class=\"gfield_required\"><span class=\"gfield_required gfield_required_text\">(Obligatorio)<\/span><\/span><\/legend><div class='ginput_container ginput_container_consent'><input name='input_3.1' id='input_4_3_1' type='checkbox' value='1'   aria-required=\"true\" aria-invalid=\"false\"   \/> <label class=\"gform-field-label gform-field-label--type-inline gfield_consent_label\" for='input_4_3_1' >S\u00ed, deseo suscribirme al bolet\u00edn mensual<span class=\"gfield_required gfield_required_text\">(Obligatorio)<\/span><\/label><input type='hidden' name='input_3.2' value='S\u00ed, deseo suscribirme al bolet\u00edn mensual' class='gform_hidden' \/><input type='hidden' name='input_3.3' value='1' class='gform_hidden' \/><\/div><\/fieldset><div id=\"field_4_4\" class=\"gfield gfield--type-website gfield--input-type-website field_sublabel_below gfield--no-description field_description_below field_validation_below gfield_visibility_hidden\"  ><div class=\"admin-hidden-markup\"><i class=\"gform-icon gform-icon--hidden\" aria-hidden=\"true\" title=\"Este campo est\u00e1 oculto cuando se visualiza el formulario\"><\/i><span>Este campo est\u00e1 oculto cuando se visualiza el formulario<\/span><\/div><label class='gfield_label gform-field-label' for='input_4_4'>Site Web<\/label><div class='ginput_container ginput_container_website'>\n                    <input name='input_4' id='input_4_4' type='url' value='https:\/\/provencelovers.fr\/es\/wp-json\/wp\/v2\/posts\/9248' class='large'    placeholder='https:\/\/'  aria-invalid=\"false\" \/>\n                <\/div><\/div><\/div><\/div>\n        <div class='gform-footer gform_footer top_label'> <input type='submit' id='gform_submit_button_4' class='gform_button button' onclick='gform.submission.handleButtonClick(this);' data-submission-type='submit' value='Inscr\u00edbase'  \/> \n            <input type='hidden' class='gform_hidden' name='gform_submission_method' data-js='gform_submission_method_4' value='postback' \/>\n            <input type='hidden' class='gform_hidden' name='gform_theme' data-js='gform_theme_4' id='gform_theme_4' value='gravity-theme' \/>\n            <input type='hidden' class='gform_hidden' name='gform_style_settings' data-js='gform_style_settings_4' id='gform_style_settings_4' value='{&quot;inputPrimaryColor&quot;:&quot;#204ce5&quot;}' \/>\n            <input type='hidden' class='gform_hidden' name='is_submit_4' value='1' \/>\n            <input type='hidden' class='gform_hidden' name='gform_submit' value='4' \/>\n            \n            <input type='hidden' class='gform_hidden' name='gform_currency' data-currency='EUR' value='3uYZTDYxK0kRHkFD\/xsrzoBTVaf+7RRCLSVy8fYwrHh2IveU3ra+U71Bs13yE49GBklWVjckPSjRupQLSDWAwETTbuHUn+g\/VX9zEykjUx6Zb0s=' \/>\n            <input type='hidden' class='gform_hidden' name='gform_unique_id' value='' \/>\n            <input type='hidden' class='gform_hidden' name='state_4' value='WyJ7XCIzLjFcIjpcIjQ4N2RjMTgyMjNmY2RjNTA1YjkyNzVhZTM4MWMxNTg5XCIsXCIzLjJcIjpcImVlMWI5YjA3YjVhZDUzODllODkzMDk4ZmI5MWRhMDU1XCIsXCIzLjNcIjpcIjQ4N2RjMTgyMjNmY2RjNTA1YjkyNzVhZTM4MWMxNTg5XCJ9IiwiZTE1NmU3MDgxYTE3OTIzNTgyZmVkYTQ3ODkzM2Q1NTYiXQ==' \/>\n            <input type='hidden' autocomplete='off' class='gform_hidden' name='gform_target_page_number_4' id='gform_target_page_number_4' value='0' \/>\n            <input type='hidden' autocomplete='off' class='gform_hidden' name='gform_source_page_number_4' id='gform_source_page_number_4' value='1' \/>\n            <input type='hidden' name='gform_field_values' value='' \/>\n            \n        <\/div>\n                        <\/form>\n                        <\/div><script>\ngform.initializeOnLoaded( function() {gformInitSpinner( 4, 'https:\/\/provencelovers.fr\/wp-content\/plugins\/gravityforms\/images\/spinner.svg', true );jQuery('#gform_ajax_frame_4').on('load',function(){var contents = jQuery(this).contents().find('*').html();var is_postback = contents.indexOf('GF_AJAX_POSTBACK') >= 0;if(!is_postback){return;}var form_content = jQuery(this).contents().find('#gform_wrapper_4');var is_confirmation = jQuery(this).contents().find('#gform_confirmation_wrapper_4').length > 0;var is_redirect = contents.indexOf('gformRedirect(){') >= 0;var is_form = form_content.length > 0 && ! is_redirect && ! is_confirmation;var mt = parseInt(jQuery('html').css('margin-top'), 10) + parseInt(jQuery('body').css('margin-top'), 10) + 100;if(is_form){jQuery('#gform_wrapper_4').html(form_content.html());if(form_content.hasClass('gform_validation_error')){jQuery('#gform_wrapper_4').addClass('gform_validation_error');} else {jQuery('#gform_wrapper_4').removeClass('gform_validation_error');}setTimeout( function() { \/* delay the scroll by 50 milliseconds to fix a bug in chrome *\/  }, 50 );if(window['gformInitDatepicker']) {gformInitDatepicker();}if(window['gformInitPriceFields']) {gformInitPriceFields();}var current_page = jQuery('#gform_source_page_number_4').val();gformInitSpinner( 4, 'https:\/\/provencelovers.fr\/wp-content\/plugins\/gravityforms\/images\/spinner.svg', true );jQuery(document).trigger('gform_page_loaded', [4, current_page]);window['gf_submitting_4'] = false;}else if(!is_redirect){var confirmation_content = jQuery(this).contents().find('.GF_AJAX_POSTBACK').html();if(!confirmation_content){confirmation_content = contents;}jQuery('#gform_wrapper_4').replaceWith(confirmation_content);jQuery(document).trigger('gform_confirmation_loaded', [4]);window['gf_submitting_4'] = false;wp.a11y.speak(jQuery('#gform_confirmation_message_4').text());}else{jQuery('#gform_4').append(contents);if(window['gformRedirect']) {gformRedirect();}}jQuery(document).trigger(\"gform_pre_post_render\", [{ formId: \"4\", currentPage: \"current_page\", abort: function() { this.preventDefault(); } }]);        if (event && event.defaultPrevented) {                return;        }        const gformWrapperDiv = document.getElementById( \"gform_wrapper_4\" );        if ( gformWrapperDiv ) {            const visibilitySpan = document.createElement( \"span\" );            visibilitySpan.id = \"gform_visibility_test_4\";            gformWrapperDiv.insertAdjacentElement( \"afterend\", visibilitySpan );        }        const visibilityTestDiv = document.getElementById( \"gform_visibility_test_4\" );        let postRenderFired = false;        function triggerPostRender() {            if ( postRenderFired ) {                return;            }            postRenderFired = true;            gform.core.triggerPostRenderEvents( 4, current_page );            if ( visibilityTestDiv ) {                visibilityTestDiv.parentNode.removeChild( visibilityTestDiv );            }        }        function debounce( func, wait, immediate ) {            var timeout;            return function() {                var context = this, args = arguments;                var later = function() {                    timeout = null;                    if ( !immediate ) func.apply( context, args );                };                var callNow = immediate && !timeout;                clearTimeout( timeout );                timeout = setTimeout( later, wait );                if ( callNow ) func.apply( context, args );            };        }        const debouncedTriggerPostRender = debounce( function() {            triggerPostRender();        }, 200 );        if ( visibilityTestDiv && visibilityTestDiv.offsetParent === null ) {            const observer = new MutationObserver( ( mutations ) => {                mutations.forEach( ( mutation ) => {                    if ( mutation.type === 'attributes' && visibilityTestDiv.offsetParent !== null ) {                        debouncedTriggerPostRender();                        observer.disconnect();                    }                });            });            observer.observe( document.body, {                attributes: true,                childList: false,                subtree: true,                attributeFilter: [ 'style', 'class' ],            });        } else {            triggerPostRender();        }    } );} );\n<\/script>\n<\/div>\n\n\n\n<div class=\"wp-block-column is-layout-flow wp-block-column-is-layout-flow\" style=\"flex-basis:42%\">\n<div class=\"wp-block-genesis-blocks-gb-container aligncenter newsletter-radius gb-block-container\"><div class=\"gb-container-inside\"><div class=\"gb-container-content\"><div class=\"wp-block-image newsletter-image\">\n<figure class=\"aligncenter size-full\"><img loading=\"lazy\" decoding=\"async\" width=\"729\" height=\"792\" src=\"https:\/\/provencelovers.fr\/wp-content\/uploads\/2024\/01\/newsletter_FR_2.png\" alt=\"\" class=\"wp-image-8159\" srcset=\"https:\/\/provencelovers.fr\/wp-content\/uploads\/2024\/01\/newsletter_FR_2.png 729w, https:\/\/provencelovers.fr\/wp-content\/uploads\/2024\/01\/newsletter_FR_2-276x300.png 276w\" sizes=\"auto, (max-width: 729px) 100vw, 729px\" \/><\/figure>\n<\/div><\/div><\/div><\/div>\n<\/div>\n<\/div>\n<\/div><\/div><\/div>\n\n<h2 class=\"wp-block-heading\">Preguntas frecuentes<\/h2>\n\n<h3 class=\"wp-block-heading\">\u00bfExiste alguna relaci\u00f3n entre Villa K\u00e9rylos y la novela hom\u00f3nima de Adrien Goetz?<\/h3>\n\n<p>S\u00ed. La novela es ficci\u00f3n, pero est\u00e1 inspirada en la villa real.<\/p>\n\n<p>Narra la historia de Aquiles, un joven apasionado por la antigua Grecia. Fue invitado a pasar el verano en Villa Kerylos, donde descubri\u00f3 el arte y la cultura griegos.<br\/>La novela muestra este lugar en todo su esplendor. Adrien Goetz describe con precisi\u00f3n los escenarios, los jardines y los objetos. Muestra c\u00f3mo la villa es un lugar de ensue\u00f1o y evasi\u00f3n, que permite a los visitantes viajar a trav\u00e9s del tiempo y el espacio.<\/p>\n\n<p>Si lee la novela antes de su visita, comprender\u00e1 mejor su historia.<\/p>\n\n<p>En cualquier caso, si es aficionado a la historia o si simplemente disfrut\u00f3 de su visita, le recomendamos que lea esta novela.<\/p>\n\n<figure class=\"wp-block-image size-large\"><img decoding=\"async\" src=\"https:\/\/photos.smugmug.com\/Provence-Lovers\/Beaulieu-sur-Mer\/n-kwnx6C\/Villa-Kerylos\/i-PXFdZKr\/0\/cad46dd5\/L\/plage-fourmis-villa-kerylos-L.jpg\" alt=\"Villa K&#xE9;rylos vista desde la playa\"\/><\/figure>\n\n<h3 class=\"wp-block-heading\">\u00bfVale m\u00e1s la Villa K\u00e9rylos que la Villa Ephrussi?<\/h3>\n\n<p>La Villa K\u00e9rylos y la Villa Ephrussi, ambas en la Costa Azul, son ejemplos notables de la arquitectura de la Belle \u00c9poque, pero no tienen nada que <strong>ver<\/strong> entre s\u00ed. Visitar uno no es lo mismo que visitar el otro.<\/p>\n\n<ul class=\"wp-block-list\">\n<li>Inspirada en la <strong>antigua Grecia<\/strong>, la neocl\u00e1sica <strong>Villa Kerylos<\/strong> fue en su d\u00eda una residencia privada.<\/li>\n\n\n\n<li>Inspirada en la<strong>Italia renacentista<\/strong>, la <strong>Villa Ephrussi<\/strong> de Rothschild es de estilo neorrenacentista y en su d\u00eda fue un lugar de recepciones y entretenimiento.<\/li>\n<\/ul>\n\n<p><a href=\"https:\/\/provencelovers.fr\/es\/visitar-villa-ephrussi-saint-jean-cap-ferrat\/\" target=\"_blank\" rel=\"noreferrer noopener\">Consulte nuestro art\u00edculo<\/a>.<\/p>\n\n<figure class=\"wp-block-image size-large\"><img decoding=\"async\" src=\"https:\/\/photos.smugmug.com\/Provence-Lovers\/Cap-Ferrat\/n-h4Cmfv\/Villa-Ephrussi\/i-nbKkk34\/0\/ec7e0d51\/L\/villa-ephrussi-L.jpg\" alt=\"Villa Ephrussi\"\/><figcaption class=\"wp-element-caption\">La Villa Ephrussi<\/figcaption><\/figure>\n\n<div style=\"margin-top:8%;margin-bottom:8%\" class=\"wp-block-genesis-blocks-gb-container box gb-block-container\"><div class=\"gb-container-inside\"><div class=\"gb-container-content\" style=\"max-width:700px\">\n<div class=\"wp-block-genesis-blocks-gb-container box_titre gb-block-container\"><div class=\"gb-container-inside\"><div class=\"gb-container-content\">\n<h5 class=\"titre_box\" style=\"padding-top:10px;\">PLANIFIQUE SU VIAJE A LA <span class=\"titre_box_manuscrit\">Costa Azul<\/span><\/h5>\n<\/div><\/div><\/div>\n\n\n\n<hr class=\"wp-block-separator has-text-color has-alpha-channel-opacity has-background is-style-wide hr-box-planif\" style=\"background-color:#ccd3dd;color:#ccd3dd\"\/>\n\n\n\n<div class=\"wp-block-columns box_sans_border is-layout-flex wp-container-core-columns-is-layout-9d6595d7 wp-block-columns-is-layout-flex\">\n<div class=\"wp-block-column texte_planif is-layout-flow wp-block-column-is-layout-flow\" style=\"font-size:14px;flex-basis:60%\">\n<ul class=\"wp-block-list\">\n<li><strong>Inspiraci\u00f3n<\/strong><\/li>\n<\/ul>\n\n\n\n<p style=\"font-size:14px\"><a href=\"https:\/\/provencelovers.fr\/es\/mejores-paisajes-cote-azur-fotos\/\" target=\"_blank\" rel=\"noreferrer noopener\">Los paisajes m\u00e1s bellos en 30 fotos<\/a><br\/><a href=\"https:\/\/provencelovers.fr\/es\/que-ver-cote-azur-visitar\/\" target=\"_blank\" rel=\"noreferrer noopener\">Qu\u00e9 ver en la Costa Azul<\/a><br\/><a href=\"https:\/\/provencelovers.fr\/es\/mejores-pueblos-costa-azul\/\" target=\"_blank\" rel=\"noreferrer noopener\">Los pueblos m\u00e1s bonitos<\/a><br\/><a href=\"https:\/\/provencelovers.fr\/es\/mejores-playas-costa-azul\/\" target=\"_blank\" rel=\"noreferrer noopener\">Las mejores playas de la Costa Azul<\/a><br\/><a href=\"https:\/\/provencelovers.fr\/es\/mejores-jardines-costa-azul\/\" target=\"_blank\" rel=\"noreferrer noopener\">Los jardines m\u00e1s bellos<\/a><br\/>Las mejores excursiones en barco (pr\u00f3ximamente)<br\/><a href=\"https:\/\/provencelovers.fr\/es\/islas-costa-azul\/\" target=\"_blank\" rel=\"noreferrer noopener\">Las islas m\u00e1s bellas<\/a><br\/><a href=\"https:\/\/provencelovers.fr\/es\/lugares-secretos-costa-azul\/\" target=\"_blank\" rel=\"noreferrer noopener\">Lugares secretos<\/a><\/p>\n<\/div>\n\n\n\n<div class=\"wp-block-column is-vertically-aligned-top planif-radius is-layout-flow wp-block-column-is-layout-flow\" style=\"flex-basis:40%\">\n<figure class=\"wp-block-image size-large img-portrait\"><img decoding=\"async\" src=\"https:\/\/photos.smugmug.com\/Provence-Lovers\/Antibes\/n-mKVLR5\/Port-Ponteil\/i-38NGtcB\/0\/f2464217\/S\/plage_ponteil_vue-S.jpg\" alt=\"Antibes y las monta&#xF1;as\" title=\"\"\/><\/figure>\n<\/div>\n<\/div>\n\n\n\n<hr class=\"wp-block-separator has-text-color has-alpha-channel-opacity has-background is-style-wide hr-box-planif\" style=\"background-color:#ccd3dd;color:#ccd3dd\"\/>\n\n\n\n<div class=\"wp-block-columns box_sans_border is-layout-flex wp-container-core-columns-is-layout-9d6595d7 wp-block-columns-is-layout-flex\">\n<div class=\"wp-block-column texte_planif is-layout-flow wp-block-column-is-layout-flow\" style=\"font-size:14px;flex-basis:60%\">\n<ul class=\"wp-block-list\">\n<li><strong>Consejos pr\u00e1cticos<\/strong><\/li>\n<\/ul>\n\n\n\n<p style=\"font-size:14px\">Un exitoso viaje a la Costa Azul (pr\u00f3ximamente)<br\/><a href=\"https:\/\/provencelovers.fr\/es\/como-alquilar-coche-provenza\/\">Alquile un coche en Provenza<\/a> &#8211; en <a href=\"https:\/\/provencelovers.fr\/es\/como-alquilar-coche-niza-aeropuerto-estacion\/\">Niza<\/a> &#8211; en <a href=\"https:\/\/provencelovers.fr\/es\/como-alquilar-coche-cannes-estacion\/\">Cannes<\/a> &#8211; en <a href=\"https:\/\/provencelovers.fr\/es\/como-alquilar-coche-marsella-aeropuerto-estacion\/\">Marsella<\/a> &#8211; en <a href=\"https:\/\/provencelovers.fr\/es\/como-alquilar-coche-aix-provence-estacion\/\">Aix-en-Provence<\/a>.<\/p>\n\n\n\n<p style=\"font-size:14px\">Itinerarios: <a href=\"https:\/\/provencelovers.fr\/es\/visitar-costa-azul-5-dias-itinerario\/\" target=\"_blank\" rel=\"noreferrer noopener\">5 d\u00edas<\/a> &#8211; <a href=\"https:\/\/provencelovers.fr\/es\/visitar-costa-azul-una-semana-itinerario\/\" target=\"_blank\" rel=\"noreferrer noopener\">1 semana<\/a> &#8211; <a href=\"https:\/\/provencelovers.fr\/es\/10-dias-costa-azul-itinerario-road-trip\/\" target=\"_blank\" rel=\"noreferrer noopener\">10 d\u00edas<\/a><br\/>Ideas para el fin de semana: lo mejor &#8211; <a href=\"https:\/\/provencelovers.fr\/es\/fin-semana-romantico-costa-azul\/\" target=\"_blank\" rel=\"noreferrer noopener\">rom\u00e1ntico<\/a> &#8211; <a href=\"https:\/\/provencelovers.fr\/es\/fin-semana-lujo-costa-azul\/\" target=\"_blank\" rel=\"noreferrer noopener\">lujoso<\/a> &#8211; <a href=\"https:\/\/provencelovers.fr\/es\/fin-semana-insolito-costa-azul\/\" target=\"_blank\" rel=\"noreferrer noopener\">inusual<\/a><\/p>\n<\/div>\n\n\n\n<div class=\"wp-block-column is-vertically-aligned-top planif-radius is-layout-flow wp-block-column-is-layout-flow\" style=\"flex-basis:40%\">\n<figure class=\"wp-block-image size-large img-portrait\"><img decoding=\"async\" src=\"https:\/\/photos.smugmug.com\/Provence-Lovers\/Nice\/n-wSXLpq\/Gare\/i-b5C5b9P\/0\/d153a796\/S\/gare-tgv-nice-train-S.jpg\" alt=\"Estaci&#xF3;n de Niza\" title=\"\"\/><\/figure>\n<\/div>\n<\/div>\n\n\n\n<hr class=\"wp-block-separator has-text-color has-alpha-channel-opacity has-background is-style-wide hr-box-planif\" style=\"background-color:#ccd3dd;color:#ccd3dd\"\/>\n\n\n\n<div class=\"wp-block-columns box_sans_border is-layout-flex wp-container-core-columns-is-layout-9d6595d7 wp-block-columns-is-layout-flex\">\n<div class=\"wp-block-column texte_planif is-layout-flow wp-block-column-is-layout-flow\" style=\"flex-basis:60%\">\n<ul class=\"wp-block-list\">\n<li><strong>D\u00f3nde alojarse<\/strong><\/li>\n<\/ul>\n\n\n\n<p style=\"font-size:14px\"><a href=\"https:\/\/provencelovers.fr\/es\/donde-alojarse-costa-azul-mejores-destinos\/\" target=\"_blank\" rel=\"noreferrer noopener\">D\u00f3nde alojarse en la Costa Azul<\/a><br\/><a href=\"https:\/\/provencelovers.fr\/es\/mejores-hoteles-5-estrellas-costa-azul-lujo-opiniones\/\" target=\"_blank\" rel=\"noreferrer noopener\">Los mejores hoteles de lujo de la Costa Azul<\/a><br\/><a href=\"https:\/\/provencelovers.fr\/es\/mejores-hoteles-frente-mar-costa-azul-playa\/\" target=\"_blank\" rel=\"noreferrer noopener\">Hoteles junto al mar<\/a><br\/><a href=\"https:\/\/provencelovers.fr\/es\/mejores-hoteles-boutique-costa-azul-encanto\/\" target=\"_blank\" rel=\"noreferrer noopener\">Los mejores hoteles boutique<\/a><\/p>\n<\/div>\n\n\n\n<div class=\"wp-block-column is-vertically-aligned-top planif-radius is-layout-flow wp-block-column-is-layout-flow\" style=\"flex-basis:40%\">\n<figure class=\"wp-block-image size-large img-portrait\"><img decoding=\"async\" src=\"https:\/\/photos.smugmug.com\/Provence-Lovers\/Nice\/H&#xF4;tels\/n-vLRxMK\/H&#xF4;tel-Anantara-Plaza-Nice\/i-2LsgGht\/1\/4997b805\/S\/Hotel-Anantara-Plaza-Nice-vue-mer-terrasse-restaurant-S.jpg\" alt=\"\" title=\"\"\/><\/figure>\n<\/div>\n<\/div>\n\n\n\n<hr class=\"wp-block-separator has-text-color has-alpha-channel-opacity has-background is-style-wide hr-box-planif\" style=\"background-color:#ccd3dd;color:#ccd3dd\"\/>\n\n\n\n<div class=\"wp-block-columns box_sans_border is-layout-flex wp-container-core-columns-is-layout-9d6595d7 wp-block-columns-is-layout-flex\">\n<div class=\"wp-block-column texte_planif is-layout-flow wp-block-column-is-layout-flow\" style=\"flex-basis:60%\">\n<ul class=\"wp-block-list\">\n<li><strong>Lo imprescindible<\/strong><\/li>\n<\/ul>\n\n\n\n<p style=\"font-size:14px\"><a href=\"https:\/\/provencelovers.fr\/es\/que-ver-niza\/\" target=\"_blank\" rel=\"noreferrer noopener\">Qu\u00e9 ver en Niza<\/a><br\/><a href=\"https:\/\/provencelovers.fr\/es\/que-ver-cannes-visitar\/\" target=\"_blank\" rel=\"noreferrer noopener\">Qu\u00e9 ver en Cannes<\/a><br\/><a href=\"https:\/\/provencelovers.fr\/es\/que-ver-antibes-visitar\/\" target=\"_blank\" rel=\"noreferrer noopener\">Qu\u00e9 ver en Antibes<\/a><br\/><a href=\"https:\/\/provencelovers.fr\/es\/que-ver-monaco-visitar\/\">Qu\u00e9 ver en M\u00f3naco<\/a><br\/><a href=\"https:\/\/provencelovers.fr\/es\/que-ver-saint-tropez-visitar\/\" target=\"_blank\" rel=\"noreferrer noopener\">Qu\u00e9 ver en Saint-Tropez<\/a><br\/><a href=\"https:\/\/provencelovers.fr\/es\/que-ver-cassis-visitar\/\" target=\"_blank\" rel=\"noreferrer noopener\">Qu\u00e9 ver en Cassis<\/a><br\/><a href=\"https:\/\/provencelovers.fr\/es\/que-ver-la-ciotat-visitar\/\">Qu\u00e9 ver en La Ciotat<\/a><br\/><a href=\"https:\/\/provencelovers.fr\/es\/que-ver-pueblo-eze-visitar\/\">Pueblo de \u00c8ze<\/a><\/p>\n<\/div>\n\n\n\n<div class=\"wp-block-column is-vertically-aligned-top planif-radius is-layout-flow wp-block-column-is-layout-flow\" style=\"flex-basis:40%\">\n<figure class=\"wp-block-image size-large img-portrait\"><img decoding=\"async\" src=\"https:\/\/photos.smugmug.com\/Provence-Lovers\/Antibes\/n-mKVLR5\/Port-dAntibes\/i-nX9XG8L\/0\/feace0c9\/S\/nomade-port-antibes-S.jpg\" alt=\"murallas Antibes\" title=\"\"\/><\/figure>\n<\/div>\n<\/div>\n\n\n\n<div class=\"wp-block-buttons planif_bouton is-content-justification-center is-layout-flex wp-container-core-buttons-is-layout-16018d1d wp-block-buttons-is-layout-flex\">\n<div class=\"wp-block-button has-custom-font-size\" style=\"font-size:14px\"><a class=\"wp-block-button__link has-white-color has-text-color wp-element-button\" style=\"border-radius:4px\">Ver todos nuestros consejos (pr\u00f3ximamente)<img loading=\"lazy\" decoding=\"async\" width=\"16\" height=\"17\" class=\"wp-image-2851\" style=\"width: 16px;\" src=\"https:\/\/provencelovers.fr\/wp-content\/uploads\/2023\/08\/ArrowRight.webp\" alt=\"\"\/><\/a><\/div>\n<\/div>\n<\/div><\/div><\/div>\n\n<div class=\"wp-block-genesis-blocks-gb-container box_auteur_voyage gb-block-container\"><div class=\"gb-container-inside\"><div class=\"gb-container-content\">\n<figure class=\"wp-block-image size-large img_auteur_voyage img_provisoire\"><a href=\"https:\/\/provencelovers.fr\/es\/claire\/\" target=\"_blank\" rel=\"noreferrer noopener\"><img decoding=\"async\" src=\"https:\/\/photos.smugmug.com\/Region-Lovers\/Equipe\/i-nsNF6C6\/0\/Cs2F5n96pkt9xFD9D3SVqmQspMhrKgN75nHgBqmjG\/L\/Claire-L.png\" alt=\"\"\/><\/a><\/figure>\n\n\n\n<h5 class=\"titre_auteur_voyage\"><span>HIZO EL VIAJE <\/span><span class=\"titre_box_manuscrit\">Claire<\/span><\/h5>\n<\/div><\/div><\/div>\n\n<div class=\"wp-block-genesis-blocks-gb-container box_auteur_voyage gb-block-container\"><div class=\"gb-container-inside\"><div class=\"gb-container-content\">\n<figure class=\"wp-block-image size-large img_auteur_voyage img_provisoire\"><a href=\"https:\/\/provencelovers.fr\/es\/morgane-mazelier\/\" target=\"_blank\" rel=\"noreferrer noopener\"><img decoding=\"async\" src=\"https:\/\/photos.smugmug.com\/Region-Lovers\/Equipe\/i-kx84ZJX\/0\/FgG3Lb9Xx2HBStC6R3PNXZZNj2Vvkx9vZBxQFL7NJ\/L\/morgane-L.jpg\" alt=\"\"\/><\/a><\/figure>\n\n\n\n<h5 class=\"titre_auteur_voyage\"><span>ELLA ESCRIBI\u00d3 EL ART\u00cdCULO \n <\/span><span class=\"titre_box_manuscrit\">Morgane<\/span><\/h5>\n<\/div><\/div><\/div>\n","protected":false},"excerpt":{"rendered":"<p>\u00bfDe visita en la Costa Azul? Le sugerimos que haga una parada en Beaulieu-sur-Mer para visitar Villa K\u00e9rylos. Nos encant\u00f3 descubrir este lugar \u00fanico. A la vez reconstrucci\u00f3n e interpretaci\u00f3n contempor\u00e1nea de una antigua casa griega, Villa K\u00e9rylos le har\u00e1 viajar en el tiempo y en el espacio. En el programa: mosaicos, frescos, termas, m\u00e1rmol [&hellip;]<\/p>\n","protected":false},"author":1,"featured_media":8670,"comment_status":"closed","ping_status":"closed","sticky":false,"template":"","format":"standard","meta":{"_genesis_hide_title":false,"_genesis_hide_breadcrumbs":false,"_genesis_hide_singular_image":false,"_genesis_hide_footer_widgets":false,"_genesis_custom_body_class":"","_genesis_custom_post_class":"","_genesis_layout":"","footnotes":""},"categories":[184],"tags":[],"class_list":{"0":"post-9248","1":"post","2":"type-post","3":"status-publish","4":"format-standard","5":"has-post-thumbnail","7":"category-cap-ferrat-es","8":"entry"},"yoast_head":"<!-- This site is optimized with the Yoast SEO plugin v27.2 - https:\/\/yoast.com\/product\/yoast-seo-wordpress\/ -->\n<title>Villa K\u00e9rylos (Beaulieu-sur-Mer): visita + fotos<\/title>\n<meta name=\"description\" content=\"Nuestros consejos y fotos para visitar Villa K\u00e9rylos en Beaulieu-sur-Mer: acceso, lugares de inter\u00e9s, informaci\u00f3n pr\u00e1ctica\" \/>\n<meta name=\"robots\" content=\"index, follow, max-snippet:-1, max-image-preview:large, max-video-preview:-1\" \/>\n<link rel=\"canonical\" href=\"https:\/\/provencelovers.fr\/es\/visitar-villa-kerylos-beaulieu-sur-mer\/\" \/>\n<meta property=\"og:locale\" content=\"es_ES\" \/>\n<meta property=\"og:type\" content=\"article\" \/>\n<meta property=\"og:title\" content=\"Villa K\u00e9rylos (Beaulieu-sur-Mer): visita + fotos\" \/>\n<meta property=\"og:description\" content=\"Nuestros consejos y fotos para visitar Villa K\u00e9rylos en Beaulieu-sur-Mer: acceso, lugares de inter\u00e9s, informaci\u00f3n pr\u00e1ctica\" \/>\n<meta property=\"og:url\" content=\"https:\/\/provencelovers.fr\/es\/visitar-villa-kerylos-beaulieu-sur-mer\/\" \/>\n<meta property=\"og:site_name\" content=\"Provence Lovers\" \/>\n<meta property=\"article:published_time\" content=\"2024-02-07T14:14:18+00:00\" \/>\n<meta property=\"article:modified_time\" content=\"2024-06-01T08:37:01+00:00\" \/>\n<meta property=\"og:image\" content=\"https:\/\/provencelovers.fr\/wp-content\/uploads\/2024\/01\/visitar-museo-villa-kerylos-beaulieu-sur-mer.jpg\" \/>\n\t<meta property=\"og:image:width\" content=\"800\" \/>\n\t<meta property=\"og:image:height\" content=\"600\" \/>\n\t<meta property=\"og:image:type\" content=\"image\/jpeg\" \/>\n<meta name=\"author\" content=\"Claire ROBINSON\" \/>\n<meta name=\"twitter:card\" content=\"summary_large_image\" \/>\n<meta name=\"twitter:label1\" content=\"Escrito por\" \/>\n\t<meta name=\"twitter:data1\" content=\"Claire ROBINSON\" \/>\n\t<meta name=\"twitter:label2\" content=\"Tiempo de lectura\" \/>\n\t<meta name=\"twitter:data2\" content=\"15 minutos\" \/>\n<script type=\"application\/ld+json\" class=\"yoast-schema-graph\">{\"@context\":\"https:\/\/schema.org\",\"@graph\":[{\"@type\":\"Article\",\"@id\":\"https:\/\/provencelovers.fr\/es\/visitar-villa-kerylos-beaulieu-sur-mer\/#article\",\"isPartOf\":{\"@id\":\"https:\/\/provencelovers.fr\/es\/visitar-villa-kerylos-beaulieu-sur-mer\/\"},\"author\":{\"name\":\"Claire ROBINSON\",\"@id\":\"https:\/\/provencelovers.fr\/es\/#\/schema\/person\/6b627316d8aca03e6b41be79090f3819\"},\"headline\":\"Villa K\u00e9rylos (Beaulieu-sur-Mer): visita + fotos\",\"datePublished\":\"2024-02-07T14:14:18+00:00\",\"dateModified\":\"2024-06-01T08:37:01+00:00\",\"mainEntityOfPage\":{\"@id\":\"https:\/\/provencelovers.fr\/es\/visitar-villa-kerylos-beaulieu-sur-mer\/\"},\"wordCount\":3009,\"publisher\":{\"@id\":\"https:\/\/provencelovers.fr\/es\/#organization\"},\"image\":{\"@id\":\"https:\/\/provencelovers.fr\/es\/visitar-villa-kerylos-beaulieu-sur-mer\/#primaryimage\"},\"thumbnailUrl\":\"https:\/\/provencelovers.fr\/wp-content\/uploads\/2024\/01\/visitar-museo-villa-kerylos-beaulieu-sur-mer.jpg\",\"articleSection\":[\"Cap Ferrat, Beaulieu y Villefranche\"],\"inLanguage\":\"es\"},{\"@type\":\"WebPage\",\"@id\":\"https:\/\/provencelovers.fr\/es\/visitar-villa-kerylos-beaulieu-sur-mer\/\",\"url\":\"https:\/\/provencelovers.fr\/es\/visitar-villa-kerylos-beaulieu-sur-mer\/\",\"name\":\"Villa K\u00e9rylos (Beaulieu-sur-Mer): visita + fotos\",\"isPartOf\":{\"@id\":\"https:\/\/provencelovers.fr\/es\/#website\"},\"primaryImageOfPage\":{\"@id\":\"https:\/\/provencelovers.fr\/es\/visitar-villa-kerylos-beaulieu-sur-mer\/#primaryimage\"},\"image\":{\"@id\":\"https:\/\/provencelovers.fr\/es\/visitar-villa-kerylos-beaulieu-sur-mer\/#primaryimage\"},\"thumbnailUrl\":\"https:\/\/provencelovers.fr\/wp-content\/uploads\/2024\/01\/visitar-museo-villa-kerylos-beaulieu-sur-mer.jpg\",\"datePublished\":\"2024-02-07T14:14:18+00:00\",\"dateModified\":\"2024-06-01T08:37:01+00:00\",\"description\":\"Nuestros consejos y fotos para visitar Villa K\u00e9rylos en Beaulieu-sur-Mer: acceso, lugares de inter\u00e9s, informaci\u00f3n pr\u00e1ctica\",\"breadcrumb\":{\"@id\":\"https:\/\/provencelovers.fr\/es\/visitar-villa-kerylos-beaulieu-sur-mer\/#breadcrumb\"},\"inLanguage\":\"es\",\"potentialAction\":[{\"@type\":\"ReadAction\",\"target\":[\"https:\/\/provencelovers.fr\/es\/visitar-villa-kerylos-beaulieu-sur-mer\/\"]}]},{\"@type\":\"ImageObject\",\"inLanguage\":\"es\",\"@id\":\"https:\/\/provencelovers.fr\/es\/visitar-villa-kerylos-beaulieu-sur-mer\/#primaryimage\",\"url\":\"https:\/\/provencelovers.fr\/wp-content\/uploads\/2024\/01\/visitar-museo-villa-kerylos-beaulieu-sur-mer.jpg\",\"contentUrl\":\"https:\/\/provencelovers.fr\/wp-content\/uploads\/2024\/01\/visitar-museo-villa-kerylos-beaulieu-sur-mer.jpg\",\"width\":800,\"height\":600,\"caption\":\"visitar-museo-villa-kerylos-beaulieu-sur-mer\"},{\"@type\":\"BreadcrumbList\",\"@id\":\"https:\/\/provencelovers.fr\/es\/visitar-villa-kerylos-beaulieu-sur-mer\/#breadcrumb\",\"itemListElement\":[{\"@type\":\"ListItem\",\"position\":1,\"name\":\"Home\",\"item\":\"https:\/\/provencelovers.fr\/es\/\"},{\"@type\":\"ListItem\",\"position\":2,\"name\":\"Cap Ferrat, Beaulieu y Villefranche\",\"item\":\"https:\/\/provencelovers.fr\/es\/cap-ferrat-es\/\"},{\"@type\":\"ListItem\",\"position\":3,\"name\":\"Villa K\u00e9rylos (Beaulieu-sur-Mer): visita + fotos\"}]},{\"@type\":\"WebSite\",\"@id\":\"https:\/\/provencelovers.fr\/es\/#website\",\"url\":\"https:\/\/provencelovers.fr\/es\/\",\"name\":\"Provence Lovers\",\"description\":\"Despertar los sentidos en Provenza - Le blog de Claire et Manu\",\"publisher\":{\"@id\":\"https:\/\/provencelovers.fr\/es\/#organization\"},\"potentialAction\":[{\"@type\":\"SearchAction\",\"target\":{\"@type\":\"EntryPoint\",\"urlTemplate\":\"https:\/\/provencelovers.fr\/es\/?s={search_term_string}\"},\"query-input\":{\"@type\":\"PropertyValueSpecification\",\"valueRequired\":true,\"valueName\":\"search_term_string\"}}],\"inLanguage\":\"es\"},{\"@type\":\"Organization\",\"@id\":\"https:\/\/provencelovers.fr\/es\/#organization\",\"name\":\"Provence Lovers\",\"url\":\"https:\/\/provencelovers.fr\/es\/\",\"logo\":{\"@type\":\"ImageObject\",\"inLanguage\":\"es\",\"@id\":\"https:\/\/provencelovers.fr\/es\/#\/schema\/logo\/image\/\",\"url\":\"https:\/\/provencelovers.fr\/wp-content\/uploads\/2022\/11\/Blog-Provence-Lovers-Logos.png\",\"contentUrl\":\"https:\/\/provencelovers.fr\/wp-content\/uploads\/2022\/11\/Blog-Provence-Lovers-Logos.png\",\"width\":2707,\"height\":863,\"caption\":\"Provence Lovers\"},\"image\":{\"@id\":\"https:\/\/provencelovers.fr\/es\/#\/schema\/logo\/image\/\"}},{\"@type\":\"Person\",\"@id\":\"https:\/\/provencelovers.fr\/es\/#\/schema\/person\/6b627316d8aca03e6b41be79090f3819\",\"name\":\"Claire ROBINSON\",\"image\":{\"@type\":\"ImageObject\",\"inLanguage\":\"es\",\"@id\":\"https:\/\/secure.gravatar.com\/avatar\/53c353c843050f9265c9a68901a74b6613f3f04e343e64cbba45c5b031ea079b?s=96&d=mm&r=g\",\"url\":\"https:\/\/secure.gravatar.com\/avatar\/53c353c843050f9265c9a68901a74b6613f3f04e343e64cbba45c5b031ea079b?s=96&d=mm&r=g\",\"contentUrl\":\"https:\/\/secure.gravatar.com\/avatar\/53c353c843050f9265c9a68901a74b6613f3f04e343e64cbba45c5b031ea079b?s=96&d=mm&r=g\",\"caption\":\"Claire ROBINSON\"},\"sameAs\":[\"https:\/\/provencelovers.fr\/claire-robinson\/\"],\"url\":\"https:\/\/provencelovers.fr\/es\/author\/provencelovers\/\"}]}<\/script>\n<!-- \/ Yoast SEO plugin. -->","yoast_head_json":{"title":"Villa K\u00e9rylos (Beaulieu-sur-Mer): visita + fotos","description":"Nuestros consejos y fotos para visitar Villa K\u00e9rylos en Beaulieu-sur-Mer: acceso, lugares de inter\u00e9s, informaci\u00f3n pr\u00e1ctica","robots":{"index":"index","follow":"follow","max-snippet":"max-snippet:-1","max-image-preview":"max-image-preview:large","max-video-preview":"max-video-preview:-1"},"canonical":"https:\/\/provencelovers.fr\/es\/visitar-villa-kerylos-beaulieu-sur-mer\/","og_locale":"es_ES","og_type":"article","og_title":"Villa K\u00e9rylos (Beaulieu-sur-Mer): visita + fotos","og_description":"Nuestros consejos y fotos para visitar Villa K\u00e9rylos en Beaulieu-sur-Mer: acceso, lugares de inter\u00e9s, informaci\u00f3n pr\u00e1ctica","og_url":"https:\/\/provencelovers.fr\/es\/visitar-villa-kerylos-beaulieu-sur-mer\/","og_site_name":"Provence Lovers","article_published_time":"2024-02-07T14:14:18+00:00","article_modified_time":"2024-06-01T08:37:01+00:00","og_image":[{"width":800,"height":600,"url":"https:\/\/provencelovers.fr\/wp-content\/uploads\/2024\/01\/visitar-museo-villa-kerylos-beaulieu-sur-mer.jpg","type":"image\/jpeg"}],"author":"Claire ROBINSON","twitter_card":"summary_large_image","twitter_misc":{"Escrito por":"Claire ROBINSON","Tiempo de lectura":"15 minutos"},"schema":{"@context":"https:\/\/schema.org","@graph":[{"@type":"Article","@id":"https:\/\/provencelovers.fr\/es\/visitar-villa-kerylos-beaulieu-sur-mer\/#article","isPartOf":{"@id":"https:\/\/provencelovers.fr\/es\/visitar-villa-kerylos-beaulieu-sur-mer\/"},"author":{"name":"Claire ROBINSON","@id":"https:\/\/provencelovers.fr\/es\/#\/schema\/person\/6b627316d8aca03e6b41be79090f3819"},"headline":"Villa K\u00e9rylos (Beaulieu-sur-Mer): visita + fotos","datePublished":"2024-02-07T14:14:18+00:00","dateModified":"2024-06-01T08:37:01+00:00","mainEntityOfPage":{"@id":"https:\/\/provencelovers.fr\/es\/visitar-villa-kerylos-beaulieu-sur-mer\/"},"wordCount":3009,"publisher":{"@id":"https:\/\/provencelovers.fr\/es\/#organization"},"image":{"@id":"https:\/\/provencelovers.fr\/es\/visitar-villa-kerylos-beaulieu-sur-mer\/#primaryimage"},"thumbnailUrl":"https:\/\/provencelovers.fr\/wp-content\/uploads\/2024\/01\/visitar-museo-villa-kerylos-beaulieu-sur-mer.jpg","articleSection":["Cap Ferrat, Beaulieu y Villefranche"],"inLanguage":"es"},{"@type":"WebPage","@id":"https:\/\/provencelovers.fr\/es\/visitar-villa-kerylos-beaulieu-sur-mer\/","url":"https:\/\/provencelovers.fr\/es\/visitar-villa-kerylos-beaulieu-sur-mer\/","name":"Villa K\u00e9rylos (Beaulieu-sur-Mer): visita + fotos","isPartOf":{"@id":"https:\/\/provencelovers.fr\/es\/#website"},"primaryImageOfPage":{"@id":"https:\/\/provencelovers.fr\/es\/visitar-villa-kerylos-beaulieu-sur-mer\/#primaryimage"},"image":{"@id":"https:\/\/provencelovers.fr\/es\/visitar-villa-kerylos-beaulieu-sur-mer\/#primaryimage"},"thumbnailUrl":"https:\/\/provencelovers.fr\/wp-content\/uploads\/2024\/01\/visitar-museo-villa-kerylos-beaulieu-sur-mer.jpg","datePublished":"2024-02-07T14:14:18+00:00","dateModified":"2024-06-01T08:37:01+00:00","description":"Nuestros consejos y fotos para visitar Villa K\u00e9rylos en Beaulieu-sur-Mer: acceso, lugares de inter\u00e9s, informaci\u00f3n pr\u00e1ctica","breadcrumb":{"@id":"https:\/\/provencelovers.fr\/es\/visitar-villa-kerylos-beaulieu-sur-mer\/#breadcrumb"},"inLanguage":"es","potentialAction":[{"@type":"ReadAction","target":["https:\/\/provencelovers.fr\/es\/visitar-villa-kerylos-beaulieu-sur-mer\/"]}]},{"@type":"ImageObject","inLanguage":"es","@id":"https:\/\/provencelovers.fr\/es\/visitar-villa-kerylos-beaulieu-sur-mer\/#primaryimage","url":"https:\/\/provencelovers.fr\/wp-content\/uploads\/2024\/01\/visitar-museo-villa-kerylos-beaulieu-sur-mer.jpg","contentUrl":"https:\/\/provencelovers.fr\/wp-content\/uploads\/2024\/01\/visitar-museo-villa-kerylos-beaulieu-sur-mer.jpg","width":800,"height":600,"caption":"visitar-museo-villa-kerylos-beaulieu-sur-mer"},{"@type":"BreadcrumbList","@id":"https:\/\/provencelovers.fr\/es\/visitar-villa-kerylos-beaulieu-sur-mer\/#breadcrumb","itemListElement":[{"@type":"ListItem","position":1,"name":"Home","item":"https:\/\/provencelovers.fr\/es\/"},{"@type":"ListItem","position":2,"name":"Cap Ferrat, Beaulieu y Villefranche","item":"https:\/\/provencelovers.fr\/es\/cap-ferrat-es\/"},{"@type":"ListItem","position":3,"name":"Villa K\u00e9rylos (Beaulieu-sur-Mer): visita + fotos"}]},{"@type":"WebSite","@id":"https:\/\/provencelovers.fr\/es\/#website","url":"https:\/\/provencelovers.fr\/es\/","name":"Provence Lovers","description":"Despertar los sentidos en Provenza - Le blog de Claire et Manu","publisher":{"@id":"https:\/\/provencelovers.fr\/es\/#organization"},"potentialAction":[{"@type":"SearchAction","target":{"@type":"EntryPoint","urlTemplate":"https:\/\/provencelovers.fr\/es\/?s={search_term_string}"},"query-input":{"@type":"PropertyValueSpecification","valueRequired":true,"valueName":"search_term_string"}}],"inLanguage":"es"},{"@type":"Organization","@id":"https:\/\/provencelovers.fr\/es\/#organization","name":"Provence Lovers","url":"https:\/\/provencelovers.fr\/es\/","logo":{"@type":"ImageObject","inLanguage":"es","@id":"https:\/\/provencelovers.fr\/es\/#\/schema\/logo\/image\/","url":"https:\/\/provencelovers.fr\/wp-content\/uploads\/2022\/11\/Blog-Provence-Lovers-Logos.png","contentUrl":"https:\/\/provencelovers.fr\/wp-content\/uploads\/2022\/11\/Blog-Provence-Lovers-Logos.png","width":2707,"height":863,"caption":"Provence Lovers"},"image":{"@id":"https:\/\/provencelovers.fr\/es\/#\/schema\/logo\/image\/"}},{"@type":"Person","@id":"https:\/\/provencelovers.fr\/es\/#\/schema\/person\/6b627316d8aca03e6b41be79090f3819","name":"Claire ROBINSON","image":{"@type":"ImageObject","inLanguage":"es","@id":"https:\/\/secure.gravatar.com\/avatar\/53c353c843050f9265c9a68901a74b6613f3f04e343e64cbba45c5b031ea079b?s=96&d=mm&r=g","url":"https:\/\/secure.gravatar.com\/avatar\/53c353c843050f9265c9a68901a74b6613f3f04e343e64cbba45c5b031ea079b?s=96&d=mm&r=g","contentUrl":"https:\/\/secure.gravatar.com\/avatar\/53c353c843050f9265c9a68901a74b6613f3f04e343e64cbba45c5b031ea079b?s=96&d=mm&r=g","caption":"Claire ROBINSON"},"sameAs":["https:\/\/provencelovers.fr\/claire-robinson\/"],"url":"https:\/\/provencelovers.fr\/es\/author\/provencelovers\/"}]}},"featured_image_src":"https:\/\/provencelovers.fr\/wp-content\/uploads\/2024\/01\/visitar-museo-villa-kerylos-beaulieu-sur-mer-600x400.jpg","featured_image_src_square":"https:\/\/provencelovers.fr\/wp-content\/uploads\/2024\/01\/visitar-museo-villa-kerylos-beaulieu-sur-mer-600x600.jpg","author_info":{"display_name":"Claire ROBINSON","author_link":"https:\/\/provencelovers.fr\/es\/author\/provencelovers\/"},"_links":{"self":[{"href":"https:\/\/provencelovers.fr\/es\/wp-json\/wp\/v2\/posts\/9248","targetHints":{"allow":["GET"]}}],"collection":[{"href":"https:\/\/provencelovers.fr\/es\/wp-json\/wp\/v2\/posts"}],"about":[{"href":"https:\/\/provencelovers.fr\/es\/wp-json\/wp\/v2\/types\/post"}],"author":[{"embeddable":true,"href":"https:\/\/provencelovers.fr\/es\/wp-json\/wp\/v2\/users\/1"}],"replies":[{"embeddable":true,"href":"https:\/\/provencelovers.fr\/es\/wp-json\/wp\/v2\/comments?post=9248"}],"version-history":[{"count":0,"href":"https:\/\/provencelovers.fr\/es\/wp-json\/wp\/v2\/posts\/9248\/revisions"}],"wp:featuredmedia":[{"embeddable":true,"href":"https:\/\/provencelovers.fr\/es\/wp-json\/wp\/v2\/media\/8670"}],"wp:attachment":[{"href":"https:\/\/provencelovers.fr\/es\/wp-json\/wp\/v2\/media?parent=9248"}],"wp:term":[{"taxonomy":"category","embeddable":true,"href":"https:\/\/provencelovers.fr\/es\/wp-json\/wp\/v2\/categories?post=9248"},{"taxonomy":"post_tag","embeddable":true,"href":"https:\/\/provencelovers.fr\/es\/wp-json\/wp\/v2\/tags?post=9248"}],"curies":[{"name":"wp","href":"https:\/\/api.w.org\/{rel}","templated":true}]}}