{"id":6389,"date":"2023-12-04T15:02:42","date_gmt":"2023-12-04T14:02:42","guid":{"rendered":"https:\/\/provencelovers.fr\/visite-remparts-nomade-antibes\/"},"modified":"2026-04-07T15:56:24","modified_gmt":"2026-04-07T13:56:24","slug":"visitar-murallas-nomade-antibes","status":"publish","type":"post","link":"https:\/\/provencelovers.fr\/es\/visitar-murallas-nomade-antibes\/","title":{"rendered":"De las murallas al Nomade de Port Vauban (Antibes): visita"},"content":{"rendered":"\n<p class=\"wp-block-paragraph\">\u00bfListo para descubrir los lugares imprescindibles de Antibes? En este art\u00edculo, echamos un vistazo a las murallas del <strong>casco<\/strong> antiguo, que confieren a esta ciudadela <strong>de Vauban<\/strong> su innegable encanto. Rodeada por una muralla desde<strong>la antig\u00fcedad<\/strong>, Antibes siempre ha sido una ciudad estrat\u00e9gica gracias a su situaci\u00f3n junto al mar y su proximidad a la costa italiana. Sus murallas, remodeladas a lo largo de los siglos, \u00a1reflejan su historia! Lo mismo puede decirse del puerto, un antiguo puerto que ahora es <strong>el principal puerto deportivo de Europa<\/strong>. Aqu\u00ed encontrar\u00e1 la <strong>escultura monumental Le <em>Nomade<\/em><\/strong>, de <strong>Jaume Plensa<\/strong>. Divertido y fotog\u00e9nico, \u00a1es motivo de orgullo para los lugare\u00f1os!<\/p>\n\n<p class=\"wp-block-paragraph\">En este art\u00edculo, le damos <strong>todos nuestros consejos en im\u00e1genes<\/strong> para <strong>visitar las murallas y la <em>Nomade<\/em> du Port Vauban<\/strong>.<\/p>\n\n<figure class=\"wp-block-image size-full\"><img decoding=\"async\" src=\"https:\/\/provencelovers.fr\/wp-content\/uploads\/2023\/12\/visitar-murallas-nomade-antibes.jpg\" alt=\"Descubra en este art&#xED;culo las murallas de Antibes y la escultura Nomade de Port Vauban.\" class=\"wp-image-6350\"\/><\/figure>\n\n<div class=\"wp-block-genesis-blocks-gb-container gb-block-container\"><div class=\"gb-container-inside\"><div class=\"gb-container-content\">\n<p class=\"wp-block-paragraph\">Esta gu\u00eda es totalmente <strong>independiente<\/strong> y se basa en nuestras experiencias. Visitamos la regi\u00f3n de forma an\u00f3nima, tomando nuestras propias decisiones y pagando \u00edntegramente nuestras facturas.<\/p>\n<\/div><\/div><\/div>\n\n<h2 class=\"wp-block-heading\">\u00bfPor qu\u00e9 visitar la <em>Nomade<\/em>, Port Vauban y las murallas?<\/h2>\n\n<h3 class=\"wp-block-heading\"><strong>\u00bfPor qu\u00e9 merecen la pena? Nuestra opini\u00f3n:<\/strong><\/h3>\n\n<p class=\"wp-block-paragraph\">\u00a1Las murallas y el Puerto Vauban son una visita obligada durante su estancia en Antibes! Son una parte real de la identidad de la ciudad. El Puerto Vauban separa el majestuoso <a href=\"https:\/\/provencelovers.fr\/es\/visitar-fort-carre-antibes\/\" target=\"_blank\" rel=\"noreferrer noopener\">Fuerte Carr\u00e9<\/a> del casco antiguo de Antibes. En su muelle principal, el Quai Henri Rambaud, podr\u00e1 ver el <em>Nomade<\/em>. Fuimos al pie de esta escultura de acero blanco y nos gust\u00f3 especialmente. Desde el muelle, caminamos a lo largo de las murallas, desde el casco antiguo hasta la Plage du Ponteil. Fue un paseo muy agradable. Consulte otras ideas de actividades en Antibes en nuestro <a href=\"https:\/\/provencelovers.fr\/es\/que-ver-antibes-visitar\/\" target=\"_blank\" rel=\"noreferrer noopener\">art\u00edculo dedicado<\/a>.<\/p>\n\n<figure class=\"wp-block-image size-large\"><img decoding=\"async\" src=\"https:\/\/photos.smugmug.com\/Provence-Lovers\/Antibes\/n-mKVLR5\/Fort-Carr&#xE9;\/i-BpmLS25\/0\/285254ed\/L\/Antibes-fortcarre&#x301;-vuedepuisroue-L.jpg\" alt=\"Vista del Puerto y del Fuerte Carr&#xE9;.\"\/><figcaption class=\"wp-element-caption\">Vista de Port Vauban y Fort Carr\u00e9.<\/figcaption><\/figure>\n\n<div class=\"wp-block-genesis-blocks-gb-container box gb-block-container\" style=\"background-color:#f1e7fa;margin-top:8%;margin-bottom:8%\"><div class=\"gb-container-inside\"><div class=\"gb-container-content\" style=\"max-width:700px\">\n<div class=\"wp-block-genesis-blocks-gb-container box_titre gb-block-container\"><div class=\"gb-container-inside\"><div class=\"gb-container-content\">\n<h5 class=\"titre_box\" style=\"padding-top:10px;\">D\u00d3NDE ALOJARSE EN <span class=\"titre_box_manuscrit\">Antibes<\/span><\/h5>\n<\/div><\/div><\/div>\n\n\n\n<hr class=\"wp-block-separator has-text-color has-alpha-channel-opacity has-background is-style-wide hr-box-planif\" style=\"background-color:#ccd3dd;color:#ccd3dd\"\/>\n\n\n\n<div class=\"wp-block-columns box_sans_border has-background is-layout-flex wp-container-core-columns-is-layout-8f761849 wp-block-columns-is-layout-flex\" style=\"background-color:#f1e7fa\">\n<div class=\"wp-block-column texte_planif is-layout-flow wp-block-column-is-layout-flow\" style=\"font-size:14px;flex-basis:60%\">\n<p class=\"option_titre2 wp-block-paragraph\"><strong>Opci\u00f3n 1: cerca de las murallas<\/strong><\/p>\n\n\n\n<p class=\"wp-block-paragraph\" style=\"font-size:14px\">Cerca de las murallas, para disfrutar del encanto del casco antiguo y de todos los restaurantes.<br\/><strong>Hotel la Villa Port<\/strong> &#8211; <a href=\"https:\/\/www.booking.com\/hotel\/fr\/la-villa-port-d-39-antibes-amp-spa.html?aid=2319618\" target=\"_blank\" rel=\"noreferrer noopener sponsored nofollow\">ver precios, fotos y disponibilidad<\/a><\/p>\n\n\n\n<p class=\"wp-block-paragraph\" style=\"font-size:14px\">En la zona de las playas (Ponteil y Salis), con vistas a las murallas y las monta\u00f1as.<br\/><strong>H\u00f4tel La Jabotte<\/strong> &#8211; <a href=\"https:\/\/www.booking.com\/hotel\/fr\/la-jabotte-boutique-hotel.html?aid=2319618\" target=\"_blank\" rel=\"noreferrer noopener sponsored nofollow\">ver precios, fotos y disponibilidad<\/a><\/p>\n\n\n\n<p class=\"wp-block-paragraph\" style=\"font-size:14px\">En Juan-les-Pins, en el coraz\u00f3n de la pen\u00ednsula.<br\/><strong>Hotel La Villa Cap d&#8217;Antibes<\/strong> &#8211; <a href=\"https:\/\/www.booking.com\/hotel\/fr\/villadelambassadeur.html?aid=2319618\" target=\"_blank\" rel=\"noreferrer noopener sponsored nofollow\">precios, fotos y disponibilidad<\/a><\/p>\n<\/div>\n\n\n\n<div class=\"wp-block-column is-vertically-aligned-top planif-radius is-layout-flow wp-block-column-is-layout-flow\" style=\"flex-basis:40%\">\n<figure class=\"wp-block-image size-large img-portrait\"><img decoding=\"async\" src=\"https:\/\/photos.smugmug.com\/Provence-Lovers\/Antibes\/n-mKVLR5\/Hotel-La-Villa-Port\/i-Bt29R8Z\/1\/d93d6a09\/S\/hotel_villa_port-S.jpg\" alt=\"Hotel La Villa Port\" title=\"\"\/><\/figure>\n<\/div>\n<\/div>\n\n\n\n<p class=\"has-text-align-center wp-block-paragraph\"><a href=\"https:\/\/provencelovers.fr\/es\/mejores-hoteles-antibes-donde-alojarse\/\" target=\"_blank\" rel=\"noreferrer noopener\">Vea nuestra selecci\u00f3n completa de los mejores hoteles en Antibes<\/a><\/p>\n\n\n\n<div class=\"wp-block-buttons planif_bouton is-content-justification-center is-layout-flex wp-container-core-buttons-is-layout-fe48e5de wp-block-buttons-is-layout-flex\">\n<div class=\"wp-block-button\"><a class=\"wp-block-button__link has-white-color has-text-color has-custom-font-size wp-element-button\" href=\"https:\/\/www.booking.com\/searchresults.html?city=-1407848&amp;nflt=review_score%253D90%253Breview_score%253D80&amp;aid=2319618&amp;no_rooms=1&amp;group_adults=2\" style=\"border-radius:4px;font-size:14px\" target=\"_blank\" rel=\"noreferrer noopener nofollow\">Ver todos los alojamientos disponibles en sus fechas &gt;&gt;.<\/a><\/div>\n<\/div>\n<\/div><\/div><\/div>\n\n<h3 class=\"wp-block-heading\"><strong>\u00bfPor qu\u00e9 es famoso el <em>Nomad<\/em>?<\/strong><\/h3>\n\n<p class=\"wp-block-paragraph\">El <em>N\u00f3mada<\/em> es una escultura del artista Jaume Plensa, nacido en Barcelona en 1955. Instalada como parte de una exposici\u00f3n temporal en 2007, fue tan popular entre los residentes locales que volvi\u00f3 a ocupar su lugar en el Quai Henri Rambaud en 2010. Es famoso por su delicada composici\u00f3n. Es una figura humana sentada formada por letras yuxtapuestas. Como muchas otras obras del artista, explora nuestra relaci\u00f3n con la humanidad y las palabras. Con sus diez metros de altura, se ha convertido en un s\u00edmbolo de Antibes.<\/p>\n\n<figure class=\"wp-block-image size-large\"><img decoding=\"async\" src=\"https:\/\/photos.smugmug.com\/Provence-Lovers\/Antibes\/n-mKVLR5\/Port-dAntibes\/i-nnc6FW7\/0\/59088b79\/L\/antibes-nomade%20et%20digue-L.jpg\" alt=\"Vista de Le Nomade desde Quai Henri Rambaud.\"\/><\/figure>\n\n<h3 class=\"wp-block-heading\"><strong>Nuestros miradores favoritos<\/strong><\/h3>\n\n<p class=\"wp-block-paragraph\">Nuestras elecciones son subjetivas, pero aun as\u00ed nos gustar\u00eda compartir con usted nuestros 3 miradores favoritos para este paseo desde las murallas hasta el Puerto Vauban:<\/p>\n\n<ul class=\"wp-block-list\">\n<li><strong>La vista del Fuerte Carr\u00e9 desde el Quai Henri Rambaud: <\/strong>desde este muelle se accede a la <em>Nomade<\/em> y se disfruta de una espl\u00e9ndida vista del puerto y del fuerte de 4 puntas. Para saber m\u00e1s sobre Fort Carr\u00e9, lea <a href=\"https:\/\/provencelovers.fr\/es\/visitar-fort-carre-antibes\/\" target=\"_blank\" rel=\"noreferrer noopener\">nuestro art\u00edculo dedicado<\/a>.<\/li>\n\n\n\n<li><strong>La vista de la <\/strong> <em>Nomade<\/em><strong>y del puerto desde la Plage de la Gravette: <\/strong>esta peque\u00f1a playa del casco antiguo de Antibes ofrece una hermosa vista panor\u00e1mica del Quai Henri Rambaud y de la <em>Nomade<\/em>.<\/li>\n\n\n\n<li><strong>La vista de las murallas desde el Jardin des Po\u00e8tes:<\/strong> situado en la Promenade de l&#8217;Amiral de Grasse, que une el casco antiguo con la <a href=\"https:\/\/provencelovers.fr\/es\/plage-du-ponteil-playa-antibes\/\" type=\"post\" id=\"5779\" target=\"_blank\" rel=\"noreferrer noopener\">Plage du Ponteil<\/a>, este agradable jard\u00edn es el lugar ideal para admirar las fortificaciones de Antibes.<\/li>\n<\/ul>\n\n<figure class=\"wp-block-image size-large is-resized\"><img decoding=\"async\" src=\"https:\/\/photos.smugmug.com\/Provence-Lovers\/Antibes\/n-mKVLR5\/Port-dAntibes\/i-MRZSjHW\/0\/507bfe70\/L\/antibes-nomade%20depuis%20plage%20gravette-L.jpg\" alt=\"Vista de Le Nomade desde Plage de la Gravette.\" style=\"width:702px;height:auto\"\/><figcaption class=\"wp-element-caption\">Vista del <em>Nomade<\/em> desde Plage de la Gravette.<\/figcaption><\/figure>\n\n<h2 class=\"wp-block-heading\">Consejos pr\u00e1cticos y mapa: Port Vauban, Antibes, Provenza Alpes-Costa Azul, Francia<\/h2>\n\n<h3 class=\"wp-block-heading\"><strong>\u00bfD\u00f3nde est\u00e1 el <em>N\u00f3mada<\/em>?<\/strong><\/h3>\n\n<p class=\"wp-block-paragraph\">Le <em>Nomade<\/em> se encuentra en 32 Quai Henri Rambaud, 06600 Antibes. Est\u00e1 situado en el barrio de Vieil Antibes.<\/p>\n\n<ul class=\"wp-block-list\">\n<li>Tiempo en coche desde <a href=\"https:\/\/provencelovers.fr\/es\/que-ver-cannes-visitar\/\" target=\"_blank\" rel=\"noreferrer noopener\">Cannes<\/a>: 30min.<\/li>\n\n\n\n<li>Tiempo en coche desde <a href=\"https:\/\/provencelovers.fr\/es\/que-ver-niza\/\" target=\"_blank\" rel=\"noreferrer noopener\">Niza<\/a>: 40min.<\/li>\n\n\n\n<li>Tiempo en coche desde <a href=\"https:\/\/provencelovers.fr\/es\/que-ver-monaco-visitar\/\" target=\"_blank\" rel=\"noreferrer noopener\">M\u00f3naco<\/a>: 50min.<\/li>\n\n\n\n<li>Duraci\u00f3n del trayecto desde <a href=\"https:\/\/provencelovers.fr\/es\/que-ver-marsella-visitar\/\" type=\"post\" id=\"12496\" target=\"_blank\" rel=\"noreferrer noopener\">Marsella<\/a>: 2h15.<\/li>\n<\/ul>\n\n<h3 class=\"wp-block-heading\"><strong>\u00bfC\u00f3mo puedo llegar?<\/strong><\/h3>\n\n<p class=\"wp-block-paragraph\">Hay varias opciones para llegar al Quai Henri Rambaud, donde se encuentra Le <em>Nomade<\/em>:<\/p>\n\n<ul class=\"wp-block-list\">\n<li><strong>C\u00f3mo llegar en coche.<\/strong>  El puerto est\u00e1 bien se\u00f1alizado y es f\u00e1cil de encontrar. Por otro lado, puede resultar dif\u00edcil desplazarse y aparcar en esta zona y en las estrechas calles del casco antiguo de Antibes. Puede haber atascos, especialmente durante la temporada de verano. No querr\u00e1 perderse la escultura, que puede verse desde lejos. Se encuentra a 5 minutos del centro de la ciudad y a 10 minutos de la estaci\u00f3n balnearia de Juan-les-Pins.<\/li>\n\n\n\n<li><strong>A pie:<\/strong> hay 25 minutos a pie desde el muelle norte de Port Vauban hasta Le<em> Nomade<\/em>, y unos 15 minutos desde el centro de la ciudad. Es menos adecuado si se aloja en Juan-les-Pins (40 minutos a pie).<\/li>\n\n\n\n<li><strong>En autob\u00fas:<\/strong> Antibes cuenta con una amplia red de autobuses que la conectan con las ciudades de los alrededores (Cannes, Biot, Vallauris, etc.). La parada \u00abPorte Marine\u00bb, a s\u00f3lo 5 minutos a pie de la escultura, est\u00e1 servida por la l\u00ednea 14, que va desde el norte de Antibes (Fontonne) hasta el sur (Port de la Salis). Le invitamos a planificar su itinerario en la p\u00e1gina web oficial de la red de transportes de la aglomeraci\u00f3n, <a href=\"https:\/\/www.envibus.fr\/itineraires.html\" target=\"_blank\" rel=\"noreferrer noopener nofollow\">aqu\u00ed<\/a>.<\/li>\n<\/ul>\n\n<div class=\"wp-block-genesis-blocks-gb-container box gb-block-container\" style=\"background-color:#f1e7fa;margin-top:8%;margin-bottom:8%\"><div class=\"gb-container-inside\"><div class=\"gb-container-content\">\n<div class=\"wp-block-columns inverse box_planif is-layout-flex wp-container-core-columns-is-layout-8f761849 wp-block-columns-is-layout-flex\">\n<div class=\"wp-block-column texte_planif is-layout-flow wp-block-column-is-layout-flow\" style=\"flex-basis:58%\">\n<h5 class=\"titre_box\">NUESTROS CONSEJOS PARA ALQUILER SU COCHE EN <span class=\"titre_box_manuscrit\">\nProvenza<\/span><\/h5>\n\n\n\n<ul style=\"font-size:14px\" class=\"wp-block-list liste_voiture\">\n<li>Compare precios en nuestra plataforma preferida: <a href=\"https:\/\/www.discovercars.com\/es\/france?a_aid=zigzag&amp;chan=PL\" target=\"_blank\" rel=\"noreferrer noopener sponsored nofollow\">DiscoverCars<\/a>, uno de los sitios mejor valorados.<\/li>\n\n\n\n<li>Elija un <strong>coche lo suficientemente potente <\/strong>(las carreteras son empinadas) pero <strong>compacto<\/strong> (algunos pasos son estrechos).<\/li>\n\n\n\n<li>Recuerde contratar<strong>un seguro a todo riesgo<\/strong> (algunas carreteras son sinuosas y estrechas).<\/li>\n\n\n\n<li>Hay mucha demanda, as\u00ed que <strong>reserve con antelaci\u00f3n<\/strong>.<\/li>\n<\/ul>\n<\/div>\n\n\n\n<div class=\"wp-block-column planif-radius-3 is-layout-flow wp-block-column-is-layout-flow\" style=\"flex-basis:42%\">\n<figure class=\"wp-block-image size-full is-resized\"><img loading=\"lazy\" decoding=\"async\" width=\"421\" height=\"533\" src=\"https:\/\/provencelovers.fr\/wp-content\/uploads\/2023\/05\/Vieux-Nice-ruelle-L.png\" alt=\"\" class=\"wp-image-1302\" title=\"\" srcset=\"https:\/\/provencelovers.fr\/wp-content\/uploads\/2023\/05\/Vieux-Nice-ruelle-L.png 421w, https:\/\/provencelovers.fr\/wp-content\/uploads\/2023\/05\/Vieux-Nice-ruelle-L-237x300.png 237w\" sizes=\"auto, (max-width: 421px) 100vw, 421px\" \/><\/figure>\n<\/div>\n<\/div>\n\n\n\n<div class=\"wp-block-columns planif_bouton is-layout-flex wp-container-core-columns-is-layout-8f761849 wp-block-columns-is-layout-flex\">\n<div class=\"wp-block-column is-layout-flow wp-block-column-is-layout-flow\" style=\"flex-basis:50%\">\n<div class=\"wp-block-buttons is-content-justification-center is-layout-flex wp-container-core-buttons-is-layout-fe48e5de wp-block-buttons-is-layout-flex\">\n<div class=\"wp-block-button\"><a class=\"wp-block-button__link has-white-color has-text-color has-custom-font-size wp-element-button\" href=\"https:\/\/www.discovercars.com\/es\/france?a_aid=zigzag&amp;chan=PL\" style=\"border-radius:4px;font-size:14px\" target=\"_blank\" rel=\"noreferrer noopener\">Ver los coches<img loading=\"lazy\" decoding=\"async\" width=\"16\" height=\"17\" class=\"wp-image-2851\" style=\"width: 16px;\" src=\"https:\/\/provencelovers.fr\/wp-content\/uploads\/2023\/08\/ArrowRight.webp\" alt=\"\"\/><\/a><\/div>\n<\/div>\n<\/div>\n\n\n\n<div class=\"wp-block-column is-vertically-aligned-center is-layout-flow wp-block-column-is-layout-flow\" style=\"flex-basis:50%\">\n<p class=\"has-text-align-center wp-block-paragraph\" style=\"font-size:14px\"><strong><a href=\"https:\/\/provencelovers.fr\/es\/como-alquilar-coche-provenza\/\">Vea nuestros consejos<\/a><\/strong><\/p>\n<\/div>\n<\/div>\n<\/div><\/div><\/div>\n\n<h3 class=\"wp-block-heading\"><strong>Aparcamiento<\/strong><\/h3>\n\n<p class=\"wp-block-paragraph\">El aparcamiento es dif\u00edcil en el casco antiguo de Antibes. Le aconsejamos que se dirija directamente a un aparcamiento de pago. El mejor lugar para aparcar es en Port Vauban. Aqu\u00ed encontrar\u00e1 el Q-Park Pr\u00e9 aux P\u00eacheurs, un aparcamiento subterr\u00e1neo abierto las 24 horas del d\u00eda. Tambi\u00e9n puede aparcar junto al Museo de Arqueolog\u00eda y subir por el Paseo del Almirante de Grasse hasta Le <em>Nomade<\/em>.<\/p>\n\n<figure class=\"wp-block-image size-large\"><img decoding=\"async\" src=\"https:\/\/photos.smugmug.com\/Provence-Lovers\/Antibes\/n-mKVLR5\/General-et-pratique\/i-tV2SrvB\/0\/9474d604\/L\/Antibes-pratique-routeroue-L.jpg\" alt=\"Vista de un aparcamiento.\"\/><\/figure>\n\n<h3 class=\"wp-block-heading\"><strong>Mejor momento para visitar Puerto Vauban y las Murallas<\/strong><\/h3>\n\n<p class=\"wp-block-paragraph\">La escultura <em>Nomade<\/em>, muy fotog\u00e9nica, es famosa en Antibes. Su situaci\u00f3n privilegiada cerca del puerto y del casco antiguo puede provocar una gran afluencia de p\u00fablico, sobre todo los fines de semana por la tarde. Si puede, le aconsejamos que vaya entre semana, preferiblemente fuera de las vacaciones escolares. Si es madrugador, le recomendamos que llegue all\u00ed en cuanto salga el sol, \u00a1para disfrutar de un paisaje espectacular!<\/p>\n\n<figure class=\"wp-block-image size-large\"><img decoding=\"async\" src=\"https:\/\/photos.smugmug.com\/Provence-Lovers\/Antibes\/n-mKVLR5\/Grande-Roue\/i-RCGCqkj\/0\/2d923dca\/L\/Antibes-roue-nuit-L.jpg\" alt=\"Vista del puerto al atardecer.\"\/><\/figure>\n\n<h3 class=\"wp-block-heading\">Horarios y precios<\/h3>\n\n<p class=\"wp-block-paragraph\">El Puerto Vauban es accesible todos los d\u00edas a todas horas, excepto los muelles, reservados a los navegantes. La entrada al dique, donde se encuentra la escultura monumental de Jaume Plensa, es gratuita pero s\u00f3lo abre de 10 a 18 h de septiembre a mayo, y de 10 a 23 h de junio a agosto. Las murallas est\u00e1n abiertas todo el a\u00f1o.<\/p>\n\n<figure class=\"wp-block-image size-large\"><img decoding=\"async\" src=\"https:\/\/photos.smugmug.com\/Provence-Lovers\/Antibes\/n-mKVLR5\/Port-Vauban\/i-ZQJS5bv\/0\/d6557579\/L\/Antibes-portvauban-vuedepuisroue-L.jpg\" alt=\"Vista de todo el puerto.\"\/><\/figure>\n\n<h3 class=\"wp-block-heading\"><strong>Duraci\u00f3n de la visita y principales dificultades<\/strong><\/h3>\n\n<p class=\"wp-block-paragraph\">Dedique unas 2 horas a pasear por el puerto y hasta el Quai Henri Rambaud. Si s\u00f3lo quiere admirar <em>laNomade<\/em> desde el centro de Antibes, tardar\u00e1 unos quince minutos. Por \u00faltimo, puede optar por un paseo m\u00e1s largo, desde Port Vauban hasta <a href=\"https:\/\/provencelovers.fr\/es\/plage-du-ponteil-playa-antibes\/\" type=\"post\" id=\"5779\" target=\"_blank\" rel=\"noreferrer noopener\">Plage du Ponteil<\/a>, a lo largo de la Promenade de l&#8217;Amiral de Grasse. Calcule una buena hora si sale desde el muelle norte del puerto. El recorrido no presenta dificultades particulares, aparte de algunos adoquines en el paseo del Almirante de Grasse, cerca <a href=\"https:\/\/provencelovers.fr\/es\/visitar-museo-picasso-antibes\/\" target=\"_blank\" rel=\"noreferrer noopener\">del Museo Picasso<\/a>.<\/p>\n\n<figure class=\"wp-block-image size-large\"><img decoding=\"async\" src=\"https:\/\/photos.smugmug.com\/Provence-Lovers\/Antibes\/Mus&#xE9;es\/n-ct9xvQ\/Mus&#xE9;e-Picasso\/i-qRz7vmV\/0\/a1b8216a\/L\/Antibes-museepicasso-exterieurcielcouvert-L.jpg\" alt=\"Pasee por el Museo Picasso.\"\/><figcaption class=\"wp-element-caption\">El Paseo del Almirante de Grasse junto al Museo Picasso.<\/figcaption><\/figure>\n\n<div class=\"wp-block-genesis-blocks-gb-container box gb-block-container\" style=\"background-color:#fefefe;margin-top:6%;margin-bottom:6%\"><div class=\"gb-container-inside\"><div class=\"gb-container-content\" style=\"max-width:700px\">\n<div class=\"wp-block-columns inverse is-layout-flex wp-container-core-columns-is-layout-8f761849 wp-block-columns-is-layout-flex\">\n<div class=\"wp-block-column texte_planif is-layout-flow wp-block-column-is-layout-flow\" style=\"flex-basis:58%\">\n<h5 class=\"titre_box\">UN POCO MAS DE <span class=\"titre_box_manuscrit\">paciencia<\/span><\/h5>\n\n\n\n<p class=\"wp-block-paragraph\" style=\"font-size:14px\">Todas las fotos, mapas, informaci\u00f3n, buenas direcciones para que <strong>su estancia en la Provenza<\/strong> sea un \u00e9xito, <strong>\u00a1pronto estar\u00e1n reun<\/strong> idas en un \u00fanico ebook!<\/p>\n<\/div>\n\n\n\n<div class=\"wp-block-column is-layout-flow wp-block-column-is-layout-flow\" style=\"flex-basis:42%\">\n<div class=\"wp-block-genesis-blocks-gb-container ebook-radius-waitlist gb-block-container\"><div class=\"gb-container-inside\"><div class=\"gb-container-content\"><div class=\"wp-block-image ebook-image\">\n<figure class=\"aligncenter size-large\"><img decoding=\"async\" src=\"https:\/\/loirelovers.fr\/wp-content\/uploads\/2023\/03\/ebooks_CorseNormandie_FR.png\" alt=\"Box Ebook C&#xF3;rcega FR\"\/><\/figure>\n<\/div><\/div><\/div><\/div>\n<\/div>\n<\/div>\n<\/div><\/div><\/div>\n\n<h3 class=\"wp-block-heading\"><strong>Consejos para la visita<\/strong><\/h3>\n\n<p class=\"wp-block-paragraph\">Para visitar las murallas, el Puerto Vauban y la <em>Nomade<\/em>, la direcci\u00f3n de la visita es libre y depende del lugar donde se aloje. Si tiene su base en Juan-les-Pins y quiere hacer el recorrido a pie, le recomendamos que tome el paseo del Amiral de Grasse para disfrutar de las murallas, despu\u00e9s vea la <em>Nomade<\/em> y descubra el puerto. Si su alojamiento est\u00e1 en el centro de la ciudad, \u00a1le recomendamos que haga lo contrario! Tambi\u00e9n depende de cu\u00e1ndo se vaya y de lo que le gustar\u00eda hacer. Por ejemplo, si le apetece ba\u00f1arse, le sugerimos que salga de Port Vauban y se dirija a <a href=\"https:\/\/provencelovers.fr\/es\/plage-du-ponteil-playa-antibes\/\" target=\"_blank\" rel=\"noreferrer noopener\">la Plage du Ponteil<\/a>.<\/p>\n\n<p class=\"wp-block-paragraph\">Para facilitarle la elecci\u00f3n, no dude en consultar nuestro art\u00edculo sobre los <a href=\"https:\/\/provencelovers.fr\/es\/mejores-hoteles-antibes-donde-alojarse\/\" target=\"_blank\" rel=\"noreferrer noopener\">mejores hoteles para alojarse en Antibes<\/a>.<\/p>\n\n<figure class=\"wp-block-image size-large\"><img decoding=\"async\" src=\"https:\/\/photos.smugmug.com\/Provence-Lovers\/Antibes\/n-mKVLR5\/Port-Ponteil\/i-tzNnJ29\/0\/e2fcb282\/L\/antibes-plageponteil-7-L.jpg\" alt=\"La vista desde Plage du Ponteil.\"\/><figcaption class=\"wp-element-caption\">La vista desde Plage du Ponteil.<\/figcaption><\/figure>\n\n<h3 class=\"wp-block-heading\"><strong>Actividades<\/strong> y visitas<\/h3>\n\n<p class=\"wp-block-paragraph\">\u00bfDesea saber m\u00e1s sobre Antibes? La oficina de turismo organiza regularmente visitas guiadas. Abarcan diversos temas, como un paseo por el Antibes antiguo, Antibes y el arte callejero, y Juan-les-Pins en la Belle \u00c9poque. Para m\u00e1s informaci\u00f3n, consulte el calendario de actos de la ciudad <a href=\"https:\/\/www.antibesjuanlespins.com\/a-voir-a-faire\/sortir\/agenda-tous-les-evenements\" target=\"_blank\" rel=\"noreferrer noopener nofollow\">aqu\u00ed<\/a>.<\/p>\n\n<p class=\"wp-block-paragraph\">Esta agenda tambi\u00e9n le permitir\u00e1 detectar los acontecimientos que puedan tener lugar durante su estancia, como los conciertos, que a menudo se celebran al pie de las murallas. Por \u00faltimo, pero no por ello menos importante, es posible que se cruce con algunos entusiastas del deporte en su paseo por el puerto. Tambi\u00e9n es un lugar donde se organizan regularmente clases deportivas gratuitas (fortalecimiento muscular, etc.). Para saber m\u00e1s, pulse <a href=\"https:\/\/www.antibesjuanlespins.com\/a-voir-a-faire\/sortir\/agenda-tous-les-evenements\/cours-de-sport-au-port-vauban-3876977\" target=\"_blank\" rel=\"noreferrer noopener nofollow\">aqu\u00ed.<\/a><\/p>\n\n<figure class=\"wp-block-image size-large\"><img decoding=\"async\" src=\"https:\/\/photos.smugmug.com\/Provence-Lovers\/Antibes\/n-mKVLR5\/Port-dAntibes\/i-JL7J4Dj\/0\/7d977368\/L\/Antibes-portvauban-bateauxetnomade-L.jpg\" alt=\"Vista del muelle y del Nomade.\"\/><\/figure>\n\n<h3 class=\"wp-block-heading\"><strong>Restauraci\u00f3n<\/strong><\/h3>\n\n<p class=\"wp-block-paragraph\">La ubicaci\u00f3n de Le <em>Nomade<\/em>, cerca del casco antiguo de Antibes, es ideal ya que est\u00e1 al alcance de numerosos restaurantes. He aqu\u00ed nuestras direcciones favoritas, que encontrar\u00e1 en nuestro art\u00edculo sobre los <a href=\"https:\/\/provencelovers.fr\/es\/mejor-restaurante-antibes-donde-comer-opiniones\/\" target=\"_blank\" rel=\"noreferrer noopener\">mejores restaurantes para comer en Antibes<\/a>:<\/p>\n\n<ul class=\"wp-block-list\">\n<li><strong>Restaurante Le Figuier de Saint-Esprit:<\/strong> este restaurante con estrella Michelin ofrece un marco encantador con su terraza a la sombra y su cord\u00f3n de luces.<\/li>\n\n\n\n<li><strong>Restaurante Arazur:<\/strong> nos conquist\u00f3 su cocina refinada y de temporada, servida en una hermosa bodega abovedada.<\/li>\n\n\n\n<li><strong>Restaurante Healthy Lounge:<\/strong> \u00a1disfrutamos mucho de este sabroso y colorido restaurante saludable!<\/li>\n<\/ul>\n\n<figure class=\"wp-block-image size-large\"><img decoding=\"async\" src=\"https:\/\/photos.smugmug.com\/Provence-Lovers\/Antibes\/Restaurants\/n-gVrzzs\/Le-Figuier-de-Saint-Esprit\/i-PS5QZgj\/0\/b181573c\/L\/Antibes-figuiersaintesprit-dessert-L.jpg\" alt=\"Vista del postre en el restaurante Le Figuier de Saint-Esprit.  \"\/><\/figure>\n\n<h2 class=\"wp-block-heading\">Le <em>Nomade<\/em> y Port Vauban<\/h2>\n\n<h3 class=\"wp-block-heading\">Un antiguo puerto se convierte en el primer puerto deportivo de Europa<\/h3>\n\n<p class=\"wp-block-paragraph\">\u00a1El Port Vauban es el primer puerto deportivo de Europa! Cuenta con casi 1.500 amarres y puede acoger barcos de hasta 160 metros de eslora, en una extensi\u00f3n de 25 hect\u00e1reas de agua. Aunque su aspecto actual data de la d\u00e9cada de 1970, el antiguo puerto, que se extiende desde la Porte Marine hasta el Basti\u00f3n Saint-Jaume, ya se utilizaba en tiempos de los focenses (600 a.C.). Base naval, era tambi\u00e9n un importante centro comercial. Prep\u00e1rese para dejarse sorprender por este puerto ins\u00f3lito, donde ver\u00e1 todo tipo de embarcaciones, incluidos yates y pointus (embarcaciones tradicionales de las regiones de Var y Alpes Mar\u00edtimos), \u00a1que nos llamaron especialmente la atenci\u00f3n!<\/p>\n\n<figure class=\"wp-block-image size-large\"><img decoding=\"async\" src=\"https:\/\/photos.smugmug.com\/Provence-Lovers\/Antibes\/n-mKVLR5\/Port-dAntibes\/i-mZRcTN6\/0\/2c5458e4\/L\/Antibes-portvauban-bateauxetfort-L.jpg\" alt=\"Vista de los barcos en el puerto.\"\/><\/figure>\n\n<h3 class=\"wp-block-heading\"><em>Le Nomade<\/em>, escultura de letras<\/h3>\n\n<p class=\"wp-block-paragraph\">En el Quai Henri Rambaud, a\u00fan se pueden ver los restos de un basti\u00f3n Vauban, el Basti\u00f3n Saint-Jaume, que proteg\u00eda la entrada al puerto de Antibes. Tras albergar un templo y una capilla en \u00e9poca romana, seguidos de una torre fortificada en el siglo XVII, en el siglo XX se construy\u00f3 aqu\u00ed el Basti\u00f3n de las Construcciones Navales. Aqu\u00ed se encuentra el famoso Calypso del capit\u00e1n Cousteau. Sin embargo, el astillero ces\u00f3 su actividad en 1985. Este lugar, con su rica historia, alberga la escultura monumental de Le <em>Nomade<\/em>, del artista catal\u00e1n Jaume Plensa. Representa una figura humana sentada frente al mar. Compuesto por letras blancas, \u00a1nos dio una impresi\u00f3n de gran finura! No dude en seguirnos la corriente y entrar. Con esta obra, el artista propuso una experiencia art\u00edstica deliberadamente inmersiva.<\/p>\n\n<figure class=\"wp-block-image size-large\"><img decoding=\"async\" src=\"https:\/\/photos.smugmug.com\/Provence-Lovers\/Antibes\/n-mKVLR5\/Port-dAntibes\/i-nX9XG8L\/0\/feace0c9\/L\/nomade-port-antibes-L.jpg\" alt=\"Un primer plano del Nomade.\"\/><\/figure>\n\n<p class=\"wp-block-paragraph\">Aunque el artista ha dejado deliberadamente vaga la interpretaci\u00f3n de esta obra, plantea cuestiones sobre la relaci\u00f3n de la humanidad con las palabras. Esto es lo que Jaume Plensa ten\u00eda que decir sobre Le <em>Nomade<\/em>:<\/p>\n\n<p class=\"wp-block-paragraph\">\u00ab<em>Escribir es quiz\u00e1 lo que nos hace humanos en cierto modo. Creo que crear el cuerpo humano con letras es quiz\u00e1 una forma de ilustrar que formamos parte del texto.  <\/em>[&#8230;]<em>  Invite a la gente a entrar en esta idea de un cuerpo de texto, un cuerpo de letras. Porque vemos el mundo a trav\u00e9s de las letras.<\/em>\u00ab<\/p>\n\n<p class=\"wp-block-paragraph\">Sin embargo, tal y como pretend\u00eda el artista, la escultura ha sido reapropiada tanto por los residentes locales como por los turistas. Una invitaci\u00f3n a viajar y reflexionar, \u00a1le dejaremos construir su propio mundo imaginario en torno a esta obra!<\/p>\n\n<figure class=\"wp-block-image size-large\"><img decoding=\"async\" src=\"https:\/\/photos.smugmug.com\/Provence-Lovers\/Antibes\/n-mKVLR5\/Port-dAntibes\/i-2NcTvc7\/0\/cda8c601\/L\/antibes-port%20et%20remparts-L.jpg\" alt=\"Vista del Nomade y de la playa.  \"\/><\/figure>\n\n<h3 class=\"wp-block-heading\">Otras esculturas de Jaume Plensa<\/h3>\n\n<p class=\"wp-block-paragraph\">Jaume Plensa ha creado numerosas esculturas figurativas en espacios p\u00fablicos. Inicialmente concebidos para viajar de una ciudad a otra, el artista ve estos observadores monumentales como v\u00ednculos dentro de las comunidades, uniendo a la gente y cuestionando nuestra relaci\u00f3n con nuestro entorno. Desde la d\u00e9cada de 1980, Jaume Plensa ha recibido encargos para realizar obras en numerosas ciudades de todo el mundo (Jerusal\u00e9n, D\u00fcsseldorf, Chicago, Zaragoza, etc.) que se han convertido en emblemas de los lugares donde se ubican. Si le interesan sus esculturas, le recomendamos que visite la plaza Mass\u00e9na de Niza. Aqu\u00ed podr\u00e1 admirar <em>Conversaci\u00f3n en Niza<\/em>, una instalaci\u00f3n de figuras parecidas a Buda encaramadas a m\u00e1stiles. Nos encant\u00f3 verlos al anochecer, \u00a1cuando se iluminaron con vivos colores! Nuestro favorito sigue siendo el de nuestra regi\u00f3n natal, Normand\u00eda, con la cara de la ni\u00f1a <em>Lou<\/em> (2015). Se encuentra a la entrada del <a href=\"https:\/\/normandielovers.fr\/visiter-musee-des-beaux-arts-caen\/\" target=\"_blank\" rel=\"noreferrer noopener\">Museo de Bellas Artes de Caen<\/a>.<\/p>\n\n<figure class=\"wp-block-image size-large\"><img decoding=\"async\" src=\"https:\/\/photos.smugmug.com\/Normandie-Lovers\/n-r2MKTJ\/Caen\/Mus&#xE9;e-des-Beaux-Arts-Caen\/i-B7ts34w\/0\/205f8fd4\/L\/Museebeauxarts-Caen-parcsculptures-L.jpg\" alt=\"Lou (2015), Jaume Plensa, Museo de Bellas Artes de Caen.\"\/><figcaption class=\"wp-element-caption\"><em>Lou<\/em> (2015), Jaume Plensa, Museo de Bellas Artes de Caen.<\/figcaption><\/figure>\n\n<div class=\"wp-block-genesis-blocks-gb-container box gb-block-container\" style=\"background-color:#f1e7fa;margin-top:8%;margin-bottom:8%\"><div class=\"gb-container-inside\"><div class=\"gb-container-content\">\n<div class=\"wp-block-columns inverse is-layout-flex wp-container-core-columns-is-layout-8f761849 wp-block-columns-is-layout-flex\">\n<div class=\"wp-block-column texte_planif is-layout-flow wp-block-column-is-layout-flow\" style=\"flex-basis:58%\">\n<h5 class=\"titre_box\">PLANIFIQUE SU ESTANCIA EN <span class=\"titre_box_manuscrit\">Antibes<\/span><\/h5>\n\n\n\n<ul class=\"wp-block-list\">\n<li style=\"font-size:14px\"><a href=\"https:\/\/provencelovers.fr\/es\/que-ver-antibes-visitar\/\" target=\"_blank\" rel=\"noreferrer noopener\">Qu\u00e9 ver en Antibes<\/a><\/li>\n\n\n\n<li style=\"font-size:14px\"><a href=\"https:\/\/provencelovers.fr\/es\/mejores-hoteles-antibes-donde-alojarse\/\" target=\"_blank\" rel=\"noreferrer noopener\">Los mejores hoteles para alojarse en Antibes<\/a><\/li>\n\n\n\n<li style=\"font-size:14px\"><a href=\"https:\/\/provencelovers.fr\/es\/mejor-restaurante-antibes-donde-comer-opiniones\/\" target=\"_blank\" rel=\"noreferrer noopener\">Los mejores restaurantes<\/a><\/li>\n\n\n\n<li style=\"font-size:14px\"><a href=\"https:\/\/provencelovers.fr\/es\/mejores-museos-antibes\/\" target=\"_blank\" rel=\"noreferrer noopener\">Los mejores museos de Antibes<\/a><\/li>\n\n\n\n<li style=\"font-size:14px\">Itinerario: <a href=\"https:\/\/provencelovers.fr\/es\/visitar-antibes-1-dia-itinerario\/\" target=\"_blank\" rel=\"noreferrer noopener\">1 d\u00eda<\/a><\/li>\n\n\n\n<li style=\"font-size:14px\"><a href=\"https:\/\/provencelovers.fr\/es\/visitar-murallas-nomade-antibes\/\" target=\"_blank\" rel=\"noreferrer noopener\">Las murallas y el N\u00f3mada<\/a><\/li>\n\n\n\n<li style=\"font-size:14px\"><a href=\"https:\/\/provencelovers.fr\/es\/visitar-museo-picasso-antibes\/\" target=\"_blank\" rel=\"noreferrer noopener\">Museo Picasso<\/a><\/li>\n\n\n\n<li style=\"font-size:14px\"><a href=\"https:\/\/provencelovers.fr\/es\/mejores-playas-antibes\/\">Las playas m\u00e1s bellas<\/a><\/li>\n<\/ul>\n<\/div>\n\n\n\n<div class=\"wp-block-column ville-radius is-layout-flow wp-block-column-is-layout-flow\" style=\"flex-basis:42%\">\n<figure class=\"wp-block-image size-large is-resized img-portrait\"><img decoding=\"async\" src=\"https:\/\/photos.smugmug.com\/Provence-Lovers\/Antibes\/n-mKVLR5\/Port-Ponteil\/i-38NGtcB\/0\/f2464217\/S\/plage_ponteil_vue-S.jpg\" alt=\"Antibes\" style=\"object-fit:contain;width:319px;height:303px\" title=\"\"\/><\/figure>\n<\/div>\n<\/div>\n<\/div><\/div><\/div>\n\n<h2 class=\"wp-block-heading\">Descubra las murallas<\/h2>\n\n<h3 class=\"wp-block-heading\">Or\u00edgenes y transformaciones de las murallas<\/h3>\n\n<p class=\"wp-block-paragraph\">Al igual que Marsella, Antibes fue fundada por los focenses. Estos griegos llegaron al sur de Francia alrededor del a\u00f1o 600 a.C. y construyeron las primeras murallas de la ciudad de Antibes. En la Edad Media se construyeron otras fortificaciones, con torres redondas. Esto no impidi\u00f3 que la ciudad sufriera varios asedios y saqueos en el siglo XVI, en un contexto de agitaci\u00f3n (Guerras de Religi\u00f3n, rivalidad entre Francisco I y Carlos V, guerras italianas, etc.). En ese caso, \u00a1se necesita una nueva envolvente protectora! En 1552, Enrique II puso en marcha las primeras obras, que fueron continuadas bajo Enrique IV. El complejo constaba entonces de 4 bastiones y una torre.  <\/p>\n\n<figure class=\"wp-block-image size-large\"><img decoding=\"async\" src=\"https:\/\/photos.smugmug.com\/Provence-Lovers\/Antibes\/n-mKVLR5\/Promenade-de-lAmiral-de-Grasse\/i-cnf66TP\/0\/1d080bc4\/L\/antibes-remparts-L.jpg\" alt=\"Vista de las murallas y el mar.\"\/><\/figure>\n\n<p class=\"wp-block-paragraph\">A finales del siglo XVII, Vauban emprendi\u00f3 importantes obras. Incluso quiso convertir Antibes en un importante puerto de guerra, \u00a1sustituyendo a Tol\u00f3n al unir la ciudad con Fort Carr\u00e9! Sin embargo, este proyecto fue abandonado, como descubrimos durante nuestra visita al fuerte, cuyos detalles se pueden encontrar en <a href=\"https:\/\/provencelovers.fr\/es\/visitar-fort-carre-antibes\/\" target=\"_blank\" rel=\"noreferrer noopener\">este art\u00edculo<\/a>.  <\/p>\n\n<p class=\"wp-block-paragraph\">Para ver el vestigio m\u00e1s importante de este recinto de Vauban, le aconsejamos que visite el Basti\u00f3n Saint-Andr\u00e9, \u00a1que hoy alberga el Museo de Arqueolog\u00eda!<\/p>\n\n<figure class=\"wp-block-image size-large\"><img decoding=\"async\" src=\"https:\/\/photos.smugmug.com\/Provence-Lovers\/Antibes\/Mus&#xE9;es\/n-ct9xvQ\/Mus&#xE9;e-arch&#xE9;ologie\/i-Nn8WRBp\/0\/97b6249e\/L\/antibes-museearcheologie-facade-L.jpg\" alt=\"Vista del Basti&#xF3;n Saint-Andr&#xE9;, con la entrada al Museo de Arqueolog&#xED;a.\"\/><figcaption class=\"wp-element-caption\">Vista del Basti\u00f3n Saint-Andr\u00e9, con la entrada al Museo de Arqueolog\u00eda.<\/figcaption><\/figure>\n\n<div style=\"background-color:#fefefe;margin-top:6%;margin-bottom:6%\" class=\"wp-block-genesis-blocks-gb-container box gb-block-container\"><div class=\"gb-container-inside\"><div class=\"gb-container-content\" style=\"max-width:700px\">\n<div class=\"wp-block-columns inverse is-layout-flex wp-container-core-columns-is-layout-8f761849 wp-block-columns-is-layout-flex\">\n<div class=\"wp-block-column texte_planif is-layout-flow wp-block-column-is-layout-flow\" style=\"flex-basis:58%\">\n<h5 class=\"titre_box\">Reciba nuestro <span class=\"titre_box_manuscrit\">bolet\u00edn<\/span><\/h5>\n\n\n\n<ul class=\"wp-block-list\">\n<li>\u00a1Un soplo de aire fresco en su vida cotidiana en los bellos destinos de Region Lovers!<\/li>\n\n\n\n<li>Una vez al mes<\/li>\n\n\n\n<li>Sin publicidad<\/li>\n<\/ul>\n\n\n<script>\nvar gform;gform||(document.addEventListener(\"gform_main_scripts_loaded\",function(){gform.scriptsLoaded=!0}),document.addEventListener(\"gform\/theme\/scripts_loaded\",function(){gform.themeScriptsLoaded=!0}),window.addEventListener(\"DOMContentLoaded\",function(){gform.domLoaded=!0}),gform={domLoaded:!1,scriptsLoaded:!1,themeScriptsLoaded:!1,isFormEditor:()=>\"function\"==typeof InitializeEditor,callIfLoaded:function(o){return!(!gform.domLoaded||!gform.scriptsLoaded||!gform.themeScriptsLoaded&&!gform.isFormEditor()||(gform.isFormEditor()&&console.warn(\"The use of gform.initializeOnLoaded() is deprecated in the form editor context and will be removed in Gravity Forms 3.1.\"),o(),0))},initializeOnLoaded:function(o){gform.callIfLoaded(o)||(document.addEventListener(\"gform_main_scripts_loaded\",()=>{gform.scriptsLoaded=!0,gform.callIfLoaded(o)}),document.addEventListener(\"gform\/theme\/scripts_loaded\",()=>{gform.themeScriptsLoaded=!0,gform.callIfLoaded(o)}),window.addEventListener(\"DOMContentLoaded\",()=>{gform.domLoaded=!0,gform.callIfLoaded(o)}))},hooks:{action:{},filter:{}},addAction:function(o,r,e,t){gform.addHook(\"action\",o,r,e,t)},addFilter:function(o,r,e,t){gform.addHook(\"filter\",o,r,e,t)},doAction:function(o){gform.doHook(\"action\",o,arguments)},applyFilters:function(o){return gform.doHook(\"filter\",o,arguments)},removeAction:function(o,r){gform.removeHook(\"action\",o,r)},removeFilter:function(o,r,e){gform.removeHook(\"filter\",o,r,e)},addHook:function(o,r,e,t,n){null==gform.hooks[o][r]&&(gform.hooks[o][r]=[]);var d=gform.hooks[o][r];null==n&&(n=r+\"_\"+d.length),gform.hooks[o][r].push({tag:n,callable:e,priority:t=null==t?10:t})},doHook:function(r,o,e){var t;if(e=Array.prototype.slice.call(e,1),null!=gform.hooks[r][o]&&((o=gform.hooks[r][o]).sort(function(o,r){return o.priority-r.priority}),o.forEach(function(o){\"function\"!=typeof(t=o.callable)&&(t=window[t]),\"action\"==r?t.apply(null,e):e[0]=t.apply(null,e)})),\"filter\"==r)return e[0]},removeHook:function(o,r,t,n){var e;null!=gform.hooks[o][r]&&(e=(e=gform.hooks[o][r]).filter(function(o,r,e){return!!(null!=n&&n!=o.tag||null!=t&&t!=o.priority)}),gform.hooks[o][r]=e)}});\n<\/script>\n\n                <div class='gf_browser_gecko gform_wrapper gravity-theme gform-theme--no-framework waitlist_wrapper' data-form-theme='gravity-theme' data-form-index='0' id='gform_wrapper_4' >\n                        <div class='gform_heading'>\n                            <p class='gform_description'><\/p>\n                        <\/div><form method='post' enctype='multipart\/form-data'  id='gform_4' class='waitlist' action='\/es\/wp-json\/wp\/v2\/posts\/6389' data-formid='4' novalidate>\n                        <div class='gform-body gform_body'><div id='gform_fields_4' class='gform_fields top_label form_sublabel_below description_below validation_below'><div id=\"field_4_1\" class=\"gfield gfield--type-email gfield--input-type-email gfield_contains_required field_sublabel_below gfield--no-description field_description_below hidden_label field_validation_below gfield_visibility_visible\"  ><label class='gfield_label gform-field-label' for='input_4_1'><span class='gform-field-label__text'>E-mail<\/span><span class=\"gfield_required\"><span class=\"gfield_required gfield_required_text\">(Obligatorio)<\/span><\/span><\/label><div class='ginput_container ginput_container_email'>\n                            <input name='input_1' id='input_4_1' type='email' value='' class='large'    aria-required=\"true\" aria-invalid=\"false\"  \/>\n                        <\/div><\/div><fieldset id=\"field_4_3\" class=\"gfield gfield--type-consent gfield--type-choice gfield--input-type-consent gfield_contains_required field_sublabel_below gfield--no-description field_description_below hidden_label field_validation_below gfield_visibility_visible gfield--choice-align-vertical\"  ><legend class='gfield_label gform-field-label gfield_label_before_complex' ><span class='gform-field-label__text'>RGPD<\/span><span class=\"gfield_required\"><span class=\"gfield_required gfield_required_text\">(Obligatorio)<\/span><\/span><\/legend><div class='ginput_container ginput_container_consent'><input name='input_3.1' id='input_4_3_1' type='checkbox' value='1'   aria-required=\"true\" aria-invalid=\"false\"   \/> <label class=\"gform-field-label gform-field-label--type-inline gfield_consent_label\" for='input_4_3_1' ><span class='gform-field-label__text'>S\u00ed, deseo suscribirme al bolet\u00edn mensual<\/span><span class=\"gfield_required gfield_required_text\">(Obligatorio)<\/span><\/label><input type='hidden' name='input_3.2' value='S\u00ed, deseo suscribirme al bolet\u00edn mensual' class='gform_hidden' \/><input type='hidden' name='input_3.3' value='1' class='gform_hidden' \/><\/div><\/fieldset><div id=\"field_4_4\" class=\"gfield gfield--type-website gfield--input-type-website field_sublabel_below gfield--no-description field_description_below field_validation_below gfield_visibility_hidden\"  ><div class=\"admin-hidden-markup\"><i class=\"gform-icon gform-icon--hidden\" aria-hidden=\"true\" title=\"Este campo est\u00e1 oculto cuando se visualiza el formulario\"><\/i><span>Este campo est\u00e1 oculto cuando se visualiza el formulario<\/span><\/div><label class='gfield_label gform-field-label' for='input_4_4'><span class='gform-field-label__text'>Site Web<\/span><\/label><div class='ginput_container ginput_container_website'>\n                    <input name='input_4' id='input_4_4' type='url' value='https:\/\/provencelovers.fr\/es\/wp-json\/wp\/v2\/posts\/6389' class='large'    placeholder='https:\/\/'  aria-invalid=\"false\" \/>\n                <\/div><\/div><\/div><\/div>\n        <div class='gform-footer gform_footer top_label'> <button type='submit' id='gform_submit_button_4' class='gform_button button' onclick='gform.submission.handleButtonClick(this);' data-submission-type='submit' >Inscr\u00edbase<\/button> \n            <input type='hidden' class='gform_hidden' name='gform_submission_method' data-js='gform_submission_method_4' value='postback' \/>\n            <input type='hidden' class='gform_hidden' name='gform_theme' data-js='gform_theme_4' id='gform_theme_4' value='gravity-theme' \/>\n            <input type='hidden' class='gform_hidden' name='gform_style_settings' data-js='gform_style_settings_4' id='gform_style_settings_4' value='{&quot;inputPrimaryColor&quot;:&quot;#204ce5&quot;}' \/>\n            <input type='hidden' class='gform_hidden' name='is_submit_4' value='1' \/>\n            <input type='hidden' class='gform_hidden' name='gform_submit' value='4' \/>\n            \n            <input type='hidden' class='gform_hidden' name='gform_currency' data-currency='EUR' value='aTXg8BNozUcLXEtYd27MKF0A385Kg9pg0OFL15PyzwjHrpWYwv2G7EwDJvNu+xRgb5HTRIDFke2LVRJkVuwQ24j468BVzKkbLuV\/ZQFzssBgU44=' \/>\n            <input type='hidden' class='gform_hidden' name='gform_unique_id' value='' \/>\n            <input type='hidden' class='gform_hidden' name='state_4' value='WyJ7XCIzLjFcIjpcIjQ4N2RjMTgyMjNmY2RjNTA1YjkyNzVhZTM4MWMxNTg5XCIsXCIzLjJcIjpcImVlMWI5YjA3YjVhZDUzODllODkzMDk4ZmI5MWRhMDU1XCIsXCIzLjNcIjpcIjQ4N2RjMTgyMjNmY2RjNTA1YjkyNzVhZTM4MWMxNTg5XCIsXCJnZm9ybV9zdWJtaXNzaW9uX21ldGhvZFwiOltcIjgyMDkzNTY3Mjg5YWYyZDFlODY2OWVmNzg1NjY3MWQ1XCIsXCJmOGIzNzQ4YWE1MDNkYmVhNjc4NTc2MjI1Y2M5MzA3ZlwiXSxcImdmb3JtX3RoZW1lXCI6XCIxMWJiMzdjMTJmOTEwMDlhOWVkM2RlMzcyMjgxNTkyOVwiLFwiZ2Zvcm1fc3R5bGVfc2V0dGluZ3NcIjpcImQzYTVhZTViZmE4NzljYjNjOTY5ODY5M2NiMDM1YzRhXCIsXCJmb3JtX2lkXCI6XCIyMzAxNTY4N2RkNGNkNTRlYTc5NDIzNWEwOWM3Zjc5ZlwiLFwidXJsXCI6XCJjODcyODkzMDdmMWI2MmUwNzgwOTdkZDFhZmRmYjE3OFwiLFwic3RhdGVfdGltZXN0YW1wXCI6XCI4ZTE1ZDYzNDQ4ODA0MTExMzcwNTFkNzNiZTk2ZGE2N1wifSIsIjg1ZWMxYmIyNWU5NjAzNTliMmRiYzU5ZTRmMWY0NmYwIiwxNzg4NTEzMjEyXQ==' \/>\n            <input type='hidden' autocomplete='off' class='gform_hidden' name='gform_target_page_number_4' id='gform_target_page_number_4' value='0' \/>\n            <input type='hidden' autocomplete='off' class='gform_hidden' name='gform_source_page_number_4' id='gform_source_page_number_4' value='1' \/>\n            <input type='hidden' name='gform_field_values' value='' \/>\n            \n        <\/div>\n                        <\/form>\n                        <\/div><\/div>\n\n\n\n<div class=\"wp-block-column is-layout-flow wp-block-column-is-layout-flow\" style=\"flex-basis:42%\">\n<div class=\"wp-block-genesis-blocks-gb-container aligncenter newsletter-radius gb-block-container\"><div class=\"gb-container-inside\"><div class=\"gb-container-content\"><div class=\"wp-block-image newsletter-image\">\n<figure class=\"aligncenter size-full\"><img loading=\"lazy\" decoding=\"async\" width=\"729\" height=\"792\" src=\"https:\/\/provencelovers.fr\/wp-content\/uploads\/2024\/01\/newsletter_FR_2.png\" alt=\"\" class=\"wp-image-8159\" srcset=\"https:\/\/provencelovers.fr\/wp-content\/uploads\/2024\/01\/newsletter_FR_2.png 729w, https:\/\/provencelovers.fr\/wp-content\/uploads\/2024\/01\/newsletter_FR_2-276x300.png 276w\" sizes=\"auto, (max-width: 729px) 100vw, 729px\" \/><\/figure>\n<\/div><\/div><\/div><\/div>\n<\/div>\n<\/div>\n<\/div><\/div><\/div>\n\n<h3 class=\"wp-block-heading\">Las murallas: puerta de entrada al casco antiguo<\/h3>\n\n<p class=\"wp-block-paragraph\">Las murallas son la puerta de entrada al casco antiguo de Antibes, rode\u00e1ndolo. Iluminados por la noche, son emblem\u00e1ticos de la ciudad. Para descubrirlas, le recomendamos que empiece por la Porte Marine, que nos pareci\u00f3 bastante impresionante, y luego tome la rampa para entrar en el casco antiguo por una de las callejuelas de la derecha (rue de l&#8217;horloge o rue du Saint-Esprit). A partir de ah\u00ed, le recomendamos que se limite a pasear, \u00a1dejando las cosas al azar! Pudimos deambular por los pasadizos fortificados que salpican el casco antiguo.  <\/p>\n\n<figure class=\"wp-block-image size-large\"><img decoding=\"async\" src=\"https:\/\/photos.smugmug.com\/Provence-Lovers\/Antibes\/n-mKVLR5\/Remparts-et-vieille-ville\/i-kZ8qLSB\/0\/9fc8b894\/L\/antibes-voute-vieilleville-L.jpg\" alt=\"Vista de un arco en el casco antiguo.\"\/><figcaption class=\"wp-element-caption\">Vista de un arco en el casco antiguo.<\/figcaption><\/figure>\n\n<p class=\"wp-block-paragraph\">Nuestro lugar favorito en nuestro paseo por el casco antiguo es la Porte de l&#8217;Orme. Forma parte de las murallas medievales que proteg\u00edan la ciudad antes de que se construyera la segunda muralla. Esta enorme estructura est\u00e1 formada por 2 torres, cuyos cimientos datan de la \u00e9poca romana, y una puerta principal. No es de origen romano; se estrech\u00f3 para una mejor defensa en la \u00e9poca medieval.<\/p>\n\n<figure class=\"wp-block-image size-large\"><img decoding=\"async\" src=\"https:\/\/photos.smugmug.com\/Provence-Lovers\/Antibes\/n-mKVLR5\/Remparts-et-vieille-ville\/i-sxCmCmk\/0\/2fc12103\/L\/Antibes-vieilleville-porteorme-L.jpg\" alt=\"Vista de la Porte de l'Orme.\"\/><figcaption class=\"wp-element-caption\">Vista de la Porte de l&#8217;Orme.<\/figcaption><\/figure>\n\n<h3 class=\"wp-block-heading\">La imperdible Promenade de l&#8217;Amiral de Grasse<\/h3>\n\n<p class=\"wp-block-paragraph\">Este paseo f\u00e1cil, aunque a veces ventoso, es ideal para toda la familia. Discurre junto a las murallas de Antibes, en el paseo mar\u00edtimo. La vista de las torres del Viejo Antibes, el Cap d&#8217;Antibes y el Mediterr\u00e1neo \u00a1hasta donde alcanza la vista! El paseo mar\u00edtimo se extiende desde la Plage de la Gravette hasta la Plage du Ponteil. En su camino, probablemente pasar\u00e1 por el <a href=\"https:\/\/provencelovers.fr\/es\/visitar-museo-picasso-antibes\/\" target=\"_blank\" rel=\"noreferrer noopener\">Museo Picasso<\/a> y el <a href=\"https:\/\/provencelovers.fr\/es\/visitar-museo-arqueologia-niza-fotos\/\" target=\"_blank\" rel=\"noreferrer noopener\">Museo de Arqueolog\u00eda<\/a>. Una reproducci\u00f3n de un cuadro de Picasso, titulado <em>P\u00eache de Nuit \u00e0 Antibes (Pesca noctur<\/em>na en Antibes), recuerda la visita del artista a Antibes y el hecho de que estos paisajes mediterr\u00e1neos \u00a1fueron una gran fuente de inspiraci\u00f3n para los artistas! T\u00f3mese un descanso para admirar el panorama desde la plaza Albert 1er. Tras las obras realizadas en 2023, la mayor parte del recorrido es ahora peatonal. Pero \u00a1cuidado con los numerosos ciclistas que circulan por esta carretera relativamente llana!<\/p>\n\n<figure class=\"wp-block-image size-large\"><img decoding=\"async\" src=\"https:\/\/photos.smugmug.com\/Provence-Lovers\/Antibes\/n-mKVLR5\/Promenade-de-lAmiral-de-Grasse\/i-ZtMGvbQ\/0\/a8141748\/L\/Antibes-promenadeamiralgrasse-picasso-L.jpg\" alt=\"Vista de la Promenade de l'Amiral de Grasse con una reproducci&#xF3;n de un cuadro de Picasso.\"\/><\/figure>\n\n<div class=\"wp-block-genesis-blocks-gb-container box gb-block-container\" style=\"margin-top:8%;margin-bottom:8%\"><div class=\"gb-container-inside\"><div class=\"gb-container-content\" style=\"max-width:700px\">\n<div class=\"wp-block-genesis-blocks-gb-container box_titre gb-block-container\"><div class=\"gb-container-inside\"><div class=\"gb-container-content\">\n<h5 class=\"titre_box\" style=\"padding-top:10px;\">PLANIFIQUE SU VIAJE A LA <span class=\"titre_box_manuscrit\">Costa Azul<\/span><\/h5>\n<\/div><\/div><\/div>\n\n\n\n<hr class=\"wp-block-separator has-text-color has-alpha-channel-opacity has-background is-style-wide hr-box-planif\" style=\"background-color:#ccd3dd;color:#ccd3dd\"\/>\n\n\n\n<div class=\"wp-block-columns box_sans_border is-layout-flex wp-container-core-columns-is-layout-8f761849 wp-block-columns-is-layout-flex\">\n<div class=\"wp-block-column texte_planif is-layout-flow wp-block-column-is-layout-flow\" style=\"font-size:14px;flex-basis:60%\">\n<ul class=\"wp-block-list\">\n<li><strong>Inspiraci\u00f3n<\/strong><\/li>\n<\/ul>\n\n\n\n<p class=\"wp-block-paragraph\" style=\"font-size:14px\"><a href=\"https:\/\/provencelovers.fr\/es\/mejores-paisajes-cote-azur-fotos\/\" target=\"_blank\" rel=\"noreferrer noopener\">Los paisajes m\u00e1s bellos en 30 fotos<\/a><br\/><a href=\"https:\/\/provencelovers.fr\/es\/que-ver-cote-azur-visitar\/\" target=\"_blank\" rel=\"noreferrer noopener\">Qu\u00e9 ver en la Costa Azul<\/a><br\/><a href=\"https:\/\/provencelovers.fr\/es\/mejores-pueblos-costa-azul\/\" target=\"_blank\" rel=\"noreferrer noopener\">Los pueblos m\u00e1s bonitos<\/a><br\/><a href=\"https:\/\/provencelovers.fr\/es\/mejores-playas-costa-azul\/\" target=\"_blank\" rel=\"noreferrer noopener\">Las mejores playas de la Costa Azul<\/a><br\/><a href=\"https:\/\/provencelovers.fr\/es\/mejores-jardines-costa-azul\/\" target=\"_blank\" rel=\"noreferrer noopener\">Los jardines m\u00e1s bellos<\/a><br\/><a href=\"https:\/\/provencelovers.fr\/es\/islas-costa-azul\/\" target=\"_blank\" rel=\"noreferrer noopener\">Las islas m\u00e1s bellas<\/a><br\/><a href=\"https:\/\/provencelovers.fr\/es\/lugares-secretos-costa-azul\/\" target=\"_blank\" rel=\"noreferrer noopener\">Lugares secretos<\/a><\/p>\n<\/div>\n\n\n\n<div class=\"wp-block-column is-vertically-aligned-top planif-radius is-layout-flow wp-block-column-is-layout-flow\" style=\"flex-basis:40%\">\n<figure class=\"wp-block-image size-large img-portrait\"><img decoding=\"async\" src=\"https:\/\/photos.smugmug.com\/Provence-Lovers\/Antibes\/n-mKVLR5\/Port-Ponteil\/i-38NGtcB\/0\/f2464217\/S\/plage_ponteil_vue-S.jpg\" alt=\"Antibes y las monta&#xF1;as\" title=\"\"\/><\/figure>\n<\/div>\n<\/div>\n\n\n\n<hr class=\"wp-block-separator has-text-color has-alpha-channel-opacity has-background is-style-wide hr-box-planif\" style=\"background-color:#ccd3dd;color:#ccd3dd\"\/>\n\n\n\n<div class=\"wp-block-columns box_sans_border is-layout-flex wp-container-core-columns-is-layout-8f761849 wp-block-columns-is-layout-flex\">\n<div class=\"wp-block-column texte_planif is-layout-flow wp-block-column-is-layout-flow\" style=\"font-size:14px;flex-basis:60%\">\n<ul class=\"wp-block-list\">\n<li><strong>Consejos pr\u00e1cticos<\/strong><\/li>\n<\/ul>\n\n\n\n<p class=\"wp-block-paragraph\" style=\"font-size:14px\">C\u00f3mo disfrutar al m\u00e1ximo de su viaje a la Costa Azul<br\/><a href=\"https:\/\/provencelovers.fr\/es\/como-alquilar-coche-provenza\/\">Alquile un coche en Provenza<\/a> &#8211; en <a href=\"https:\/\/provencelovers.fr\/es\/como-alquilar-coche-niza-aeropuerto-estacion\/\">Niza<\/a> &#8211; en <a href=\"https:\/\/provencelovers.fr\/es\/como-alquilar-coche-cannes-estacion\/\">Cannes<\/a> &#8211; en <a href=\"https:\/\/provencelovers.fr\/es\/como-alquilar-coche-marsella-aeropuerto-estacion\/\">Marsella<\/a> &#8211; en <a href=\"https:\/\/provencelovers.fr\/es\/como-alquilar-coche-aix-provence-estacion\/\">Aix-en-Provence<\/a>.<\/p>\n\n\n\n<p class=\"wp-block-paragraph\" style=\"font-size:14px\">Itinerarios: <a href=\"https:\/\/provencelovers.fr\/es\/visitar-costa-azul-5-dias-itinerario\/\" target=\"_blank\" rel=\"noreferrer noopener\">5 d\u00edas<\/a> &#8211; <a href=\"https:\/\/provencelovers.fr\/es\/visitar-costa-azul-una-semana-itinerario\/\" target=\"_blank\" rel=\"noreferrer noopener\">1 semana<\/a> &#8211; <a href=\"https:\/\/provencelovers.fr\/es\/10-dias-costa-azul-itinerario-road-trip\/\" target=\"_blank\" rel=\"noreferrer noopener\">10 d\u00edas<\/a><br\/>Ideas para el fin de semana: lo mejor &#8211; <a href=\"https:\/\/provencelovers.fr\/es\/fin-semana-romantico-costa-azul\/\" target=\"_blank\" rel=\"noreferrer noopener\">rom\u00e1ntico<\/a> &#8211; <a href=\"https:\/\/provencelovers.fr\/es\/fin-semana-lujo-costa-azul\/\" target=\"_blank\" rel=\"noreferrer noopener\">lujoso<\/a> &#8211; <a href=\"https:\/\/provencelovers.fr\/es\/fin-semana-insolito-costa-azul\/\" target=\"_blank\" rel=\"noreferrer noopener\">inusual<\/a><\/p>\n<\/div>\n\n\n\n<div class=\"wp-block-column is-vertically-aligned-top planif-radius is-layout-flow wp-block-column-is-layout-flow\" style=\"flex-basis:40%\">\n<figure class=\"wp-block-image size-large img-portrait\"><img decoding=\"async\" src=\"https:\/\/photos.smugmug.com\/Provence-Lovers\/Nice\/n-wSXLpq\/Gare\/i-b5C5b9P\/0\/d153a796\/S\/gare-tgv-nice-train-S.jpg\" alt=\"Estaci&#xF3;n de Niza\" title=\"\"\/><\/figure>\n<\/div>\n<\/div>\n\n\n\n<hr class=\"wp-block-separator has-text-color has-alpha-channel-opacity has-background is-style-wide hr-box-planif\" style=\"background-color:#ccd3dd;color:#ccd3dd\"\/>\n\n\n\n<div class=\"wp-block-columns box_sans_border is-layout-flex wp-container-core-columns-is-layout-8f761849 wp-block-columns-is-layout-flex\">\n<div class=\"wp-block-column texte_planif is-layout-flow wp-block-column-is-layout-flow\" style=\"flex-basis:60%\">\n<ul class=\"wp-block-list\">\n<li><strong>D\u00f3nde alojarse<\/strong><\/li>\n<\/ul>\n\n\n\n<p class=\"wp-block-paragraph\" style=\"font-size:14px\"><a href=\"https:\/\/provencelovers.fr\/es\/donde-alojarse-costa-azul-mejores-destinos\/\" target=\"_blank\" rel=\"noreferrer noopener\">D\u00f3nde alojarse en la Costa Azul<\/a><br\/><a href=\"https:\/\/provencelovers.fr\/es\/mejores-hoteles-5-estrellas-costa-azul-lujo-opiniones\/\" target=\"_blank\" rel=\"noreferrer noopener\">Los mejores hoteles de lujo de la Costa Azul<\/a><br\/><a href=\"https:\/\/provencelovers.fr\/es\/mejores-hoteles-frente-mar-costa-azul-playa\/\" target=\"_blank\" rel=\"noreferrer noopener\">Hoteles junto al mar<\/a><br\/><a href=\"https:\/\/provencelovers.fr\/es\/mejores-hoteles-boutique-costa-azul-encanto\/\" target=\"_blank\" rel=\"noreferrer noopener\">Los mejores hoteles boutique<\/a><\/p>\n<\/div>\n\n\n\n<div class=\"wp-block-column is-vertically-aligned-top planif-radius is-layout-flow wp-block-column-is-layout-flow\" style=\"flex-basis:40%\">\n<figure class=\"wp-block-image size-large img-portrait\"><img decoding=\"async\" src=\"https:\/\/photos.smugmug.com\/Provence-Lovers\/Nice\/H&#xF4;tels\/n-vLRxMK\/H&#xF4;tel-Anantara-Plaza-Nice\/i-2LsgGht\/1\/4997b805\/S\/Hotel-Anantara-Plaza-Nice-vue-mer-terrasse-restaurant-S.jpg\" alt=\"\" title=\"\"\/><\/figure>\n<\/div>\n<\/div>\n\n\n\n<hr class=\"wp-block-separator has-text-color has-alpha-channel-opacity has-background is-style-wide hr-box-planif\" style=\"background-color:#ccd3dd;color:#ccd3dd\"\/>\n\n\n\n<div class=\"wp-block-columns box_sans_border is-layout-flex wp-container-core-columns-is-layout-8f761849 wp-block-columns-is-layout-flex\">\n<div class=\"wp-block-column texte_planif is-layout-flow wp-block-column-is-layout-flow\" style=\"flex-basis:60%\">\n<ul class=\"wp-block-list\">\n<li><strong>Lo imprescindible<\/strong><\/li>\n<\/ul>\n\n\n\n<p class=\"wp-block-paragraph\" style=\"font-size:14px\"><a href=\"https:\/\/provencelovers.fr\/es\/que-ver-niza\/\" target=\"_blank\" rel=\"noreferrer noopener\">Qu\u00e9 ver en Niza<\/a><br\/><a href=\"https:\/\/provencelovers.fr\/es\/que-ver-cannes-visitar\/\" target=\"_blank\" rel=\"noreferrer noopener\">Qu\u00e9 ver en Cannes<\/a><br\/><a href=\"https:\/\/provencelovers.fr\/es\/que-ver-antibes-visitar\/\" target=\"_blank\" rel=\"noreferrer noopener\">Qu\u00e9 ver en Antibes<\/a><br\/><a href=\"https:\/\/provencelovers.fr\/es\/que-ver-monaco-visitar\/\">Qu\u00e9 ver en M\u00f3naco<\/a><br\/><a href=\"https:\/\/provencelovers.fr\/es\/que-ver-saint-tropez-visitar\/\" target=\"_blank\" rel=\"noreferrer noopener\">Qu\u00e9 ver en Saint-Tropez<\/a><br\/><a href=\"https:\/\/provencelovers.fr\/es\/que-ver-cassis-visitar\/\" target=\"_blank\" rel=\"noreferrer noopener\">Qu\u00e9 ver en Cassis<\/a><br\/><a href=\"https:\/\/provencelovers.fr\/es\/que-ver-la-ciotat-visitar\/\">Qu\u00e9 ver en La Ciotat<\/a><br\/><a href=\"https:\/\/provencelovers.fr\/es\/que-ver-pueblo-eze-visitar\/\">Pueblo de \u00c8ze<\/a><\/p>\n<\/div>\n\n\n\n<div class=\"wp-block-column is-vertically-aligned-top planif-radius is-layout-flow wp-block-column-is-layout-flow\" style=\"flex-basis:40%\">\n<figure class=\"wp-block-image size-large img-portrait\"><img decoding=\"async\" src=\"https:\/\/photos.smugmug.com\/Provence-Lovers\/Antibes\/n-mKVLR5\/Port-dAntibes\/i-nX9XG8L\/0\/feace0c9\/S\/nomade-port-antibes-S.jpg\" alt=\"murallas Antibes\" title=\"\"\/><\/figure>\n<\/div>\n<\/div>\n<\/div><\/div><\/div>\n\n<div class=\"wp-block-genesis-blocks-gb-container box_auteur_voyage gb-block-container\"><div class=\"gb-container-inside\"><div class=\"gb-container-content\">\n<figure class=\"wp-block-image size-large img_auteur_voyage img_provisoire\"><a href=\"https:\/\/provencelovers.fr\/es\/claire\/\" target=\"_blank\" rel=\"noreferrer noopener\"><img decoding=\"async\" src=\"https:\/\/photos.smugmug.com\/Region-Lovers\/Equipe\/i-nsNF6C6\/0\/Cs2F5n96pkt9xFD9D3SVqmQspMhrKgN75nHgBqmjG\/L\/Claire-L.png\" alt=\"\"\/><\/a><\/figure>\n\n\n\n<h5 class=\"titre_auteur_voyage\"><span>HIZO EL VIAJE <\/span><span class=\"titre_box_manuscrit\">Claire<\/span><\/h5>\n<\/div><\/div><\/div>\n\n<div class=\"wp-block-genesis-blocks-gb-container box_auteur_voyage gb-block-container\"><div class=\"gb-container-inside\"><div class=\"gb-container-content\">\n<figure class=\"wp-block-image size-large img_auteur_voyage img_provisoire\"><a href=\"https:\/\/provencelovers.fr\/es\/fanny-auffret\/\" target=\"_blank\" rel=\"noreferrer noopener\"><img decoding=\"async\" src=\"https:\/\/photos.smugmug.com\/Region-Lovers\/Equipe\/i-b86hwDm\/0\/DNp4bG875MSSWxwrL8MzRTWRgc7Tbj5XwsMn2LXBC\/L\/fanny-L.jpg\" alt=\"\" style=\"object-fit:cover\"\/><\/a><\/figure>\n\n\n\n<h5 class=\"titre_auteur_voyage\"><span>ELLA ESCRIBI\u00d3 EL ART\u00cdCULO\n <\/span><span class=\"titre_box_manuscrit\">Fanny<\/span><\/h5>\n<\/div><\/div><\/div>\n","protected":false},"excerpt":{"rendered":"<p>\u00bfListo para descubrir los lugares imprescindibles de Antibes? En este art\u00edculo, echamos un vistazo a las murallas del casco antiguo, que confieren a esta ciudadela de Vauban su innegable encanto. Rodeada por una muralla desdela antig\u00fcedad, Antibes siempre ha sido una ciudad estrat\u00e9gica gracias a su situaci\u00f3n junto al mar y su proximidad a la [&hellip;]<\/p>\n","protected":false},"author":5,"featured_media":6355,"comment_status":"closed","ping_status":"closed","sticky":false,"template":"","format":"standard","meta":{"_genesis_hide_title":false,"_genesis_hide_breadcrumbs":false,"_genesis_hide_singular_image":false,"_genesis_hide_footer_widgets":false,"_genesis_custom_body_class":"","_genesis_custom_post_class":"","_genesis_layout":"","footnotes":""},"categories":[195],"tags":[],"class_list":["post-6389","post","type-post","status-publish","format-standard","has-post-thumbnail","category-antibes-es","entry"],"yoast_head":"<!-- This site is optimized with the Yoast SEO plugin v28.3 - https:\/\/yoast.com\/product\/yoast-seo-wordpress\/ -->\n<title>De las murallas al Nomade de Port Vauban (Antibes): visita<\/title>\n<meta name=\"description\" content=\"Nuestros consejos y fotos para visitar las murallas de Antibes y admirar la escultura Nomade en Port Vauban: acceso, informaci\u00f3n pr\u00e1ctica...\" \/>\n<meta name=\"robots\" content=\"index, follow, max-snippet:-1, max-image-preview:large, max-video-preview:-1\" \/>\n<link rel=\"canonical\" href=\"https:\/\/provencelovers.fr\/es\/visitar-murallas-nomade-antibes\/\" \/>\n<meta property=\"og:locale\" content=\"es_ES\" \/>\n<meta property=\"og:type\" content=\"article\" \/>\n<meta property=\"og:title\" content=\"De las murallas al Nomade de Port Vauban (Antibes): visita\" \/>\n<meta property=\"og:description\" content=\"Nuestros consejos y fotos para visitar las murallas de Antibes y admirar la escultura Nomade en Port Vauban: acceso, informaci\u00f3n pr\u00e1ctica...\" \/>\n<meta property=\"og:url\" content=\"https:\/\/provencelovers.fr\/es\/visitar-murallas-nomade-antibes\/\" \/>\n<meta property=\"og:site_name\" content=\"Provence Lovers\" \/>\n<meta property=\"article:published_time\" content=\"2023-12-04T14:02:42+00:00\" \/>\n<meta property=\"article:modified_time\" content=\"2026-04-07T13:56:24+00:00\" \/>\n<meta property=\"og:image\" content=\"https:\/\/provencelovers.fr\/wp-content\/uploads\/2023\/12\/visitar-murallas-nomade-antibes.jpg\" \/>\n\t<meta property=\"og:image:width\" content=\"800\" \/>\n\t<meta property=\"og:image:height\" content=\"600\" \/>\n\t<meta property=\"og:image:type\" content=\"image\/jpeg\" \/>\n<meta name=\"author\" content=\"Fanny AUFFRET\" \/>\n<meta name=\"twitter:card\" content=\"summary_large_image\" \/>\n<meta name=\"twitter:label1\" content=\"Escrito por\" \/>\n\t<meta name=\"twitter:data1\" content=\"Fanny AUFFRET\" \/>\n\t<meta name=\"twitter:label2\" content=\"Tiempo de lectura\" \/>\n\t<meta name=\"twitter:data2\" content=\"13 minutos\" \/>\n<script type=\"application\/ld+json\" class=\"yoast-schema-graph\">{\"@context\":\"https:\\\/\\\/schema.org\",\"@graph\":[{\"@type\":\"Article\",\"@id\":\"https:\\\/\\\/provencelovers.fr\\\/es\\\/visitar-murallas-nomade-antibes\\\/#article\",\"isPartOf\":{\"@id\":\"https:\\\/\\\/provencelovers.fr\\\/es\\\/visitar-murallas-nomade-antibes\\\/\"},\"author\":{\"name\":\"Fanny AUFFRET\",\"@id\":\"https:\\\/\\\/provencelovers.fr\\\/es\\\/#\\\/schema\\\/person\\\/91037d9e34dd71665f4c646e59262d5c\"},\"headline\":\"De las murallas al Nomade de Port Vauban (Antibes): visita\",\"datePublished\":\"2023-12-04T14:02:42+00:00\",\"dateModified\":\"2026-04-07T13:56:24+00:00\",\"mainEntityOfPage\":{\"@id\":\"https:\\\/\\\/provencelovers.fr\\\/es\\\/visitar-murallas-nomade-antibes\\\/\"},\"wordCount\":2652,\"publisher\":{\"@id\":\"https:\\\/\\\/provencelovers.fr\\\/es\\\/#organization\"},\"image\":{\"@id\":\"https:\\\/\\\/provencelovers.fr\\\/es\\\/visitar-murallas-nomade-antibes\\\/#primaryimage\"},\"thumbnailUrl\":\"https:\\\/\\\/provencelovers.fr\\\/wp-content\\\/uploads\\\/2023\\\/12\\\/visitar-murallas-nomade-antibes.jpg\",\"articleSection\":[\"Antibes\"],\"inLanguage\":\"es\"},{\"@type\":\"WebPage\",\"@id\":\"https:\\\/\\\/provencelovers.fr\\\/es\\\/visitar-murallas-nomade-antibes\\\/\",\"url\":\"https:\\\/\\\/provencelovers.fr\\\/es\\\/visitar-murallas-nomade-antibes\\\/\",\"name\":\"De las murallas al Nomade de Port Vauban (Antibes): visita\",\"isPartOf\":{\"@id\":\"https:\\\/\\\/provencelovers.fr\\\/es\\\/#website\"},\"primaryImageOfPage\":{\"@id\":\"https:\\\/\\\/provencelovers.fr\\\/es\\\/visitar-murallas-nomade-antibes\\\/#primaryimage\"},\"image\":{\"@id\":\"https:\\\/\\\/provencelovers.fr\\\/es\\\/visitar-murallas-nomade-antibes\\\/#primaryimage\"},\"thumbnailUrl\":\"https:\\\/\\\/provencelovers.fr\\\/wp-content\\\/uploads\\\/2023\\\/12\\\/visitar-murallas-nomade-antibes.jpg\",\"datePublished\":\"2023-12-04T14:02:42+00:00\",\"dateModified\":\"2026-04-07T13:56:24+00:00\",\"description\":\"Nuestros consejos y fotos para visitar las murallas de Antibes y admirar la escultura Nomade en Port Vauban: acceso, informaci\u00f3n pr\u00e1ctica...\",\"breadcrumb\":{\"@id\":\"https:\\\/\\\/provencelovers.fr\\\/es\\\/visitar-murallas-nomade-antibes\\\/#breadcrumb\"},\"inLanguage\":\"es\",\"potentialAction\":[{\"@type\":\"ReadAction\",\"target\":[\"https:\\\/\\\/provencelovers.fr\\\/es\\\/visitar-murallas-nomade-antibes\\\/\"]}]},{\"@type\":\"ImageObject\",\"inLanguage\":\"es\",\"@id\":\"https:\\\/\\\/provencelovers.fr\\\/es\\\/visitar-murallas-nomade-antibes\\\/#primaryimage\",\"url\":\"https:\\\/\\\/provencelovers.fr\\\/wp-content\\\/uploads\\\/2023\\\/12\\\/visitar-murallas-nomade-antibes.jpg\",\"contentUrl\":\"https:\\\/\\\/provencelovers.fr\\\/wp-content\\\/uploads\\\/2023\\\/12\\\/visitar-murallas-nomade-antibes.jpg\",\"width\":800,\"height\":600,\"caption\":\"Descubra las murallas de Antibes y la escultura Nomade de Port Vauban en este art\u00edculo.\"},{\"@type\":\"BreadcrumbList\",\"@id\":\"https:\\\/\\\/provencelovers.fr\\\/es\\\/visitar-murallas-nomade-antibes\\\/#breadcrumb\",\"itemListElement\":[{\"@type\":\"ListItem\",\"position\":1,\"name\":\"Home\",\"item\":\"https:\\\/\\\/provencelovers.fr\\\/es\\\/\"},{\"@type\":\"ListItem\",\"position\":2,\"name\":\"Antibes\",\"item\":\"https:\\\/\\\/provencelovers.fr\\\/es\\\/antibes-es\\\/\"},{\"@type\":\"ListItem\",\"position\":3,\"name\":\"De las murallas al Nomade de Port Vauban (Antibes): visita\"}]},{\"@type\":\"WebSite\",\"@id\":\"https:\\\/\\\/provencelovers.fr\\\/es\\\/#website\",\"url\":\"https:\\\/\\\/provencelovers.fr\\\/es\\\/\",\"name\":\"Provence Lovers\",\"description\":\"Despertar los sentidos en Provenza - Le blog de Claire et Manu\",\"publisher\":{\"@id\":\"https:\\\/\\\/provencelovers.fr\\\/es\\\/#organization\"},\"potentialAction\":[{\"@type\":\"SearchAction\",\"target\":{\"@type\":\"EntryPoint\",\"urlTemplate\":\"https:\\\/\\\/provencelovers.fr\\\/es\\\/?s={search_term_string}\"},\"query-input\":{\"@type\":\"PropertyValueSpecification\",\"valueRequired\":true,\"valueName\":\"search_term_string\"}}],\"inLanguage\":\"es\"},{\"@type\":\"Organization\",\"@id\":\"https:\\\/\\\/provencelovers.fr\\\/es\\\/#organization\",\"name\":\"Provence Lovers\",\"url\":\"https:\\\/\\\/provencelovers.fr\\\/es\\\/\",\"logo\":{\"@type\":\"ImageObject\",\"inLanguage\":\"es\",\"@id\":\"https:\\\/\\\/provencelovers.fr\\\/es\\\/#\\\/schema\\\/logo\\\/image\\\/\",\"url\":\"https:\\\/\\\/provencelovers.fr\\\/wp-content\\\/uploads\\\/2022\\\/11\\\/Blog-Provence-Lovers-Logos.png\",\"contentUrl\":\"https:\\\/\\\/provencelovers.fr\\\/wp-content\\\/uploads\\\/2022\\\/11\\\/Blog-Provence-Lovers-Logos.png\",\"width\":2707,\"height\":863,\"caption\":\"Provence Lovers\"},\"image\":{\"@id\":\"https:\\\/\\\/provencelovers.fr\\\/es\\\/#\\\/schema\\\/logo\\\/image\\\/\"}},{\"@type\":\"Person\",\"@id\":\"https:\\\/\\\/provencelovers.fr\\\/es\\\/#\\\/schema\\\/person\\\/91037d9e34dd71665f4c646e59262d5c\",\"name\":\"Fanny AUFFRET\",\"image\":{\"@type\":\"ImageObject\",\"inLanguage\":\"es\",\"@id\":\"https:\\\/\\\/secure.gravatar.com\\\/avatar\\\/427ee1e4acd3afe441bfd6c65244bc4480204fb97e65fd36a95e5246b2f8ebe2?s=96&d=mm&r=g\",\"url\":\"https:\\\/\\\/secure.gravatar.com\\\/avatar\\\/427ee1e4acd3afe441bfd6c65244bc4480204fb97e65fd36a95e5246b2f8ebe2?s=96&d=mm&r=g\",\"contentUrl\":\"https:\\\/\\\/secure.gravatar.com\\\/avatar\\\/427ee1e4acd3afe441bfd6c65244bc4480204fb97e65fd36a95e5246b2f8ebe2?s=96&d=mm&r=g\",\"caption\":\"Fanny AUFFRET\"},\"sameAs\":[\"https:\\\/\\\/provencelovers.fr\\\/fanny-auffret\\\/\"],\"url\":\"https:\\\/\\\/provencelovers.fr\\\/es\\\/author\\\/fanny\\\/\"}]}<\/script>\n<!-- \/ Yoast SEO plugin. -->","yoast_head_json":{"title":"De las murallas al Nomade de Port Vauban (Antibes): visita","description":"Nuestros consejos y fotos para visitar las murallas de Antibes y admirar la escultura Nomade en Port Vauban: acceso, informaci\u00f3n pr\u00e1ctica...","robots":{"index":"index","follow":"follow","max-snippet":"max-snippet:-1","max-image-preview":"max-image-preview:large","max-video-preview":"max-video-preview:-1"},"canonical":"https:\/\/provencelovers.fr\/es\/visitar-murallas-nomade-antibes\/","og_locale":"es_ES","og_type":"article","og_title":"De las murallas al Nomade de Port Vauban (Antibes): visita","og_description":"Nuestros consejos y fotos para visitar las murallas de Antibes y admirar la escultura Nomade en Port Vauban: acceso, informaci\u00f3n pr\u00e1ctica...","og_url":"https:\/\/provencelovers.fr\/es\/visitar-murallas-nomade-antibes\/","og_site_name":"Provence Lovers","article_published_time":"2023-12-04T14:02:42+00:00","article_modified_time":"2026-04-07T13:56:24+00:00","og_image":[{"width":800,"height":600,"url":"https:\/\/provencelovers.fr\/wp-content\/uploads\/2023\/12\/visitar-murallas-nomade-antibes.jpg","type":"image\/jpeg"}],"author":"Fanny AUFFRET","twitter_card":"summary_large_image","twitter_misc":{"Escrito por":"Fanny AUFFRET","Tiempo de lectura":"13 minutos"},"schema":{"@context":"https:\/\/schema.org","@graph":[{"@type":"Article","@id":"https:\/\/provencelovers.fr\/es\/visitar-murallas-nomade-antibes\/#article","isPartOf":{"@id":"https:\/\/provencelovers.fr\/es\/visitar-murallas-nomade-antibes\/"},"author":{"name":"Fanny AUFFRET","@id":"https:\/\/provencelovers.fr\/es\/#\/schema\/person\/91037d9e34dd71665f4c646e59262d5c"},"headline":"De las murallas al Nomade de Port Vauban (Antibes): visita","datePublished":"2023-12-04T14:02:42+00:00","dateModified":"2026-04-07T13:56:24+00:00","mainEntityOfPage":{"@id":"https:\/\/provencelovers.fr\/es\/visitar-murallas-nomade-antibes\/"},"wordCount":2652,"publisher":{"@id":"https:\/\/provencelovers.fr\/es\/#organization"},"image":{"@id":"https:\/\/provencelovers.fr\/es\/visitar-murallas-nomade-antibes\/#primaryimage"},"thumbnailUrl":"https:\/\/provencelovers.fr\/wp-content\/uploads\/2023\/12\/visitar-murallas-nomade-antibes.jpg","articleSection":["Antibes"],"inLanguage":"es"},{"@type":"WebPage","@id":"https:\/\/provencelovers.fr\/es\/visitar-murallas-nomade-antibes\/","url":"https:\/\/provencelovers.fr\/es\/visitar-murallas-nomade-antibes\/","name":"De las murallas al Nomade de Port Vauban (Antibes): visita","isPartOf":{"@id":"https:\/\/provencelovers.fr\/es\/#website"},"primaryImageOfPage":{"@id":"https:\/\/provencelovers.fr\/es\/visitar-murallas-nomade-antibes\/#primaryimage"},"image":{"@id":"https:\/\/provencelovers.fr\/es\/visitar-murallas-nomade-antibes\/#primaryimage"},"thumbnailUrl":"https:\/\/provencelovers.fr\/wp-content\/uploads\/2023\/12\/visitar-murallas-nomade-antibes.jpg","datePublished":"2023-12-04T14:02:42+00:00","dateModified":"2026-04-07T13:56:24+00:00","description":"Nuestros consejos y fotos para visitar las murallas de Antibes y admirar la escultura Nomade en Port Vauban: acceso, informaci\u00f3n pr\u00e1ctica...","breadcrumb":{"@id":"https:\/\/provencelovers.fr\/es\/visitar-murallas-nomade-antibes\/#breadcrumb"},"inLanguage":"es","potentialAction":[{"@type":"ReadAction","target":["https:\/\/provencelovers.fr\/es\/visitar-murallas-nomade-antibes\/"]}]},{"@type":"ImageObject","inLanguage":"es","@id":"https:\/\/provencelovers.fr\/es\/visitar-murallas-nomade-antibes\/#primaryimage","url":"https:\/\/provencelovers.fr\/wp-content\/uploads\/2023\/12\/visitar-murallas-nomade-antibes.jpg","contentUrl":"https:\/\/provencelovers.fr\/wp-content\/uploads\/2023\/12\/visitar-murallas-nomade-antibes.jpg","width":800,"height":600,"caption":"Descubra las murallas de Antibes y la escultura Nomade de Port Vauban en este art\u00edculo."},{"@type":"BreadcrumbList","@id":"https:\/\/provencelovers.fr\/es\/visitar-murallas-nomade-antibes\/#breadcrumb","itemListElement":[{"@type":"ListItem","position":1,"name":"Home","item":"https:\/\/provencelovers.fr\/es\/"},{"@type":"ListItem","position":2,"name":"Antibes","item":"https:\/\/provencelovers.fr\/es\/antibes-es\/"},{"@type":"ListItem","position":3,"name":"De las murallas al Nomade de Port Vauban (Antibes): visita"}]},{"@type":"WebSite","@id":"https:\/\/provencelovers.fr\/es\/#website","url":"https:\/\/provencelovers.fr\/es\/","name":"Provence Lovers","description":"Despertar los sentidos en Provenza - Le blog de Claire et Manu","publisher":{"@id":"https:\/\/provencelovers.fr\/es\/#organization"},"potentialAction":[{"@type":"SearchAction","target":{"@type":"EntryPoint","urlTemplate":"https:\/\/provencelovers.fr\/es\/?s={search_term_string}"},"query-input":{"@type":"PropertyValueSpecification","valueRequired":true,"valueName":"search_term_string"}}],"inLanguage":"es"},{"@type":"Organization","@id":"https:\/\/provencelovers.fr\/es\/#organization","name":"Provence Lovers","url":"https:\/\/provencelovers.fr\/es\/","logo":{"@type":"ImageObject","inLanguage":"es","@id":"https:\/\/provencelovers.fr\/es\/#\/schema\/logo\/image\/","url":"https:\/\/provencelovers.fr\/wp-content\/uploads\/2022\/11\/Blog-Provence-Lovers-Logos.png","contentUrl":"https:\/\/provencelovers.fr\/wp-content\/uploads\/2022\/11\/Blog-Provence-Lovers-Logos.png","width":2707,"height":863,"caption":"Provence Lovers"},"image":{"@id":"https:\/\/provencelovers.fr\/es\/#\/schema\/logo\/image\/"}},{"@type":"Person","@id":"https:\/\/provencelovers.fr\/es\/#\/schema\/person\/91037d9e34dd71665f4c646e59262d5c","name":"Fanny AUFFRET","image":{"@type":"ImageObject","inLanguage":"es","@id":"https:\/\/secure.gravatar.com\/avatar\/427ee1e4acd3afe441bfd6c65244bc4480204fb97e65fd36a95e5246b2f8ebe2?s=96&d=mm&r=g","url":"https:\/\/secure.gravatar.com\/avatar\/427ee1e4acd3afe441bfd6c65244bc4480204fb97e65fd36a95e5246b2f8ebe2?s=96&d=mm&r=g","contentUrl":"https:\/\/secure.gravatar.com\/avatar\/427ee1e4acd3afe441bfd6c65244bc4480204fb97e65fd36a95e5246b2f8ebe2?s=96&d=mm&r=g","caption":"Fanny AUFFRET"},"sameAs":["https:\/\/provencelovers.fr\/fanny-auffret\/"],"url":"https:\/\/provencelovers.fr\/es\/author\/fanny\/"}]}},"featured_image_src":"https:\/\/provencelovers.fr\/wp-content\/uploads\/2023\/12\/visitar-murallas-nomade-antibes-600x400.jpg","featured_image_src_square":"https:\/\/provencelovers.fr\/wp-content\/uploads\/2023\/12\/visitar-murallas-nomade-antibes-600x600.jpg","author_info":{"display_name":"Fanny AUFFRET","author_link":"https:\/\/provencelovers.fr\/es\/author\/fanny\/"},"_links":{"self":[{"href":"https:\/\/provencelovers.fr\/es\/wp-json\/wp\/v2\/posts\/6389","targetHints":{"allow":["GET"]}}],"collection":[{"href":"https:\/\/provencelovers.fr\/es\/wp-json\/wp\/v2\/posts"}],"about":[{"href":"https:\/\/provencelovers.fr\/es\/wp-json\/wp\/v2\/types\/post"}],"author":[{"embeddable":true,"href":"https:\/\/provencelovers.fr\/es\/wp-json\/wp\/v2\/users\/5"}],"replies":[{"embeddable":true,"href":"https:\/\/provencelovers.fr\/es\/wp-json\/wp\/v2\/comments?post=6389"}],"version-history":[{"count":0,"href":"https:\/\/provencelovers.fr\/es\/wp-json\/wp\/v2\/posts\/6389\/revisions"}],"wp:featuredmedia":[{"embeddable":true,"href":"https:\/\/provencelovers.fr\/es\/wp-json\/wp\/v2\/media\/6355"}],"wp:attachment":[{"href":"https:\/\/provencelovers.fr\/es\/wp-json\/wp\/v2\/media?parent=6389"}],"wp:term":[{"taxonomy":"category","embeddable":true,"href":"https:\/\/provencelovers.fr\/es\/wp-json\/wp\/v2\/categories?post=6389"},{"taxonomy":"post_tag","embeddable":true,"href":"https:\/\/provencelovers.fr\/es\/wp-json\/wp\/v2\/tags?post=6389"}],"curies":[{"name":"wp","href":"https:\/\/api.w.org\/{rel}","templated":true}]}}