{"id":5540,"date":"2023-11-05T10:36:59","date_gmt":"2023-11-05T09:36:59","guid":{"rendered":"https:\/\/provencelovers.fr\/visite-exotic-garden-eze\/"},"modified":"2023-11-05T10:57:55","modified_gmt":"2023-11-05T09:57:55","slug":"visitar-jardin-exotico-eze","status":"publish","type":"post","link":"https:\/\/provencelovers.fr\/es\/visitar-jardin-exotico-eze\/","title":{"rendered":"Jard\u00edn ex\u00f3tico de \u00c8ze (visita + fotos)"},"content":{"rendered":"\n<p>Un jard\u00edn bot\u00e1nico excepcional, una magn\u00edfica colecci\u00f3n de cactus y suculentas, impresionantes vistas panor\u00e1micas&#8230; \u00bfqu\u00e9 m\u00e1s se puede pedir?  <br\/>Es una armon\u00eda perfecta de belleza natural, biodiversidad ex\u00f3tica y el encanto hist\u00f3rico de la regi\u00f3n.<br\/>Estos son nuestros <strong>consejos<\/strong> pr\u00e1cticos para planificar su visita al Jard\u00edn Ex\u00f3tico de \u00c8ze<\/p>\n\n<figure class=\"wp-block-image size-full\"><img decoding=\"async\" src=\"https:\/\/provencelovers.fr\/wp-content\/uploads\/2023\/11\/visitar-jardin-exotico-eze.jpeg\" alt=\"visite exotic garden eze\" class=\"wp-image-5420\"\/><\/figure>\n\n<div class=\"wp-block-genesis-blocks-gb-container gb-block-container\"><div class=\"gb-container-inside\"><div class=\"gb-container-content\">\n<p>Esta gu\u00eda es totalmente <strong>independiente<\/strong> y se basa en nuestras experiencias. Visitamos la regi\u00f3n de forma an\u00f3nima, tomando nuestras propias decisiones y pagando \u00edntegramente nuestras facturas.<\/p>\n<\/div><\/div><\/div>\n\n<h2 class=\"wp-block-heading\">\u00bfMerece la pena visitar el Jard\u00edn Ex\u00f3tico de \u00c8ze?<\/h2>\n\n<p>S\u00ed, este jard\u00edn bien merece una visita.<br\/>Es un lugar \u00fanico y fascinante, que combina un pueblo hist\u00f3rico, una magn\u00edfica colecci\u00f3n de suculentas e impresionantes vistas hacia el mar y las monta\u00f1as.<\/p>\n\n<p>Es una <a href=\"https:\/\/provencelovers.fr\/es\/que-ver-pueblo-eze-visitar\/\" target=\"_blank\" rel=\"noreferrer noopener\">visita obligada en el pueblo de \u00c8ze<\/a> y uno de los <a href=\"https:\/\/provencelovers.fr\/es\/mejores-jardines-costa-azul\/\" target=\"_blank\" rel=\"noreferrer noopener\">jardines m\u00e1s bellos de la Costa Azul<\/a>.<\/p>\n\n<h2 class=\"wp-block-heading\">Lo que puede ver<\/h2>\n\n<h3 class=\"wp-block-heading\">Plantas suculentas<\/h3>\n\n<figure class=\"wp-block-image size-large\"><img decoding=\"async\" src=\"https:\/\/photos.smugmug.com\/Provence-Lovers\/&#xC8;ze\/n-cXSbFV\/Jardin\/i-59BdMcN\/0\/9206ccf5\/L\/eze_jardin_exotique-2-L.jpg\" alt=\"colecci&#xF3;n de suculentas\"\/><\/figure>\n\n<p>La parte sur del jard\u00edn alberga decenas de especies de suculentas y xer\u00f3fitas procedentes de todos los continentes. Esta zona est\u00e1 protegida de los vientos del norte y goza de pleno sol. As\u00ed que debe plantar plantas resistentes a la sequ\u00eda: cactus, agaves, aloes&#8230;<br\/>Nos encantan los cactus y otras suculentas. As\u00ed que nos encant\u00f3 esta secci\u00f3n, especialmente en combinaci\u00f3n con las vistas.<br\/>Puede encontrar la lista de especies vegetales en la p\u00e1gina web oficial <a href=\"https:\/\/www.jardinexotique-eze.fr\/especes-vegetales\/\" target=\"_blank\" rel=\"noreferrer noopener nofollow\">aqu\u00ed<\/a>.<\/p>\n\n<h3 class=\"wp-block-heading\">Una ubicaci\u00f3n \u00fanica<\/h3>\n\n<figure class=\"wp-block-image size-large\"><img decoding=\"async\" src=\"https:\/\/photos.smugmug.com\/Provence-Lovers\/&#xC8;ze\/n-cXSbFV\/Jardin\/i-F9BkTPR\/0\/4479b09a\/L\/eze_jardin_exotique-7-L.jpg\" alt=\"vista al mar\"\/><\/figure>\n\n<p>Lo mejor de este jard\u00edn es su ubicaci\u00f3n \u00fanica. La mezcla de historia y naturaleza es fascinante, \u00a1y no encontrar\u00e1 otro lugar igual!<br\/>El jard\u00edn se alza sobre las ruinas de un castillo a 429 m de altitud.<br\/>Tras la Segunda Guerra Mundial, el jard\u00edn fue idea de Andr\u00e9 Gianton, alcalde de la \u00e9poca, con la ayuda de Jean Gastaud, padre del Jard\u00edn Ex\u00f3tico de M\u00f3naco. \u00a1Y no fue nada f\u00e1cil subir los sacos de tierra hasta las ruinas!<\/p>\n\n<h3 class=\"wp-block-heading\">Panorama hacia el mar<\/h3>\n\n<figure class=\"wp-block-image size-large\"><img decoding=\"async\" src=\"https:\/\/photos.smugmug.com\/Provence-Lovers\/&#xC8;ze\/n-cXSbFV\/Jardin\/i-cmDsQr3\/0\/76545cee\/L\/eze_jardin_exotique-9-L.jpg\" alt=\"panorama\"\/><\/figure>\n\n<p>Desde la mayor\u00eda de los caminos del jard\u00edn, tiene unas vistas excepcionales al mar, con los tejados del pueblo abajo.<br\/>En la parte superior, un cuadro panor\u00e1mico le permite hacerse una mejor idea de d\u00f3nde se encuentra: \u00c8ze junto al mar, la pen\u00ednsula de Saint-Jean-Cap-Ferrat y la Pointe Saint-Hospice&#8230;<\/p>\n\n<h3 class=\"wp-block-heading\">Las ruinas del castillo<\/h3>\n\n<figure class=\"wp-block-image size-large\"><img decoding=\"async\" src=\"https:\/\/photos.smugmug.com\/Provence-Lovers\/&#xC8;ze\/n-cXSbFV\/Jardin\/i-4jKSWDm\/0\/ac7464e9\/L\/Village_eze_jardin_chateau-L.jpg\" alt=\"ruinas del castillo\"\/><\/figure>\n\n<p>Lo \u00fanico que queda de la fortaleza son algunos tramos de muralla.<br\/>El castillo fue construido en el siglo XII por la familia d&#8217;\u00c8ze. Pero en 1706, la Guerra de Sucesi\u00f3n espa\u00f1ola hac\u00eda estragos. Y Luis XIV orden\u00f3 la destrucci\u00f3n del castillo, estrat\u00e9gicamente situado en direcci\u00f3n a M\u00f3naco.<br\/>Pero puede imaginarse lo imponente que debi\u00f3 parecer desde el mar, de pie sobre este afloramiento rocoso.<\/p>\n\n<h3 class=\"wp-block-heading\">Vista de la monta\u00f1a y viaducto<\/h3>\n\n<figure class=\"wp-block-image size-large\"><img decoding=\"async\" src=\"https:\/\/photos.smugmug.com\/Provence-Lovers\/&#xC8;ze\/n-cXSbFV\/Jardin\/i-zwsGFQf\/0\/4b593768\/L\/eze_jardin_exotique-11-L.jpg\" alt=\"vista de las monta&#xF1;as y del viaducto\"\/><\/figure>\n\n<p>Tambi\u00e9n hay vistas hacia el interior desde las ruinas.<br\/>Destaca el viaducto de Eze, tambi\u00e9n conocido como Pont du Diable.<br\/>Atraviesa el barranco a una altura de 80 m y fue construido entre 1911 y 1914.<br\/>Una leyenda rodea la construcci\u00f3n del puente: la de un campesino que hizo un trato con el diablo: un puente a cambio del alma de la primera persona que lo cruzara. \u00a1Le dejaremos descubrir c\u00f3mo acaba en uno de los paneles explicativos del jard\u00edn!<\/p>\n\n<h3 class=\"wp-block-heading\">Numerosas esculturas<\/h3>\n\n<figure class=\"wp-block-image size-large\"><img decoding=\"async\" src=\"https:\/\/photos.smugmug.com\/Provence-Lovers\/&#xC8;ze\/n-cXSbFV\/Jardin\/i-kXwbwmJ\/0\/d1ebb43e\/L\/eze_jardin_exotique-1-L.jpg\" alt=\"estatuas en el jard&#xED;n\"\/><\/figure>\n\n<p>El jard\u00edn tambi\u00e9n es rico en esculturas colocadas entre las plantas.<br\/>Algunos son de madera, otros de bronce. Se trata de las D\u00e9esses de terre, de Jean-Philippe Richard.<br\/>Creemos que a\u00f1aden un toque a\u00fan m\u00e1s relajante al jard\u00edn.<\/p>\n\n<h3 class=\"wp-block-heading\">Zona contemplativa<\/h3>\n\n<figure class=\"wp-block-image size-large\"><img decoding=\"async\" src=\"https:\/\/photos.smugmug.com\/Provence-Lovers\/&#xC8;ze\/n-cXSbFV\/Jardin\/i-4djbPgR\/0\/a90fe54e\/L\/Village_eze_jardin_chaise-L.jpg\" alt=\"Zona contemplativa\"\/><\/figure>\n\n<p>Tambi\u00e9n puede bajar a la parte norte del jard\u00edn para descubrir plantas mediterr\u00e1neas, ya que esta zona tiene m\u00e1s sombra y humedad.<br\/>Disfrutamos especialmente sentados en los grandes sillones frente al mar y escuchando el sonido del agua. Un momento contemplativo e intemporal.<\/p>\n\n<h3 class=\"wp-block-heading\">\u00abCascadas<\/h3>\n\n<figure class=\"wp-block-image size-large\"><img decoding=\"async\" src=\"https:\/\/photos.smugmug.com\/Provence-Lovers\/&#xC8;ze\/n-cXSbFV\/Jardin\/i-kqvB2Hd\/0\/514d2415\/L\/eze_jardin_exotique-18-L.jpg\" alt=\"Cascada\"\/><\/figure>\n\n<p>En el mapa tambi\u00e9n ver\u00e1 la palabra cascada. No espere una gran inundaci\u00f3n de agua. Es s\u00f3lo un peque\u00f1o hilo de agua que corre por la roca.<\/p>\n\n<h3 class=\"wp-block-heading\">Vista de la playa de \u00c8ze<\/h3>\n\n<figure class=\"wp-block-image size-large\"><img decoding=\"async\" src=\"https:\/\/photos.smugmug.com\/Provence-Lovers\/&#xC8;ze\/n-cXSbFV\/Jardin\/i-Zrn9bB5\/0\/77d2f328\/L\/eze_jardin_exotique-6-L.jpg\" alt=\"vista de la playa de Eze\"\/><\/figure>\n\n<p>Desde este lado del jard\u00edn, tiene una hermosa vista de la playa de \u00c8ze.<br\/>Si le gusta disfrutar de un entorno tranquilo, le recomendamos que se divierta aqu\u00ed despu\u00e9s de su visita al recorrido. Nos gust\u00f3 mucho esta playa de guijarros con sus aguas de color azul celeste. <a href=\"https:\/\/provencelovers.fr\/es\/playa-plage-eze-costa-azul\/\" target=\"_blank\" rel=\"noreferrer noopener\">Vea nuestro art\u00edculo<\/a>.<\/p>\n\n<h2 class=\"wp-block-heading\">Jardin Exotique de \u00c8ze: acceso<\/h2>\n\n<h3 class=\"wp-block-heading\">\u00bfD\u00f3nde est\u00e1 el jard\u00edn de \u00c8ze?<\/h3>\n\n<ul class=\"wp-block-list\">\n<li>El pueblo de \u00c8ze se encuentra entre Niza y M\u00f3naco<\/li>\n\n\n\n<li>De Niza a \u00c8ze = 30 min en coche<\/li>\n\n\n\n<li>De M\u00f3naco a \u00c8ze = 20 minutos<\/li>\n\n\n\n<li>De Cannes a \u00c8ze = 1h<\/li>\n\n\n\n<li>De Menton a \u00c8ze = 30 minutos<\/li>\n\n\n\n<li>La iglesia se alza en lo alto del pueblo<\/li>\n\n\n\n<li>Aqu\u00ed tiene un mapa que le ayudar\u00e1 a encontrar el camino:<\/li>\n<\/ul>\n\n<figure class=\"wp-block-image size-large\"><img decoding=\"async\" src=\"https:\/\/provencelovers.fr\/wp-content\/uploads\/2023\/11\/Mapa-pueblo-Eze-Costa-azul-1024x683.png\" alt=\"Mapa del pueblo de Eze Costa Azul\" class=\"wp-image-5386\"\/><figcaption class=\"wp-element-caption\">mapa: \u00c8ze en la Costa Azul<\/figcaption><\/figure>\n\n<h3 class=\"wp-block-heading\">Acceso en coche y aparcamiento<\/h3>\n\n<p>La forma m\u00e1s f\u00e1cil de llegar al pueblo es en coche.<br\/>Hay un aparcamiento subterr\u00e1neo a los pies del pueblo, y otro m\u00e1s adelante con un autob\u00fas lanzadera.<\/p>\n\n<figure class=\"wp-block-image size-large\"><img decoding=\"async\" src=\"https:\/\/photos.smugmug.com\/Provence-Lovers\/%C3%88ze\/n-cXSbFV\/Village\/i-ZR6GJgk\/0\/d73947ff\/L\/Village_eze_parking-L.jpg\" alt=\"Aparcamiento del pueblo de Eze\"\/><\/figure>\n\n<div style=\"margin-top:8%;margin-bottom:8%\" class=\"wp-block-genesis-blocks-gb-container box gb-block-container\"><div class=\"gb-container-inside\"><div class=\"gb-container-content\">\n<div class=\"wp-block-columns inverse box_planif is-layout-flex wp-container-core-columns-is-layout-9d6595d7 wp-block-columns-is-layout-flex\">\n<div class=\"wp-block-column texte_planif is-layout-flow wp-block-column-is-layout-flow\" style=\"flex-basis:58%\">\n<h5 class=\"titre_box\">NUESTROS CONSEJOS PARA ALQUILER SU COCHE EN <span class=\"titre_box_manuscrit\">\nProvenza<\/span><\/h5>\n\n\n\n<ul class=\"liste_voiture wp-block-list\" style=\"font-size:14px\">\n<li>Compare precios en nuestra plataforma preferida: <a href=\"https:\/\/www.discovercars.com\/es\/france?a_aid=zigzag&amp;chan=PL\" target=\"_blank\" rel=\"noreferrer noopener sponsored nofollow\">DiscoverCars<\/a>, uno de los sitios mejor valorados.<\/li>\n\n\n\n<li>Elija un <strong>coche lo suficientemente potente <\/strong>(las carreteras son empinadas) pero <strong>compacto<\/strong> (algunos pasos son estrechos).<\/li>\n\n\n\n<li>Considere la posibilidad de<strong>contratar un seguro a todo riesgo<\/strong> (algunas carreteras son sinuosas y estrechas).<\/li>\n\n\n\n<li>Hay mucha demanda, as\u00ed que <strong>reserve con antelaci\u00f3n<\/strong>.<\/li>\n<\/ul>\n<\/div>\n\n\n\n<div class=\"wp-block-column planif-radius-3 is-layout-flow wp-block-column-is-layout-flow\" style=\"flex-basis:42%\">\n<figure class=\"wp-block-image size-full is-resized\"><img loading=\"lazy\" decoding=\"async\" width=\"421\" height=\"533\" src=\"https:\/\/provencelovers.fr\/wp-content\/uploads\/2023\/05\/Vieux-Nice-ruelle-L.png\" alt=\"\" class=\"wp-image-1302\" title=\"\" srcset=\"https:\/\/provencelovers.fr\/wp-content\/uploads\/2023\/05\/Vieux-Nice-ruelle-L.png 421w, https:\/\/provencelovers.fr\/wp-content\/uploads\/2023\/05\/Vieux-Nice-ruelle-L-237x300.png 237w\" sizes=\"auto, (max-width: 421px) 100vw, 421px\" \/><\/figure>\n<\/div>\n<\/div>\n\n\n\n<div class=\"wp-block-columns planif_bouton is-layout-flex wp-container-core-columns-is-layout-9d6595d7 wp-block-columns-is-layout-flex\">\n<div class=\"wp-block-column is-layout-flow wp-block-column-is-layout-flow\" style=\"flex-basis:50%\">\n<div class=\"wp-block-buttons is-content-justification-center is-layout-flex wp-container-core-buttons-is-layout-16018d1d wp-block-buttons-is-layout-flex\">\n<div class=\"wp-block-button has-custom-font-size\" style=\"font-size:14px\"><a class=\"wp-block-button__link has-white-color has-text-color wp-element-button\" href=\"https:\/\/www.discovercars.com\/es\/france?a_aid=zigzag&amp;amp;chan=PL\" style=\"border-radius:4px\" target=\"_blank\" rel=\"noreferrer noopener\">Ver los coches<img loading=\"lazy\" decoding=\"async\" width=\"16\" height=\"17\" class=\"wp-image-2851\" style=\"width: 16px;\" src=\"https:\/\/provencelovers.fr\/wp-content\/uploads\/2023\/08\/ArrowRight.webp\" alt=\"\"\/><\/a><\/div>\n<\/div>\n<\/div>\n\n\n\n<div class=\"wp-block-column is-vertically-aligned-center is-layout-flow wp-block-column-is-layout-flow\" style=\"flex-basis:50%\">\n<p class=\"has-text-align-center\" style=\"font-size:14px\"><strong><a href=\"https:\/\/provencelovers.fr\/es\/como-alquilar-coche-provenza\/\">Vea nuestros consejos<\/a><\/strong><\/p>\n<\/div>\n<\/div>\n<\/div><\/div><\/div>\n\n<h3 class=\"wp-block-heading\">Acceso sin coches<\/h3>\n\n<p>Tambi\u00e9n puede tomar el autob\u00fas desde la estaci\u00f3n de Niza o \u00c8ze.<br\/>Tambi\u00e9n hay excursiones organizadas que incluyen el pueblo:<\/p>\n\n<ul class=\"wp-block-list\">\n<li>Desde Niza, Cannes o M\u00f3naco: descubra el pueblo de \u00c8ze, Antibes, Cannes, Sain-Paul-de-Vence y Montecarlo &#8211; <a href=\"https:\/\/www.getyourguide.es\/nice-l314\/journee-sur-la-cote-d-azur-en-petit-groupe-t5971\/?partner_id=R3GYW4V&amp;cmp=PL\" target=\"_blank\" rel=\"noreferrer noopener sponsored nofollow\">ver programa y disponibilidad<\/a><\/li>\n\n\n\n<li>Desde Niza, visite \u00c8ze, M\u00f3naco y Antibes &#8211; <a href=\"https:\/\/www.getyourguide.es\/nice-l314\/depuis-nice-cote-d-azur-en-1-journee-t203038\/?partner_id=R3GYW4V&amp;cmp=PL\" target=\"_blank\" rel=\"noreferrer noopener sponsored nofollow\">ver programa y disponibilidad<\/a><\/li>\n<\/ul>\n\n<h3 class=\"wp-block-heading\">Dificultades en las visitas<\/h3>\n\n<p>El pueblo y el jard\u00edn no son f\u00e1ciles de visitar.<br\/>Primero hay que subir hasta lo m\u00e1s alto del pueblo, con una mezcla de cuestas y escalones, para llegar a la entrada del jard\u00edn.<br\/>El jard\u00edn en s\u00ed tiene una pendiente pronunciada, hasta el lado oeste. Hay muchas escaleras que explorar.<\/p>\n\n<figure class=\"wp-block-image size-large\"><img decoding=\"async\" src=\"https:\/\/photos.smugmug.com\/Provence-Lovers\/&#xC8;ze\/n-cXSbFV\/Jardin\/i-W8DV5dj\/0\/da92d981\/L\/eze_jardin_exotique-13-L.jpg\" alt=\"\"\/><\/figure>\n\n<div style=\"margin-top:8%;margin-bottom:8%\" class=\"wp-block-genesis-blocks-gb-container box gb-block-container\"><div class=\"gb-container-inside\"><div class=\"gb-container-content\">\n<div class=\"wp-block-columns inverse is-layout-flex wp-container-core-columns-is-layout-9d6595d7 wp-block-columns-is-layout-flex\">\n<div class=\"wp-block-column texte_planif is-layout-flow wp-block-column-is-layout-flow\" style=\"flex-basis:58%\">\n<h5 class=\"titre_box\">DESCUBRA <span class=\"titre_box_manuscrit\">Niza<\/span><\/h5>\n\n\n\n<ul class=\"wp-block-list\">\n<li style=\"font-size:14px\"><a href=\"https:\/\/provencelovers.fr\/es\/que-ver-niza\/\" target=\"_blank\" rel=\"noreferrer noopener\">Qu\u00e9 ver en Niza<\/a><\/li>\n\n\n\n<li style=\"font-size:14px\"><a href=\"https:\/\/provencelovers.fr\/es\/donde-alojarse-niza-mejor-hotel\/\" target=\"_blank\" rel=\"noreferrer noopener\">D\u00f3nde alojarse en Niza: los 15 mejores hoteles<\/a><\/li>\n\n\n\n<li style=\"font-size:14px\"><a href=\"https:\/\/provencelovers.fr\/es\/mejores-restaurantes-mejor-comer\/\" target=\"_blank\" rel=\"noreferrer noopener\">D\u00f3nde comer en Niza: los 20 mejores restaurantes<\/a><\/li>\n\n\n\n<li style=\"font-size:14px\"><a href=\"https:\/\/provencelovers.fr\/es\/museos-niza\/\" target=\"_blank\" rel=\"noreferrer noopener\">Los 12 mejores museos de Niza<\/a><\/li>\n\n\n\n<li style=\"font-size:14px\"><a href=\"https:\/\/provencelovers.fr\/es\/mejores-playas-niza\/\" target=\"_blank\" rel=\"noreferrer noopener\">Las mejores playas<\/a><\/li>\n\n\n\n<li style=\"font-size:14px\"><a href=\"https:\/\/provencelovers.fr\/es\/palais-lascaris-palacio-museo-niza\/\" target=\"_blank\" rel=\"noreferrer noopener\">Visite el Palacio Lascaris<\/a><\/li>\n\n\n\n<li style=\"font-size:14px\"><a href=\"https:\/\/provencelovers.fr\/es\/museo-arte-mamac-niza\/\" target=\"_blank\" rel=\"noreferrer noopener\">Visite el Museo MAMAC<\/a><\/li>\n\n\n\n<li style=\"font-size:14px\"><a href=\"https:\/\/provencelovers.fr\/es\/museo-fotografia-niza-charles-negre\/\" target=\"_blank\" rel=\"noreferrer noopener\">Visite el Museo de la Fotograf\u00eda<\/a><\/li>\n\n\n\n<li style=\"font-size:14px\">Itinerarios: <a href=\"https:\/\/provencelovers.fr\/es\/visitar-niza-1-dia-itinerario\/\" target=\"_blank\" rel=\"noreferrer noopener\">1 d\u00eda<\/a> &#8211; <a href=\"https:\/\/provencelovers.fr\/es\/visita-niza-2-dias-itinerario\/\" target=\"_blank\" rel=\"noreferrer noopener\">2 d\u00edas<\/a> &#8211; <a href=\"https:\/\/provencelovers.fr\/es\/visitar-niza-3-dias-itinerario\/\" target=\"_blank\" rel=\"noreferrer noopener\">3 d\u00edas<\/a> &#8211; <a href=\"https:\/\/provencelovers.fr\/es\/visitar-niza-5-dias-itinerario\/\" target=\"_blank\" rel=\"noreferrer noopener\">5 d\u00edas<\/a> &#8211; <a href=\"https:\/\/provencelovers.fr\/es\/visitar-niza-una-semana-itinerario\/\" target=\"_blank\" rel=\"noreferrer noopener\">7 d\u00edas<\/a><\/li>\n\n\n\n<li style=\"font-size:14px\"><a href=\"https:\/\/provencelovers.fr\/es\/como-alquilar-coche-niza-aeropuerto-estacion\/\" target=\"_blank\" rel=\"noreferrer noopener\">Alquiler de coches en Niza (aeropuerto o estaci\u00f3n)<\/a><\/li>\n\n\n\n<li style=\"font-size:14px\"><a href=\"https:\/\/provencelovers.fr\/es\/mejores-pueblos-cerca-niza\/\" target=\"_blank\" rel=\"noreferrer noopener\">Los pueblos m\u00e1s bonitos de los alrededores de Niza<\/a><\/li>\n<\/ul>\n<\/div>\n\n\n\n<div class=\"wp-block-column ville-radius is-layout-flow wp-block-column-is-layout-flow\" style=\"flex-basis:42%\">\n<figure class=\"wp-block-image size-full is-resized img-portrait\"><img loading=\"lazy\" decoding=\"async\" width=\"421\" height=\"400\" src=\"https:\/\/provencelovers.fr\/wp-content\/uploads\/2023\/05\/Hotel-Anantara-Plaza-Nice-vue-mer-terrasse-restaurant-1-L.png\" alt=\"\" class=\"wp-image-1296\" style=\"width:319px;height:303px\" title=\"\" srcset=\"https:\/\/provencelovers.fr\/wp-content\/uploads\/2023\/05\/Hotel-Anantara-Plaza-Nice-vue-mer-terrasse-restaurant-1-L.png 421w, https:\/\/provencelovers.fr\/wp-content\/uploads\/2023\/05\/Hotel-Anantara-Plaza-Nice-vue-mer-terrasse-restaurant-1-L-300x285.png 300w\" sizes=\"auto, (max-width: 421px) 100vw, 421px\" \/><\/figure>\n<\/div>\n<\/div>\n<\/div><\/div><\/div>\n\n<h2 class=\"wp-block-heading\">Consejos pr\u00e1cticos para visitar el jard\u00edn de \u00c8ze<\/h2>\n\n<h3 class=\"wp-block-heading\">Horarios y precios<\/h3>\n\n<ul class=\"wp-block-list\">\n<li>Precio: 7 euros para adultos (4 euros para adolescentes y gratis para menores de 12 a\u00f1os)<\/li>\n\n\n\n<li>abierto al menos de 9.00 a 16.30 en invierno y de 9.00 a 18.30 en verano<\/li>\n<\/ul>\n\n<p>Consulte las \u00faltimas noticias en la p\u00e1gina web oficial <a href=\"https:\/\/www.jardinexotique-eze.fr\/\" target=\"_blank\" rel=\"noreferrer noopener nofollow\">aqu\u00ed<\/a>.<\/p>\n\n<figure class=\"wp-block-image size-large\"><img decoding=\"async\" src=\"https:\/\/photos.smugmug.com\/Provence-Lovers\/&#xC8;ze\/n-cXSbFV\/Jardin\/i-TtqLHkb\/0\/d648457a\/L\/eze_jardin_exotique-L.jpg\" alt=\"\"\/><\/figure>\n\n<h3 class=\"wp-block-heading\">Cu\u00e1nto tiempo<\/h3>\n\n<p>Dedique entre 30 minutos y 1 hora, dependiendo de su inter\u00e9s por el yacimiento.<br\/>Si llega durante el d\u00eda, recoja una entrada en uno de los quioscos del pueblo para evitar hacer cola a la entrada del jard\u00edn.<\/p>\n\n<h3 class=\"wp-block-heading\">El mejor momento<\/h3>\n\n<p>Para disfrutar al m\u00e1ximo del lugar y admirar las vistas con tranquilidad, le recomendamos que venga en cuanto abra el jard\u00edn por la ma\u00f1ana.  <\/p>\n\n<figure class=\"wp-block-image size-large\"><img decoding=\"async\" src=\"https:\/\/photos.smugmug.com\/Provence-Lovers\/&#xC8;ze\/n-cXSbFV\/Village\/i-MfWhPkr\/0\/2107b2f2\/L\/Village_eze_ticket_Jardin-L.jpg\" alt=\"\"\/><\/figure>\n\n<h3 class=\"wp-block-heading\">Direcci\u00f3n de la visita<\/h3>\n\n<p>Dependiendo del mapa, encontrar\u00e1 se\u00f1ales con diferentes n\u00fameros que le ayudar\u00e1n a elegir la ruta. Pero, por desgracia, no siempre est\u00e1 claro qu\u00e9 camino tomar para encontrar el siguiente&#8230; T\u00f3mese su tiempo para perderse y admirar todas las vistas.<\/p>\n\n<figure class=\"wp-block-image size-large\"><img decoding=\"async\" src=\"https:\/\/photos.smugmug.com\/Provence-Lovers\/&#xC8;ze\/n-cXSbFV\/Jardin\/i-vb95q8r\/0\/7b3319a4\/L\/eze_jardin_exotique_plan-L.jpg\" alt=\"mapa del jard&#xED;n ex&#xF3;tico de &#xC8;ze\"\/><figcaption class=\"wp-element-caption\">mapa del jard\u00edn ex\u00f3tico de \u00c8ze<\/figcaption><\/figure>\n\n<h3 class=\"wp-block-heading\">Visitas con ni\u00f1os<\/h3>\n\n<p>No vimos ning\u00fan programa dedicado a los ni\u00f1os en el jard\u00edn.<br\/>Pero descubrir las diferentes formas de los cactus deber\u00eda divertirles.<\/p>\n\n<h3 class=\"wp-block-heading\">Comer fuera<\/h3>\n\n<p>No hay restaurantes en el jard\u00edn, pero hay varias opciones en el pueblo.<br\/>El pueblo es famoso por su cocina gourmet:<\/p>\n\n<ul class=\"wp-block-list\">\n<li>Restaurante La Ch\u00e8vre d&#8217;Or (2 estrellas)<\/li>\n\n\n\n<li>Restaurante Ch\u00e2teau Eza (1 estrella)<\/li>\n<\/ul>\n\n<p>Pero tambi\u00e9n restaurantes m\u00e1s accesibles: Les Remparts, le caf\u00e9 du jardin&#8230;<br\/>Y en la parte baja del pueblo, encontrar\u00e1 otras buenas opciones como el Restaurante L&#8217;Echoppe Proven\u00e7ale.<\/p>\n\n<figure class=\"wp-block-image size-large\"><img decoding=\"async\" src=\"https:\/\/photos.smugmug.com\/Provence-Lovers\/%C3%88ze\/n-cXSbFV\/Jardin\/i-hTqB5TS\/0\/e0aef77a\/L\/eze_jardin_exotique-17-L.jpg\" alt=\"Hotel y restaurante en Eze\"\/><\/figure>\n\n<h3 class=\"wp-block-heading\">Hoteles<\/h3>\n\n<p>Los dos hoteles del interior de la villa medieval son establecimientos de lujo. Pero bien merecen las distracciones.<br\/>Una noche en este pueblo ofrece una experiencia \u00fanica, como un viaje en el tiempo con vistas inolvidables.<br\/>Poder pasear por el pueblo de noche es un privilegio. \u00bfY si las paredes pudieran hablar?<br\/>Lo has hecho:<\/p>\n\n<ul class=\"wp-block-list\">\n<li>Hotel Chateau Eza &#8211; <a href=\"https:\/\/www.booking.com\/hotel\/fr\/chateau-eza.html?aid=%202319618\" target=\"_blank\" rel=\"noreferrer noopener\">ver fotos y<\/a><a href=\"https:\/\/www.booking.com\/hotel\/fr\/chateau-eza.html?aid=%202319618\" target=\"_blank\" rel=\"noreferrer noopener\">disponibilidad<\/a><\/li>\n\n\n\n<li>Hotel La Ch\u00e8vre d&#8217;Or &#8211; <a href=\"https:\/\/www.booking.com\/hotel\/fr\/la-chevre-d-or.html?aid=2319618\" target=\"_blank\" rel=\"noreferrer noopener sponsored nofollow\">ver fotos y disponibilidad<\/a><\/li>\n<\/ul>\n\n<p>Por lo dem\u00e1s, hay dos pueblos cercanos que ofrecen grandes opciones para una estancia:<\/p>\n\n<ul class=\"wp-block-list\">\n<li>La gran ciudad de Niza, a 30 minutos en coche &#8211; <a href=\"https:\/\/provencelovers.fr\/es\/donde-alojarse-niza-mejor-hotel\/\" target=\"_blank\" rel=\"noreferrer noopener\">vea nuestra selecci\u00f3n de los mejores hoteles<\/a><\/li>\n\n\n\n<li>Beaulieu-sur-Mer, una tranquila ciudad a 15 minutos (selecci\u00f3n de hoteles pr\u00f3ximamente)<\/li>\n<\/ul>\n\n<div style=\"margin-top:8%;margin-bottom:8%\" class=\"wp-block-genesis-blocks-gb-container box gb-block-container\"><div class=\"gb-container-inside\"><div class=\"gb-container-content\" style=\"max-width:700px\">\n<div class=\"wp-block-genesis-blocks-gb-container box_titre gb-block-container\"><div class=\"gb-container-inside\"><div class=\"gb-container-content\">\n<h5 class=\"titre_box\" style=\"padding-top:10px;\">D\u00d3NDE DORMIR EN <span class=\"titre_box_manuscrit\">Niza<\/span><\/h5>\n<\/div><\/div><\/div>\n\n\n\n<hr class=\"wp-block-separator has-text-color has-alpha-channel-opacity has-background is-style-wide hr-box-planif\" style=\"background-color:#ccd3dd;color:#ccd3dd\"\/>\n\n\n\n<div class=\"wp-block-columns box_sans_border is-layout-flex wp-container-core-columns-is-layout-9d6595d7 wp-block-columns-is-layout-flex\">\n<div class=\"wp-block-column texte_planif is-layout-flow wp-block-column-is-layout-flow\" style=\"font-size:14px;flex-basis:60%\">\n<p class=\"option_titre2\"><strong>Nuestros favoritos: barrios y hoteles<\/strong><\/p>\n\n\n\n<p style=\"font-size:14px\"><br\/>En primera l\u00ednea, con vistas al mar:<strong>Hotel<\/strong><strong>Anantara<\/strong> &#8211; <a href=\"https:\/\/www.booking.com\/hotel\/anantara-plaza-nice-nice.html?aid=2319618\" target=\"_blank\" rel=\"noreferrer noopener sponsored nofollow\">Ver precios, fotos y disponibilidad<\/a><\/p>\n\n\n\n<p style=\"font-size:14px\"><br\/>En la ciudad nueva, cerca del mar:<strong>Hotel Apollinaire<\/strong>, elegante y luminoso &#8211; <a href=\"https:\/\/www.booking.com\/hotel\/fr\/acropolenice.html?aid=2319618\" target=\"_blank\" rel=\"noreferrer noopener sponsored nofollow\">Ver precios, fotos y disponibilidad<\/a><\/p>\n\n\n\n<p style=\"font-size:14px\"><br\/>En el casco antiguo, con todo el encanto: Aparthotel<strong>AMMI Vieux Niza<\/strong> muy pr\u00e1ctico y agradable &#8211; <a href=\"https:\/\/www.booking.com\/hotel\/fr\/apart-39-ammi-vieux-nice.html?aid=2319618\" target=\"_blank\" rel=\"noreferrer noopener sponsored nofollow\">Ver precios, fotos y disponibilidad <\/a> <\/p>\n<\/div>\n\n\n\n<div class=\"wp-block-column is-vertically-aligned-top planif-radius is-layout-flow wp-block-column-is-layout-flow\" style=\"flex-basis:40%\">\n<figure class=\"wp-block-image size-large img-portrait\"><img decoding=\"async\" src=\"https:\/\/photos.smugmug.com\/Provence-Lovers\/Nice\/H%C3%B4tels\/n-vLRxMK\/H%C3%B4tel-Anantara-Plaza-Nice\/i-b2fkNDW\/0\/ff41e28a\/L\/Hotel-Anantara-Plaza-Nice-restaurant-L.jpg\" alt=\"\" title=\"\"\/><\/figure>\n<\/div>\n<\/div>\n\n\n\n<p class=\"has-text-align-center\" style=\"font-size:17px\"><a href=\"https:\/\/provencelovers.fr\/es\/donde-alojarse-niza-mejor-hotel\/\">Vea nuestra selecci\u00f3n completa de los mejores hoteles de Niza<\/a><\/p>\n\n\n\n<div class=\"wp-block-buttons planif_bouton is-content-justification-center is-layout-flex wp-container-core-buttons-is-layout-16018d1d wp-block-buttons-is-layout-flex\">\n<div class=\"wp-block-button has-custom-font-size\" style=\"font-size:14px\"><a class=\"wp-block-button__link has-white-color has-text-color wp-element-button\" href=\"https:\/\/www.booking.com\/searchresults.html?city=-1454990=review_score%253D90%253Breview_score%253D80=2319618=1=2\" style=\"border-radius:4px\" target=\"_blank\" rel=\"noreferrer noopener nofollow\">Consulte los alojamientos disponibles para sus fechas &gt;&gt;.<\/a><\/div>\n<\/div>\n<\/div><\/div><\/div>\n\n<div class=\"wp-block-genesis-blocks-gb-container box_auteur_voyage gb-block-container\"><div class=\"gb-container-inside\"><div class=\"gb-container-content\">\n<figure class=\"wp-block-image size-large img_auteur_voyage\"><img decoding=\"async\" src=\"https:\/\/photos.smugmug.com\/Region-Lovers\/Generique\/i-sptjrK7\/0\/5683e698\/L\/Emmanuel-Claire-2%20%281%29-L.jpg\" alt=\"\"\/><\/figure>\n\n\n\n<h5 class=\"titre_auteur_voyage\"><span>HIZO EL VIAJE Y ESCRIBI\u00d3 EL ART\u00cdCULO \n<\/span><span class=\"titre_box_manuscrit\">Claire<\/span><\/h5>\n<\/div><\/div><\/div>\n","protected":false},"excerpt":{"rendered":"<p>Un jard\u00edn bot\u00e1nico excepcional, una magn\u00edfica colecci\u00f3n de cactus y suculentas, impresionantes vistas panor\u00e1micas&#8230; \u00bfqu\u00e9 m\u00e1s se puede pedir? Es una armon\u00eda perfecta de belleza natural, biodiversidad ex\u00f3tica y el encanto hist\u00f3rico de la regi\u00f3n.Estos son nuestros consejos pr\u00e1cticos para planificar su visita al Jard\u00edn Ex\u00f3tico de \u00c8ze \u00bfMerece la pena visitar el Jard\u00edn Ex\u00f3tico [&hellip;]<\/p>\n","protected":false},"author":1,"featured_media":5425,"comment_status":"closed","ping_status":"closed","sticky":false,"template":"","format":"standard","meta":{"_genesis_hide_title":false,"_genesis_hide_breadcrumbs":false,"_genesis_hide_singular_image":false,"_genesis_hide_footer_widgets":false,"_genesis_custom_body_class":"","_genesis_custom_post_class":"","_genesis_layout":"","footnotes":""},"categories":[129],"tags":[],"class_list":{"0":"post-5540","1":"post","2":"type-post","3":"status-publish","4":"format-standard","5":"has-post-thumbnail","7":"category-niza-region","8":"entry"},"yoast_head":"<!-- This site is optimized with the Yoast SEO plugin v27.2 - https:\/\/yoast.com\/product\/yoast-seo-wordpress\/ -->\n<title>Jard\u00edn ex\u00f3tico de \u00c8ze (visita + fotos)<\/title>\n<meta name=\"description\" content=\"Nuestros consejos y fotos para ayudarle a planificar su visita al jard\u00edn ex\u00f3tico de \u00c8ze: acceso, puntos de inter\u00e9s, informaci\u00f3n pr\u00e1ctica\" \/>\n<meta name=\"robots\" content=\"index, follow, max-snippet:-1, max-image-preview:large, max-video-preview:-1\" \/>\n<link rel=\"canonical\" href=\"https:\/\/provencelovers.fr\/es\/visitar-jardin-exotico-eze\/\" \/>\n<meta property=\"og:locale\" content=\"es_ES\" \/>\n<meta property=\"og:type\" content=\"article\" \/>\n<meta property=\"og:title\" content=\"Jard\u00edn ex\u00f3tico de \u00c8ze (visita + fotos)\" \/>\n<meta property=\"og:description\" content=\"Nuestros consejos y fotos para ayudarle a planificar su visita al jard\u00edn ex\u00f3tico de \u00c8ze: acceso, puntos de inter\u00e9s, informaci\u00f3n pr\u00e1ctica\" \/>\n<meta property=\"og:url\" content=\"https:\/\/provencelovers.fr\/es\/visitar-jardin-exotico-eze\/\" \/>\n<meta property=\"og:site_name\" content=\"Provence Lovers\" \/>\n<meta property=\"article:published_time\" content=\"2023-11-05T09:36:59+00:00\" \/>\n<meta property=\"article:modified_time\" content=\"2023-11-05T09:57:55+00:00\" \/>\n<meta property=\"og:image\" content=\"https:\/\/provencelovers.fr\/wp-content\/uploads\/2023\/11\/visitar-jardin-exotico-eze.jpeg\" \/>\n\t<meta property=\"og:image:width\" content=\"800\" \/>\n\t<meta property=\"og:image:height\" content=\"600\" \/>\n\t<meta property=\"og:image:type\" content=\"image\/jpeg\" \/>\n<meta name=\"author\" content=\"Claire ROBINSON\" \/>\n<meta name=\"twitter:card\" content=\"summary_large_image\" \/>\n<meta name=\"twitter:label1\" content=\"Escrito por\" \/>\n\t<meta name=\"twitter:data1\" content=\"Claire ROBINSON\" \/>\n\t<meta name=\"twitter:label2\" content=\"Tiempo de lectura\" \/>\n\t<meta name=\"twitter:data2\" content=\"7 minutos\" \/>\n<script type=\"application\/ld+json\" class=\"yoast-schema-graph\">{\"@context\":\"https:\/\/schema.org\",\"@graph\":[{\"@type\":\"Article\",\"@id\":\"https:\/\/provencelovers.fr\/es\/visitar-jardin-exotico-eze\/#article\",\"isPartOf\":{\"@id\":\"https:\/\/provencelovers.fr\/es\/visitar-jardin-exotico-eze\/\"},\"author\":{\"name\":\"Claire ROBINSON\",\"@id\":\"https:\/\/provencelovers.fr\/es\/#\/schema\/person\/6b627316d8aca03e6b41be79090f3819\"},\"headline\":\"Jard\u00edn ex\u00f3tico de \u00c8ze (visita + fotos)\",\"datePublished\":\"2023-11-05T09:36:59+00:00\",\"dateModified\":\"2023-11-05T09:57:55+00:00\",\"mainEntityOfPage\":{\"@id\":\"https:\/\/provencelovers.fr\/es\/visitar-jardin-exotico-eze\/\"},\"wordCount\":1354,\"publisher\":{\"@id\":\"https:\/\/provencelovers.fr\/es\/#organization\"},\"image\":{\"@id\":\"https:\/\/provencelovers.fr\/es\/visitar-jardin-exotico-eze\/#primaryimage\"},\"thumbnailUrl\":\"https:\/\/provencelovers.fr\/wp-content\/uploads\/2023\/11\/visitar-jardin-exotico-eze.jpeg\",\"articleSection\":[\"Niza y sus alrededores\"],\"inLanguage\":\"es\"},{\"@type\":\"WebPage\",\"@id\":\"https:\/\/provencelovers.fr\/es\/visitar-jardin-exotico-eze\/\",\"url\":\"https:\/\/provencelovers.fr\/es\/visitar-jardin-exotico-eze\/\",\"name\":\"Jard\u00edn ex\u00f3tico de \u00c8ze (visita + fotos)\",\"isPartOf\":{\"@id\":\"https:\/\/provencelovers.fr\/es\/#website\"},\"primaryImageOfPage\":{\"@id\":\"https:\/\/provencelovers.fr\/es\/visitar-jardin-exotico-eze\/#primaryimage\"},\"image\":{\"@id\":\"https:\/\/provencelovers.fr\/es\/visitar-jardin-exotico-eze\/#primaryimage\"},\"thumbnailUrl\":\"https:\/\/provencelovers.fr\/wp-content\/uploads\/2023\/11\/visitar-jardin-exotico-eze.jpeg\",\"datePublished\":\"2023-11-05T09:36:59+00:00\",\"dateModified\":\"2023-11-05T09:57:55+00:00\",\"description\":\"Nuestros consejos y fotos para ayudarle a planificar su visita al jard\u00edn ex\u00f3tico de \u00c8ze: acceso, puntos de inter\u00e9s, informaci\u00f3n pr\u00e1ctica\",\"breadcrumb\":{\"@id\":\"https:\/\/provencelovers.fr\/es\/visitar-jardin-exotico-eze\/#breadcrumb\"},\"inLanguage\":\"es\",\"potentialAction\":[{\"@type\":\"ReadAction\",\"target\":[\"https:\/\/provencelovers.fr\/es\/visitar-jardin-exotico-eze\/\"]}]},{\"@type\":\"ImageObject\",\"inLanguage\":\"es\",\"@id\":\"https:\/\/provencelovers.fr\/es\/visitar-jardin-exotico-eze\/#primaryimage\",\"url\":\"https:\/\/provencelovers.fr\/wp-content\/uploads\/2023\/11\/visitar-jardin-exotico-eze.jpeg\",\"contentUrl\":\"https:\/\/provencelovers.fr\/wp-content\/uploads\/2023\/11\/visitar-jardin-exotico-eze.jpeg\",\"width\":800,\"height\":600,\"caption\":\"visitar jardin exotico eze\"},{\"@type\":\"BreadcrumbList\",\"@id\":\"https:\/\/provencelovers.fr\/es\/visitar-jardin-exotico-eze\/#breadcrumb\",\"itemListElement\":[{\"@type\":\"ListItem\",\"position\":1,\"name\":\"Home\",\"item\":\"https:\/\/provencelovers.fr\/es\/\"},{\"@type\":\"ListItem\",\"position\":2,\"name\":\"Niza y sus alrededores\",\"item\":\"https:\/\/provencelovers.fr\/es\/niza-region\/\"},{\"@type\":\"ListItem\",\"position\":3,\"name\":\"Jard\u00edn ex\u00f3tico de \u00c8ze (visita + fotos)\"}]},{\"@type\":\"WebSite\",\"@id\":\"https:\/\/provencelovers.fr\/es\/#website\",\"url\":\"https:\/\/provencelovers.fr\/es\/\",\"name\":\"Provence Lovers\",\"description\":\"Despertar los sentidos en Provenza - Le blog de Claire et Manu\",\"publisher\":{\"@id\":\"https:\/\/provencelovers.fr\/es\/#organization\"},\"potentialAction\":[{\"@type\":\"SearchAction\",\"target\":{\"@type\":\"EntryPoint\",\"urlTemplate\":\"https:\/\/provencelovers.fr\/es\/?s={search_term_string}\"},\"query-input\":{\"@type\":\"PropertyValueSpecification\",\"valueRequired\":true,\"valueName\":\"search_term_string\"}}],\"inLanguage\":\"es\"},{\"@type\":\"Organization\",\"@id\":\"https:\/\/provencelovers.fr\/es\/#organization\",\"name\":\"Provence Lovers\",\"url\":\"https:\/\/provencelovers.fr\/es\/\",\"logo\":{\"@type\":\"ImageObject\",\"inLanguage\":\"es\",\"@id\":\"https:\/\/provencelovers.fr\/es\/#\/schema\/logo\/image\/\",\"url\":\"https:\/\/provencelovers.fr\/wp-content\/uploads\/2022\/11\/Blog-Provence-Lovers-Logos.png\",\"contentUrl\":\"https:\/\/provencelovers.fr\/wp-content\/uploads\/2022\/11\/Blog-Provence-Lovers-Logos.png\",\"width\":2707,\"height\":863,\"caption\":\"Provence Lovers\"},\"image\":{\"@id\":\"https:\/\/provencelovers.fr\/es\/#\/schema\/logo\/image\/\"}},{\"@type\":\"Person\",\"@id\":\"https:\/\/provencelovers.fr\/es\/#\/schema\/person\/6b627316d8aca03e6b41be79090f3819\",\"name\":\"Claire ROBINSON\",\"image\":{\"@type\":\"ImageObject\",\"inLanguage\":\"es\",\"@id\":\"https:\/\/secure.gravatar.com\/avatar\/53c353c843050f9265c9a68901a74b6613f3f04e343e64cbba45c5b031ea079b?s=96&d=mm&r=g\",\"url\":\"https:\/\/secure.gravatar.com\/avatar\/53c353c843050f9265c9a68901a74b6613f3f04e343e64cbba45c5b031ea079b?s=96&d=mm&r=g\",\"contentUrl\":\"https:\/\/secure.gravatar.com\/avatar\/53c353c843050f9265c9a68901a74b6613f3f04e343e64cbba45c5b031ea079b?s=96&d=mm&r=g\",\"caption\":\"Claire ROBINSON\"},\"sameAs\":[\"https:\/\/provencelovers.fr\/claire-robinson\/\"],\"url\":\"https:\/\/provencelovers.fr\/es\/author\/provencelovers\/\"}]}<\/script>\n<!-- \/ Yoast SEO plugin. -->","yoast_head_json":{"title":"Jard\u00edn ex\u00f3tico de \u00c8ze (visita + fotos)","description":"Nuestros consejos y fotos para ayudarle a planificar su visita al jard\u00edn ex\u00f3tico de \u00c8ze: acceso, puntos de inter\u00e9s, informaci\u00f3n pr\u00e1ctica","robots":{"index":"index","follow":"follow","max-snippet":"max-snippet:-1","max-image-preview":"max-image-preview:large","max-video-preview":"max-video-preview:-1"},"canonical":"https:\/\/provencelovers.fr\/es\/visitar-jardin-exotico-eze\/","og_locale":"es_ES","og_type":"article","og_title":"Jard\u00edn ex\u00f3tico de \u00c8ze (visita + fotos)","og_description":"Nuestros consejos y fotos para ayudarle a planificar su visita al jard\u00edn ex\u00f3tico de \u00c8ze: acceso, puntos de inter\u00e9s, informaci\u00f3n pr\u00e1ctica","og_url":"https:\/\/provencelovers.fr\/es\/visitar-jardin-exotico-eze\/","og_site_name":"Provence Lovers","article_published_time":"2023-11-05T09:36:59+00:00","article_modified_time":"2023-11-05T09:57:55+00:00","og_image":[{"width":800,"height":600,"url":"https:\/\/provencelovers.fr\/wp-content\/uploads\/2023\/11\/visitar-jardin-exotico-eze.jpeg","type":"image\/jpeg"}],"author":"Claire ROBINSON","twitter_card":"summary_large_image","twitter_misc":{"Escrito por":"Claire ROBINSON","Tiempo de lectura":"7 minutos"},"schema":{"@context":"https:\/\/schema.org","@graph":[{"@type":"Article","@id":"https:\/\/provencelovers.fr\/es\/visitar-jardin-exotico-eze\/#article","isPartOf":{"@id":"https:\/\/provencelovers.fr\/es\/visitar-jardin-exotico-eze\/"},"author":{"name":"Claire ROBINSON","@id":"https:\/\/provencelovers.fr\/es\/#\/schema\/person\/6b627316d8aca03e6b41be79090f3819"},"headline":"Jard\u00edn ex\u00f3tico de \u00c8ze (visita + fotos)","datePublished":"2023-11-05T09:36:59+00:00","dateModified":"2023-11-05T09:57:55+00:00","mainEntityOfPage":{"@id":"https:\/\/provencelovers.fr\/es\/visitar-jardin-exotico-eze\/"},"wordCount":1354,"publisher":{"@id":"https:\/\/provencelovers.fr\/es\/#organization"},"image":{"@id":"https:\/\/provencelovers.fr\/es\/visitar-jardin-exotico-eze\/#primaryimage"},"thumbnailUrl":"https:\/\/provencelovers.fr\/wp-content\/uploads\/2023\/11\/visitar-jardin-exotico-eze.jpeg","articleSection":["Niza y sus alrededores"],"inLanguage":"es"},{"@type":"WebPage","@id":"https:\/\/provencelovers.fr\/es\/visitar-jardin-exotico-eze\/","url":"https:\/\/provencelovers.fr\/es\/visitar-jardin-exotico-eze\/","name":"Jard\u00edn ex\u00f3tico de \u00c8ze (visita + fotos)","isPartOf":{"@id":"https:\/\/provencelovers.fr\/es\/#website"},"primaryImageOfPage":{"@id":"https:\/\/provencelovers.fr\/es\/visitar-jardin-exotico-eze\/#primaryimage"},"image":{"@id":"https:\/\/provencelovers.fr\/es\/visitar-jardin-exotico-eze\/#primaryimage"},"thumbnailUrl":"https:\/\/provencelovers.fr\/wp-content\/uploads\/2023\/11\/visitar-jardin-exotico-eze.jpeg","datePublished":"2023-11-05T09:36:59+00:00","dateModified":"2023-11-05T09:57:55+00:00","description":"Nuestros consejos y fotos para ayudarle a planificar su visita al jard\u00edn ex\u00f3tico de \u00c8ze: acceso, puntos de inter\u00e9s, informaci\u00f3n pr\u00e1ctica","breadcrumb":{"@id":"https:\/\/provencelovers.fr\/es\/visitar-jardin-exotico-eze\/#breadcrumb"},"inLanguage":"es","potentialAction":[{"@type":"ReadAction","target":["https:\/\/provencelovers.fr\/es\/visitar-jardin-exotico-eze\/"]}]},{"@type":"ImageObject","inLanguage":"es","@id":"https:\/\/provencelovers.fr\/es\/visitar-jardin-exotico-eze\/#primaryimage","url":"https:\/\/provencelovers.fr\/wp-content\/uploads\/2023\/11\/visitar-jardin-exotico-eze.jpeg","contentUrl":"https:\/\/provencelovers.fr\/wp-content\/uploads\/2023\/11\/visitar-jardin-exotico-eze.jpeg","width":800,"height":600,"caption":"visitar jardin exotico eze"},{"@type":"BreadcrumbList","@id":"https:\/\/provencelovers.fr\/es\/visitar-jardin-exotico-eze\/#breadcrumb","itemListElement":[{"@type":"ListItem","position":1,"name":"Home","item":"https:\/\/provencelovers.fr\/es\/"},{"@type":"ListItem","position":2,"name":"Niza y sus alrededores","item":"https:\/\/provencelovers.fr\/es\/niza-region\/"},{"@type":"ListItem","position":3,"name":"Jard\u00edn ex\u00f3tico de \u00c8ze (visita + fotos)"}]},{"@type":"WebSite","@id":"https:\/\/provencelovers.fr\/es\/#website","url":"https:\/\/provencelovers.fr\/es\/","name":"Provence Lovers","description":"Despertar los sentidos en Provenza - Le blog de Claire et Manu","publisher":{"@id":"https:\/\/provencelovers.fr\/es\/#organization"},"potentialAction":[{"@type":"SearchAction","target":{"@type":"EntryPoint","urlTemplate":"https:\/\/provencelovers.fr\/es\/?s={search_term_string}"},"query-input":{"@type":"PropertyValueSpecification","valueRequired":true,"valueName":"search_term_string"}}],"inLanguage":"es"},{"@type":"Organization","@id":"https:\/\/provencelovers.fr\/es\/#organization","name":"Provence Lovers","url":"https:\/\/provencelovers.fr\/es\/","logo":{"@type":"ImageObject","inLanguage":"es","@id":"https:\/\/provencelovers.fr\/es\/#\/schema\/logo\/image\/","url":"https:\/\/provencelovers.fr\/wp-content\/uploads\/2022\/11\/Blog-Provence-Lovers-Logos.png","contentUrl":"https:\/\/provencelovers.fr\/wp-content\/uploads\/2022\/11\/Blog-Provence-Lovers-Logos.png","width":2707,"height":863,"caption":"Provence Lovers"},"image":{"@id":"https:\/\/provencelovers.fr\/es\/#\/schema\/logo\/image\/"}},{"@type":"Person","@id":"https:\/\/provencelovers.fr\/es\/#\/schema\/person\/6b627316d8aca03e6b41be79090f3819","name":"Claire ROBINSON","image":{"@type":"ImageObject","inLanguage":"es","@id":"https:\/\/secure.gravatar.com\/avatar\/53c353c843050f9265c9a68901a74b6613f3f04e343e64cbba45c5b031ea079b?s=96&d=mm&r=g","url":"https:\/\/secure.gravatar.com\/avatar\/53c353c843050f9265c9a68901a74b6613f3f04e343e64cbba45c5b031ea079b?s=96&d=mm&r=g","contentUrl":"https:\/\/secure.gravatar.com\/avatar\/53c353c843050f9265c9a68901a74b6613f3f04e343e64cbba45c5b031ea079b?s=96&d=mm&r=g","caption":"Claire ROBINSON"},"sameAs":["https:\/\/provencelovers.fr\/claire-robinson\/"],"url":"https:\/\/provencelovers.fr\/es\/author\/provencelovers\/"}]}},"featured_image_src":"https:\/\/provencelovers.fr\/wp-content\/uploads\/2023\/11\/visitar-jardin-exotico-eze-600x400.jpeg","featured_image_src_square":"https:\/\/provencelovers.fr\/wp-content\/uploads\/2023\/11\/visitar-jardin-exotico-eze-600x600.jpeg","author_info":{"display_name":"Claire ROBINSON","author_link":"https:\/\/provencelovers.fr\/es\/author\/provencelovers\/"},"_links":{"self":[{"href":"https:\/\/provencelovers.fr\/es\/wp-json\/wp\/v2\/posts\/5540","targetHints":{"allow":["GET"]}}],"collection":[{"href":"https:\/\/provencelovers.fr\/es\/wp-json\/wp\/v2\/posts"}],"about":[{"href":"https:\/\/provencelovers.fr\/es\/wp-json\/wp\/v2\/types\/post"}],"author":[{"embeddable":true,"href":"https:\/\/provencelovers.fr\/es\/wp-json\/wp\/v2\/users\/1"}],"replies":[{"embeddable":true,"href":"https:\/\/provencelovers.fr\/es\/wp-json\/wp\/v2\/comments?post=5540"}],"version-history":[{"count":0,"href":"https:\/\/provencelovers.fr\/es\/wp-json\/wp\/v2\/posts\/5540\/revisions"}],"wp:featuredmedia":[{"embeddable":true,"href":"https:\/\/provencelovers.fr\/es\/wp-json\/wp\/v2\/media\/5425"}],"wp:attachment":[{"href":"https:\/\/provencelovers.fr\/es\/wp-json\/wp\/v2\/media?parent=5540"}],"wp:term":[{"taxonomy":"category","embeddable":true,"href":"https:\/\/provencelovers.fr\/es\/wp-json\/wp\/v2\/categories?post=5540"},{"taxonomy":"post_tag","embeddable":true,"href":"https:\/\/provencelovers.fr\/es\/wp-json\/wp\/v2\/tags?post=5540"}],"curies":[{"name":"wp","href":"https:\/\/api.w.org\/{rel}","templated":true}]}}