{"id":4050,"date":"2023-10-10T10:11:15","date_gmt":"2023-10-10T08:11:15","guid":{"rendered":"https:\/\/provencelovers.fr\/plus-beaux-jardins-cote-azur\/"},"modified":"2024-07-13T08:35:56","modified_gmt":"2024-07-13T06:35:56","slug":"mejores-jardines-costa-azul","status":"publish","type":"post","link":"https:\/\/provencelovers.fr\/es\/mejores-jardines-costa-azul\/","title":{"rendered":"Los 10 mejores jardines de la Costa Azul (fotos + consejos)"},"content":{"rendered":"\n<p>La Costa Azul, famosa por sus playas ba\u00f1adas por el sol y sus aguas turquesas, alberga tambi\u00e9n joyas bot\u00e1nicas que deleitan los sentidos. En toda esta regi\u00f3n ba\u00f1ada por el sol florecen encantadores jardines que dan testimonio del amor de la Provenza por la naturaleza.<br\/>En este art\u00edculo le invitamos a una escapada verde por los jardines m\u00e1s bellos de la Costa Azul: ex\u00f3ticos, mediterr\u00e1neos, hist\u00f3ricos o creados por famosos arquitectos&#8230;<\/p>\n\n<figure class=\"wp-block-image size-full\"><img decoding=\"async\" src=\"https:\/\/provencelovers.fr\/wp-content\/uploads\/2023\/10\/mejores-jardines-costa-azul.jpeg\" alt=\"jardines m&#xE1;s bellos cote azur\" class=\"wp-image-4030\"\/><\/figure>\n\n<p>Se trata de una opini\u00f3n totalmente <strong>independiente<\/strong> basada en nuestras experiencias. Visitamos la regi\u00f3n de forma an\u00f3nima, tomando nuestras propias decisiones y pagando \u00edntegramente nuestras facturas.<\/p>\n\n<h2 class=\"wp-block-heading\">Los jardines m\u00e1s bellos de la Costa Azul: mapa y selecci\u00f3n<\/h2>\n\n<p>A continuaci\u00f3n encontrar\u00e1 un mapa que le ayudar\u00e1 a localizar nuestra selecci\u00f3n de los 10 jardines m\u00e1s bellos de la Costa Azul, para que pueda decidir cu\u00e1les incluir en su road trip.<\/p>\n\n<figure class=\"wp-block-image size-large\"><img decoding=\"async\" src=\"https:\/\/provencelovers.fr\/wp-content\/uploads\/2023\/10\/mapa-mejores-jardines-costa-azul-1024x683.png\" alt=\"carte meilleurs jardins cote azur\" class=\"wp-image-4040\"\/><figcaption class=\"wp-element-caption\">Mapa: los jardines m\u00e1s bellos de la Costa Azul<\/figcaption><\/figure>\n\n<p>La Costa Azul no tiene l\u00edmites oficialmente definidos. Elegimos la visi\u00f3n moderna que se extiende de Cassis a Menton.<\/p>\n\n<p>En la \u00e9poca en que se crearon estos jardines, ya exist\u00eda una pasi\u00f3n por la aclimataci\u00f3n y propagaci\u00f3n de especies raras de todo el mundo, posible gracias al clima mediterr\u00e1neo. Gracias a iniciativas p\u00fablicas y privadas, algunos de ellos siguen entre nosotros, para nuestro gran deleite.<\/p>\n\n<h2 class=\"wp-block-heading\">1. Jardines de la Villa d&#8217;Ephrusi<\/h2>\n\n<figure class=\"wp-block-image size-large\"><img decoding=\"async\" src=\"https:\/\/photos.smugmug.com\/Provence-Lovers\/Best-of\/n-PbwqvZ\/Jardins\/i-zCW5k7h\/0\/d2167476\/L\/Villa_Ephrusi_jardin-L.jpg\" alt=\"Vista de los jardines de la Villa d'Ephrusi\"\/><\/figure>\n\n<h3 class=\"wp-block-heading\">\u00bfPor qu\u00e9 visitarlo?<\/h3>\n\n<p>Una visita a los jardines de la Villa Ephrussi de Rothschild es una experiencia encantadora que personifica el lujo de la Costa Azul. Los jardines, meticulosamente ajardinados, son una aut\u00e9ntica obra maestra del paisajismo, con una gran variedad de magn\u00edficos \u00e1rboles, coloridos parterres y juegos de agua. El resultado es una atm\u00f3sfera de cuento de hadas, en la que cada rinc\u00f3n revela un nuevo descubrimiento bot\u00e1nico. Adem\u00e1s, las impresionantes vistas sobre la bah\u00eda de Villefranche-sur-Mer desde las terrazas voladas a\u00f1aden un toque de romanticismo a esta escapada. Este jard\u00edn y su villa son un s\u00edmbolo de la elegancia y la belleza que caracterizan a la Costa Azul.<\/p>\n\n<figure class=\"wp-block-image size-large\"><img decoding=\"async\" src=\"https:\/\/photos.smugmug.com\/Provence-Lovers\/Best-of\/n-PbwqvZ\/Jardins\/i-WzcQFMc\/0\/a054a067\/L\/Villa_Ephrusi_jardin-1-L.jpg\" alt=\"Jardines de la Villa d'Ephrusi\"\/><\/figure>\n\n<h3 class=\"wp-block-heading\">C\u00f3mo llegar y consejos<\/h3>\n\n<ul class=\"wp-block-list\">\n<li>En la Villa Ephrussi de Rothschild<\/li>\n\n\n\n<li>Al este de Niza, en la pen\u00ednsula de Cap Ferrat<\/li>\n\n\n\n<li>Niza a la Villa = 30 min en coche<\/li>\n\n\n\n<li>De M\u00f3naco a la Villa = 30 min<\/li>\n\n\n\n<li>Cannes en la Villa = 1h15<\/li>\n\n\n\n<li>Precio: 16 euros &#8211; detalles y horarios en la <a href=\"https:\/\/www.villa-ephrussi.com\/\" target=\"_blank\" rel=\"noreferrer noopener\">web<\/a> oficial<\/li>\n\n\n\n<li>Abierto todo el a\u00f1o<\/li>\n\n\n\n<li>Hay un aparcamiento espec\u00edfico, pero se llena a mediod\u00eda.<\/li>\n\n\n\n<li>Es un lugar muy popular, por lo que le recomendamos que lo visite por la ma\u00f1ana y almuerce all\u00ed mismo, ya que el restaurante sirve unas ensaladas estupendas.<\/li>\n\n\n\n<li>Ahorre tiempo <a href=\"https:\/\/www.tiqets.com\/es\/activites-attractions-saint-jean-cap-ferrat-c177759\/billets-pour-the-villa-ephrussi-de-rothschild-p1053878?partner=region_lovers&amp;tq_campaign=PL\" target=\"_blank\" rel=\"noreferrer noopener sponsored nofollow\">comprando sus entradas<\/a><\/li>\n\n\n\n<li>O reserve una excursi\u00f3n desde Niza para ver las villas m\u00e1s bellas de la regi\u00f3n &#8211; <a href=\"https:\/\/www.getyourguide.es\/nice-l314\/maisons-extraordinaires-de-nice-t52869\/?partner_id=R3GYW4V&amp;cmp=PL\" target=\"_blank\" rel=\"noreferrer noopener sponsored nofollow\">ver programa<\/a><\/li>\n<\/ul>\n\n<h2 class=\"wp-block-heading\">2. Jard\u00edn ex\u00f3tico de \u00c8ze<\/h2>\n\n<figure class=\"wp-block-image size-large\"><img decoding=\"async\" src=\"https:\/\/photos.smugmug.com\/Provence-Lovers\/Best-of\/n-PbwqvZ\/Jardins\/i-P6L8db5\/0\/58a11b3a\/L\/Eze_jardin_exotique-L.jpg\" alt=\"Vista desde el jard&#xED;n ex&#xF3;tico de Eze\"\/><\/figure>\n\n<h3 class=\"wp-block-heading\">\u00bfPor qu\u00e9 visitarlo?<\/h3>\n\n<p>El ex\u00f3tico jard\u00edn de \u00c8ze es un destino obligado para los amantes de la naturaleza y de las impresionantes vistas panor\u00e1micas. Este excepcional jard\u00edn bot\u00e1nico alberga una magn\u00edfica colecci\u00f3n de cactus y suculentas, ofreciendo una inmersi\u00f3n total en el mundo de las especies ex\u00f3ticas. Mientras pasea por este extraordinario jard\u00edn, se maravillar\u00e1 con las impresionantes vistas de la resplandeciente costa mediterr\u00e1nea a un lado y de las monta\u00f1as al otro. La ubicaci\u00f3n del jard\u00edn, en el magn\u00edfico <a href=\"https:\/\/provencelovers.fr\/es\/que-ver-pueblo-eze-visitar\/\" target=\"_blank\" rel=\"noreferrer noopener\">pueblo medieval de \u00c8ze<\/a>, tambi\u00e9n permite combinar una rica experiencia cultural con la exploraci\u00f3n bot\u00e1nica. Es una armon\u00eda perfecta de belleza natural, biodiversidad ex\u00f3tica y el encanto hist\u00f3rico de la regi\u00f3n.<br\/>Es una visita obligada en la Costa Azul.<\/p>\n\n<figure class=\"wp-block-image size-large\"><img decoding=\"async\" src=\"https:\/\/photos.smugmug.com\/Provence-Lovers\/Best-of\/n-PbwqvZ\/Jardins\/i-Gr4Smx4\/0\/a5855580\/L\/Eze_jardin_exotique-1-L.jpg\" alt=\"jard&#xED;n ex&#xF3;tico de Eze\"\/><\/figure>\n\n<h3 class=\"wp-block-heading\">C\u00f3mo llegar y consejos<\/h3>\n\n<ul class=\"wp-block-list\">\n<li>Entre Niza y M\u00f3naco<\/li>\n\n\n\n<li>De Niza a \u00c8ze = 25min en coche<\/li>\n\n\n\n<li>De M\u00f3naco a \u00c8ze = 15min<\/li>\n\n\n\n<li>De Cannes a \u00c8ze = 50min<\/li>\n\n\n\n<li>Precio 7 euros &#8211; detalles y horarios en la <a href=\"https:\/\/www.jardinexotique-eze.fr\/informations\/\" target=\"_blank\" rel=\"noreferrer noopener\">web<\/a> oficial<\/li>\n\n\n\n<li>Abierto todo el a\u00f1o<\/li>\n\n\n\n<li>Hay un gran aparcamiento subterr\u00e1neo de pago, o un aparcamiento m\u00e1s alejado del pueblo con un autob\u00fas lanzadera.<\/li>\n\n\n\n<li>Puede venir en autob\u00fas desde Niza o M\u00f3naco, o en taxi.<\/li>\n\n\n\n<li>Tenga en cuenta que la estaci\u00f3n de tren de Eze est\u00e1 a nivel de la playa, 400 m m\u00e1s abajo. Si llega hasta all\u00ed, tendr\u00e1 que tomar un autob\u00fas despu\u00e9s o caminar (pero la pendiente es pronunciada).<\/li>\n\n\n\n<li>Tambi\u00e9n hay excursiones organizadas con salida desde Niza &#8211; <a href=\"https:\/\/www.getyourguide.es\/nice-l314\/depuis-nice-journee-a-monaco-monte-carlo-et-eze-t627\/?partner_id=R3GYW4V&amp;cmp=PL\" target=\"_blank\" rel=\"noreferrer noopener sponsored nofollow\">consulte el programa<\/a><\/li>\n<\/ul>\n\n<p><a href=\"https:\/\/provencelovers.fr\/es\/visitar-jardin-exotico-eze\/\" target=\"_blank\" rel=\"noreferrer noopener\">M\u00e1s fotos en nuestro art\u00edculo<\/a>.<\/p>\n\n<div style=\"margin-top:8%;margin-bottom:8%\" class=\"wp-block-genesis-blocks-gb-container box gb-block-container\"><div class=\"gb-container-inside\"><div class=\"gb-container-content\">\n<div class=\"wp-block-columns inverse box_planif is-layout-flex wp-container-core-columns-is-layout-9d6595d7 wp-block-columns-is-layout-flex\">\n<div class=\"wp-block-column texte_planif is-layout-flow wp-block-column-is-layout-flow\" style=\"flex-basis:58%\">\n<h5 class=\"titre_box\">NUESTROS CONSEJOS PARA ALQUILER SU COCHE EN <span class=\"titre_box_manuscrit\">\nProvenza<\/span><\/h5>\n\n\n\n<ul class=\"liste_voiture wp-block-list\" style=\"font-size:14px\">\n<li>Compare precios en nuestra plataforma preferida: <a href=\"https:\/\/www.discovercars.com\/es\/france?a_aid=zigzag&amp;chan=PL\" target=\"_blank\" rel=\"noreferrer noopener sponsored nofollow\">DiscoverCars<\/a>, uno de los sitios mejor valorados.<\/li>\n\n\n\n<li>Elija un <strong>coche lo suficientemente potente <\/strong>(las carreteras son empinadas) pero <strong>compacto<\/strong> (algunos pasos son estrechos).<\/li>\n\n\n\n<li>Considere la posibilidad de<strong>contratar un seguro a todo riesgo<\/strong> (algunas carreteras son sinuosas y estrechas).<\/li>\n\n\n\n<li>Hay mucha demanda, as\u00ed que <strong>reserve con antelaci\u00f3n<\/strong>.<\/li>\n<\/ul>\n<\/div>\n\n\n\n<div class=\"wp-block-column planif-radius-3 is-layout-flow wp-block-column-is-layout-flow\" style=\"flex-basis:42%\">\n<figure class=\"wp-block-image size-full is-resized\"><img loading=\"lazy\" decoding=\"async\" width=\"421\" height=\"533\" src=\"https:\/\/provencelovers.fr\/wp-content\/uploads\/2023\/05\/Vieux-Nice-ruelle-L.png\" alt=\"\" class=\"wp-image-1302\" title=\"\" srcset=\"https:\/\/provencelovers.fr\/wp-content\/uploads\/2023\/05\/Vieux-Nice-ruelle-L.png 421w, https:\/\/provencelovers.fr\/wp-content\/uploads\/2023\/05\/Vieux-Nice-ruelle-L-237x300.png 237w\" sizes=\"auto, (max-width: 421px) 100vw, 421px\" \/><\/figure>\n<\/div>\n<\/div>\n\n\n\n<div class=\"wp-block-columns planif_bouton is-layout-flex wp-container-core-columns-is-layout-9d6595d7 wp-block-columns-is-layout-flex\">\n<div class=\"wp-block-column is-layout-flow wp-block-column-is-layout-flow\" style=\"flex-basis:50%\">\n<div class=\"wp-block-buttons is-content-justification-center is-layout-flex wp-container-core-buttons-is-layout-16018d1d wp-block-buttons-is-layout-flex\">\n<div class=\"wp-block-button has-custom-font-size\" style=\"font-size:14px\"><a class=\"wp-block-button__link has-white-color has-text-color wp-element-button\" href=\"https:\/\/www.discovercars.com\/es\/france?a_aid=zigzag&amp;amp;chan=PL\" style=\"border-radius:4px\" target=\"_blank\" rel=\"noreferrer noopener\">Ver los coches<img loading=\"lazy\" decoding=\"async\" width=\"16\" height=\"17\" class=\"wp-image-2851\" style=\"width: 16px;\" src=\"https:\/\/provencelovers.fr\/wp-content\/uploads\/2023\/08\/ArrowRight.webp\" alt=\"\"\/><\/a><\/div>\n<\/div>\n<\/div>\n\n\n\n<div class=\"wp-block-column is-vertically-aligned-center is-layout-flow wp-block-column-is-layout-flow\" style=\"flex-basis:50%\">\n<p class=\"has-text-align-center\" style=\"font-size:14px\"><strong><a href=\"https:\/\/provencelovers.fr\/es\/como-alquilar-coche-provenza\/\">Vea nuestros consejos<\/a><\/strong><\/p>\n<\/div>\n<\/div>\n<\/div><\/div><\/div>\n\n<h2 class=\"wp-block-heading\">3. Jard\u00edn Bot\u00e1nico de Menton: Val Rahmeh<\/h2>\n\n<figure class=\"wp-block-image size-large\"><img decoding=\"async\" src=\"https:\/\/photos.smugmug.com\/Provence-Lovers\/Best-of\/n-PbwqvZ\/Jardins\/i-5jmHXZ6\/0\/3576be80\/L\/Menton_jardin_botanique_val_rahmeh-L.jpg\" alt=\"Humedal de Val Rahmeh\"\/><\/figure>\n\n<h3 class=\"wp-block-heading\">\u00bfPor qu\u00e9 visitarlo?<\/h3>\n\n<p>El jard\u00edn bot\u00e1nico de Menton Val Rahmeh es un oasis de exuberante frescor en el coraz\u00f3n del calor mediterr\u00e1neo de la Costa Azul. Este extraordinario jard\u00edn es una aut\u00e9ntica explosi\u00f3n de color y biodiversidad, donde cada rinc\u00f3n revela una fascinante riqueza de vida vegetal. Nos impresion\u00f3 especialmente la secci\u00f3n acu\u00e1tica, donde las ex\u00f3ticas plantas acu\u00e1ticas crean un entorno encantador. Es un lugar donde la naturaleza reina suprema, y donde la pasi\u00f3n por las plantas y la conservaci\u00f3n de la biodiversidad son palpables en cada etapa de su vuelta al mundo bot\u00e1nico.<\/p>\n\n<figure class=\"wp-block-image size-large\"><img decoding=\"async\" src=\"https:\/\/photos.smugmug.com\/Provence-Lovers\/Best-of\/n-PbwqvZ\/Jardins\/i-xzksjkc\/0\/4bef1b3c\/L\/Menton_jardin_botanique_val_rahmeh-1-L.jpg\" alt=\"Jardin exotique de Menton - Bamb&#xFA;\"\/><\/figure>\n\n<h3 class=\"wp-block-heading\">C\u00f3mo llegar y consejos<\/h3>\n\n<ul class=\"wp-block-list\">\n<li>En la ciudad de Menton<\/li>\n\n\n\n<li>Centro de Menton en Val Rahmeh = 20 min a pie, 5 min en coche<\/li>\n\n\n\n<li>De Niza a Val Rahmeh = 45 min en coche<\/li>\n\n\n\n<li>Abierto todo el a\u00f1o<\/li>\n\n\n\n<li>Precio 7 euros &#8211; detalles y horarios en la <a href=\"https:\/\/www.jardinbotaniquevalrahmehmenton.fr\/\" target=\"_blank\" rel=\"noreferrer noopener\">web<\/a> oficial<\/li>\n\n\n\n<li>Hay plazas de aparcamiento cerca de la entrada al jard\u00edn.<\/li>\n\n\n\n<li>Si viene a pie, es un poco cuesta arriba, pero el viaje de vuelta es cuesta abajo.<\/li>\n<\/ul>\n\n<h2 class=\"wp-block-heading\">4. Domaine de Rayol<\/h2>\n\n<figure class=\"wp-block-image size-large\"><img decoding=\"async\" src=\"https:\/\/photos.smugmug.com\/Provence-Lovers\/Best-of\/n-PbwqvZ\/Jardins\/i-RcZ7P4K\/0\/cc3f3387\/L\/Jardin_domaine_rayol-L.jpg\" alt=\"Vista al jard&#xED;n Domaine de Rayol\"\/><\/figure>\n\n<h3 class=\"wp-block-heading\">\u00bfPor qu\u00e9 visitarlo?<\/h3>\n\n<p>El Domaine du Rayol, dise\u00f1ado por el famoso arquitecto paisajista Gilles Cl\u00e9ment, es un destino \u00fanico que combina armoniosamente naturaleza y cultura. El jard\u00edn se basa en tres grandes conceptos: el jard\u00edn en movimiento, el tercer paisaje y el jard\u00edn planetario. Estos conceptos permiten a los visitantes descubrir una diversidad de plantas de diferentes partes del mundo, en un entorno en el que se deja correr libremente a la naturaleza. No est\u00e1 cuidado. Los exuberantes jardines del Domaine du Rayol son un aut\u00e9ntico parque de aventuras para los amantes de la naturaleza, con multitud de senderos para explorar. Cada sendero guarda sus propias sorpresas, a veces con vistas panor\u00e1micas al mar.<\/p>\n\n<figure class=\"wp-block-image size-large\"><img decoding=\"async\" src=\"https:\/\/photos.smugmug.com\/Provence-Lovers\/Best-of\/n-PbwqvZ\/Jardins\/i-RD55JvW\/0\/42a67b8b\/L\/Jardin_domaine_rayol-1-L.jpg\" alt=\"Jard&#xED;n Domaine de Rayol\"\/><\/figure>\n\n<h3 class=\"wp-block-heading\">C\u00f3mo llegar y consejos<\/h3>\n\n<ul class=\"wp-block-list\">\n<li>En la ciudad de Rayol, entre Saint-Tropez y Toulon<\/li>\n\n\n\n<li>De Saint-Tropez a Domaine de Rayol = 45 min en coche<\/li>\n\n\n\n<li>De Toulon a Domaine de Rayol = 1 hora en coche<\/li>\n\n\n\n<li>Abierto todo el a\u00f1o<\/li>\n\n\n\n<li>Precio 14 euros &#8211; detalles y horarios en la <a href=\"https:\/\/www.domainedurayol.org\/\" target=\"_blank\" rel=\"noreferrer noopener\">web<\/a> oficial<\/li>\n\n\n\n<li>Varios aparcamientos m\u00e1s o menos cerca de la entrada<\/li>\n\n\n\n<li>El parque es muy empinado, as\u00ed que lleve buen calzado para explorarlo en su totalidad, de lo contrario tendr\u00e1 que permanecer en la carretera principal.<\/li>\n<\/ul>\n\n<div style=\"background-color:#f7efff;margin-top:8%;margin-bottom:8%\" class=\"wp-block-genesis-blocks-gb-container box gb-block-container\"><div class=\"gb-container-inside\"><div class=\"gb-container-content\" style=\"max-width:700px\">\n<div class=\"wp-block-genesis-blocks-gb-container box_titre gb-block-container\"><div class=\"gb-container-inside\"><div class=\"gb-container-content\">\n<h5 class=\"titre_box\" style=\"padding-top:10px;\">D\u00d3NDE ALOJARSE EN LA <span class=\"titre_box_manuscrit\">Costa Azul<\/span><\/h5>\n<\/div><\/div><\/div>\n\n\n\n<div class=\"wp-block-columns box_sans_border has-background is-layout-flex wp-container-core-columns-is-layout-9d6595d7 wp-block-columns-is-layout-flex\" style=\"background-color:#f7efff\">\n<div class=\"wp-block-column texte_planif is-layout-flow wp-block-column-is-layout-flow\" style=\"font-size:14px;flex-basis:60%\">\n<p style=\"font-size:16px\">Nuestras selecciones independientes para ayudarte a encontrar <strong>el alojamiento de tus<\/strong> sue\u00f1os:<\/p>\n\n\n\n<ul class=\"wp-block-list\">\n<li style=\"font-size:16px\"><a href=\"https:\/\/provencelovers.fr\/es\/donde-alojarse-costa-azul-mejores-destinos\/\" target=\"_blank\" rel=\"noreferrer noopener\">D\u00f3nde alojarse en la Costa Azul<\/a><\/li>\n\n\n\n<li style=\"font-size:16px\"><a href=\"https:\/\/provencelovers.fr\/es\/mejores-hoteles-5-estrellas-costa-azul-lujo-opiniones\/\" target=\"_blank\" rel=\"noreferrer noopener\">Los mejores hoteles de lujo<\/a><\/li>\n\n\n\n<li style=\"font-size:16px\"><a href=\"https:\/\/provencelovers.fr\/es\/mejores-hoteles-frente-mar-costa-azul-playa\/\" target=\"_blank\" rel=\"noreferrer noopener\">Hoteles junto al mar<\/a><\/li>\n\n\n\n<li style=\"font-size:16px\"><a href=\"https:\/\/provencelovers.fr\/es\/mejores-hoteles-boutique-costa-azul-encanto\/\" target=\"_blank\" rel=\"noreferrer noopener\">Los mejores hoteles boutique<\/a><\/li>\n<\/ul>\n<\/div>\n\n\n\n<div class=\"wp-block-column is-vertically-aligned-top planif-radius is-layout-flow wp-block-column-is-layout-flow\" style=\"flex-basis:40%\">\n<figure class=\"wp-block-image size-large img-portrait\"><img decoding=\"async\" src=\"https:\/\/photos.smugmug.com\/Provence-Lovers\/Saint-Raphael\/Hotels\/n-DwsJpk\/Villa-Mauresque\/i-LsshRQG\/1\/4d4224b4\/L\/Hotel-villa-Mauresque-saint-raphael-piscine-L.jpg\" alt=\"Hotel de lujo en Saint-Rapha&#xEB;l\" title=\"\"\/><\/figure>\n<\/div>\n<\/div>\n\n\n\n<div class=\"wp-block-columns box_sans_border has-background is-layout-flex wp-container-core-columns-is-layout-9d6595d7 wp-block-columns-is-layout-flex\" style=\"background-color:#f7efff\">\n<div class=\"wp-block-column texte_planif is-layout-flow wp-block-column-is-layout-flow\" style=\"font-size:14px;flex-basis:60%\">\n<p style=\"font-size:16px\">O, si ya ha elegido su destino, los <strong>mejores hoteles<\/strong> de:<\/p>\n\n\n\n<ul class=\"wp-block-list\">\n<li style=\"font-size:16px\"><a href=\"https:\/\/provencelovers.fr\/es\/donde-alojarse-niza-mejor-hotel\/\" target=\"_blank\" rel=\"noreferrer noopener\">Niza<\/a><\/li>\n\n\n\n<li style=\"font-size:16px\"><a href=\"https:\/\/provencelovers.fr\/es\/mejores-hotels-cannes-donde-alojarse\/\" target=\"_blank\" rel=\"noreferrer noopener\">Cannes<\/a><\/li>\n\n\n\n<li style=\"font-size:16px\"><a href=\"https:\/\/provencelovers.fr\/es\/donde-dormir-saint-tropez-los-mejores-hoteles\/\" target=\"_blank\" rel=\"noreferrer noopener\">Saint-Tropez<\/a><\/li>\n\n\n\n<li style=\"font-size:16px\"><a href=\"https:\/\/provencelovers.fr\/es\/mejores-hoteles-antibes-donde-alojarse\/\" target=\"_blank\" rel=\"noreferrer noopener\">Antibes<\/a><\/li>\n\n\n\n<li style=\"font-size:16px\"><a href=\"https:\/\/provencelovers.fr\/es\/donde-alojarse-cassis-mejores-hotels-distritos\/\" target=\"_blank\" rel=\"noreferrer noopener\">Cassis<\/a><\/li>\n\n\n\n<li style=\"font-size:16px\"><a href=\"https:\/\/provencelovers.fr\/es\/donde-alojarse-menton-mejores-hotels-distritos\/\" target=\"_blank\" rel=\"noreferrer noopener\">Menton<\/a><\/li>\n\n\n\n<li style=\"font-size:16px\"><a href=\"https:\/\/provencelovers.fr\/es\/mejores-hoteles-monaco-donde-alojarse\/\" target=\"_blank\" rel=\"noreferrer noopener\">M\u00f3naco<\/a><\/li>\n<\/ul>\n<\/div>\n\n\n\n<div class=\"wp-block-column is-vertically-aligned-top planif-radius is-layout-flow wp-block-column-is-layout-flow\" style=\"flex-basis:40%\">\n<figure class=\"wp-block-image size-large img-portrait\"><img decoding=\"async\" src=\"https:\/\/photos.smugmug.com\/Provence-Lovers\/Saint-Tropez\/Hotels\/n-BJBJzx\/H%C3%B4tel-le-Pr%C3%A9-de-la-Mer\/i-fWFWc4P\/0\/710f0c9d\/L\/hotel%20pre%20mer%20saint%20tropez-3-L.jpg\" alt=\"Hotel Pr&#xE9; de la mer en Saint-Tropez\" title=\"\"\/><\/figure>\n<\/div>\n<\/div>\n<\/div><\/div><\/div>\n\n<h2 class=\"wp-block-heading\">5. Jard\u00edn de la Villa Thuret<\/h2>\n\n<figure class=\"wp-block-image size-large\"><img decoding=\"async\" src=\"https:\/\/photos.smugmug.com\/Provence-Lovers\/Best-of\/n-PbwqvZ\/Jardins\/i-DH4N8tk\/0\/d7f87a1b\/L\/Jardin_Villa_Thuret-L.jpg\" alt=\"Jard&#xED;n de la Villa Thuret\"\/><\/figure>\n\n<h3 class=\"wp-block-heading\">\u00bfPor qu\u00e9 visitarlo?<\/h3>\n\n<p>A diferencia de los dem\u00e1s jardines, Villa Thruret es un centro de investigaci\u00f3n cient\u00edfica. El equipo lleva trabajando aqu\u00ed en la aclimataci\u00f3n desde 1857.<br\/>Se trata de un magn\u00edfico jard\u00edn algo menos orientado a los turistas, pero que le permitir\u00e1 descubrir algunos \u00e1rboles soberbios. En su obra de 1868 <em>Lettres d&#8217;un voyageur <\/em>, Georges Sand escribi\u00f3: \u00ab&#8230;el jard\u00edn m\u00e1s hermoso que jam\u00e1s hab\u00eda visto&#8230;\u00bb.<br\/>Es muy tranquilo y algo menos visitado que los dem\u00e1s, por lo que podr\u00e1 perderse en la contemplaci\u00f3n y escuchar los sonidos de la naturaleza.<\/p>\n\n<figure class=\"wp-block-image size-large\"><img decoding=\"async\" src=\"https:\/\/photos.smugmug.com\/Provence-Lovers\/Best-of\/n-PbwqvZ\/Jardins\/i-DBJDGRW\/0\/9491c03b\/L\/Jardin_Villa_Thuret-1-L.jpg\" alt=\"Jard&#xED;n de Villa Thuret - 2\"\/><\/figure>\n\n<h3 class=\"wp-block-heading\">C\u00f3mo llegar y consejos<\/h3>\n\n<ul class=\"wp-block-list\">\n<li>En Cap d&#8217;Antibes<\/li>\n\n\n\n<li>De Antibes a Villa Thuret = 10 min en coche<\/li>\n\n\n\n<li>De Cannes a Villa Thuret = 30 min en coche<\/li>\n\n\n\n<li>De Niza a Villa Thuret = 50 min en coche<\/li>\n\n\n\n<li>Abierto todo el a\u00f1o, excepto s\u00e1bados, domingos y festivos<\/li>\n\n\n\n<li>Entrada gratuita &#8211; detalles y horarios en la <a href=\"https:\/\/jardin-thuret.hub.inrae.fr\/\" target=\"_blank\" rel=\"noreferrer noopener\">p\u00e1gina web<\/a> oficial<\/li>\n\n\n\n<li>Plazas de aparcamiento en la calle<\/li>\n\n\n\n<li>Parque f\u00e1cil de explorar con una ligera pendiente<\/li>\n<\/ul>\n\n<h2 class=\"wp-block-heading\">6. Jard\u00edn del Museo Renoir de Cagnes<\/h2>\n\n<figure class=\"wp-block-image size-large\"><img decoding=\"async\" src=\"https:\/\/photos.smugmug.com\/Provence-Lovers\/Best-of\/n-PbwqvZ\/Jardins\/i-Vd7Fhcg\/0\/c4c2269a\/L\/Musee_Maison_renoir-L.jpg\" alt=\"Vista desde la Maison de Renoir\"\/><\/figure>\n\n<h3 class=\"wp-block-heading\">\u00bfPor qu\u00e9 visitarlo?<\/h3>\n\n<p>Este jard\u00edn figura a menudo en las listas de los museos, pero rara vez en las de los jardines m\u00e1s bellos. Pero es la que m\u00e1s nos ha conmovido.<br\/>Cuando se pasea entre estos enormes olivos, con sus viejas y retorcidas ra\u00edces y troncos, y los maravillosos aromas de la Provenza, es f\u00e1cil entender por qu\u00e9 Renoir estaba tan inspirado. Nosotros mismos sentimos la inspiraci\u00f3n.<br\/>No es un jard\u00edn lleno de petr\u00f3leo ni de plantas ex\u00f3ticas, pero es un ejemplo perfecto de lo que ha inspirado a tantos artistas de la regi\u00f3n.<br\/>Y como extra, tendr\u00e1 vistas al pueblo de Haut-de-Cagnes.<\/p>\n\n<figure class=\"wp-block-image size-large\"><img decoding=\"async\" src=\"https:\/\/photos.smugmug.com\/Provence-Lovers\/Best-of\/n-PbwqvZ\/Jardins\/i-3w4RTbq\/0\/446d8bbe\/L\/Musee_Maison_renoir_jardins_olivier-L.jpg\" alt=\"Olivos en el jard&#xED;n de la Maison de Renoir\"\/><\/figure>\n\n<h3 class=\"wp-block-heading\">C\u00f3mo llegar y consejos<\/h3>\n\n<ul class=\"wp-block-list\">\n<li>En la ciudad de Cagnes, entre Niza y Antibes<\/li>\n\n\n\n<li>De Niza al Museo Renoir = 30 min en coche<\/li>\n\n\n\n<li>De Antibes al Museo Renoir = 30 min en coche<\/li>\n\n\n\n<li>De Cannes al Museo Renoir = 40 min en coche<\/li>\n\n\n\n<li>Abierto todo el a\u00f1o, excepto los martes<\/li>\n\n\n\n<li>6 euros &#8211; detalles y horarios en la <a href=\"https:\/\/tourisme.cagnes.fr\/musee-renoir\/\" target=\"_blank\" rel=\"noreferrer noopener\">p\u00e1gina web<\/a> oficial<\/li>\n\n\n\n<li>Aparcamiento in situ<\/li>\n\n\n\n<li>Parque f\u00e1cil de explorar con una ligera pendiente<\/li>\n<\/ul>\n\n<h2 class=\"wp-block-heading\">7. La isla jard\u00edn de Saint-Honorat<\/h2>\n\n<figure class=\"wp-block-image size-large\"><img decoding=\"async\" src=\"https:\/\/photos.smugmug.com\/Provence-Lovers\/Best-of\/n-PbwqvZ\/Jardins\/i-3cpL7gB\/0\/c003516a\/L\/ile_saint_honorat-L.jpg\" alt=\"La isla jard&#xED;n de Saint-Honorat\"\/><\/figure>\n\n<h3 class=\"wp-block-heading\">\u00bfPor qu\u00e9 visitarlo?<\/h3>\n\n<p>La isla de Saint-Honorat, un tesoro escondido en la Costa Azul, es un destino ideal para los amantes de la naturaleza y la tranquilidad. En esta isla-jard\u00edn, los monjes han perpetuado durante siglos el arte de cuidar magn\u00edficos \u00e1rboles, vides y plantas, creando un aut\u00e9ntico remanso de paz. Lejos del bullicio de la Costa Azul, la isla de Saint-Honorat ofrece una escapada tranquila donde el tiempo parece ralentizarse. Adem\u00e1s de sus tranquilas playas y recoletas calas, los magn\u00edficos jardines que rodean el monasterio a\u00f1aden encanto e invitan a la contemplaci\u00f3n y la meditaci\u00f3n.<\/p>\n\n<figure class=\"wp-block-image size-large\"><img decoding=\"async\" src=\"https:\/\/photos.smugmug.com\/Provence-Lovers\/Best-of\/n-PbwqvZ\/Jardins\/i-6RmSvcj\/0\/402dee06\/L\/ile_saint_honorat-1-L.jpg\" alt=\"La isla jard&#xED;n de Saint-Honorat - arcos\"\/><\/figure>\n\n<h3 class=\"wp-block-heading\">C\u00f3mo llegar y consejos<\/h3>\n\n<ul class=\"wp-block-list\">\n<li>Salida en barco desde Cannes<\/li>\n\n\n\n<li>Traves\u00eda de 15 minutos (transbordador operado por el monasterio)<\/li>\n\n\n\n<li>De Niza al Museo Renoir = 30 min en coche<\/li>\n\n\n\n<li>De Antibes al Museo Renoir = 30 min en coche<\/li>\n\n\n\n<li>De Cannes al Museo Renoir = 40 min en coche<\/li>\n\n\n\n<li>Abierto todo el a\u00f1o<\/li>\n\n\n\n<li>6 euros &#8211; detalles y horarios en la <a href=\"https:\/\/www.cannes-ilesdelerins.com\/\" target=\"_blank\" rel=\"noreferrer noopener\">p\u00e1gina web<\/a> oficial<\/li>\n\n\n\n<li>Es f\u00e1cil pasear por la isla<\/li>\n<\/ul>\n\n<h2 class=\"wp-block-heading\">8. La variedad de jardines de M\u00f3naco<\/h2>\n\n<figure class=\"wp-block-image size-large\"><img decoding=\"async\" src=\"https:\/\/photos.smugmug.com\/Provence-Lovers\/Best-of\/n-PbwqvZ\/Jardins\/i-DcX96TT\/0\/2b9a714b\/L\/Monaco_Jardin_japonais-L.jpg\" alt=\"Jard&#xED;n Japon&#xE9;s de M&#xF3;naco\"\/><figcaption class=\"wp-element-caption\">Jard\u00edn Japon\u00e9s de M\u00f3naco<\/figcaption><\/figure>\n\n<h3 class=\"wp-block-heading\">\u00bfPor qu\u00e9 visitarlo?<\/h3>\n\n<p>M\u00f3naco tambi\u00e9n es rica en jardines, pero lo que distingue a la ciudad es la variedad de tipos de jardines que se pueden ver. No es algo habitual. Puede aprovecharlo:<\/p>\n\n<ul class=\"wp-block-list\">\n<li>Desde el ex\u00f3tico jard\u00edn en las alturas del pueblo con magn\u00edficas suculentas y vistas al mar y a la monta\u00f1a (como en el pueblo de \u00c8ze)<\/li>\n\n\n\n<li>La rosaleda, un jard\u00edn de estilo ingl\u00e9s con m\u00e1s de 315 especies de rosas (una de nuestras favoritas)<\/li>\n\n\n\n<li>El jard\u00edn japon\u00e9s, bastante peque\u00f1o pero magn\u00edfico y tan diferente. Es como transportarse a otro pa\u00eds.<\/li>\n\n\n\n<li>Los jardines del Casino de Monte-Carlo en un estilo m\u00e1s paisajista<\/li>\n\n\n\n<li>El jard\u00edn Saint-Martin con plantas mediterr\u00e1neas<\/li>\n<\/ul>\n\n<figure class=\"wp-block-image size-large\"><img decoding=\"async\" src=\"https:\/\/photos.smugmug.com\/Provence-Lovers\/Best-of\/n-PbwqvZ\/Jardins\/i-pf4SZKW\/0\/24c64d23\/L\/Monaco_roseraie-L.jpg\" alt=\"Rosaleda Princesa Grace\"\/><figcaption class=\"wp-element-caption\">Rosaleda Princesa Grace<\/figcaption><\/figure>\n\n<h3 class=\"wp-block-heading\">C\u00f3mo llegar y consejos<\/h3>\n\n<ul class=\"wp-block-list\">\n<li>Por todo M\u00f3naco<\/li>\n\n\n\n<li>De Niza a M\u00f3naco = 50 min en coche<\/li>\n\n\n\n<li>De Cannes a M\u00f3naco = 1h30<\/li>\n\n\n\n<li>Abierto todo el a\u00f1o<\/li>\n\n\n\n<li>Entrada gratuita para la mayor\u00eda de ellos<\/li>\n\n\n\n<li>M\u00f3naco tiene algunos acantilados y pendientes bastante pronunciadas. El jard\u00edn ex\u00f3tico, por ejemplo, tiene caminos en pendiente.<\/li>\n<\/ul>\n\n<h2 class=\"wp-block-heading\">9. Jard\u00edn de Serre de la Madone en Menton<\/h2>\n\n<figure class=\"wp-block-image size-large\"><img decoding=\"async\" src=\"https:\/\/photos.smugmug.com\/Provence-Lovers\/Best-of\/n-PbwqvZ\/Jardins\/i-84vDfwW\/0\/903317c4\/L\/Menton_serres_madone-L.jpg\" alt=\"Jardin de la Serre de la Madone - estanque\"\/><\/figure>\n\n<h3 class=\"wp-block-heading\">\u00bfPor qu\u00e9 visitarlo?<\/h3>\n\n<p>El jard\u00edn de Serre de la Madonne es una invitaci\u00f3n a realizar un viaje bot\u00e1nico a trav\u00e9s del tiempo y de los continentes. Creado con pasi\u00f3n por el comandante Lawrence Johnston entre 1924 y 1939, este jard\u00edn muestra especies raras de todo el mundo, meticulosamente dispuestas en terrazas. En lo alto del parque se alza una antigua granja provenzal, que a\u00f1ade un toque de autenticidad a este oasis de verdor.  <br\/>Lejos del ajetreo y el bullicio del centro de Menton, este jard\u00edn ofrece un apacible refugio donde perderse en los embriagadores aromas de las plantas mediterr\u00e1neas y explorar los tesoros bot\u00e1nicos de Johnston.  <\/p>\n\n<figure class=\"wp-block-image size-large\"><img decoding=\"async\" src=\"https:\/\/photos.smugmug.com\/Provence-Lovers\/Best-of\/n-PbwqvZ\/Jardins\/i-GPsM5Br\/0\/9437a539\/L\/Menton_serres_madone-1-L.jpg\" alt=\"Jardin de la Serre de la Madone - camino\"\/><\/figure>\n\n<h3 class=\"wp-block-heading\">C\u00f3mo llegar y consejos<\/h3>\n\n<ul class=\"wp-block-list\">\n<li>En la ciudad de Menton<\/li>\n\n\n\n<li>Centro de Menton a Serre de la Madone = 40 min a pie, 10 min en coche<\/li>\n\n\n\n<li>De Niza a Serre de la Madone = 45 min en coche<\/li>\n\n\n\n<li>Abierto todo el a\u00f1o, excepto noviembre y diciembre<\/li>\n\n\n\n<li>Cerrado los lunes<\/li>\n\n\n\n<li>Precio 10 euros &#8211; detalles y horarios en la <a href=\"https:\/\/www.menton-riviera-merveilles.fr\/offres\/jardin-serre-de-la-madone-menton-fr-3051520\/\" target=\"_blank\" rel=\"noreferrer noopener\">web<\/a> oficial<\/li>\n\n\n\n<li>Hay un aparcamiento<\/li>\n\n\n\n<li>Tenga cuidado, el jard\u00edn tiene una pendiente bastante pronunciada<\/li>\n<\/ul>\n\n<h2 class=\"wp-block-heading\">10. Jard\u00edn del castillo de la Napoule<\/h2>\n\n<figure class=\"wp-block-image size-large\"><img decoding=\"async\" src=\"https:\/\/photos.smugmug.com\/Provence-Lovers\/Best-of\/n-PbwqvZ\/Jardins\/i-ZdrcRq2\/0\/b01f89cb\/L\/Chateau_Napoule-L.jpg\" alt=\"Castillo de la Napoule y su playa\"\/><\/figure>\n\n<h3 class=\"wp-block-heading\">\u00bfPor qu\u00e9 visitarlo?<\/h3>\n\n<p>Los cuatro jardines del castillo de la Napoule forman un conjunto armonioso que merece la pena explorar. Estos jardines ofrecen una cautivadora mezcla de zonas meticulosamente ajardinadas y sectores m\u00e1s salvajes, creando una variada experiencia bot\u00e1nica.<br\/>Con sus impresionantes vistas sobre el mar Mediterr\u00e1neo, estos jardines invitan a la contemplaci\u00f3n y al relax. El sorprendente contraste entre los exuberantes jardines verdes y el castillo de piedra roja a\u00f1ade una dimensi\u00f3n visual y arquitect\u00f3nica \u00fanica a la visita.<\/p>\n\n<figure class=\"wp-block-image size-large\"><img decoding=\"async\" src=\"https:\/\/photos.smugmug.com\/Provence-Lovers\/Best-of\/n-PbwqvZ\/Jardins\/i-GTTPvbD\/0\/3b6629ac\/L\/Chateau_Napoule-1-L.jpg\" alt=\"vista del castillo de la Napoule\"\/><\/figure>\n\n<h3 class=\"wp-block-heading\">C\u00f3mo llegar y consejos<\/h3>\n\n<ul class=\"wp-block-list\">\n<li>Al oeste de Cannes<\/li>\n\n\n\n<li>Cannes a Ch\u00e2teau de la Napoule = 20 min en coche<\/li>\n\n\n\n<li>De Niza a Ch\u00e2teau de la Napoule = 45 min<\/li>\n\n\n\n<li>Abierto de abril a septiembre, todos los d\u00edas<\/li>\n\n\n\n<li>Precio 7 euros (o 4 euros s\u00f3lo para los jardines) &#8211; detalles y horarios en la <a href=\"https:\/\/www.lnaf.org\/fr\/a-propos-de-nous\/le-musee-et-les-jardins\/\" target=\"_blank\" rel=\"noreferrer noopener\">p\u00e1gina web<\/a> oficial<\/li>\n\n\n\n<li>Varios aparcamientos cercanos<\/li>\n\n\n\n<li>El jard\u00edn es f\u00e1cil de explorar<\/li>\n<\/ul>\n\n<h2 class=\"wp-block-heading\">Etiqueta \u00abJard\u00edn notable<\/h2>\n\n<p>Francia ha creado la etiqueta \u00abJardines notables\u00bb para identificar los jardines de inter\u00e9s cultural, est\u00e9tico, hist\u00f3rico o bot\u00e1nico.<br\/>En la Costa Azul los jardines con esta etiqueta son:<\/p>\n\n<ul class=\"wp-block-list\">\n<li>Jard\u00edn bot\u00e1nico en Villa Thuret<\/li>\n\n\n\n<li>\u00c8ze jard\u00edn ex\u00f3tico<\/li>\n\n\n\n<li>Jard\u00edn de la Villa Fort France en Grasse<\/li>\n\n\n\n<li>Jardin de l&#8217;Argeli\u00e8re en La Gaude  <\/li>\n\n\n\n<li>Citronneraie du mas, Flofaro, Val Rahmeh y Serre de la Madonne en Menton<\/li>\n\n\n\n<li>Jardines del Museo Internacional de la Perfumer\u00eda de Mouans-Sartoux<\/li>\n\n\n\n<li>Jard\u00edn Bot\u00e1nico y Parque Phoenix en Niza<\/li>\n\n\n\n<li>Jardin Ephrussi de Rothschild en Saint-Jean-Cap-Ferrat<\/li>\n\n\n\n<li>Parque Gonz\u00e1lez en Bormes-les-mimosas<\/li>\n\n\n\n<li>Jard\u00edn de la comander\u00eda de Peyrassol en Flassans-sur-Issole<\/li>\n\n\n\n<li>Jard\u00edn de Germaine l&#8217;Hardy-Denonain en Gassin<\/li>\n\n\n\n<li>Varios jardines en Hy\u00e8res<\/li>\n\n\n\n<li>Jard\u00edn zool\u00f3gico tropical en La Londe-les-Maures<\/li>\n\n\n\n<li>Domaine du Rayol<\/li>\n\n\n\n<li>Jardines de la Maison du Cygne en Six-Fours-les-plages<\/li>\n\n\n\n<li>Jardin Alexandre 1er y Jardin du Las en Toulon<\/li>\n\n\n\n<li>Jardin de Baudouvin y Domaine d&#8217;Orv\u00e8s en La Valette-du-Var<\/li>\n<\/ul>\n\n<div style=\"margin-top:8%;margin-bottom:8%\" class=\"wp-block-genesis-blocks-gb-container box gb-block-container\"><div class=\"gb-container-inside\"><div class=\"gb-container-content\" style=\"max-width:700px\">\n<div class=\"wp-block-genesis-blocks-gb-container box_titre gb-block-container\"><div class=\"gb-container-inside\"><div class=\"gb-container-content\">\n<h5 class=\"titre_box\" style=\"padding-top:10px;\">PLANIFIQUE SU VIAJE A LA <span class=\"titre_box_manuscrit\">Costa Azul<\/span><\/h5>\n<\/div><\/div><\/div>\n\n\n\n<hr class=\"wp-block-separator has-text-color has-alpha-channel-opacity has-background is-style-wide hr-box-planif\" style=\"background-color:#ccd3dd;color:#ccd3dd\"\/>\n\n\n\n<div class=\"wp-block-columns box_sans_border is-layout-flex wp-container-core-columns-is-layout-9d6595d7 wp-block-columns-is-layout-flex\">\n<div class=\"wp-block-column texte_planif is-layout-flow wp-block-column-is-layout-flow\" style=\"font-size:14px;flex-basis:60%\">\n<ul class=\"wp-block-list\">\n<li><strong>Inspiraci\u00f3n<\/strong><\/li>\n<\/ul>\n\n\n\n<p style=\"font-size:14px\"><a href=\"https:\/\/provencelovers.fr\/es\/mejores-paisajes-cote-azur-fotos\/\" target=\"_blank\" rel=\"noreferrer noopener\">Los paisajes m\u00e1s bellos en 30 fotos<\/a><br\/><a href=\"https:\/\/provencelovers.fr\/es\/que-ver-cote-azur-visitar\/\" target=\"_blank\" rel=\"noreferrer noopener\">Qu\u00e9 ver en la Costa Azul<\/a><br\/><a href=\"https:\/\/provencelovers.fr\/es\/mejores-pueblos-costa-azul\/\" target=\"_blank\" rel=\"noreferrer noopener\">Los pueblos m\u00e1s bonitos<\/a><br\/><a href=\"https:\/\/provencelovers.fr\/es\/mejores-playas-costa-azul\/\" target=\"_blank\" rel=\"noreferrer noopener\">Las mejores playas de la Costa Azul<\/a><br\/><a href=\"https:\/\/provencelovers.fr\/es\/mejores-jardines-costa-azul\/\" target=\"_blank\" rel=\"noreferrer noopener\">Los jardines m\u00e1s bellos<\/a><br\/>Las mejores excursiones en barco (pr\u00f3ximamente)<br\/><a href=\"https:\/\/provencelovers.fr\/es\/islas-costa-azul\/\" target=\"_blank\" rel=\"noreferrer noopener\">Las islas m\u00e1s bellas<\/a><br\/><a href=\"https:\/\/provencelovers.fr\/es\/lugares-secretos-costa-azul\/\" target=\"_blank\" rel=\"noreferrer noopener\">Lugares secretos<\/a><\/p>\n<\/div>\n\n\n\n<div class=\"wp-block-column is-vertically-aligned-top planif-radius is-layout-flow wp-block-column-is-layout-flow\" style=\"flex-basis:40%\">\n<figure class=\"wp-block-image size-large img-portrait\"><img decoding=\"async\" src=\"https:\/\/photos.smugmug.com\/Provence-Lovers\/Antibes\/n-mKVLR5\/Port-Ponteil\/i-38NGtcB\/0\/f2464217\/S\/plage_ponteil_vue-S.jpg\" alt=\"Antibes y las monta&#xF1;as\" title=\"\"\/><\/figure>\n<\/div>\n<\/div>\n\n\n\n<hr class=\"wp-block-separator has-text-color has-alpha-channel-opacity has-background is-style-wide hr-box-planif\" style=\"background-color:#ccd3dd;color:#ccd3dd\"\/>\n\n\n\n<div class=\"wp-block-columns box_sans_border is-layout-flex wp-container-core-columns-is-layout-9d6595d7 wp-block-columns-is-layout-flex\">\n<div class=\"wp-block-column texte_planif is-layout-flow wp-block-column-is-layout-flow\" style=\"font-size:14px;flex-basis:60%\">\n<ul class=\"wp-block-list\">\n<li><strong>Consejos pr\u00e1cticos<\/strong><\/li>\n<\/ul>\n\n\n\n<p style=\"font-size:14px\">Un exitoso viaje a la Costa Azul (pr\u00f3ximamente)<br\/><a href=\"https:\/\/provencelovers.fr\/es\/como-alquilar-coche-provenza\/\">Alquile un coche en Provenza<\/a> &#8211; en <a href=\"https:\/\/provencelovers.fr\/es\/como-alquilar-coche-niza-aeropuerto-estacion\/\">Niza<\/a> &#8211; en <a href=\"https:\/\/provencelovers.fr\/es\/como-alquilar-coche-cannes-estacion\/\">Cannes<\/a> &#8211; en <a href=\"https:\/\/provencelovers.fr\/es\/como-alquilar-coche-marsella-aeropuerto-estacion\/\">Marsella<\/a> &#8211; en <a href=\"https:\/\/provencelovers.fr\/es\/como-alquilar-coche-aix-provence-estacion\/\">Aix-en-Provence<\/a>.<\/p>\n\n\n\n<p style=\"font-size:14px\">Itinerarios: <a href=\"https:\/\/provencelovers.fr\/es\/visitar-costa-azul-5-dias-itinerario\/\" target=\"_blank\" rel=\"noreferrer noopener\">5 d\u00edas<\/a> &#8211; <a href=\"https:\/\/provencelovers.fr\/es\/visitar-costa-azul-una-semana-itinerario\/\" target=\"_blank\" rel=\"noreferrer noopener\">1 semana<\/a> &#8211; <a href=\"https:\/\/provencelovers.fr\/es\/10-dias-costa-azul-itinerario-road-trip\/\" target=\"_blank\" rel=\"noreferrer noopener\">10 d\u00edas<\/a><br\/>Ideas para el fin de semana: lo mejor &#8211; <a href=\"https:\/\/provencelovers.fr\/es\/fin-semana-romantico-costa-azul\/\" target=\"_blank\" rel=\"noreferrer noopener\">rom\u00e1ntico<\/a> &#8211; <a href=\"https:\/\/provencelovers.fr\/es\/fin-semana-lujo-costa-azul\/\" target=\"_blank\" rel=\"noreferrer noopener\">lujoso<\/a> &#8211; <a href=\"https:\/\/provencelovers.fr\/es\/fin-semana-insolito-costa-azul\/\" target=\"_blank\" rel=\"noreferrer noopener\">inusual<\/a><\/p>\n<\/div>\n\n\n\n<div class=\"wp-block-column is-vertically-aligned-top planif-radius is-layout-flow wp-block-column-is-layout-flow\" style=\"flex-basis:40%\">\n<figure class=\"wp-block-image size-large img-portrait\"><img decoding=\"async\" src=\"https:\/\/photos.smugmug.com\/Provence-Lovers\/Nice\/n-wSXLpq\/Gare\/i-b5C5b9P\/0\/d153a796\/S\/gare-tgv-nice-train-S.jpg\" alt=\"Estaci&#xF3;n de Niza\" title=\"\"\/><\/figure>\n<\/div>\n<\/div>\n\n\n\n<hr class=\"wp-block-separator has-text-color has-alpha-channel-opacity has-background is-style-wide hr-box-planif\" style=\"background-color:#ccd3dd;color:#ccd3dd\"\/>\n\n\n\n<div class=\"wp-block-columns box_sans_border is-layout-flex wp-container-core-columns-is-layout-9d6595d7 wp-block-columns-is-layout-flex\">\n<div class=\"wp-block-column texte_planif is-layout-flow wp-block-column-is-layout-flow\" style=\"flex-basis:60%\">\n<ul class=\"wp-block-list\">\n<li><strong>D\u00f3nde alojarse<\/strong><\/li>\n<\/ul>\n\n\n\n<p style=\"font-size:14px\"><a href=\"https:\/\/provencelovers.fr\/es\/donde-alojarse-costa-azul-mejores-destinos\/\" target=\"_blank\" rel=\"noreferrer noopener\">D\u00f3nde alojarse en la Costa Azul<\/a><br\/><a href=\"https:\/\/provencelovers.fr\/es\/mejores-hoteles-5-estrellas-costa-azul-lujo-opiniones\/\" target=\"_blank\" rel=\"noreferrer noopener\">Los mejores hoteles de lujo de la Costa Azul<\/a><br\/><a href=\"https:\/\/provencelovers.fr\/es\/mejores-hoteles-frente-mar-costa-azul-playa\/\" target=\"_blank\" rel=\"noreferrer noopener\">Hoteles junto al mar<\/a><br\/><a href=\"https:\/\/provencelovers.fr\/es\/mejores-hoteles-boutique-costa-azul-encanto\/\" target=\"_blank\" rel=\"noreferrer noopener\">Los mejores hoteles boutique<\/a><\/p>\n<\/div>\n\n\n\n<div class=\"wp-block-column is-vertically-aligned-top planif-radius is-layout-flow wp-block-column-is-layout-flow\" style=\"flex-basis:40%\">\n<figure class=\"wp-block-image size-large img-portrait\"><img decoding=\"async\" src=\"https:\/\/photos.smugmug.com\/Provence-Lovers\/Nice\/H&#xF4;tels\/n-vLRxMK\/H&#xF4;tel-Anantara-Plaza-Nice\/i-2LsgGht\/1\/4997b805\/S\/Hotel-Anantara-Plaza-Nice-vue-mer-terrasse-restaurant-S.jpg\" alt=\"\" title=\"\"\/><\/figure>\n<\/div>\n<\/div>\n\n\n\n<hr class=\"wp-block-separator has-text-color has-alpha-channel-opacity has-background is-style-wide hr-box-planif\" style=\"background-color:#ccd3dd;color:#ccd3dd\"\/>\n\n\n\n<div class=\"wp-block-columns box_sans_border is-layout-flex wp-container-core-columns-is-layout-9d6595d7 wp-block-columns-is-layout-flex\">\n<div class=\"wp-block-column texte_planif is-layout-flow wp-block-column-is-layout-flow\" style=\"flex-basis:60%\">\n<ul class=\"wp-block-list\">\n<li><strong>Lo imprescindible<\/strong><\/li>\n<\/ul>\n\n\n\n<p style=\"font-size:14px\"><a href=\"https:\/\/provencelovers.fr\/es\/que-ver-niza\/\" target=\"_blank\" rel=\"noreferrer noopener\">Qu\u00e9 ver en Niza<\/a><br\/><a href=\"https:\/\/provencelovers.fr\/es\/que-ver-cannes-visitar\/\" target=\"_blank\" rel=\"noreferrer noopener\">Qu\u00e9 ver en Cannes<\/a><br\/><a href=\"https:\/\/provencelovers.fr\/es\/que-ver-antibes-visitar\/\" target=\"_blank\" rel=\"noreferrer noopener\">Qu\u00e9 ver en Antibes<\/a><br\/><a href=\"https:\/\/provencelovers.fr\/es\/que-ver-monaco-visitar\/\">Qu\u00e9 ver en M\u00f3naco<\/a><br\/><a href=\"https:\/\/provencelovers.fr\/es\/que-ver-saint-tropez-visitar\/\" target=\"_blank\" rel=\"noreferrer noopener\">Qu\u00e9 ver en Saint-Tropez<\/a><br\/><a href=\"https:\/\/provencelovers.fr\/es\/que-ver-cassis-visitar\/\" target=\"_blank\" rel=\"noreferrer noopener\">Qu\u00e9 ver en Cassis<\/a><br\/><a href=\"https:\/\/provencelovers.fr\/es\/que-ver-la-ciotat-visitar\/\">Qu\u00e9 ver en La Ciotat<\/a><br\/><a href=\"https:\/\/provencelovers.fr\/es\/que-ver-pueblo-eze-visitar\/\">Pueblo de \u00c8ze<\/a><\/p>\n<\/div>\n\n\n\n<div class=\"wp-block-column is-vertically-aligned-top planif-radius is-layout-flow wp-block-column-is-layout-flow\" style=\"flex-basis:40%\">\n<figure class=\"wp-block-image size-large img-portrait\"><img decoding=\"async\" src=\"https:\/\/photos.smugmug.com\/Provence-Lovers\/Antibes\/n-mKVLR5\/Port-dAntibes\/i-nX9XG8L\/0\/feace0c9\/S\/nomade-port-antibes-S.jpg\" alt=\"murallas Antibes\" title=\"\"\/><\/figure>\n<\/div>\n<\/div>\n\n\n\n<div class=\"wp-block-buttons planif_bouton is-content-justification-center is-layout-flex wp-container-core-buttons-is-layout-16018d1d wp-block-buttons-is-layout-flex\">\n<div class=\"wp-block-button has-custom-font-size\" style=\"font-size:14px\"><a class=\"wp-block-button__link has-white-color has-text-color wp-element-button\" style=\"border-radius:4px\">Ver todos nuestros consejos (pr\u00f3ximamente)<img loading=\"lazy\" decoding=\"async\" width=\"16\" height=\"17\" class=\"wp-image-2851\" style=\"width: 16px;\" src=\"https:\/\/provencelovers.fr\/wp-content\/uploads\/2023\/08\/ArrowRight.webp\" alt=\"\"\/><\/a><\/div>\n<\/div>\n<\/div><\/div><\/div>\n","protected":false},"excerpt":{"rendered":"<p>La Costa Azul, famosa por sus playas ba\u00f1adas por el sol y sus aguas turquesas, alberga tambi\u00e9n joyas bot\u00e1nicas que deleitan los sentidos. En toda esta regi\u00f3n ba\u00f1ada por el sol florecen encantadores jardines que dan testimonio del amor de la Provenza por la naturaleza.En este art\u00edculo le invitamos a una escapada verde por los [&hellip;]<\/p>\n","protected":false},"author":1,"featured_media":4035,"comment_status":"closed","ping_status":"closed","sticky":false,"template":"","format":"standard","meta":{"_genesis_hide_title":false,"_genesis_hide_breadcrumbs":false,"_genesis_hide_singular_image":false,"_genesis_hide_footer_widgets":false,"_genesis_custom_body_class":"","_genesis_custom_post_class":"","_genesis_layout":"","footnotes":""},"categories":[120],"tags":[],"class_list":{"0":"post-4050","1":"post","2":"type-post","3":"status-publish","4":"format-standard","5":"has-post-thumbnail","7":"category-lugares-mas-bellos-provenza-categoria","8":"entry"},"yoast_head":"<!-- This site is optimized with the Yoast SEO plugin v27.2 - https:\/\/yoast.com\/product\/yoast-seo-wordpress\/ -->\n<title>Los 10 mejores jardines de la Costa Azul (fotos + consejos)<\/title>\n<meta name=\"description\" content=\"Descubra nuestra selecci\u00f3n de los jardines m\u00e1s bellos de la Costa Azul (villas, jardines ex\u00f3ticos, parques arbolados...) - mapa y fotos\" \/>\n<meta name=\"robots\" content=\"index, follow, max-snippet:-1, max-image-preview:large, max-video-preview:-1\" \/>\n<link rel=\"canonical\" href=\"https:\/\/provencelovers.fr\/es\/mejores-jardines-costa-azul\/\" \/>\n<meta property=\"og:locale\" content=\"es_ES\" \/>\n<meta property=\"og:type\" content=\"article\" \/>\n<meta property=\"og:title\" content=\"Los 10 mejores jardines de la Costa Azul (fotos + consejos)\" \/>\n<meta property=\"og:description\" content=\"Descubra nuestra selecci\u00f3n de los jardines m\u00e1s bellos de la Costa Azul (villas, jardines ex\u00f3ticos, parques arbolados...) - mapa y fotos\" \/>\n<meta property=\"og:url\" content=\"https:\/\/provencelovers.fr\/es\/mejores-jardines-costa-azul\/\" \/>\n<meta property=\"og:site_name\" content=\"Provence Lovers\" \/>\n<meta property=\"article:published_time\" content=\"2023-10-10T08:11:15+00:00\" \/>\n<meta property=\"article:modified_time\" content=\"2024-07-13T06:35:56+00:00\" \/>\n<meta property=\"og:image\" content=\"https:\/\/provencelovers.fr\/wp-content\/uploads\/2023\/10\/mejores-jardines-costa-azul.jpeg\" \/>\n\t<meta property=\"og:image:width\" content=\"800\" \/>\n\t<meta property=\"og:image:height\" content=\"600\" \/>\n\t<meta property=\"og:image:type\" content=\"image\/jpeg\" \/>\n<meta name=\"author\" content=\"Claire ROBINSON\" \/>\n<meta name=\"twitter:card\" content=\"summary_large_image\" \/>\n<meta name=\"twitter:label1\" content=\"Escrito por\" \/>\n\t<meta name=\"twitter:data1\" content=\"Claire ROBINSON\" \/>\n\t<meta name=\"twitter:label2\" content=\"Tiempo de lectura\" \/>\n\t<meta name=\"twitter:data2\" content=\"12 minutos\" \/>\n<script type=\"application\/ld+json\" class=\"yoast-schema-graph\">{\"@context\":\"https:\/\/schema.org\",\"@graph\":[{\"@type\":\"Article\",\"@id\":\"https:\/\/provencelovers.fr\/es\/mejores-jardines-costa-azul\/#article\",\"isPartOf\":{\"@id\":\"https:\/\/provencelovers.fr\/es\/mejores-jardines-costa-azul\/\"},\"author\":{\"name\":\"Claire ROBINSON\",\"@id\":\"https:\/\/provencelovers.fr\/es\/#\/schema\/person\/6b627316d8aca03e6b41be79090f3819\"},\"headline\":\"Los 10 mejores jardines de la Costa Azul (fotos + consejos)\",\"datePublished\":\"2023-10-10T08:11:15+00:00\",\"dateModified\":\"2024-07-13T06:35:56+00:00\",\"mainEntityOfPage\":{\"@id\":\"https:\/\/provencelovers.fr\/es\/mejores-jardines-costa-azul\/\"},\"wordCount\":2445,\"publisher\":{\"@id\":\"https:\/\/provencelovers.fr\/es\/#organization\"},\"image\":{\"@id\":\"https:\/\/provencelovers.fr\/es\/mejores-jardines-costa-azul\/#primaryimage\"},\"thumbnailUrl\":\"https:\/\/provencelovers.fr\/wp-content\/uploads\/2023\/10\/mejores-jardines-costa-azul.jpeg\",\"articleSection\":[\"Los lugares m\u00e1s bellos de la Provenza\"],\"inLanguage\":\"es\"},{\"@type\":\"WebPage\",\"@id\":\"https:\/\/provencelovers.fr\/es\/mejores-jardines-costa-azul\/\",\"url\":\"https:\/\/provencelovers.fr\/es\/mejores-jardines-costa-azul\/\",\"name\":\"Los 10 mejores jardines de la Costa Azul (fotos + consejos)\",\"isPartOf\":{\"@id\":\"https:\/\/provencelovers.fr\/es\/#website\"},\"primaryImageOfPage\":{\"@id\":\"https:\/\/provencelovers.fr\/es\/mejores-jardines-costa-azul\/#primaryimage\"},\"image\":{\"@id\":\"https:\/\/provencelovers.fr\/es\/mejores-jardines-costa-azul\/#primaryimage\"},\"thumbnailUrl\":\"https:\/\/provencelovers.fr\/wp-content\/uploads\/2023\/10\/mejores-jardines-costa-azul.jpeg\",\"datePublished\":\"2023-10-10T08:11:15+00:00\",\"dateModified\":\"2024-07-13T06:35:56+00:00\",\"description\":\"Descubra nuestra selecci\u00f3n de los jardines m\u00e1s bellos de la Costa Azul (villas, jardines ex\u00f3ticos, parques arbolados...) - mapa y fotos\",\"breadcrumb\":{\"@id\":\"https:\/\/provencelovers.fr\/es\/mejores-jardines-costa-azul\/#breadcrumb\"},\"inLanguage\":\"es\",\"potentialAction\":[{\"@type\":\"ReadAction\",\"target\":[\"https:\/\/provencelovers.fr\/es\/mejores-jardines-costa-azul\/\"]}]},{\"@type\":\"ImageObject\",\"inLanguage\":\"es\",\"@id\":\"https:\/\/provencelovers.fr\/es\/mejores-jardines-costa-azul\/#primaryimage\",\"url\":\"https:\/\/provencelovers.fr\/wp-content\/uploads\/2023\/10\/mejores-jardines-costa-azul.jpeg\",\"contentUrl\":\"https:\/\/provencelovers.fr\/wp-content\/uploads\/2023\/10\/mejores-jardines-costa-azul.jpeg\",\"width\":800,\"height\":600,\"caption\":\"mejores jardines costa azul\"},{\"@type\":\"BreadcrumbList\",\"@id\":\"https:\/\/provencelovers.fr\/es\/mejores-jardines-costa-azul\/#breadcrumb\",\"itemListElement\":[{\"@type\":\"ListItem\",\"position\":1,\"name\":\"Home\",\"item\":\"https:\/\/provencelovers.fr\/es\/\"},{\"@type\":\"ListItem\",\"position\":2,\"name\":\"Los lugares m\u00e1s bellos de la Provenza\",\"item\":\"https:\/\/provencelovers.fr\/es\/lugares-mas-bellos-provenza-categoria\/\"},{\"@type\":\"ListItem\",\"position\":3,\"name\":\"Los 10 mejores jardines de la Costa Azul (fotos + consejos)\"}]},{\"@type\":\"WebSite\",\"@id\":\"https:\/\/provencelovers.fr\/es\/#website\",\"url\":\"https:\/\/provencelovers.fr\/es\/\",\"name\":\"Provence Lovers\",\"description\":\"Despertar los sentidos en Provenza - Le blog de Claire et Manu\",\"publisher\":{\"@id\":\"https:\/\/provencelovers.fr\/es\/#organization\"},\"potentialAction\":[{\"@type\":\"SearchAction\",\"target\":{\"@type\":\"EntryPoint\",\"urlTemplate\":\"https:\/\/provencelovers.fr\/es\/?s={search_term_string}\"},\"query-input\":{\"@type\":\"PropertyValueSpecification\",\"valueRequired\":true,\"valueName\":\"search_term_string\"}}],\"inLanguage\":\"es\"},{\"@type\":\"Organization\",\"@id\":\"https:\/\/provencelovers.fr\/es\/#organization\",\"name\":\"Provence Lovers\",\"url\":\"https:\/\/provencelovers.fr\/es\/\",\"logo\":{\"@type\":\"ImageObject\",\"inLanguage\":\"es\",\"@id\":\"https:\/\/provencelovers.fr\/es\/#\/schema\/logo\/image\/\",\"url\":\"https:\/\/provencelovers.fr\/wp-content\/uploads\/2022\/11\/Blog-Provence-Lovers-Logos.png\",\"contentUrl\":\"https:\/\/provencelovers.fr\/wp-content\/uploads\/2022\/11\/Blog-Provence-Lovers-Logos.png\",\"width\":2707,\"height\":863,\"caption\":\"Provence Lovers\"},\"image\":{\"@id\":\"https:\/\/provencelovers.fr\/es\/#\/schema\/logo\/image\/\"}},{\"@type\":\"Person\",\"@id\":\"https:\/\/provencelovers.fr\/es\/#\/schema\/person\/6b627316d8aca03e6b41be79090f3819\",\"name\":\"Claire ROBINSON\",\"image\":{\"@type\":\"ImageObject\",\"inLanguage\":\"es\",\"@id\":\"https:\/\/secure.gravatar.com\/avatar\/53c353c843050f9265c9a68901a74b6613f3f04e343e64cbba45c5b031ea079b?s=96&d=mm&r=g\",\"url\":\"https:\/\/secure.gravatar.com\/avatar\/53c353c843050f9265c9a68901a74b6613f3f04e343e64cbba45c5b031ea079b?s=96&d=mm&r=g\",\"contentUrl\":\"https:\/\/secure.gravatar.com\/avatar\/53c353c843050f9265c9a68901a74b6613f3f04e343e64cbba45c5b031ea079b?s=96&d=mm&r=g\",\"caption\":\"Claire ROBINSON\"},\"sameAs\":[\"https:\/\/provencelovers.fr\/claire-robinson\/\"],\"url\":\"https:\/\/provencelovers.fr\/es\/author\/provencelovers\/\"}]}<\/script>\n<!-- \/ Yoast SEO plugin. -->","yoast_head_json":{"title":"Los 10 mejores jardines de la Costa Azul (fotos + consejos)","description":"Descubra nuestra selecci\u00f3n de los jardines m\u00e1s bellos de la Costa Azul (villas, jardines ex\u00f3ticos, parques arbolados...) - mapa y fotos","robots":{"index":"index","follow":"follow","max-snippet":"max-snippet:-1","max-image-preview":"max-image-preview:large","max-video-preview":"max-video-preview:-1"},"canonical":"https:\/\/provencelovers.fr\/es\/mejores-jardines-costa-azul\/","og_locale":"es_ES","og_type":"article","og_title":"Los 10 mejores jardines de la Costa Azul (fotos + consejos)","og_description":"Descubra nuestra selecci\u00f3n de los jardines m\u00e1s bellos de la Costa Azul (villas, jardines ex\u00f3ticos, parques arbolados...) - mapa y fotos","og_url":"https:\/\/provencelovers.fr\/es\/mejores-jardines-costa-azul\/","og_site_name":"Provence Lovers","article_published_time":"2023-10-10T08:11:15+00:00","article_modified_time":"2024-07-13T06:35:56+00:00","og_image":[{"width":800,"height":600,"url":"https:\/\/provencelovers.fr\/wp-content\/uploads\/2023\/10\/mejores-jardines-costa-azul.jpeg","type":"image\/jpeg"}],"author":"Claire ROBINSON","twitter_card":"summary_large_image","twitter_misc":{"Escrito por":"Claire ROBINSON","Tiempo de lectura":"12 minutos"},"schema":{"@context":"https:\/\/schema.org","@graph":[{"@type":"Article","@id":"https:\/\/provencelovers.fr\/es\/mejores-jardines-costa-azul\/#article","isPartOf":{"@id":"https:\/\/provencelovers.fr\/es\/mejores-jardines-costa-azul\/"},"author":{"name":"Claire ROBINSON","@id":"https:\/\/provencelovers.fr\/es\/#\/schema\/person\/6b627316d8aca03e6b41be79090f3819"},"headline":"Los 10 mejores jardines de la Costa Azul (fotos + consejos)","datePublished":"2023-10-10T08:11:15+00:00","dateModified":"2024-07-13T06:35:56+00:00","mainEntityOfPage":{"@id":"https:\/\/provencelovers.fr\/es\/mejores-jardines-costa-azul\/"},"wordCount":2445,"publisher":{"@id":"https:\/\/provencelovers.fr\/es\/#organization"},"image":{"@id":"https:\/\/provencelovers.fr\/es\/mejores-jardines-costa-azul\/#primaryimage"},"thumbnailUrl":"https:\/\/provencelovers.fr\/wp-content\/uploads\/2023\/10\/mejores-jardines-costa-azul.jpeg","articleSection":["Los lugares m\u00e1s bellos de la Provenza"],"inLanguage":"es"},{"@type":"WebPage","@id":"https:\/\/provencelovers.fr\/es\/mejores-jardines-costa-azul\/","url":"https:\/\/provencelovers.fr\/es\/mejores-jardines-costa-azul\/","name":"Los 10 mejores jardines de la Costa Azul (fotos + consejos)","isPartOf":{"@id":"https:\/\/provencelovers.fr\/es\/#website"},"primaryImageOfPage":{"@id":"https:\/\/provencelovers.fr\/es\/mejores-jardines-costa-azul\/#primaryimage"},"image":{"@id":"https:\/\/provencelovers.fr\/es\/mejores-jardines-costa-azul\/#primaryimage"},"thumbnailUrl":"https:\/\/provencelovers.fr\/wp-content\/uploads\/2023\/10\/mejores-jardines-costa-azul.jpeg","datePublished":"2023-10-10T08:11:15+00:00","dateModified":"2024-07-13T06:35:56+00:00","description":"Descubra nuestra selecci\u00f3n de los jardines m\u00e1s bellos de la Costa Azul (villas, jardines ex\u00f3ticos, parques arbolados...) - mapa y fotos","breadcrumb":{"@id":"https:\/\/provencelovers.fr\/es\/mejores-jardines-costa-azul\/#breadcrumb"},"inLanguage":"es","potentialAction":[{"@type":"ReadAction","target":["https:\/\/provencelovers.fr\/es\/mejores-jardines-costa-azul\/"]}]},{"@type":"ImageObject","inLanguage":"es","@id":"https:\/\/provencelovers.fr\/es\/mejores-jardines-costa-azul\/#primaryimage","url":"https:\/\/provencelovers.fr\/wp-content\/uploads\/2023\/10\/mejores-jardines-costa-azul.jpeg","contentUrl":"https:\/\/provencelovers.fr\/wp-content\/uploads\/2023\/10\/mejores-jardines-costa-azul.jpeg","width":800,"height":600,"caption":"mejores jardines costa azul"},{"@type":"BreadcrumbList","@id":"https:\/\/provencelovers.fr\/es\/mejores-jardines-costa-azul\/#breadcrumb","itemListElement":[{"@type":"ListItem","position":1,"name":"Home","item":"https:\/\/provencelovers.fr\/es\/"},{"@type":"ListItem","position":2,"name":"Los lugares m\u00e1s bellos de la Provenza","item":"https:\/\/provencelovers.fr\/es\/lugares-mas-bellos-provenza-categoria\/"},{"@type":"ListItem","position":3,"name":"Los 10 mejores jardines de la Costa Azul (fotos + consejos)"}]},{"@type":"WebSite","@id":"https:\/\/provencelovers.fr\/es\/#website","url":"https:\/\/provencelovers.fr\/es\/","name":"Provence Lovers","description":"Despertar los sentidos en Provenza - Le blog de Claire et Manu","publisher":{"@id":"https:\/\/provencelovers.fr\/es\/#organization"},"potentialAction":[{"@type":"SearchAction","target":{"@type":"EntryPoint","urlTemplate":"https:\/\/provencelovers.fr\/es\/?s={search_term_string}"},"query-input":{"@type":"PropertyValueSpecification","valueRequired":true,"valueName":"search_term_string"}}],"inLanguage":"es"},{"@type":"Organization","@id":"https:\/\/provencelovers.fr\/es\/#organization","name":"Provence Lovers","url":"https:\/\/provencelovers.fr\/es\/","logo":{"@type":"ImageObject","inLanguage":"es","@id":"https:\/\/provencelovers.fr\/es\/#\/schema\/logo\/image\/","url":"https:\/\/provencelovers.fr\/wp-content\/uploads\/2022\/11\/Blog-Provence-Lovers-Logos.png","contentUrl":"https:\/\/provencelovers.fr\/wp-content\/uploads\/2022\/11\/Blog-Provence-Lovers-Logos.png","width":2707,"height":863,"caption":"Provence Lovers"},"image":{"@id":"https:\/\/provencelovers.fr\/es\/#\/schema\/logo\/image\/"}},{"@type":"Person","@id":"https:\/\/provencelovers.fr\/es\/#\/schema\/person\/6b627316d8aca03e6b41be79090f3819","name":"Claire ROBINSON","image":{"@type":"ImageObject","inLanguage":"es","@id":"https:\/\/secure.gravatar.com\/avatar\/53c353c843050f9265c9a68901a74b6613f3f04e343e64cbba45c5b031ea079b?s=96&d=mm&r=g","url":"https:\/\/secure.gravatar.com\/avatar\/53c353c843050f9265c9a68901a74b6613f3f04e343e64cbba45c5b031ea079b?s=96&d=mm&r=g","contentUrl":"https:\/\/secure.gravatar.com\/avatar\/53c353c843050f9265c9a68901a74b6613f3f04e343e64cbba45c5b031ea079b?s=96&d=mm&r=g","caption":"Claire ROBINSON"},"sameAs":["https:\/\/provencelovers.fr\/claire-robinson\/"],"url":"https:\/\/provencelovers.fr\/es\/author\/provencelovers\/"}]}},"featured_image_src":"https:\/\/provencelovers.fr\/wp-content\/uploads\/2023\/10\/mejores-jardines-costa-azul-600x400.jpeg","featured_image_src_square":"https:\/\/provencelovers.fr\/wp-content\/uploads\/2023\/10\/mejores-jardines-costa-azul-600x600.jpeg","author_info":{"display_name":"Claire ROBINSON","author_link":"https:\/\/provencelovers.fr\/es\/author\/provencelovers\/"},"_links":{"self":[{"href":"https:\/\/provencelovers.fr\/es\/wp-json\/wp\/v2\/posts\/4050","targetHints":{"allow":["GET"]}}],"collection":[{"href":"https:\/\/provencelovers.fr\/es\/wp-json\/wp\/v2\/posts"}],"about":[{"href":"https:\/\/provencelovers.fr\/es\/wp-json\/wp\/v2\/types\/post"}],"author":[{"embeddable":true,"href":"https:\/\/provencelovers.fr\/es\/wp-json\/wp\/v2\/users\/1"}],"replies":[{"embeddable":true,"href":"https:\/\/provencelovers.fr\/es\/wp-json\/wp\/v2\/comments?post=4050"}],"version-history":[{"count":0,"href":"https:\/\/provencelovers.fr\/es\/wp-json\/wp\/v2\/posts\/4050\/revisions"}],"wp:featuredmedia":[{"embeddable":true,"href":"https:\/\/provencelovers.fr\/es\/wp-json\/wp\/v2\/media\/4035"}],"wp:attachment":[{"href":"https:\/\/provencelovers.fr\/es\/wp-json\/wp\/v2\/media?parent=4050"}],"wp:term":[{"taxonomy":"category","embeddable":true,"href":"https:\/\/provencelovers.fr\/es\/wp-json\/wp\/v2\/categories?post=4050"},{"taxonomy":"post_tag","embeddable":true,"href":"https:\/\/provencelovers.fr\/es\/wp-json\/wp\/v2\/tags?post=4050"}],"curies":[{"name":"wp","href":"https:\/\/api.w.org\/{rel}","templated":true}]}}