{"id":2495,"date":"2023-06-14T10:30:10","date_gmt":"2023-06-14T08:30:10","guid":{"rendered":"https:\/\/provencelovers.fr\/musees-nice\/"},"modified":"2026-03-18T14:44:05","modified_gmt":"2026-03-18T13:44:05","slug":"museos-niza","status":"publish","type":"post","link":"https:\/\/provencelovers.fr\/es\/museos-niza\/","title":{"rendered":"Los 12 mejores museos de Niza: opini\u00f3n + consejos"},"content":{"rendered":"\n<p>Haga un recorrido por <strong>los 12 museos de Niza <\/strong>para conocer mejor los or\u00edgenes de la ciudad, su patrimonio y su relaci\u00f3n con el arte. <strong>Desde el arte moderno y contempor\u00e1neo hasta la arqueolog\u00eda, la naturaleza y la fotograf\u00eda<\/strong>, descubrir\u00e1 una<strong>oferta cultural rica y variada<\/strong> en la capital de la Costa Azul <strong>y s\u00edmbolo de la Costa Azul francesa<\/strong>. <strong>Entre el sue\u00f1o y la realidad<\/strong>, la cultura, la historia, el hormig\u00f3n, la arquitectura de la Belle \u00c9poque, la influencia italiana, la naturaleza, el verdor y el litoral se combinan para crear un bello equilibrio.<\/p>\n\n<p>Sean cuales sean sus gustos, estamos seguros de que encontrar\u00e1 lo que busca. Niza ha inspirado a muchos artistas.<\/p>\n\n<p>Descubra en este art\u00edculo <strong>nuestra opini\u00f3n <\/strong>y todos <strong>nuestros consejos para organizar sus visitas a<\/strong> los 12 mejores museos de Niza.<\/p>\n\n<figure class=\"wp-block-image size-large\"><img decoding=\"async\" src=\"https:\/\/provencelovers.fr\/wp-content\/uploads\/2023\/06\/visitar-museos-niza-1024x768.jpeg\" alt=\"Descubra nuestra selecci&#xF3;n de 12 museos de Niza, con muchas fotos y consejos pr&#xE1;cticos que le ayudar&#xE1;n a elegir.\" class=\"wp-image-2476\"\/><\/figure>\n\n<p>Estas rese\u00f1as son totalmente <strong>independientes<\/strong>, realizamos la visita de <strong>forma an\u00f3nima<\/strong> y pagamos \u00edntegramente nuestras entradas.<\/p>\n\n<h2 class=\"wp-block-heading\">Consejos para visitar los mejores museos de Niza<\/h2>\n\n<h3 class=\"wp-block-heading\">Mapa de los museos de Niza<\/h3>\n\n<figure class=\"wp-block-image size-large\"><img decoding=\"async\" src=\"https:\/\/provencelovers.fr\/wp-content\/uploads\/2023\/06\/mapa-niza-museos-provenza-1024x950.png\" alt=\"Mapa de los museos de Niza\" class=\"wp-image-2619\"\/><\/figure>\n\n<div style=\"margin-top:8%;margin-bottom:8%\" class=\"wp-block-genesis-blocks-gb-container box gb-block-container\"><div class=\"gb-container-inside\"><div class=\"gb-container-content\" style=\"max-width:700px\">\n<div class=\"wp-block-genesis-blocks-gb-container box_titre gb-block-container\"><div class=\"gb-container-inside\"><div class=\"gb-container-content\">\n<h5 class=\"titre_box\" style=\"padding-top:10px;\">D\u00d3NDE DORMIR EN <span class=\"titre_box_manuscrit\">Niza<\/span><\/h5>\n<\/div><\/div><\/div>\n\n\n\n<hr class=\"wp-block-separator has-text-color has-alpha-channel-opacity has-background is-style-wide hr-box-planif\" style=\"background-color:#ccd3dd;color:#ccd3dd\"\/>\n\n\n\n<div class=\"wp-block-columns box_sans_border is-layout-flex wp-container-core-columns-is-layout-9d6595d7 wp-block-columns-is-layout-flex\">\n<div class=\"wp-block-column texte_planif is-layout-flow wp-block-column-is-layout-flow\" style=\"font-size:14px;flex-basis:60%\">\n<p class=\"option_titre2\"><strong>Nuestros favoritos: barrios y hoteles<\/strong><\/p>\n\n\n\n<p style=\"font-size:14px\"><br\/>En primera l\u00ednea, con vistas al mar:<strong>Hotel<\/strong><strong>Anantara<\/strong> &#8211; <a href=\"https:\/\/www.booking.com\/hotel\/anantara-plaza-nice-nice.html?aid=2319618\" target=\"_blank\" rel=\"noreferrer noopener sponsored nofollow\">Ver precios, fotos y disponibilidad<\/a><\/p>\n\n\n\n<p style=\"font-size:14px\"><br\/>En la ciudad nueva, cerca del mar:<strong>Hotel Apollinaire<\/strong>, elegante y luminoso &#8211; <a href=\"https:\/\/www.booking.com\/hotel\/fr\/acropolenice.html?aid=2319618\" target=\"_blank\" rel=\"noreferrer noopener sponsored nofollow\">Ver precios, fotos y disponibilidad<\/a><\/p>\n\n\n\n<p style=\"font-size:14px\"><br\/>En el casco antiguo, con todo el encanto: Aparthotel<strong>AMMI Vieux Niza<\/strong> muy pr\u00e1ctico y agradable &#8211; <a href=\"https:\/\/www.booking.com\/hotel\/fr\/apart-39-ammi-vieux-nice.html?aid=2319618\" target=\"_blank\" rel=\"noreferrer noopener sponsored nofollow\">Ver precios, fotos y disponibilidad <\/a> <\/p>\n<\/div>\n\n\n\n<div class=\"wp-block-column is-vertically-aligned-top planif-radius is-layout-flow wp-block-column-is-layout-flow\" style=\"flex-basis:40%\">\n<figure class=\"wp-block-image size-large img-portrait\"><img decoding=\"async\" src=\"https:\/\/photos.smugmug.com\/Provence-Lovers\/Nice\/H%C3%B4tels\/n-vLRxMK\/H%C3%B4tel-Anantara-Plaza-Nice\/i-b2fkNDW\/0\/ff41e28a\/L\/Hotel-Anantara-Plaza-Nice-restaurant-L.jpg\" alt=\"\" title=\"\"\/><\/figure>\n<\/div>\n<\/div>\n\n\n\n<p class=\"has-text-align-center\" style=\"font-size:17px\"><a href=\"https:\/\/provencelovers.fr\/es\/donde-alojarse-niza-mejor-hotel\/\">Vea nuestra selecci\u00f3n completa de los mejores hoteles de Niza<\/a><\/p>\n\n\n\n<div class=\"wp-block-buttons planif_bouton is-content-justification-center is-layout-flex wp-container-core-buttons-is-layout-16018d1d wp-block-buttons-is-layout-flex\">\n<div class=\"wp-block-button has-custom-font-size\" style=\"font-size:14px\"><a class=\"wp-block-button__link has-white-color has-text-color wp-element-button\" href=\"https:\/\/www.booking.com\/searchresults.html?city=-1454990=review_score%253D90%253Breview_score%253D80=2319618=1=2\" style=\"border-radius:4px\" target=\"_blank\" rel=\"noreferrer noopener nofollow\">Consulte los alojamientos disponibles para sus fechas &gt;&gt;.<\/a><\/div>\n<\/div>\n<\/div><\/div><\/div>\n\n<h3 class=\"wp-block-heading\">La realidad de los museos de Niza<\/h3>\n\n<p>En la capital de la Costa Azul, conocida por su marco inspirador para la creaci\u00f3n y la apreciaci\u00f3n de las artes, algunos museos son m\u00e1s grandes que otros, con colecciones m\u00e1s ricas. Todas estas sugerencias figuran en <a href=\"https:\/\/provencelovers.fr\/es\/que-ver-niza\/\" target=\"_blank\" rel=\"noreferrer noopener\">nuestras 15 ideas de cosas que hacer en Niza<\/a>.<\/p>\n\n<p>Habr\u00e1 aprendido mucho sobre el patrimonio art\u00edstico, cultural y patrimonial de Niza, que est\u00e1 muy presente. Al descubrir todos estos lugares de arte e historia, donde la museograf\u00eda es envolvente y bastante excepcional, comprendimos por qu\u00e9 Niza inspira tanto. Din\u00e1mica y cosmopolita, es tambi\u00e9n candidata a convertirse en Capital Europea de la Cultura 2028.<\/p>\n\n<p>As\u00ed que ll\u00e9vese buen calzado, ropa c\u00f3moda y algo para refrescarse.<\/p>\n\n<figure class=\"wp-block-image size-large\"><img decoding=\"async\" src=\"https:\/\/photos.smugmug.com\/Provence-Lovers\/Nice\/Mus&#xE9;es\/n-hb4qTV\/Mus&#xE9;e-Matisse\/i-vXLD7K4\/0\/beb8c749\/L\/musee-matisse-nice-4-L.jpg\" alt=\"Museo Matisse en el barrio de Cimiez en Niza\"\/><figcaption class=\"wp-element-caption\">Museo Matisse en el barrio de Cimiez en Niza<\/figcaption><\/figure>\n\n<h3 class=\"wp-block-heading\">Nuestros lugares favoritos<\/h3>\n\n<p>Encontrar\u00e1 detalles sobre cada museo m\u00e1s adelante en este art\u00edculo, \u00a1pero no hemos podido resistirnos a compartir nuestros favoritos con usted ahora mismo!<\/p>\n\n<figure class=\"wp-block-image size-large\"><img decoding=\"async\" src=\"https:\/\/photos.smugmug.com\/Provence-Lovers\/Nice\/Mus&#xE9;es\/n-hb4qTV\/Mus&#xE9;e-National-du-Sport-et-Stade-Allianz-Riviera\/i-hPFVRVf\/0\/a64a36ed\/L\/musee-national-du-sport-nice-natation-L.jpg\" alt=\"Museo Nacional del Deporte en Niza\"\/><figcaption class=\"wp-element-caption\">Museo Nacional del Deporte en Niza<\/figcaption><\/figure>\n\n<p>Nos gustaron mucho todos los museos de Niza:<\/p>\n\n<ul class=\"wp-block-list\">\n<li><strong>Mus\u00e9e d&#8217;Art Moderne et d&#8217;Art Contemporain (MAMAC<\/strong> ): un lugar emblem\u00e1tico donde disfrutamos de una <a href=\"https:\/\/provencelovers.fr\/es\/museo-arte-mamac-niza\/\" target=\"_blank\" rel=\"noreferrer noopener\">experiencia art\u00edstica<\/a> que combina creatividad, innovaci\u00f3n y emoci\u00f3n.<\/li>\n\n\n\n<li><strong>el <a href=\"https:\/\/provencelovers.fr\/es\/museo-nacional-deporte-stade-allianz-riviera-niza\/\" type=\"post\" id=\"2256\" target=\"_blank\" rel=\"noreferrer noopener\">Museo Nacional del Deporte y el Estadio Allianz Riviera<\/a>:<\/strong> nos sorprendi\u00f3 esta experiencia, aunque no somos aficionados al deporte, pero las colecciones y la museograf\u00eda inmersiva despertaron nuestra curiosidad.<\/li>\n\n\n\n<li><strong> <a href=\"https:\/\/provencelovers.fr\/es\/visitar-museo-massena-niza\/\" type=\"post\" id=\"11098\" target=\"_blank\" rel=\"noreferrer noopener\">Museo Mass\u00e9na<\/a>:<\/strong> en esta suntuosa villa neocl\u00e1sica de la Belle \u00c9poque, descubrimos la historia de Niza desde que pas\u00f3 a formar parte de Francia en 1860.<\/li>\n<\/ul>\n\n<div style=\"margin-top:8%;margin-bottom:8%\" class=\"wp-block-genesis-blocks-gb-container box gb-block-container\"><div class=\"gb-container-inside\"><div class=\"gb-container-content\">\n<div class=\"wp-block-columns inverse box_planif is-layout-flex wp-container-core-columns-is-layout-9d6595d7 wp-block-columns-is-layout-flex\">\n<div class=\"wp-block-column texte_planif is-layout-flow wp-block-column-is-layout-flow\" style=\"flex-basis:58%\">\n<h5 class=\"titre_box\">NUESTROS CONSEJOS PARA ALQUILER SU COCHE EN <span class=\"titre_box_manuscrit\">\nProvenza<\/span><\/h5>\n\n\n\n<ul class=\"liste_voiture wp-block-list\" style=\"font-size:14px\">\n<li>Compare precios en nuestra plataforma preferida: <a href=\"https:\/\/www.discovercars.com\/es\/france?a_aid=zigzag&amp;chan=PL\" target=\"_blank\" rel=\"noreferrer noopener sponsored nofollow\">DiscoverCars<\/a>, uno de los sitios mejor valorados.<\/li>\n\n\n\n<li>Elija un <strong>coche lo suficientemente potente <\/strong>(las carreteras son empinadas) pero <strong>compacto<\/strong> (algunos pasos son estrechos).<\/li>\n\n\n\n<li>Considere la posibilidad de<strong>contratar un seguro a todo riesgo<\/strong> (algunas carreteras son sinuosas y estrechas).<\/li>\n\n\n\n<li>Hay mucha demanda, as\u00ed que <strong>reserve con antelaci\u00f3n<\/strong>.<\/li>\n<\/ul>\n<\/div>\n\n\n\n<div class=\"wp-block-column planif-radius-3 is-layout-flow wp-block-column-is-layout-flow\" style=\"flex-basis:42%\">\n<figure class=\"wp-block-image size-full is-resized\"><img loading=\"lazy\" decoding=\"async\" width=\"421\" height=\"533\" src=\"https:\/\/provencelovers.fr\/wp-content\/uploads\/2023\/05\/Vieux-Nice-ruelle-L.png\" alt=\"\" class=\"wp-image-1302\" title=\"\" srcset=\"https:\/\/provencelovers.fr\/wp-content\/uploads\/2023\/05\/Vieux-Nice-ruelle-L.png 421w, https:\/\/provencelovers.fr\/wp-content\/uploads\/2023\/05\/Vieux-Nice-ruelle-L-237x300.png 237w\" sizes=\"auto, (max-width: 421px) 100vw, 421px\" \/><\/figure>\n<\/div>\n<\/div>\n\n\n\n<div class=\"wp-block-columns planif_bouton is-layout-flex wp-container-core-columns-is-layout-9d6595d7 wp-block-columns-is-layout-flex\">\n<div class=\"wp-block-column is-layout-flow wp-block-column-is-layout-flow\" style=\"flex-basis:50%\">\n<div class=\"wp-block-buttons is-content-justification-center is-layout-flex wp-container-core-buttons-is-layout-16018d1d wp-block-buttons-is-layout-flex\">\n<div class=\"wp-block-button has-custom-font-size\" style=\"font-size:14px\"><a class=\"wp-block-button__link has-white-color has-text-color wp-element-button\" href=\"https:\/\/www.discovercars.com\/es\/france?a_aid=zigzag&amp;amp;chan=PL\" style=\"border-radius:4px\" target=\"_blank\" rel=\"noreferrer noopener\">Ver los coches<img loading=\"lazy\" decoding=\"async\" width=\"16\" height=\"17\" class=\"wp-image-2851\" style=\"width: 16px;\" src=\"https:\/\/provencelovers.fr\/wp-content\/uploads\/2023\/08\/ArrowRight.webp\" alt=\"\"\/><\/a><\/div>\n<\/div>\n<\/div>\n\n\n\n<div class=\"wp-block-column is-vertically-aligned-center is-layout-flow wp-block-column-is-layout-flow\" style=\"flex-basis:50%\">\n<p class=\"has-text-align-center\" style=\"font-size:14px\"><strong><a href=\"https:\/\/provencelovers.fr\/es\/como-alquilar-coche-provenza\/\">Vea nuestros consejos<\/a><\/strong><\/p>\n<\/div>\n<\/div>\n<\/div><\/div><\/div>\n\n<h2 class=\"wp-block-heading\">1. Museo de Arte Moderno y Contempor\u00e1neo (MAMAC)<\/h2>\n\n<figure class=\"wp-block-image size-large is-resized\"><img decoding=\"async\" src=\"https:\/\/photos.smugmug.com\/Provence-Lovers\/Nice\/Mus&#xE9;es\/n-hb4qTV\/Mus&#xE9;e-dArt-Moderne-et-dArt-Contemporain-MAMAC\/i-RZ26B9t\/0\/7311aad6\/L\/musee-art-mamac-nice-235-L.jpg\" alt=\"Las &quot;Nanas&quot; de Niki de Saint-Phalle en el museo MAMAC de Niza\" style=\"width:702px;height:526px\"\/><figcaption class=\"wp-element-caption\"><em>Nanas<\/em> de la artista pl\u00e1stica Niki de Saint-Phalle<\/figcaption><\/figure>\n\n<h3 class=\"wp-block-heading\">\u00bfPor qu\u00e9 visitarlo? Nuestra opini\u00f3n<\/h3>\n\n<p>Si le apasiona el arte moderno y contempor\u00e1neo, el MAMAC es una cita ineludible en la capital de la Costa Azul, cuna del arte moderno:<\/p>\n\n<ul class=\"wp-block-list\">\n<li><strong>La riqueza de su colecci\u00f3n vanguardista:<\/strong> m\u00e1s de 1.400 obras se exponen en 4 plantas, entre las que destacan el Nuevo Realismo, el Pop Art y el Arte Minimalista.<\/li>\n\n\n\n<li><strong>Un homenaje a 2 figuras clave del arte del siglo XX:<\/strong> los artistas Yves Klein y Niki de Saint Phalle forman el n\u00facleo de la colecci\u00f3n del MAMAC, con una serie de exposiciones especiales dedicadas a ellos.<\/li>\n\n\n\n<li><strong>Arquitectura moderna con una vista panor\u00e1mica de la ciudad:<\/strong> el edificio, dise\u00f1ado por Yves Bayard y Henri Vidal, es una obra de arte en s\u00ed mismo. Sus altos ventanales nos ofrecieron una vista impresionante de la ciudad de Niza, la Baie des Anges y las monta\u00f1as circundantes.<\/li>\n<\/ul>\n\n<h3 class=\"wp-block-heading\">3 cosas que ver durante su visita<\/h3>\n\n<p>M\u00e1s adelante en este art\u00edculo le daremos los detalles de nuestra visita, pero no pod\u00edamos esperar a compartir con usted nuestros momentos favoritos:<\/p>\n\n<ul class=\"wp-block-list\">\n<li><strong>Las atrevidas y coloridas obras de Niki de Saint Phalle:<\/strong> sum\u00e9rjase en un mundo fant\u00e1stico con sus famosas \u00abNanas\u00bb, que revelan su esp\u00edritu militante y su creatividad sin l\u00edmites.<\/li>\n\n\n\n<li><strong>La secci\u00f3n dedicada a Yves Klein<\/strong>: cautivadora, fascinante y poderosa, sus <strong>lienzos monocromos<\/strong> y sus <strong>\u00abAntropometr\u00edas\u00bb<\/strong> en el azul profundo del <em>Bleu Klein<\/em> (o IKB) nos envolvieron en una atm\u00f3sfera m\u00edstica.  <\/li>\n\n\n\n<li><strong>La azotea<\/strong> del museo: una vista de 360\u00b0 de la ciudad, con exposiciones temporales <em>in situ<\/em>. La combinaci\u00f3n del car\u00e1cter crudo y urbano del edificio y el trabajo de los artistas nos dijo mucho.<\/li>\n<\/ul>\n\n<figure class=\"wp-block-image size-large\"><img decoding=\"async\" src=\"https:\/\/photos.smugmug.com\/Provence-Lovers\/Nice\/Mus&#xE9;es\/n-hb4qTV\/Mus&#xE9;e-dArt-Moderne-et-dArt-Contemporain-MAMAC\/i-H49wXhq\/0\/48f30de9\/L\/musee-art-mamac-nice-275-L.jpg\" alt=\"Bandeja dedicada a la colecci&#xF3;n Yves Klein en el Museo MAMAC de Niza\"\/><figcaption class=\"wp-element-caption\">Bandeja dedicada a la colecci\u00f3n Yves Klein<\/figcaption><\/figure>\n\n<h3 class=\"wp-block-heading\">Consejos pr\u00e1cticos<\/h3>\n\n<ul class=\"wp-block-list\">\n<li><strong>Cerrado temporalmente por obras<\/strong><\/li>\n\n\n\n<li>Incluido con el Pase de 3 d\u00edas al Museo.<\/li>\n\n\n\n<li>Adecuado para ni\u00f1os.<\/li>\n\n\n\n<li>Duraci\u00f3n de la visita: entre 1h30 y 2h30 para una visita completa.<\/li>\n\n\n\n<li>La <a href=\"https:\/\/www.mamac-nice.org\/fr\/\" target=\"_blank\" rel=\"noreferrer noopener nofollow\">p\u00e1gina web oficial del Museo MAMAC<\/a>.<\/li>\n<\/ul>\n\n<hr class=\"wp-block-separator has-text-color has-alpha-channel-opacity has-background is-style-wide\" style=\"background-color:#1a1717;color:#1a1717\"\/>\n\n<p><strong>Leer m\u00e1s<\/strong><\/p>\n\n<ul class=\"wp-block-list\">\n<li>Lea nuestro <a href=\"https:\/\/provencelovers.fr\/es\/museo-arte-mamac-niza\/\" target=\"_blank\" rel=\"noreferrer noopener\">art\u00edculo sobre el Museo de Arte Moderno y Contempor\u00e1neo (MAMAC)<\/a>.<\/li>\n<\/ul>\n\n<hr class=\"wp-block-separator has-text-color has-alpha-channel-opacity has-background is-style-wide\" style=\"background-color:#1a1717;color:#1a1717\"\/>\n\n<div style=\"background-color:#fefefe;margin-top:6%;margin-bottom:6%\" class=\"wp-block-genesis-blocks-gb-container box gb-block-container\"><div class=\"gb-container-inside\"><div class=\"gb-container-content\" style=\"max-width:700px\">\n<div class=\"wp-block-columns inverse is-layout-flex wp-container-core-columns-is-layout-9d6595d7 wp-block-columns-is-layout-flex\">\n<div class=\"wp-block-column texte_planif is-layout-flow wp-block-column-is-layout-flow\" style=\"flex-basis:58%\">\n<h5 class=\"titre_box\">UN POCO MAS DE <span class=\"titre_box_manuscrit\">paciencia<\/span><\/h5>\n\n\n\n<p style=\"font-size:14px\">Todas las fotos, mapas, informaci\u00f3n, buenas direcciones para que <strong>su estancia en la Provenza<\/strong> sea un \u00e9xito, <strong>\u00a1pronto estar\u00e1n reun<\/strong> idas en un \u00fanico ebook!<\/p>\n\n\n\n<p style=\"font-size:14px\">Si desea que le informemos de la publicaci\u00f3n de nuestra <strong>gu\u00eda sobre la Provenza<\/strong>, reg\u00edstrese:<\/p>\n\n\n<script>\nvar gform;gform||(document.addEventListener(\"gform_main_scripts_loaded\",function(){gform.scriptsLoaded=!0}),document.addEventListener(\"gform\/theme\/scripts_loaded\",function(){gform.themeScriptsLoaded=!0}),window.addEventListener(\"DOMContentLoaded\",function(){gform.domLoaded=!0}),gform={domLoaded:!1,scriptsLoaded:!1,themeScriptsLoaded:!1,isFormEditor:()=>\"function\"==typeof InitializeEditor,callIfLoaded:function(o){return!(!gform.domLoaded||!gform.scriptsLoaded||!gform.themeScriptsLoaded&&!gform.isFormEditor()||(gform.isFormEditor()&&console.warn(\"The use of gform.initializeOnLoaded() is deprecated in the form editor context and will be removed in Gravity Forms 3.1.\"),o(),0))},initializeOnLoaded:function(o){gform.callIfLoaded(o)||(document.addEventListener(\"gform_main_scripts_loaded\",()=>{gform.scriptsLoaded=!0,gform.callIfLoaded(o)}),document.addEventListener(\"gform\/theme\/scripts_loaded\",()=>{gform.themeScriptsLoaded=!0,gform.callIfLoaded(o)}),window.addEventListener(\"DOMContentLoaded\",()=>{gform.domLoaded=!0,gform.callIfLoaded(o)}))},hooks:{action:{},filter:{}},addAction:function(o,r,e,t){gform.addHook(\"action\",o,r,e,t)},addFilter:function(o,r,e,t){gform.addHook(\"filter\",o,r,e,t)},doAction:function(o){gform.doHook(\"action\",o,arguments)},applyFilters:function(o){return gform.doHook(\"filter\",o,arguments)},removeAction:function(o,r){gform.removeHook(\"action\",o,r)},removeFilter:function(o,r,e){gform.removeHook(\"filter\",o,r,e)},addHook:function(o,r,e,t,n){null==gform.hooks[o][r]&&(gform.hooks[o][r]=[]);var d=gform.hooks[o][r];null==n&&(n=r+\"_\"+d.length),gform.hooks[o][r].push({tag:n,callable:e,priority:t=null==t?10:t})},doHook:function(r,o,e){var t;if(e=Array.prototype.slice.call(e,1),null!=gform.hooks[r][o]&&((o=gform.hooks[r][o]).sort(function(o,r){return o.priority-r.priority}),o.forEach(function(o){\"function\"!=typeof(t=o.callable)&&(t=window[t]),\"action\"==r?t.apply(null,e):e[0]=t.apply(null,e)})),\"filter\"==r)return e[0]},removeHook:function(o,r,t,n){var e;null!=gform.hooks[o][r]&&(e=(e=gform.hooks[o][r]).filter(function(o,r,e){return!!(null!=n&&n!=o.tag||null!=t&&t!=o.priority)}),gform.hooks[o][r]=e)}});\n<\/script>\n\n                <div class='gf_browser_gecko gform_wrapper gravity-theme gform-theme--no-framework waitlist_wrapper' data-form-theme='gravity-theme' data-form-index='0' id='gform_wrapper_3' ><form method='post' enctype='multipart\/form-data'  id='gform_3' class='waitlist' action='\/es\/wp-json\/wp\/v2\/posts\/2495' data-formid='3' novalidate> \r\n <input type='hidden' class='gforms-pum' value='{\"closepopup\":false,\"closedelay\":0,\"openpopup\":false,\"openpopup_id\":0}' \/>\n                        <div class='gform-body gform_body'><div id='gform_fields_3' class='gform_fields top_label form_sublabel_below description_below validation_below'><div id=\"field_3_3\" class=\"gfield gfield--type-honeypot gform_validation_container field_sublabel_below gfield--has-description field_description_below field_validation_below gfield_visibility_visible\"  ><label class='gfield_label gform-field-label' for='input_3_3'>Email<\/label><div class='ginput_container'><input name='input_3' id='input_3_3' type='text' value='' autocomplete='new-password'\/><\/div><div class='gfield_description' id='gfield_description_3_3'>Este campo es un campo de validaci\u00f3n y debe quedar sin cambios.<\/div><\/div><div id=\"field_3_2\" class=\"gfield gfield--type-website gfield--input-type-website gfield--width-full field_sublabel_below gfield--no-description field_description_below field_validation_below gfield_visibility_hidden\"  ><div class=\"admin-hidden-markup\"><i class=\"gform-icon gform-icon--hidden\" aria-hidden=\"true\" title=\"Este campo est\u00e1 oculto cuando se visualiza el formulario\"><\/i><span>Este campo est\u00e1 oculto cuando se visualiza el formulario<\/span><\/div><label class='gfield_label gform-field-label' for='input_3_2'>Site Web<\/label><div class='ginput_container ginput_container_website'>\n                    <input name='input_2' id='input_3_2' type='url' value='https:\/\/provencelovers.fr\/es\/wp-json\/wp\/v2\/posts\/2495' class='large'    placeholder='https:\/\/'  aria-invalid=\"false\" \/>\n                <\/div><\/div><div id=\"field_3_1\" class=\"gfield gfield--type-email gfield--input-type-email gfield--width-full field_sublabel_below gfield--no-description field_description_below hidden_label field_validation_below gfield_visibility_visible\"  ><label class='gfield_label gform-field-label' for='input_3_1'>E-mail<\/label><div class='ginput_container ginput_container_email'>\n                            <input name='input_1' id='input_3_1' type='email' value='votre e-mail' class='large'     aria-invalid=\"false\"  \/>\n                        <\/div><\/div><\/div><\/div>\n        <div class='gform-footer gform_footer top_label'> <input type='submit' id='gform_submit_button_3' class='gform_button button' onclick='gform.submission.handleButtonClick(this);' data-submission-type='submit' value='Inscr\u00edbase'  \/> \n            <input type='hidden' class='gform_hidden' name='gform_submission_method' data-js='gform_submission_method_3' value='postback' \/>\n            <input type='hidden' class='gform_hidden' name='gform_theme' data-js='gform_theme_3' id='gform_theme_3' value='gravity-theme' \/>\n            <input type='hidden' class='gform_hidden' name='gform_style_settings' data-js='gform_style_settings_3' id='gform_style_settings_3' value='{&quot;inputPrimaryColor&quot;:&quot;#204ce5&quot;}' \/>\n            <input type='hidden' class='gform_hidden' name='is_submit_3' value='1' \/>\n            <input type='hidden' class='gform_hidden' name='gform_submit' value='3' \/>\n            \n            <input type='hidden' class='gform_hidden' name='gform_currency' data-currency='EUR' value='yMUJTCa\/X06WTQ3tBcil92zdwSowaQta8tnPZXLI5X0ULeeiqOkUrgwUIGAkgg9LcC8PMfFKVggEl\/saMbCEkCq9btHxmAQFiHn6sSJtgi36vAw=' \/>\n            <input type='hidden' class='gform_hidden' name='gform_unique_id' value='' \/>\n            <input type='hidden' class='gform_hidden' name='state_3' value='WyJbXSIsImZmMDY0ZWJkMmU3ZDZhZTc3YTc4MDBiNDgyNDcwNGVlIl0=' \/>\n            <input type='hidden' autocomplete='off' class='gform_hidden' name='gform_target_page_number_3' id='gform_target_page_number_3' value='0' \/>\n            <input type='hidden' autocomplete='off' class='gform_hidden' name='gform_source_page_number_3' id='gform_source_page_number_3' value='1' \/>\n            <input type='hidden' name='gform_field_values' value='' \/>\n            \n        <\/div>\n                        <\/form>\n                        <\/div><script>\ngform.initializeOnLoaded( function() {gformInitSpinner( 3, 'https:\/\/provencelovers.fr\/wp-content\/plugins\/gravityforms\/images\/spinner.svg', true );jQuery('#gform_ajax_frame_3').on('load',function(){var contents = jQuery(this).contents().find('*').html();var is_postback = contents.indexOf('GF_AJAX_POSTBACK') >= 0;if(!is_postback){return;}var form_content = jQuery(this).contents().find('#gform_wrapper_3');var is_confirmation = jQuery(this).contents().find('#gform_confirmation_wrapper_3').length > 0;var is_redirect = contents.indexOf('gformRedirect(){') >= 0;var is_form = form_content.length > 0 && ! is_redirect && ! is_confirmation;var mt = parseInt(jQuery('html').css('margin-top'), 10) + parseInt(jQuery('body').css('margin-top'), 10) + 100;if(is_form){jQuery('#gform_wrapper_3').html(form_content.html());if(form_content.hasClass('gform_validation_error')){jQuery('#gform_wrapper_3').addClass('gform_validation_error');} else {jQuery('#gform_wrapper_3').removeClass('gform_validation_error');}setTimeout( function() { \/* delay the scroll by 50 milliseconds to fix a bug in chrome *\/  }, 50 );if(window['gformInitDatepicker']) {gformInitDatepicker();}if(window['gformInitPriceFields']) {gformInitPriceFields();}var current_page = jQuery('#gform_source_page_number_3').val();gformInitSpinner( 3, 'https:\/\/provencelovers.fr\/wp-content\/plugins\/gravityforms\/images\/spinner.svg', true );jQuery(document).trigger('gform_page_loaded', [3, current_page]);window['gf_submitting_3'] = false;}else if(!is_redirect){var confirmation_content = jQuery(this).contents().find('.GF_AJAX_POSTBACK').html();if(!confirmation_content){confirmation_content = contents;}jQuery('#gform_wrapper_3').replaceWith(confirmation_content);jQuery(document).trigger('gform_confirmation_loaded', [3]);window['gf_submitting_3'] = false;wp.a11y.speak(jQuery('#gform_confirmation_message_3').text());}else{jQuery('#gform_3').append(contents);if(window['gformRedirect']) {gformRedirect();}}jQuery(document).trigger(\"gform_pre_post_render\", [{ formId: \"3\", currentPage: \"current_page\", abort: function() { this.preventDefault(); } }]);        if (event && event.defaultPrevented) {                return;        }        const gformWrapperDiv = document.getElementById( \"gform_wrapper_3\" );        if ( gformWrapperDiv ) {            const visibilitySpan = document.createElement( \"span\" );            visibilitySpan.id = \"gform_visibility_test_3\";            gformWrapperDiv.insertAdjacentElement( \"afterend\", visibilitySpan );        }        const visibilityTestDiv = document.getElementById( \"gform_visibility_test_3\" );        let postRenderFired = false;        function triggerPostRender() {            if ( postRenderFired ) {                return;            }            postRenderFired = true;            gform.core.triggerPostRenderEvents( 3, current_page );            if ( visibilityTestDiv ) {                visibilityTestDiv.parentNode.removeChild( visibilityTestDiv );            }        }        function debounce( func, wait, immediate ) {            var timeout;            return function() {                var context = this, args = arguments;                var later = function() {                    timeout = null;                    if ( !immediate ) func.apply( context, args );                };                var callNow = immediate && !timeout;                clearTimeout( timeout );                timeout = setTimeout( later, wait );                if ( callNow ) func.apply( context, args );            };        }        const debouncedTriggerPostRender = debounce( function() {            triggerPostRender();        }, 200 );        if ( visibilityTestDiv && visibilityTestDiv.offsetParent === null ) {            const observer = new MutationObserver( ( mutations ) => {                mutations.forEach( ( mutation ) => {                    if ( mutation.type === 'attributes' && visibilityTestDiv.offsetParent !== null ) {                        debouncedTriggerPostRender();                        observer.disconnect();                    }                });            });            observer.observe( document.body, {                attributes: true,                childList: false,                subtree: true,                attributeFilter: [ 'style', 'class' ],            });        } else {            triggerPostRender();        }    } );} );\n<\/script>\n<\/div>\n\n\n\n<div class=\"wp-block-column is-layout-flow wp-block-column-is-layout-flow\" style=\"flex-basis:42%\">\n<div class=\"wp-block-genesis-blocks-gb-container ebook-radius-waitlist gb-block-container\"><div class=\"gb-container-inside\"><div class=\"gb-container-content\"><div class=\"wp-block-image ebook-image\">\n<figure class=\"aligncenter size-large\"><img decoding=\"async\" src=\"https:\/\/loirelovers.fr\/wp-content\/uploads\/2023\/03\/ebooks_CorseNormandie_FR.png\" alt=\"Box Ebook C&#xF3;rcega FR\"\/><\/figure>\n<\/div><\/div><\/div><\/div>\n<\/div>\n<\/div>\n<\/div><\/div><\/div>\n\n<h2 class=\"wp-block-heading\">2. Palacio Lascaris &#8211; museo de instrumentos musicales<\/h2>\n\n<figure class=\"wp-block-image size-large is-resized\"><img decoding=\"async\" src=\"https:\/\/photos.smugmug.com\/Provence-Lovers\/Nice\/Mus&#xE9;es\/n-hb4qTV\/Palais-Lascaris-Mus&#xE9;e-des-instruments-de-musique\/i-LZ6jG9W\/0\/8760b2ef\/L\/Musee-palaislascaris-nice-chambreapparat-L.jpg\" alt=\"Palais Lascaris - museo de instrumentos musicales en Niza\" style=\"width:702px;height:526px\"\/><figcaption class=\"wp-element-caption\">Palacio Lascaris &#8211; museo de instrumentos musicales<\/figcaption><\/figure>\n\n<h3 class=\"wp-block-heading\">\u00bfPor qu\u00e9 visitarlo? Nuestra opini\u00f3n<\/h3>\n\n<p>Construido a mediados del siglo XVII para una familia noble de Niza, el Palacio Lascaris merece una visita por varias razones:  <\/p>\n\n<ul class=\"wp-block-list\">\n<li><strong>Catalogado como monumento hist\u00f3rico:<\/strong> con su escalera monumental, sus frescos y sus colecciones de muebles y arte antiguo, es el edificio barroco m\u00e1s emblem\u00e1tico de la ciudad.<\/li>\n\n\n\n<li>En <strong>1970 se convirti\u00f3 en el Museo municipal de Instrumentos Musicales, con<\/strong> arpas, instrumentos de cuerda y viento, pianos, documentos antiguos, etc. La colecci\u00f3n de instrumentos cuenta con 65 instrumentos clasificados, entre ellos 18 arpas que pertenecieron a la arpista Gis\u00e8le Grandpierre-Desaux.<\/li>\n<\/ul>\n\n<h3 class=\"wp-block-heading\">3 cosas que ver durante su visita<\/h3>\n\n<p>Esta residencia aristocr\u00e1tica es bastante fascinante, con sus muebles antiguos bien conservados, sus molduras y sus frescos de \u00e9poca. Lo que m\u00e1s nos llam\u00f3 la atenci\u00f3n durante la visita:<\/p>\n\n<ul class=\"wp-block-list\">\n<li><strong>Nuestros instrumentos favoritos:<\/strong> la pochette o viol\u00edn en miniatura expuesto en la antec\u00e1mara, el clavicordio florentino en miniatura y la espineta de ala de p\u00e1jaro del Renacimiento.  <\/li>\n\n\n\n<li><strong>La colecci\u00f3n de arpas:<\/strong> 18 instrumentos de madera tallada y grabada pertenecientes a la artista Gis\u00e8le Grandpierre-Desaux se exponen en este museo.<\/li>\n\n\n\n<li><strong>El gran sal\u00f3n o sal\u00f3n de Faet\u00f3n: <\/strong>desgraciadamente, esta zona estaba cerrada debido a la instalaci\u00f3n de una exposici\u00f3n, pero esta sala debe ser sin embargo muy interesante. Su techo representa la \u00abCa\u00edda de Faet\u00f3n golpeado por J\u00fapiter\u00bb.<\/li>\n<\/ul>\n\n<figure class=\"wp-block-image size-large\"><img decoding=\"async\" src=\"https:\/\/photos.smugmug.com\/Provence-Lovers\/Nice\/Mus&#xE9;es\/n-hb4qTV\/Palais-Lascaris-Mus&#xE9;e-des-instruments-de-musique\/i-hKW2NK4\/0\/dd552add\/L\/Musee-palaislascaris-antichambrechapelle-harpes-L.jpg\" alt=\"Arpas en el Museo de Instrumentos Musicales de Niza\"\/><\/figure>\n\n<h3 class=\"wp-block-heading\">Consejos pr\u00e1cticos<\/h3>\n\n<ul class=\"wp-block-list\">\n<li>Abierto todo el a\u00f1o excepto los martes.<\/li>\n\n\n\n<li>Cerrado el 1 de enero, el domingo de Pascua, el 1 de mayo y el 25 de diciembre.<\/li>\n\n\n\n<li>Incluido con el Pase de 3 d\u00edas al Museo.<\/li>\n\n\n\n<li>Horario de apertura: de 10.00 a 18.00 horas todos los d\u00edas.<\/li>\n\n\n\n<li>Adecuado para ni\u00f1os.<\/li>\n\n\n\n<li>Duraci\u00f3n de la visita: 1 hora.<\/li>\n\n\n\n<li>Entrada completa de adulto: 5 euros.<\/li>\n\n\n\n<li>La<a href=\"https:\/\/www.nice.fr\/fr\/culture\/musees-et-galeries\/palais-lascaris-le-palais\" target=\"_blank\" rel=\"noreferrer noopener nofollow\">p\u00e1gina web oficial<\/a><a href=\"https:\/\/www.lesmachines-nantes.fr\/\" target=\"_blank\" rel=\"noreferrer noopener\"> <\/a>del Palacio Lascaris &#8211; museo de instrumentos musicales.<\/li>\n<\/ul>\n\n<hr class=\"wp-block-separator has-text-color has-alpha-channel-opacity has-background is-style-wide\" style=\"background-color:#1a1717;color:#1a1717\"\/>\n\n<p><strong>Leer m\u00e1s<\/strong><\/p>\n\n<ul class=\"wp-block-list\">\n<li>Lea nuestro <a href=\"https:\/\/provencelovers.fr\/es\/palais-lascaris-palacio-museo-niza\/\" target=\"_blank\" rel=\"noreferrer noopener\">art\u00edculo sobre el Palacio Lascaris &#8211; museo de instrumentos musicales.<\/a><\/li>\n<\/ul>\n\n<hr class=\"wp-block-separator has-text-color has-alpha-channel-opacity has-background is-style-wide\" style=\"background-color:#1a1717;color:#1a1717\"\/>\n\n<h2 class=\"wp-block-heading\">3. Museo Matisse<\/h2>\n\n<figure class=\"wp-block-image size-large\"><img decoding=\"async\" src=\"https:\/\/photos.smugmug.com\/Provence-Lovers\/Nice\/Mus&#xE9;es\/n-hb4qTV\/Mus&#xE9;e-Matisse\/i-cqBg8zn\/0\/ed3fbad0\/L\/musee-matisse-nice-2-L.jpg\" alt=\"Gran gouache le Nu bleu IV expuesto en el Museo Matisse de Niza\"\/><figcaption class=\"wp-element-caption\">Gran gouache <strong>le <em>Nu bleu IV<\/em><\/strong> expuesto en el Museo Matisse de Niza<\/figcaption><\/figure>\n\n<h3 class=\"wp-block-heading\">\u00bfPor qu\u00e9 visitarlo? Nuestra opini\u00f3n<\/h3>\n\n<p>Desde 1963, el museo Matisse est\u00e1 dedicado a la obra del gran pintor del gouache. Situado en la Villa des Ar\u00e8nes en la Colline de Cimiez, este museo alberga una magn\u00edfica colecci\u00f3n de obras de Henri Matisse, uno de los favoritos de la ciudad de Niza. Pinturas, grabados, dibujos y esculturas&#8230; Las obras esenciales del artista est\u00e1n expuestas para que todos las vean.<\/p>\n\n<h3 class=\"wp-block-heading\">3 cosas que ver durante su visita<\/h3>\n\n<p>El Museo Matisse es un lugar realmente inspirador que visitar en Niza. Lo que m\u00e1s nos llam\u00f3 la atenci\u00f3n durante nuestra visita:<\/p>\n\n<ul class=\"wp-block-list\">\n<li>creaciones emblem\u00e1ticas del artista, como<strong>la estatua <em>Le Serf<\/em> y <\/strong> <strong>el cuadro <em>La Temp\u00eate \u00e0 Niza<\/em><\/strong>,<\/li>\n\n\n\n<li><strong> <em>La<\/em> vidriera <em>del \u00c1rbol de la Vida<\/em><\/strong> con vidrios azul ultramar, verde botella y amarillo lim\u00f3n, considerada uno de los tesoros art\u00edsticos de Niza,<\/li>\n\n\n\n<li><strong> <em>Desnudo azul IV<\/em><\/strong>, uno de nuestros favoritos, un gran gouache azul recortado y pegado sobre lienzo, extra\u00eddo de un conjunto de 4 composiciones recortadas con gouache, la serie <em>Desnudos azules<\/em>.<\/li>\n<\/ul>\n\n<figure class=\"wp-block-image size-large is-resized\"><img decoding=\"async\" src=\"https:\/\/photos.smugmug.com\/Provence-Lovers\/Nice\/Mus&#xE9;es\/n-hb4qTV\/Mus&#xE9;e-Matisse\/i-2PmvTTT\/0\/326d8624\/L\/musee-matisse-nice-1-L.jpg\" alt=\"La vidriera del &#xC1;rbol de la Vida expuesta en el Museo Matisse de Niza\" style=\"width:702px;height:526px\"\/><figcaption class=\"wp-element-caption\"><em>La<\/em> vidriera <em>del \u00c1rbol de la Vida<\/em> expuesta en el Museo Matisse de Niza<\/figcaption><\/figure>\n\n<h3 class=\"wp-block-heading\">Consejos pr\u00e1cticos<\/h3>\n\n<ul class=\"wp-block-list\">\n<li>Abierto todo el a\u00f1o excepto los martes.<\/li>\n\n\n\n<li>Cerrado el 1 de enero, el domingo de Pascua, el 1 de mayo y el 25 de diciembre.<\/li>\n\n\n\n<li>Incluido con el Pase de 3 d\u00edas al Museo.<\/li>\n\n\n\n<li>Horario de apertura: de 10.00 a 17.00 horas de noviembre a abril, de 10.00 a 18.00 horas de mayo a octubre.<\/li>\n\n\n\n<li>Adecuado para ni\u00f1os.<\/li>\n\n\n\n<li>Duraci\u00f3n de la visita: entre 1h30 y 2h.<\/li>\n\n\n\n<li>Precio completo para adultos: 12 euros.<\/li>\n\n\n\n<li>La<a href=\"https:\/\/www.musee-matisse-nice.org\/\" target=\"_blank\" rel=\"noreferrer noopener nofollow\"> p\u00e1gina web oficial del Museo Matisse<\/a>.<\/li>\n<\/ul>\n\n<hr class=\"wp-block-separator has-text-color has-alpha-channel-opacity has-background is-style-wide\" style=\"background-color:#1a1717;color:#1a1717\"\/>\n\n<p><strong>Leer m\u00e1s<\/strong><\/p>\n\n<ul class=\"wp-block-list\">\n<li><a href=\"https:\/\/provencelovers.fr\/es\/visitar-museo-matisse-niza\/\" type=\"post\" id=\"11784\" target=\"_blank\" rel=\"noreferrer noopener\">Consulte nuestro art\u00edculo completo sobre el Museo Matisse de Niza.<\/a><\/li>\n<\/ul>\n\n<hr class=\"wp-block-separator has-text-color has-alpha-channel-opacity has-background is-style-wide\" style=\"background-color:#1a1717;color:#1a1717\"\/>\n\n<h2 class=\"wp-block-heading\">4. Museo Nacional del Deporte<\/h2>\n\n<figure class=\"wp-block-image size-large\"><img decoding=\"async\" src=\"https:\/\/photos.smugmug.com\/Provence-Lovers\/Nice\/Mus&#xE9;es\/n-hb4qTV\/Mus&#xE9;e-National-du-Sport-et-Stade-Allianz-Riviera\/i-gkWvS7N\/0\/1d830030\/L\/musee-national-sport-stade-allianz-riviera-nice-velo-L.jpg\" alt=\"\"\/><\/figure>\n\n<h3 class=\"wp-block-heading\">\u00bfPor qu\u00e9 visitarlo? Nuestra opini\u00f3n<\/h3>\n\n<p>No somos grandes aficionados al deporte en general, pero este museo fue un descubrimiento realmente maravilloso, enriquecedor y envolvente. La colecci\u00f3n es rica en diferentes tipos de artefactos y antig\u00fcedades: bicicletas antiguas, pantallas interactivas, trajes de carreras aut\u00e9nticos, medallas, entrevistas, trofeos, maillots, fotograf\u00edas, pinturas e im\u00e1genes de archivo. Este templo del deporte rememora los momentos decisivos y las innovaciones que han configurado el paisaje deportivo franc\u00e9s.<\/p>\n\n<h3 class=\"wp-block-heading\">3 cosas que ver durante su visita<\/h3>\n\n<p>Toda la colecci\u00f3n es bastante impresionante, pero si tuvi\u00e9ramos que elegir 3 art\u00edculos que destacaran para nosotros..:<\/p>\n\n<ul class=\"wp-block-list\">\n<li><strong>la secci\u00f3n dedicada al ciclismo y al Tour de Francia<\/strong>: una cautivadora exposici\u00f3n e instalaci\u00f3n de bicicletas de \u00e9poca, maillots llevados por leyendas del ciclismo y relatos de etapas hist\u00f3ricas,<\/li>\n\n\n\n<li><strong>la sala dedicada a la nataci\u00f3n de competici\u00f3n y a los deportes acu\u00e1ticos<\/strong>: las haza\u00f1as de los nadadores ol\u00edmpicos y las pr\u00e1cticas en Francia se revelan a trav\u00e9s de una amplia gama de obras de arte. La exposici\u00f3n incluye pinturas, esculturas y objetos que pertenecieron a algunas de las grandes figuras del deporte,<\/li>\n\n\n\n<li><strong>el estadio Allianz Riviera, sede del Museo Nacional del Deporte:<\/strong> en nuestra primera visita a un estadio, nos vimos transportados al electrizante ambiente de los acontecimientos deportivos y entre bastidores.<\/li>\n<\/ul>\n\n<figure class=\"wp-block-image size-large\"><img decoding=\"async\" src=\"https:\/\/photos.smugmug.com\/Provence-Lovers\/Nice\/Mus&#xE9;es\/n-hb4qTV\/Mus&#xE9;e-National-du-Sport-et-Stade-Allianz-Riviera\/i-DWKKLwc\/0\/db40ad89\/L\/musee-national-sport-stade-allianz-riviera-nice-jo-platini-L.jpg\" alt=\"Pantalla interactiva con im&#xE1;genes de archivo: Michel Platini en los Juegos Ol&#xED;mpicos expuesta en el Museo Nacional del Deporte de Niza\"\/><figcaption class=\"wp-element-caption\">Pantalla interactiva con im\u00e1genes de archivo: Michel Platini en los Juegos Ol\u00edmpicos<\/figcaption><\/figure>\n\n<h3 class=\"wp-block-heading\">Consejos pr\u00e1cticos<\/h3>\n\n<ul class=\"wp-block-list\">\n<li>Abierto todo el a\u00f1o.<\/li>\n\n\n\n<li>Cerrado los lunes de septiembre a mayo, el 25 de diciembre, el 1 de enero y el 1 de mayo.<\/li>\n\n\n\n<li>Horario: de septiembre a mayo, de martes a domingo, de 10.00 a 17.00 horas; de junio a agosto, todos los d\u00edas, de 10.00 a 18.00 horas.<\/li>\n\n\n\n<li>Adecuado para ni\u00f1os.<\/li>\n\n\n\n<li>Duraci\u00f3n de la visita: 2 horas para la visita guiada combinada estadio\/museo, 1 hora para cada una.<\/li>\n\n\n\n<li>Precio completo para adultos: visita guiada del museo\/estadio 18 euros, exposici\u00f3n temporal o permanente del museo 8 euros, museo completo 10 euros.<\/li>\n\n\n\n<li><a href=\"https:\/\/www.tiqets.com\/es\/activites-attractions-nice-c66770\/billets-pour-stade-allianz-riviera-musee-national-du-sport-visite-guidee-p992362\/?partner=region_lovers&amp;tq_campaign=PL\" target=\"_blank\" rel=\"noreferrer noopener sponsored nofollow\">\u00a1Consiga su entrada con antelaci\u00f3n!<\/a><\/li>\n\n\n\n<li>La p\u00e1gina web oficial del Museo Nacional del Deporte <a href=\"https:\/\/www.museedusport.fr\/\" target=\"_blank\" rel=\"noreferrer noopener nofollow\">aqu\u00ed<\/a><\/li>\n<\/ul>\n\n<hr class=\"wp-block-separator has-text-color has-alpha-channel-opacity has-background is-style-wide\" style=\"background-color:#1a1717;color:#1a1717\"\/>\n\n<p><strong>Leer m\u00e1s<\/strong><\/p>\n\n<ul class=\"wp-block-list\">\n<li>Lea nuestro <a href=\"https:\/\/provencelovers.fr\/es\/museo-nacional-deporte-stade-allianz-riviera-niza\/\" target=\"_blank\" rel=\"noreferrer noopener\">art\u00edculo completo sobre el Museo Nacional del Deporte y el Estadio Allianz Riviera<\/a>.<\/li>\n<\/ul>\n\n<hr class=\"wp-block-separator has-text-color has-alpha-channel-opacity has-background is-style-wide\" style=\"background-color:#1a1717;color:#1a1717\"\/>\n\n<h2 class=\"wp-block-heading\">5. Museo Nacional Marc Chagall<\/h2>\n\n<figure class=\"wp-block-image size-large\"><img decoding=\"async\" src=\"https:\/\/photos.smugmug.com\/Provence-Lovers\/Nice\/Mus&#xE9;es\/n-hb4qTV\/Mus&#xE9;e-Chagall\/i-fGHLfSH\/0\/28efd82e\/L\/musee-chagall-cimiez-nice-L.jpg\" alt=\"\"\/><\/figure>\n\n<h3 class=\"wp-block-heading\">\u00bfPor qu\u00e9 visitarlo? Nuestra opini\u00f3n<\/h3>\n\n<p>Situado en el coraz\u00f3n del barrio de Cimiez, en las colinas de Niza, el Museo Chagall es uno de los pocos museos creados en vida del artista. La diversidad y riqueza de su obra es asombrosa: dibujos, esculturas, pinturas, mosaicos, vidrieras y tapices.  <\/p>\n\n<h3 class=\"wp-block-heading\">3 cosas que ver durante su visita<\/h3>\n\n<p>Tuvimos el placer de admirar toda la obra de Marc Chagall en este museo dedicado a \u00e9l. Creemos que es una visita obligada:<\/p>\n\n<ul class=\"wp-block-list\">\n<li><strong>El ciclo <em>del Mensaje B\u00edblico<\/em><\/strong>, una obra maestra en 17 cuadros. Los 12 primeros ilustran el \u00abG\u00e9nesis y el \u00c9xodo\u00bb y los otros 5 el \u00abCantar de los Cantares\u00bb.<\/li>\n\n\n\n<li>El <strong>jard\u00edn del museo<\/strong>, donde podr\u00e1 pasear tranquilamente.<\/li>\n\n\n\n<li>Sus <strong>4 obras datan de sus primeros a\u00f1os<\/strong> en Rusia y Par\u00eds: <em>La Sainte famille ou le couple<\/em>, <em>L&#8217;Atelier<\/em>, <em>Autoportrait<\/em>, <em>Autoportrait en vert<\/em> entre 1903 y 1914.<\/li>\n<\/ul>\n\n<figure class=\"wp-block-image size-large\"><img decoding=\"async\" src=\"https:\/\/photos.smugmug.com\/Provence-Lovers\/Nice\/Mus&#xE9;es\/n-hb4qTV\/Mus&#xE9;e-Chagall\/i-84JnbSN\/0\/92b7e4e7\/L\/musee-chagall-nice-L.jpg\" alt=\"Museo Marc Chagall en Niza\"\/><\/figure>\n\n<h3 class=\"wp-block-heading\">Consejos pr\u00e1cticos<\/h3>\n\n<ul class=\"wp-block-list\">\n<li>Abierto todo el a\u00f1o excepto los martes.<\/li>\n\n\n\n<li>Cerrado el<sup>1<\/sup> de enero, el<sup>1 de<\/sup> mayo y el 25 de diciembre.<\/li>\n\n\n\n<li>Incluido con el Pase de 3 d\u00edas al Museo.<\/li>\n\n\n\n<li>Horario: de 10.00 a 18.00 horas de mayo a octubre, de 10.00 a 17.00 horas de noviembre a abril, cerrado entre las 13.00 y las 14.30 horas todos los mediod\u00edas.<\/li>\n\n\n\n<li>Adecuado para ni\u00f1os.<\/li>\n\n\n\n<li>Duraci\u00f3n de la visita: entre 1h y 1h30.<\/li>\n\n\n\n<li>Entrada completa de adulto: 10 euros.<\/li>\n\n\n\n<li>La <a href=\"https:\/\/musees-nationaux-alpesmaritimes.fr\/chagall\/\" target=\"_blank\" rel=\"noreferrer noopener nofollow\">p\u00e1gina web oficial del Museo Chagall de Niza.<\/a><\/li>\n<\/ul>\n\n<hr class=\"wp-block-separator has-text-color has-alpha-channel-opacity has-background is-style-wide\" style=\"background-color:#1a1717;color:#1a1717\"\/>\n\n<p><strong>Leer m\u00e1s<\/strong><\/p>\n\n<ul class=\"wp-block-list\">\n<li>Nuestro art\u00edculo completo sobre el Museo Chagall de Niza estar\u00e1 disponible en breve.<\/li>\n<\/ul>\n\n<hr class=\"wp-block-separator has-text-color has-alpha-channel-opacity has-background is-style-wide\" style=\"background-color:#1a1717;color:#1a1717\"\/>\n\n<h2 class=\"wp-block-heading\">6. Museo de Arte Asi\u00e1tico  <\/h2>\n\n<figure class=\"wp-block-image size-large\"><img decoding=\"async\" src=\"https:\/\/photos.smugmug.com\/Provence-Lovers\/Nice\/Mus&#xE9;es\/n-hb4qTV\/Mus&#xE9;e-des-arts-asiatiques-de-Nice\/i-RfBjxGP\/0\/2ff946fe\/L\/musee-arts-asiatiques-nice-paravent-L.jpg\" alt=\"Museo de Artes Asi&#xE1;ticas de Niza\"\/><\/figure>\n\n<h3 class=\"wp-block-heading\">\u00bfPor qu\u00e9 visitarlo? Nuestra opini\u00f3n<\/h3>\n\n<p>Aut\u00e9ntica curiosidad en el barrio de las Arenas, descubrimos el Museo de Artes Asi\u00e1ticas de la capital de la Costa Azul. Esculturas, pinturas, cofres, tocados, trajes tradicionales, m\u00e1scaras&#8230; Su museograf\u00eda exhibe obras maestras en salas sobrias y despejadas. Tambi\u00e9n podr\u00e1 asistir a talleres y a una ceremonia del t\u00e9.<\/p>\n\n<h3 class=\"wp-block-heading\">3 cosas que ver durante su visita<\/h3>\n\n<p>Estas colecciones nos parecieron sencillamente magn\u00edficas, pero si tuvi\u00e9ramos que elegir s\u00f3lo 3 cosas de ellas..:<\/p>\n\n<ul class=\"wp-block-list\">\n<li><strong>El edificio es una obra de arte en s\u00ed mismo:<\/strong> dise\u00f1ado por el arquitecto japon\u00e9s Kenzo Tange en hormig\u00f3n bruto rodeado de agua, su original estilo est\u00e1 influenciado por Le Corbusier.<\/li>\n\n\n\n<li><strong>El biombo japon\u00e9s con pan de oro:<\/strong> este meticuloso trabajo con materiales nobles da fe de la maestr\u00eda del Pa\u00eds del Sol Naciente.  <\/li>\n\n\n\n<li><strong>La colecci\u00f3n de esculturas y estatuas de la 1\u00aa planta:<\/strong> bronce, arenisca, piedra volc\u00e1nica, madera, hierro&#8230; Estas obras de arte proceden de los 4 rincones de Asia y \u00a1datan de varios siglos atr\u00e1s!<\/li>\n<\/ul>\n\n<figure class=\"wp-block-image size-large\"><img decoding=\"async\" src=\"https:\/\/photos.smugmug.com\/Provence-Lovers\/Nice\/Mus&#xE9;es\/n-hb4qTV\/Mus&#xE9;e-des-arts-asiatiques-de-Nice\/i-BL9NLpp\/0\/e4fb8742\/L\/musee-arts-asiatiques-nice-L.jpg\" alt=\"&quot;Gwaneum&quot;, representaci&#xF3;n budista en hierro lacado y dorado del siglo XVII en el Museo de Artes Asi&#xE1;ticas de Niza\"\/><figcaption class=\"wp-element-caption\"><em>Gwaneum<\/em>, representaci\u00f3n budista en hierro lacado y dorado que data del siglo XVII<\/figcaption><\/figure>\n\n<h3 class=\"wp-block-heading\">Consejos pr\u00e1cticos<\/h3>\n\n<ul class=\"wp-block-list\">\n<li>Abierto todo el a\u00f1o excepto los martes.<\/li>\n\n\n\n<li>Cerrado el 1 de enero, el 1 de mayo y el 25 de diciembre.<\/li>\n\n\n\n<li>Entrada: gratuita, visita guiada 5 euros.<\/li>\n\n\n\n<li>Horario: de 10.00 a 17.00 horas de septiembre a junio, de 10.00 a 18.00 horas en julio y agosto.<\/li>\n\n\n\n<li>Adecuado para ni\u00f1os.<\/li>\n\n\n\n<li>Duraci\u00f3n de la visita: entre 1h y 1h30.<\/li>\n\n\n\n<li>La <a href=\"https:\/\/maa.departement06.fr\/musee-des-arts-asiatiques-13422.html\" target=\"_blank\" rel=\"noreferrer noopener nofollow\">p\u00e1gina web oficial del Museo de Artes Asi\u00e1ticas de Niza.<\/a><\/li>\n<\/ul>\n\n<hr class=\"wp-block-separator has-text-color has-alpha-channel-opacity has-background is-style-wide\" style=\"background-color:#1a1717;color:#1a1717\"\/>\n\n<p><strong>Leer m\u00e1s<\/strong><\/p>\n\n<ul class=\"wp-block-list\">\n<li><a href=\"https:\/\/provencelovers.fr\/es\/visitar-museo-artes-asiaticas-niza\/\" type=\"post\" id=\"9968\" target=\"_blank\" rel=\"noreferrer noopener\">Vea nuestro art\u00edculo completo sobre el Museo de Artes Asi\u00e1ticas de Niza.<\/a><\/li>\n<\/ul>\n\n<hr class=\"wp-block-separator has-text-color has-alpha-channel-opacity has-background is-style-wide\" style=\"background-color:#1a1717;color:#1a1717\"\/>\n\n<h2 class=\"wp-block-heading\">7. Museo Mass\u00e9na  <\/h2>\n\n<figure class=\"wp-block-image size-large\"><img decoding=\"async\" src=\"https:\/\/photos.smugmug.com\/Provence-Lovers\/Nice\/Mus&#xE9;es\/n-hb4qTV\/Mus&#xE9;e-Mass&#xE9;na\/i-PVFL3JN\/0\/de35e82c\/L\/musee-massena-nice-diademe-imperatrice-josephine-L.jpg\" alt=\"La tiara de la emperatriz Josefina expuesta en el Museo Mass&#xE9;na de Niza\"\/><figcaption class=\"wp-element-caption\">La tiara de la emperatriz Josefina expuesta en el Museo Mass\u00e9na de Niza<\/figcaption><\/figure>\n\n<h3 class=\"wp-block-heading\">\u00bfPor qu\u00e9 visitarlo? Nuestra opini\u00f3n<\/h3>\n\n<p>Dedicado a la historia de la Costa Azul, el recorrido y las colecciones del museo Mass\u00e9na abarcan desde la incorporaci\u00f3n de Niza a Francia en el siglo XIX. Det\u00e9ngase en esta suntuosa villa neocl\u00e1sica de la Belle \u00c9poque dise\u00f1ada por el arquitecto dan\u00e9s Hans-Georg Tersling. No querr\u00e1 perd\u00e9rselo en la Promenade des Anglais, ya que su peque\u00f1o jard\u00edn linda con el <a href=\"https:\/\/www.booking.com\/hotel\/negresco.html?aid=2319618\" target=\"_blank\" rel=\"noreferrer noopener sponsored nofollow\">Palacio Le Negresco<\/a>.<\/p>\n\n<h3 class=\"wp-block-heading\">3 cosas que ver durante su visita<\/h3>\n\n<p>En este museo se pueden ver muchas exposiciones magn\u00edficas, y \u00e9stas son las que nos llamaron la atenci\u00f3n:  <\/p>\n\n<ul class=\"wp-block-list\">\n<li><strong>Tiara de la emperatriz Josefina<\/strong>, regalada por su cu\u00f1ado, el rey de N\u00e1poles.<\/li>\n\n\n\n<li><strong>El Gran Sal\u00f3n<\/strong> con molduras de madera, muebles antiguos, columnas de m\u00e1rmol y ventanas altas.<\/li>\n\n\n\n<li>Desde 1937, <strong>la Sala de Lectura<\/strong> alberga la biblioteca de la familia Spitalieri de Cessole, constituida a lo largo de varias generaciones y hoy propiedad del Ayuntamiento de Niza.<\/li>\n<\/ul>\n\n<figure class=\"wp-block-image size-large\"><img decoding=\"async\" src=\"https:\/\/photos.smugmug.com\/Provence-Lovers\/Nice\/Mus&#xE9;es\/n-hb4qTV\/Mus&#xE9;e-Mass&#xE9;na\/i-wKwXr4b\/0\/a3801ec4\/L\/musee-massena-nice-L.jpg\" alt=\"Gran Sal&#xF3;n del Museo Mass&#xE9;na de Niza\"\/><\/figure>\n\n<h3 class=\"wp-block-heading\">Consejos pr\u00e1cticos<\/h3>\n\n<ul class=\"wp-block-list\">\n<li>Abierto todo el a\u00f1o excepto los martes.<\/li>\n\n\n\n<li>Cerrado el 1 de enero, el domingo de Pascua, el 1 de mayo y el 25 de diciembre.<\/li>\n\n\n\n<li>Horario: de 11.00 a 18.00 horas de noviembre a abril, de 10.00 a 18.00 horas de mayo a octubre.<\/li>\n\n\n\n<li>Duraci\u00f3n de la visita: aproximadamente 1h30.<\/li>\n\n\n\n<li>Entrada completa de adulto: 10 euros.<\/li>\n\n\n\n<li>La <a href=\"https:\/\/www.nice.fr\/fr\/culture\/musees-et-galeries\/musee-massena-le-musee\" target=\"_blank\" rel=\"noreferrer noopener nofollow\">p\u00e1gina web oficial del Museo y de la Villa Mass\u00e9na.<\/a><\/li>\n<\/ul>\n\n<hr class=\"wp-block-separator has-text-color has-alpha-channel-opacity has-background is-style-wide\" style=\"background-color:#1a1717;color:#1a1717\"\/>\n\n<p><strong>Leer m\u00e1s<\/strong><\/p>\n\n<ul class=\"wp-block-list\">\n<li><a href=\"https:\/\/provencelovers.fr\/es\/visitar-museo-massena-niza\/\" type=\"post\" id=\"11098\" target=\"_blank\" rel=\"noreferrer noopener\">Consulte nuestro art\u00edculo completo sobre el Museo Mass\u00e9na de Niza.<\/a><\/li>\n<\/ul>\n\n<hr class=\"wp-block-separator has-text-color has-alpha-channel-opacity has-background is-style-wide\" style=\"background-color:#1a1717;color:#1a1717\"\/>\n\n<div class=\"wp-block-group\"><div class=\"wp-block-group__inner-container is-layout-constrained wp-block-group-is-layout-constrained\">\n<div style=\"margin-top:8%;margin-bottom:8%\" class=\"wp-block-genesis-blocks-gb-container box gb-block-container\"><div class=\"gb-container-inside\"><div class=\"gb-container-content\">\n<div class=\"wp-block-columns inverse is-layout-flex wp-container-core-columns-is-layout-9d6595d7 wp-block-columns-is-layout-flex\">\n<div class=\"wp-block-column texte_planif is-layout-flow wp-block-column-is-layout-flow\" style=\"flex-basis:58%\">\n<h5 class=\"titre_box\" style=\"padding-top:10px\"><span>DIVI\u00c9RTASE<\/span> CON ESTAS <span class=\"titre_box_manuscrit\">Actividades<\/span> <\/h5>\n\n\n\n<ul class=\"wp-block-list\">\n<li style=\"font-size:14px\">Magn\u00edficas excursiones en kayak en:  <br\/>De <a href=\"https:\/\/www.getyourguide.es\/saint-tropez-l518\/saint-tropez-experience-en-kayak-dans-la-reserve-de-ramatuelle-t410562\/?partner_id=R3GYW4V&amp;cmp=PL\" target=\"_blank\" rel=\"noreferrer noopener sponsored nofollow\">Saint-Tropez<\/a> a la reserva de Ramatuelle<br\/>De<a href=\"https:\/\/www.getyourguide.es\/cassis-l36948\/cassis-excursion-en-kayak-de-mer-dans-le-parc-national-des-calanques-t385834\/?partner_id=R3GYW4V&amp;cmp=PL\" target=\"_blank\" rel=\"noreferrer noopener\">Cassis<\/a> a las calanques<\/li>\n\n\n\n<li style=\"font-size:14px\"><a href=\"https:\/\/www.manawa.com\/es-ES\/actividad\/france\/cannes\/helicoptero\/shared-panoramic-helicopter-flight-over-the-french-riviera-from-cannes\/11147?_cid=867\" target=\"_blank\" rel=\"noreferrer noopener sponsored nofollow\">Vuelo en helic\u00f3ptero<\/a> desde Cannes<\/li>\n\n\n\n<li style=\"font-size:14px\"><a href=\"https:\/\/www.getyourguide.es\/nice-l314\/depuis-nice-transport-ar-en-bateau-vers-saint-tropez-t34024\/?partner_id=R3GYW4V&amp;cmp=PL\" target=\"_blank\" rel=\"noreferrer noopener sponsored nofollow\">Servicio de lanzadera a lo largo de la costa<\/a> entre Niza y Saint-Tropez<\/li>\n\n\n\n<li style=\"font-size:14px\">Excursiones en bicicleta: eBike en <a href=\"https:\/\/www.getyourguide.es\/nice-l314\/nice-tour-panoramique-de-la-cote-d-azur-en-e-bike-t211986\/?partner_id=R3GYW4V&amp;cmp=PL\" target=\"_blank\" rel=\"noreferrer noopener sponsored nofollow\">Niza<\/a> &#8211; Bicicleta de monta\u00f1a en el <a href=\"https:\/\/www.manawa.com\/es-ES\/actividad\/francia\/cannes\/mountain-bike-btt\/electric-mountain-bike-ride-through-the-red-rocks-of-the-esterel-massif\/15425?_cid=867\" target=\"_blank\" rel=\"noreferrer noopener sponsored nofollow\">macizo del Esterel<\/a><\/li>\n<\/ul>\n<\/div>\n\n\n\n<div class=\"wp-block-column ville-radius is-layout-flow wp-block-column-is-layout-flow\" style=\"flex-basis:42%\">\n<figure class=\"wp-block-image size-large is-resized img-portrait\"><img decoding=\"async\" src=\"https:\/\/photos.smugmug.com\/Provence-Lovers\/Cassis\/n-7WWMPS\/Activite\/i-tvdDL7m\/0\/e08efae7\/S\/kayak_calanque_cassis-S.jpg\" alt=\"Kayak en la Costa Azul\" style=\"object-fit:contain;width:319px;height:303px\" title=\"\"\/><\/figure>\n<\/div>\n<\/div>\n<\/div><\/div><\/div>\n<\/div><\/div>\n\n<h2 class=\"wp-block-heading\">8. Museo de Arqueolog\u00eda<\/h2>\n\n<figure class=\"wp-block-image size-large\"><img decoding=\"async\" src=\"https:\/\/photos.smugmug.com\/Provence-Lovers\/Nice\/Mus&#xE9;es\/n-hb4qTV\/Mus&#xE9;e-dArch&#xE9;ologie\/i-7Nc4bJ7\/1\/7d60675a\/L\/musee-archeologie-nice-L.jpg\" alt=\"Ruinas de Niza Cimiez\"\/><\/figure>\n\n<h3 class=\"wp-block-heading\">\u00bfPor qu\u00e9 visitarlo? Nuestra opini\u00f3n<\/h3>\n\n<p>Al oeste, en las colinas de Niza, en el barrio de Cimiez, abrimos de un empuj\u00f3n las puertas del Museo de Arqueolog\u00eda de la colina. No s\u00f3lo las ruinas, sino tambi\u00e9n los artefactos, esculturas y reliquias le ayudar\u00e1n a comprender la vida cotidiana de los habitantes de Niza en la antig\u00fcedad.<\/p>\n\n<h3 class=\"wp-block-heading\">3 cosas que ver durante su visita<\/h3>\n\n<p>En este museo se pueden ver muchas exposiciones magn\u00edficas, y \u00e9stas son las que nos llamaron la atenci\u00f3n:  <\/p>\n\n<ul class=\"wp-block-list\">\n<li><strong>Las urnas funerarias<\/strong>, casi intactas, datan de la \u00e9poca romana.<\/li>\n\n\n\n<li><strong>Una colecci\u00f3n de objetos de<\/strong> bronce que revelan los conocimientos de fundici\u00f3n de m\u00e1s de mil a\u00f1os a.C.<\/li>\n\n\n\n<li>En el exterior, las <strong>ruinas del yacimiento de Cimiez<\/strong>, las termas y los edificios auxiliares.<\/li>\n<\/ul>\n\n<figure class=\"wp-block-image size-large\"><img decoding=\"async\" src=\"https:\/\/photos.smugmug.com\/Provence-Lovers\/Nice\/Mus&#xE9;es\/n-hb4qTV\/Mus&#xE9;e-dArch&#xE9;ologie\/i-LqNxxJr\/1\/8a093c0f\/L\/musee-archeologie-nice-2-L.jpg\" alt=\"\"\/><\/figure>\n\n<h3 class=\"wp-block-heading\">Consejos pr\u00e1cticos<\/h3>\n\n<ul class=\"wp-block-list\">\n<li>Abierto todo el a\u00f1o excepto los martes.<\/li>\n\n\n\n<li>Cerrado el<sup>1<\/sup> de enero, el domingo de Pascua,<sup>el 1 de<\/sup> mayo y el 25 de diciembre.<\/li>\n\n\n\n<li>Horario de apertura: de 10.00 a 17.00 horas de noviembre a abril, de 10.00 a 18.00 horas de mayo a octubre.<\/li>\n\n\n\n<li>Adecuado para ni\u00f1os.<\/li>\n\n\n\n<li>Duraci\u00f3n de la visita: 1 hora.<\/li>\n\n\n\n<li>Precio completo para adultos: 5 euros.<\/li>\n\n\n\n<li>La <a href=\"https:\/\/www.musee-archeologie-nice.org\/\" target=\"_blank\" rel=\"noreferrer noopener nofollow\">p\u00e1gina web oficial del Museo Arqueol\u00f3gico de Niza.<\/a><\/li>\n<\/ul>\n\n<hr class=\"wp-block-separator has-text-color has-alpha-channel-opacity has-background is-style-wide\" style=\"background-color:#1a1717;color:#1a1717\"\/>\n\n<p><strong>Leer m\u00e1s<\/strong><\/p>\n\n<ul class=\"wp-block-list\">\n<li><a href=\"https:\/\/provencelovers.fr\/es\/visitar-museo-arqueologia-niza-fotos\/\" type=\"post\" id=\"11138\" target=\"_blank\" rel=\"noreferrer noopener\">Consulte nuestro art\u00edculo completo sobre el Museo de Arqueolog\u00eda de Niza.<\/a><\/li>\n<\/ul>\n\n<hr class=\"wp-block-separator has-text-color has-alpha-channel-opacity has-background is-style-wide\" style=\"background-color:#1a1717;color:#1a1717\"\/>\n\n<h2 class=\"wp-block-heading\">9. Museo de Prehistoria de Terra Amata<\/h2>\n\n<figure class=\"wp-block-image size-large\"><img decoding=\"async\" src=\"https:\/\/photos.smugmug.com\/Provence-Lovers\/Nice\/Mus&#xE9;es\/n-hb4qTV\/Mus&#xE9;e-Terra-Amata-Pr&#xE9;histoire\/i-rLFS3kr\/1\/d2846b87\/L\/musee-terra-amata-prehistoire-nice-L.jpg\" alt=\"Entrada al Museo de Prehistoria Terra Amata Niza\"\/><\/figure>\n\n<h3 class=\"wp-block-heading\">\u00bfPor qu\u00e9 visitarlo? Nuestra opini\u00f3n<\/h3>\n\n<p>Situado en el barrio del Puerto, al este de la ciudad, el Museo de Prehistoria Terra Amata se encuentra en el lugar donde se excav\u00f3 el yacimiento que lleva su nombre. Este yacimiento arqueol\u00f3gico ha revelado el modo de vida de los primeros habitantes de Niza \u00a1hace casi 400.000 a\u00f1os! Una visita obligada si, como a nosotros, le gustan la arqueolog\u00eda y las reliquias.<\/p>\n\n<h3 class=\"wp-block-heading\">3 cosas que ver durante su visita<\/h3>\n\n<p>Lo que m\u00e1s nos llam\u00f3 la atenci\u00f3n de este museo:  <\/p>\n\n<ul class=\"wp-block-list\">\n<li><strong>Cortometrajes<\/strong> <strong>divertidos y educativos<\/strong> que explican el lugar que ocupan los restos en este museo.<\/li>\n\n\n\n<li><strong>Reconstrucciones en miniatura <\/strong>de escenas prehist\u00f3ricas.<\/li>\n\n\n\n<li><strong>Fragmentos de<\/strong> antiguo <strong>colmillo<\/strong> de elefante (\u00a1s\u00ed, ha le\u00eddo bien!).<\/li>\n<\/ul>\n\n<figure class=\"wp-block-image size-large\"><img decoding=\"async\" src=\"https:\/\/photos.smugmug.com\/Provence-Lovers\/Nice\/Mus&#xE9;es\/n-hb4qTV\/Mus&#xE9;e-Terra-Amata-Pr&#xE9;histoire\/i-sb4qN6W\/0\/59d14cd0\/L\/musee-prehistoire-terra-amata-nice-L.jpg\" alt=\"Museo de Prehistoria Terra Amata Niza\"\/><\/figure>\n\n<h3 class=\"wp-block-heading\">Consejos pr\u00e1cticos<\/h3>\n\n<ul class=\"wp-block-list\">\n<li>Abierto todo el a\u00f1o excepto los martes.<\/li>\n\n\n\n<li>Cerrado el<sup>1<\/sup> de enero, el domingo de Pascua,<sup>el 1 de<\/sup> mayo y el 25 de diciembre.<\/li>\n\n\n\n<li>Horario de apertura: de 10.00 a 17.00 horas de noviembre a abril, de 10.00 a 18.00 horas de mayo a octubre.<\/li>\n\n\n\n<li>Adecuado para ni\u00f1os.<\/li>\n\n\n\n<li>Duraci\u00f3n de la visita: 1 hora.<\/li>\n\n\n\n<li>Precio completo para adultos: 5 euros.<\/li>\n\n\n\n<li>La <a href=\"https:\/\/www.musee-terra-amata.org\/\" target=\"_blank\" rel=\"noreferrer noopener nofollow\">p\u00e1gina web oficial del Museo de Prehistoria Terra Amata de Niza.<\/a><\/li>\n<\/ul>\n\n<hr class=\"wp-block-separator has-text-color has-alpha-channel-opacity has-background is-style-wide\" style=\"background-color:#1a1717;color:#1a1717\"\/>\n\n<p><strong>Leer m\u00e1s<\/strong><\/p>\n\n<ul class=\"wp-block-list\">\n<li>Nuestro art\u00edculo completo sobre el Museo de Prehistoria de Terra Amata estar\u00e1 disponible en breve.<\/li>\n<\/ul>\n\n<hr class=\"wp-block-separator has-text-color has-alpha-channel-opacity has-background is-style-wide\" style=\"background-color:#1a1717;color:#1a1717\"\/>\n\n<div style=\"margin-top:8%;margin-bottom:8%\" class=\"wp-block-genesis-blocks-gb-container box gb-block-container\"><div class=\"gb-container-inside\"><div class=\"gb-container-content\">\n<div style=\"background-color:#fefefe;margin-top:6%;margin-bottom:6%\" class=\"wp-block-genesis-blocks-gb-container box gb-block-container\"><div class=\"gb-container-inside\"><div class=\"gb-container-content\" style=\"max-width:700px\">\n<div class=\"wp-block-columns inverse is-layout-flex wp-container-core-columns-is-layout-9d6595d7 wp-block-columns-is-layout-flex\">\n<div class=\"wp-block-column texte_planif is-layout-flow wp-block-column-is-layout-flow\" style=\"flex-basis:58%\">\n<h5 class=\"titre_box\">Reciba nuestro <span class=\"titre_box_manuscrit\">bolet\u00edn<\/span><\/h5>\n\n\n\n<ul class=\"wp-block-list\">\n<li>\u00a1Un soplo de aire fresco en su vida cotidiana en los bellos destinos de Region Lovers!<\/li>\n\n\n\n<li>Una vez al mes<\/li>\n\n\n\n<li>Sin publicidad<\/li>\n<\/ul>\n\n\n\n                <div class='gf_browser_gecko gform_wrapper gravity-theme gform-theme--no-framework waitlist_wrapper' data-form-theme='gravity-theme' data-form-index='0' id='gform_wrapper_4' >\n                        <div class='gform_heading'>\n                            <p class='gform_description'><\/p>\n                        <\/div><form method='post' enctype='multipart\/form-data'  id='gform_4' class='waitlist' action='\/es\/wp-json\/wp\/v2\/posts\/2495' data-formid='4' novalidate> \r\n <input type='hidden' class='gforms-pum' value='{\"closepopup\":false,\"closedelay\":0,\"openpopup\":false,\"openpopup_id\":0}' \/>\n                        <div class='gform-body gform_body'><div id='gform_fields_4' class='gform_fields top_label form_sublabel_below description_below validation_below'><div id=\"field_4_1\" class=\"gfield gfield--type-email gfield--input-type-email gfield_contains_required field_sublabel_below gfield--no-description field_description_below hidden_label field_validation_below gfield_visibility_visible\"  ><label class='gfield_label gform-field-label' for='input_4_1'>E-mail<span class=\"gfield_required\"><span class=\"gfield_required gfield_required_text\">(Obligatorio)<\/span><\/span><\/label><div class='ginput_container ginput_container_email'>\n                            <input name='input_1' id='input_4_1' type='email' value='' class='large'    aria-required=\"true\" aria-invalid=\"false\"  \/>\n                        <\/div><\/div><fieldset id=\"field_4_3\" class=\"gfield gfield--type-consent gfield--type-choice gfield--input-type-consent gfield_contains_required field_sublabel_below gfield--no-description field_description_below hidden_label field_validation_below gfield_visibility_visible\"  ><legend class='gfield_label gform-field-label gfield_label_before_complex' >RGPD<span class=\"gfield_required\"><span class=\"gfield_required gfield_required_text\">(Obligatorio)<\/span><\/span><\/legend><div class='ginput_container ginput_container_consent'><input name='input_3.1' id='input_4_3_1' type='checkbox' value='1'   aria-required=\"true\" aria-invalid=\"false\"   \/> <label class=\"gform-field-label gform-field-label--type-inline gfield_consent_label\" for='input_4_3_1' >S\u00ed, deseo suscribirme al bolet\u00edn mensual<span class=\"gfield_required gfield_required_text\">(Obligatorio)<\/span><\/label><input type='hidden' name='input_3.2' value='S\u00ed, deseo suscribirme al bolet\u00edn mensual' class='gform_hidden' \/><input type='hidden' name='input_3.3' value='1' class='gform_hidden' \/><\/div><\/fieldset><div id=\"field_4_4\" class=\"gfield gfield--type-website gfield--input-type-website field_sublabel_below gfield--no-description field_description_below field_validation_below gfield_visibility_hidden\"  ><div class=\"admin-hidden-markup\"><i class=\"gform-icon gform-icon--hidden\" aria-hidden=\"true\" title=\"Este campo est\u00e1 oculto cuando se visualiza el formulario\"><\/i><span>Este campo est\u00e1 oculto cuando se visualiza el formulario<\/span><\/div><label class='gfield_label gform-field-label' for='input_4_4'>Site Web<\/label><div class='ginput_container ginput_container_website'>\n                    <input name='input_4' id='input_4_4' type='url' value='https:\/\/provencelovers.fr\/es\/wp-json\/wp\/v2\/posts\/2495' class='large'    placeholder='https:\/\/'  aria-invalid=\"false\" \/>\n                <\/div><\/div><\/div><\/div>\n        <div class='gform-footer gform_footer top_label'> <input type='submit' id='gform_submit_button_4' class='gform_button button' onclick='gform.submission.handleButtonClick(this);' data-submission-type='submit' value='Inscr\u00edbase'  \/> \n            <input type='hidden' class='gform_hidden' name='gform_submission_method' data-js='gform_submission_method_4' value='postback' \/>\n            <input type='hidden' class='gform_hidden' name='gform_theme' data-js='gform_theme_4' id='gform_theme_4' value='gravity-theme' \/>\n            <input type='hidden' class='gform_hidden' name='gform_style_settings' data-js='gform_style_settings_4' id='gform_style_settings_4' value='{&quot;inputPrimaryColor&quot;:&quot;#204ce5&quot;}' \/>\n            <input type='hidden' class='gform_hidden' name='is_submit_4' value='1' \/>\n            <input type='hidden' class='gform_hidden' name='gform_submit' value='4' \/>\n            \n            <input type='hidden' class='gform_hidden' name='gform_currency' data-currency='EUR' value='LhZ2oCtr5FAvo0QxMaE57KWh9\/FLxCygug63CImLwUoFmVxgYS4W6ieXK7K+g5tZuewdtJcm8AC+4DUcan3W0O9pGKkl3UvA0wgNB9QwgY3b+wo=' \/>\n            <input type='hidden' class='gform_hidden' name='gform_unique_id' value='' \/>\n            <input type='hidden' class='gform_hidden' name='state_4' value='WyJ7XCIzLjFcIjpcIjQ4N2RjMTgyMjNmY2RjNTA1YjkyNzVhZTM4MWMxNTg5XCIsXCIzLjJcIjpcImVlMWI5YjA3YjVhZDUzODllODkzMDk4ZmI5MWRhMDU1XCIsXCIzLjNcIjpcIjQ4N2RjMTgyMjNmY2RjNTA1YjkyNzVhZTM4MWMxNTg5XCJ9IiwiZTE1NmU3MDgxYTE3OTIzNTgyZmVkYTQ3ODkzM2Q1NTYiXQ==' \/>\n            <input type='hidden' autocomplete='off' class='gform_hidden' name='gform_target_page_number_4' id='gform_target_page_number_4' value='0' \/>\n            <input type='hidden' autocomplete='off' class='gform_hidden' name='gform_source_page_number_4' id='gform_source_page_number_4' value='1' \/>\n            <input type='hidden' name='gform_field_values' value='' \/>\n            \n        <\/div>\n                        <\/form>\n                        <\/div><script>\ngform.initializeOnLoaded( function() {gformInitSpinner( 4, 'https:\/\/provencelovers.fr\/wp-content\/plugins\/gravityforms\/images\/spinner.svg', true );jQuery('#gform_ajax_frame_4').on('load',function(){var contents = jQuery(this).contents().find('*').html();var is_postback = contents.indexOf('GF_AJAX_POSTBACK') >= 0;if(!is_postback){return;}var form_content = jQuery(this).contents().find('#gform_wrapper_4');var is_confirmation = jQuery(this).contents().find('#gform_confirmation_wrapper_4').length > 0;var is_redirect = contents.indexOf('gformRedirect(){') >= 0;var is_form = form_content.length > 0 && ! is_redirect && ! is_confirmation;var mt = parseInt(jQuery('html').css('margin-top'), 10) + parseInt(jQuery('body').css('margin-top'), 10) + 100;if(is_form){jQuery('#gform_wrapper_4').html(form_content.html());if(form_content.hasClass('gform_validation_error')){jQuery('#gform_wrapper_4').addClass('gform_validation_error');} else {jQuery('#gform_wrapper_4').removeClass('gform_validation_error');}setTimeout( function() { \/* delay the scroll by 50 milliseconds to fix a bug in chrome *\/  }, 50 );if(window['gformInitDatepicker']) {gformInitDatepicker();}if(window['gformInitPriceFields']) {gformInitPriceFields();}var current_page = jQuery('#gform_source_page_number_4').val();gformInitSpinner( 4, 'https:\/\/provencelovers.fr\/wp-content\/plugins\/gravityforms\/images\/spinner.svg', true );jQuery(document).trigger('gform_page_loaded', [4, current_page]);window['gf_submitting_4'] = false;}else if(!is_redirect){var confirmation_content = jQuery(this).contents().find('.GF_AJAX_POSTBACK').html();if(!confirmation_content){confirmation_content = contents;}jQuery('#gform_wrapper_4').replaceWith(confirmation_content);jQuery(document).trigger('gform_confirmation_loaded', [4]);window['gf_submitting_4'] = false;wp.a11y.speak(jQuery('#gform_confirmation_message_4').text());}else{jQuery('#gform_4').append(contents);if(window['gformRedirect']) {gformRedirect();}}jQuery(document).trigger(\"gform_pre_post_render\", [{ formId: \"4\", currentPage: \"current_page\", abort: function() { this.preventDefault(); } }]);        if (event && event.defaultPrevented) {                return;        }        const gformWrapperDiv = document.getElementById( \"gform_wrapper_4\" );        if ( gformWrapperDiv ) {            const visibilitySpan = document.createElement( \"span\" );            visibilitySpan.id = \"gform_visibility_test_4\";            gformWrapperDiv.insertAdjacentElement( \"afterend\", visibilitySpan );        }        const visibilityTestDiv = document.getElementById( \"gform_visibility_test_4\" );        let postRenderFired = false;        function triggerPostRender() {            if ( postRenderFired ) {                return;            }            postRenderFired = true;            gform.core.triggerPostRenderEvents( 4, current_page );            if ( visibilityTestDiv ) {                visibilityTestDiv.parentNode.removeChild( visibilityTestDiv );            }        }        function debounce( func, wait, immediate ) {            var timeout;            return function() {                var context = this, args = arguments;                var later = function() {                    timeout = null;                    if ( !immediate ) func.apply( context, args );                };                var callNow = immediate && !timeout;                clearTimeout( timeout );                timeout = setTimeout( later, wait );                if ( callNow ) func.apply( context, args );            };        }        const debouncedTriggerPostRender = debounce( function() {            triggerPostRender();        }, 200 );        if ( visibilityTestDiv && visibilityTestDiv.offsetParent === null ) {            const observer = new MutationObserver( ( mutations ) => {                mutations.forEach( ( mutation ) => {                    if ( mutation.type === 'attributes' && visibilityTestDiv.offsetParent !== null ) {                        debouncedTriggerPostRender();                        observer.disconnect();                    }                });            });            observer.observe( document.body, {                attributes: true,                childList: false,                subtree: true,                attributeFilter: [ 'style', 'class' ],            });        } else {            triggerPostRender();        }    } );} );\n<\/script>\n<\/div>\n\n\n\n<div class=\"wp-block-column is-layout-flow wp-block-column-is-layout-flow\" style=\"flex-basis:42%\">\n<div class=\"wp-block-genesis-blocks-gb-container aligncenter newsletter-radius gb-block-container\"><div class=\"gb-container-inside\"><div class=\"gb-container-content\"><div class=\"wp-block-image newsletter-image\">\n<figure class=\"aligncenter size-full\"><img loading=\"lazy\" decoding=\"async\" width=\"729\" height=\"792\" src=\"https:\/\/provencelovers.fr\/wp-content\/uploads\/2024\/01\/newsletter_FR_2.png\" alt=\"\" class=\"wp-image-8159\" srcset=\"https:\/\/provencelovers.fr\/wp-content\/uploads\/2024\/01\/newsletter_FR_2.png 729w, https:\/\/provencelovers.fr\/wp-content\/uploads\/2024\/01\/newsletter_FR_2-276x300.png 276w\" sizes=\"auto, (max-width: 729px) 100vw, 729px\" \/><\/figure>\n<\/div><\/div><\/div><\/div>\n<\/div>\n<\/div>\n<\/div><\/div><\/div>\n<\/div><\/div><\/div>\n\n<h2 class=\"wp-block-heading\">10. Museo de Fotograf\u00eda Charles N\u00e8gre<\/h2>\n\n<figure class=\"wp-block-image size-large\"><img decoding=\"async\" src=\"https:\/\/photos.smugmug.com\/Provence-Lovers\/Nice\/Mus&#xE9;es\/n-hb4qTV\/Mus&#xE9;e-de-la-Photographie-Charles-N&#xE8;gre\/i-WWp7Hnt\/1\/7f20833a\/L\/Jane-Fonda-Lionel-Kazan-musee-photographie-nice-L.jpg\" alt=\"Museo Charles N&#xE8;gre de Fotograf&#xED;a de Niza\"\/><\/figure>\n\n<h3 class=\"wp-block-heading\">\u00bfPor qu\u00e9 visitarlo? Nuestra opini\u00f3n<\/h3>\n\n<p>El Museo Charles N\u00e8gre debe su fama a los grandes nombres de la fotograf\u00eda que all\u00ed se exponen. El museo acoge principalmente exposiciones temporales. Muchos fot\u00f3grafos contempor\u00e1neos de talento tienen la oportunidad de mostrar su trabajo, para deleite de nuestros ojos.<\/p>\n\n<h3 class=\"wp-block-heading\">3 cosas que ver durante su visita<\/h3>\n\n<p>Pudimos admirar algunas bellas instant\u00e1neas en este museo, y esto es lo que m\u00e1s nos llam\u00f3 la atenci\u00f3n:  <\/p>\n\n<ul class=\"wp-block-list\">\n<li><strong>El edificio del museo: <\/strong>en los locales de la antigua subestaci\u00f3n de la Prefectura, en servicio en los a\u00f1os treinta. El car\u00e1cter industrial de la arquitectura daba al lugar un cach\u00e9 especial.<\/li>\n\n\n\n<li>El <strong>centro de documentaci\u00f3n del museo:<\/strong> de uso libre, puede detenerse aqu\u00ed para consultar gratuitamente libros de bibli\u00f3filo sobre fotograf\u00eda.<\/li>\n\n\n\n<li><strong>La galer\u00eda contigua al museo: <\/strong>dedicada a la fotograf\u00eda regional.<\/li>\n<\/ul>\n\n<figure class=\"wp-block-image size-large\"><img decoding=\"async\" src=\"https:\/\/photos.smugmug.com\/Provence-Lovers\/Nice\/Mus&#xE9;es\/n-hb4qTV\/Mus&#xE9;e-de-la-Photographie-Charles-N&#xE8;gre\/i-PGh6C66\/1\/3754b1f9\/L\/Centre-Documentation-Musee-Photo-Nice-3-L.jpg\" alt=\"Centro de documentaci&#xF3;n del Museo de Fotograf&#xED;a Charles N&#xE8;gre de Niza\"\/><figcaption class=\"wp-element-caption\">Centro de documentaci\u00f3n del Museo de Fotograf\u00eda Charles N\u00e8gre de Niza<\/figcaption><\/figure>\n\n<h3 class=\"wp-block-heading\">Consejos pr\u00e1cticos<\/h3>\n\n<ul class=\"wp-block-list\">\n<li>Abierto todos los d\u00edas excepto los lunes.<\/li>\n\n\n\n<li>Cerrado<strong> <\/strong>el 25 de diciembre, el 1 de enero, el domingo de Pascua y el 1 de mayo.<\/li>\n\n\n\n<li>Horario: el museo abre de 10.00 a 18.00 horas y la galer\u00eda de 10.00 a 12.30 y de 13.30 a 18.00 horas.<\/li>\n\n\n\n<li>Adecuado para ni\u00f1os.<\/li>\n\n\n\n<li>Duraci\u00f3n de la visita: entre 45min y 1h30.<\/li>\n\n\n\n<li>Precio completo para adultos: 5 euros.<\/li>\n\n\n\n<li>La <a href=\"https:\/\/museephotographie.nice.fr\/\" target=\"_blank\" rel=\"noreferrer noopener nofollow\">p\u00e1gina web oficial del Museo de Fotograf\u00eda Charles N\u00e8gre.<\/a><\/li>\n<\/ul>\n\n<hr class=\"wp-block-separator has-text-color has-alpha-channel-opacity has-background is-style-wide\" style=\"background-color:#1a1717;color:#1a1717\"\/>\n\n<p><strong>Leer m\u00e1s<\/strong><\/p>\n\n<ul class=\"wp-block-list\">\n<li>Lea nuestro <a href=\"https:\/\/provencelovers.fr\/es\/museo-fotografia-niza-charles-negre\/\" target=\"_blank\" rel=\"noreferrer noopener\">art\u00edculo completo sobre el Museo de Fotograf\u00eda Charles N\u00e8gre.<\/a><\/li>\n<\/ul>\n\n<hr class=\"wp-block-separator has-text-color has-alpha-channel-opacity has-background is-style-wide\" style=\"background-color:#1a1717;color:#1a1717\"\/>\n\n<h2 class=\"wp-block-heading\">11. Colecciones del Hotel Le Negresco de 5 estrellas<\/h2>\n\n<figure class=\"wp-block-image size-large\"><img decoding=\"async\" src=\"https:\/\/photos.smugmug.com\/Provence-Lovers\/Nice\/Restaurants\/n-wMjggh\/Restaurant-La-Rotonde-Negresco\/i-xWLVtkq\/1\/e946ef26\/L\/Restaurant-La-Rotonde-Negresco-Nice-118-L.jpg\" alt=\"\"\/><\/figure>\n\n<h3 class=\"wp-block-heading\">\u00bfPor qu\u00e9 visitarlo? Nuestra opini\u00f3n<\/h3>\n\n<p>El palacio Le Negresco es legendario, una leyenda en la Riviera francesa. Este edificio encarna la arquitectura de la Belle \u00c9poque a lo largo de la Promenade des Anglais. Considerada como la \u00abembajada francesa del arte\u00bb, tuvimos la suerte de descubrir su colecci\u00f3n de m\u00e1s de 6.000 obras de artistas contempor\u00e1neos, objetos de arte, pinturas y luminarias que adornan sus paredes.<\/p>\n\n<h3 class=\"wp-block-heading\">3 cosas que ver durante su visita<\/h3>\n\n<p>Lo m\u00e1s destacado de nuestra visita, aparte de nuestra comida en La Rotonde:<\/p>\n\n<ul class=\"wp-block-list\">\n<li>El <strong>Sal\u00f3n Mass\u00e9na<\/strong>, una joya de la Belle \u00c9poque, con sus muebles antiguos bien conservados, sus cortinas que se deslizan por las altas ventanas y sus ventanales.<\/li>\n\n\n\n<li>El <strong>Sal\u00f3n <\/strong>Real, que alberga cerca de <strong>6.000 obras de <\/strong>arte desde Luis XIII hasta nuestros d\u00edas.<\/li>\n\n\n\n<li>El <strong>Sal\u00f3n de Versalles<\/strong>, con su retrato de principios de la Ilustraci\u00f3n de <strong>Luis XIV<\/strong>, obra de Hyancinthe Rigaud.<\/li>\n<\/ul>\n\n<figure class=\"wp-block-image size-large\"><img decoding=\"async\" src=\"https:\/\/photos.smugmug.com\/Provence-Lovers\/Nice\/Restaurants\/n-wMjggh\/Restaurant-La-Rotonde-Negresco\/i-Kn97g66\/1\/aff3de58\/L\/Restaurant-La-Rotonde-Negresco-Nice-125-L.jpg\" alt=\"Sal&#xF3;n Mass&#xE9;na en el H&#xF4;tel Le Negresco de Niza\"\/><figcaption class=\"wp-element-caption\">Sal\u00f3n Mass\u00e9na en el H\u00f4tel Le Negresco de Niza<\/figcaption><\/figure>\n\n<h3 class=\"wp-block-heading\">Consejos pr\u00e1cticos<\/h3>\n\n<ul class=\"wp-block-list\">\n<li>Abierto todo el a\u00f1o.<\/li>\n\n\n\n<li>Posibilidad de visitar el hotel y su colecci\u00f3n de arte si es hu\u00e9sped del hotel o de uno de los 2 restaurantes.  <\/li>\n\n\n\n<li>Adecuado para ni\u00f1os.<\/li>\n\n\n\n<li>Duraci\u00f3n de la visita: entre 1h30 y 2h30 dependiendo de si come in situ.<\/li>\n\n\n\n<li>Vea <a href=\"https:\/\/www.booking.com\/hotel\/negresco.html?aid=2319618\" target=\"_blank\" rel=\"noreferrer noopener sponsored nofollow\">m\u00e1s fotos aqu\u00ed.<\/a><\/li>\n<\/ul>\n\n<hr class=\"wp-block-separator has-text-color has-alpha-channel-opacity has-background is-style-wide\" style=\"background-color:#1a1717;color:#1a1717\"\/>\n\n<p><strong>Leer m\u00e1s<\/strong><\/p>\n\n<ul class=\"wp-block-list\">\n<li>Lea <a href=\"https:\/\/provencelovers.fr\/es\/restaurante-rotonde-negresco-niza-opinion\/\" target=\"_blank\" rel=\"noreferrer noopener\">nuestro art\u00edculo completo sobre el restaurante Rotonde del H\u00f4tel Le Negresco de Niza.<\/a><\/li>\n<\/ul>\n\n<hr class=\"wp-block-separator has-text-color has-alpha-channel-opacity has-background is-style-wide\" style=\"background-color:#1a1717;color:#1a1717\"\/>\n\n<h2 class=\"wp-block-heading\">12. Museo de Bellas Artes de Niza<\/h2>\n\n<figure class=\"wp-block-image size-large\"><img decoding=\"async\" src=\"https:\/\/photos.smugmug.com\/Provence-Lovers\/Nice\/Mus&#xE9;es\/n-hb4qTV\/Mus&#xE9;e-des-Beaux-Arts\/i-zcttzj4\/0\/a3f7b3c9\/L\/musee-beaux-arts-nice-L.jpg\" alt=\"Museo de Bellas Artes de Niza\"\/><\/figure>\n\n<h3 class=\"wp-block-heading\">\u00bfPor qu\u00e9 visitarlo? Nuestra opini\u00f3n<\/h3>\n\n<p>Este emblem\u00e1tico recinto de la capital de la Costa Azul re\u00fane grandes obras del Renacimiento al siglo XX. Pinturas y esculturas de artistas como Fragonard, Dufy y Carpeaux se exponen en esta encantadora residencia principesca del siglo XIX.<\/p>\n\n<h3 class=\"wp-block-heading\">3 cosas que ver durante su visita<\/h3>\n\n<p>Lo disfrutamos especialmente:<\/p>\n\n<ul class=\"wp-block-list\">\n<li><strong>la secci\u00f3n dedicada a la pintura de principios<\/strong> del siglo XX: impresionismo, postimpresionismo y vanguardias,  <\/li>\n\n\n\n<li><strong>Obra maestra de Raoul Dufy <em>La statue aux 2 vases rouges<\/em><\/strong>: tapiz de lana,  <\/li>\n\n\n\n<li><em>\n  <strong>Almuerzo en la hierba<\/strong>\n<\/em>famoso cuadro de Jules Ch\u00e9ret que data de 1904.<\/li>\n<\/ul>\n\n<figure class=\"wp-block-image size-large is-resized\"><img decoding=\"async\" src=\"https:\/\/photos.smugmug.com\/Provence-Lovers\/Nice\/Mus&#xE9;es\/n-hb4qTV\/Mus&#xE9;e-des-Beaux-Arts\/i-8JFSnXh\/0\/83df17ce\/L\/musee-beaux-arts-nice-1-L.jpg\" alt=\"Impresionismo, postimpresionismo y vanguardia en el Museo de Bellas Artes de Niza\" style=\"width:702px;height:526px\"\/><figcaption class=\"wp-element-caption\">Impresionismo, postimpresionismo y vanguardia en el Museo de Bellas Artes de Niza<\/figcaption><\/figure>\n\n<h3 class=\"wp-block-heading\">Consejos pr\u00e1cticos<\/h3>\n\n<ul class=\"wp-block-list\">\n<li>Abierto todo el a\u00f1o excepto los lunes.<\/li>\n\n\n\n<li>Cerrado el 1 de enero, el domingo de Pascua, el 1 de mayo y el 25 de diciembre.<\/li>\n\n\n\n<li>Incluido con el Pase de 3 d\u00edas al Museo.<\/li>\n\n\n\n<li>Horario: de 10.00 a 18.00 horas de mayo a octubre, de 11.00 a 18.00 horas de noviembre a abril.<\/li>\n\n\n\n<li>Adecuado para ni\u00f1os.<\/li>\n\n\n\n<li>Duraci\u00f3n de la visita: 1 hora.<\/li>\n\n\n\n<li>Precio completo para adultos: 10 euros.<\/li>\n\n\n\n<li>La <a href=\"http:\/\/www.musee-beaux-arts-nice.org\/\" target=\"_blank\" rel=\"noreferrer noopener nofollow\">p\u00e1gina web oficial del Museo de Bellas Artes de Niza<\/a>.<\/li>\n<\/ul>\n\n<hr class=\"wp-block-separator has-text-color has-alpha-channel-opacity has-background is-style-wide\" style=\"background-color:#1a1717;color:#1a1717\"\/>\n\n<p><strong>Leer m\u00e1s<\/strong><\/p>\n\n<ul class=\"wp-block-list\">\n<li><a href=\"https:\/\/provencelovers.fr\/es\/visitar-museo-bellas-artes-niza\/\" type=\"post\" id=\"11197\" target=\"_blank\" rel=\"noreferrer noopener\">Lea nuestro art\u00edculo completo sobre el Museo de Bellas Artes de Niza.<\/a><\/li>\n<\/ul>\n\n<hr class=\"wp-block-separator has-text-color has-alpha-channel-opacity has-background is-style-wide\" style=\"background-color:#1a1717;color:#1a1717\"\/>\n\n<div style=\"background-color:#ffffff;margin-top:8%;margin-bottom:8%\" class=\"wp-block-genesis-blocks-gb-container box gb-block-container\"><div class=\"gb-container-inside\"><div class=\"gb-container-content\" style=\"max-width:700px\">\n<div class=\"wp-block-columns is-not-stacked-on-mobile texte_planif has-background is-layout-flex wp-container-core-columns-is-layout-9d6595d7 wp-block-columns-is-layout-flex\" style=\"background-color:#9250d91a\">\n<div class=\"wp-block-column img_icone is-layout-flow wp-block-column-is-layout-flow\" style=\"flex-basis:25%\"><div class=\"wp-block-image image_icone\">\n<figure class=\"aligncenter size-full is-resized\"><img loading=\"lazy\" decoding=\"async\" width=\"400\" height=\"400\" src=\"https:\/\/provencelovers.fr\/wp-content\/uploads\/2026\/01\/provence-plane.png\" alt=\"avi&#xF3;n provence\" class=\"wp-image-12898\" style=\"object-fit:cover;width:100px;height:100px\" srcset=\"https:\/\/provencelovers.fr\/wp-content\/uploads\/2026\/01\/provence-plane.png 400w, https:\/\/provencelovers.fr\/wp-content\/uploads\/2026\/01\/provence-plane-300x300.png 300w, https:\/\/provencelovers.fr\/wp-content\/uploads\/2026\/01\/provence-plane-150x150.png 150w, https:\/\/provencelovers.fr\/wp-content\/uploads\/2026\/01\/provence-plane-75x75.png 75w\" sizes=\"auto, (max-width: 400px) 100vw, 400px\" \/><\/figure>\n<\/div><\/div>\n\n\n\n<div class=\"wp-block-column is-vertically-aligned-center paragraphe_une is-layout-flow wp-block-column-is-layout-flow\" style=\"flex-basis:90%\">\n<p style=\"font-size:16px\">\u00a1Es hora de reservar!<br\/><a href=\"https:\/\/skyscanner.pxf.io\/dONaXy\" target=\"_blank\" rel=\"noreferrer noopener sponsored nofollow\"><strong>Comp\u00e1relo todo:<\/strong> compa\u00f1\u00edas, precios, horarios y disponibilidad.<\/a><\/p>\n<\/div>\n<\/div>\n<\/div><\/div><\/div>\n\n<h2 class=\"wp-block-heading\">Museos para hacer con ni\u00f1os en Niza<\/h2>\n\n<h3 class=\"wp-block-heading\">Museo de Historia Natural<\/h3>\n\n<p>\u00bfSab\u00eda que el Museo de Historia Natural de Niza alberga m\u00e1s de un mill\u00f3n de espec\u00edmenes de zoolog\u00eda, bot\u00e1nica y geolog\u00eda? Cerca de la Coul\u00e9e Verte de Niza, disfrutamos de un paseo por la naturaleza entre las especies del litoral mediterr\u00e1neo. Aves, reptiles, mam\u00edferos, insectos, peces, flores y setas de la regi\u00f3n de Niza se exponen en este museo. El sitio est\u00e1 bien documentado y es adecuado tanto para j\u00f3venes como para mayores.<\/p>\n\n<figure class=\"wp-block-image size-large\"><img decoding=\"async\" src=\"https:\/\/photos.smugmug.com\/Provence-Lovers\/Nice\/Mus&#xE9;es\/n-hb4qTV\/Mus&#xE9;e-dHistoire-Naturelle-de-Nice\/i-gvnp3Gc\/0\/2ed016aa\/L\/musee-histoire-naturelle-nice-L.jpg\" alt=\"Museo de Historia Natural de Niza\"\/><\/figure>\n\n<hr class=\"wp-block-separator has-text-color has-alpha-channel-opacity has-background is-style-wide\" style=\"background-color:#0e0d0d;color:#0e0d0d\"\/>\n\n<p><strong>Leer m\u00e1s<\/strong><\/p>\n\n<ul class=\"wp-block-list\">\n<li><a href=\"https:\/\/provencelovers.fr\/es\/vistar-museo-historia-natural-niza\/\" type=\"post\" id=\"4319\" target=\"_blank\" rel=\"noreferrer noopener\">Lea nuestro art\u00edculo completo sobre el Museo de Historia Natural de Niza.<\/a><\/li>\n<\/ul>\n\n<hr class=\"wp-block-separator has-text-color has-alpha-channel-opacity has-background is-style-wide\" style=\"background-color:#0e0d0d;color:#0e0d0d\"\/>\n\n<h3 class=\"wp-block-heading\">Museo Internacional de Arte Naif Anatole Jakovsky<\/h3>\n\n<p>Curiosos por descubrir el arte naif en el Museo Anatole Jakovsky de Niza, viajamos a trav\u00e9s de las \u00e9pocas del arte virtual y aut\u00e9ntico desde el siglo XVIII hasta nuestros d\u00edas, un estilo art\u00edstico no acad\u00e9mico pero reconocido internacionalmente. El Ch\u00e2teau Sainte H\u00e9l\u00e8ne, antigua residencia del perfumista Fran\u00e7ois Coty, alberga este at\u00edpico museo, con un bonito parque verde contiguo. Bauchant, S\u00e9raphine, Rimbert, Lefranc, O&#8217;Brady, Haddelsey, Ligabue, Vivancos y el famoso Douanier Rousseau se exhiben en vistosas colecciones.<\/p>\n\n<figure class=\"wp-block-image size-large\"><img decoding=\"async\" src=\"https:\/\/photos.smugmug.com\/Provence-Lovers\/Nice\/Mus&#xE9;es\/n-hb4qTV\/Mus&#xE9;e-international-dart-na&#xEF;f\/i-GFZ9Ww5\/0\/26e82a21\/L\/musee-international-art-nai&#x308;f-nice-2-L.jpg\" alt=\"Museo internacional de arte naif Anatole Jakovsky en Niza\"\/><\/figure>\n\n<hr class=\"wp-block-separator has-text-color has-alpha-channel-opacity has-background is-style-wide\" style=\"background-color:#0e0d0d;color:#0e0d0d\"\/>\n\n<p><strong>Leer m\u00e1s<\/strong><\/p>\n\n<ul class=\"wp-block-list\">\n<li><a href=\"https:\/\/provencelovers.fr\/es\/visitar-museo-internacional-art-naif-niza\/\" type=\"post\" id=\"9953\" target=\"_blank\" rel=\"noreferrer noopener\">Lea nuestro art\u00edculo completo sobre el Mus\u00e9e international d&#8217;art na\u00eff de Niza.<\/a><\/li>\n<\/ul>\n\n<hr class=\"wp-block-separator has-text-color has-alpha-channel-opacity has-background is-style-wide\" style=\"background-color:#0e0d0d;color:#0e0d0d\"\/>\n\n<div style=\"margin-top:8%;margin-bottom:8%\" class=\"wp-block-genesis-blocks-gb-container box gb-block-container\"><div class=\"gb-container-inside\"><div class=\"gb-container-content\">\n<div class=\"wp-block-columns inverse is-layout-flex wp-container-core-columns-is-layout-9d6595d7 wp-block-columns-is-layout-flex\">\n<div class=\"wp-block-column texte_planif is-layout-flow wp-block-column-is-layout-flow\" style=\"flex-basis:58%\">\n<h5 class=\"titre_box\">DESCUBRA <span class=\"titre_box_manuscrit\">Niza<\/span><\/h5>\n\n\n\n<ul class=\"wp-block-list\">\n<li style=\"font-size:14px\"><a href=\"https:\/\/provencelovers.fr\/es\/que-ver-niza\/\" target=\"_blank\" rel=\"noreferrer noopener\">Qu\u00e9 ver en Niza<\/a><\/li>\n\n\n\n<li style=\"font-size:14px\"><a href=\"https:\/\/provencelovers.fr\/es\/donde-alojarse-niza-mejor-hotel\/\" target=\"_blank\" rel=\"noreferrer noopener\">D\u00f3nde alojarse en Niza: los 15 mejores hoteles<\/a><\/li>\n\n\n\n<li style=\"font-size:14px\"><a href=\"https:\/\/provencelovers.fr\/es\/mejores-restaurantes-mejor-comer\/\" target=\"_blank\" rel=\"noreferrer noopener\">D\u00f3nde comer en Niza: los 20 mejores restaurantes<\/a><\/li>\n\n\n\n<li style=\"font-size:14px\"><a href=\"https:\/\/provencelovers.fr\/es\/museos-niza\/\" target=\"_blank\" rel=\"noreferrer noopener\">Los 12 mejores museos de Niza<\/a><\/li>\n\n\n\n<li style=\"font-size:14px\"><a href=\"https:\/\/provencelovers.fr\/es\/mejores-playas-niza\/\" target=\"_blank\" rel=\"noreferrer noopener\">Las mejores playas<\/a><\/li>\n\n\n\n<li style=\"font-size:14px\"><a href=\"https:\/\/provencelovers.fr\/es\/palais-lascaris-palacio-museo-niza\/\" target=\"_blank\" rel=\"noreferrer noopener\">Visite el Palacio Lascaris<\/a><\/li>\n\n\n\n<li style=\"font-size:14px\"><a href=\"https:\/\/provencelovers.fr\/es\/museo-arte-mamac-niza\/\" target=\"_blank\" rel=\"noreferrer noopener\">Visite el Museo MAMAC<\/a><\/li>\n\n\n\n<li style=\"font-size:14px\"><a href=\"https:\/\/provencelovers.fr\/es\/museo-fotografia-niza-charles-negre\/\" target=\"_blank\" rel=\"noreferrer noopener\">Visite el Museo de la Fotograf\u00eda<\/a><\/li>\n\n\n\n<li style=\"font-size:14px\">Itinerarios: <a href=\"https:\/\/provencelovers.fr\/es\/visitar-niza-1-dia-itinerario\/\" target=\"_blank\" rel=\"noreferrer noopener\">1 d\u00eda<\/a> &#8211; <a href=\"https:\/\/provencelovers.fr\/es\/visita-niza-2-dias-itinerario\/\" target=\"_blank\" rel=\"noreferrer noopener\">2 d\u00edas<\/a> &#8211; <a href=\"https:\/\/provencelovers.fr\/es\/visitar-niza-3-dias-itinerario\/\" target=\"_blank\" rel=\"noreferrer noopener\">3 d\u00edas<\/a> &#8211; <a href=\"https:\/\/provencelovers.fr\/es\/visitar-niza-5-dias-itinerario\/\" target=\"_blank\" rel=\"noreferrer noopener\">5 d\u00edas<\/a> &#8211; <a href=\"https:\/\/provencelovers.fr\/es\/visitar-niza-una-semana-itinerario\/\" target=\"_blank\" rel=\"noreferrer noopener\">7 d\u00edas<\/a><\/li>\n\n\n\n<li style=\"font-size:14px\"><a href=\"https:\/\/provencelovers.fr\/es\/como-alquilar-coche-niza-aeropuerto-estacion\/\" target=\"_blank\" rel=\"noreferrer noopener\">Alquiler de coches en Niza (aeropuerto o estaci\u00f3n)<\/a><\/li>\n\n\n\n<li style=\"font-size:14px\"><a href=\"https:\/\/provencelovers.fr\/es\/mejores-pueblos-cerca-niza\/\" target=\"_blank\" rel=\"noreferrer noopener\">Los pueblos m\u00e1s bonitos de los alrededores de Niza<\/a><\/li>\n<\/ul>\n<\/div>\n\n\n\n<div class=\"wp-block-column ville-radius is-layout-flow wp-block-column-is-layout-flow\" style=\"flex-basis:42%\">\n<figure class=\"wp-block-image size-full is-resized img-portrait\"><img loading=\"lazy\" decoding=\"async\" width=\"421\" height=\"400\" src=\"https:\/\/provencelovers.fr\/wp-content\/uploads\/2023\/05\/Hotel-Anantara-Plaza-Nice-vue-mer-terrasse-restaurant-1-L.png\" alt=\"\" class=\"wp-image-1296\" style=\"width:319px;height:303px\" title=\"\" srcset=\"https:\/\/provencelovers.fr\/wp-content\/uploads\/2023\/05\/Hotel-Anantara-Plaza-Nice-vue-mer-terrasse-restaurant-1-L.png 421w, https:\/\/provencelovers.fr\/wp-content\/uploads\/2023\/05\/Hotel-Anantara-Plaza-Nice-vue-mer-terrasse-restaurant-1-L-300x285.png 300w\" sizes=\"auto, (max-width: 421px) 100vw, 421px\" \/><\/figure>\n<\/div>\n<\/div>\n<\/div><\/div><\/div>\n\n<h2 class=\"wp-block-heading\">Otros museos de Niza<\/h2>\n\n<p>Si visita la zona de Niza y le gustan los museos, aqu\u00ed tiene nuestros favoritos.<\/p>\n\n<h3 class=\"wp-block-heading\">En la ciudad de Vallauris<\/h3>\n\n<ul class=\"wp-block-list\">\n<li><strong>El Museo Picasso<\/strong> en la capilla del Castillo de Vallauris, donde se conservan los frescos de gran formato <em>La Guerre et La Paix<\/em>.<\/li>\n\n\n\n<li><strong>El Museo Magnelli<\/strong> est\u00e1 dedicado a la obra de Alberto Magnelli, coleccionista y pintor abstracto y figurativo del siglo XX.<\/li>\n\n\n\n<li><strong>El Museo de la Cer\u00e1mica<\/strong> recorre la historia de la cer\u00e1mica a trav\u00e9s de los tiempos.<\/li>\n<\/ul>\n\n<figure class=\"wp-block-image size-large\"><img decoding=\"async\" src=\"https:\/\/photos.smugmug.com\/Provence-Lovers\/Vallauris\/n-HFRNcn\/Mus&#xE9;e-C&#xE9;ramique\/i-8FHTG98\/0\/cc20d353\/L\/musee-ceramique-vallauris-L.jpg\" alt=\"Museo de Cer&#xE1;mica de Vallauris\"\/><figcaption class=\"wp-element-caption\">Museo de Cer\u00e1mica de Vallauris<\/figcaption><\/figure>\n\n<h3 class=\"wp-block-heading\">En la ciudad de Cagnes-sur-Mer<\/h3>\n\n<ul class=\"wp-block-list\">\n<li><strong>El Museo Renoir<\/strong> est\u00e1 dedicado al artista impresionista Pierre-Auguste Renoir.<\/li>\n\n\n\n<li>El <strong>Ch\u00e2teau-Mus\u00e9e Grimaldi<\/strong>, situado en un pueblo medieval, alberga retratos de Suzy Solidor, el Museo del Olivo, exposiciones de arte contempor\u00e1neo y un techo pintado de estilo barroco.<\/li>\n<\/ul>\n\n<figure class=\"wp-block-image size-large\"><img decoding=\"async\" src=\"https:\/\/photos.smugmug.com\/Provence-Lovers\/Cagnes-sur-Mer\/n-P4Bf8X\/Ch&#xE2;teau-Mus&#xE9;e-Grimaldi\/i-gGpB992\/0\/7c30a771\/L\/chateau-musee-grimaldi-cagnes-sur-mer-L.jpg\" alt=\"Techo barroco del siglo XVII del Castillo-Museo Grimaldi en Cagnes-sur-Mer\"\/><figcaption class=\"wp-element-caption\">Techo barroco del siglo XVII del Castillo-Museo Grimaldi en Cagnes-sur-Mer<\/figcaption><\/figure>\n\n<div style=\"margin-top:8%;margin-bottom:8%\" class=\"wp-block-genesis-blocks-gb-container box gb-block-container\"><div class=\"gb-container-inside\"><div class=\"gb-container-content\" style=\"max-width:700px\">\n<div class=\"wp-block-genesis-blocks-gb-container box_titre gb-block-container\"><div class=\"gb-container-inside\"><div class=\"gb-container-content\">\n<h5 class=\"titre_box\" style=\"padding-top:10px;\">PLANIFIQUE SU VIAJE A LA <span class=\"titre_box_manuscrit\">Costa Azul<\/span><\/h5>\n<\/div><\/div><\/div>\n\n\n\n<hr class=\"wp-block-separator has-text-color has-alpha-channel-opacity has-background is-style-wide hr-box-planif\" style=\"background-color:#ccd3dd;color:#ccd3dd\"\/>\n\n\n\n<div class=\"wp-block-columns box_sans_border is-layout-flex wp-container-core-columns-is-layout-9d6595d7 wp-block-columns-is-layout-flex\">\n<div class=\"wp-block-column texte_planif is-layout-flow wp-block-column-is-layout-flow\" style=\"font-size:14px;flex-basis:60%\">\n<ul class=\"wp-block-list\">\n<li><strong>Inspiraci\u00f3n<\/strong><\/li>\n<\/ul>\n\n\n\n<p style=\"font-size:14px\"><a href=\"https:\/\/provencelovers.fr\/es\/mejores-paisajes-cote-azur-fotos\/\" target=\"_blank\" rel=\"noreferrer noopener\">Los paisajes m\u00e1s bellos en 30 fotos<\/a><br\/><a href=\"https:\/\/provencelovers.fr\/es\/que-ver-cote-azur-visitar\/\" target=\"_blank\" rel=\"noreferrer noopener\">Qu\u00e9 ver en la Costa Azul<\/a><br\/><a href=\"https:\/\/provencelovers.fr\/es\/mejores-pueblos-costa-azul\/\" target=\"_blank\" rel=\"noreferrer noopener\">Los pueblos m\u00e1s bonitos<\/a><br\/><a href=\"https:\/\/provencelovers.fr\/es\/mejores-playas-costa-azul\/\" target=\"_blank\" rel=\"noreferrer noopener\">Las mejores playas de la Costa Azul<\/a><br\/><a href=\"https:\/\/provencelovers.fr\/es\/mejores-jardines-costa-azul\/\" target=\"_blank\" rel=\"noreferrer noopener\">Los jardines m\u00e1s bellos<\/a><br\/>Las mejores excursiones en barco (pr\u00f3ximamente)<br\/><a href=\"https:\/\/provencelovers.fr\/es\/islas-costa-azul\/\" target=\"_blank\" rel=\"noreferrer noopener\">Las islas m\u00e1s bellas<\/a><br\/><a href=\"https:\/\/provencelovers.fr\/es\/lugares-secretos-costa-azul\/\" target=\"_blank\" rel=\"noreferrer noopener\">Lugares secretos<\/a><\/p>\n<\/div>\n\n\n\n<div class=\"wp-block-column is-vertically-aligned-top planif-radius is-layout-flow wp-block-column-is-layout-flow\" style=\"flex-basis:40%\">\n<figure class=\"wp-block-image size-large img-portrait\"><img decoding=\"async\" src=\"https:\/\/photos.smugmug.com\/Provence-Lovers\/Antibes\/n-mKVLR5\/Port-Ponteil\/i-38NGtcB\/0\/f2464217\/S\/plage_ponteil_vue-S.jpg\" alt=\"Antibes y las monta&#xF1;as\" title=\"\"\/><\/figure>\n<\/div>\n<\/div>\n\n\n\n<hr class=\"wp-block-separator has-text-color has-alpha-channel-opacity has-background is-style-wide hr-box-planif\" style=\"background-color:#ccd3dd;color:#ccd3dd\"\/>\n\n\n\n<div class=\"wp-block-columns box_sans_border is-layout-flex wp-container-core-columns-is-layout-9d6595d7 wp-block-columns-is-layout-flex\">\n<div class=\"wp-block-column texte_planif is-layout-flow wp-block-column-is-layout-flow\" style=\"font-size:14px;flex-basis:60%\">\n<ul class=\"wp-block-list\">\n<li><strong>Consejos pr\u00e1cticos<\/strong><\/li>\n<\/ul>\n\n\n\n<p style=\"font-size:14px\">Un exitoso viaje a la Costa Azul (pr\u00f3ximamente)<br\/><a href=\"https:\/\/provencelovers.fr\/es\/como-alquilar-coche-provenza\/\">Alquile un coche en Provenza<\/a> &#8211; en <a href=\"https:\/\/provencelovers.fr\/es\/como-alquilar-coche-niza-aeropuerto-estacion\/\">Niza<\/a> &#8211; en <a href=\"https:\/\/provencelovers.fr\/es\/como-alquilar-coche-cannes-estacion\/\">Cannes<\/a> &#8211; en <a href=\"https:\/\/provencelovers.fr\/es\/como-alquilar-coche-marsella-aeropuerto-estacion\/\">Marsella<\/a> &#8211; en <a href=\"https:\/\/provencelovers.fr\/es\/como-alquilar-coche-aix-provence-estacion\/\">Aix-en-Provence<\/a>.<\/p>\n\n\n\n<p style=\"font-size:14px\">Itinerarios: <a href=\"https:\/\/provencelovers.fr\/es\/visitar-costa-azul-5-dias-itinerario\/\" target=\"_blank\" rel=\"noreferrer noopener\">5 d\u00edas<\/a> &#8211; <a href=\"https:\/\/provencelovers.fr\/es\/visitar-costa-azul-una-semana-itinerario\/\" target=\"_blank\" rel=\"noreferrer noopener\">1 semana<\/a> &#8211; <a href=\"https:\/\/provencelovers.fr\/es\/10-dias-costa-azul-itinerario-road-trip\/\" target=\"_blank\" rel=\"noreferrer noopener\">10 d\u00edas<\/a><br\/>Ideas para el fin de semana: lo mejor &#8211; <a href=\"https:\/\/provencelovers.fr\/es\/fin-semana-romantico-costa-azul\/\" target=\"_blank\" rel=\"noreferrer noopener\">rom\u00e1ntico<\/a> &#8211; <a href=\"https:\/\/provencelovers.fr\/es\/fin-semana-lujo-costa-azul\/\" target=\"_blank\" rel=\"noreferrer noopener\">lujoso<\/a> &#8211; <a href=\"https:\/\/provencelovers.fr\/es\/fin-semana-insolito-costa-azul\/\" target=\"_blank\" rel=\"noreferrer noopener\">inusual<\/a><\/p>\n<\/div>\n\n\n\n<div class=\"wp-block-column is-vertically-aligned-top planif-radius is-layout-flow wp-block-column-is-layout-flow\" style=\"flex-basis:40%\">\n<figure class=\"wp-block-image size-large img-portrait\"><img decoding=\"async\" src=\"https:\/\/photos.smugmug.com\/Provence-Lovers\/Nice\/n-wSXLpq\/Gare\/i-b5C5b9P\/0\/d153a796\/S\/gare-tgv-nice-train-S.jpg\" alt=\"Estaci&#xF3;n de Niza\" title=\"\"\/><\/figure>\n<\/div>\n<\/div>\n\n\n\n<hr class=\"wp-block-separator has-text-color has-alpha-channel-opacity has-background is-style-wide hr-box-planif\" style=\"background-color:#ccd3dd;color:#ccd3dd\"\/>\n\n\n\n<div class=\"wp-block-columns box_sans_border is-layout-flex wp-container-core-columns-is-layout-9d6595d7 wp-block-columns-is-layout-flex\">\n<div class=\"wp-block-column texte_planif is-layout-flow wp-block-column-is-layout-flow\" style=\"flex-basis:60%\">\n<ul class=\"wp-block-list\">\n<li><strong>D\u00f3nde alojarse<\/strong><\/li>\n<\/ul>\n\n\n\n<p style=\"font-size:14px\"><a href=\"https:\/\/provencelovers.fr\/es\/donde-alojarse-costa-azul-mejores-destinos\/\" target=\"_blank\" rel=\"noreferrer noopener\">D\u00f3nde alojarse en la Costa Azul<\/a><br\/><a href=\"https:\/\/provencelovers.fr\/es\/mejores-hoteles-5-estrellas-costa-azul-lujo-opiniones\/\" target=\"_blank\" rel=\"noreferrer noopener\">Los mejores hoteles de lujo de la Costa Azul<\/a><br\/><a href=\"https:\/\/provencelovers.fr\/es\/mejores-hoteles-frente-mar-costa-azul-playa\/\" target=\"_blank\" rel=\"noreferrer noopener\">Hoteles junto al mar<\/a><br\/><a href=\"https:\/\/provencelovers.fr\/es\/mejores-hoteles-boutique-costa-azul-encanto\/\" target=\"_blank\" rel=\"noreferrer noopener\">Los mejores hoteles boutique<\/a><\/p>\n<\/div>\n\n\n\n<div class=\"wp-block-column is-vertically-aligned-top planif-radius is-layout-flow wp-block-column-is-layout-flow\" style=\"flex-basis:40%\">\n<figure class=\"wp-block-image size-large img-portrait\"><img decoding=\"async\" src=\"https:\/\/photos.smugmug.com\/Provence-Lovers\/Nice\/H&#xF4;tels\/n-vLRxMK\/H&#xF4;tel-Anantara-Plaza-Nice\/i-2LsgGht\/1\/4997b805\/S\/Hotel-Anantara-Plaza-Nice-vue-mer-terrasse-restaurant-S.jpg\" alt=\"\" title=\"\"\/><\/figure>\n<\/div>\n<\/div>\n\n\n\n<hr class=\"wp-block-separator has-text-color has-alpha-channel-opacity has-background is-style-wide hr-box-planif\" style=\"background-color:#ccd3dd;color:#ccd3dd\"\/>\n\n\n\n<div class=\"wp-block-columns box_sans_border is-layout-flex wp-container-core-columns-is-layout-9d6595d7 wp-block-columns-is-layout-flex\">\n<div class=\"wp-block-column texte_planif is-layout-flow wp-block-column-is-layout-flow\" style=\"flex-basis:60%\">\n<ul class=\"wp-block-list\">\n<li><strong>Lo imprescindible<\/strong><\/li>\n<\/ul>\n\n\n\n<p style=\"font-size:14px\"><a href=\"https:\/\/provencelovers.fr\/es\/que-ver-niza\/\" target=\"_blank\" rel=\"noreferrer noopener\">Qu\u00e9 ver en Niza<\/a><br\/><a href=\"https:\/\/provencelovers.fr\/es\/que-ver-cannes-visitar\/\" target=\"_blank\" rel=\"noreferrer noopener\">Qu\u00e9 ver en Cannes<\/a><br\/><a href=\"https:\/\/provencelovers.fr\/es\/que-ver-antibes-visitar\/\" target=\"_blank\" rel=\"noreferrer noopener\">Qu\u00e9 ver en Antibes<\/a><br\/><a href=\"https:\/\/provencelovers.fr\/es\/que-ver-monaco-visitar\/\">Qu\u00e9 ver en M\u00f3naco<\/a><br\/><a href=\"https:\/\/provencelovers.fr\/es\/que-ver-saint-tropez-visitar\/\" target=\"_blank\" rel=\"noreferrer noopener\">Qu\u00e9 ver en Saint-Tropez<\/a><br\/><a href=\"https:\/\/provencelovers.fr\/es\/que-ver-cassis-visitar\/\" target=\"_blank\" rel=\"noreferrer noopener\">Qu\u00e9 ver en Cassis<\/a><br\/><a href=\"https:\/\/provencelovers.fr\/es\/que-ver-la-ciotat-visitar\/\">Qu\u00e9 ver en La Ciotat<\/a><br\/><a href=\"https:\/\/provencelovers.fr\/es\/que-ver-pueblo-eze-visitar\/\">Pueblo de \u00c8ze<\/a><\/p>\n<\/div>\n\n\n\n<div class=\"wp-block-column is-vertically-aligned-top planif-radius is-layout-flow wp-block-column-is-layout-flow\" style=\"flex-basis:40%\">\n<figure class=\"wp-block-image size-large img-portrait\"><img decoding=\"async\" src=\"https:\/\/photos.smugmug.com\/Provence-Lovers\/Antibes\/n-mKVLR5\/Port-dAntibes\/i-nX9XG8L\/0\/feace0c9\/S\/nomade-port-antibes-S.jpg\" alt=\"murallas Antibes\" title=\"\"\/><\/figure>\n<\/div>\n<\/div>\n\n\n\n<div class=\"wp-block-buttons planif_bouton is-content-justification-center is-layout-flex wp-container-core-buttons-is-layout-16018d1d wp-block-buttons-is-layout-flex\">\n<div class=\"wp-block-button has-custom-font-size\" style=\"font-size:14px\"><a class=\"wp-block-button__link has-white-color has-text-color wp-element-button\" style=\"border-radius:4px\">Ver todos nuestros consejos (pr\u00f3ximamente)<img loading=\"lazy\" decoding=\"async\" width=\"16\" height=\"17\" class=\"wp-image-2851\" style=\"width: 16px;\" src=\"https:\/\/provencelovers.fr\/wp-content\/uploads\/2023\/08\/ArrowRight.webp\" alt=\"\"\/><\/a><\/div>\n<\/div>\n<\/div><\/div><\/div>\n\n<div class=\"wp-block-genesis-blocks-gb-container box_auteur_voyage gb-block-container\"><div class=\"gb-container-inside\"><div class=\"gb-container-content\">\n<figure class=\"wp-block-image size-large img_auteur_voyage img_provisoire\"><a href=\"https:\/\/provencelovers.fr\/es\/myriam-bendriss-mudibu\/\" target=\"_blank\" rel=\"noreferrer noopener\"><img decoding=\"async\" src=\"https:\/\/photos.smugmug.com\/Region-Lovers\/Equipe\/i-2VkpKdc\/0\/DqDG7GbR6CxhqJq4M7VBQnSmkShv4QM9sWgTxgDm4\/L\/myriam-2-L.jpg\" alt=\"\"\/><\/a><\/figure>\n\n\n\n<h5 class=\"titre_auteur_voyage\"><span>ELLA HIZO EL VIAJE Y ESCRIBI\u00d3 EL ART\u00cdCULO \n <\/span><span class=\"titre_box_manuscrit\">Myriam<\/span><\/h5>\n<\/div><\/div><\/div>\n","protected":false},"excerpt":{"rendered":"<p>Haga un recorrido por los 12 museos de Niza para conocer mejor los or\u00edgenes de la ciudad, su patrimonio y su relaci\u00f3n con el arte. Desde el arte moderno y contempor\u00e1neo hasta la arqueolog\u00eda, la naturaleza y la fotograf\u00eda, descubrir\u00e1 unaoferta cultural rica y variada en la capital de la Costa Azul y s\u00edmbolo de [&hellip;]<\/p>\n","protected":false},"author":7,"featured_media":2481,"comment_status":"closed","ping_status":"closed","sticky":false,"template":"","format":"standard","meta":{"_genesis_hide_title":false,"_genesis_hide_breadcrumbs":false,"_genesis_hide_singular_image":false,"_genesis_hide_footer_widgets":false,"_genesis_custom_body_class":"","_genesis_custom_post_class":"","_genesis_layout":"","footnotes":""},"categories":[129],"tags":[],"class_list":{"0":"post-2495","1":"post","2":"type-post","3":"status-publish","4":"format-standard","5":"has-post-thumbnail","7":"category-niza-region","8":"entry"},"yoast_head":"<!-- This site is optimized with the Yoast SEO plugin v27.2 - https:\/\/yoast.com\/product\/yoast-seo-wordpress\/ -->\n<title>Los 12 mejores museos de Niza: opini\u00f3n + consejos<\/title>\n<meta name=\"description\" content=\"Descubra nuestra selecci\u00f3n de 12 museos imprescindibles de Niza, con muchas fotos y consejos pr\u00e1cticos que le ayudar\u00e1n a elegir.\" \/>\n<meta name=\"robots\" content=\"index, follow, max-snippet:-1, max-image-preview:large, max-video-preview:-1\" \/>\n<link rel=\"canonical\" href=\"https:\/\/provencelovers.fr\/es\/museos-niza\/\" \/>\n<meta property=\"og:locale\" content=\"es_ES\" \/>\n<meta property=\"og:type\" content=\"article\" \/>\n<meta property=\"og:title\" content=\"Los 12 mejores museos de Niza: opini\u00f3n + consejos\" \/>\n<meta property=\"og:description\" content=\"Descubra nuestra selecci\u00f3n de 12 museos imprescindibles de Niza, con muchas fotos y consejos pr\u00e1cticos que le ayudar\u00e1n a elegir.\" \/>\n<meta property=\"og:url\" content=\"https:\/\/provencelovers.fr\/es\/museos-niza\/\" \/>\n<meta property=\"og:site_name\" content=\"Provence Lovers\" \/>\n<meta property=\"article:published_time\" content=\"2023-06-14T08:30:10+00:00\" \/>\n<meta property=\"article:modified_time\" content=\"2026-03-18T13:44:05+00:00\" \/>\n<meta property=\"og:image\" content=\"https:\/\/provencelovers.fr\/wp-content\/uploads\/2023\/06\/visitar-museos-niza.jpeg\" \/>\n\t<meta property=\"og:image:width\" content=\"1067\" \/>\n\t<meta property=\"og:image:height\" content=\"800\" \/>\n\t<meta property=\"og:image:type\" content=\"image\/jpeg\" \/>\n<meta name=\"author\" content=\"Myriam BENDRISS MUDIBU\" \/>\n<meta name=\"twitter:card\" content=\"summary_large_image\" \/>\n<meta name=\"twitter:label1\" content=\"Escrito por\" \/>\n\t<meta name=\"twitter:data1\" content=\"Myriam BENDRISS MUDIBU\" \/>\n\t<meta name=\"twitter:label2\" content=\"Tiempo de lectura\" \/>\n\t<meta name=\"twitter:data2\" content=\"21 minutos\" \/>\n<script type=\"application\/ld+json\" class=\"yoast-schema-graph\">{\"@context\":\"https:\/\/schema.org\",\"@graph\":[{\"@type\":\"Article\",\"@id\":\"https:\/\/provencelovers.fr\/es\/museos-niza\/#article\",\"isPartOf\":{\"@id\":\"https:\/\/provencelovers.fr\/es\/museos-niza\/\"},\"author\":{\"name\":\"Myriam BENDRISS MUDIBU\",\"@id\":\"https:\/\/provencelovers.fr\/es\/#\/schema\/person\/89f0e53547226b6e5d4ba8e2cdeecbf8\"},\"headline\":\"Los 12 mejores museos de Niza: opini\u00f3n + consejos\",\"datePublished\":\"2023-06-14T08:30:10+00:00\",\"dateModified\":\"2026-03-18T13:44:05+00:00\",\"mainEntityOfPage\":{\"@id\":\"https:\/\/provencelovers.fr\/es\/museos-niza\/\"},\"wordCount\":4149,\"publisher\":{\"@id\":\"https:\/\/provencelovers.fr\/es\/#organization\"},\"image\":{\"@id\":\"https:\/\/provencelovers.fr\/es\/museos-niza\/#primaryimage\"},\"thumbnailUrl\":\"https:\/\/provencelovers.fr\/wp-content\/uploads\/2023\/06\/visitar-museos-niza.jpeg\",\"articleSection\":[\"Niza y sus alrededores\"],\"inLanguage\":\"es\"},{\"@type\":\"WebPage\",\"@id\":\"https:\/\/provencelovers.fr\/es\/museos-niza\/\",\"url\":\"https:\/\/provencelovers.fr\/es\/museos-niza\/\",\"name\":\"Los 12 mejores museos de Niza: opini\u00f3n + consejos\",\"isPartOf\":{\"@id\":\"https:\/\/provencelovers.fr\/es\/#website\"},\"primaryImageOfPage\":{\"@id\":\"https:\/\/provencelovers.fr\/es\/museos-niza\/#primaryimage\"},\"image\":{\"@id\":\"https:\/\/provencelovers.fr\/es\/museos-niza\/#primaryimage\"},\"thumbnailUrl\":\"https:\/\/provencelovers.fr\/wp-content\/uploads\/2023\/06\/visitar-museos-niza.jpeg\",\"datePublished\":\"2023-06-14T08:30:10+00:00\",\"dateModified\":\"2026-03-18T13:44:05+00:00\",\"description\":\"Descubra nuestra selecci\u00f3n de 12 museos imprescindibles de Niza, con muchas fotos y consejos pr\u00e1cticos que le ayudar\u00e1n a elegir.\",\"breadcrumb\":{\"@id\":\"https:\/\/provencelovers.fr\/es\/museos-niza\/#breadcrumb\"},\"inLanguage\":\"es\",\"potentialAction\":[{\"@type\":\"ReadAction\",\"target\":[\"https:\/\/provencelovers.fr\/es\/museos-niza\/\"]}]},{\"@type\":\"ImageObject\",\"inLanguage\":\"es\",\"@id\":\"https:\/\/provencelovers.fr\/es\/museos-niza\/#primaryimage\",\"url\":\"https:\/\/provencelovers.fr\/wp-content\/uploads\/2023\/06\/visitar-museos-niza.jpeg\",\"contentUrl\":\"https:\/\/provencelovers.fr\/wp-content\/uploads\/2023\/06\/visitar-museos-niza.jpeg\",\"width\":1067,\"height\":800,\"caption\":\"Descubra nuestra selecci\u00f3n de 12 museos imprescindibles de Niza, con numerosas fotos y consejos pr\u00e1cticos para ayudarle a elegir.\"},{\"@type\":\"BreadcrumbList\",\"@id\":\"https:\/\/provencelovers.fr\/es\/museos-niza\/#breadcrumb\",\"itemListElement\":[{\"@type\":\"ListItem\",\"position\":1,\"name\":\"Home\",\"item\":\"https:\/\/provencelovers.fr\/es\/\"},{\"@type\":\"ListItem\",\"position\":2,\"name\":\"Niza y sus alrededores\",\"item\":\"https:\/\/provencelovers.fr\/es\/niza-region\/\"},{\"@type\":\"ListItem\",\"position\":3,\"name\":\"Los 12 mejores museos de Niza: opini\u00f3n + consejos\"}]},{\"@type\":\"WebSite\",\"@id\":\"https:\/\/provencelovers.fr\/es\/#website\",\"url\":\"https:\/\/provencelovers.fr\/es\/\",\"name\":\"Provence Lovers\",\"description\":\"Despertar los sentidos en Provenza - Le blog de Claire et Manu\",\"publisher\":{\"@id\":\"https:\/\/provencelovers.fr\/es\/#organization\"},\"potentialAction\":[{\"@type\":\"SearchAction\",\"target\":{\"@type\":\"EntryPoint\",\"urlTemplate\":\"https:\/\/provencelovers.fr\/es\/?s={search_term_string}\"},\"query-input\":{\"@type\":\"PropertyValueSpecification\",\"valueRequired\":true,\"valueName\":\"search_term_string\"}}],\"inLanguage\":\"es\"},{\"@type\":\"Organization\",\"@id\":\"https:\/\/provencelovers.fr\/es\/#organization\",\"name\":\"Provence Lovers\",\"url\":\"https:\/\/provencelovers.fr\/es\/\",\"logo\":{\"@type\":\"ImageObject\",\"inLanguage\":\"es\",\"@id\":\"https:\/\/provencelovers.fr\/es\/#\/schema\/logo\/image\/\",\"url\":\"https:\/\/provencelovers.fr\/wp-content\/uploads\/2022\/11\/Blog-Provence-Lovers-Logos.png\",\"contentUrl\":\"https:\/\/provencelovers.fr\/wp-content\/uploads\/2022\/11\/Blog-Provence-Lovers-Logos.png\",\"width\":2707,\"height\":863,\"caption\":\"Provence Lovers\"},\"image\":{\"@id\":\"https:\/\/provencelovers.fr\/es\/#\/schema\/logo\/image\/\"}},{\"@type\":\"Person\",\"@id\":\"https:\/\/provencelovers.fr\/es\/#\/schema\/person\/89f0e53547226b6e5d4ba8e2cdeecbf8\",\"name\":\"Myriam BENDRISS MUDIBU\",\"image\":{\"@type\":\"ImageObject\",\"inLanguage\":\"es\",\"@id\":\"https:\/\/secure.gravatar.com\/avatar\/b12daa667e6163c3e2e69624e17f9252a84ae1a553487ee656723e55b4eae853?s=96&d=mm&r=g\",\"url\":\"https:\/\/secure.gravatar.com\/avatar\/b12daa667e6163c3e2e69624e17f9252a84ae1a553487ee656723e55b4eae853?s=96&d=mm&r=g\",\"contentUrl\":\"https:\/\/secure.gravatar.com\/avatar\/b12daa667e6163c3e2e69624e17f9252a84ae1a553487ee656723e55b4eae853?s=96&d=mm&r=g\",\"caption\":\"Myriam BENDRISS MUDIBU\"},\"sameAs\":[\"https:\/\/provencelovers.fr\/myriam-bendriss-mudibu\/\"],\"url\":\"https:\/\/provencelovers.fr\/es\/author\/myriam\/\"}]}<\/script>\n<!-- \/ Yoast SEO plugin. -->","yoast_head_json":{"title":"Los 12 mejores museos de Niza: opini\u00f3n + consejos","description":"Descubra nuestra selecci\u00f3n de 12 museos imprescindibles de Niza, con muchas fotos y consejos pr\u00e1cticos que le ayudar\u00e1n a elegir.","robots":{"index":"index","follow":"follow","max-snippet":"max-snippet:-1","max-image-preview":"max-image-preview:large","max-video-preview":"max-video-preview:-1"},"canonical":"https:\/\/provencelovers.fr\/es\/museos-niza\/","og_locale":"es_ES","og_type":"article","og_title":"Los 12 mejores museos de Niza: opini\u00f3n + consejos","og_description":"Descubra nuestra selecci\u00f3n de 12 museos imprescindibles de Niza, con muchas fotos y consejos pr\u00e1cticos que le ayudar\u00e1n a elegir.","og_url":"https:\/\/provencelovers.fr\/es\/museos-niza\/","og_site_name":"Provence Lovers","article_published_time":"2023-06-14T08:30:10+00:00","article_modified_time":"2026-03-18T13:44:05+00:00","og_image":[{"width":1067,"height":800,"url":"https:\/\/provencelovers.fr\/wp-content\/uploads\/2023\/06\/visitar-museos-niza.jpeg","type":"image\/jpeg"}],"author":"Myriam BENDRISS MUDIBU","twitter_card":"summary_large_image","twitter_misc":{"Escrito por":"Myriam BENDRISS MUDIBU","Tiempo de lectura":"21 minutos"},"schema":{"@context":"https:\/\/schema.org","@graph":[{"@type":"Article","@id":"https:\/\/provencelovers.fr\/es\/museos-niza\/#article","isPartOf":{"@id":"https:\/\/provencelovers.fr\/es\/museos-niza\/"},"author":{"name":"Myriam BENDRISS MUDIBU","@id":"https:\/\/provencelovers.fr\/es\/#\/schema\/person\/89f0e53547226b6e5d4ba8e2cdeecbf8"},"headline":"Los 12 mejores museos de Niza: opini\u00f3n + consejos","datePublished":"2023-06-14T08:30:10+00:00","dateModified":"2026-03-18T13:44:05+00:00","mainEntityOfPage":{"@id":"https:\/\/provencelovers.fr\/es\/museos-niza\/"},"wordCount":4149,"publisher":{"@id":"https:\/\/provencelovers.fr\/es\/#organization"},"image":{"@id":"https:\/\/provencelovers.fr\/es\/museos-niza\/#primaryimage"},"thumbnailUrl":"https:\/\/provencelovers.fr\/wp-content\/uploads\/2023\/06\/visitar-museos-niza.jpeg","articleSection":["Niza y sus alrededores"],"inLanguage":"es"},{"@type":"WebPage","@id":"https:\/\/provencelovers.fr\/es\/museos-niza\/","url":"https:\/\/provencelovers.fr\/es\/museos-niza\/","name":"Los 12 mejores museos de Niza: opini\u00f3n + consejos","isPartOf":{"@id":"https:\/\/provencelovers.fr\/es\/#website"},"primaryImageOfPage":{"@id":"https:\/\/provencelovers.fr\/es\/museos-niza\/#primaryimage"},"image":{"@id":"https:\/\/provencelovers.fr\/es\/museos-niza\/#primaryimage"},"thumbnailUrl":"https:\/\/provencelovers.fr\/wp-content\/uploads\/2023\/06\/visitar-museos-niza.jpeg","datePublished":"2023-06-14T08:30:10+00:00","dateModified":"2026-03-18T13:44:05+00:00","description":"Descubra nuestra selecci\u00f3n de 12 museos imprescindibles de Niza, con muchas fotos y consejos pr\u00e1cticos que le ayudar\u00e1n a elegir.","breadcrumb":{"@id":"https:\/\/provencelovers.fr\/es\/museos-niza\/#breadcrumb"},"inLanguage":"es","potentialAction":[{"@type":"ReadAction","target":["https:\/\/provencelovers.fr\/es\/museos-niza\/"]}]},{"@type":"ImageObject","inLanguage":"es","@id":"https:\/\/provencelovers.fr\/es\/museos-niza\/#primaryimage","url":"https:\/\/provencelovers.fr\/wp-content\/uploads\/2023\/06\/visitar-museos-niza.jpeg","contentUrl":"https:\/\/provencelovers.fr\/wp-content\/uploads\/2023\/06\/visitar-museos-niza.jpeg","width":1067,"height":800,"caption":"Descubra nuestra selecci\u00f3n de 12 museos imprescindibles de Niza, con numerosas fotos y consejos pr\u00e1cticos para ayudarle a elegir."},{"@type":"BreadcrumbList","@id":"https:\/\/provencelovers.fr\/es\/museos-niza\/#breadcrumb","itemListElement":[{"@type":"ListItem","position":1,"name":"Home","item":"https:\/\/provencelovers.fr\/es\/"},{"@type":"ListItem","position":2,"name":"Niza y sus alrededores","item":"https:\/\/provencelovers.fr\/es\/niza-region\/"},{"@type":"ListItem","position":3,"name":"Los 12 mejores museos de Niza: opini\u00f3n + consejos"}]},{"@type":"WebSite","@id":"https:\/\/provencelovers.fr\/es\/#website","url":"https:\/\/provencelovers.fr\/es\/","name":"Provence Lovers","description":"Despertar los sentidos en Provenza - Le blog de Claire et Manu","publisher":{"@id":"https:\/\/provencelovers.fr\/es\/#organization"},"potentialAction":[{"@type":"SearchAction","target":{"@type":"EntryPoint","urlTemplate":"https:\/\/provencelovers.fr\/es\/?s={search_term_string}"},"query-input":{"@type":"PropertyValueSpecification","valueRequired":true,"valueName":"search_term_string"}}],"inLanguage":"es"},{"@type":"Organization","@id":"https:\/\/provencelovers.fr\/es\/#organization","name":"Provence Lovers","url":"https:\/\/provencelovers.fr\/es\/","logo":{"@type":"ImageObject","inLanguage":"es","@id":"https:\/\/provencelovers.fr\/es\/#\/schema\/logo\/image\/","url":"https:\/\/provencelovers.fr\/wp-content\/uploads\/2022\/11\/Blog-Provence-Lovers-Logos.png","contentUrl":"https:\/\/provencelovers.fr\/wp-content\/uploads\/2022\/11\/Blog-Provence-Lovers-Logos.png","width":2707,"height":863,"caption":"Provence Lovers"},"image":{"@id":"https:\/\/provencelovers.fr\/es\/#\/schema\/logo\/image\/"}},{"@type":"Person","@id":"https:\/\/provencelovers.fr\/es\/#\/schema\/person\/89f0e53547226b6e5d4ba8e2cdeecbf8","name":"Myriam BENDRISS MUDIBU","image":{"@type":"ImageObject","inLanguage":"es","@id":"https:\/\/secure.gravatar.com\/avatar\/b12daa667e6163c3e2e69624e17f9252a84ae1a553487ee656723e55b4eae853?s=96&d=mm&r=g","url":"https:\/\/secure.gravatar.com\/avatar\/b12daa667e6163c3e2e69624e17f9252a84ae1a553487ee656723e55b4eae853?s=96&d=mm&r=g","contentUrl":"https:\/\/secure.gravatar.com\/avatar\/b12daa667e6163c3e2e69624e17f9252a84ae1a553487ee656723e55b4eae853?s=96&d=mm&r=g","caption":"Myriam BENDRISS MUDIBU"},"sameAs":["https:\/\/provencelovers.fr\/myriam-bendriss-mudibu\/"],"url":"https:\/\/provencelovers.fr\/es\/author\/myriam\/"}]}},"featured_image_src":"https:\/\/provencelovers.fr\/wp-content\/uploads\/2023\/06\/visitar-museos-niza-600x400.jpeg","featured_image_src_square":"https:\/\/provencelovers.fr\/wp-content\/uploads\/2023\/06\/visitar-museos-niza-600x600.jpeg","author_info":{"display_name":"Myriam BENDRISS MUDIBU","author_link":"https:\/\/provencelovers.fr\/es\/author\/myriam\/"},"_links":{"self":[{"href":"https:\/\/provencelovers.fr\/es\/wp-json\/wp\/v2\/posts\/2495","targetHints":{"allow":["GET"]}}],"collection":[{"href":"https:\/\/provencelovers.fr\/es\/wp-json\/wp\/v2\/posts"}],"about":[{"href":"https:\/\/provencelovers.fr\/es\/wp-json\/wp\/v2\/types\/post"}],"author":[{"embeddable":true,"href":"https:\/\/provencelovers.fr\/es\/wp-json\/wp\/v2\/users\/7"}],"replies":[{"embeddable":true,"href":"https:\/\/provencelovers.fr\/es\/wp-json\/wp\/v2\/comments?post=2495"}],"version-history":[{"count":0,"href":"https:\/\/provencelovers.fr\/es\/wp-json\/wp\/v2\/posts\/2495\/revisions"}],"wp:featuredmedia":[{"embeddable":true,"href":"https:\/\/provencelovers.fr\/es\/wp-json\/wp\/v2\/media\/2481"}],"wp:attachment":[{"href":"https:\/\/provencelovers.fr\/es\/wp-json\/wp\/v2\/media?parent=2495"}],"wp:term":[{"taxonomy":"category","embeddable":true,"href":"https:\/\/provencelovers.fr\/es\/wp-json\/wp\/v2\/categories?post=2495"},{"taxonomy":"post_tag","embeddable":true,"href":"https:\/\/provencelovers.fr\/es\/wp-json\/wp\/v2\/tags?post=2495"}],"curies":[{"name":"wp","href":"https:\/\/api.w.org\/{rel}","templated":true}]}}