{"id":12066,"date":"2024-09-13T16:38:21","date_gmt":"2024-09-13T14:38:21","guid":{"rendered":"https:\/\/provencelovers.fr\/cote-azur-noviembre-meteo-temperaturas\/"},"modified":"2024-09-17T15:34:18","modified_gmt":"2024-09-17T13:34:18","slug":"costa-azul-noviembre-tiempo-temperaturas","status":"publish","type":"post","link":"https:\/\/provencelovers.fr\/es\/costa-azul-noviembre-tiempo-temperaturas\/","title":{"rendered":"La Costa Azul en noviembre: \u00a1Nuestra gu\u00eda completa!"},"content":{"rendered":"\n<p>\u00bfLe apetece un viaje a la <strong>Costa Azul en noviembre<\/strong>?<br\/>Averig\u00fce si la regi\u00f3n es adecuada para usted en esta \u00e9poca del a\u00f1o, con nuestra completa gu\u00eda sobre el clima, las condiciones para viajar, las aglomeraciones, los precios, las atracciones y los acontecimientos.<\/p>\n\n<figure class=\"wp-block-image size-large\"><img decoding=\"async\" src=\"https:\/\/provencelovers.fr\/wp-content\/uploads\/2024\/03\/costa-azul-noviembre-tiempo-temperaturas-1024x773.jpg\" alt=\"cote azur meteo temperaturas de noviembre\" class=\"wp-image-10115\"\/><\/figure>\n\n<div class=\"wp-block-genesis-blocks-gb-container gb-block-container\"><div class=\"gb-container-inside\"><div class=\"gb-container-content\">\n<p>Esta gu\u00eda es totalmente <strong>independiente<\/strong> y se basa en nuestras experiencias. Visitamos la regi\u00f3n de forma an\u00f3nima, tomando nuestras propias decisiones y pagando \u00edntegramente nuestras facturas.<\/p>\n<\/div><\/div><\/div>\n\n<h2 class=\"wp-block-heading\">Ir a la Costa Azul en noviembre: respuestas r\u00e1pidas<\/h2>\n\n<h3 class=\"wp-block-heading\">\u00bfHace buen tiempo en la Costa Azul en noviembre? \u00bfEs un buen momento para visitarla?<\/h3>\n\n<p>Noviembre es un buen momento para visitar la Costa Azul. El tiempo es suave y agradable, con menos aglomeraciones que en verano. Las temperaturas son frescas pero agradables para explorar la regi\u00f3n. Es ideal para actividades culturales y paseos, aunque la nataci\u00f3n resulta menos atractiva.<\/p>\n\n<figure class=\"wp-block-image\"><img decoding=\"async\" src=\"https:\/\/photos.smugmug.com\/Provence-Lovers\/%C3%88ze\/n-cXSbFV\/Village\/i-bvX6Ps3\/0\/DsfLmJ7RWDTcTrHd7WCfVpb7jmjzDCbwwMQ3mFDx3\/L\/Village_eze_vue-L.jpg\" alt=\"Vista del pueblo de &#xC8;ze\"\/><\/figure>\n\n<div style=\"background-color:#f7efff;margin-top:8%;margin-bottom:8%\" class=\"wp-block-genesis-blocks-gb-container box gb-block-container\"><div class=\"gb-container-inside\"><div class=\"gb-container-content\" style=\"max-width:700px\">\n<div class=\"wp-block-genesis-blocks-gb-container box_titre gb-block-container\"><div class=\"gb-container-inside\"><div class=\"gb-container-content\">\n<h5 class=\"titre_box\" style=\"padding-top:10px;\">D\u00d3NDE ALOJARSE EN LA <span class=\"titre_box_manuscrit\">Costa Azul<\/span><\/h5>\n<\/div><\/div><\/div>\n\n\n\n<div class=\"wp-block-columns box_sans_border has-background is-layout-flex wp-container-core-columns-is-layout-9d6595d7 wp-block-columns-is-layout-flex\" style=\"background-color:#f7efff\">\n<div class=\"wp-block-column texte_planif is-layout-flow wp-block-column-is-layout-flow\" style=\"font-size:14px;flex-basis:60%\">\n<p style=\"font-size:16px\">Nuestras selecciones independientes para ayudarte a encontrar <strong>el alojamiento de tus<\/strong> sue\u00f1os:<\/p>\n\n\n\n<ul class=\"wp-block-list\">\n<li style=\"font-size:16px\"><a href=\"https:\/\/provencelovers.fr\/es\/donde-alojarse-costa-azul-mejores-destinos\/\" target=\"_blank\" rel=\"noreferrer noopener\">D\u00f3nde alojarse en la Costa Azul<\/a><\/li>\n\n\n\n<li style=\"font-size:16px\"><a href=\"https:\/\/provencelovers.fr\/es\/mejores-hoteles-5-estrellas-costa-azul-lujo-opiniones\/\" target=\"_blank\" rel=\"noreferrer noopener\">Los mejores hoteles de lujo<\/a><\/li>\n\n\n\n<li style=\"font-size:16px\"><a href=\"https:\/\/provencelovers.fr\/es\/mejores-hoteles-frente-mar-costa-azul-playa\/\" target=\"_blank\" rel=\"noreferrer noopener\">Hoteles junto al mar<\/a><\/li>\n\n\n\n<li style=\"font-size:16px\"><a href=\"https:\/\/provencelovers.fr\/es\/mejores-hoteles-boutique-costa-azul-encanto\/\" target=\"_blank\" rel=\"noreferrer noopener\">Los mejores hoteles boutique<\/a><\/li>\n<\/ul>\n<\/div>\n\n\n\n<div class=\"wp-block-column is-vertically-aligned-top planif-radius is-layout-flow wp-block-column-is-layout-flow\" style=\"flex-basis:40%\">\n<figure class=\"wp-block-image size-large img-portrait\"><img decoding=\"async\" src=\"https:\/\/photos.smugmug.com\/Provence-Lovers\/Saint-Raphael\/Hotels\/n-DwsJpk\/Villa-Mauresque\/i-LsshRQG\/1\/4d4224b4\/L\/Hotel-villa-Mauresque-saint-raphael-piscine-L.jpg\" alt=\"Hotel de lujo en Saint-Rapha&#xEB;l\" title=\"\"\/><\/figure>\n<\/div>\n<\/div>\n\n\n\n<div class=\"wp-block-columns box_sans_border has-background is-layout-flex wp-container-core-columns-is-layout-9d6595d7 wp-block-columns-is-layout-flex\" style=\"background-color:#f7efff\">\n<div class=\"wp-block-column texte_planif is-layout-flow wp-block-column-is-layout-flow\" style=\"font-size:14px;flex-basis:60%\">\n<p style=\"font-size:16px\">O, si ya ha elegido su destino, los <strong>mejores hoteles<\/strong> de:<\/p>\n\n\n\n<ul class=\"wp-block-list\">\n<li style=\"font-size:16px\"><a href=\"https:\/\/provencelovers.fr\/es\/donde-alojarse-niza-mejor-hotel\/\" target=\"_blank\" rel=\"noreferrer noopener\">Niza<\/a><\/li>\n\n\n\n<li style=\"font-size:16px\"><a href=\"https:\/\/provencelovers.fr\/es\/mejores-hotels-cannes-donde-alojarse\/\" target=\"_blank\" rel=\"noreferrer noopener\">Cannes<\/a><\/li>\n\n\n\n<li style=\"font-size:16px\"><a href=\"https:\/\/provencelovers.fr\/es\/donde-dormir-saint-tropez-los-mejores-hoteles\/\" target=\"_blank\" rel=\"noreferrer noopener\">Saint-Tropez<\/a><\/li>\n\n\n\n<li style=\"font-size:16px\"><a href=\"https:\/\/provencelovers.fr\/es\/mejores-hoteles-antibes-donde-alojarse\/\" target=\"_blank\" rel=\"noreferrer noopener\">Antibes<\/a><\/li>\n\n\n\n<li style=\"font-size:16px\"><a href=\"https:\/\/provencelovers.fr\/es\/donde-alojarse-cassis-mejores-hotels-distritos\/\" target=\"_blank\" rel=\"noreferrer noopener\">Cassis<\/a><\/li>\n\n\n\n<li style=\"font-size:16px\"><a href=\"https:\/\/provencelovers.fr\/es\/donde-alojarse-menton-mejores-hotels-distritos\/\" target=\"_blank\" rel=\"noreferrer noopener\">Menton<\/a><\/li>\n\n\n\n<li style=\"font-size:16px\"><a href=\"https:\/\/provencelovers.fr\/es\/mejores-hoteles-monaco-donde-alojarse\/\" target=\"_blank\" rel=\"noreferrer noopener\">M\u00f3naco<\/a><\/li>\n<\/ul>\n<\/div>\n\n\n\n<div class=\"wp-block-column is-vertically-aligned-top planif-radius is-layout-flow wp-block-column-is-layout-flow\" style=\"flex-basis:40%\">\n<figure class=\"wp-block-image size-large img-portrait\"><img decoding=\"async\" src=\"https:\/\/photos.smugmug.com\/Provence-Lovers\/Saint-Tropez\/Hotels\/n-BJBJzx\/H%C3%B4tel-le-Pr%C3%A9-de-la-Mer\/i-fWFWc4P\/0\/710f0c9d\/L\/hotel%20pre%20mer%20saint%20tropez-3-L.jpg\" alt=\"Hotel Pr&#xE9; de la mer en Saint-Tropez\" title=\"\"\/><\/figure>\n<\/div>\n<\/div>\n<\/div><\/div><\/div>\n\n<h3 class=\"wp-block-heading\"><strong>Viajar por la Costa Azul en noviembre &#8211; resumen de las condiciones<\/strong><\/h3>\n\n<p><strong>Temperaturas<\/strong><br\/>En noviembre en la Costa Azul, las temperaturas diurnas son generalmente suaves, con m\u00e1ximas de unos 17\u00b0C (55\u00b0F), mientras que las noches son m\u00e1s frescas, bajando a unos 10\u00b0C (50\u00b0F). Puede haber variaciones entre las zonas costeras y las del interior.<\/p>\n\n<p><strong>Temperatura del agua<\/strong><br\/>La temperatura media del mar en la Costa Azul ronda los 17\u00b0C (55\u00b0F). Hace bastante m\u00e1s fr\u00edo que en verano, pero algunos valientes nadadores a\u00fan pueden disfrutar de un breve chapuz\u00f3n. El mar sigue siendo relativamente agradable en comparaci\u00f3n con otros destinos mediterr\u00e1neos en esta \u00e9poca del a\u00f1o.<\/p>\n\n<p><strong>Multitudes y premios<\/strong><br\/>En noviembre, la Costa Azul est\u00e1 mucho menos concurrida que en verano. Es la temporada tur\u00edstica baja, lo que significa menos aglomeraciones y precios m\u00e1s atractivos para el alojamiento y las actividades. Es una \u00e9poca excelente para disfrutar de la regi\u00f3n de forma m\u00e1s relajada y econ\u00f3mica.<\/p>\n\n<figure class=\"wp-block-image\"><img decoding=\"async\" src=\"https:\/\/photos.smugmug.com\/Provence-Lovers\/Best-of\/n-PbwqvZ\/Villes\/i-Kc9qqs5\/0\/TtNbvHzLpfbb4Kj22xT6N43pd36K9WL3Z48RF9wX\/L\/Menton-L.jpg\" alt=\"ba&#xF1;istas en la Plage des Sablettes en Menton\"\/><\/figure>\n\n<p><strong>Condiciones de apertura<\/strong><br\/>La mayor\u00eda de los establecimientos de la Costa Azul permanecen abiertos en noviembre, aunque algunos lugares muy tur\u00edsticos pueden reducir sus horarios. Los restaurantes, hoteles y principales atracciones siguen funcionando, ofreciendo una experiencia m\u00e1s aut\u00e9ntica y menos tur\u00edstica de la regi\u00f3n.<\/p>\n\n<p><strong>Duraci\u00f3n del d\u00eda<\/strong><br\/>En noviembre, la media de luz diurna en la Costa Azul es de 10 horas. Los d\u00edas se acortan, pero a\u00fan hay luz suficiente para explorar la regi\u00f3n y disfrutar de los paisajes oto\u00f1ales.  <\/p>\n\n<div style=\"background-color:#fefefe;margin-top:6%;margin-bottom:6%\" class=\"wp-block-genesis-blocks-gb-container box gb-block-container\"><div class=\"gb-container-inside\"><div class=\"gb-container-content\" style=\"max-width:700px\">\n<div class=\"wp-block-columns inverse is-layout-flex wp-container-core-columns-is-layout-9d6595d7 wp-block-columns-is-layout-flex\">\n<div class=\"wp-block-column texte_planif is-layout-flow wp-block-column-is-layout-flow\" style=\"flex-basis:58%\">\n<h5 class=\"titre_box\">UN POCO MAS DE <span class=\"titre_box_manuscrit\">paciencia<\/span><\/h5>\n\n\n\n<p style=\"font-size:14px\">Todas las fotos, mapas, informaci\u00f3n, buenas direcciones para que <strong>su estancia en la Provenza<\/strong> sea un \u00e9xito, <strong>\u00a1pronto estar\u00e1n reun<\/strong> idas en un \u00fanico ebook!<\/p>\n\n\n\n<p style=\"font-size:14px\">Si desea que le informemos de la publicaci\u00f3n de nuestra <strong>gu\u00eda sobre la Provenza<\/strong>, reg\u00edstrese:<\/p>\n\n\n<script>\nvar gform;gform||(document.addEventListener(\"gform_main_scripts_loaded\",function(){gform.scriptsLoaded=!0}),document.addEventListener(\"gform\/theme\/scripts_loaded\",function(){gform.themeScriptsLoaded=!0}),window.addEventListener(\"DOMContentLoaded\",function(){gform.domLoaded=!0}),gform={domLoaded:!1,scriptsLoaded:!1,themeScriptsLoaded:!1,isFormEditor:()=>\"function\"==typeof InitializeEditor,callIfLoaded:function(o){return!(!gform.domLoaded||!gform.scriptsLoaded||!gform.themeScriptsLoaded&&!gform.isFormEditor()||(gform.isFormEditor()&&console.warn(\"The use of gform.initializeOnLoaded() is deprecated in the form editor context and will be removed in Gravity Forms 3.1.\"),o(),0))},initializeOnLoaded:function(o){gform.callIfLoaded(o)||(document.addEventListener(\"gform_main_scripts_loaded\",()=>{gform.scriptsLoaded=!0,gform.callIfLoaded(o)}),document.addEventListener(\"gform\/theme\/scripts_loaded\",()=>{gform.themeScriptsLoaded=!0,gform.callIfLoaded(o)}),window.addEventListener(\"DOMContentLoaded\",()=>{gform.domLoaded=!0,gform.callIfLoaded(o)}))},hooks:{action:{},filter:{}},addAction:function(o,r,e,t){gform.addHook(\"action\",o,r,e,t)},addFilter:function(o,r,e,t){gform.addHook(\"filter\",o,r,e,t)},doAction:function(o){gform.doHook(\"action\",o,arguments)},applyFilters:function(o){return gform.doHook(\"filter\",o,arguments)},removeAction:function(o,r){gform.removeHook(\"action\",o,r)},removeFilter:function(o,r,e){gform.removeHook(\"filter\",o,r,e)},addHook:function(o,r,e,t,n){null==gform.hooks[o][r]&&(gform.hooks[o][r]=[]);var d=gform.hooks[o][r];null==n&&(n=r+\"_\"+d.length),gform.hooks[o][r].push({tag:n,callable:e,priority:t=null==t?10:t})},doHook:function(r,o,e){var t;if(e=Array.prototype.slice.call(e,1),null!=gform.hooks[r][o]&&((o=gform.hooks[r][o]).sort(function(o,r){return o.priority-r.priority}),o.forEach(function(o){\"function\"!=typeof(t=o.callable)&&(t=window[t]),\"action\"==r?t.apply(null,e):e[0]=t.apply(null,e)})),\"filter\"==r)return e[0]},removeHook:function(o,r,t,n){var e;null!=gform.hooks[o][r]&&(e=(e=gform.hooks[o][r]).filter(function(o,r,e){return!!(null!=n&&n!=o.tag||null!=t&&t!=o.priority)}),gform.hooks[o][r]=e)}});\n<\/script>\n\n                <div class='gf_browser_gecko gform_wrapper gravity-theme gform-theme--no-framework waitlist_wrapper' data-form-theme='gravity-theme' data-form-index='0' id='gform_wrapper_3' ><form method='post' enctype='multipart\/form-data'  id='gform_3' class='waitlist' action='\/es\/wp-json\/wp\/v2\/posts\/12066' data-formid='3' novalidate> \r\n <input type='hidden' class='gforms-pum' value='{\"closepopup\":false,\"closedelay\":0,\"openpopup\":false,\"openpopup_id\":0}' \/>\n                        <div class='gform-body gform_body'><div id='gform_fields_3' class='gform_fields top_label form_sublabel_below description_below validation_below'><div id=\"field_3_3\" class=\"gfield gfield--type-honeypot gform_validation_container field_sublabel_below gfield--has-description field_description_below field_validation_below gfield_visibility_visible\"  ><label class='gfield_label gform-field-label' for='input_3_3'>Email<\/label><div class='ginput_container'><input name='input_3' id='input_3_3' type='text' value='' autocomplete='new-password'\/><\/div><div class='gfield_description' id='gfield_description_3_3'>Este campo es un campo de validaci\u00f3n y debe quedar sin cambios.<\/div><\/div><div id=\"field_3_2\" class=\"gfield gfield--type-website gfield--input-type-website gfield--width-full field_sublabel_below gfield--no-description field_description_below field_validation_below gfield_visibility_hidden\"  ><div class=\"admin-hidden-markup\"><i class=\"gform-icon gform-icon--hidden\" aria-hidden=\"true\" title=\"Este campo est\u00e1 oculto cuando se visualiza el formulario\"><\/i><span>Este campo est\u00e1 oculto cuando se visualiza el formulario<\/span><\/div><label class='gfield_label gform-field-label' for='input_3_2'>Site Web<\/label><div class='ginput_container ginput_container_website'>\n                    <input name='input_2' id='input_3_2' type='url' value='https:\/\/provencelovers.fr\/es\/wp-json\/wp\/v2\/posts\/12066' class='large'    placeholder='https:\/\/'  aria-invalid=\"false\" \/>\n                <\/div><\/div><div id=\"field_3_1\" class=\"gfield gfield--type-email gfield--input-type-email gfield--width-full field_sublabel_below gfield--no-description field_description_below hidden_label field_validation_below gfield_visibility_visible\"  ><label class='gfield_label gform-field-label' for='input_3_1'>E-mail<\/label><div class='ginput_container ginput_container_email'>\n                            <input name='input_1' id='input_3_1' type='email' value='votre e-mail' class='large'     aria-invalid=\"false\"  \/>\n                        <\/div><\/div><\/div><\/div>\n        <div class='gform-footer gform_footer top_label'> <input type='submit' id='gform_submit_button_3' class='gform_button button' onclick='gform.submission.handleButtonClick(this);' data-submission-type='submit' value='Inscr\u00edbase'  \/> \n            <input type='hidden' class='gform_hidden' name='gform_submission_method' data-js='gform_submission_method_3' value='postback' \/>\n            <input type='hidden' class='gform_hidden' name='gform_theme' data-js='gform_theme_3' id='gform_theme_3' value='gravity-theme' \/>\n            <input type='hidden' class='gform_hidden' name='gform_style_settings' data-js='gform_style_settings_3' id='gform_style_settings_3' value='{&quot;inputPrimaryColor&quot;:&quot;#204ce5&quot;}' \/>\n            <input type='hidden' class='gform_hidden' name='is_submit_3' value='1' \/>\n            <input type='hidden' class='gform_hidden' name='gform_submit' value='3' \/>\n            \n            <input type='hidden' class='gform_hidden' name='gform_currency' data-currency='EUR' value='+\/gp5Desefb0VztvKNZXhjTq5j2DJlLqa8Snal7UshGDZlbaoxP6EOQ1kFif3RZBovxQhae8f9O2QjBvbtemAluWWjCEDyEmtdzY5uA3\/S7WboI=' \/>\n            <input type='hidden' class='gform_hidden' name='gform_unique_id' value='' \/>\n            <input type='hidden' class='gform_hidden' name='state_3' value='WyJbXSIsImZmMDY0ZWJkMmU3ZDZhZTc3YTc4MDBiNDgyNDcwNGVlIl0=' \/>\n            <input type='hidden' autocomplete='off' class='gform_hidden' name='gform_target_page_number_3' id='gform_target_page_number_3' value='0' \/>\n            <input type='hidden' autocomplete='off' class='gform_hidden' name='gform_source_page_number_3' id='gform_source_page_number_3' value='1' \/>\n            <input type='hidden' name='gform_field_values' value='' \/>\n            \n        <\/div>\n                        <\/form>\n                        <\/div><script>\ngform.initializeOnLoaded( function() {gformInitSpinner( 3, 'https:\/\/provencelovers.fr\/wp-content\/plugins\/gravityforms\/images\/spinner.svg', true );jQuery('#gform_ajax_frame_3').on('load',function(){var contents = jQuery(this).contents().find('*').html();var is_postback = contents.indexOf('GF_AJAX_POSTBACK') >= 0;if(!is_postback){return;}var form_content = jQuery(this).contents().find('#gform_wrapper_3');var is_confirmation = jQuery(this).contents().find('#gform_confirmation_wrapper_3').length > 0;var is_redirect = contents.indexOf('gformRedirect(){') >= 0;var is_form = form_content.length > 0 && ! is_redirect && ! is_confirmation;var mt = parseInt(jQuery('html').css('margin-top'), 10) + parseInt(jQuery('body').css('margin-top'), 10) + 100;if(is_form){jQuery('#gform_wrapper_3').html(form_content.html());if(form_content.hasClass('gform_validation_error')){jQuery('#gform_wrapper_3').addClass('gform_validation_error');} else {jQuery('#gform_wrapper_3').removeClass('gform_validation_error');}setTimeout( function() { \/* delay the scroll by 50 milliseconds to fix a bug in chrome *\/  }, 50 );if(window['gformInitDatepicker']) {gformInitDatepicker();}if(window['gformInitPriceFields']) {gformInitPriceFields();}var current_page = jQuery('#gform_source_page_number_3').val();gformInitSpinner( 3, 'https:\/\/provencelovers.fr\/wp-content\/plugins\/gravityforms\/images\/spinner.svg', true );jQuery(document).trigger('gform_page_loaded', [3, current_page]);window['gf_submitting_3'] = false;}else if(!is_redirect){var confirmation_content = jQuery(this).contents().find('.GF_AJAX_POSTBACK').html();if(!confirmation_content){confirmation_content = contents;}jQuery('#gform_wrapper_3').replaceWith(confirmation_content);jQuery(document).trigger('gform_confirmation_loaded', [3]);window['gf_submitting_3'] = false;wp.a11y.speak(jQuery('#gform_confirmation_message_3').text());}else{jQuery('#gform_3').append(contents);if(window['gformRedirect']) {gformRedirect();}}jQuery(document).trigger(\"gform_pre_post_render\", [{ formId: \"3\", currentPage: \"current_page\", abort: function() { this.preventDefault(); } }]);        if (event && event.defaultPrevented) {                return;        }        const gformWrapperDiv = document.getElementById( \"gform_wrapper_3\" );        if ( gformWrapperDiv ) {            const visibilitySpan = document.createElement( \"span\" );            visibilitySpan.id = \"gform_visibility_test_3\";            gformWrapperDiv.insertAdjacentElement( \"afterend\", visibilitySpan );        }        const visibilityTestDiv = document.getElementById( \"gform_visibility_test_3\" );        let postRenderFired = false;        function triggerPostRender() {            if ( postRenderFired ) {                return;            }            postRenderFired = true;            gform.core.triggerPostRenderEvents( 3, current_page );            if ( visibilityTestDiv ) {                visibilityTestDiv.parentNode.removeChild( visibilityTestDiv );            }        }        function debounce( func, wait, immediate ) {            var timeout;            return function() {                var context = this, args = arguments;                var later = function() {                    timeout = null;                    if ( !immediate ) func.apply( context, args );                };                var callNow = immediate && !timeout;                clearTimeout( timeout );                timeout = setTimeout( later, wait );                if ( callNow ) func.apply( context, args );            };        }        const debouncedTriggerPostRender = debounce( function() {            triggerPostRender();        }, 200 );        if ( visibilityTestDiv && visibilityTestDiv.offsetParent === null ) {            const observer = new MutationObserver( ( mutations ) => {                mutations.forEach( ( mutation ) => {                    if ( mutation.type === 'attributes' && visibilityTestDiv.offsetParent !== null ) {                        debouncedTriggerPostRender();                        observer.disconnect();                    }                });            });            observer.observe( document.body, {                attributes: true,                childList: false,                subtree: true,                attributeFilter: [ 'style', 'class' ],            });        } else {            triggerPostRender();        }    } );} );\n<\/script>\n<\/div>\n\n\n\n<div class=\"wp-block-column is-layout-flow wp-block-column-is-layout-flow\" style=\"flex-basis:42%\">\n<div class=\"wp-block-genesis-blocks-gb-container ebook-radius-waitlist gb-block-container\"><div class=\"gb-container-inside\"><div class=\"gb-container-content\"><div class=\"wp-block-image ebook-image\">\n<figure class=\"aligncenter size-large\"><img decoding=\"async\" src=\"https:\/\/loirelovers.fr\/wp-content\/uploads\/2023\/03\/ebooks_CorseNormandie_FR.png\" alt=\"Box Ebook C&#xF3;rcega FR\"\/><\/figure>\n<\/div><\/div><\/div><\/div>\n<\/div>\n<\/div>\n<\/div><\/div><\/div>\n\n<h2 class=\"wp-block-heading\">Las mejores atracciones de la Costa Azul en noviembre<\/h2>\n\n<p>En noviembre, nos encant\u00f3:<\/p>\n\n<ul class=\"wp-block-list\">\n<li>Visite el <a href=\"https:\/\/provencelovers.fr\/es\/visitar-museo-picasso-antibes\/\" target=\"_blank\" rel=\"noreferrer noopener\">Museo Picasso<\/a> de Antibes<\/li>\n\n\n\n<li>Disfrutando de <a href=\"https:\/\/provencelovers.fr\/es\/islas-costa-azul\/\" target=\"_blank\" rel=\"noreferrer noopener\">la<\/a> tranquila y apacible <a href=\"https:\/\/provencelovers.fr\/es\/islas-costa-azul\/\" target=\"_blank\" rel=\"noreferrer noopener\">isla de Porquerolles<\/a><\/li>\n\n\n\n<li>Conducir por la Route des Cr\u00eates entre La Ciotat y Cassis<\/li>\n\n\n\n<li><a href=\"https:\/\/provencelovers.fr\/es\/mejores-ciudades-costa-azul\/\" target=\"_blank\" rel=\"noreferrer noopener\">Descubra las legendarias ciudades de<\/a> Saint-Tropez, Cannes y M\u00f3naco<\/li>\n\n\n\n<li>Pasee por las <a href=\"https:\/\/provencelovers.fr\/es\/mejores-playas-costa-azul\/\" target=\"_blank\" rel=\"noreferrer noopener\">magn\u00edficas playas desiertas<\/a>,<\/li>\n\n\n\n<li>Suba a la cima del <a href=\"https:\/\/provencelovers.fr\/es\/mejores-castillos-costa-azul-villas\/\" target=\"_blank\" rel=\"noreferrer noopener\">Castillo de Roquebrune<\/a> y disfrute de las vistas<\/li>\n\n\n\n<li>&#8230;<\/li>\n<\/ul>\n\n<p><a href=\"https:\/\/provencelovers.fr\/es\/que-ver-cote-azur-visitar\/\" target=\"_blank\" rel=\"noreferrer noopener\">Consulte nuestro art\u00edculo sobre las mejores atracciones de la Costa Azul.<\/a><\/p>\n\n<p>Y muchas actividades como \u00e9stas:<\/p>\n\n<div class=\"wp-block-group\"><div class=\"wp-block-group__inner-container is-layout-constrained wp-block-group-is-layout-constrained\">\n<div style=\"margin-top:8%;margin-bottom:8%\" class=\"wp-block-genesis-blocks-gb-container box gb-block-container\"><div class=\"gb-container-inside\"><div class=\"gb-container-content\">\n<div class=\"wp-block-columns inverse is-layout-flex wp-container-core-columns-is-layout-9d6595d7 wp-block-columns-is-layout-flex\">\n<div class=\"wp-block-column texte_planif is-layout-flow wp-block-column-is-layout-flow\" style=\"flex-basis:58%\">\n<h5 class=\"titre_box\" style=\"padding-top:10px\"><span>DIVI\u00c9RTASE<\/span> CON ESTAS <span class=\"titre_box_manuscrit\">Actividades<\/span> <\/h5>\n\n\n\n<ul class=\"wp-block-list\">\n<li style=\"font-size:14px\">Magn\u00edficas excursiones en kayak en:  <br\/>De <a href=\"https:\/\/www.getyourguide.es\/saint-tropez-l518\/saint-tropez-experience-en-kayak-dans-la-reserve-de-ramatuelle-t410562\/?partner_id=R3GYW4V&amp;cmp=PL\" target=\"_blank\" rel=\"noreferrer noopener sponsored nofollow\">Saint-Tropez<\/a> a la reserva de Ramatuelle<br\/>De<a href=\"https:\/\/www.getyourguide.es\/cassis-l36948\/cassis-excursion-en-kayak-de-mer-dans-le-parc-national-des-calanques-t385834\/?partner_id=R3GYW4V&amp;cmp=PL\" target=\"_blank\" rel=\"noreferrer noopener\">Cassis<\/a> a las calanques<\/li>\n\n\n\n<li style=\"font-size:14px\"><a href=\"https:\/\/www.manawa.com\/es-ES\/actividad\/france\/cannes\/helicoptero\/shared-panoramic-helicopter-flight-over-the-french-riviera-from-cannes\/11147?_cid=867\" target=\"_blank\" rel=\"noreferrer noopener sponsored nofollow\">Vuelo en helic\u00f3ptero<\/a> desde Cannes<\/li>\n\n\n\n<li style=\"font-size:14px\"><a href=\"https:\/\/www.getyourguide.es\/nice-l314\/depuis-nice-transport-ar-en-bateau-vers-saint-tropez-t34024\/?partner_id=R3GYW4V&amp;cmp=PL\" target=\"_blank\" rel=\"noreferrer noopener sponsored nofollow\">Servicio de lanzadera a lo largo de la costa<\/a> entre Niza y Saint-Tropez<\/li>\n\n\n\n<li style=\"font-size:14px\">Excursiones en bicicleta: eBike en <a href=\"https:\/\/www.getyourguide.es\/nice-l314\/nice-tour-panoramique-de-la-cote-d-azur-en-e-bike-t211986\/?partner_id=R3GYW4V&amp;cmp=PL\" target=\"_blank\" rel=\"noreferrer noopener sponsored nofollow\">Niza<\/a> &#8211; Bicicleta de monta\u00f1a en el <a href=\"https:\/\/www.manawa.com\/es-ES\/actividad\/francia\/cannes\/mountain-bike-btt\/electric-mountain-bike-ride-through-the-red-rocks-of-the-esterel-massif\/15425?_cid=867\" target=\"_blank\" rel=\"noreferrer noopener sponsored nofollow\">macizo del Esterel<\/a><\/li>\n<\/ul>\n<\/div>\n\n\n\n<div class=\"wp-block-column ville-radius is-layout-flow wp-block-column-is-layout-flow\" style=\"flex-basis:42%\">\n<figure class=\"wp-block-image size-large is-resized img-portrait\"><img decoding=\"async\" src=\"https:\/\/photos.smugmug.com\/Provence-Lovers\/Cassis\/n-7WWMPS\/Activite\/i-tvdDL7m\/0\/e08efae7\/S\/kayak_calanque_cassis-S.jpg\" alt=\"Kayak en la Costa Azul\" style=\"object-fit:contain;width:319px;height:303px\" title=\"\"\/><\/figure>\n<\/div>\n<\/div>\n<\/div><\/div><\/div>\n<\/div><\/div>\n\n<h2 class=\"wp-block-heading\">Clima en la Costa Azul en noviembre &#8211; previsi\u00f3n meteorol\u00f3gica<\/h2>\n\n<p>El tiempo en la Costa Azul en noviembre es generalmente suave y agradable, marcando la transici\u00f3n al invierno. Los d\u00edas suelen ser soleados, pero m\u00e1s cortos que en verano. El cielo puede ser variable, alternando periodos de sol con otros nublados. Las temperaturas son frescas pero agradables, ideales para actividades al aire libre como senderismo o visitas a pueblos.<\/p>\n\n<p>A veces puede soplar el mistral, un viento fr\u00edo y seco del norte, que trae aire m\u00e1s fresco y despeja los cielos. Las precipitaciones son m\u00e1s frecuentes que en verano, pero siguen siendo moderadas. Podemos esperar algunos d\u00edas de lluvia durante el mes, a menudo en forma de chubascos m\u00e1s que de aguaceros continuos.<\/p>\n\n<figure class=\"wp-block-image\"><img decoding=\"async\" src=\"https:\/\/photos.smugmug.com\/Provence-Lovers\/Antibes\/n-mKVLR5\/Port-Ponteil\/i-38NGtcB\/0\/f2464217\/L\/plage_ponteil_vue-L.jpg\" alt=\"Playa de Ponteil - vista\"\/><\/figure>\n\n<p>El tiempo puede cambiar r\u00e1pidamente, de cielos despejados a nubes en un breve espacio de tiempo. Las tardes y las noches son frescas, lo que requiere ropa de abrigo. A pesar de ello, el clima sigue siendo suave en comparaci\u00f3n con otras regiones francesas en esta \u00e9poca del a\u00f1o, lo que convierte a la Costa Azul en un destino atractivo incluso en noviembre.<\/p>\n\n<h2 class=\"wp-block-heading\">Temperaturas en la Costa Azul en noviembre<\/h2>\n\n<p>En noviembre, las temperaturas siguen siendo bastante suaves en las costas del sur. En el interior son m\u00e1s frescos.<\/p>\n\n<h3 class=\"wp-block-heading\">Temperaturas en Niza:<\/h3>\n\n<ul class=\"wp-block-list\">\n<li>Temperatura media diurna: 17\u00b0C (63\u00b0F)<\/li>\n\n\n\n<li>Temperatura media nocturna: 10\u00b0C (50\u00b0F)<\/li>\n<\/ul>\n\n<h3 class=\"wp-block-heading\">Temperaturas en Cannes:<\/h3>\n\n<ul class=\"wp-block-list\">\n<li>Temperatura media diurna: 17\u00b0C (63\u00b0F)<\/li>\n\n\n\n<li>Temperatura media nocturna: 9\u00b0C (48\u00b0F)<\/li>\n<\/ul>\n\n<h3 class=\"wp-block-heading\">Temperaturas en Saint-Tropez:<\/h3>\n\n<ul class=\"wp-block-list\">\n<li>Temperatura media diurna: 16\u00b0C (61\u00b0F)<\/li>\n\n\n\n<li>Temperatura media nocturna: 8\u00b0C (46\u00b0F)<\/li>\n<\/ul>\n\n<h3 class=\"wp-block-heading\">Temperaturas en Cassis:<\/h3>\n\n<ul class=\"wp-block-list\">\n<li>Temperatura media diurna: 16\u00b0C (61\u00b0F)<\/li>\n\n\n\n<li>Temperatura media nocturna: 8\u00b0C (46\u00b0F)<\/li>\n<\/ul>\n\n<div style=\"margin-top:8%;margin-bottom:8%\" class=\"wp-block-genesis-blocks-gb-container box gb-block-container\"><div class=\"gb-container-inside\"><div class=\"gb-container-content\">\n<div class=\"wp-block-columns inverse box_planif is-layout-flex wp-container-core-columns-is-layout-9d6595d7 wp-block-columns-is-layout-flex\">\n<div class=\"wp-block-column texte_planif is-layout-flow wp-block-column-is-layout-flow\" style=\"flex-basis:58%\">\n<h5 class=\"titre_box\">NUESTROS CONSEJOS PARA ALQUILER SU COCHE EN <span class=\"titre_box_manuscrit\">\nProvenza<\/span><\/h5>\n\n\n\n<ul class=\"liste_voiture wp-block-list\" style=\"font-size:14px\">\n<li>Compare precios en nuestra plataforma preferida: <a href=\"https:\/\/www.discovercars.com\/es\/france?a_aid=zigzag&amp;chan=PL\" target=\"_blank\" rel=\"noreferrer noopener sponsored nofollow\">DiscoverCars<\/a>, uno de los sitios mejor valorados.<\/li>\n\n\n\n<li>Elija un <strong>coche lo suficientemente potente <\/strong>(las carreteras son empinadas) pero <strong>compacto<\/strong> (algunos pasos son estrechos).<\/li>\n\n\n\n<li>Considere la posibilidad de<strong>contratar un seguro a todo riesgo<\/strong> (algunas carreteras son sinuosas y estrechas).<\/li>\n\n\n\n<li>Hay mucha demanda, as\u00ed que <strong>reserve con antelaci\u00f3n<\/strong>.<\/li>\n<\/ul>\n<\/div>\n\n\n\n<div class=\"wp-block-column planif-radius-3 is-layout-flow wp-block-column-is-layout-flow\" style=\"flex-basis:42%\">\n<figure class=\"wp-block-image size-full is-resized\"><img loading=\"lazy\" decoding=\"async\" width=\"421\" height=\"533\" src=\"https:\/\/provencelovers.fr\/wp-content\/uploads\/2023\/05\/Vieux-Nice-ruelle-L.png\" alt=\"\" class=\"wp-image-1302\" title=\"\" srcset=\"https:\/\/provencelovers.fr\/wp-content\/uploads\/2023\/05\/Vieux-Nice-ruelle-L.png 421w, https:\/\/provencelovers.fr\/wp-content\/uploads\/2023\/05\/Vieux-Nice-ruelle-L-237x300.png 237w\" sizes=\"auto, (max-width: 421px) 100vw, 421px\" \/><\/figure>\n<\/div>\n<\/div>\n\n\n\n<div class=\"wp-block-columns planif_bouton is-layout-flex wp-container-core-columns-is-layout-9d6595d7 wp-block-columns-is-layout-flex\">\n<div class=\"wp-block-column is-layout-flow wp-block-column-is-layout-flow\" style=\"flex-basis:50%\">\n<div class=\"wp-block-buttons is-content-justification-center is-layout-flex wp-container-core-buttons-is-layout-16018d1d wp-block-buttons-is-layout-flex\">\n<div class=\"wp-block-button has-custom-font-size\" style=\"font-size:14px\"><a class=\"wp-block-button__link has-white-color has-text-color wp-element-button\" href=\"https:\/\/www.discovercars.com\/es\/france?a_aid=zigzag&amp;amp;chan=PL\" style=\"border-radius:4px\" target=\"_blank\" rel=\"noreferrer noopener\">Ver los coches<img loading=\"lazy\" decoding=\"async\" width=\"16\" height=\"17\" class=\"wp-image-2851\" style=\"width: 16px;\" src=\"https:\/\/provencelovers.fr\/wp-content\/uploads\/2023\/08\/ArrowRight.webp\" alt=\"\"\/><\/a><\/div>\n<\/div>\n<\/div>\n\n\n\n<div class=\"wp-block-column is-vertically-aligned-center is-layout-flow wp-block-column-is-layout-flow\" style=\"flex-basis:50%\">\n<p class=\"has-text-align-center\" style=\"font-size:14px\"><strong><a href=\"https:\/\/provencelovers.fr\/es\/como-alquilar-coche-provenza\/\">Vea nuestros consejos<\/a><\/strong><\/p>\n<\/div>\n<\/div>\n<\/div><\/div><\/div>\n\n<h2 class=\"wp-block-heading\">Lluvia y viento<\/h2>\n\n<p>En noviembre, en la Costa Azul, las precipitaciones son m\u00e1s frecuentes que en verano, pero siguen siendo moderadas. Podemos esperar chubascos cortos, a veces intensos, en lugar de aguaceros continuos. Los chubascos suelen durar poco y dan paso a los claros. Puede haber periodos de lluvias m\u00e1s intensas, pero son menos frecuentes.<\/p>\n\n<ul class=\"wp-block-list\">\n<li>Precipitaciones en Niza: de 100 a 120 mm<br\/>(m\u00e1s de 7 d\u00edas de media)<\/li>\n\n\n\n<li>Precipitaciones en Cannes: de 90 a 110 mm<br\/>(m\u00e1s de 6 d\u00edas de media)<\/li>\n\n\n\n<li>Precipitaciones en Saint-Tropez: de 80 a 100 mm<br\/>(m\u00e1s de 6 d\u00edas de media)<\/li>\n\n\n\n<li>Precipitaciones en Cassis: de 50 a 70 mm<br\/>(m\u00e1s de 5 d\u00edas de media)<\/li>\n<\/ul>\n\n<p>Es extremadamente raro ver nevar en la Costa Azul en noviembre. En general, las temperaturas se mantienen por encima del punto de congelaci\u00f3n, incluso por la noche. La nieve puede caer ocasionalmente en las cumbres de los Alpes Mar\u00edtimos del interior, pero no en la costa propiamente dicha.<\/p>\n\n<figure class=\"wp-block-image\"><img decoding=\"async\" src=\"https:\/\/photos.smugmug.com\/Provence-Lovers\/%C3%88ze\/n-cXSbFV\/Jardin\/i-hTqB5TS\/0\/e0aef77a\/L\/eze_jardin_exotique-17-L.jpg\" alt=\"restaurantes con terraza Ez\"\/><\/figure>\n\n<p>En noviembre, el viento en la Costa Azul puede ser variable. El mistral, un viento fr\u00edo y seco del norte, puede soplar en rachas, trayendo aire fresco y despejando los cielos. Estos periodos de mistral se alternan con momentos m\u00e1s tranquilos. La velocidad media del viento es moderada, generalmente entre 10 y 20 km\/h, pero puede aumentar durante los episodios de mistral.  <\/p>\n\n<h2 class=\"wp-block-heading\">Sunshine<\/h2>\n\n<p>El sol sale hacia las 7.30 h y se pone hacia las 17 h.<\/p>\n\n<p>En noviembre, en la Costa Azul, hay entre 5 y 6 horas de sol al d\u00eda, lo que ofrece algunas buenas rachas de sol a pesar de que los d\u00edas son m\u00e1s cortos. Esto le permite disfrutar de actividades al aire libre y explorar la regi\u00f3n en condiciones agradables. Las temperaturas suaves y los cielos a menudo despejados propician visitas agradables, aunque es una buena idea planificar opciones de interior para los d\u00edas nublados o lluviosos.<\/p>\n\n<h2 class=\"wp-block-heading\">Temperatura del agua &#8211; nadar en la Costa Azul en noviembre<\/h2>\n\n<p>La temperatura media del mar en noviembre en la Costa Azul ronda los 17\u00b0C. Es relativamente uniforme a lo largo de la costa, con ligeras variaciones de un lugar a otro. Aunque m\u00e1s fresco que en verano, el mar sigue siendo m\u00e1s c\u00e1lido que el aire circundante. Para la mayor\u00eda de la gente, hace demasiado fr\u00edo para un ba\u00f1o prolongado, pero algunos nadadores valientes a\u00fan pueden disfrutar de chapuzones cortos. A\u00fan es posible practicar deportes acu\u00e1ticos con traje de neopreno.<\/p>\n\n<ul class=\"wp-block-list\">\n<li>Temperatura del agua en Niza: 17\u00b0C (63\u00b0F)  <\/li>\n\n\n\n<li>Temperatura del agua en Saint-Tropez: 17\u00b0C (63\u00b0F)<\/li>\n\n\n\n<li>Temperatura del agua en Cannes: 17\u00b0C (63\u00b0F)<\/li>\n<\/ul>\n\n<figure class=\"wp-block-image\"><img decoding=\"async\" src=\"https:\/\/photos.smugmug.com\/Provence-Lovers\/Nice\/n-wSXLpq\/Mont-Boron-Fort-Alban\/i-4kxczRc\/0\/1ba007d8\/L\/mont-boron-fort-alban-nice-2-L.jpg\" alt=\"Niza\"\/><\/figure>\n\n<h2 class=\"wp-block-heading\">Multitudes y otras condiciones<\/h2>\n\n<p>En noviembre, la Costa Azul registr\u00f3 un descenso significativo del n\u00famero de turistas en comparaci\u00f3n con la temporada alta de verano. Hay menos multitudes, por lo que podr\u00e1 disfrutar de un ambiente m\u00e1s tranquilo y aut\u00e9ntico. Los lugares tur\u00edsticos, las playas y los restaurantes est\u00e1n menos concurridos, lo que ofrece una experiencia m\u00e1s relajante.  <\/p>\n\n<p>Esta tranquilidad tambi\u00e9n significa que podr\u00e1 apreciar mejor la belleza de la regi\u00f3n, sin la presi\u00f3n de las grandes multitudes. Es una \u00e9poca ideal para explorar la Costa Azul en condiciones m\u00e1s tranquilas y agradables.<\/p>\n\n<figure class=\"wp-block-image\"><img decoding=\"async\" src=\"https:\/\/photos.smugmug.com\/Provence-Lovers\/Monaco\/Quartiers\/n-dzhZWm\/Monte-Carlo\/i-dpnLw3D\/0\/e6c8c38f\/L\/IMG_5934-L.jpg\" alt=\"Vista del centro comercial Promenade Monte-Carlo.\"\/><\/figure>\n\n<p>Aunque la mayor\u00eda de los establecimientos, restaurantes y lugares tur\u00edsticos permanecen abiertos, algunas instalaciones de temporada, como las piscinas al aire libre, pueden estar cerradas o tener el acceso restringido.  <\/p>\n\n<h2 class=\"wp-block-heading\">Eventos de noviembre en la Costa Azul<\/h2>\n\n<ul class=\"wp-block-list\">\n<li><strong>D\u00eda del Pr\u00edncipe en M\u00f3naco<\/strong><br\/>Celebrado cada 19 de noviembre, el D\u00eda del Pr\u00edncipe es un d\u00eda de fiesta nacional en M\u00f3naco, en honor del soberano monegasco. Este acontecimiento est\u00e1 marcado por ceremonias oficiales, desfiles militares y festividades en todo el Principado, que re\u00fanen a los monegascos para expresar su apego al Pr\u00edncipe y a la familia principesca.<\/li>\n\n\n\n<li><strong>Galathea &#8211; Festival Internacional del Mundo Submarino<\/strong><br\/>Este festival anual de Hy\u00e8res est\u00e1 dedicado a la exploraci\u00f3n submarina y a la protecci\u00f3n de los oc\u00e9anos. El Festival Galathea re\u00fane a aficionados al submarinismo, cient\u00edficos y cineastas en torno a proyecciones, exposiciones y conferencias sobre las riquezas del mundo submarino y los retos medioambientales que plantea su conservaci\u00f3n.<\/li>\n\n\n\n<li><strong>Festival del Libro de Var<\/strong><br\/>El festival re\u00fane cada a\u00f1o en Tol\u00f3n a autores, editores y amantes de la literatura. Este gran acontecimiento cultural incluye reuniones, firmas de libros y conferencias, y muestra una amplia gama de obras y talentos.<\/li>\n\n\n\n<li><strong>Marat\u00f3n de los Alpes Mar\u00edtimos Niza-Cannes<\/strong><br\/>Desde 2008, este acontecimiento deportivo atrae cada a\u00f1o a miles de corredores por un recorrido excepcional entre Niza y Cannes a lo largo del Mediterr\u00e1neo. Con su impresionante escenario, este marat\u00f3n se ha convertido en una cita obligada para los entusiastas del running, ya que combina el rendimiento deportivo con un magn\u00edfico paisaje.<\/li>\n\n\n\n<li><strong>Festival de la Monta\u00f1a en Saint-Paul-de-Vence<\/strong><br\/>Cada a\u00f1o, este festival celebra la monta\u00f1a en todas sus formas en Saint-Paul-de-Vence, con proyecciones de pel\u00edculas, conferencias y encuentros sobre el tema de la aventura y la preservaci\u00f3n de los espacios naturales.<\/li>\n<\/ul>\n\n<div style=\"background-color:#fefefe;margin-top:6%;margin-bottom:6%\" class=\"wp-block-genesis-blocks-gb-container box gb-block-container\"><div class=\"gb-container-inside\"><div class=\"gb-container-content\" style=\"max-width:700px\">\n<div class=\"wp-block-columns inverse is-layout-flex wp-container-core-columns-is-layout-9d6595d7 wp-block-columns-is-layout-flex\">\n<div class=\"wp-block-column texte_planif is-layout-flow wp-block-column-is-layout-flow\" style=\"flex-basis:58%\">\n<h5 class=\"titre_box\">Reciba nuestro <span class=\"titre_box_manuscrit\">bolet\u00edn<\/span><\/h5>\n\n\n\n<ul class=\"wp-block-list\">\n<li>\u00a1Un soplo de aire fresco en su vida cotidiana en los bellos destinos de Region Lovers!<\/li>\n\n\n\n<li>Una vez al mes<\/li>\n\n\n\n<li>Sin publicidad<\/li>\n<\/ul>\n\n\n\n                <div class='gf_browser_gecko gform_wrapper gravity-theme gform-theme--no-framework waitlist_wrapper' data-form-theme='gravity-theme' data-form-index='0' id='gform_wrapper_4' >\n                        <div class='gform_heading'>\n                            <p class='gform_description'><\/p>\n                        <\/div><form method='post' enctype='multipart\/form-data'  id='gform_4' class='waitlist' action='\/es\/wp-json\/wp\/v2\/posts\/12066' data-formid='4' novalidate> \r\n <input type='hidden' class='gforms-pum' value='{\"closepopup\":false,\"closedelay\":0,\"openpopup\":false,\"openpopup_id\":0}' \/>\n                        <div class='gform-body gform_body'><div id='gform_fields_4' class='gform_fields top_label form_sublabel_below description_below validation_below'><div id=\"field_4_1\" class=\"gfield gfield--type-email gfield--input-type-email gfield_contains_required field_sublabel_below gfield--no-description field_description_below hidden_label field_validation_below gfield_visibility_visible\"  ><label class='gfield_label gform-field-label' for='input_4_1'>E-mail<span class=\"gfield_required\"><span class=\"gfield_required gfield_required_text\">(Obligatorio)<\/span><\/span><\/label><div class='ginput_container ginput_container_email'>\n                            <input name='input_1' id='input_4_1' type='email' value='' class='large'    aria-required=\"true\" aria-invalid=\"false\"  \/>\n                        <\/div><\/div><fieldset id=\"field_4_3\" class=\"gfield gfield--type-consent gfield--type-choice gfield--input-type-consent gfield_contains_required field_sublabel_below gfield--no-description field_description_below hidden_label field_validation_below gfield_visibility_visible\"  ><legend class='gfield_label gform-field-label gfield_label_before_complex' >RGPD<span class=\"gfield_required\"><span class=\"gfield_required gfield_required_text\">(Obligatorio)<\/span><\/span><\/legend><div class='ginput_container ginput_container_consent'><input name='input_3.1' id='input_4_3_1' type='checkbox' value='1'   aria-required=\"true\" aria-invalid=\"false\"   \/> <label class=\"gform-field-label gform-field-label--type-inline gfield_consent_label\" for='input_4_3_1' >S\u00ed, deseo suscribirme al bolet\u00edn mensual<span class=\"gfield_required gfield_required_text\">(Obligatorio)<\/span><\/label><input type='hidden' name='input_3.2' value='S\u00ed, deseo suscribirme al bolet\u00edn mensual' class='gform_hidden' \/><input type='hidden' name='input_3.3' value='1' class='gform_hidden' \/><\/div><\/fieldset><div id=\"field_4_4\" class=\"gfield gfield--type-website gfield--input-type-website field_sublabel_below gfield--no-description field_description_below field_validation_below gfield_visibility_hidden\"  ><div class=\"admin-hidden-markup\"><i class=\"gform-icon gform-icon--hidden\" aria-hidden=\"true\" title=\"Este campo est\u00e1 oculto cuando se visualiza el formulario\"><\/i><span>Este campo est\u00e1 oculto cuando se visualiza el formulario<\/span><\/div><label class='gfield_label gform-field-label' for='input_4_4'>Site Web<\/label><div class='ginput_container ginput_container_website'>\n                    <input name='input_4' id='input_4_4' type='url' value='https:\/\/provencelovers.fr\/es\/wp-json\/wp\/v2\/posts\/12066' class='large'    placeholder='https:\/\/'  aria-invalid=\"false\" \/>\n                <\/div><\/div><\/div><\/div>\n        <div class='gform-footer gform_footer top_label'> <input type='submit' id='gform_submit_button_4' class='gform_button button' onclick='gform.submission.handleButtonClick(this);' data-submission-type='submit' value='Inscr\u00edbase'  \/> \n            <input type='hidden' class='gform_hidden' name='gform_submission_method' data-js='gform_submission_method_4' value='postback' \/>\n            <input type='hidden' class='gform_hidden' name='gform_theme' data-js='gform_theme_4' id='gform_theme_4' value='gravity-theme' \/>\n            <input type='hidden' class='gform_hidden' name='gform_style_settings' data-js='gform_style_settings_4' id='gform_style_settings_4' value='{&quot;inputPrimaryColor&quot;:&quot;#204ce5&quot;}' \/>\n            <input type='hidden' class='gform_hidden' name='is_submit_4' value='1' \/>\n            <input type='hidden' class='gform_hidden' name='gform_submit' value='4' \/>\n            \n            <input type='hidden' class='gform_hidden' name='gform_currency' data-currency='EUR' value='NwlfeWnaEHswoEd8H8iMKPLMKzSUj+xDOQhAyO8fbn2lZSDIpbP1mba27Z7vSOpwTVAPUs4KUDWTWuU1dIqyiWXnFy0gdq9fL+058+MjGN27NPg=' \/>\n            <input type='hidden' class='gform_hidden' name='gform_unique_id' value='' \/>\n            <input type='hidden' class='gform_hidden' name='state_4' value='WyJ7XCIzLjFcIjpcIjQ4N2RjMTgyMjNmY2RjNTA1YjkyNzVhZTM4MWMxNTg5XCIsXCIzLjJcIjpcImVlMWI5YjA3YjVhZDUzODllODkzMDk4ZmI5MWRhMDU1XCIsXCIzLjNcIjpcIjQ4N2RjMTgyMjNmY2RjNTA1YjkyNzVhZTM4MWMxNTg5XCJ9IiwiZTE1NmU3MDgxYTE3OTIzNTgyZmVkYTQ3ODkzM2Q1NTYiXQ==' \/>\n            <input type='hidden' autocomplete='off' class='gform_hidden' name='gform_target_page_number_4' id='gform_target_page_number_4' value='0' \/>\n            <input type='hidden' autocomplete='off' class='gform_hidden' name='gform_source_page_number_4' id='gform_source_page_number_4' value='1' \/>\n            <input type='hidden' name='gform_field_values' value='' \/>\n            \n        <\/div>\n                        <\/form>\n                        <\/div><script>\ngform.initializeOnLoaded( function() {gformInitSpinner( 4, 'https:\/\/provencelovers.fr\/wp-content\/plugins\/gravityforms\/images\/spinner.svg', true );jQuery('#gform_ajax_frame_4').on('load',function(){var contents = jQuery(this).contents().find('*').html();var is_postback = contents.indexOf('GF_AJAX_POSTBACK') >= 0;if(!is_postback){return;}var form_content = jQuery(this).contents().find('#gform_wrapper_4');var is_confirmation = jQuery(this).contents().find('#gform_confirmation_wrapper_4').length > 0;var is_redirect = contents.indexOf('gformRedirect(){') >= 0;var is_form = form_content.length > 0 && ! is_redirect && ! is_confirmation;var mt = parseInt(jQuery('html').css('margin-top'), 10) + parseInt(jQuery('body').css('margin-top'), 10) + 100;if(is_form){jQuery('#gform_wrapper_4').html(form_content.html());if(form_content.hasClass('gform_validation_error')){jQuery('#gform_wrapper_4').addClass('gform_validation_error');} else {jQuery('#gform_wrapper_4').removeClass('gform_validation_error');}setTimeout( function() { \/* delay the scroll by 50 milliseconds to fix a bug in chrome *\/  }, 50 );if(window['gformInitDatepicker']) {gformInitDatepicker();}if(window['gformInitPriceFields']) {gformInitPriceFields();}var current_page = jQuery('#gform_source_page_number_4').val();gformInitSpinner( 4, 'https:\/\/provencelovers.fr\/wp-content\/plugins\/gravityforms\/images\/spinner.svg', true );jQuery(document).trigger('gform_page_loaded', [4, current_page]);window['gf_submitting_4'] = false;}else if(!is_redirect){var confirmation_content = jQuery(this).contents().find('.GF_AJAX_POSTBACK').html();if(!confirmation_content){confirmation_content = contents;}jQuery('#gform_wrapper_4').replaceWith(confirmation_content);jQuery(document).trigger('gform_confirmation_loaded', [4]);window['gf_submitting_4'] = false;wp.a11y.speak(jQuery('#gform_confirmation_message_4').text());}else{jQuery('#gform_4').append(contents);if(window['gformRedirect']) {gformRedirect();}}jQuery(document).trigger(\"gform_pre_post_render\", [{ formId: \"4\", currentPage: \"current_page\", abort: function() { this.preventDefault(); } }]);        if (event && event.defaultPrevented) {                return;        }        const gformWrapperDiv = document.getElementById( \"gform_wrapper_4\" );        if ( gformWrapperDiv ) {            const visibilitySpan = document.createElement( \"span\" );            visibilitySpan.id = \"gform_visibility_test_4\";            gformWrapperDiv.insertAdjacentElement( \"afterend\", visibilitySpan );        }        const visibilityTestDiv = document.getElementById( \"gform_visibility_test_4\" );        let postRenderFired = false;        function triggerPostRender() {            if ( postRenderFired ) {                return;            }            postRenderFired = true;            gform.core.triggerPostRenderEvents( 4, current_page );            if ( visibilityTestDiv ) {                visibilityTestDiv.parentNode.removeChild( visibilityTestDiv );            }        }        function debounce( func, wait, immediate ) {            var timeout;            return function() {                var context = this, args = arguments;                var later = function() {                    timeout = null;                    if ( !immediate ) func.apply( context, args );                };                var callNow = immediate && !timeout;                clearTimeout( timeout );                timeout = setTimeout( later, wait );                if ( callNow ) func.apply( context, args );            };        }        const debouncedTriggerPostRender = debounce( function() {            triggerPostRender();        }, 200 );        if ( visibilityTestDiv && visibilityTestDiv.offsetParent === null ) {            const observer = new MutationObserver( ( mutations ) => {                mutations.forEach( ( mutation ) => {                    if ( mutation.type === 'attributes' && visibilityTestDiv.offsetParent !== null ) {                        debouncedTriggerPostRender();                        observer.disconnect();                    }                });            });            observer.observe( document.body, {                attributes: true,                childList: false,                subtree: true,                attributeFilter: [ 'style', 'class' ],            });        } else {            triggerPostRender();        }    } );} );\n<\/script>\n<\/div>\n\n\n\n<div class=\"wp-block-column is-layout-flow wp-block-column-is-layout-flow\" style=\"flex-basis:42%\">\n<div class=\"wp-block-genesis-blocks-gb-container aligncenter newsletter-radius gb-block-container\"><div class=\"gb-container-inside\"><div class=\"gb-container-content\"><div class=\"wp-block-image newsletter-image\">\n<figure class=\"aligncenter size-full\"><img loading=\"lazy\" decoding=\"async\" width=\"729\" height=\"792\" src=\"https:\/\/provencelovers.fr\/wp-content\/uploads\/2024\/01\/newsletter_FR_2.png\" alt=\"\" class=\"wp-image-8159\" srcset=\"https:\/\/provencelovers.fr\/wp-content\/uploads\/2024\/01\/newsletter_FR_2.png 729w, https:\/\/provencelovers.fr\/wp-content\/uploads\/2024\/01\/newsletter_FR_2-276x300.png 276w\" sizes=\"auto, (max-width: 729px) 100vw, 729px\" \/><\/figure>\n<\/div><\/div><\/div><\/div>\n<\/div>\n<\/div>\n<\/div><\/div><\/div>\n\n<h2 class=\"wp-block-heading\">Precios de noviembre<\/h2>\n\n<p>La Costa Azul es una de las regiones m\u00e1s cotizadas de Francia, y esto influye en los precios. Sin embargo, var\u00edan seg\u00fan el tipo de alojamiento o actividad que busque, desde el camping hasta <a href=\"https:\/\/provencelovers.fr\/es\/fin-semana-lujo-costa-azul\/\">los hoteles de lujo<\/a>. En noviembre, con la temporada baja, los precios del alojamiento, las atracciones y los restaurantes suelen ser m\u00e1s asequibles, lo que ofrece una interesante oportunidad a los viajeros.<\/p>\n\n<h2 class=\"wp-block-heading\">Otros meses<\/h2>\n\n<p><strong>Cu\u00e1ndo ir a la Costa Azul, los otros meses&#8230;<\/strong><\/p>\n\n<ul class=\"wp-block-list\">\n<li><a href=\"https:\/\/provencelovers.fr\/es\/costa-azul-enero-tiempo-temperaturas\/\" target=\"_blank\" rel=\"noreferrer noopener\">La Costa Azul en enero<\/a><\/li>\n\n\n\n<li><a href=\"https:\/\/provencelovers.fr\/es\/costa-azul-febrero-tiempo-temperaturas\/\" target=\"_blank\" rel=\"noreferrer noopener\">La Costa Azul en febrero<\/a><\/li>\n\n\n\n<li><a href=\"https:\/\/provencelovers.fr\/es\/costa-azul-marzo-tiempo-temperaturas\/\" target=\"_blank\" rel=\"noreferrer noopener\">La Costa Azul en marzo<\/a><\/li>\n\n\n\n<li><a href=\"https:\/\/provencelovers.fr\/es\/costa-azul-abril-tiempo-temperaturas\/\" target=\"_blank\" rel=\"noreferrer noopener\">La Costa Azul en abril<\/a><\/li>\n\n\n\n<li><a href=\"https:\/\/provencelovers.fr\/es\/costa-azul-mayo-tiempo-temperaturas\/\" target=\"_blank\" rel=\"noreferrer noopener\">La Costa Azul en mayo<\/a><\/li>\n\n\n\n<li><a href=\"https:\/\/provencelovers.fr\/es\/costa-azul-junio-tiempo-temperaturas\/\" target=\"_blank\" rel=\"noreferrer noopener\">La Costa Azul en junio<\/a><\/li>\n\n\n\n<li><a href=\"https:\/\/provencelovers.fr\/es\/costa-azul-julio-tiempo-temperaturas\/\" target=\"_blank\" rel=\"noreferrer noopener\">La Costa Azul en julio<\/a><\/li>\n\n\n\n<li><a href=\"https:\/\/provencelovers.fr\/es\/costa-azul-agosto-tiempo-temperaturas\/\" target=\"_blank\" rel=\"noreferrer noopener\">La Costa Azul en agosto<\/a><\/li>\n\n\n\n<li><a href=\"https:\/\/provencelovers.fr\/es\/costa-azul-septiembre-tiempo-temperaturas\/\" target=\"_blank\" rel=\"noreferrer noopener\">La Costa Azul en septiembre<\/a><\/li>\n\n\n\n<li><a href=\"https:\/\/provencelovers.fr\/es\/costa-azul-octubre-tiempo-temperaturas\/\" target=\"_blank\" rel=\"noreferrer noopener\">La Costa Azul en octubre<\/a><\/li>\n\n\n\n<li><a href=\"https:\/\/provencelovers.fr\/es\/costa-azul-diciembre-tiempo-temperaturas\/\" target=\"_blank\" rel=\"noreferrer noopener\">La Costa Azul en diciembre<\/a><\/li>\n<\/ul>\n\n<p>O lea nuestro art\u00edculo sobre cu\u00e1ndo ir a la Costa Azul (pr\u00f3ximamente).<\/p>\n\n<div style=\"margin-top:8%;margin-bottom:8%\" class=\"wp-block-genesis-blocks-gb-container box gb-block-container\"><div class=\"gb-container-inside\"><div class=\"gb-container-content\" style=\"max-width:700px\">\n<div class=\"wp-block-genesis-blocks-gb-container box_titre gb-block-container\"><div class=\"gb-container-inside\"><div class=\"gb-container-content\">\n<h5 class=\"titre_box\" style=\"padding-top:10px;\">PLANIFIQUE SU VIAJE A LA <span class=\"titre_box_manuscrit\">Costa Azul<\/span><\/h5>\n<\/div><\/div><\/div>\n\n\n\n<hr class=\"wp-block-separator has-text-color has-alpha-channel-opacity has-background is-style-wide hr-box-planif\" style=\"background-color:#ccd3dd;color:#ccd3dd\"\/>\n\n\n\n<div class=\"wp-block-columns box_sans_border is-layout-flex wp-container-core-columns-is-layout-9d6595d7 wp-block-columns-is-layout-flex\">\n<div class=\"wp-block-column texte_planif is-layout-flow wp-block-column-is-layout-flow\" style=\"font-size:14px;flex-basis:60%\">\n<ul class=\"wp-block-list\">\n<li><strong>Inspiraci\u00f3n<\/strong><\/li>\n<\/ul>\n\n\n\n<p style=\"font-size:14px\"><a href=\"https:\/\/provencelovers.fr\/es\/mejores-paisajes-cote-azur-fotos\/\" target=\"_blank\" rel=\"noreferrer noopener\">Los paisajes m\u00e1s bellos en 30 fotos<\/a><br\/><a href=\"https:\/\/provencelovers.fr\/es\/que-ver-cote-azur-visitar\/\" target=\"_blank\" rel=\"noreferrer noopener\">Qu\u00e9 ver en la Costa Azul<\/a><br\/><a href=\"https:\/\/provencelovers.fr\/es\/mejores-pueblos-costa-azul\/\" target=\"_blank\" rel=\"noreferrer noopener\">Los pueblos m\u00e1s bonitos<\/a><br\/><a href=\"https:\/\/provencelovers.fr\/es\/mejores-playas-costa-azul\/\" target=\"_blank\" rel=\"noreferrer noopener\">Las mejores playas de la Costa Azul<\/a><br\/><a href=\"https:\/\/provencelovers.fr\/es\/mejores-jardines-costa-azul\/\" target=\"_blank\" rel=\"noreferrer noopener\">Los jardines m\u00e1s bellos<\/a><br\/>Las mejores excursiones en barco (pr\u00f3ximamente)<br\/><a href=\"https:\/\/provencelovers.fr\/es\/islas-costa-azul\/\" target=\"_blank\" rel=\"noreferrer noopener\">Las islas m\u00e1s bellas<\/a><br\/><a href=\"https:\/\/provencelovers.fr\/es\/lugares-secretos-costa-azul\/\" target=\"_blank\" rel=\"noreferrer noopener\">Lugares secretos<\/a><\/p>\n<\/div>\n\n\n\n<div class=\"wp-block-column is-vertically-aligned-top planif-radius is-layout-flow wp-block-column-is-layout-flow\" style=\"flex-basis:40%\">\n<figure class=\"wp-block-image size-large img-portrait\"><img decoding=\"async\" src=\"https:\/\/photos.smugmug.com\/Provence-Lovers\/Antibes\/n-mKVLR5\/Port-Ponteil\/i-38NGtcB\/0\/f2464217\/S\/plage_ponteil_vue-S.jpg\" alt=\"Antibes y las monta&#xF1;as\" title=\"\"\/><\/figure>\n<\/div>\n<\/div>\n\n\n\n<hr class=\"wp-block-separator has-text-color has-alpha-channel-opacity has-background is-style-wide hr-box-planif\" style=\"background-color:#ccd3dd;color:#ccd3dd\"\/>\n\n\n\n<div class=\"wp-block-columns box_sans_border is-layout-flex wp-container-core-columns-is-layout-9d6595d7 wp-block-columns-is-layout-flex\">\n<div class=\"wp-block-column texte_planif is-layout-flow wp-block-column-is-layout-flow\" style=\"font-size:14px;flex-basis:60%\">\n<ul class=\"wp-block-list\">\n<li><strong>Consejos pr\u00e1cticos<\/strong><\/li>\n<\/ul>\n\n\n\n<p style=\"font-size:14px\">Un exitoso viaje a la Costa Azul (pr\u00f3ximamente)<br\/><a href=\"https:\/\/provencelovers.fr\/es\/como-alquilar-coche-provenza\/\">Alquile un coche en Provenza<\/a> &#8211; en <a href=\"https:\/\/provencelovers.fr\/es\/como-alquilar-coche-niza-aeropuerto-estacion\/\">Niza<\/a> &#8211; en <a href=\"https:\/\/provencelovers.fr\/es\/como-alquilar-coche-cannes-estacion\/\">Cannes<\/a> &#8211; en <a href=\"https:\/\/provencelovers.fr\/es\/como-alquilar-coche-marsella-aeropuerto-estacion\/\">Marsella<\/a> &#8211; en <a href=\"https:\/\/provencelovers.fr\/es\/como-alquilar-coche-aix-provence-estacion\/\">Aix-en-Provence<\/a>.<\/p>\n\n\n\n<p style=\"font-size:14px\">Itinerarios: <a href=\"https:\/\/provencelovers.fr\/es\/visitar-costa-azul-5-dias-itinerario\/\" target=\"_blank\" rel=\"noreferrer noopener\">5 d\u00edas<\/a> &#8211; <a href=\"https:\/\/provencelovers.fr\/es\/visitar-costa-azul-una-semana-itinerario\/\" target=\"_blank\" rel=\"noreferrer noopener\">1 semana<\/a> &#8211; <a href=\"https:\/\/provencelovers.fr\/es\/10-dias-costa-azul-itinerario-road-trip\/\" target=\"_blank\" rel=\"noreferrer noopener\">10 d\u00edas<\/a><br\/>Ideas para el fin de semana: lo mejor &#8211; <a href=\"https:\/\/provencelovers.fr\/es\/fin-semana-romantico-costa-azul\/\" target=\"_blank\" rel=\"noreferrer noopener\">rom\u00e1ntico<\/a> &#8211; <a href=\"https:\/\/provencelovers.fr\/es\/fin-semana-lujo-costa-azul\/\" target=\"_blank\" rel=\"noreferrer noopener\">lujoso<\/a> &#8211; <a href=\"https:\/\/provencelovers.fr\/es\/fin-semana-insolito-costa-azul\/\" target=\"_blank\" rel=\"noreferrer noopener\">inusual<\/a><\/p>\n<\/div>\n\n\n\n<div class=\"wp-block-column is-vertically-aligned-top planif-radius is-layout-flow wp-block-column-is-layout-flow\" style=\"flex-basis:40%\">\n<figure class=\"wp-block-image size-large img-portrait\"><img decoding=\"async\" src=\"https:\/\/photos.smugmug.com\/Provence-Lovers\/Nice\/n-wSXLpq\/Gare\/i-b5C5b9P\/0\/d153a796\/S\/gare-tgv-nice-train-S.jpg\" alt=\"Estaci&#xF3;n de Niza\" title=\"\"\/><\/figure>\n<\/div>\n<\/div>\n\n\n\n<hr class=\"wp-block-separator has-text-color has-alpha-channel-opacity has-background is-style-wide hr-box-planif\" style=\"background-color:#ccd3dd;color:#ccd3dd\"\/>\n\n\n\n<div class=\"wp-block-columns box_sans_border is-layout-flex wp-container-core-columns-is-layout-9d6595d7 wp-block-columns-is-layout-flex\">\n<div class=\"wp-block-column texte_planif is-layout-flow wp-block-column-is-layout-flow\" style=\"flex-basis:60%\">\n<ul class=\"wp-block-list\">\n<li><strong>D\u00f3nde alojarse<\/strong><\/li>\n<\/ul>\n\n\n\n<p style=\"font-size:14px\"><a href=\"https:\/\/provencelovers.fr\/es\/donde-alojarse-costa-azul-mejores-destinos\/\" target=\"_blank\" rel=\"noreferrer noopener\">D\u00f3nde alojarse en la Costa Azul<\/a><br\/><a href=\"https:\/\/provencelovers.fr\/es\/mejores-hoteles-5-estrellas-costa-azul-lujo-opiniones\/\" target=\"_blank\" rel=\"noreferrer noopener\">Los mejores hoteles de lujo de la Costa Azul<\/a><br\/><a href=\"https:\/\/provencelovers.fr\/es\/mejores-hoteles-frente-mar-costa-azul-playa\/\" target=\"_blank\" rel=\"noreferrer noopener\">Hoteles junto al mar<\/a><br\/><a href=\"https:\/\/provencelovers.fr\/es\/mejores-hoteles-boutique-costa-azul-encanto\/\" target=\"_blank\" rel=\"noreferrer noopener\">Los mejores hoteles boutique<\/a><\/p>\n<\/div>\n\n\n\n<div class=\"wp-block-column is-vertically-aligned-top planif-radius is-layout-flow wp-block-column-is-layout-flow\" style=\"flex-basis:40%\">\n<figure class=\"wp-block-image size-large img-portrait\"><img decoding=\"async\" src=\"https:\/\/photos.smugmug.com\/Provence-Lovers\/Nice\/H&#xF4;tels\/n-vLRxMK\/H&#xF4;tel-Anantara-Plaza-Nice\/i-2LsgGht\/1\/4997b805\/S\/Hotel-Anantara-Plaza-Nice-vue-mer-terrasse-restaurant-S.jpg\" alt=\"\" title=\"\"\/><\/figure>\n<\/div>\n<\/div>\n\n\n\n<hr class=\"wp-block-separator has-text-color has-alpha-channel-opacity has-background is-style-wide hr-box-planif\" style=\"background-color:#ccd3dd;color:#ccd3dd\"\/>\n\n\n\n<div class=\"wp-block-columns box_sans_border is-layout-flex wp-container-core-columns-is-layout-9d6595d7 wp-block-columns-is-layout-flex\">\n<div class=\"wp-block-column texte_planif is-layout-flow wp-block-column-is-layout-flow\" style=\"flex-basis:60%\">\n<ul class=\"wp-block-list\">\n<li><strong>Lo imprescindible<\/strong><\/li>\n<\/ul>\n\n\n\n<p style=\"font-size:14px\"><a href=\"https:\/\/provencelovers.fr\/es\/que-ver-niza\/\" target=\"_blank\" rel=\"noreferrer noopener\">Qu\u00e9 ver en Niza<\/a><br\/><a href=\"https:\/\/provencelovers.fr\/es\/que-ver-cannes-visitar\/\" target=\"_blank\" rel=\"noreferrer noopener\">Qu\u00e9 ver en Cannes<\/a><br\/><a href=\"https:\/\/provencelovers.fr\/es\/que-ver-antibes-visitar\/\" target=\"_blank\" rel=\"noreferrer noopener\">Qu\u00e9 ver en Antibes<\/a><br\/><a href=\"https:\/\/provencelovers.fr\/es\/que-ver-monaco-visitar\/\">Qu\u00e9 ver en M\u00f3naco<\/a><br\/><a href=\"https:\/\/provencelovers.fr\/es\/que-ver-saint-tropez-visitar\/\" target=\"_blank\" rel=\"noreferrer noopener\">Qu\u00e9 ver en Saint-Tropez<\/a><br\/><a href=\"https:\/\/provencelovers.fr\/es\/que-ver-cassis-visitar\/\" target=\"_blank\" rel=\"noreferrer noopener\">Qu\u00e9 ver en Cassis<\/a><br\/><a href=\"https:\/\/provencelovers.fr\/es\/que-ver-la-ciotat-visitar\/\">Qu\u00e9 ver en La Ciotat<\/a><br\/><a href=\"https:\/\/provencelovers.fr\/es\/que-ver-pueblo-eze-visitar\/\">Pueblo de \u00c8ze<\/a><\/p>\n<\/div>\n\n\n\n<div class=\"wp-block-column is-vertically-aligned-top planif-radius is-layout-flow wp-block-column-is-layout-flow\" style=\"flex-basis:40%\">\n<figure class=\"wp-block-image size-large img-portrait\"><img decoding=\"async\" src=\"https:\/\/photos.smugmug.com\/Provence-Lovers\/Antibes\/n-mKVLR5\/Port-dAntibes\/i-nX9XG8L\/0\/feace0c9\/S\/nomade-port-antibes-S.jpg\" alt=\"murallas Antibes\" title=\"\"\/><\/figure>\n<\/div>\n<\/div>\n\n\n\n<div class=\"wp-block-buttons planif_bouton is-content-justification-center is-layout-flex wp-container-core-buttons-is-layout-16018d1d wp-block-buttons-is-layout-flex\">\n<div class=\"wp-block-button has-custom-font-size\" style=\"font-size:14px\"><a class=\"wp-block-button__link has-white-color has-text-color wp-element-button\" style=\"border-radius:4px\">Ver todos nuestros consejos (pr\u00f3ximamente)<img loading=\"lazy\" decoding=\"async\" width=\"16\" height=\"17\" class=\"wp-image-2851\" style=\"width: 16px;\" src=\"https:\/\/provencelovers.fr\/wp-content\/uploads\/2023\/08\/ArrowRight.webp\" alt=\"\"\/><\/a><\/div>\n<\/div>\n<\/div><\/div><\/div>\n\n<div class=\"wp-block-genesis-blocks-gb-container box_auteur_voyage gb-block-container\"><div class=\"gb-container-inside\"><div class=\"gb-container-content\">\n<figure class=\"wp-block-image size-large img_auteur_voyage img_provisoire\"><a href=\"https:\/\/provencelovers.fr\/es\/claire\/\" target=\"_blank\" rel=\"noreferrer noopener\"><img decoding=\"async\" src=\"https:\/\/photos.smugmug.com\/Region-Lovers\/Equipe\/i-nsNF6C6\/0\/Cs2F5n96pkt9xFD9D3SVqmQspMhrKgN75nHgBqmjG\/L\/Claire-L.png\" alt=\"\"\/><\/a><\/figure>\n\n\n\n<h5 class=\"titre_auteur_voyage\"><span>HIZO EL VIAJE Y ESCRIBI\u00d3 EL ART\u00cdCULO \n<\/span><span class=\"titre_box_manuscrit\">Claire<\/span><\/h5>\n<\/div><\/div><\/div>\n","protected":false},"excerpt":{"rendered":"<p>\u00bfLe apetece un viaje a la Costa Azul en noviembre?Averig\u00fce si la regi\u00f3n es adecuada para usted en esta \u00e9poca del a\u00f1o, con nuestra completa gu\u00eda sobre el clima, las condiciones para viajar, las aglomeraciones, los precios, las atracciones y los acontecimientos. Ir a la Costa Azul en noviembre: respuestas r\u00e1pidas \u00bfHace buen tiempo en [&hellip;]<\/p>\n","protected":false},"author":1,"featured_media":10120,"comment_status":"closed","ping_status":"closed","sticky":false,"template":"","format":"standard","meta":{"_genesis_hide_title":false,"_genesis_hide_breadcrumbs":false,"_genesis_hide_singular_image":false,"_genesis_hide_footer_widgets":false,"_genesis_custom_body_class":"","_genesis_custom_post_class":"","_genesis_layout":"","footnotes":""},"categories":[115],"tags":[],"class_list":{"0":"post-12066","1":"post","2":"type-post","3":"status-publish","4":"format-standard","5":"has-post-thumbnail","7":"category-consejos-es","8":"entry"},"yoast_head":"<!-- This site is optimized with the Yoast SEO plugin v27.2 - https:\/\/yoast.com\/product\/yoast-seo-wordpress\/ -->\n<title>La Costa Azul en noviembre: \u00a1Nuestra gu\u00eda completa!<\/title>\n<meta name=\"description\" content=\"Todos nuestros consejos para decidir si un viaje a la Costa Azul en noviembre es una buena idea: clima, temperaturas, aglomeraciones, eventos...\" \/>\n<meta name=\"robots\" content=\"index, follow, max-snippet:-1, max-image-preview:large, max-video-preview:-1\" \/>\n<link rel=\"canonical\" href=\"https:\/\/provencelovers.fr\/es\/costa-azul-noviembre-tiempo-temperaturas\/\" \/>\n<meta property=\"og:locale\" content=\"es_ES\" \/>\n<meta property=\"og:type\" content=\"article\" \/>\n<meta property=\"og:title\" content=\"La Costa Azul en noviembre: \u00a1Nuestra gu\u00eda completa!\" \/>\n<meta property=\"og:description\" content=\"Todos nuestros consejos para decidir si un viaje a la Costa Azul en noviembre es una buena idea: clima, temperaturas, aglomeraciones, eventos...\" \/>\n<meta property=\"og:url\" content=\"https:\/\/provencelovers.fr\/es\/costa-azul-noviembre-tiempo-temperaturas\/\" \/>\n<meta property=\"og:site_name\" content=\"Provence Lovers\" \/>\n<meta property=\"article:published_time\" content=\"2024-09-13T14:38:21+00:00\" \/>\n<meta property=\"article:modified_time\" content=\"2024-09-17T13:34:18+00:00\" \/>\n<meta property=\"og:image\" content=\"https:\/\/provencelovers.fr\/wp-content\/uploads\/2024\/03\/costa-azul-noviembre-tiempo-temperaturas.jpg\" \/>\n\t<meta property=\"og:image:width\" content=\"1500\" \/>\n\t<meta property=\"og:image:height\" content=\"1133\" \/>\n\t<meta property=\"og:image:type\" content=\"image\/jpeg\" \/>\n<meta name=\"author\" content=\"Claire ROBINSON\" \/>\n<meta name=\"twitter:card\" content=\"summary_large_image\" \/>\n<meta name=\"twitter:label1\" content=\"Escrito por\" \/>\n\t<meta name=\"twitter:data1\" content=\"Claire ROBINSON\" \/>\n\t<meta name=\"twitter:label2\" content=\"Tiempo de lectura\" \/>\n\t<meta name=\"twitter:data2\" content=\"9 minutos\" \/>\n<script type=\"application\/ld+json\" class=\"yoast-schema-graph\">{\"@context\":\"https:\/\/schema.org\",\"@graph\":[{\"@type\":\"Article\",\"@id\":\"https:\/\/provencelovers.fr\/es\/costa-azul-noviembre-tiempo-temperaturas\/#article\",\"isPartOf\":{\"@id\":\"https:\/\/provencelovers.fr\/es\/costa-azul-noviembre-tiempo-temperaturas\/\"},\"author\":{\"name\":\"Claire ROBINSON\",\"@id\":\"https:\/\/provencelovers.fr\/es\/#\/schema\/person\/6b627316d8aca03e6b41be79090f3819\"},\"headline\":\"La Costa Azul en noviembre: \u00a1Nuestra gu\u00eda completa!\",\"datePublished\":\"2024-09-13T14:38:21+00:00\",\"dateModified\":\"2024-09-17T13:34:18+00:00\",\"mainEntityOfPage\":{\"@id\":\"https:\/\/provencelovers.fr\/es\/costa-azul-noviembre-tiempo-temperaturas\/\"},\"wordCount\":1768,\"publisher\":{\"@id\":\"https:\/\/provencelovers.fr\/es\/#organization\"},\"image\":{\"@id\":\"https:\/\/provencelovers.fr\/es\/costa-azul-noviembre-tiempo-temperaturas\/#primaryimage\"},\"thumbnailUrl\":\"https:\/\/provencelovers.fr\/wp-content\/uploads\/2024\/03\/costa-azul-noviembre-tiempo-temperaturas.jpg\",\"articleSection\":[\"Consejos pr\u00e1cticos\"],\"inLanguage\":\"es\"},{\"@type\":\"WebPage\",\"@id\":\"https:\/\/provencelovers.fr\/es\/costa-azul-noviembre-tiempo-temperaturas\/\",\"url\":\"https:\/\/provencelovers.fr\/es\/costa-azul-noviembre-tiempo-temperaturas\/\",\"name\":\"La Costa Azul en noviembre: \u00a1Nuestra gu\u00eda completa!\",\"isPartOf\":{\"@id\":\"https:\/\/provencelovers.fr\/es\/#website\"},\"primaryImageOfPage\":{\"@id\":\"https:\/\/provencelovers.fr\/es\/costa-azul-noviembre-tiempo-temperaturas\/#primaryimage\"},\"image\":{\"@id\":\"https:\/\/provencelovers.fr\/es\/costa-azul-noviembre-tiempo-temperaturas\/#primaryimage\"},\"thumbnailUrl\":\"https:\/\/provencelovers.fr\/wp-content\/uploads\/2024\/03\/costa-azul-noviembre-tiempo-temperaturas.jpg\",\"datePublished\":\"2024-09-13T14:38:21+00:00\",\"dateModified\":\"2024-09-17T13:34:18+00:00\",\"description\":\"Todos nuestros consejos para decidir si un viaje a la Costa Azul en noviembre es una buena idea: clima, temperaturas, aglomeraciones, eventos...\",\"breadcrumb\":{\"@id\":\"https:\/\/provencelovers.fr\/es\/costa-azul-noviembre-tiempo-temperaturas\/#breadcrumb\"},\"inLanguage\":\"es\",\"potentialAction\":[{\"@type\":\"ReadAction\",\"target\":[\"https:\/\/provencelovers.fr\/es\/costa-azul-noviembre-tiempo-temperaturas\/\"]}]},{\"@type\":\"ImageObject\",\"inLanguage\":\"es\",\"@id\":\"https:\/\/provencelovers.fr\/es\/costa-azul-noviembre-tiempo-temperaturas\/#primaryimage\",\"url\":\"https:\/\/provencelovers.fr\/wp-content\/uploads\/2024\/03\/costa-azul-noviembre-tiempo-temperaturas.jpg\",\"contentUrl\":\"https:\/\/provencelovers.fr\/wp-content\/uploads\/2024\/03\/costa-azul-noviembre-tiempo-temperaturas.jpg\",\"width\":1500,\"height\":1133,\"caption\":\"cote azur novembre meteo temperatures\"},{\"@type\":\"BreadcrumbList\",\"@id\":\"https:\/\/provencelovers.fr\/es\/costa-azul-noviembre-tiempo-temperaturas\/#breadcrumb\",\"itemListElement\":[{\"@type\":\"ListItem\",\"position\":1,\"name\":\"Home\",\"item\":\"https:\/\/provencelovers.fr\/es\/\"},{\"@type\":\"ListItem\",\"position\":2,\"name\":\"Consejos pr\u00e1cticos\",\"item\":\"https:\/\/provencelovers.fr\/es\/consejos-es\/\"},{\"@type\":\"ListItem\",\"position\":3,\"name\":\"La Costa Azul en noviembre: \u00a1Nuestra gu\u00eda completa!\"}]},{\"@type\":\"WebSite\",\"@id\":\"https:\/\/provencelovers.fr\/es\/#website\",\"url\":\"https:\/\/provencelovers.fr\/es\/\",\"name\":\"Provence Lovers\",\"description\":\"Despertar los sentidos en Provenza - Le blog de Claire et Manu\",\"publisher\":{\"@id\":\"https:\/\/provencelovers.fr\/es\/#organization\"},\"potentialAction\":[{\"@type\":\"SearchAction\",\"target\":{\"@type\":\"EntryPoint\",\"urlTemplate\":\"https:\/\/provencelovers.fr\/es\/?s={search_term_string}\"},\"query-input\":{\"@type\":\"PropertyValueSpecification\",\"valueRequired\":true,\"valueName\":\"search_term_string\"}}],\"inLanguage\":\"es\"},{\"@type\":\"Organization\",\"@id\":\"https:\/\/provencelovers.fr\/es\/#organization\",\"name\":\"Provence Lovers\",\"url\":\"https:\/\/provencelovers.fr\/es\/\",\"logo\":{\"@type\":\"ImageObject\",\"inLanguage\":\"es\",\"@id\":\"https:\/\/provencelovers.fr\/es\/#\/schema\/logo\/image\/\",\"url\":\"https:\/\/provencelovers.fr\/wp-content\/uploads\/2022\/11\/Blog-Provence-Lovers-Logos.png\",\"contentUrl\":\"https:\/\/provencelovers.fr\/wp-content\/uploads\/2022\/11\/Blog-Provence-Lovers-Logos.png\",\"width\":2707,\"height\":863,\"caption\":\"Provence Lovers\"},\"image\":{\"@id\":\"https:\/\/provencelovers.fr\/es\/#\/schema\/logo\/image\/\"}},{\"@type\":\"Person\",\"@id\":\"https:\/\/provencelovers.fr\/es\/#\/schema\/person\/6b627316d8aca03e6b41be79090f3819\",\"name\":\"Claire ROBINSON\",\"image\":{\"@type\":\"ImageObject\",\"inLanguage\":\"es\",\"@id\":\"https:\/\/secure.gravatar.com\/avatar\/53c353c843050f9265c9a68901a74b6613f3f04e343e64cbba45c5b031ea079b?s=96&d=mm&r=g\",\"url\":\"https:\/\/secure.gravatar.com\/avatar\/53c353c843050f9265c9a68901a74b6613f3f04e343e64cbba45c5b031ea079b?s=96&d=mm&r=g\",\"contentUrl\":\"https:\/\/secure.gravatar.com\/avatar\/53c353c843050f9265c9a68901a74b6613f3f04e343e64cbba45c5b031ea079b?s=96&d=mm&r=g\",\"caption\":\"Claire ROBINSON\"},\"sameAs\":[\"https:\/\/provencelovers.fr\/claire-robinson\/\"],\"url\":\"https:\/\/provencelovers.fr\/es\/author\/provencelovers\/\"}]}<\/script>\n<!-- \/ Yoast SEO plugin. -->","yoast_head_json":{"title":"La Costa Azul en noviembre: \u00a1Nuestra gu\u00eda completa!","description":"Todos nuestros consejos para decidir si un viaje a la Costa Azul en noviembre es una buena idea: clima, temperaturas, aglomeraciones, eventos...","robots":{"index":"index","follow":"follow","max-snippet":"max-snippet:-1","max-image-preview":"max-image-preview:large","max-video-preview":"max-video-preview:-1"},"canonical":"https:\/\/provencelovers.fr\/es\/costa-azul-noviembre-tiempo-temperaturas\/","og_locale":"es_ES","og_type":"article","og_title":"La Costa Azul en noviembre: \u00a1Nuestra gu\u00eda completa!","og_description":"Todos nuestros consejos para decidir si un viaje a la Costa Azul en noviembre es una buena idea: clima, temperaturas, aglomeraciones, eventos...","og_url":"https:\/\/provencelovers.fr\/es\/costa-azul-noviembre-tiempo-temperaturas\/","og_site_name":"Provence Lovers","article_published_time":"2024-09-13T14:38:21+00:00","article_modified_time":"2024-09-17T13:34:18+00:00","og_image":[{"width":1500,"height":1133,"url":"https:\/\/provencelovers.fr\/wp-content\/uploads\/2024\/03\/costa-azul-noviembre-tiempo-temperaturas.jpg","type":"image\/jpeg"}],"author":"Claire ROBINSON","twitter_card":"summary_large_image","twitter_misc":{"Escrito por":"Claire ROBINSON","Tiempo de lectura":"9 minutos"},"schema":{"@context":"https:\/\/schema.org","@graph":[{"@type":"Article","@id":"https:\/\/provencelovers.fr\/es\/costa-azul-noviembre-tiempo-temperaturas\/#article","isPartOf":{"@id":"https:\/\/provencelovers.fr\/es\/costa-azul-noviembre-tiempo-temperaturas\/"},"author":{"name":"Claire ROBINSON","@id":"https:\/\/provencelovers.fr\/es\/#\/schema\/person\/6b627316d8aca03e6b41be79090f3819"},"headline":"La Costa Azul en noviembre: \u00a1Nuestra gu\u00eda completa!","datePublished":"2024-09-13T14:38:21+00:00","dateModified":"2024-09-17T13:34:18+00:00","mainEntityOfPage":{"@id":"https:\/\/provencelovers.fr\/es\/costa-azul-noviembre-tiempo-temperaturas\/"},"wordCount":1768,"publisher":{"@id":"https:\/\/provencelovers.fr\/es\/#organization"},"image":{"@id":"https:\/\/provencelovers.fr\/es\/costa-azul-noviembre-tiempo-temperaturas\/#primaryimage"},"thumbnailUrl":"https:\/\/provencelovers.fr\/wp-content\/uploads\/2024\/03\/costa-azul-noviembre-tiempo-temperaturas.jpg","articleSection":["Consejos pr\u00e1cticos"],"inLanguage":"es"},{"@type":"WebPage","@id":"https:\/\/provencelovers.fr\/es\/costa-azul-noviembre-tiempo-temperaturas\/","url":"https:\/\/provencelovers.fr\/es\/costa-azul-noviembre-tiempo-temperaturas\/","name":"La Costa Azul en noviembre: \u00a1Nuestra gu\u00eda completa!","isPartOf":{"@id":"https:\/\/provencelovers.fr\/es\/#website"},"primaryImageOfPage":{"@id":"https:\/\/provencelovers.fr\/es\/costa-azul-noviembre-tiempo-temperaturas\/#primaryimage"},"image":{"@id":"https:\/\/provencelovers.fr\/es\/costa-azul-noviembre-tiempo-temperaturas\/#primaryimage"},"thumbnailUrl":"https:\/\/provencelovers.fr\/wp-content\/uploads\/2024\/03\/costa-azul-noviembre-tiempo-temperaturas.jpg","datePublished":"2024-09-13T14:38:21+00:00","dateModified":"2024-09-17T13:34:18+00:00","description":"Todos nuestros consejos para decidir si un viaje a la Costa Azul en noviembre es una buena idea: clima, temperaturas, aglomeraciones, eventos...","breadcrumb":{"@id":"https:\/\/provencelovers.fr\/es\/costa-azul-noviembre-tiempo-temperaturas\/#breadcrumb"},"inLanguage":"es","potentialAction":[{"@type":"ReadAction","target":["https:\/\/provencelovers.fr\/es\/costa-azul-noviembre-tiempo-temperaturas\/"]}]},{"@type":"ImageObject","inLanguage":"es","@id":"https:\/\/provencelovers.fr\/es\/costa-azul-noviembre-tiempo-temperaturas\/#primaryimage","url":"https:\/\/provencelovers.fr\/wp-content\/uploads\/2024\/03\/costa-azul-noviembre-tiempo-temperaturas.jpg","contentUrl":"https:\/\/provencelovers.fr\/wp-content\/uploads\/2024\/03\/costa-azul-noviembre-tiempo-temperaturas.jpg","width":1500,"height":1133,"caption":"cote azur novembre meteo temperatures"},{"@type":"BreadcrumbList","@id":"https:\/\/provencelovers.fr\/es\/costa-azul-noviembre-tiempo-temperaturas\/#breadcrumb","itemListElement":[{"@type":"ListItem","position":1,"name":"Home","item":"https:\/\/provencelovers.fr\/es\/"},{"@type":"ListItem","position":2,"name":"Consejos pr\u00e1cticos","item":"https:\/\/provencelovers.fr\/es\/consejos-es\/"},{"@type":"ListItem","position":3,"name":"La Costa Azul en noviembre: \u00a1Nuestra gu\u00eda completa!"}]},{"@type":"WebSite","@id":"https:\/\/provencelovers.fr\/es\/#website","url":"https:\/\/provencelovers.fr\/es\/","name":"Provence Lovers","description":"Despertar los sentidos en Provenza - Le blog de Claire et Manu","publisher":{"@id":"https:\/\/provencelovers.fr\/es\/#organization"},"potentialAction":[{"@type":"SearchAction","target":{"@type":"EntryPoint","urlTemplate":"https:\/\/provencelovers.fr\/es\/?s={search_term_string}"},"query-input":{"@type":"PropertyValueSpecification","valueRequired":true,"valueName":"search_term_string"}}],"inLanguage":"es"},{"@type":"Organization","@id":"https:\/\/provencelovers.fr\/es\/#organization","name":"Provence Lovers","url":"https:\/\/provencelovers.fr\/es\/","logo":{"@type":"ImageObject","inLanguage":"es","@id":"https:\/\/provencelovers.fr\/es\/#\/schema\/logo\/image\/","url":"https:\/\/provencelovers.fr\/wp-content\/uploads\/2022\/11\/Blog-Provence-Lovers-Logos.png","contentUrl":"https:\/\/provencelovers.fr\/wp-content\/uploads\/2022\/11\/Blog-Provence-Lovers-Logos.png","width":2707,"height":863,"caption":"Provence Lovers"},"image":{"@id":"https:\/\/provencelovers.fr\/es\/#\/schema\/logo\/image\/"}},{"@type":"Person","@id":"https:\/\/provencelovers.fr\/es\/#\/schema\/person\/6b627316d8aca03e6b41be79090f3819","name":"Claire ROBINSON","image":{"@type":"ImageObject","inLanguage":"es","@id":"https:\/\/secure.gravatar.com\/avatar\/53c353c843050f9265c9a68901a74b6613f3f04e343e64cbba45c5b031ea079b?s=96&d=mm&r=g","url":"https:\/\/secure.gravatar.com\/avatar\/53c353c843050f9265c9a68901a74b6613f3f04e343e64cbba45c5b031ea079b?s=96&d=mm&r=g","contentUrl":"https:\/\/secure.gravatar.com\/avatar\/53c353c843050f9265c9a68901a74b6613f3f04e343e64cbba45c5b031ea079b?s=96&d=mm&r=g","caption":"Claire ROBINSON"},"sameAs":["https:\/\/provencelovers.fr\/claire-robinson\/"],"url":"https:\/\/provencelovers.fr\/es\/author\/provencelovers\/"}]}},"featured_image_src":"https:\/\/provencelovers.fr\/wp-content\/uploads\/2024\/03\/costa-azul-noviembre-tiempo-temperaturas-600x400.jpg","featured_image_src_square":"https:\/\/provencelovers.fr\/wp-content\/uploads\/2024\/03\/costa-azul-noviembre-tiempo-temperaturas-600x600.jpg","author_info":{"display_name":"Claire ROBINSON","author_link":"https:\/\/provencelovers.fr\/es\/author\/provencelovers\/"},"_links":{"self":[{"href":"https:\/\/provencelovers.fr\/es\/wp-json\/wp\/v2\/posts\/12066","targetHints":{"allow":["GET"]}}],"collection":[{"href":"https:\/\/provencelovers.fr\/es\/wp-json\/wp\/v2\/posts"}],"about":[{"href":"https:\/\/provencelovers.fr\/es\/wp-json\/wp\/v2\/types\/post"}],"author":[{"embeddable":true,"href":"https:\/\/provencelovers.fr\/es\/wp-json\/wp\/v2\/users\/1"}],"replies":[{"embeddable":true,"href":"https:\/\/provencelovers.fr\/es\/wp-json\/wp\/v2\/comments?post=12066"}],"version-history":[{"count":0,"href":"https:\/\/provencelovers.fr\/es\/wp-json\/wp\/v2\/posts\/12066\/revisions"}],"wp:featuredmedia":[{"embeddable":true,"href":"https:\/\/provencelovers.fr\/es\/wp-json\/wp\/v2\/media\/10120"}],"wp:attachment":[{"href":"https:\/\/provencelovers.fr\/es\/wp-json\/wp\/v2\/media?parent=12066"}],"wp:term":[{"taxonomy":"category","embeddable":true,"href":"https:\/\/provencelovers.fr\/es\/wp-json\/wp\/v2\/categories?post=12066"},{"taxonomy":"post_tag","embeddable":true,"href":"https:\/\/provencelovers.fr\/es\/wp-json\/wp\/v2\/tags?post=12066"}],"curies":[{"name":"wp","href":"https:\/\/api.w.org\/{rel}","templated":true}]}}