{"id":10316,"date":"2024-03-11T15:13:18","date_gmt":"2024-03-11T14:13:18","guid":{"rendered":"https:\/\/provencelovers.fr\/visite-palais-princier-monaco\/"},"modified":"2024-03-11T17:06:35","modified_gmt":"2024-03-11T16:06:35","slug":"visitar-palacio-principesco-monaco","status":"publish","type":"post","link":"https:\/\/provencelovers.fr\/es\/visitar-palacio-principesco-monaco\/","title":{"rendered":"Palacio Principesco (M\u00f3naco): visita + fotos"},"content":{"rendered":"\n<p>\u00bfQuiere descubrir un <strong>monumento inolvidable<\/strong>? Visite el Palacio del Pr\u00edncipe de M\u00f3naco Quedar\u00e1 deslumbrado por su magn\u00edfica arquitectura <strong>de finales del Renacimiento<\/strong> y su <strong>suntuoso mobiliario<\/strong>. El edificio sigue habitado por la familia principesca, como demuestra el <strong>cambio de<\/strong> guardia cada ma\u00f1ana para garantizar su seguridad. S\u00f3lo una parte del castillo est\u00e1 abierta a los visitantes en temporada. \u00a1No pierda esta oportunidad!<\/p>\n\n<p>En este art\u00edculo encontrar\u00e1 algunos <strong>consejos \u00fatiles<\/strong> que le ayudar\u00e1n a preparar su visita y \u00a1a pasarlo de maravilla!<\/p>\n\n<figure class=\"wp-block-image size-full\"><img decoding=\"async\" src=\"https:\/\/provencelovers.fr\/wp-content\/uploads\/2024\/03\/visitar-palacio-principesco-monaco.jpg\" alt=\"&#xA1;Lea nuestro art&#xED;culo sobre el Palacio Princier de M&#xF3;naco!\" class=\"wp-image-10292\"\/><\/figure>\n\n<div class=\"wp-block-genesis-blocks-gb-container gb-block-container\"><div class=\"gb-container-inside\"><div class=\"gb-container-content\">\n<p>Esta gu\u00eda es totalmente <strong>independiente<\/strong> y se basa en nuestras experiencias. Visitamos la regi\u00f3n de forma an\u00f3nima, tomando nuestras propias decisiones y pagando \u00edntegramente nuestras facturas.<\/p>\n<\/div><\/div><\/div>\n\n<h2 class=\"wp-block-heading\">\u00bfPor qu\u00e9 visitar el Palacio del Pr\u00edncipe?<\/h2>\n\n<h3 class=\"wp-block-heading\">\u00bfMerece la pena el palacio? Nuestra opini\u00f3n:<\/h3>\n\n<p>S\u00ed, \u00a1merece la pena visitar el palacio! Lo incluimos en nuestro art\u00edculo sobre los <a href=\"https:\/\/provencelovers.fr\/es\/mejores-museos-monaco\/\" target=\"_blank\" rel=\"noreferrer noopener\">mejores museos de M\u00f3naco<\/a>. Nos pareci\u00f3 bastante impresionante entrar en un palacio habitado por la familia principesca a la cabeza del gobierno. Aunque s\u00f3lo pueden visitarse los Grandes Apartamentos, hay mucho que ver, incluido un espl\u00e9ndido patio principal, numerosos frescos del siglo XVI, \u00a1e incluso el Sal\u00f3n del Trono!<\/p>\n\n<p>\u00a1Es una de las <a href=\"https:\/\/provencelovers.fr\/es\/que-ver-monaco-visitar\/\" target=\"_blank\" rel=\"noreferrer noopener\">mejores cosas que hacer en M\u00f3naco<\/a>!<\/p>\n\n<figure class=\"wp-block-image size-large\"><img decoding=\"async\" src=\"https:\/\/photos.smugmug.com\/Provence-Lovers\/Monaco\/Monuments\/n-s3Pf3g\/Palais-Princier\/i-vGfL3WJ\/0\/CvqgWzt5Mm3nc8k8dzjKdM5H6mTHC2CfGsD7xWQZJ\/L\/Monaco-PalaisPrincier-fresquescouloir-L.jpg\" alt=\"Vista general de la Galerie d'Hercule.  \"\/><\/figure>\n\n<h3 class=\"wp-block-heading\">\u00bfPor qu\u00e9 es famoso el palacio?<\/h3>\n\n<p>El palacio es famoso por varias razones. En primer lugar, domina el Rocher, el barrio hist\u00f3rico de M\u00f3naco, junto al <a href=\"https:\/\/www.getyourguide.es\/musee-oceanographique-l3881\/billet-coupe-file-pour-le-musee-oceanographique-de-monaco-t108793\/?partner_id=R3GYW4V&amp;cmp=PL\" target=\"_blank\" rel=\"noreferrer noopener sponsored nofollow\">Museo Oceanogr\u00e1fico<\/a>. Con la familia principesca viviendo y gobernando en el edificio, el palacio tambi\u00e9n est\u00e1 marcado por grandes momentos hist\u00f3ricos. Un ejemplo es el encuentro entre el pr\u00edncipe Rainiero III y la actriz estadounidense Grace Kelly, \u00a1del que le hablaremos m\u00e1s adelante! El castillo es tambi\u00e9n un s\u00edmbolo de la soberan\u00eda de M\u00f3naco. Observando su fachada, nos percatamos de su papel defensivo al repeler los asaltos de potencias extranjeras, en particular de los genoveses en el siglo XVI. Por \u00faltimo, el cambio de guardia, para garantizar la seguridad del palacio, es una ceremonia militar que atrae a curiosos de todo el mundo.  <\/p>\n\n<figure class=\"wp-block-image size-large\"><img decoding=\"async\" src=\"https:\/\/photos.smugmug.com\/Provence-Lovers\/Monaco\/Monuments\/n-s3Pf3g\/Palais-Princier\/i-7Ntb5nS\/0\/CRfFJKVTzCs8JhdR9DBLLRZbgCVvKmsfZrVKRMjg3\/L\/Monaco-PalaisPrincier-relevegarde-L.jpg\" alt=\"Vista de los Carabinieri del Pr&#xED;ncipe desde atr&#xE1;s.\"\/><\/figure>\n\n<h3 class=\"wp-block-heading\">Nuestros momentos favoritos<\/h3>\n\n<p>Podr\u00e1 saber m\u00e1s sobre nuestra visita m\u00e1s adelante, pero no podemos resistirnos a compartir nuestros favoritos con usted ahora mismo:<\/p>\n\n<ul class=\"wp-block-list\">\n<li><strong>El cambio de guardia: <\/strong>los Carabinieri del Pr\u00edncipe, un cuerpo militar creado en 1817, se turnan cada ma\u00f1ana para garantizar la seguridad del palacio y de la familia principesca. En nuestra opini\u00f3n, \u00a1asistir es una experiencia \u00fanica!<\/li>\n\n\n\n<li><strong>El patio de<\/strong> honor: nos quedamos at\u00f3nitos ante la belleza de este patio. A la luz del sol, destacaban los motivos renacentistas de las fachadas. \u00a1Nos sentimos como si estuvi\u00e9ramos en Italia!<\/li>\n\n\n\n<li><strong>La sala del trono: <\/strong>encontrarnos cara a cara con el trono del Pr\u00edncipe nos produjo una sensaci\u00f3n muy especial. Nos sentimos privilegiados y pensamos en todos los momentos hist\u00f3ricos que debieron tener lugar en esta sala.  <\/li>\n<\/ul>\n\n<figure class=\"wp-block-image size-large\"><img decoding=\"async\" src=\"https:\/\/photos.smugmug.com\/Provence-Lovers\/Monaco\/Monuments\/n-s3Pf3g\/Palais-Princier\/i-mCd3wkd\/0\/tXKpXHkL2dpNxpLRZxRkLNWzxhz4SWq5G5wZ5zj6\/L\/Monaco-PalaisPrincier-fac&#x327;ade-2-L.jpg\" alt=\"Vista de los motivos de la fachada del patio de honor.  \"\/><\/figure>\n\n<div style=\"margin-top:8%;margin-bottom:8%\" class=\"wp-block-genesis-blocks-gb-container box gb-block-container\"><div class=\"gb-container-inside\"><div class=\"gb-container-content\" style=\"max-width:700px\">\n<div class=\"wp-block-genesis-blocks-gb-container box_titre gb-block-container\"><div class=\"gb-container-inside\"><div class=\"gb-container-content\">\n<h5 class=\"titre_box\" style=\"padding-top:10px;\">D\u00d3NDE DORMIR EN <span class=\"titre_box_manuscrit\">M\u00f3naco<\/span><\/h5>\n<\/div><\/div><\/div>\n\n\n\n<hr class=\"wp-block-separator has-text-color has-alpha-channel-opacity has-background is-style-wide hr-box-planif\" style=\"background-color:#ccd3dd;color:#ccd3dd\"\/>\n\n\n\n<div class=\"wp-block-columns box_sans_border is-layout-flex wp-container-core-columns-is-layout-9d6595d7 wp-block-columns-is-layout-flex\">\n<div class=\"wp-block-column texte_planif is-layout-flow wp-block-column-is-layout-flow\" style=\"font-size:14px;flex-basis:60%\">\n<p class=\"option_titre2\"><strong>Opci\u00f3n 1: En Montecarlo<\/strong><\/p>\n\n\n\n<p style=\"font-size:14px\">Descubra los palacios de lujo del barrio m\u00e1s codiciado de M\u00f3naco:<\/p>\n\n\n\n<ul class=\"ul_box wp-block-list\">\n<li style=\"font-size:14px\"><strong>H\u00f4tel de<\/strong> Paris &#8211; <a href=\"https:\/\/www.booking.com\/hotel\/mc\/ha-tel-de-paris.html?aid=2319618\" target=\"_blank\" rel=\"noreferrer noopener sponsored nofollow\">ver precios, fotos y disponibilidad<\/a><\/li>\n\n\n\n<li style=\"font-size:14px\"><strong>Hotel Hermitage<\/strong> <a href=\"https:\/\/www.booking.com\/hotel\/mc\/ha-tel-hermitage.html?aid=2319618\" target=\"_blank\" rel=\"noreferrer noopener sponsored nofollow\">&#8211; ver precios, fotos y disponibilidad<\/a><\/li>\n\n\n\n<li style=\"font-size:14px\"><strong>Hotel M\u00e9tropole<\/strong> <a href=\"https:\/\/www.booking.com\/hotel\/mc\/metropole-monte-carlo.html?aid=2319618\" target=\"_blank\" rel=\"noreferrer noopener sponsored nofollow\">&#8211; ver precios, fotos y disponibilidad<\/a><\/li>\n<\/ul>\n<\/div>\n\n\n\n<div class=\"wp-block-column is-vertically-aligned-top planif-radius is-layout-flow wp-block-column-is-layout-flow\" style=\"flex-basis:40%\">\n<figure class=\"wp-block-image size-large img-portrait\"><img decoding=\"async\" src=\"https:\/\/photos.smugmug.com\/Provence-Lovers\/Monaco\/H&#xF4;tels\/n-MhWPh8\/H&#xF4;tel-Hermitage\/i-h94Jxwh\/0\/ccfe842f\/L\/Monaco-HotelHermitage-coupoleiffel-L.jpg\" alt=\"Vista de la c&#xFA;pula Eiffel del H&#xF4;tel Hermitage.  \" title=\"\"\/><\/figure>\n<\/div>\n<\/div>\n\n\n\n<hr class=\"wp-block-separator has-text-color has-alpha-channel-opacity has-background is-style-wide hr-box-planif\" style=\"background-color:#ccd3dd;color:#ccd3dd\"\/>\n\n\n\n<div class=\"wp-block-columns box_sans_border is-layout-flex wp-container-core-columns-is-layout-9d6595d7 wp-block-columns-is-layout-flex\">\n<div class=\"wp-block-column texte_planif is-layout-flow wp-block-column-is-layout-flow\" style=\"font-size:14px;flex-basis:60%\">\n<p class=\"option_titre\"><strong>Opci\u00f3n 2: Larvotto<\/strong><\/p>\n\n\n\n<p style=\"font-size:14px\">Cerca de la playa de Larvotto, encontrar\u00e1 algunos espl\u00e9ndidos hoteles resort.<br\/>Le recomendamos..:<\/p>\n\n\n\n<ul class=\"ul_box wp-block-list\">\n<li style=\"font-size:14px\"><strong>Monte-Carlo Bay Hotel &amp;<\/strong> Resort &#8211; <a href=\"https:\/\/www.booking.com\/hotel\/mc\/monte-carlo-bay.html?aid=2319618\" target=\"_blank\" rel=\"noreferrer noopener sponsored nofollow\">ver precios, fotos y disponibilidad<\/a><\/li>\n\n\n\n<li style=\"font-size:14px\"><strong>Le<\/strong> <strong>M\u00e9ridien Beach<\/strong> Plaza &#8211; <a href=\"https:\/\/www.booking.com\/hotel\/mc\/lemeridienbeachplaza.html?aid=2319618\" target=\"_blank\" rel=\"noreferrer noopener sponsored nofollow\">ver precios, fotos y disponibilidad<\/a><\/li>\n<\/ul>\n<\/div>\n\n\n\n<div class=\"wp-block-column is-vertically-aligned-top planif-radius is-layout-flow wp-block-column-is-layout-flow\" style=\"flex-basis:40%\">\n<figure class=\"wp-block-image size-large img-portrait\"><img decoding=\"async\" src=\"https:\/\/photos.smugmug.com\/Provence-Lovers\/Monaco\/H&#xF4;tels\/n-MhWPh8\/Monte-Carlo-Bay-Resort\/i-9VGGDBp\/0\/95a2a4ff\/L\/Monaco-MonteCarloBay-vuederriere-L.jpg\" alt=\"Vista del Monte Carlo Bay Hotel &amp;amp; Resort.\" title=\"\"\/><\/figure>\n<\/div>\n<\/div>\n\n\n\n<hr class=\"wp-block-separator has-text-color has-alpha-channel-opacity has-background is-style-wide hr-box-planif\" style=\"background-color:#ccd3dd;color:#ccd3dd\"\/>\n\n\n\n<div class=\"wp-block-columns box_sans_border is-layout-flex wp-container-core-columns-is-layout-9d6595d7 wp-block-columns-is-layout-flex\">\n<div class=\"wp-block-column texte_planif is-layout-flow wp-block-column-is-layout-flow\" style=\"flex-basis:60%\">\n<p class=\"option_titre\"><strong>Opci\u00f3n 3: En Port-Hercule<\/strong><\/p>\n\n\n\n<p style=\"font-size:14px\">Hoteles boutique con magn\u00edficas vistas al puerto y al Rocher.<\/p>\n\n\n\n<ul class=\"ul_box wp-block-list\">\n<li class=\"ul_box\" style=\"font-size:14px\"><strong>H\u00f4tel Miramar<\/strong> &#8211; <a href=\"https:\/\/www.booking.com\/hotel\/mc\/miramar-monte-carlo1.html?aid=2319618\" target=\"_blank\" rel=\"noreferrer noopener sponsored nofollow\">ver precios, fotos y disponibilidad<\/a><\/li>\n\n\n\n<li class=\"ul_box\" style=\"font-size:14px\"><strong>Port<\/strong> Palace &#8211; <a href=\"https:\/\/www.booking.com\/hotel\/mc\/port-palace.html?aid=2319618\" target=\"_blank\" rel=\"noreferrer noopener sponsored nofollow\">ver precios, fotos y disponibilidad<\/a><\/li>\n<\/ul>\n<\/div>\n\n\n\n<div class=\"wp-block-column is-vertically-aligned-top planif-radius is-layout-flow wp-block-column-is-layout-flow\" style=\"flex-basis:40%\">\n<figure class=\"wp-block-image size-large\"><img decoding=\"async\" src=\"https:\/\/photos.smugmug.com\/Provence-Lovers\/Monaco\/H&#xF4;tels\/n-MhWPh8\/H&#xF4;tel-Miramar\/i-2m4732T\/0\/fbdf7348\/L\/Monaco-ho&#x302;telmiramar-rooftop-L.jpg\" alt=\"Vista del puerto desde el hotel Miramar.\"\/><\/figure>\n<\/div>\n<\/div>\n\n\n\n<p class=\"has-text-align-center\"><a href=\"https:\/\/provencelovers.fr\/es\/mejores-hoteles-monaco-donde-alojarse\/\">Vea nuestras rese\u00f1as de los mejores hoteles de M\u00f3naco<\/a><\/p>\n\n\n\n<div class=\"wp-block-buttons planif_bouton is-content-justification-center is-layout-flex wp-container-core-buttons-is-layout-16018d1d wp-block-buttons-is-layout-flex\">\n<div class=\"wp-block-button has-custom-font-size\" style=\"font-size:14px\"><a class=\"wp-block-button__link has-white-color has-text-color wp-element-button\" href=\"https:\/\/www.booking.com\/city\/mc\/monaco.html?aid=2319618\" style=\"border-radius:4px\" target=\"_blank\" rel=\"noreferrer noopener\">Ver todos los alojamientos disponibles  <img loading=\"lazy\" decoding=\"async\" width=\"16\" height=\"17\" class=\"wp-image-2851\" style=\"width: 16px;\" src=\"https:\/\/provencelovers.fr\/wp-content\/uploads\/2023\/08\/ArrowRight.webp\" alt=\"\"\/><\/a><\/div>\n<\/div>\n<\/div><\/div><\/div>\n\n<h3 class=\"wp-block-heading\">La historia en breve<\/h3>\n\n<p>M\u00f3naco siempre ha estado densamente poblado. Formando un puerto natural, fenicios y gentes de lo que hoy es el L\u00edbano ven\u00edan aqu\u00ed a comerciar. El puerto fue adquirido por la Rep\u00fablica de G\u00e9nova en 1191. Para protegerse, fortific\u00f3 la Roca y construy\u00f3 una ciudadela, precursora del palacio actual. En el siglo XIII estallaron conflictos entre las grandes familias genovesas. Entre ellos se encuentra la poderosa familia Grimaldi. Est\u00e1 implantado en toda la Costa Azul, como demuestran los numerosos castillos que pudimos visitar. Algunos ejemplos son el Ch\u00e2teau-mus\u00e9e de Cagnes-sur-Mer y el Ch\u00e2teau-mus\u00e9e de Antibes, actual sede del <a href=\"https:\/\/provencelovers.fr\/es\/visitar-museo-picasso-antibes\/\" target=\"_blank\" rel=\"noreferrer noopener\">Museo Picasso<\/a>.<\/p>\n\n<figure class=\"wp-block-image size-large\"><img decoding=\"async\" src=\"https:\/\/photos.smugmug.com\/Provence-Lovers\/Cagnes-sur-Mer\/n-P4Bf8X\/Ch&#xE2;teau-Mus&#xE9;e-Grimaldi\/i-gGpB992\/0\/C77TsZdV64GHWMVqxZCPd3HRbHRMVxVBGjtfs3Qqm\/L\/chateau-musee-grimaldi-cagnes-sur-mer-L.jpg\" alt=\"Techo barroco del siglo XVII en el Ch&#xE2;teau-Mus&#xE9;e Grimaldi de Cagnes-sur-Mer.\"\/><figcaption class=\"wp-element-caption\">Techo barroco del siglo XVII en el Ch\u00e2teau-Mus\u00e9e Grimaldi de Cagnes-sur-Mer.<\/figcaption><\/figure>\n\n<p>Seg\u00fan la leyenda, fue en 1297 cuando Fran\u00e7ois Grimaldi, haci\u00e9ndose pasar por un monje en busca de asilo para pasar la noche, entr\u00f3 en la ciudadela genovesa. Dej\u00f3 entrar a sus soldados y tom\u00f3 la fortaleza. Por eso en el escudo de M\u00f3naco aparecen monjes blandiendo espadas. Lo observamos en este tapiz de Aubusson. M\u00f3naco\u00bb significa monje en italiano. Posteriormente, G\u00e9nova siti\u00f3 el principado en numerosas ocasiones, pero \u00e9ste se defendi\u00f3 forjando alianzas con los reinos franc\u00e9s y espa\u00f1ol. M\u00f3naco obtuvo as\u00ed su independencia. En el siglo XVI, la fortaleza se convirti\u00f3 en el elegante Palacio del Pr\u00edncipe que conocemos hoy en d\u00eda.  <\/p>\n\n<figure class=\"wp-block-image size-large\"><img decoding=\"async\" src=\"https:\/\/photos.smugmug.com\/Provence-Lovers\/Monaco\/Monuments\/n-s3Pf3g\/Palais-Princier\/i-Cx8jfQN\/0\/D3SZfwBz5q9wH7rhMttXm7XRp5DJSMJxpTqZJJMpB\/L\/monaco-palaisprincier-tapisserie-L.jpg\" alt=\"Vista del tapiz de Aubusson con el escudo de armas de la familia Grimaldi.  \"\/><figcaption class=\"wp-element-caption\">Tapiz de Aubusson expuesto en la Chambre d&#8217;Europe.<\/figcaption><\/figure>\n\n<h2 class=\"wp-block-heading\">Acceso: Palacio Principesco, M\u00f3naco<\/h2>\n\n<h3 class=\"wp-block-heading\">\u00bfD\u00f3nde est\u00e1 el palacio?<\/h3>\n\n<ul class=\"wp-block-list\">\n<li>En el barrio de Rocher,<\/li>\n\n\n\n<li>En la plaza del Palacio, en el Principado de M\u00f3naco (98015),<\/li>\n\n\n\n<li>Cerca de la <a href=\"https:\/\/provencelovers.fr\/es\/visitar-cathedrale-notre-dame-immaculee-catedral-monaco\/\" target=\"_blank\" rel=\"noreferrer noopener\">catedral<\/a>, los <a href=\"https:\/\/provencelovers.fr\/es\/visitar-jardines-saint-martin-monaco\/\" target=\"_blank\" rel=\"noreferrer noopener\">Jardines Saint-Martin<\/a> y el <a href=\"https:\/\/provencelovers.fr\/es\/visitar-museo-oceanografico-monaco\/\" target=\"_blank\" rel=\"noreferrer noopener\">Museo Oceanogr\u00e1fico<\/a>.<\/li>\n<\/ul>\n\n<p>Aqu\u00ed tiene un mapa que le ayudar\u00e1 a orientarse:<\/p>\n\n<figure class=\"wp-block-image size-large\"><img decoding=\"async\" src=\"https:\/\/provencelovers.fr\/wp-content\/uploads\/2024\/02\/mapa-mejores-museos-monaco-1024x806.png\" alt=\"tarjeta de los mejores museos de m&#xF3;naco\" class=\"wp-image-9815\"\/><figcaption class=\"wp-element-caption\">Mapa de los mejores museos de M\u00f3naco.<\/figcaption><\/figure>\n\n<div style=\"margin-top:8%;margin-bottom:8%\" class=\"wp-block-genesis-blocks-gb-container box gb-block-container\"><div class=\"gb-container-inside\"><div class=\"gb-container-content\">\n<div class=\"wp-block-columns inverse box_planif is-layout-flex wp-container-core-columns-is-layout-9d6595d7 wp-block-columns-is-layout-flex\">\n<div class=\"wp-block-column texte_planif is-layout-flow wp-block-column-is-layout-flow\" style=\"flex-basis:58%\">\n<h5 class=\"titre_box\">NUESTROS CONSEJOS PARA ALQUILER SU COCHE EN <span class=\"titre_box_manuscrit\">\nProvenza<\/span><\/h5>\n\n\n\n<ul class=\"liste_voiture wp-block-list\" style=\"font-size:14px\">\n<li>Compare precios en nuestra plataforma preferida: <a href=\"https:\/\/www.discovercars.com\/es\/france?a_aid=zigzag&amp;chan=PL\" target=\"_blank\" rel=\"noreferrer noopener sponsored nofollow\">DiscoverCars<\/a>, uno de los sitios mejor valorados.<\/li>\n\n\n\n<li>Elija un <strong>coche lo suficientemente potente <\/strong>(las carreteras son empinadas) pero <strong>compacto<\/strong> (algunos pasos son estrechos).<\/li>\n\n\n\n<li>Considere la posibilidad de<strong>contratar un seguro a todo riesgo<\/strong> (algunas carreteras son sinuosas y estrechas).<\/li>\n\n\n\n<li>Hay mucha demanda, as\u00ed que <strong>reserve con antelaci\u00f3n<\/strong>.<\/li>\n<\/ul>\n<\/div>\n\n\n\n<div class=\"wp-block-column planif-radius-3 is-layout-flow wp-block-column-is-layout-flow\" style=\"flex-basis:42%\">\n<figure class=\"wp-block-image size-full is-resized\"><img loading=\"lazy\" decoding=\"async\" width=\"421\" height=\"533\" src=\"https:\/\/provencelovers.fr\/wp-content\/uploads\/2023\/05\/Vieux-Nice-ruelle-L.png\" alt=\"\" class=\"wp-image-1302\" title=\"\" srcset=\"https:\/\/provencelovers.fr\/wp-content\/uploads\/2023\/05\/Vieux-Nice-ruelle-L.png 421w, https:\/\/provencelovers.fr\/wp-content\/uploads\/2023\/05\/Vieux-Nice-ruelle-L-237x300.png 237w\" sizes=\"auto, (max-width: 421px) 100vw, 421px\" \/><\/figure>\n<\/div>\n<\/div>\n\n\n\n<div class=\"wp-block-columns planif_bouton is-layout-flex wp-container-core-columns-is-layout-9d6595d7 wp-block-columns-is-layout-flex\">\n<div class=\"wp-block-column is-layout-flow wp-block-column-is-layout-flow\" style=\"flex-basis:50%\">\n<div class=\"wp-block-buttons is-content-justification-center is-layout-flex wp-container-core-buttons-is-layout-16018d1d wp-block-buttons-is-layout-flex\">\n<div class=\"wp-block-button has-custom-font-size\" style=\"font-size:14px\"><a class=\"wp-block-button__link has-white-color has-text-color wp-element-button\" href=\"https:\/\/www.discovercars.com\/es\/france?a_aid=zigzag&amp;amp;chan=PL\" style=\"border-radius:4px\" target=\"_blank\" rel=\"noreferrer noopener\">Ver los coches<img loading=\"lazy\" decoding=\"async\" width=\"16\" height=\"17\" class=\"wp-image-2851\" style=\"width: 16px;\" src=\"https:\/\/provencelovers.fr\/wp-content\/uploads\/2023\/08\/ArrowRight.webp\" alt=\"\"\/><\/a><\/div>\n<\/div>\n<\/div>\n\n\n\n<div class=\"wp-block-column is-vertically-aligned-center is-layout-flow wp-block-column-is-layout-flow\" style=\"flex-basis:50%\">\n<p class=\"has-text-align-center\" style=\"font-size:14px\"><strong><a href=\"https:\/\/provencelovers.fr\/es\/como-alquilar-coche-provenza\/\">Vea nuestros consejos<\/a><\/strong><\/p>\n<\/div>\n<\/div>\n<\/div><\/div><\/div>\n\n<h3 class=\"wp-block-heading\">\u00bfC\u00f3mo llegar?<\/h3>\n\n<p>Est\u00e1 a 25-30 minutos a pie de la estaci\u00f3n. Preferimos advertirle de que la subida principal al Rocher es empinada y muy expuesta al sol. Si le resulta dif\u00edcil desplazarse, le recomendamos que tome el autob\u00fas. El palacio es f\u00e1cilmente accesible a trav\u00e9s de las l\u00edneas de autob\u00fas 1 y 2, parada \u00abMonaco Ville Le Rocher\u00bb. Para planificar su ruta, visite la p\u00e1gina web oficial de la red de transportes <a href=\"https:\/\/www.cam.mc\/me-deplacer\" target=\"_blank\" rel=\"noreferrer noopener nofollow\">aqu\u00ed<\/a>. Para un itinerario m\u00e1s entretenido, tambi\u00e9n puede optar por el trenecito tur\u00edstico (las salidas y llegadas tienen lugar frente al <a href=\"https:\/\/provencelovers.fr\/es\/visitar-museo-oceanografico-monaco\/\" target=\"_blank\" rel=\"noreferrer noopener\">Museo Oceanogr\u00e1fico<\/a>, a 10 minutos a pie).<\/p>\n\n<p>Para una comodidad \u00f3ptima, \u00bfpor qu\u00e9 no optar por un recorrido en autob\u00fas con varias paradas? \u00a1La visita es gratuita para los ni\u00f1os menores de 4 a\u00f1os!  <a href=\"https:\/\/www.getyourguide.es\/monaco-l515\/monaco-monte-carlo-en-bus-a-arrets-multiples-t170400\/?partner_id=R3GYW4V&amp;cmp=PL\" target=\"_blank\" rel=\"noreferrer noopener sponsored nofollow\"><strong>Reserve ya su visita.<\/strong><\/a><\/p>\n\n<figure class=\"wp-block-image size-large\"><img decoding=\"async\" src=\"https:\/\/photos.smugmug.com\/Provence-Lovers\/Monaco\/Pratique\/n-K4X7wk\/Pratique\/i-k4MPjXf\/0\/9PbZV6XW2kFWHPMgF7mXWjsVpsxSPV4HxzrCZMgv\/L\/Monaco-pratique-bustour-L.jpg\" alt=\"Vista del autob&#xFA;s de City Tour.  \"\/><\/figure>\n\n<h3 class=\"wp-block-heading\">Aparcamiento<\/h3>\n\n<p>Hay tres aparcamientos a diez minutos a pie del Palacio: el aparcamiento Condamine, el aparcamiento Quai Antoine Ier y el aparcamiento Chemin des P\u00eacheurs. Estos aparcamientos cobran por estacionar una hora o m\u00e1s y est\u00e1n abiertos las 24 horas del d\u00eda. Si quiere evitar la subida al Rocher, le recomendamos que opte por esta \u00faltima. Es directamente accesible a trav\u00e9s de una escalera mec\u00e1nica junto a la entrada del <a href=\"https:\/\/www.getyourguide.es\/musee-oceanographique-l3881\/billet-coupe-file-pour-le-musee-oceanographique-de-monaco-t108793\/?partner_id=R3GYW4V&amp;cmp=PL\" target=\"_blank\" rel=\"noreferrer noopener sponsored nofollow\">Museo Oceanogr\u00e1fico<\/a>. \u00bfPor qu\u00e9 no aprovecha la oportunidad para visitarlo?<\/p>\n\n<figure class=\"wp-block-image size-large\"><img decoding=\"async\" src=\"https:\/\/photos.smugmug.com\/Provence-Lovers\/Monaco\/Mus&#xE9;es\/n-jxBCv6\/Mus&#xE9;e-Oc&#xE9;anographique\/i-g5Cgj5W\/0\/GsFX6WDpPVKGfG9g37nRnhDtDxJk3wFKQLr6ncc2\/L\/monaco-museeoceanographie-parking-L.jpg\" alt=\"Escalera mec&#xE1;nica hasta el aparcamiento Chemin des P&#xEA;cheurs.\"\/><figcaption class=\"wp-element-caption\">Escalera mec\u00e1nica hasta el aparcamiento Chemin des P\u00eacheurs.<\/figcaption><\/figure>\n\n<div style=\"margin-top:8%;margin-bottom:8%\" class=\"wp-block-genesis-blocks-gb-container box gb-block-container\"><div class=\"gb-container-inside\"><div class=\"gb-container-content\">\n<div class=\"wp-block-columns inverse is-layout-flex wp-container-core-columns-is-layout-9d6595d7 wp-block-columns-is-layout-flex\">\n<div class=\"wp-block-column texte_planif is-layout-flow wp-block-column-is-layout-flow\" style=\"flex-basis:58%\">\n<h5 class=\"titre_box\">PLANIFIQUE SU ESTANCIA EN <span class=\"titre_box_manuscrit\">M\u00f3naco<\/span><\/h5>\n\n\n\n<ul class=\"wp-block-list\">\n<li style=\"font-size:14px\"><a href=\"https:\/\/provencelovers.fr\/es\/que-ver-monaco-visitar\/\" target=\"_blank\" rel=\"noreferrer noopener\">Qu\u00e9 ver en M\u00f3naco<\/a><\/li>\n\n\n\n<li style=\"font-size:14px\"><a href=\"https:\/\/provencelovers.fr\/es\/mejores-hoteles-monaco-donde-alojarse\/\" target=\"_blank\" rel=\"noreferrer noopener\">Los mejores hoteles para alojarse en M\u00f3naco<\/a><\/li>\n\n\n\n<li style=\"font-size:14px\"><a href=\"https:\/\/provencelovers.fr\/es\/mejor-restaurante-monaco-donde-comer-opiniones\/\" target=\"_blank\" rel=\"noreferrer noopener\">Los mejores restaurantes<\/a><\/li>\n\n\n\n<li style=\"font-size:14px\"><a href=\"https:\/\/provencelovers.fr\/es\/mejores-museos-monaco\/\" target=\"_blank\" rel=\"noreferrer noopener\">Los mejores museos<\/a><\/li>\n\n\n\n<li style=\"font-size:14px\"><a href=\"https:\/\/provencelovers.fr\/es\/mejores-jardines-monaco\/\" target=\"_blank\" rel=\"noreferrer noopener\">Los jardines m\u00e1s bellos<\/a><\/li>\n\n\n\n<li style=\"font-size:14px\"><a href=\"https:\/\/provencelovers.fr\/es\/mejores-playas-monaco\/\" target=\"_blank\" rel=\"noreferrer noopener\">Las playas m\u00e1s bellas de M\u00f3naco<\/a><\/li>\n\n\n\n<li style=\"font-size:14px\"><a href=\"https:\/\/provencelovers.fr\/es\/visitar-casino-monte-carlo-monaco\/\" target=\"_blank\" rel=\"noreferrer noopener\">Visite el Casino Monte-Carlo<\/a><\/li>\n\n\n\n<li style=\"font-size:14px\"><a href=\"https:\/\/provencelovers.fr\/es\/visitar-palacio-principesco-monaco\/\" target=\"_blank\" rel=\"noreferrer noopener\">Visite el Palacio del Pr\u00edncipe<\/a><\/li>\n\n\n\n<li style=\"font-size:14px\"><a href=\"https:\/\/provencelovers.fr\/es\/visitar-museo-oceanografico-monaco\/\" target=\"_blank\" rel=\"noreferrer noopener\">Visite el Museo Oceanogr\u00e1fico<\/a><\/li>\n\n\n\n<li style=\"font-size:14px\">Itinerarios: <a href=\"https:\/\/provencelovers.fr\/es\/visitar-1-dia-monaco-itinerario\/\" target=\"_blank\" rel=\"noreferrer noopener\">1 d\u00eda<\/a> &#8211; <a href=\"https:\/\/provencelovers.fr\/es\/visitar-monaco-2-dias-itinerario-weekend\/\" target=\"_blank\" rel=\"noreferrer noopener\">2 d\u00edas<\/a> &#8211; <a href=\"https:\/\/provencelovers.fr\/es\/visitar-monaco-3-dias-itinerario-weekend\/\" target=\"_blank\" rel=\"noreferrer noopener\">3 d\u00edas<\/a><\/li>\n\n\n\n<li style=\"font-size:14px\"><a href=\"https:\/\/provencelovers.fr\/es\/mejores-excursiones-desde-monaco\/\" target=\"_blank\" rel=\"noreferrer noopener\">Excursiones desde M\u00f3naco<\/a><\/li>\n<\/ul>\n<\/div>\n\n\n\n<div class=\"wp-block-column ville-radius is-layout-flow wp-block-column-is-layout-flow\" style=\"flex-basis:42%\">\n<figure class=\"wp-block-image size-large img-portrait\"><img decoding=\"async\" src=\"https:\/\/photos.smugmug.com\/Provence-Lovers\/Monaco\/Monuments\/n-s3Pf3g\/Casino-Monte-Carlo\/i-43DmvPp\/0\/4b24376f\/L\/Monaco-casino-vuedepuisjardin-L.jpg\" alt=\"Antibes\" style=\"object-fit:contain\" title=\"\"\/><\/figure>\n<\/div>\n<\/div>\n<\/div><\/div><\/div>\n\n<h2 class=\"wp-block-heading\">Consejos \u00fatiles: duraci\u00f3n, horarios, alimentaci\u00f3n&#8230;<\/h2>\n\n<h3 class=\"wp-block-heading\">La mejor \u00e9poca para visitarlo <\/h3>\n\n<p>La franja horaria ideal para su visita depende de si desea asistir o no al cambio de guardia. La ceremonia tiene lugar cada ma\u00f1ana a las 11.55 horas, por lo que es una buena idea visitar el palacio cuando abre a las 10.00 horas para observar las ceremonias. En lo que a nosotros respecta, lo primero que hicimos fue ver el relevo y luego entramos en el palacio. Sin embargo, hab\u00eda bastante gente, sobre todo al final del recorrido.<\/p>\n\n<p>Si no le interesa el cambio de guardia, le recomendamos que visite el palacio mientras tiene lugar o al final del d\u00eda. Si puede, evite los fines de semana y las vacaciones escolares.<\/p>\n\n<figure class=\"wp-block-image size-large\"><img decoding=\"async\" src=\"https:\/\/photos.smugmug.com\/Provence-Lovers\/Monaco\/Monuments\/n-s3Pf3g\/Palais-Princier\/i-JVhTdMC\/0\/DzqSPWVgQLzdNfzgWMLmn8bZbzbvRQ3GQzs5DqTKx\/L\/monaco-palaisprincier-monde-L.jpg\" alt=\"Vista del mundo desde el palacio.  \"\/><\/figure>\n\n<h3 class=\"wp-block-heading\">Duraci\u00f3n de la visita y principales dificultades<\/h3>\n\n<p>Prevea entre 1h y 1h30 para la visita (dependiendo de los posibles cierres por obras de restauraci\u00f3n).<\/p>\n\n<p>El acceso al palacio para personas con movilidad reducida no es posible ya que s\u00f3lo hay escaleras. No hay lugares para sentarse durante todo el recorrido. Se admiten perros lazarillo y en recepci\u00f3n hay disponible un folleto tur\u00edstico en braille.<\/p>\n\n<figure class=\"wp-block-image size-large\"><img decoding=\"async\" src=\"https:\/\/photos.smugmug.com\/Provence-Lovers\/Monaco\/Monuments\/n-s3Pf3g\/Palais-Princier\/i-KjwMSfk\/0\/CJPCzQgD5qFL4gtpB7zxKspJ2SZwX5fc2GVLd2qXT\/L\/monaco-palaisprincier-chbrevalentinois-L.jpg\" alt=\"La Chambre Valentinois.\"\/><figcaption class=\"wp-element-caption\">La Chambre Valentinois.<\/figcaption><\/figure>\n\n<h3 class=\"wp-block-heading\">Consejos para la visita<\/h3>\n\n<p>Se impone el sentido de la visita. Tras pasar por un control de seguridad y la taquilla, descubrir\u00e1 la Cour d&#8217;Honneur. A continuaci\u00f3n, entrar\u00e1 en la C\u00e1mara de Europa y recorrer\u00e1 las distintas salas hasta llegar a los aposentos reales. Incluye algunas estancias impresionantes (sala del trono, dormitorio real, etc.). Conduce a la Galerie des Princes, que sirve de sala donde se celebran exposiciones de forma regular. En el momento de nuestra visita, otras grandes salas estaban cerradas (capilla, biblioteca), pero puede que tenga la suerte de verlas. Para salir, debe volver por el patio principal. No se pierda esta impresionante cueva justo antes de la salida.<\/p>\n\n<figure class=\"wp-block-image size-large\"><img decoding=\"async\" src=\"https:\/\/photos.smugmug.com\/Provence-Lovers\/Monaco\/Monuments\/n-s3Pf3g\/Palais-Princier\/i-p3NP8vD\/0\/QFbmC7sNGcdFBtZLn5Lm6TLDTctZxWChBxMj7FhX\/L\/monaco-palaisprincier-grotte-L.jpg\" alt=\"Vista de la cueva.  \"\/><\/figure>\n\n<div style=\"background-color:#fefefe;margin-top:6%;margin-bottom:6%\" class=\"wp-block-genesis-blocks-gb-container box gb-block-container\"><div class=\"gb-container-inside\"><div class=\"gb-container-content\" style=\"max-width:700px\">\n<div class=\"wp-block-columns inverse is-layout-flex wp-container-core-columns-is-layout-9d6595d7 wp-block-columns-is-layout-flex\">\n<div class=\"wp-block-column texte_planif is-layout-flow wp-block-column-is-layout-flow\" style=\"flex-basis:58%\">\n<h5 class=\"titre_box\">UN POCO MAS DE <span class=\"titre_box_manuscrit\">paciencia<\/span><\/h5>\n\n\n\n<p style=\"font-size:14px\">Todas las fotos, mapas, informaci\u00f3n, buenas direcciones para que <strong>su estancia en la Provenza<\/strong> sea un \u00e9xito, <strong>\u00a1pronto estar\u00e1n reun<\/strong> idas en un \u00fanico ebook!<\/p>\n\n\n\n<p style=\"font-size:14px\">Si desea que le informemos de la publicaci\u00f3n de nuestra <strong>gu\u00eda sobre la Provenza<\/strong>, reg\u00edstrese:<\/p>\n\n\n<script>\nvar gform;gform||(document.addEventListener(\"gform_main_scripts_loaded\",function(){gform.scriptsLoaded=!0}),document.addEventListener(\"gform\/theme\/scripts_loaded\",function(){gform.themeScriptsLoaded=!0}),window.addEventListener(\"DOMContentLoaded\",function(){gform.domLoaded=!0}),gform={domLoaded:!1,scriptsLoaded:!1,themeScriptsLoaded:!1,isFormEditor:()=>\"function\"==typeof InitializeEditor,callIfLoaded:function(o){return!(!gform.domLoaded||!gform.scriptsLoaded||!gform.themeScriptsLoaded&&!gform.isFormEditor()||(gform.isFormEditor()&&console.warn(\"The use of gform.initializeOnLoaded() is deprecated in the form editor context and will be removed in Gravity Forms 3.1.\"),o(),0))},initializeOnLoaded:function(o){gform.callIfLoaded(o)||(document.addEventListener(\"gform_main_scripts_loaded\",()=>{gform.scriptsLoaded=!0,gform.callIfLoaded(o)}),document.addEventListener(\"gform\/theme\/scripts_loaded\",()=>{gform.themeScriptsLoaded=!0,gform.callIfLoaded(o)}),window.addEventListener(\"DOMContentLoaded\",()=>{gform.domLoaded=!0,gform.callIfLoaded(o)}))},hooks:{action:{},filter:{}},addAction:function(o,r,e,t){gform.addHook(\"action\",o,r,e,t)},addFilter:function(o,r,e,t){gform.addHook(\"filter\",o,r,e,t)},doAction:function(o){gform.doHook(\"action\",o,arguments)},applyFilters:function(o){return gform.doHook(\"filter\",o,arguments)},removeAction:function(o,r){gform.removeHook(\"action\",o,r)},removeFilter:function(o,r,e){gform.removeHook(\"filter\",o,r,e)},addHook:function(o,r,e,t,n){null==gform.hooks[o][r]&&(gform.hooks[o][r]=[]);var d=gform.hooks[o][r];null==n&&(n=r+\"_\"+d.length),gform.hooks[o][r].push({tag:n,callable:e,priority:t=null==t?10:t})},doHook:function(r,o,e){var t;if(e=Array.prototype.slice.call(e,1),null!=gform.hooks[r][o]&&((o=gform.hooks[r][o]).sort(function(o,r){return o.priority-r.priority}),o.forEach(function(o){\"function\"!=typeof(t=o.callable)&&(t=window[t]),\"action\"==r?t.apply(null,e):e[0]=t.apply(null,e)})),\"filter\"==r)return e[0]},removeHook:function(o,r,t,n){var e;null!=gform.hooks[o][r]&&(e=(e=gform.hooks[o][r]).filter(function(o,r,e){return!!(null!=n&&n!=o.tag||null!=t&&t!=o.priority)}),gform.hooks[o][r]=e)}});\n<\/script>\n\n                <div class='gf_browser_gecko gform_wrapper gravity-theme gform-theme--no-framework waitlist_wrapper' data-form-theme='gravity-theme' data-form-index='0' id='gform_wrapper_3' ><form method='post' enctype='multipart\/form-data'  id='gform_3' class='waitlist' action='\/es\/wp-json\/wp\/v2\/posts\/10316' data-formid='3' novalidate> \r\n <input type='hidden' class='gforms-pum' value='{\"closepopup\":false,\"closedelay\":0,\"openpopup\":false,\"openpopup_id\":0}' \/>\n                        <div class='gform-body gform_body'><div id='gform_fields_3' class='gform_fields top_label form_sublabel_below description_below validation_below'><div id=\"field_3_3\" class=\"gfield gfield--type-honeypot gform_validation_container field_sublabel_below gfield--has-description field_description_below field_validation_below gfield_visibility_visible\"  ><label class='gfield_label gform-field-label' for='input_3_3'>LinkedIn<\/label><div class='ginput_container'><input name='input_3' id='input_3_3' type='text' value='' autocomplete='new-password'\/><\/div><div class='gfield_description' id='gfield_description_3_3'>Este campo es un campo de validaci\u00f3n y debe quedar sin cambios.<\/div><\/div><div id=\"field_3_2\" class=\"gfield gfield--type-website gfield--input-type-website gfield--width-full field_sublabel_below gfield--no-description field_description_below field_validation_below gfield_visibility_hidden\"  ><div class=\"admin-hidden-markup\"><i class=\"gform-icon gform-icon--hidden\" aria-hidden=\"true\" title=\"Este campo est\u00e1 oculto cuando se visualiza el formulario\"><\/i><span>Este campo est\u00e1 oculto cuando se visualiza el formulario<\/span><\/div><label class='gfield_label gform-field-label' for='input_3_2'>Site Web<\/label><div class='ginput_container ginput_container_website'>\n                    <input name='input_2' id='input_3_2' type='url' value='https:\/\/provencelovers.fr\/es\/wp-json\/wp\/v2\/posts\/10316' class='large'    placeholder='https:\/\/'  aria-invalid=\"false\" \/>\n                <\/div><\/div><div id=\"field_3_1\" class=\"gfield gfield--type-email gfield--input-type-email gfield--width-full field_sublabel_below gfield--no-description field_description_below hidden_label field_validation_below gfield_visibility_visible\"  ><label class='gfield_label gform-field-label' for='input_3_1'>E-mail<\/label><div class='ginput_container ginput_container_email'>\n                            <input name='input_1' id='input_3_1' type='email' value='votre e-mail' class='large'     aria-invalid=\"false\"  \/>\n                        <\/div><\/div><\/div><\/div>\n        <div class='gform-footer gform_footer top_label'> <input type='submit' id='gform_submit_button_3' class='gform_button button' onclick='gform.submission.handleButtonClick(this);' data-submission-type='submit' value='Inscr\u00edbase'  \/> \n            <input type='hidden' class='gform_hidden' name='gform_submission_method' data-js='gform_submission_method_3' value='postback' \/>\n            <input type='hidden' class='gform_hidden' name='gform_theme' data-js='gform_theme_3' id='gform_theme_3' value='gravity-theme' \/>\n            <input type='hidden' class='gform_hidden' name='gform_style_settings' data-js='gform_style_settings_3' id='gform_style_settings_3' value='{&quot;inputPrimaryColor&quot;:&quot;#204ce5&quot;}' \/>\n            <input type='hidden' class='gform_hidden' name='is_submit_3' value='1' \/>\n            <input type='hidden' class='gform_hidden' name='gform_submit' value='3' \/>\n            \n            <input type='hidden' class='gform_hidden' name='gform_currency' data-currency='EUR' value='JvH09kbAa6k97l5zbM1ULr4TEzJX+tPX9XhdnIwTiZKxoqKmgoxW9JpwPM7U1hskn6\/fUIW+dFmirYQ4tWcEnbRobwsGlz1+5b8M0i\/Yqb3TNZE=' \/>\n            <input type='hidden' class='gform_hidden' name='gform_unique_id' value='' \/>\n            <input type='hidden' class='gform_hidden' name='state_3' value='WyJbXSIsImZmMDY0ZWJkMmU3ZDZhZTc3YTc4MDBiNDgyNDcwNGVlIl0=' \/>\n            <input type='hidden' autocomplete='off' class='gform_hidden' name='gform_target_page_number_3' id='gform_target_page_number_3' value='0' \/>\n            <input type='hidden' autocomplete='off' class='gform_hidden' name='gform_source_page_number_3' id='gform_source_page_number_3' value='1' \/>\n            <input type='hidden' name='gform_field_values' value='' \/>\n            \n        <\/div>\n                        <\/form>\n                        <\/div><script>\ngform.initializeOnLoaded( function() {gformInitSpinner( 3, 'https:\/\/provencelovers.fr\/wp-content\/plugins\/gravityforms\/images\/spinner.svg', true );jQuery('#gform_ajax_frame_3').on('load',function(){var contents = jQuery(this).contents().find('*').html();var is_postback = contents.indexOf('GF_AJAX_POSTBACK') >= 0;if(!is_postback){return;}var form_content = jQuery(this).contents().find('#gform_wrapper_3');var is_confirmation = jQuery(this).contents().find('#gform_confirmation_wrapper_3').length > 0;var is_redirect = contents.indexOf('gformRedirect(){') >= 0;var is_form = form_content.length > 0 && ! is_redirect && ! is_confirmation;var mt = parseInt(jQuery('html').css('margin-top'), 10) + parseInt(jQuery('body').css('margin-top'), 10) + 100;if(is_form){jQuery('#gform_wrapper_3').html(form_content.html());if(form_content.hasClass('gform_validation_error')){jQuery('#gform_wrapper_3').addClass('gform_validation_error');} else {jQuery('#gform_wrapper_3').removeClass('gform_validation_error');}setTimeout( function() { \/* delay the scroll by 50 milliseconds to fix a bug in chrome *\/  }, 50 );if(window['gformInitDatepicker']) {gformInitDatepicker();}if(window['gformInitPriceFields']) {gformInitPriceFields();}var current_page = jQuery('#gform_source_page_number_3').val();gformInitSpinner( 3, 'https:\/\/provencelovers.fr\/wp-content\/plugins\/gravityforms\/images\/spinner.svg', true );jQuery(document).trigger('gform_page_loaded', [3, current_page]);window['gf_submitting_3'] = false;}else if(!is_redirect){var confirmation_content = jQuery(this).contents().find('.GF_AJAX_POSTBACK').html();if(!confirmation_content){confirmation_content = contents;}jQuery('#gform_wrapper_3').replaceWith(confirmation_content);jQuery(document).trigger('gform_confirmation_loaded', [3]);window['gf_submitting_3'] = false;wp.a11y.speak(jQuery('#gform_confirmation_message_3').text());}else{jQuery('#gform_3').append(contents);if(window['gformRedirect']) {gformRedirect();}}jQuery(document).trigger(\"gform_pre_post_render\", [{ formId: \"3\", currentPage: \"current_page\", abort: function() { this.preventDefault(); } }]);        if (event && event.defaultPrevented) {                return;        }        const gformWrapperDiv = document.getElementById( \"gform_wrapper_3\" );        if ( gformWrapperDiv ) {            const visibilitySpan = document.createElement( \"span\" );            visibilitySpan.id = \"gform_visibility_test_3\";            gformWrapperDiv.insertAdjacentElement( \"afterend\", visibilitySpan );        }        const visibilityTestDiv = document.getElementById( \"gform_visibility_test_3\" );        let postRenderFired = false;        function triggerPostRender() {            if ( postRenderFired ) {                return;            }            postRenderFired = true;            gform.core.triggerPostRenderEvents( 3, current_page );            if ( visibilityTestDiv ) {                visibilityTestDiv.parentNode.removeChild( visibilityTestDiv );            }        }        function debounce( func, wait, immediate ) {            var timeout;            return function() {                var context = this, args = arguments;                var later = function() {                    timeout = null;                    if ( !immediate ) func.apply( context, args );                };                var callNow = immediate && !timeout;                clearTimeout( timeout );                timeout = setTimeout( later, wait );                if ( callNow ) func.apply( context, args );            };        }        const debouncedTriggerPostRender = debounce( function() {            triggerPostRender();        }, 200 );        if ( visibilityTestDiv && visibilityTestDiv.offsetParent === null ) {            const observer = new MutationObserver( ( mutations ) => {                mutations.forEach( ( mutation ) => {                    if ( mutation.type === 'attributes' && visibilityTestDiv.offsetParent !== null ) {                        debouncedTriggerPostRender();                        observer.disconnect();                    }                });            });            observer.observe( document.body, {                attributes: true,                childList: false,                subtree: true,                attributeFilter: [ 'style', 'class' ],            });        } else {            triggerPostRender();        }    } );} );\n<\/script>\n<\/div>\n\n\n\n<div class=\"wp-block-column is-layout-flow wp-block-column-is-layout-flow\" style=\"flex-basis:42%\">\n<div class=\"wp-block-genesis-blocks-gb-container ebook-radius-waitlist gb-block-container\"><div class=\"gb-container-inside\"><div class=\"gb-container-content\"><div class=\"wp-block-image ebook-image\">\n<figure class=\"aligncenter size-large\"><img decoding=\"async\" src=\"https:\/\/loirelovers.fr\/wp-content\/uploads\/2023\/03\/ebooks_CorseNormandie_FR.png\" alt=\"Box Ebook C&#xF3;rcega FR\"\/><\/figure>\n<\/div><\/div><\/div><\/div>\n<\/div>\n<\/div>\n<\/div><\/div><\/div>\n\n<h3 class=\"wp-block-heading\">Visitas con ni\u00f1os<\/h3>\n\n<p>En recepci\u00f3n encontrar\u00e1 un folleto de visita para ni\u00f1os de 6 a 11 a\u00f1os.<\/p>\n\n<h3 class=\"wp-block-heading\">Horarios y precios<\/h3>\n\n<p>El Palacio del Pr\u00edncipe s\u00f3lo est\u00e1 abierto a los visitantes durante la temporada alta. Depende del a\u00f1o, pero en general comienza a finales de marzo o principios de abril y termina a finales de septiembre.  <\/p>\n\n<p>Estos son los horarios:<\/p>\n\n<ul class=\"wp-block-list\">\n<li>Abierto todos los d\u00edas de 10.00 a 17.00 horas.  <\/li>\n\n\n\n<li>Abierto todos los d\u00edas de 10 a 18 h en julio y agosto.<\/li>\n\n\n\n<li>Cerrado el fin de semana del <a href=\"https:\/\/www.getyourguide.es\/monaco-l515\/monaco-formula-1-walking-tour-the-inside-track-monaco-f1-t461697\/?partner_id=R3GYW4V&amp;cmp=PL\" target=\"_blank\" rel=\"noreferrer noopener sponsored nofollow\">Gran Premio de F\u00f3rmula 1<\/a> (suele celebrarse a finales de mayo).<\/li>\n\n\n\n<li>Es posible que se produzcan cierres excepcionales sin previo aviso, ya que el palacio es la sede del Gobierno Principesco.  <\/li>\n<\/ul>\n\n<p>Estos son los precios:  <\/p>\n\n<ul class=\"wp-block-list\">\n<li>Precio adulto completo: 10<\/li>\n\n\n\n<li>Tarifa reducida (ni\u00f1os de 6 a 17 a\u00f1os y estudiantes): 5<\/li>\n<\/ul>\n\n<p>La visita incluye una audiogu\u00eda, disponible en 11 idiomas. Tambi\u00e9n puede encontrar el contenido de esta audiogu\u00eda en la aplicaci\u00f3n para visitantes. Para obtener m\u00e1s informaci\u00f3n y consultar los horarios de apertura m\u00e1s actualizados, visite el sitio web oficial <a href=\"https:\/\/visitepalaisdemonaco.com\/#informations\" target=\"_blank\" rel=\"noreferrer noopener nofollow\">aqu\u00ed<\/a>.<\/p>\n\n<figure class=\"wp-block-image size-large\"><img decoding=\"async\" src=\"https:\/\/photos.smugmug.com\/Provence-Lovers\/Monaco\/Monuments\/n-s3Pf3g\/Palais-Princier\/i-rWDqKcv\/0\/CBgVKMktSZPKqVDSmbpnxLdVKtQrQsDmhJtsGq9xB\/L\/monaco-palaisprincier-audioguide-L.jpg\" alt=\"Ver en una audiogu&#xED;a.  \"\/><\/figure>\n\n<h3 class=\"wp-block-heading\">Visitas guiadas<\/h3>\n\n<p>Las visitas guiadas s\u00f3lo est\u00e1n disponibles previa reserva. Para m\u00e1s informaci\u00f3n, visite la p\u00e1gina web oficial del palacio <a href=\"https:\/\/visitepalaisdemonaco.com\/#visites\" target=\"_blank\" rel=\"noreferrer noopener nofollow\">aqu\u00ed<\/a>.  <\/p>\n\n<h3 class=\"wp-block-heading\">Restauraci\u00f3n<\/h3>\n\n<p>En la Roca encontrar\u00e1 algunas direcciones estupendas. Le recomendamos especialmente Le Petit Bar, que sirve una cocina generosa y sabrosa. Lo incluimos en nuestro art\u00edculo sobre los <a href=\"https:\/\/provencelovers.fr\/es\/mejor-restaurante-monaco-donde-comer-opiniones\/\" target=\"_blank\" rel=\"noreferrer noopener\">mejores restaurantes de M\u00f3naco<\/a>.<\/p>\n\n<figure class=\"wp-block-image size-large\"><img decoding=\"async\" src=\"https:\/\/photos.smugmug.com\/Provence-Lovers\/Monaco\/Restaurants\/n-58B7n3\/Restaurant-Le-Petit-Bar\/i-3VG5nhx\/0\/FKpk28jnLQM9sXHfwnmRTW2gNHr9trC9Xns3XDt3M\/L\/monaco-petitbar-plat-L.jpg\" alt=\"Plato en el Petit Bar.\"\/><figcaption class=\"wp-element-caption\">Plato en el Petit Bar.<\/figcaption><\/figure>\n\n<h2 class=\"wp-block-heading\">Un palacio \u00abfortaleza\u00bb: el cambio de guardia<\/h2>\n\n<h3 class=\"wp-block-heading\">La ceremonia del cambio de guardia<\/h3>\n\n<p>La vida en el palacio se ve salpicada cada d\u00eda por el cambio de guardia. A las 11.55 horas, los Carabinieri del Pr\u00edncipe, un cuerpo militar creado en 1817, se turnaron para garantizar la seguridad de la familia real. Alineados en fila, cruzaron la plaza del Palacio y empu\u00f1aron sus armas al son de los tambores. Esto dura unos quince minutos. Si desea asistir, le aconsejamos que llegue justo antes de las 11.30 horas. Esta tradici\u00f3n atrae a muchos turistas. Por esta raz\u00f3n, no podr\u00e1 atravesar la plaza, ya que la parte central est\u00e1 vedada. Si quiere llegar al otro lado, tendr\u00e1 que desviarse por las calles principales del distrito. Es una informaci\u00f3n importante a tener en cuenta, porque si se da cuenta de que hay demasiada gente en el lugar donde se encuentra, \u00a1tendr\u00e1 que cambiar de bando mucho antes de que empiece la ceremonia!  <\/p>\n\n<figure class=\"wp-block-image size-large\"><img decoding=\"async\" src=\"https:\/\/photos.smugmug.com\/Provence-Lovers\/Monaco\/Monuments\/n-s3Pf3g\/Palais-Princier\/i-STT2cfr\/0\/DWsxnQBVVMkWnmCdPmNtxDDGP4XhCsctHP58ffL9S\/L\/Monaco-PalaisPrincier-relevegarde-1-L.jpg\" alt=\"Vista del cambio de guardia.  \"\/><\/figure>\n\n<h3 class=\"wp-block-heading\">De la arquitectura defensiva a un palacio de recreo<\/h3>\n\n<p>Cuando llegamos al palacio, nos quedamos asombrados por su arquitectura compuesta. A la derecha del monumento se puede ver una vivienda medieval. Fue construido en el siglo XIII, cuando el Pe\u00f1\u00f3n pertenec\u00eda a la Rep\u00fablica de G\u00e9nova. Cuenta con una torre de piedra, la Tour Sainte-Marie. Forma parte de la fortaleza que a\u00fan constituye el coraz\u00f3n del palacio. Este complejo comprende una muralla defensiva protegida por un muro cortina y flanqueada por 4 torres. Las otras torres son menos visibles. Son del mismo color que la fachada, que data de los siglos XVI y XVII. Nos impresion\u00f3 su elegancia. Es testigo de la transformaci\u00f3n de la fortaleza en palacio de recreo cuando M\u00f3naco obtuvo su independencia y de la protecci\u00f3n del Reino de Espa\u00f1a frente a los genoveses. Las numerosas logias y la terraza de la azotea reflejan la influencia del Renacimiento italiano.  <\/p>\n\n<figure class=\"wp-block-image size-large\"><img decoding=\"async\" src=\"https:\/\/photos.smugmug.com\/Provence-Lovers\/Monaco\/Monuments\/n-s3Pf3g\/Palais-Princier\/i-HqH9JN5\/0\/DbjKD7bqQrVFVDZ73pP4gzBxPn6MgwXV3DwDR7gXt\/L\/Monaco-palaisprincier-fac&#x327;ade-L.jpg\" alt=\"Vista de la fachada del palacio.  \"\/><\/figure>\n\n<h2 class=\"wp-block-heading\">Una inmersi\u00f3n en el Renacimiento italiano<\/h2>\n\n<h3 class=\"wp-block-heading\">El patio principal y sus frescos del siglo XVI<\/h3>\n\n<p>Una vez dentro del palacio, nos sorprendi\u00f3 el patio de honor. \u00a1Nos sentimos como si estuvi\u00e9ramos en Italia! En este sentido, la continuidad con el estilo de la fachada es innegable. T\u00f3mese su tiempo para admirar los motivos que adornan los distintos edificios. \u00bfPuede reconocer el escudo de M\u00f3naco? Estos frescos resplandecientes, a\u00fan m\u00e1s bellos a la luz del sol, fueron creados en el siglo XVI por artistas genoveses. No llegamos a bajar al centro del patio para admirar la espl\u00e9ndida escalera en forma de herradura, que quiso el pr\u00edncipe Luis I en el siglo XVII. No obstante, pudimos observar su ornamentaci\u00f3n y sus bolas de m\u00e1rmol negro de Portor (procedente de Espa\u00f1a) desde la Galerie d&#8217;Hercule.  <\/p>\n\n<figure class=\"wp-block-image size-large\"><img decoding=\"async\" src=\"https:\/\/photos.smugmug.com\/Provence-Lovers\/Monaco\/Monuments\/n-s3Pf3g\/Palais-Princier\/i-bCHM3HG\/0\/9mQtstCtd6dhv2v3nQbdGqWbzMqmtsWTBRQ4HpDs\/L\/Monaco-PalaisPrincier-cour-1-L.jpg\" alt=\"Vista del patio principal.  \"\/><\/figure>\n\n<p>La Galerie d&#8217;Hercule ha sido restaurada recientemente para sacar a la luz estos magn\u00edficos frescos del siglo XVI, que hab\u00edan sido da\u00f1ados y alterados con el paso del tiempo. Observamos detenidamente los lunetos (las zonas bajo las b\u00f3vedas), que representan la vida y obra del h\u00e9roe mitol\u00f3gico romano H\u00e9rcules. Las b\u00f3vedas est\u00e1n cubiertas de grutescos del Renacimiento tard\u00edo. Nos gustaron especialmente estos caprichosos adornos, con sus atrevidos colores destacando sobre el blanco brillante. No deje de mirar hacia arriba: los medallones presentan alegor\u00edas de las artes liberales (geometr\u00eda, aritm\u00e9tica&#8230;) y los puntos cardinales.  <\/p>\n\n<figure class=\"wp-block-image size-large\"><img decoding=\"async\" src=\"https:\/\/photos.smugmug.com\/Provence-Lovers\/Monaco\/Monuments\/n-s3Pf3g\/Palais-Princier\/i-gCT2bQz\/0\/FBxKcZHDsPQHxhRZ8swjQJJ73LQtHtbQJNNkc8rgj\/L\/Monaco-PalaisPrincier-fresquescouloir-1-L.jpg\" alt=\"Vista del fresco.\"\/><\/figure>\n\n<h3 class=\"wp-block-heading\">Un viaje a G\u00e9nova<\/h3>\n\n<p>Al entrar en la primera sala del recorrido, nuestra sensaci\u00f3n de estar en Italia persisti\u00f3. \u00a1La Chambre d&#8217;Europe cuenta con un magn\u00edfico techo renacentista del siglo XVI! Se trata de ornamentos decorativos muy utilizados en la Antig\u00fcedad, como las figuras h\u00edbridas (centauros, etc.). Esta influencia antigua se refleja en el medall\u00f3n central, que representa \u00abEl rapto de Europa\u00bb de la epopeya po\u00e9tica <em>Metamorfosis <\/em>de Ovidio. T\u00f3mese su tiempo para admirar las diversas pinturas renacentistas y el tapiz de Aubusson que representa el escudo de armas de la familia Grimaldi.  <\/p>\n\n<figure class=\"wp-block-image size-large\"><img decoding=\"async\" src=\"https:\/\/photos.smugmug.com\/Provence-Lovers\/Monaco\/Monuments\/n-s3Pf3g\/Palais-Princier\/i-K9hLL8g\/0\/C2rmRMjqLQ8ptbZsN6QFt5XkHN7HkCkgWtXbk7BKm\/L\/monaco-palaisprincier-chbreeurope-L.jpg\" alt=\"Techo de la Chambre d'Europe.  \"\/><figcaption class=\"wp-element-caption\">Techo de la Chambre d&#8217;Europe.<\/figcaption><\/figure>\n\n<p>No pudimos visitar la antigua sala de la alcoba de m\u00e1rmol porque estaba siendo renovada. \u00a1Tambi\u00e9n tiene unas magn\u00edficas decoraciones pintadas! Por otro lado, pudimos descubrir el mismo estilo de ornamentaci\u00f3n en las b\u00f3vedas del Sal\u00f3n Azul, conocido como la Sala Matignon. Esta gran sala se llama as\u00ed porque evoca la alianza entre la familia Grimaldi y la familia Matignon. Conocemos a esta familia porque, como nosotros, proceden de <a href=\"https:\/\/normandielovers.fr\/\" target=\"_blank\" rel=\"noreferrer noopener\">Normand\u00eda<\/a>, \u00a1donde gobernaron Alen\u00e7on!  <\/p>\n\n<figure class=\"wp-block-image size-large\"><img decoding=\"async\" src=\"https:\/\/photos.smugmug.com\/Provence-Lovers\/Monaco\/Monuments\/n-s3Pf3g\/Palais-Princier\/i-dsWHMWK\/0\/DVFTwHRNSRWzvzMh9ddXQSwhH5wDq3w4L3pxJcT3r\/L\/monaco-palaisprincier-salonbleu-L.jpg\" alt=\"Vista del sal&#xF3;n azul matignon.  \"\/><figcaption class=\"wp-element-caption\">Sal\u00f3n Bleu, conocido como el Sal\u00f3n Matignon.<\/figcaption><\/figure>\n\n<h3 class=\"wp-block-heading\">Una rica colecci\u00f3n<\/h3>\n\n<p>En el Sal\u00f3n Matignon pudimos contemplar grandes retratos y un rico mobiliario. Lo mismo ocurre en muchas otras estancias, sobre todo en la antec\u00e1mara verde. La segunda sala del recorrido, est\u00e1 dispuesta como un gabinete de curiosidades. Aqu\u00ed se pueden admirar algunos cuadros notables, como el retrato del primer pr\u00edncipe de M\u00f3naco, Honor\u00e9 II Grimaldi, obra del c\u00e9lebre pintor del reino de Francia, Philippe de Champaigne. Tambi\u00e9n ver\u00e1 unas magn\u00edficas piezas de marqueter\u00eda con el escudo de M\u00f3naco que datan del siglo XVIII.<\/p>\n\n<figure class=\"wp-block-image size-large\"><img decoding=\"async\" src=\"https:\/\/photos.smugmug.com\/Provence-Lovers\/Monaco\/Monuments\/n-s3Pf3g\/Palais-Princier\/i-qtH4rmL\/0\/Chq665ck7qRBvch9pZMxxj7VgkNvzGz7BT2NzNCQ5\/L\/monaco-palaisprincier-antichambreverte-L.jpg\" alt=\"Vista de la antec&#xE1;mara verde.  \"\/><figcaption class=\"wp-element-caption\">Antec\u00e1mara verde.<\/figcaption><\/figure>\n\n<p>Ahora que ya conoce el escudo de armas, puede aprovechar al m\u00e1ximo el Gabinete de Historia. Nos impresion\u00f3 el conjunto de decoraciones principescas del interior. Podr\u00e1 admirar monedas, medallas, sellos, cuellos principescos, uniformes y armas, \u00a1incluidas las espadas utilizadas por los Carabinieri del Pr\u00edncipe que vimos durante el cambio de guardia!  <\/p>\n\n<figure class=\"wp-block-image size-large\"><img decoding=\"async\" src=\"https:\/\/photos.smugmug.com\/Provence-Lovers\/Monaco\/Monuments\/n-s3Pf3g\/Palais-Princier\/i-hXZtCKX\/0\/Cq364L6tj5hPc55dGjxcSn7pXKjrfqdFzDW7zVVCL\/L\/monaco-palaisprincier-cabinethistoire-L.jpg\" alt=\"Vista del Gabinete de Historia.  \"\/><\/figure>\n\n<p>Justo despu\u00e9s de la Sala de Historia, se encontrar\u00e1 con la Sala de Oficiales. Dispuesta como un gabinete italiano, alberga cuadros de Venecia. \u00a1Confirm\u00f3 nuestra impresi\u00f3n de que est\u00e1bamos viajando a Italia! El nombre de esta antec\u00e1mara se explica por su funci\u00f3n: la ocupan los miembros del s\u00e9quito principesco al servicio del soberano. Por eso est\u00e1 situado junto al barrio real.<\/p>\n\n<figure class=\"wp-block-image size-large\"><img decoding=\"async\" src=\"https:\/\/photos.smugmug.com\/Provence-Lovers\/Monaco\/Monuments\/n-s3Pf3g\/Palais-Princier\/i-jNVGJm3\/0\/2V24wmMpv2C6tS2SzThkbRdp5dtjNVqGGcr6xhmv\/L\/monaco-palaisprincier-salonofficiers-L.jpg\" alt=\"Vista de la Sala de Oficiales.\"\/><\/figure>\n\n<h2 class=\"wp-block-heading\">El barrio real: descubra los esplendores del palacio principesco<\/h2>\n\n<h3 class=\"wp-block-heading\">El Sal\u00f3n del Trono<\/h3>\n\n<p>Es la sala m\u00e1s emblem\u00e1tica del Palacio. Siempre ha acogido las ceremonias de juramento de los nuevos soberanos. Sin embargo, no fue hasta 1881 cuando se instal\u00f3 all\u00ed el trono. De estilo imperio, nos record\u00f3 al castillo de Napole\u00f3n en Fontainebleau, \u00a1a s\u00f3lo 1 hora de Par\u00eds! Varios retratos ceremoniales de los Pr\u00edncipes de M\u00f3naco adornan las paredes. No deje de mirar hacia arriba para admirar el techo de finales del siglo XVI y la soberbia chimenea renacentista.  <\/p>\n\n<figure class=\"wp-block-image size-large\"><img decoding=\"async\" src=\"https:\/\/photos.smugmug.com\/Provence-Lovers\/Monaco\/Monuments\/n-s3Pf3g\/Palais-Princier\/i-fKVGsKW\/0\/FcF4Xm7smZrX584fWZHp282LNH2cxV7kdxPGNrzK3\/L\/Monaco-PalaisPrincier-trone-L.jpg\" alt=\"Vista de la Sala del Trono.  \"\/><\/figure>\n\n<p>Aparte del trono, el elemento que m\u00e1s nos llam\u00f3 la atenci\u00f3n de esta sala fue esta mesa con incrustaciones de m\u00e1rmol de estilo Luis XIV. \u00a1Nos sedujeron sus brillantes colores! Aqu\u00ed se firmaron las escrituras m\u00e1s importantes del principado. Un ejemplo son las bodas. De hecho, en esta sala se han celebrado 5 bodas civiles y reales, \u00a1incluida la del pr\u00edncipe Rainiero III con la actriz estadounidense Grace Kelly en 1956!  <\/p>\n\n<figure class=\"wp-block-image size-large\"><img decoding=\"async\" src=\"https:\/\/photos.smugmug.com\/Provence-Lovers\/Monaco\/Monuments\/n-s3Pf3g\/Palais-Princier\/i-TrxvDL6\/0\/k8zMsW6jXPNMfqgwvGsQcb6WMtQxxKgHPF2wPdms\/L\/monaco-palaisprincier-tablemarqueterie-L.jpg\" alt=\"Vista de la mesa de marqueter&#xED;a del Sal&#xF3;n del Trono.  \"\/><\/figure>\n\n<h3 class=\"wp-block-heading\">Pisos de prestigio<\/h3>\n\n<p>El resto del barrio real est\u00e1 formado por pisos muy suntuosos, todos del siglo XVII. \u00bfSu funci\u00f3n? Acogida de personalidades de rango real. Fue en la antesala real, por ejemplo, donde el pr\u00edncipe Rainiero III conoci\u00f3 a la actriz Grace Kelly, que hab\u00eda acudido a palacio para un reportaje de prensa sobre su participaci\u00f3n en el <a href=\"https:\/\/www.festival-cannes.com\/\" target=\"_blank\" rel=\"noreferrer noopener nofollow\">Festival de Cannes<\/a>.  <\/p>\n\n<figure class=\"wp-block-image size-large\"><img decoding=\"async\" src=\"https:\/\/photos.smugmug.com\/Provence-Lovers\/Monaco\/Monuments\/n-s3Pf3g\/Palais-Princier\/i-dtNLzNH\/0\/Ld5N7pckXf5qDkCpQcLkT6GnHW736QkZsHqLDZ9s\/L\/monaco-palaisprincier-antichambreroyale-L.jpg\" alt=\"Vista de la antec&#xE1;mara real.  \"\/><\/figure>\n\n<p>Sin embargo, la sala que m\u00e1s nos impresion\u00f3 fue la C\u00e1mara Real, conocida como C\u00e1mara de York. Es famoso porque el duque de York, hermano del rey Jorge III de Inglaterra, muri\u00f3 all\u00ed, a pesar de los cuidados que recibi\u00f3 por orden del pr\u00edncipe Honor\u00e9 III. Pero lo que realmente nos llam\u00f3 la atenci\u00f3n fue la alcoba dorada que separaba la cama del resto de la habitaci\u00f3n y el techo pintado de vivos colores. \u00a1Todo en esta habitaci\u00f3n habla de magnificencia principesca!  <\/p>\n\n<figure class=\"wp-block-image size-large\"><img decoding=\"async\" src=\"https:\/\/photos.smugmug.com\/Provence-Lovers\/Monaco\/Monuments\/n-s3Pf3g\/Palais-Princier\/i-CN7SqsW\/0\/78GR8KNKx4bWpLSj7KvLN9Bj5DLQz5PSx8r5LP8Z\/L\/monaco-palaisprincier-chbreroyale-L.jpg\" alt=\"Vista de la C&#xE1;mara Real.  \"\/><\/figure>\n\n<p>A continuaci\u00f3n, descubrir\u00e1 algunas salas del siglo XVIII: el Gabinete y la Chambre Valentinois. Son testimonio de la alianza de la familia Grimaldi con el ducado de Valentinois, situado a orillas del R\u00f3dano. Est\u00e1n ricamente amuebladas. Puede admirar una preciosa vajilla en el armario. En el dormitorio, nos enamoramos de este escritorio cil\u00edndrico Luis XVI. \u00a1Quedamos abrumados por la delicadeza de su marqueter\u00eda de maderas preciosas!<\/p>\n\n<figure class=\"wp-block-image size-large\"><img decoding=\"async\" src=\"https:\/\/photos.smugmug.com\/Provence-Lovers\/Monaco\/Monuments\/n-s3Pf3g\/Palais-Princier\/i-m9vF82d\/0\/DVs43NtVwxvr5NqScDZ7LwSGRHcVSCt72mCzW24X2\/L\/monaco-palaisprincier-bureaucylindre-L.jpg\" alt=\"Vista del secretario del Gabinete Valentinois.  \"\/><\/figure>\n\n<h3 class=\"wp-block-heading\">La Galerie des Princes y las exposiciones<\/h3>\n\n<p>A continuaci\u00f3n entramos en la Galerie des Princes, que conduce de los Grands Appartements a la Galerie d&#8217;Hercule. En el siglo XVII, obras maestras de Tiziano, Rafael y Miguel \u00c1ngel adornaban sus muros. Desgraciadamente, el palacio fue saqueado durante la Revoluci\u00f3n Francesa. Hoy en d\u00eda, a\u00fan puede maravillarse ante los espejos instalados en 1892 a ambos lados del pasillo. Divi\u00e9rtase observ\u00e1ndolas: \u00a1reflejan infinitas im\u00e1genes y su punto de fuga cambia seg\u00fan su posici\u00f3n!  <\/p>\n\n<figure class=\"wp-block-image size-large\"><img decoding=\"async\" src=\"https:\/\/photos.smugmug.com\/Provence-Lovers\/Monaco\/Monuments\/n-s3Pf3g\/Palais-Princier\/i-wKNH2t6\/0\/xCpgD3FhGrbKcF6bRKqmspjp784kfL9vGK96BXZf\/L\/monaco-palaisprincier-galerieprince-L.jpg\" alt=\"Vista de la Galer&#xED;a de los Pr&#xED;ncipes.  \"\/><\/figure>\n\n<p>La galer\u00eda tambi\u00e9n est\u00e1 decorada con bustos y retratos pintados de los sucesivos miembros de la familia principesca. La primera escultura lleva la efigie de Honor\u00e9 II, el primero de los Grimaldi en llevar el t\u00edtulo de pr\u00edncipe. La \u00faltima es una representaci\u00f3n del actual Pr\u00edncipe, Alberto II, realizada por el artista estadounidense <a href=\"https:\/\/www.barryxball.com\/\" target=\"_blank\" rel=\"noreferrer noopener nofollow\">Barry X Ball<\/a>. No se pierda la Salle des Artistes a su izquierda, \u00a1donde se celebran exposiciones con regularidad! Por desgracia, no pudimos visitar la capilla y la biblioteca, que est\u00e1n cerradas al p\u00fablico.  <\/p>\n\n<figure class=\"wp-block-image size-large\"><img decoding=\"async\" src=\"https:\/\/photos.smugmug.com\/Provence-Lovers\/Monaco\/Monuments\/n-s3Pf3g\/Palais-Princier\/i-Jk6V276\/0\/CZvggc76J4WfsfS6C2cq5MK8jtcpWBr3rxZsvS8vC\/L\/monaco-palaisprincier-sculptureportrait-L.jpg\" alt=\"Vista de un retrato del pr&#xED;ncipe Alberto II.  \"\/><\/figure>\n\n<div style=\"background-color:#fefefe;margin-top:6%;margin-bottom:6%\" class=\"wp-block-genesis-blocks-gb-container box gb-block-container\"><div class=\"gb-container-inside\"><div class=\"gb-container-content\" style=\"max-width:700px\">\n<div class=\"wp-block-columns inverse is-layout-flex wp-container-core-columns-is-layout-9d6595d7 wp-block-columns-is-layout-flex\">\n<div class=\"wp-block-column texte_planif is-layout-flow wp-block-column-is-layout-flow\" style=\"flex-basis:58%\">\n<h5 class=\"titre_box\">Reciba nuestro <span class=\"titre_box_manuscrit\">bolet\u00edn<\/span><\/h5>\n\n\n\n<ul class=\"wp-block-list\">\n<li>\u00a1Un soplo de aire fresco en su vida cotidiana en los bellos destinos de Region Lovers!<\/li>\n\n\n\n<li>Una vez al mes<\/li>\n\n\n\n<li>Sin publicidad<\/li>\n<\/ul>\n\n\n\n                <div class='gf_browser_gecko gform_wrapper gravity-theme gform-theme--no-framework waitlist_wrapper' data-form-theme='gravity-theme' data-form-index='0' id='gform_wrapper_4' >\n                        <div class='gform_heading'>\n                            <p class='gform_description'><\/p>\n                        <\/div><form method='post' enctype='multipart\/form-data'  id='gform_4' class='waitlist' action='\/es\/wp-json\/wp\/v2\/posts\/10316' data-formid='4' novalidate> \r\n <input type='hidden' class='gforms-pum' value='{\"closepopup\":false,\"closedelay\":0,\"openpopup\":false,\"openpopup_id\":0}' \/>\n                        <div class='gform-body gform_body'><div id='gform_fields_4' class='gform_fields top_label form_sublabel_below description_below validation_below'><div id=\"field_4_1\" class=\"gfield gfield--type-email gfield--input-type-email gfield_contains_required field_sublabel_below gfield--no-description field_description_below hidden_label field_validation_below gfield_visibility_visible\"  ><label class='gfield_label gform-field-label' for='input_4_1'>E-mail<span class=\"gfield_required\"><span class=\"gfield_required gfield_required_text\">(Obligatorio)<\/span><\/span><\/label><div class='ginput_container ginput_container_email'>\n                            <input name='input_1' id='input_4_1' type='email' value='' class='large'    aria-required=\"true\" aria-invalid=\"false\"  \/>\n                        <\/div><\/div><fieldset id=\"field_4_3\" class=\"gfield gfield--type-consent gfield--type-choice gfield--input-type-consent gfield_contains_required field_sublabel_below gfield--no-description field_description_below hidden_label field_validation_below gfield_visibility_visible\"  ><legend class='gfield_label gform-field-label gfield_label_before_complex' >RGPD<span class=\"gfield_required\"><span class=\"gfield_required gfield_required_text\">(Obligatorio)<\/span><\/span><\/legend><div class='ginput_container ginput_container_consent'><input name='input_3.1' id='input_4_3_1' type='checkbox' value='1'   aria-required=\"true\" aria-invalid=\"false\"   \/> <label class=\"gform-field-label gform-field-label--type-inline gfield_consent_label\" for='input_4_3_1' >S\u00ed, deseo suscribirme al bolet\u00edn mensual<span class=\"gfield_required gfield_required_text\">(Obligatorio)<\/span><\/label><input type='hidden' name='input_3.2' value='S\u00ed, deseo suscribirme al bolet\u00edn mensual' class='gform_hidden' \/><input type='hidden' name='input_3.3' value='1' class='gform_hidden' \/><\/div><\/fieldset><div id=\"field_4_4\" class=\"gfield gfield--type-website gfield--input-type-website field_sublabel_below gfield--no-description field_description_below field_validation_below gfield_visibility_hidden\"  ><div class=\"admin-hidden-markup\"><i class=\"gform-icon gform-icon--hidden\" aria-hidden=\"true\" title=\"Este campo est\u00e1 oculto cuando se visualiza el formulario\"><\/i><span>Este campo est\u00e1 oculto cuando se visualiza el formulario<\/span><\/div><label class='gfield_label gform-field-label' for='input_4_4'>Site Web<\/label><div class='ginput_container ginput_container_website'>\n                    <input name='input_4' id='input_4_4' type='url' value='https:\/\/provencelovers.fr\/es\/wp-json\/wp\/v2\/posts\/10316' class='large'    placeholder='https:\/\/'  aria-invalid=\"false\" \/>\n                <\/div><\/div><\/div><\/div>\n        <div class='gform-footer gform_footer top_label'> <input type='submit' id='gform_submit_button_4' class='gform_button button' onclick='gform.submission.handleButtonClick(this);' data-submission-type='submit' value='Inscr\u00edbase'  \/> \n            <input type='hidden' class='gform_hidden' name='gform_submission_method' data-js='gform_submission_method_4' value='postback' \/>\n            <input type='hidden' class='gform_hidden' name='gform_theme' data-js='gform_theme_4' id='gform_theme_4' value='gravity-theme' \/>\n            <input type='hidden' class='gform_hidden' name='gform_style_settings' data-js='gform_style_settings_4' id='gform_style_settings_4' value='{&quot;inputPrimaryColor&quot;:&quot;#204ce5&quot;}' \/>\n            <input type='hidden' class='gform_hidden' name='is_submit_4' value='1' \/>\n            <input type='hidden' class='gform_hidden' name='gform_submit' value='4' \/>\n            \n            <input type='hidden' class='gform_hidden' name='gform_currency' data-currency='EUR' value='mML6P4OUJVCt+fvP0v9tMPlEfbORh1Lyf8cziSnUMFg7LjXuvrfOlGy3pxRYcmzQjrVjcDpe3LPbu7mxmayL6Vl2xQ8S0wxEDeOLO3g4pLOOtlY=' \/>\n            <input type='hidden' class='gform_hidden' name='gform_unique_id' value='' \/>\n            <input type='hidden' class='gform_hidden' name='state_4' value='WyJ7XCIzLjFcIjpcIjQ4N2RjMTgyMjNmY2RjNTA1YjkyNzVhZTM4MWMxNTg5XCIsXCIzLjJcIjpcImVlMWI5YjA3YjVhZDUzODllODkzMDk4ZmI5MWRhMDU1XCIsXCIzLjNcIjpcIjQ4N2RjMTgyMjNmY2RjNTA1YjkyNzVhZTM4MWMxNTg5XCJ9IiwiZTE1NmU3MDgxYTE3OTIzNTgyZmVkYTQ3ODkzM2Q1NTYiXQ==' \/>\n            <input type='hidden' autocomplete='off' class='gform_hidden' name='gform_target_page_number_4' id='gform_target_page_number_4' value='0' \/>\n            <input type='hidden' autocomplete='off' class='gform_hidden' name='gform_source_page_number_4' id='gform_source_page_number_4' value='1' \/>\n            <input type='hidden' name='gform_field_values' value='' \/>\n            \n        <\/div>\n                        <\/form>\n                        <\/div><script>\ngform.initializeOnLoaded( function() {gformInitSpinner( 4, 'https:\/\/provencelovers.fr\/wp-content\/plugins\/gravityforms\/images\/spinner.svg', true );jQuery('#gform_ajax_frame_4').on('load',function(){var contents = jQuery(this).contents().find('*').html();var is_postback = contents.indexOf('GF_AJAX_POSTBACK') >= 0;if(!is_postback){return;}var form_content = jQuery(this).contents().find('#gform_wrapper_4');var is_confirmation = jQuery(this).contents().find('#gform_confirmation_wrapper_4').length > 0;var is_redirect = contents.indexOf('gformRedirect(){') >= 0;var is_form = form_content.length > 0 && ! is_redirect && ! is_confirmation;var mt = parseInt(jQuery('html').css('margin-top'), 10) + parseInt(jQuery('body').css('margin-top'), 10) + 100;if(is_form){jQuery('#gform_wrapper_4').html(form_content.html());if(form_content.hasClass('gform_validation_error')){jQuery('#gform_wrapper_4').addClass('gform_validation_error');} else {jQuery('#gform_wrapper_4').removeClass('gform_validation_error');}setTimeout( function() { \/* delay the scroll by 50 milliseconds to fix a bug in chrome *\/  }, 50 );if(window['gformInitDatepicker']) {gformInitDatepicker();}if(window['gformInitPriceFields']) {gformInitPriceFields();}var current_page = jQuery('#gform_source_page_number_4').val();gformInitSpinner( 4, 'https:\/\/provencelovers.fr\/wp-content\/plugins\/gravityforms\/images\/spinner.svg', true );jQuery(document).trigger('gform_page_loaded', [4, current_page]);window['gf_submitting_4'] = false;}else if(!is_redirect){var confirmation_content = jQuery(this).contents().find('.GF_AJAX_POSTBACK').html();if(!confirmation_content){confirmation_content = contents;}jQuery('#gform_wrapper_4').replaceWith(confirmation_content);jQuery(document).trigger('gform_confirmation_loaded', [4]);window['gf_submitting_4'] = false;wp.a11y.speak(jQuery('#gform_confirmation_message_4').text());}else{jQuery('#gform_4').append(contents);if(window['gformRedirect']) {gformRedirect();}}jQuery(document).trigger(\"gform_pre_post_render\", [{ formId: \"4\", currentPage: \"current_page\", abort: function() { this.preventDefault(); } }]);        if (event && event.defaultPrevented) {                return;        }        const gformWrapperDiv = document.getElementById( \"gform_wrapper_4\" );        if ( gformWrapperDiv ) {            const visibilitySpan = document.createElement( \"span\" );            visibilitySpan.id = \"gform_visibility_test_4\";            gformWrapperDiv.insertAdjacentElement( \"afterend\", visibilitySpan );        }        const visibilityTestDiv = document.getElementById( \"gform_visibility_test_4\" );        let postRenderFired = false;        function triggerPostRender() {            if ( postRenderFired ) {                return;            }            postRenderFired = true;            gform.core.triggerPostRenderEvents( 4, current_page );            if ( visibilityTestDiv ) {                visibilityTestDiv.parentNode.removeChild( visibilityTestDiv );            }        }        function debounce( func, wait, immediate ) {            var timeout;            return function() {                var context = this, args = arguments;                var later = function() {                    timeout = null;                    if ( !immediate ) func.apply( context, args );                };                var callNow = immediate && !timeout;                clearTimeout( timeout );                timeout = setTimeout( later, wait );                if ( callNow ) func.apply( context, args );            };        }        const debouncedTriggerPostRender = debounce( function() {            triggerPostRender();        }, 200 );        if ( visibilityTestDiv && visibilityTestDiv.offsetParent === null ) {            const observer = new MutationObserver( ( mutations ) => {                mutations.forEach( ( mutation ) => {                    if ( mutation.type === 'attributes' && visibilityTestDiv.offsetParent !== null ) {                        debouncedTriggerPostRender();                        observer.disconnect();                    }                });            });            observer.observe( document.body, {                attributes: true,                childList: false,                subtree: true,                attributeFilter: [ 'style', 'class' ],            });        } else {            triggerPostRender();        }    } );} );\n<\/script>\n<\/div>\n\n\n\n<div class=\"wp-block-column is-layout-flow wp-block-column-is-layout-flow\" style=\"flex-basis:42%\">\n<div class=\"wp-block-genesis-blocks-gb-container aligncenter newsletter-radius gb-block-container\"><div class=\"gb-container-inside\"><div class=\"gb-container-content\"><div class=\"wp-block-image newsletter-image\">\n<figure class=\"aligncenter size-full\"><img loading=\"lazy\" decoding=\"async\" width=\"729\" height=\"792\" src=\"https:\/\/provencelovers.fr\/wp-content\/uploads\/2024\/01\/newsletter_FR_2.png\" alt=\"\" class=\"wp-image-8159\" srcset=\"https:\/\/provencelovers.fr\/wp-content\/uploads\/2024\/01\/newsletter_FR_2.png 729w, https:\/\/provencelovers.fr\/wp-content\/uploads\/2024\/01\/newsletter_FR_2-276x300.png 276w\" sizes=\"auto, (max-width: 729px) 100vw, 729px\" \/><\/figure>\n<\/div><\/div><\/div><\/div>\n<\/div>\n<\/div>\n<\/div><\/div><\/div>\n\n<h2 class=\"wp-block-heading\">Preguntas frecuentes<\/h2>\n\n<h3 class=\"wp-block-heading\">\u00bfCu\u00e1ndo puede visitar el Palacio del Pr\u00edncipe de M\u00f3naco?<\/h3>\n\n<p>El Palacio del Pr\u00edncipe s\u00f3lo est\u00e1 abierto a los visitantes durante la temporada alta. Funciona desde finales de marzo\/principios de abril hasta septiembre, \u00a1pero los periodos de apertura pueden cambiar cada a\u00f1o! Visite el sitio web oficial <a href=\"https:\/\/visitepalaisdemonaco.com\/#informations\" target=\"_blank\" rel=\"noreferrer noopener nofollow\">aqu\u00ed<\/a> para obtener m\u00e1s informaci\u00f3n.  <\/p>\n\n<h3 class=\"wp-block-heading\">\u00bfQui\u00e9n vive en el Palacio Principesco de M\u00f3naco?<\/h3>\n\n<p>El palacio est\u00e1 habitado por la familia principesca a la cabeza del gobierno. No se cruzar\u00e1 con ellos, ya que ocupan otra ala del castillo. Sin embargo, puede admirar las esculturas de los pr\u00edncipes en la Galer\u00eda de los Pr\u00edncipes. Aqu\u00ed, por ejemplo, hay un busto de la actriz estadounidense Grace Kelly, esposa del pr\u00edncipe Rainiero III.  <\/p>\n\n<figure class=\"wp-block-image size-large\"><img decoding=\"async\" src=\"https:\/\/photos.smugmug.com\/Provence-Lovers\/Monaco\/Monuments\/n-s3Pf3g\/Palais-Princier\/i-6p3H2hq\/0\/3BKqX5JRSnWbbgDvQbHcP7x4s6XKWdmhmgKwD29B\/L\/monaco-palaisprincier-gracekelly-L.jpg\" alt=\"Vista de una estatua de Grace Kelly.  \"\/><figcaption class=\"wp-element-caption\">Busto esculpido de Grace Kelly en la Galer\u00eda de los Pr\u00edncipes.<\/figcaption><\/figure>\n\n<h3 class=\"wp-block-heading\"><strong>\u00bfEst\u00e1 permitido hacer fotos en el interior del castillo?<\/strong><\/h3>\n\n<p>S\u00ed, las fotos est\u00e1n permitidas.  <\/p>\n\n<h3 class=\"wp-block-heading\"><strong>\u00bfSe celebra alg\u00fan evento o ceremonia especial en el Palacio Principesco?<\/strong><\/h3>\n\n<p>Numerosos actos y ceremonias tienen lugar en el palacio, que sigue siendo la sede del gobierno principesco. Adem\u00e1s de la firma de documentos oficiales, hubo grandes momentos hist\u00f3ricos, como la boda del pr\u00edncipe Alberto II y la princesa Charl\u00e8ne. Tambi\u00e9n se ha puesto en marcha un programa cultural. Por ejemplo, todos los veranos la Orquesta Filarm\u00f3nica de Monte-Carlo organiza conciertos en la Cour d&#8217;Honneur. La Salle des Artistes, adyacente a la Galerie des Princes, acoge exposiciones. Durante nuestra visita pudimos disfrutar de una exposici\u00f3n sobre Pablo Picasso y la Antig\u00fcedad.  <\/p>\n\n<figure class=\"wp-block-image size-large\"><img decoding=\"async\" src=\"https:\/\/photos.smugmug.com\/Provence-Lovers\/Monaco\/Monuments\/n-s3Pf3g\/Palais-Princier\/i-2BH5hP3\/0\/Htj6F5qjTtQJDnNjT7B4sfqC7MDPgNvG9gnjLzSd\/L\/monaco-palaisprincier-expo-L.jpg\" alt=\"Vista de la entrada a la exposici&#xF3;n de Pablo Picasso.\"\/><\/figure>\n\n<h3 class=\"wp-block-heading\"><strong>\u00bfExisten restricciones de vestimenta para visitar el castillo?<\/strong><\/h3>\n\n<p>No hay restricciones de vestimenta para visitar el palacio.<\/p>\n\n<h3 class=\"wp-block-heading\">\u00bfSe admiten mascotas en el interior del palacio?<\/h3>\n\n<p>Los animales de servicio, como los perros gu\u00eda para ciegos, pueden entrar en el palacio. S\u00f3lo se admiten mascotas si van en una bolsa adecuada.<\/p>\n\n<div style=\"margin-top:8%;margin-bottom:8%\" class=\"wp-block-genesis-blocks-gb-container box gb-block-container\"><div class=\"gb-container-inside\"><div class=\"gb-container-content\" style=\"max-width:700px\">\n<div class=\"wp-block-genesis-blocks-gb-container box_titre gb-block-container\"><div class=\"gb-container-inside\"><div class=\"gb-container-content\">\n<h5 class=\"titre_box\" style=\"padding-top:10px;\">PLANIFIQUE SU VIAJE A LA <span class=\"titre_box_manuscrit\">Costa Azul<\/span><\/h5>\n<\/div><\/div><\/div>\n\n\n\n<hr class=\"wp-block-separator has-text-color has-alpha-channel-opacity has-background is-style-wide hr-box-planif\" style=\"background-color:#ccd3dd;color:#ccd3dd\"\/>\n\n\n\n<div class=\"wp-block-columns box_sans_border is-layout-flex wp-container-core-columns-is-layout-9d6595d7 wp-block-columns-is-layout-flex\">\n<div class=\"wp-block-column texte_planif is-layout-flow wp-block-column-is-layout-flow\" style=\"font-size:14px;flex-basis:60%\">\n<ul class=\"wp-block-list\">\n<li><strong>Inspiraci\u00f3n<\/strong><\/li>\n<\/ul>\n\n\n\n<p style=\"font-size:14px\"><a href=\"https:\/\/provencelovers.fr\/es\/mejores-paisajes-cote-azur-fotos\/\" target=\"_blank\" rel=\"noreferrer noopener\">Los paisajes m\u00e1s bellos en 30 fotos<\/a><br\/><a href=\"https:\/\/provencelovers.fr\/es\/que-ver-cote-azur-visitar\/\" target=\"_blank\" rel=\"noreferrer noopener\">Qu\u00e9 ver en la Costa Azul<\/a><br\/><a href=\"https:\/\/provencelovers.fr\/es\/mejores-pueblos-costa-azul\/\" target=\"_blank\" rel=\"noreferrer noopener\">Los pueblos m\u00e1s bonitos<\/a><br\/><a href=\"https:\/\/provencelovers.fr\/es\/mejores-playas-costa-azul\/\" target=\"_blank\" rel=\"noreferrer noopener\">Las mejores playas de la Costa Azul<\/a><br\/><a href=\"https:\/\/provencelovers.fr\/es\/mejores-jardines-costa-azul\/\" target=\"_blank\" rel=\"noreferrer noopener\">Los jardines m\u00e1s bellos<\/a><br\/>Las mejores excursiones en barco (pr\u00f3ximamente)<br\/><a href=\"https:\/\/provencelovers.fr\/es\/islas-costa-azul\/\" target=\"_blank\" rel=\"noreferrer noopener\">Las islas m\u00e1s bellas<\/a><br\/><a href=\"https:\/\/provencelovers.fr\/es\/lugares-secretos-costa-azul\/\" target=\"_blank\" rel=\"noreferrer noopener\">Lugares secretos<\/a><\/p>\n<\/div>\n\n\n\n<div class=\"wp-block-column is-vertically-aligned-top planif-radius is-layout-flow wp-block-column-is-layout-flow\" style=\"flex-basis:40%\">\n<figure class=\"wp-block-image size-large img-portrait\"><img decoding=\"async\" src=\"https:\/\/photos.smugmug.com\/Provence-Lovers\/Antibes\/n-mKVLR5\/Port-Ponteil\/i-38NGtcB\/0\/f2464217\/S\/plage_ponteil_vue-S.jpg\" alt=\"Antibes y las monta&#xF1;as\" title=\"\"\/><\/figure>\n<\/div>\n<\/div>\n\n\n\n<hr class=\"wp-block-separator has-text-color has-alpha-channel-opacity has-background is-style-wide hr-box-planif\" style=\"background-color:#ccd3dd;color:#ccd3dd\"\/>\n\n\n\n<div class=\"wp-block-columns box_sans_border is-layout-flex wp-container-core-columns-is-layout-9d6595d7 wp-block-columns-is-layout-flex\">\n<div class=\"wp-block-column texte_planif is-layout-flow wp-block-column-is-layout-flow\" style=\"font-size:14px;flex-basis:60%\">\n<ul class=\"wp-block-list\">\n<li><strong>Consejos pr\u00e1cticos<\/strong><\/li>\n<\/ul>\n\n\n\n<p style=\"font-size:14px\">Un exitoso viaje a la Costa Azul (pr\u00f3ximamente)<br\/><a href=\"https:\/\/provencelovers.fr\/es\/como-alquilar-coche-provenza\/\">Alquile un coche en Provenza<\/a> &#8211; en <a href=\"https:\/\/provencelovers.fr\/es\/como-alquilar-coche-niza-aeropuerto-estacion\/\">Niza<\/a> &#8211; en <a href=\"https:\/\/provencelovers.fr\/es\/como-alquilar-coche-cannes-estacion\/\">Cannes<\/a> &#8211; en <a href=\"https:\/\/provencelovers.fr\/es\/como-alquilar-coche-marsella-aeropuerto-estacion\/\">Marsella<\/a> &#8211; en <a href=\"https:\/\/provencelovers.fr\/es\/como-alquilar-coche-aix-provence-estacion\/\">Aix-en-Provence<\/a>.<\/p>\n\n\n\n<p style=\"font-size:14px\">Itinerarios: <a href=\"https:\/\/provencelovers.fr\/es\/visitar-costa-azul-5-dias-itinerario\/\" target=\"_blank\" rel=\"noreferrer noopener\">5 d\u00edas<\/a> &#8211; <a href=\"https:\/\/provencelovers.fr\/es\/visitar-costa-azul-una-semana-itinerario\/\" target=\"_blank\" rel=\"noreferrer noopener\">1 semana<\/a> &#8211; <a href=\"https:\/\/provencelovers.fr\/es\/10-dias-costa-azul-itinerario-road-trip\/\" target=\"_blank\" rel=\"noreferrer noopener\">10 d\u00edas<\/a><br\/>Ideas para el fin de semana: lo mejor &#8211; <a href=\"https:\/\/provencelovers.fr\/es\/fin-semana-romantico-costa-azul\/\" target=\"_blank\" rel=\"noreferrer noopener\">rom\u00e1ntico<\/a> &#8211; <a href=\"https:\/\/provencelovers.fr\/es\/fin-semana-lujo-costa-azul\/\" target=\"_blank\" rel=\"noreferrer noopener\">lujoso<\/a> &#8211; <a href=\"https:\/\/provencelovers.fr\/es\/fin-semana-insolito-costa-azul\/\" target=\"_blank\" rel=\"noreferrer noopener\">inusual<\/a><\/p>\n<\/div>\n\n\n\n<div class=\"wp-block-column is-vertically-aligned-top planif-radius is-layout-flow wp-block-column-is-layout-flow\" style=\"flex-basis:40%\">\n<figure class=\"wp-block-image size-large img-portrait\"><img decoding=\"async\" src=\"https:\/\/photos.smugmug.com\/Provence-Lovers\/Nice\/n-wSXLpq\/Gare\/i-b5C5b9P\/0\/d153a796\/S\/gare-tgv-nice-train-S.jpg\" alt=\"Estaci&#xF3;n de Niza\" title=\"\"\/><\/figure>\n<\/div>\n<\/div>\n\n\n\n<hr class=\"wp-block-separator has-text-color has-alpha-channel-opacity has-background is-style-wide hr-box-planif\" style=\"background-color:#ccd3dd;color:#ccd3dd\"\/>\n\n\n\n<div class=\"wp-block-columns box_sans_border is-layout-flex wp-container-core-columns-is-layout-9d6595d7 wp-block-columns-is-layout-flex\">\n<div class=\"wp-block-column texte_planif is-layout-flow wp-block-column-is-layout-flow\" style=\"flex-basis:60%\">\n<ul class=\"wp-block-list\">\n<li><strong>D\u00f3nde alojarse<\/strong><\/li>\n<\/ul>\n\n\n\n<p style=\"font-size:14px\"><a href=\"https:\/\/provencelovers.fr\/es\/donde-alojarse-costa-azul-mejores-destinos\/\" target=\"_blank\" rel=\"noreferrer noopener\">D\u00f3nde alojarse en la Costa Azul<\/a><br\/><a href=\"https:\/\/provencelovers.fr\/es\/mejores-hoteles-5-estrellas-costa-azul-lujo-opiniones\/\" target=\"_blank\" rel=\"noreferrer noopener\">Los mejores hoteles de lujo de la Costa Azul<\/a><br\/><a href=\"https:\/\/provencelovers.fr\/es\/mejores-hoteles-frente-mar-costa-azul-playa\/\" target=\"_blank\" rel=\"noreferrer noopener\">Hoteles junto al mar<\/a><br\/><a href=\"https:\/\/provencelovers.fr\/es\/mejores-hoteles-boutique-costa-azul-encanto\/\" target=\"_blank\" rel=\"noreferrer noopener\">Los mejores hoteles boutique<\/a><\/p>\n<\/div>\n\n\n\n<div class=\"wp-block-column is-vertically-aligned-top planif-radius is-layout-flow wp-block-column-is-layout-flow\" style=\"flex-basis:40%\">\n<figure class=\"wp-block-image size-large img-portrait\"><img decoding=\"async\" src=\"https:\/\/photos.smugmug.com\/Provence-Lovers\/Nice\/H&#xF4;tels\/n-vLRxMK\/H&#xF4;tel-Anantara-Plaza-Nice\/i-2LsgGht\/1\/4997b805\/S\/Hotel-Anantara-Plaza-Nice-vue-mer-terrasse-restaurant-S.jpg\" alt=\"\" title=\"\"\/><\/figure>\n<\/div>\n<\/div>\n\n\n\n<hr class=\"wp-block-separator has-text-color has-alpha-channel-opacity has-background is-style-wide hr-box-planif\" style=\"background-color:#ccd3dd;color:#ccd3dd\"\/>\n\n\n\n<div class=\"wp-block-columns box_sans_border is-layout-flex wp-container-core-columns-is-layout-9d6595d7 wp-block-columns-is-layout-flex\">\n<div class=\"wp-block-column texte_planif is-layout-flow wp-block-column-is-layout-flow\" style=\"flex-basis:60%\">\n<ul class=\"wp-block-list\">\n<li><strong>Lo imprescindible<\/strong><\/li>\n<\/ul>\n\n\n\n<p style=\"font-size:14px\"><a href=\"https:\/\/provencelovers.fr\/es\/que-ver-niza\/\" target=\"_blank\" rel=\"noreferrer noopener\">Qu\u00e9 ver en Niza<\/a><br\/><a href=\"https:\/\/provencelovers.fr\/es\/que-ver-cannes-visitar\/\" target=\"_blank\" rel=\"noreferrer noopener\">Qu\u00e9 ver en Cannes<\/a><br\/><a href=\"https:\/\/provencelovers.fr\/es\/que-ver-antibes-visitar\/\" target=\"_blank\" rel=\"noreferrer noopener\">Qu\u00e9 ver en Antibes<\/a><br\/><a href=\"https:\/\/provencelovers.fr\/es\/que-ver-monaco-visitar\/\">Qu\u00e9 ver en M\u00f3naco<\/a><br\/><a href=\"https:\/\/provencelovers.fr\/es\/que-ver-saint-tropez-visitar\/\" target=\"_blank\" rel=\"noreferrer noopener\">Qu\u00e9 ver en Saint-Tropez<\/a><br\/><a href=\"https:\/\/provencelovers.fr\/es\/que-ver-cassis-visitar\/\" target=\"_blank\" rel=\"noreferrer noopener\">Qu\u00e9 ver en Cassis<\/a><br\/><a href=\"https:\/\/provencelovers.fr\/es\/que-ver-la-ciotat-visitar\/\">Qu\u00e9 ver en La Ciotat<\/a><br\/><a href=\"https:\/\/provencelovers.fr\/es\/que-ver-pueblo-eze-visitar\/\">Pueblo de \u00c8ze<\/a><\/p>\n<\/div>\n\n\n\n<div class=\"wp-block-column is-vertically-aligned-top planif-radius is-layout-flow wp-block-column-is-layout-flow\" style=\"flex-basis:40%\">\n<figure class=\"wp-block-image size-large img-portrait\"><img decoding=\"async\" src=\"https:\/\/photos.smugmug.com\/Provence-Lovers\/Antibes\/n-mKVLR5\/Port-dAntibes\/i-nX9XG8L\/0\/feace0c9\/S\/nomade-port-antibes-S.jpg\" alt=\"murallas Antibes\" title=\"\"\/><\/figure>\n<\/div>\n<\/div>\n\n\n\n<div class=\"wp-block-buttons planif_bouton is-content-justification-center is-layout-flex wp-container-core-buttons-is-layout-16018d1d wp-block-buttons-is-layout-flex\">\n<div class=\"wp-block-button has-custom-font-size\" style=\"font-size:14px\"><a class=\"wp-block-button__link has-white-color has-text-color wp-element-button\" style=\"border-radius:4px\">Ver todos nuestros consejos (pr\u00f3ximamente)<img loading=\"lazy\" decoding=\"async\" width=\"16\" height=\"17\" class=\"wp-image-2851\" style=\"width: 16px;\" src=\"https:\/\/provencelovers.fr\/wp-content\/uploads\/2023\/08\/ArrowRight.webp\" alt=\"\"\/><\/a><\/div>\n<\/div>\n<\/div><\/div><\/div>\n\n<div class=\"wp-block-genesis-blocks-gb-container box_auteur_voyage gb-block-container\"><div class=\"gb-container-inside\"><div class=\"gb-container-content\">\n<figure class=\"wp-block-image size-large img_auteur_voyage img_provisoire\"><a href=\"https:\/\/provencelovers.fr\/es\/fanny-auffret\/\" target=\"_blank\" rel=\"noreferrer noopener\"><img decoding=\"async\" src=\"https:\/\/photos.smugmug.com\/Region-Lovers\/Equipe\/i-b86hwDm\/0\/DNp4bG875MSSWxwrL8MzRTWRgc7Tbj5XwsMn2LXBC\/L\/fanny-L.jpg\" alt=\"\" style=\"object-fit:cover\"\/><\/a><\/figure>\n\n\n\n<h5 class=\"titre_auteur_voyage\"><span>HIZO EL VIAJE Y ESCRIBI\u00d3 EL ART\u00cdCULO \n <\/span><span class=\"titre_box_manuscrit\">Fanny<\/span><\/h5>\n<\/div><\/div><\/div>\n","protected":false},"excerpt":{"rendered":"<p>\u00bfQuiere descubrir un monumento inolvidable? Visite el Palacio del Pr\u00edncipe de M\u00f3naco Quedar\u00e1 deslumbrado por su magn\u00edfica arquitectura de finales del Renacimiento y su suntuoso mobiliario. El edificio sigue habitado por la familia principesca, como demuestra el cambio de guardia cada ma\u00f1ana para garantizar su seguridad. S\u00f3lo una parte del castillo est\u00e1 abierta a los [&hellip;]<\/p>\n","protected":false},"author":5,"featured_media":10297,"comment_status":"closed","ping_status":"closed","sticky":false,"template":"","format":"standard","meta":{"_genesis_hide_title":false,"_genesis_hide_breadcrumbs":false,"_genesis_hide_singular_image":false,"_genesis_hide_footer_widgets":false,"_genesis_custom_body_class":"","_genesis_custom_post_class":"","_genesis_layout":"","footnotes":""},"categories":[146],"tags":[],"class_list":{"0":"post-10316","1":"post","2":"type-post","3":"status-publish","4":"format-standard","5":"has-post-thumbnail","7":"category-monaco-es-2","8":"entry"},"yoast_head":"<!-- This site is optimized with the Yoast SEO plugin v27.2 - https:\/\/yoast.com\/product\/yoast-seo-wordpress\/ -->\n<title>Palacio Principesco (M\u00f3naco): visita + fotos<\/title>\n<meta name=\"description\" content=\"Nuestros consejos y fotos para visitar el Palacio del Pr\u00edncipe en M\u00f3naco: acceso, aparcamiento, horarios, qu\u00e9 ver, historia...\" \/>\n<meta name=\"robots\" content=\"index, follow, max-snippet:-1, max-image-preview:large, max-video-preview:-1\" \/>\n<link rel=\"canonical\" href=\"https:\/\/provencelovers.fr\/es\/visitar-palacio-principesco-monaco\/\" \/>\n<meta property=\"og:locale\" content=\"es_ES\" \/>\n<meta property=\"og:type\" content=\"article\" \/>\n<meta property=\"og:title\" content=\"Palacio Principesco (M\u00f3naco): visita + fotos\" \/>\n<meta property=\"og:description\" content=\"Nuestros consejos y fotos para visitar el Palacio del Pr\u00edncipe en M\u00f3naco: acceso, aparcamiento, horarios, qu\u00e9 ver, historia...\" \/>\n<meta property=\"og:url\" content=\"https:\/\/provencelovers.fr\/es\/visitar-palacio-principesco-monaco\/\" \/>\n<meta property=\"og:site_name\" content=\"Provence Lovers\" \/>\n<meta property=\"article:published_time\" content=\"2024-03-11T14:13:18+00:00\" \/>\n<meta property=\"article:modified_time\" content=\"2024-03-11T16:06:35+00:00\" \/>\n<meta property=\"og:image\" content=\"https:\/\/provencelovers.fr\/wp-content\/uploads\/2024\/03\/visitar-palacio-principesco-monaco.jpg\" \/>\n\t<meta property=\"og:image:width\" content=\"800\" \/>\n\t<meta property=\"og:image:height\" content=\"600\" \/>\n\t<meta property=\"og:image:type\" content=\"image\/jpeg\" \/>\n<meta name=\"author\" content=\"Fanny AUFFRET\" \/>\n<meta name=\"twitter:card\" content=\"summary_large_image\" \/>\n<meta name=\"twitter:label1\" content=\"Escrito por\" \/>\n\t<meta name=\"twitter:data1\" content=\"Fanny AUFFRET\" \/>\n\t<meta name=\"twitter:label2\" content=\"Tiempo de lectura\" \/>\n\t<meta name=\"twitter:data2\" content=\"17 minutos\" \/>\n<script type=\"application\/ld+json\" class=\"yoast-schema-graph\">{\"@context\":\"https:\/\/schema.org\",\"@graph\":[{\"@type\":\"Article\",\"@id\":\"https:\/\/provencelovers.fr\/es\/visitar-palacio-principesco-monaco\/#article\",\"isPartOf\":{\"@id\":\"https:\/\/provencelovers.fr\/es\/visitar-palacio-principesco-monaco\/\"},\"author\":{\"name\":\"Fanny AUFFRET\",\"@id\":\"https:\/\/provencelovers.fr\/es\/#\/schema\/person\/91037d9e34dd71665f4c646e59262d5c\"},\"headline\":\"Palacio Principesco (M\u00f3naco): visita + fotos\",\"datePublished\":\"2024-03-11T14:13:18+00:00\",\"dateModified\":\"2024-03-11T16:06:35+00:00\",\"mainEntityOfPage\":{\"@id\":\"https:\/\/provencelovers.fr\/es\/visitar-palacio-principesco-monaco\/\"},\"wordCount\":3463,\"publisher\":{\"@id\":\"https:\/\/provencelovers.fr\/es\/#organization\"},\"image\":{\"@id\":\"https:\/\/provencelovers.fr\/es\/visitar-palacio-principesco-monaco\/#primaryimage\"},\"thumbnailUrl\":\"https:\/\/provencelovers.fr\/wp-content\/uploads\/2024\/03\/visitar-palacio-principesco-monaco.jpg\",\"articleSection\":[\"M\u00f3naco y alrededores\"],\"inLanguage\":\"es\"},{\"@type\":\"WebPage\",\"@id\":\"https:\/\/provencelovers.fr\/es\/visitar-palacio-principesco-monaco\/\",\"url\":\"https:\/\/provencelovers.fr\/es\/visitar-palacio-principesco-monaco\/\",\"name\":\"Palacio Principesco (M\u00f3naco): visita + fotos\",\"isPartOf\":{\"@id\":\"https:\/\/provencelovers.fr\/es\/#website\"},\"primaryImageOfPage\":{\"@id\":\"https:\/\/provencelovers.fr\/es\/visitar-palacio-principesco-monaco\/#primaryimage\"},\"image\":{\"@id\":\"https:\/\/provencelovers.fr\/es\/visitar-palacio-principesco-monaco\/#primaryimage\"},\"thumbnailUrl\":\"https:\/\/provencelovers.fr\/wp-content\/uploads\/2024\/03\/visitar-palacio-principesco-monaco.jpg\",\"datePublished\":\"2024-03-11T14:13:18+00:00\",\"dateModified\":\"2024-03-11T16:06:35+00:00\",\"description\":\"Nuestros consejos y fotos para visitar el Palacio del Pr\u00edncipe en M\u00f3naco: acceso, aparcamiento, horarios, qu\u00e9 ver, historia...\",\"breadcrumb\":{\"@id\":\"https:\/\/provencelovers.fr\/es\/visitar-palacio-principesco-monaco\/#breadcrumb\"},\"inLanguage\":\"es\",\"potentialAction\":[{\"@type\":\"ReadAction\",\"target\":[\"https:\/\/provencelovers.fr\/es\/visitar-palacio-principesco-monaco\/\"]}]},{\"@type\":\"ImageObject\",\"inLanguage\":\"es\",\"@id\":\"https:\/\/provencelovers.fr\/es\/visitar-palacio-principesco-monaco\/#primaryimage\",\"url\":\"https:\/\/provencelovers.fr\/wp-content\/uploads\/2024\/03\/visitar-palacio-principesco-monaco.jpg\",\"contentUrl\":\"https:\/\/provencelovers.fr\/wp-content\/uploads\/2024\/03\/visitar-palacio-principesco-monaco.jpg\",\"width\":800,\"height\":600,\"caption\":\"Lea nuestro art\u00edculo sobre el Palacio Principesco de M\u00f3naco.\"},{\"@type\":\"BreadcrumbList\",\"@id\":\"https:\/\/provencelovers.fr\/es\/visitar-palacio-principesco-monaco\/#breadcrumb\",\"itemListElement\":[{\"@type\":\"ListItem\",\"position\":1,\"name\":\"Home\",\"item\":\"https:\/\/provencelovers.fr\/es\/\"},{\"@type\":\"ListItem\",\"position\":2,\"name\":\"M\u00f3naco y alrededores\",\"item\":\"https:\/\/provencelovers.fr\/es\/monaco-es-2\/\"},{\"@type\":\"ListItem\",\"position\":3,\"name\":\"Palacio Principesco (M\u00f3naco): visita + fotos\"}]},{\"@type\":\"WebSite\",\"@id\":\"https:\/\/provencelovers.fr\/es\/#website\",\"url\":\"https:\/\/provencelovers.fr\/es\/\",\"name\":\"Provence Lovers\",\"description\":\"Despertar los sentidos en Provenza - Le blog de Claire et Manu\",\"publisher\":{\"@id\":\"https:\/\/provencelovers.fr\/es\/#organization\"},\"potentialAction\":[{\"@type\":\"SearchAction\",\"target\":{\"@type\":\"EntryPoint\",\"urlTemplate\":\"https:\/\/provencelovers.fr\/es\/?s={search_term_string}\"},\"query-input\":{\"@type\":\"PropertyValueSpecification\",\"valueRequired\":true,\"valueName\":\"search_term_string\"}}],\"inLanguage\":\"es\"},{\"@type\":\"Organization\",\"@id\":\"https:\/\/provencelovers.fr\/es\/#organization\",\"name\":\"Provence Lovers\",\"url\":\"https:\/\/provencelovers.fr\/es\/\",\"logo\":{\"@type\":\"ImageObject\",\"inLanguage\":\"es\",\"@id\":\"https:\/\/provencelovers.fr\/es\/#\/schema\/logo\/image\/\",\"url\":\"https:\/\/provencelovers.fr\/wp-content\/uploads\/2022\/11\/Blog-Provence-Lovers-Logos.png\",\"contentUrl\":\"https:\/\/provencelovers.fr\/wp-content\/uploads\/2022\/11\/Blog-Provence-Lovers-Logos.png\",\"width\":2707,\"height\":863,\"caption\":\"Provence Lovers\"},\"image\":{\"@id\":\"https:\/\/provencelovers.fr\/es\/#\/schema\/logo\/image\/\"}},{\"@type\":\"Person\",\"@id\":\"https:\/\/provencelovers.fr\/es\/#\/schema\/person\/91037d9e34dd71665f4c646e59262d5c\",\"name\":\"Fanny AUFFRET\",\"image\":{\"@type\":\"ImageObject\",\"inLanguage\":\"es\",\"@id\":\"https:\/\/secure.gravatar.com\/avatar\/427ee1e4acd3afe441bfd6c65244bc4480204fb97e65fd36a95e5246b2f8ebe2?s=96&d=mm&r=g\",\"url\":\"https:\/\/secure.gravatar.com\/avatar\/427ee1e4acd3afe441bfd6c65244bc4480204fb97e65fd36a95e5246b2f8ebe2?s=96&d=mm&r=g\",\"contentUrl\":\"https:\/\/secure.gravatar.com\/avatar\/427ee1e4acd3afe441bfd6c65244bc4480204fb97e65fd36a95e5246b2f8ebe2?s=96&d=mm&r=g\",\"caption\":\"Fanny AUFFRET\"},\"sameAs\":[\"https:\/\/provencelovers.fr\/fanny-auffret\/\"],\"url\":\"https:\/\/provencelovers.fr\/es\/author\/fanny\/\"}]}<\/script>\n<!-- \/ Yoast SEO plugin. -->","yoast_head_json":{"title":"Palacio Principesco (M\u00f3naco): visita + fotos","description":"Nuestros consejos y fotos para visitar el Palacio del Pr\u00edncipe en M\u00f3naco: acceso, aparcamiento, horarios, qu\u00e9 ver, historia...","robots":{"index":"index","follow":"follow","max-snippet":"max-snippet:-1","max-image-preview":"max-image-preview:large","max-video-preview":"max-video-preview:-1"},"canonical":"https:\/\/provencelovers.fr\/es\/visitar-palacio-principesco-monaco\/","og_locale":"es_ES","og_type":"article","og_title":"Palacio Principesco (M\u00f3naco): visita + fotos","og_description":"Nuestros consejos y fotos para visitar el Palacio del Pr\u00edncipe en M\u00f3naco: acceso, aparcamiento, horarios, qu\u00e9 ver, historia...","og_url":"https:\/\/provencelovers.fr\/es\/visitar-palacio-principesco-monaco\/","og_site_name":"Provence Lovers","article_published_time":"2024-03-11T14:13:18+00:00","article_modified_time":"2024-03-11T16:06:35+00:00","og_image":[{"width":800,"height":600,"url":"https:\/\/provencelovers.fr\/wp-content\/uploads\/2024\/03\/visitar-palacio-principesco-monaco.jpg","type":"image\/jpeg"}],"author":"Fanny AUFFRET","twitter_card":"summary_large_image","twitter_misc":{"Escrito por":"Fanny AUFFRET","Tiempo de lectura":"17 minutos"},"schema":{"@context":"https:\/\/schema.org","@graph":[{"@type":"Article","@id":"https:\/\/provencelovers.fr\/es\/visitar-palacio-principesco-monaco\/#article","isPartOf":{"@id":"https:\/\/provencelovers.fr\/es\/visitar-palacio-principesco-monaco\/"},"author":{"name":"Fanny AUFFRET","@id":"https:\/\/provencelovers.fr\/es\/#\/schema\/person\/91037d9e34dd71665f4c646e59262d5c"},"headline":"Palacio Principesco (M\u00f3naco): visita + fotos","datePublished":"2024-03-11T14:13:18+00:00","dateModified":"2024-03-11T16:06:35+00:00","mainEntityOfPage":{"@id":"https:\/\/provencelovers.fr\/es\/visitar-palacio-principesco-monaco\/"},"wordCount":3463,"publisher":{"@id":"https:\/\/provencelovers.fr\/es\/#organization"},"image":{"@id":"https:\/\/provencelovers.fr\/es\/visitar-palacio-principesco-monaco\/#primaryimage"},"thumbnailUrl":"https:\/\/provencelovers.fr\/wp-content\/uploads\/2024\/03\/visitar-palacio-principesco-monaco.jpg","articleSection":["M\u00f3naco y alrededores"],"inLanguage":"es"},{"@type":"WebPage","@id":"https:\/\/provencelovers.fr\/es\/visitar-palacio-principesco-monaco\/","url":"https:\/\/provencelovers.fr\/es\/visitar-palacio-principesco-monaco\/","name":"Palacio Principesco (M\u00f3naco): visita + fotos","isPartOf":{"@id":"https:\/\/provencelovers.fr\/es\/#website"},"primaryImageOfPage":{"@id":"https:\/\/provencelovers.fr\/es\/visitar-palacio-principesco-monaco\/#primaryimage"},"image":{"@id":"https:\/\/provencelovers.fr\/es\/visitar-palacio-principesco-monaco\/#primaryimage"},"thumbnailUrl":"https:\/\/provencelovers.fr\/wp-content\/uploads\/2024\/03\/visitar-palacio-principesco-monaco.jpg","datePublished":"2024-03-11T14:13:18+00:00","dateModified":"2024-03-11T16:06:35+00:00","description":"Nuestros consejos y fotos para visitar el Palacio del Pr\u00edncipe en M\u00f3naco: acceso, aparcamiento, horarios, qu\u00e9 ver, historia...","breadcrumb":{"@id":"https:\/\/provencelovers.fr\/es\/visitar-palacio-principesco-monaco\/#breadcrumb"},"inLanguage":"es","potentialAction":[{"@type":"ReadAction","target":["https:\/\/provencelovers.fr\/es\/visitar-palacio-principesco-monaco\/"]}]},{"@type":"ImageObject","inLanguage":"es","@id":"https:\/\/provencelovers.fr\/es\/visitar-palacio-principesco-monaco\/#primaryimage","url":"https:\/\/provencelovers.fr\/wp-content\/uploads\/2024\/03\/visitar-palacio-principesco-monaco.jpg","contentUrl":"https:\/\/provencelovers.fr\/wp-content\/uploads\/2024\/03\/visitar-palacio-principesco-monaco.jpg","width":800,"height":600,"caption":"Lea nuestro art\u00edculo sobre el Palacio Principesco de M\u00f3naco."},{"@type":"BreadcrumbList","@id":"https:\/\/provencelovers.fr\/es\/visitar-palacio-principesco-monaco\/#breadcrumb","itemListElement":[{"@type":"ListItem","position":1,"name":"Home","item":"https:\/\/provencelovers.fr\/es\/"},{"@type":"ListItem","position":2,"name":"M\u00f3naco y alrededores","item":"https:\/\/provencelovers.fr\/es\/monaco-es-2\/"},{"@type":"ListItem","position":3,"name":"Palacio Principesco (M\u00f3naco): visita + fotos"}]},{"@type":"WebSite","@id":"https:\/\/provencelovers.fr\/es\/#website","url":"https:\/\/provencelovers.fr\/es\/","name":"Provence Lovers","description":"Despertar los sentidos en Provenza - Le blog de Claire et Manu","publisher":{"@id":"https:\/\/provencelovers.fr\/es\/#organization"},"potentialAction":[{"@type":"SearchAction","target":{"@type":"EntryPoint","urlTemplate":"https:\/\/provencelovers.fr\/es\/?s={search_term_string}"},"query-input":{"@type":"PropertyValueSpecification","valueRequired":true,"valueName":"search_term_string"}}],"inLanguage":"es"},{"@type":"Organization","@id":"https:\/\/provencelovers.fr\/es\/#organization","name":"Provence Lovers","url":"https:\/\/provencelovers.fr\/es\/","logo":{"@type":"ImageObject","inLanguage":"es","@id":"https:\/\/provencelovers.fr\/es\/#\/schema\/logo\/image\/","url":"https:\/\/provencelovers.fr\/wp-content\/uploads\/2022\/11\/Blog-Provence-Lovers-Logos.png","contentUrl":"https:\/\/provencelovers.fr\/wp-content\/uploads\/2022\/11\/Blog-Provence-Lovers-Logos.png","width":2707,"height":863,"caption":"Provence Lovers"},"image":{"@id":"https:\/\/provencelovers.fr\/es\/#\/schema\/logo\/image\/"}},{"@type":"Person","@id":"https:\/\/provencelovers.fr\/es\/#\/schema\/person\/91037d9e34dd71665f4c646e59262d5c","name":"Fanny AUFFRET","image":{"@type":"ImageObject","inLanguage":"es","@id":"https:\/\/secure.gravatar.com\/avatar\/427ee1e4acd3afe441bfd6c65244bc4480204fb97e65fd36a95e5246b2f8ebe2?s=96&d=mm&r=g","url":"https:\/\/secure.gravatar.com\/avatar\/427ee1e4acd3afe441bfd6c65244bc4480204fb97e65fd36a95e5246b2f8ebe2?s=96&d=mm&r=g","contentUrl":"https:\/\/secure.gravatar.com\/avatar\/427ee1e4acd3afe441bfd6c65244bc4480204fb97e65fd36a95e5246b2f8ebe2?s=96&d=mm&r=g","caption":"Fanny AUFFRET"},"sameAs":["https:\/\/provencelovers.fr\/fanny-auffret\/"],"url":"https:\/\/provencelovers.fr\/es\/author\/fanny\/"}]}},"featured_image_src":"https:\/\/provencelovers.fr\/wp-content\/uploads\/2024\/03\/visitar-palacio-principesco-monaco-600x400.jpg","featured_image_src_square":"https:\/\/provencelovers.fr\/wp-content\/uploads\/2024\/03\/visitar-palacio-principesco-monaco-600x600.jpg","author_info":{"display_name":"Fanny AUFFRET","author_link":"https:\/\/provencelovers.fr\/es\/author\/fanny\/"},"_links":{"self":[{"href":"https:\/\/provencelovers.fr\/es\/wp-json\/wp\/v2\/posts\/10316","targetHints":{"allow":["GET"]}}],"collection":[{"href":"https:\/\/provencelovers.fr\/es\/wp-json\/wp\/v2\/posts"}],"about":[{"href":"https:\/\/provencelovers.fr\/es\/wp-json\/wp\/v2\/types\/post"}],"author":[{"embeddable":true,"href":"https:\/\/provencelovers.fr\/es\/wp-json\/wp\/v2\/users\/5"}],"replies":[{"embeddable":true,"href":"https:\/\/provencelovers.fr\/es\/wp-json\/wp\/v2\/comments?post=10316"}],"version-history":[{"count":0,"href":"https:\/\/provencelovers.fr\/es\/wp-json\/wp\/v2\/posts\/10316\/revisions"}],"wp:featuredmedia":[{"embeddable":true,"href":"https:\/\/provencelovers.fr\/es\/wp-json\/wp\/v2\/media\/10297"}],"wp:attachment":[{"href":"https:\/\/provencelovers.fr\/es\/wp-json\/wp\/v2\/media?parent=10316"}],"wp:term":[{"taxonomy":"category","embeddable":true,"href":"https:\/\/provencelovers.fr\/es\/wp-json\/wp\/v2\/categories?post=10316"},{"taxonomy":"post_tag","embeddable":true,"href":"https:\/\/provencelovers.fr\/es\/wp-json\/wp\/v2\/tags?post=10316"}],"curies":[{"name":"wp","href":"https:\/\/api.w.org\/{rel}","templated":true}]}}