{"id":10825,"date":"2024-04-02T16:48:04","date_gmt":"2024-04-02T14:48:04","guid":{"rendered":"https:\/\/provencelovers.fr\/schoenste-straende-von-sankt-raphael\/"},"modified":"2024-04-03T15:53:18","modified_gmt":"2024-04-03T13:53:18","slug":"schonste-strande-saint-raphael","status":"publish","type":"post","link":"https:\/\/provencelovers.fr\/de\/schonste-strande-saint-raphael\/","title":{"rendered":"7 sch\u00f6nste Str\u00e4nde in Saint-Rapha\u00ebl (Fotos + Tipps)"},"content":{"rendered":"\n<p>Als wir Saint-Rapha\u00ebl erkundeten, wurden wir von dem Mosaik aus Blau, Rot und Gr\u00fcn verzaubert. Das kristallklare Wasser seiner Str\u00e4nde vor den steilen, ockerfarbenen Klippen des Esterelgebirges bietet ein einzigartiges Schauspiel. Die sonnenverw\u00f6hnten Calanques ziehen viele Reisende an. Ob Sie einen goldenen Sandstrand, eine abgelegene Bucht oder eine schwer zug\u00e4ngliche Calanque suchen, St-Rapha\u00ebl hat f\u00fcr jeden Reisetyp einen Strand.<\/p>\n\n<p>Hier ist <strong>unsere Liste der sch\u00f6nsten Str\u00e4nde an der C\u00f4te d&#8217;Azur<\/strong>, mit unseren eigenen <strong>Fotos<\/strong>, Tipps und einer Karte, die Ihnen bei der Planung hilft.<\/p>\n\n<figure class=\"wp-block-image size-full\"><img decoding=\"async\" src=\"https:\/\/provencelovers.fr\/wp-content\/uploads\/2024\/03\/schonste-strande-saint-raphael.jpg\" alt=\"Die sch&#xF6;nsten Str&#xE4;nde in Saint-Rapha&#xEB;l\" class=\"wp-image-10692\"\/><\/figure>\n\n<div class=\"wp-block-genesis-blocks-gb-container gb-block-container\"><div class=\"gb-container-inside\"><div class=\"gb-container-content\">\n<p>Dieser Leitfaden ist v\u00f6llig <strong>unabh\u00e4ngig<\/strong> und basiert auf unseren Erfahrungen. Wir besuchten die Region anonym, trafen unsere eigenen Entscheidungen und bezahlten unsere Rechnungen vollst\u00e4ndig.<\/p>\n<\/div><\/div><\/div>\n\n<h2 class=\"wp-block-heading\">Die sch\u00f6nsten Str\u00e4nde von Saint-Rapha\u00ebl &#8211; Karte<\/h2>\n\n<p>In Saint-Rapha\u00ebl und Umgebung finden Sie sch\u00f6ne \u00f6ffentliche und private Str\u00e4nde.<\/p>\n\n<p>Hier finden Sie eine Karte der Str\u00e4nde, die in diesem Artikel aufgelistet sind, um Ihnen bei der Orientierung zu helfen:<\/p>\n\n<figure class=\"wp-block-image size-large\"><img decoding=\"async\" src=\"https:\/\/provencelovers.fr\/wp-content\/uploads\/2024\/03\/karte-strande-Saint-Raphael-1024x683.png\" alt=\"karte str&#xE4;nde saint raphael\" class=\"wp-image-10786\"\/><\/figure>\n\n<p>St. Raphael ist ein beliebtes Urlaubsziel f\u00fcr seine herrlichen Sandstr\u00e4nde und das kristallklare Wasser. Aber diese charmante Stadt an der C\u00f4te d&#8217;Azur hat ihren Besuchern noch viel mehr zu bieten. Saint-Rapha\u00ebl ist reich an verborgenen Sch\u00e4tzen und spannenden Aktivit\u00e4ten, die es zu entdecken gilt. Wenn Sie die Stadt am Meer besuchen m\u00f6chten, <strong><a href=\"https:\/\/provencelovers.fr\/de\/sehenswurdigkeiten-saint-raphael-besuchen\/\" target=\"_blank\" rel=\"noreferrer noopener\">Unser Artikel &#8222;Was kann man in Saint-Rapha\u00ebl unternehmen?<\/a> <\/strong>ist genau das Richtige f\u00fcr Sie! Hier finden Sie eine Auswahl von mehr als 15 Aktivit\u00e4ten und Sehensw\u00fcrdigkeiten, die Sie w\u00e4hrend Ihres Aufenthalts in dieser wundersch\u00f6nen Stadt nicht verpassen sollten.<\/p>\n\n<h2 class=\"wp-block-heading\">1. Der Veillat-Strand<\/h2>\n\n<figure class=\"wp-block-image size-large\"><img decoding=\"async\" src=\"https:\/\/photos.smugmug.com\/Provence-Lovers\/Saint-Rapha&#xEB;l\/n-rbrpSX\/Plage-du-Veillat\/i-rLZn32t\/1\/DfCVCqhtrqkczJ2m8RpFDMXXJ6Nkt8XCtDCdXRzrZ\/L\/Plage-Veillat-Saint-Raphael-1-L.jpg\" alt=\"Strand von Veillat\"\/><\/figure>\n\n<h3 class=\"wp-block-heading\">Warum wir ihn lieben<\/h3>\n\n<p>Der Plage du Veillat liegt im Herzen der Stadt und ist der gr\u00f6\u00dfte Sandstrand des Badeortes. Der Sand ist fein und der Hang sanft, ideal f\u00fcr Familien. Die Lage erm\u00f6glicht es Ihnen, die wichtigsten <a href=\"https:\/\/provencelovers.fr\/de\/sehenswurdigkeiten-saint-raphael-besuchen\/\" target=\"_blank\" rel=\"noreferrer noopener\">Sehensw\u00fcrdigkeiten<\/a> von St-Rapha\u00ebl<a href=\"https:\/\/provencelovers.fr\/de\/besuchen-basilika-notre-dame-victoire-saint-raphael\/\" target=\"_blank\" rel=\"noreferrer noopener\">(Basilika Notre-Dame de la Victoire<\/a>, Casino Barri\u00e8re, Vieux Port&#8230;) zu Fu\u00df vom Strand aus zu erreichen. Wir haben es sehr genossen, uns hier nach einem Tag an der franz\u00f6sischen Riviera zu entspannen.<\/p>\n\n<figure class=\"wp-block-image size-large\"><img decoding=\"async\" src=\"https:\/\/photos.smugmug.com\/Provence-Lovers\/Saint-Rapha&#xEB;l\/n-rbrpSX\/Plage-du-Veillat\/i-bHzcd6H\/1\/sVnGFwx28mzRgM9P8Lqxg5XjvgGJsc8Bqg2Ppww2\/L\/Plage-Veillat-Saint-Raphael-L.jpg\" alt=\"Strand von Veillat\"\/><\/figure>\n\n<h3 class=\"wp-block-heading\">Zugang<\/h3>\n\n<ul class=\"wp-block-list\">\n<li>Der Plage du Veillat liegt im Herzen des Stadtzentrums. Sie k\u00f6nnen es leicht zu Fu\u00df erreichen.<\/li>\n\n\n\n<li><strong>Parkpl\u00e4tze<\/strong>: Sie k\u00f6nnen problemlos in der N\u00e4he parken. Die beiden n\u00e4chstgelegenen Parkh\u00e4user sind das Parking Indigo Saint-Rapha\u00ebl De La Gare und das Parking Bonaparte, die jeweils weniger als 5 Minuten zu Fu\u00df entfernt sind.<\/li>\n<\/ul>\n\n<h3 class=\"wp-block-heading\">Praktische Informationen<\/h3>\n\n<ul class=\"wp-block-list\">\n<li>Der Sand am Plage du Veillat ist fein.<\/li>\n\n\n\n<li>Das Gef\u00e4lle zum Wasser ist sanft.<\/li>\n\n\n\n<li>Dieser Strand wird \u00fcberwacht und es gibt Duschen.<\/li>\n\n\n\n<li><strong>Essen<\/strong>&amp; Trinken: Der Strand befindet sich im Stadtzentrum und es gibt viele gute Restaurants in der N\u00e4he. Zum Beispiel sind <em>L&#8217;Emeraude<\/em> oder <em>Nonna<\/em> nur 3 Minuten zu Fu\u00df entfernt. Lesen Sie mehr in unserem Artikel \u00fcber die besten Restaurants in Saint-Rapha\u00ebl (folgt in K\u00fcrze)!<\/li>\n\n\n\n<li>In der N\u00e4he des Strandes k\u00f6nnen Sie die Stadt vom Riesenrad von Saint-Rapha\u00ebl aus bewundern, im Jardin Bonaparte spazieren gehen oder eine Fahrt mit dem kleinen Zug machen, um eine kommentierte Stadtbesichtigung zu genie\u00dfen.  <a href=\"https:\/\/www.getyourguide.de\/frejus-saint-raphael-l32405\/frejus-saint-raphael-circuit-du-petit-train-de-saint-raphael-t453636\/?partner_id=R3GYW4V&amp;cmp=PL\" target=\"_blank\" rel=\"noreferrer noopener sponsored nofollow\">Buchen Sie Ihren Platz jetzt!<\/a><\/li>\n\n\n\n<li>Haustiere sind nicht erlaubt.<\/li>\n<\/ul>\n\n<div style=\"margin-top:8%;margin-bottom:8%\" class=\"wp-block-genesis-blocks-gb-container box gb-block-container\"><div class=\"gb-container-inside\"><div class=\"gb-container-content\" style=\"max-width:700px\">\n<div class=\"wp-block-genesis-blocks-gb-container box_titre gb-block-container\"><div class=\"gb-container-inside\"><div class=\"gb-container-content\">\n<h5 class=\"titre_box\" style=\"padding-top:10px;\">\u00dcBERNACHTEN IN <span class=\"titre_box_manuscrit\">Saint-Rapha\u00ebl<\/span><\/h5>\n<\/div><\/div><\/div>\n\n\n\n<hr class=\"wp-block-separator has-text-color has-alpha-channel-opacity has-background is-style-wide hr-box-planif\" style=\"background-color:#ccd3dd;color:#ccd3dd\"\/>\n\n\n\n<div class=\"wp-block-columns box_sans_border is-layout-flex wp-container-core-columns-is-layout-9d6595d7 wp-block-columns-is-layout-flex\">\n<div class=\"wp-block-column texte_planif is-layout-flow wp-block-column-is-layout-flow\" style=\"font-size:14px;flex-basis:60%\">\n<p class=\"option_titre2\"><strong>Option 1: <\/strong>Stadtzentrum und Str\u00e4nde von Saint-Rapha\u00ebl und Fr\u00e9jus<\/p>\n\n\n\n<p style=\"font-size:14px\">Genie\u00dfen Sie den Charme der St\u00e4dte und alle Restaurants.<br\/>Wir empfehlen:<\/p>\n\n\n\n<ul class=\"ul_box wp-block-list\">\n<li style=\"font-size:14px\"><strong>Hotel Unique<\/strong> &#8211; <a href=\"https:\/\/www.booking.com\/hotel\/fr\/unique-et-residence.html?aid=2319618\" target=\"_blank\" rel=\"noreferrer noopener sponsored nofollow\">siehe Preise, Fotos und Verf\u00fcgbarkeit<\/a><\/li>\n\n\n\n<li style=\"font-size:14px\"><strong>Hotel Le Touring<\/strong> &#8211; <a href=\"https:\/\/www.booking.com\/hotel\/fr\/le-touring.html?aid=2319618\" target=\"_blank\" rel=\"noreferrer noopener sponsored nofollow\">siehe Preise, Fotos und Verf\u00fcgbarkeit<\/a><\/li>\n<\/ul>\n<\/div>\n\n\n\n<div class=\"wp-block-column is-vertically-aligned-top planif-radius is-layout-flow wp-block-column-is-layout-flow\" style=\"flex-basis:40%\">\n<figure class=\"wp-block-image size-large img-portrait\"><img decoding=\"async\" src=\"https:\/\/photos.smugmug.com\/Provence-Lovers\/Saint-Rapha&#xEB;l\/H&#xF4;tels\/n-Fxgrrn\/Visites\/i-fnxTWz3\/0\/74a1fc6c\/S\/hotel-touring-S.jpg\" alt=\"Hotel Le Touring\" title=\"\"\/><\/figure>\n<\/div>\n<\/div>\n\n\n\n<hr class=\"wp-block-separator has-text-color has-alpha-channel-opacity has-background is-style-wide hr-box-planif\" style=\"background-color:#ccd3dd;color:#ccd3dd\"\/>\n\n\n\n<div class=\"wp-block-columns box_sans_border is-layout-flex wp-container-core-columns-is-layout-9d6595d7 wp-block-columns-is-layout-flex\">\n<div class=\"wp-block-column texte_planif is-layout-flow wp-block-column-is-layout-flow\" style=\"font-size:14px;flex-basis:60%\">\n<p class=\"option_titre\"><strong>Option 2: <\/strong>Entlang der K\u00fcste nach Esterel<\/p>\n\n\n\n<p style=\"font-size:14px\">Am Meer liegen luxuri\u00f6se Hotels in der N\u00e4he der roten Felsen des Esterel-Gebirges. Wir empfehlen:<\/p>\n\n\n\n<ul class=\"ul_box wp-block-list\">\n<li style=\"font-size:14px\"><strong>Hotel La Villa Mauresque<\/strong> &#8211; <a href=\"https:\/\/www.booking.com\/hotel\/fr\/la-villa-mauresque.html?aid=2319618\" target=\"_blank\" rel=\"noreferrer noopener sponsored nofollow\">siehe Preise, Fotos und Verf\u00fcgbarkeit<\/a><\/li>\n\n\n\n<li style=\"font-size:14px\"><strong>Hotel Les Roches Rouges<\/strong> &#8211; <a href=\"https:\/\/www.booking.com\/hotel\/fr\/les-roches-rouges.html?aid=2319618\" target=\"_blank\" rel=\"noreferrer noopener sponsored nofollow\">Preise, Fotos und Verf\u00fcgbarkeit anzeigen<\/a><\/li>\n<\/ul>\n<\/div>\n\n\n\n<div class=\"wp-block-column is-vertically-aligned-top planif-radius is-layout-flow wp-block-column-is-layout-flow\" style=\"flex-basis:40%\">\n<figure class=\"wp-block-image size-large img-portrait\"><img decoding=\"async\" src=\"https:\/\/photos.smugmug.com\/Provence-Lovers\/Saint-Rapha&#xEB;l\/H&#xF4;tels\/n-Fxgrrn\/H&#xF4;tel-La-Villa-Mauresque\/i-8X8xqFC\/0\/205505d2\/S\/saintrapahel-hotelvillamauresque-piscine-1-S.jpg\" alt=\"Hotel la Jabotte\" title=\"\"\/><\/figure>\n<\/div>\n<\/div>\n\n\n\n<hr class=\"wp-block-separator has-text-color has-alpha-channel-opacity has-background is-style-wide hr-box-planif\" style=\"background-color:#ccd3dd;color:#ccd3dd\"\/>\n\n\n\n<div class=\"wp-block-columns box_sans_border is-layout-flex wp-container-core-columns-is-layout-9d6595d7 wp-block-columns-is-layout-flex\">\n<div class=\"wp-block-column texte_planif is-layout-flow wp-block-column-is-layout-flow\" style=\"flex-basis:60%\">\n<p class=\"option_titre\"><strong>Option 3: <\/strong>Auf dem Land<\/p>\n\n\n\n<p style=\"font-size:14px\">F\u00fcr mehr Ruhe k\u00f6nnen Sie das Meer oder die Landschaft genie\u00dfen, aber dennoch nahe genug an der Stadt. Wir empfehlen:<\/p>\n\n\n\n<ul class=\"ul_box wp-block-list\">\n<li class=\"ul_box\" style=\"font-size:14px\"><strong>Hotel Le Confidentiel<\/strong> &#8211; <a href=\"https:\/\/www.booking.com\/hotel\/fr\/hotelsanpedrosaint.html?aid=2319618\">siehe Preise, Fotos und Verf\u00fcgbarkeit<\/a><\/li>\n\n\n\n<li class=\"ul_box\" style=\"font-size:14px\"><strong>Hotel la Bastide du Clos des Roses<\/strong> &#8211; <a href=\"https:\/\/www.booking.com\/hotel\/fr\/la-bastide-du-clos-frejus.html?aid=2319618\">Preise, Fotos und Verf\u00fcgbarkeit anzeigen<\/a><\/li>\n<\/ul>\n<\/div>\n\n\n\n<div class=\"wp-block-column is-vertically-aligned-top planif-radius is-layout-flow wp-block-column-is-layout-flow\" style=\"flex-basis:40%\">\n<figure class=\"wp-block-image size-large img-portrait\"><img decoding=\"async\" src=\"https:\/\/photos.smugmug.com\/Provence-Lovers\/Saint-Rapha&#xEB;l\/H&#xF4;tels\/n-Fxgrrn\/H&#xF4;tel-Le-Confidentiel\/i-9PX8wfs\/0\/cd032c44\/S\/saintraphael-hotelconfidentiel-piscine-S.jpg\" alt=\"Hotel La Villa Cap\" title=\"\"\/><\/figure>\n<\/div>\n<\/div>\n\n\n\n<p class=\"has-text-align-center\" style=\"font-size:16px\"><a href=\"https:\/\/provencelovers.fr\/de\/beste-hotels-saint-raphael-frejus-unterkunft-stadtteile\/\" target=\"_blank\" rel=\"noreferrer noopener\">Lesen Sie unsere Berichte \u00fcber die besten Hotels in Saint-Rapha\u00ebl<\/a><\/p>\n\n\n\n<div class=\"wp-block-buttons planif_bouton is-content-justification-center is-layout-flex wp-container-core-buttons-is-layout-16018d1d wp-block-buttons-is-layout-flex\">\n<div class=\"wp-block-button has-custom-font-size\" style=\"font-size:14px\"><a class=\"wp-block-button__link has-white-color has-text-color wp-element-button\" href=\"https:\/\/www.booking.com\/searchresults.en.html?city=-1468219&amp;nflt=review_score%253D90%253Breview_score%253D80&amp;aid=2319618&amp;no_rooms=1&amp;group_adults=2\" style=\"border-radius:4px\" target=\"_blank\" rel=\"noreferrer noopener\">Alle verf\u00fcgbaren Unterk\u00fcnfte anzeigen  <img loading=\"lazy\" decoding=\"async\" width=\"16\" height=\"17\" class=\"wp-image-2851\" style=\"width: 16px;\" src=\"https:\/\/provencelovers.fr\/wp-content\/uploads\/2023\/08\/ArrowRight.webp\" alt=\"\"\/><\/a><\/div>\n<\/div>\n<\/div><\/div><\/div>\n\n<h2 class=\"wp-block-heading\">2. Strand von Fr\u00e9jus (Handiplage)  <\/h2>\n\n<figure class=\"wp-block-image size-large\"><img decoding=\"async\" src=\"https:\/\/photos.smugmug.com\/Provence-Lovers\/Fr&#xE9;jus\/n-XwqvJP\/Plage-Fr&#xE9;jus\/i-gbMTrnc\/4\/C9QMBJHdRQJ9qNb45KK9wdndrRRN5rg5mTF6VXKFP\/L\/Plage-ville-fre&#x301;jus-2-L.jpg\" alt=\"Strand von Fr&#xE9;jus\"\/><\/figure>\n\n<h3 class=\"wp-block-heading\">Warum wir ihn lieben<\/h3>\n\n<p>Da Fr\u00e9jus die Nachbarstadt von Saint-Rapha\u00ebl ist, k\u00f6nnen Sie sehr leicht zu folgenden Orten gelangen<strong> <a href=\"https:\/\/provencelovers.fr\/de\/handi-plage-frejus-strand\/\" target=\"_blank\" rel=\"noreferrer noopener\">den Strand von Fr\u00e9jus<\/a><\/strong> von St-Rapha\u00ebl aus. Er ist 1 km lang und bietet eine sch\u00f6ne Aussicht auf den Hafen von Saint-Rapha\u00ebl mit seinen vielen Caf\u00e9s, Gesch\u00e4ften und Restaurants. Am westlichen Ende k\u00f6nnen Sie entlang des Jachthafens von Fr\u00e9jus zur\u00fcckgehen und \u00fcber einen Steg auf die andere Seite des Flusses Argens gelangen.<\/p>\n\n<p>Wir genossen eine sonnige Pause an diesem Strand w\u00e4hrend unseres Besuchs in der Stadt am Meer! Dies ist eine der <strong>Hauptattraktionen von Fr\u00e9jus<\/strong> (Artikel folgt).<\/p>\n\n<figure class=\"wp-block-image size-large\"><img decoding=\"async\" src=\"https:\/\/photos.smugmug.com\/Provence-Lovers\/Fr&#xE9;jus\/n-XwqvJP\/Plage-Fr&#xE9;jus\/i-2776D7T\/4\/tJQ9xkvDzJQR5hksX3L7Dw4PPPPWKNSTbnw6PRbS\/L\/Plage-ville-fre&#x301;jus-8-L.jpg\" alt=\"Strand von Fr&#xE9;jus\"\/><\/figure>\n\n<h3 class=\"wp-block-heading\">Zugang<\/h3>\n\n<ul class=\"wp-block-list\">\n<li>Der Strand erstreckt sich \u00fcber<strong> <\/strong>1 km entlang des Boulevard d&#8217;Alger und des Boulevard de la Lib\u00e9ration in Fr\u00e9jus.<\/li>\n\n\n\n<li>Zugang vom Hafen von Saint-Rapha\u00ebl: 20 Minuten zu Fu\u00df.<\/li>\n\n\n\n<li>Zugang vom historischen Zentrum von Fr\u00e9jus: 30 Minuten zu Fu\u00df.<\/li>\n\n\n\n<li>Das n\u00e4chstgelegene <strong>Parkhaus<\/strong> befindet sich in der Rue des Forces Fran\u00e7aises Libres 28 in Fr\u00e9jus.<br\/>Der Strand ist in 15 Minuten zu Fu\u00df zu erreichen.<\/li>\n\n\n\n<li>Der Strand von Fr\u00e9jus wird von den <strong>Buslinien 01, A <\/strong>und<strong> C<\/strong> des Verkehrsnetzes der Agglomeration bedient. Um Ihre Reiseroute zu planen, besuchen Sie bitte die offizielle Website des \u00f6ffentlichen Verkehrsnetzes<a href=\"https:\/\/www.esterelcotedazur-lebus.fr\/\" target=\"_blank\" rel=\"noreferrer noopener\">hier<\/a>.<\/li>\n<\/ul>\n\n<h3 class=\"wp-block-heading\">Praktische Informationen<\/h3>\n\n<ul class=\"wp-block-list\">\n<li>Der Boden des Strandes ist mit goldenem, feinem Sand bedeckt.<\/li>\n\n\n\n<li>Das Wasser ist klar und flach und der Einstieg ins Wasser ist sanft und allm\u00e4hlich, ideal f\u00fcr das Schwimmen mit der Familie.<\/li>\n\n\n\n<li>Ein Teil des Strandes ist \u00fcberwacht, allerdings nur in der Hochsaison.<\/li>\n\n\n\n<li>Wir haben keine Duschen am Strand gesehen. Es gibt jedoch eine \u00f6ffentliche Toilette.<\/li>\n\n\n\n<li>In der Saison finden Sie in der N\u00e4he des Strandes Fastfood- und Eisst\u00e4nde.<\/li>\n\n\n\n<li>Haustiere sind nicht erlaubt.<\/li>\n<\/ul>\n\n<h2 class=\"wp-block-heading\">3. La Plage Boulouris<\/h2>\n\n<figure class=\"wp-block-image size-large\"><img decoding=\"async\" src=\"https:\/\/photos.smugmug.com\/Provence-Lovers\/Saint-Rapha&#xEB;l\/n-rbrpSX\/Plage-Boulouris\/i-dfgrqPk\/0\/CJQgr56jTr3trsQF7hnzXbwcMGwZkQJQcxqNHCkjW\/L\/st-rapahel-plage%20%20boulouris-3-L.jpg\" alt=\"Strand von Boulouris\"\/><\/figure>\n\n<h3 class=\"wp-block-heading\">Warum wir ihn lieben<\/h3>\n\n<p>Der Strand von Boulouris liegt in einer Kurve der majest\u00e4tischen Stra\u00dfe <a href=\"https:\/\/provencelovers.fr\/de\/schonste-landschaften-cote-azur-fotos\/\" target=\"_blank\" rel=\"noreferrer noopener\">Corniche de l&#8217;Esterel<\/a> und ist nicht weit vom Zentrum entfernt. Es ist nur 10 Minuten mit dem Auto vom Stadtzentrum entfernt und liegt zwischen den roten Felsen des Massif de l&#8217;Est\u00e9rel, die typisch f\u00fcr die Region sind. Wir waren begeistert von der angenehmen Umgebung dieses Strandes, der f\u00fcr Jung und Alt gleicherma\u00dfen geeignet ist.<\/p>\n\n<figure class=\"wp-block-image size-large\"><img decoding=\"async\" src=\"https:\/\/photos.smugmug.com\/Provence-Lovers\/Saint-Rapha&#xEB;l\/n-rbrpSX\/Plage-Boulouris\/i-ThqRBBM\/0\/VzgFDxcNCGtrpsLVWcFfq9ncpJGvLRGwxdL8LZ3L\/L\/st-rapahel-plage%20%20boulouris-L.jpg\" alt=\"Strand von Boulouris\"\/><\/figure>\n\n<h3 class=\"wp-block-heading\">Zugang<\/h3>\n\n<ul class=\"wp-block-list\">\n<li>Gemeinde St-Rapha\u00ebl,<\/li>\n\n\n\n<li>10 Minuten mit dem Auto vom Stadtzentrum entfernt,<\/li>\n\n\n\n<li><strong>Parken<\/strong>: Es gibt keine Parkpl\u00e4tze vor Ort, aber einige Parkpl\u00e4tze entlang der Stra\u00dfe f\u00fcr die ersten, die ankommen.<\/li>\n<\/ul>\n\n<h3 class=\"wp-block-heading\">Praktische Informationen<\/h3>\n\n<ul class=\"wp-block-list\">\n<li>Feiner Sand von ockerfarbener Farbe,<\/li>\n\n\n\n<li>Leichtes Gef\u00e4lle, um ins Wasser zu gelangen,<\/li>\n\n\n\n<li>Unbewachter Strand,<\/li>\n\n\n\n<li>Duschen in der N\u00e4he,<\/li>\n\n\n\n<li>Mehrere Zug\u00e4nge entlang des Strandes,<\/li>\n\n\n\n<li>Es gibt keine Restaurants in der N\u00e4he,<\/li>\n\n\n\n<li>Haustiere sind nicht erlaubt.<\/li>\n<\/ul>\n\n<h2 class=\"wp-block-heading\">4. Der Strand der Calanque Santa Lucia<\/h2>\n\n<figure class=\"wp-block-image size-large\"><img decoding=\"async\" src=\"https:\/\/photos.smugmug.com\/Provence-Lovers\/Saint-Rapha&#xEB;l\/n-rbrpSX\/Calanque-Santa-Lucia\/i-CqX8TCg\/1\/CRzqRfGfrhJ4XddMjGbDmsm3MHM4KJQhq9dz2L5NF\/L\/Esterel-calanque-santa-lucia-Saint-Raphael-L.jpg\" alt=\"Cala Santa Lucia\"\/><\/figure>\n\n<h3 class=\"wp-block-heading\">Warum wir ihn lieben<\/h3>\n\n<p>Die Calanque de Santa Lucia in Saint-Rapha\u00ebl liegt zwischen steilen Klippen und bietet ein bezauberndes Naturschauspiel. Aufgrund seines schwierigen Zugangs wird er nur selten besucht. Ein guter Punkt, um den \u00fcberf\u00fcllten Str\u00e4nden im Hochsommer zu entgehen. Wir fanden die Umgebung sehr angenehm. Wir genossen die schattigen Pl\u00e4tze unter den Pinien. Hier vermischt sich die wilde Sch\u00f6nheit der Natur mit dem jodhaltigen Atem des Mittelmeers. Ein Muss f\u00fcr Naturliebhaber und Wanderfreunde.<\/p>\n\n<figure class=\"wp-block-image size-large\"><img decoding=\"async\" src=\"https:\/\/photos.smugmug.com\/Provence-Lovers\/Saint-Rapha&#xEB;l\/n-rbrpSX\/Calanque-Santa-Lucia\/i-vS9sR25\/1\/Zf68hHhVdfBMVsWHb93gBWGGMSBkLfMVX5z9zt63\/L\/Esterel-calanque-santa-lucia-Saint-Raphael-2-L.jpg\" alt=\"Cala de Santa-Lucia\"\/><\/figure>\n\n<h3 class=\"wp-block-heading\">Zugang<\/h3>\n\n<ul class=\"wp-block-list\">\n<li>Gemeinde Saint Rapha\u00ebl,<\/li>\n\n\n\n<li>Der Zugang ist etwas schwierig. Vom Stadtzentrum aus ben\u00f6tigen Sie etwa 35 Minuten zu Fu\u00df. Wir empfehlen Ihnen, geeignetes Schuhwerk f\u00fcr den Besuch dieser Calanque mitzubringen. Um dorthin zu gelangen, m\u00fcssen Sie auf Pfaden laufen, Stufen erklimmen und sich in den Felsen bewegen.<br\/>Es gibt 2 M\u00f6glichkeiten, um zur Cala Santa Lucia zu gelangen, die detaillierten Routen finden Sie <a href=\"https:\/\/www.plages.tv\/detail\/calanque-de-santa-lucia-saint-raphael-83700#:~:text=L'acc%C3%A8s%20peut%20se%20faire,au%20fond%20sur%20la%20gauche).\" target=\"_blank\" rel=\"noreferrer noopener nofollow\">hier<\/a>.<\/li>\n\n\n\n<li><strong>Parken<\/strong>: Es gibt einige <strong>Parkpl\u00e4tze<\/strong> am Stra\u00dfenrand, aber es gibt keine Parkpl\u00e4tze in unmittelbarer N\u00e4he. Die n\u00e4chstgelegenen befinden sich im Stadtzentrum, in der N\u00e4he des Hafens von Santa Lucia. Wir empfehlen Ihnen daher, fr\u00fch genug zu kommen, um einen Parkplatz zu finden.<\/li>\n<\/ul>\n\n<h3 class=\"wp-block-heading\">Praktische Informationen<\/h3>\n\n<ul class=\"wp-block-list\">\n<li>Eine Mischung aus Kieselsteinen und Sand,<\/li>\n\n\n\n<li>Sanftes Gef\u00e4lle, um ins Wasser zu gelangen,<\/li>\n\n\n\n<li>Die Calanque ist nicht bewacht und es gibt keine Duschen oder Toiletten,<\/li>\n\n\n\n<li>Sie k\u00f6nnen es nur zu Fu\u00df <em>\u00fcber<\/em> die <a href=\"https:\/\/www.plages.tv\/detail\/calanque-de-santa-lucia-saint-raphael-83700#:~:text=L'acc%C3%A8s%20peut%20se%20faire,au%20fond%20sur%20la%20gauche).\" target=\"_blank\" rel=\"noreferrer noopener nofollow\">hier<\/a> beschriebenen Routen erreichen.<\/li>\n\n\n\n<li>Es gibt kein Restaurantangebot in der N\u00e4he.<\/li>\n\n\n\n<li>Haustiere sind nicht erlaubt.<\/li>\n<\/ul>\n\n<div style=\"margin-top:8%;margin-bottom:8%\" class=\"wp-block-genesis-blocks-gb-container box gb-block-container\"><div class=\"gb-container-inside\"><div class=\"gb-container-content\">\n<div class=\"wp-block-columns inverse box_planif is-layout-flex wp-container-core-columns-is-layout-9d6595d7 wp-block-columns-is-layout-flex\">\n<div class=\"wp-block-column texte_planif is-layout-flow wp-block-column-is-layout-flow\" style=\"flex-basis:58%\">\n<h5 class=\"titre_box\">UNSERE MIETWAGEN TIPPS IN <span class=\"titre_box_manuscrit\">\nProvence<\/span><\/h5>\n\n\n\n<ul class=\"liste_voiture wp-block-list\" style=\"font-size:14px\">\n<li>Vergleichen Sie die Preise auf unserer bevorzugten Plattform: <a href=\"https:\/\/www.discovercars.com\/de\/france?a_aid=zigzag&amp;chan=PL\" target=\"_blank\" rel=\"noreferrer noopener sponsored nofollow\">DiscoverCars<\/a> &#8211; eine der am besten bewerteten Websites.<\/li>\n\n\n\n<li>W\u00e4hlen Sie ein <strong>Auto mit ausreichender Leistung <\/strong>(die Stra\u00dfen sind steil), aber <strong>kompakt<\/strong> (einige Passagen sind eng).<\/li>\n\n\n\n<li>Denken Sie an eine<strong>Vollkaskoversicherung<\/strong> (einige Stra\u00dfen sind kurvenreich und eng).<\/li>\n\n\n\n<li>Es gibt eine gro\u00dfe Nachfrage, <strong>buchen Sie fr\u00fchzeitig<\/strong>.<\/li>\n<\/ul>\n<\/div>\n\n\n\n<div class=\"wp-block-column planif-radius-3 is-layout-flow wp-block-column-is-layout-flow\" style=\"flex-basis:42%\">\n<figure class=\"wp-block-image size-full is-resized\"><img loading=\"lazy\" decoding=\"async\" width=\"421\" height=\"533\" src=\"https:\/\/provencelovers.fr\/wp-content\/uploads\/2023\/05\/Vieux-Nice-ruelle-L.png\" alt=\"\" class=\"wp-image-1302\" title=\"\" srcset=\"https:\/\/provencelovers.fr\/wp-content\/uploads\/2023\/05\/Vieux-Nice-ruelle-L.png 421w, https:\/\/provencelovers.fr\/wp-content\/uploads\/2023\/05\/Vieux-Nice-ruelle-L-237x300.png 237w\" sizes=\"auto, (max-width: 421px) 100vw, 421px\" \/><\/figure>\n<\/div>\n<\/div>\n\n\n\n<div class=\"wp-block-columns planif_bouton is-layout-flex wp-container-core-columns-is-layout-9d6595d7 wp-block-columns-is-layout-flex\">\n<div class=\"wp-block-column is-layout-flow wp-block-column-is-layout-flow\" style=\"flex-basis:50%\">\n<div class=\"wp-block-buttons is-content-justification-center is-layout-flex wp-container-core-buttons-is-layout-16018d1d wp-block-buttons-is-layout-flex\">\n<div class=\"wp-block-button has-custom-font-size\" style=\"font-size:14px\"><a class=\"wp-block-button__link has-white-color has-text-color wp-element-button\" href=\"https:\/\/www.discovercars.com\/de\/france?a_aid=zigzag&amp;amp;chan=PL\" style=\"border-radius:4px\" target=\"_blank\" rel=\"noreferrer noopener\">Siehe die Autos<img loading=\"lazy\" decoding=\"async\" width=\"16\" height=\"17\" class=\"wp-image-2851\" style=\"width: 16px;\" src=\"https:\/\/provencelovers.fr\/wp-content\/uploads\/2023\/08\/ArrowRight.webp\" alt=\"\"\/><\/a><\/div>\n<\/div>\n<\/div>\n\n\n\n<div class=\"wp-block-column is-vertically-aligned-center is-layout-flow wp-block-column-is-layout-flow\" style=\"flex-basis:50%\">\n<p class=\"has-text-align-center\" style=\"font-size:14px\"><strong><a href=\"https:\/\/provencelovers.fr\/de\/mietwagen-provence-erfahrungen\/\">Siehe unsere Tipps<\/a><\/strong><\/p>\n<\/div>\n<\/div>\n<\/div><\/div><\/div>\n\n<h2 class=\"wp-block-heading\">5. Der Strand von Beaurivage (Handiplage)<\/h2>\n\n<figure class=\"wp-block-image size-large\"><img decoding=\"async\" src=\"https:\/\/photos.smugmug.com\/Provence-Lovers\/Saint-Rapha&#xEB;l\/n-rbrpSX\/Plage-Beaurivage\/i-S3g9Rzt\/0\/D6qtGcg5GG6HdFfc7f3VNwg7LrVX38TtS2qVnCrpG\/L\/plage%20Beau%20Rivage%20Saint-Raphael-L.jpg\" alt=\"Strand von Beaurivage\"\/><\/figure>\n\n<h3 class=\"wp-block-heading\">Warum wir ihn lieben<\/h3>\n\n<p>Der Strand Beaurivage verf\u00fcgt \u00fcber eine sch\u00f6ne schattige Promenade, die Sie entlang der gesamten L\u00e4nge des Strandes begehen k\u00f6nnen. Wir haben es genossen, diesen Spaziergang und die herrliche Aussicht zu genie\u00dfen.<\/p>\n\n<figure class=\"wp-block-image size-large\"><img decoding=\"async\" src=\"https:\/\/photos.smugmug.com\/Provence-Lovers\/Saint-Rapha&#xEB;l\/n-rbrpSX\/Plage-Beaurivage\/i-Mx4D5L6\/0\/qFLp5RZVs7d2ZHJ435tbMjDRJKN4Q9Fv3XVbVJwH\/L\/st-rapahel-plage%20%20beaurivage-L.jpg\" alt=\"Strand von Beaurivage\"\/><\/figure>\n\n<h3 class=\"wp-block-heading\">Zugang<\/h3>\n\n<ul class=\"wp-block-list\">\n<li>Im Stadtzentrum von St-Rapha\u00ebl, zwischen dem Veillat-Strand und dem Hafen von Santa Lucia.<\/li>\n\n\n\n<li>Nur 10 Minuten zu Fu\u00df vom Stadtzentrum entfernt<\/li>\n\n\n\n<li><strong>Parken<\/strong>: Es gibt einen gro\u00dfen geb\u00fchrenpflichtigen Parkplatz in der N\u00e4he mit 10 reservierten Pl\u00e4tzen f\u00fcr Behinderte.<\/li>\n<\/ul>\n\n<h3 class=\"wp-block-heading\">Praktische Informationen<\/h3>\n\n<ul class=\"wp-block-list\">\n<li>Eine Mischung aus Kieselsteinen und Sand,<\/li>\n\n\n\n<li>Sanftes Gef\u00e4lle, um ins Wasser zu gelangen,<\/li>\n\n\n\n<li>Der Strand ist in der Hochsaison bewacht und es gibt Behindertenpaddler,<\/li>\n\n\n\n<li>Hier finden Sie Toiletten, Duschen und Umkleider\u00e4ume,<\/li>\n\n\n\n<li>Am Strand gibt es einen Verkaufsstand mit Getr\u00e4nken und Snacks, der in der Hochsaison ge\u00f6ffnet ist. Durch die N\u00e4he zum Stadtzentrum haben Sie Zugang zu vielen Restaurants.<\/li>\n\n\n\n<li>Haustiere sind nicht erlaubt.<\/li>\n<\/ul>\n\n<h2 class=\"wp-block-heading\">6. Der Strand von Agay<\/h2>\n\n<figure class=\"wp-block-image size-large\"><img decoding=\"async\" src=\"https:\/\/photos.smugmug.com\/Provence-Lovers\/Saint-Rapha&#xEB;l\/n-rbrpSX\/Plage-Agay\/i-KkmFD8j\/0\/CcpPdhKGBB7dr5FZ7RDMfwRgCJzVQbmP5TfM3LRKt\/L\/st-rapahel-plage%20agay-2-L.jpg\" alt=\"Strand von Agay\"\/><\/figure>\n\n<h3 class=\"wp-block-heading\">Warum wir ihn lieben<\/h3>\n\n<p>Dieser Strand liegt in der Bucht von Agay und hat uns mit seinem au\u00dfergew\u00f6hnlichen Panorama auf das Esterel-Massiv, das die Bucht \u00fcberragt, sehr gut gefallen. Der Vorteil dieses Strandes ist, dass er von zahlreichen Restaurants und Bars umgeben ist, die Sie den ganzen Tag \u00fcber leicht erreichen k\u00f6nnen. Er geh\u00f6rt zu den <a href=\"https:\/\/provencelovers.fr\/de\/sehenswurdigkeiten-saint-raphael-besuchen\/\" target=\"_blank\" rel=\"noreferrer noopener\">Aktivit\u00e4ten, die man in St. Raphael nicht verpassen sollte<\/a>!<\/p>\n\n<figure class=\"wp-block-image size-large\"><img decoding=\"async\" src=\"https:\/\/photos.smugmug.com\/Provence-Lovers\/Saint-Rapha&#xEB;l\/n-rbrpSX\/Plage-Agay\/i-Cw6ZvpD\/0\/Fb44d96C9zzr865dVs9g5cCffc9hKHGXW6RxqgkFV\/L\/st-rapahel-plage%20agay-1-L.jpg\" alt=\"Strand von Agay\"\/><\/figure>\n\n<h3 class=\"wp-block-heading\">Zugang<\/h3>\n\n<ul class=\"wp-block-list\">\n<li>Der Strand befindet sich in der Bucht von Agay, 20 Minuten mit dem Auto vom Zentrum von Saint-Rapha\u00ebl entfernt,<\/li>\n\n\n\n<li>Wenn Sie einmal dort sind, ist der Zugang zu Fu\u00df einfach.<\/li>\n\n\n\n<li><strong>Mit dem Bus<\/strong>: Der Strand wird an der Haltestelle &#8222;Agay Bureau Municipal&#8220; von den Buslinien 08 und 21 des Verkehrsnetzes der Agglomeration bedient. Um Ihre Reiseroute zu planen, besuchen Sie bitte die offizielle Website des \u00f6ffentlichen Verkehrsnetzes<a href=\"https:\/\/www.esterelcotedazur-lebus.fr\/\" target=\"_blank\" rel=\"noreferrer noopener nofollow\">hier<\/a>.<br\/><strong>Mit dem Zug<\/strong>: Der SNCF-Bahnhof &#8222;Agay&#8220; liegt 15 Minuten zu Fu\u00df vom Strand entfernt.<\/li>\n\n\n\n<li><strong>Parken<\/strong>: Es gibt <strong>Parkpl\u00e4tze<\/strong> entlang der Stra\u00dfe und einen kostenlosen Parkplatz am Boulevard de la Baumette, aber in der Hochsaison sind die Parkpl\u00e4tze oft belegt, kommen Sie also fr\u00fchzeitig!<\/li>\n<\/ul>\n\n<h3 class=\"wp-block-heading\">Praktische Informationen<\/h3>\n\n<ul class=\"wp-block-list\">\n<li>Eine Mischung aus feinem Sand und kleinen Kieselsteinen,<\/li>\n\n\n\n<li>Sanftes Gef\u00e4lle, um ins Wasser zu gelangen,<\/li>\n\n\n\n<li>Der Strand wird in der Hochsaison \u00fcberwacht,<\/li>\n\n\n\n<li>Es gibt Toiletten und Duschen,<\/li>\n\n\n\n<li>Am Strand gibt es ein Strandrestaurant, das in der Hochsaison ge\u00f6ffnet ist. Dort k\u00f6nnen Sie auch Liegest\u00fchle mieten,<\/li>\n\n\n\n<li>Haustiere sind nicht erlaubt.<\/li>\n<\/ul>\n\n<div style=\"background-color:#fefefe;margin-top:6%;margin-bottom:6%\" class=\"wp-block-genesis-blocks-gb-container box gb-block-container\"><div class=\"gb-container-inside\"><div class=\"gb-container-content\" style=\"max-width:700px\">\n<div class=\"wp-block-columns inverse is-layout-flex wp-container-core-columns-is-layout-9d6595d7 wp-block-columns-is-layout-flex\">\n<div class=\"wp-block-column texte_planif is-layout-flow wp-block-column-is-layout-flow\" style=\"flex-basis:58%\">\n<h5 class=\"titre_box\">NOCH EIN BISSCHEN <span class=\"titre_box_manuscrit\">Geduld<\/span><\/h5>\n\n\n\n<p style=\"font-size:14px\">Alle Fotos, Karten, Informationen und guten Adressen f\u00fcr <strong>einen<\/strong> gelungenen <strong>Aufenthalt in der Provence<\/strong> werden <strong>bald<\/strong> in einem einzigen ebook <strong>zusammengefasst<\/strong> sein!<\/p>\n\n\n\n<p style=\"font-size:14px\">Wenn Sie \u00fcber die Ver\u00f6ffentlichung unseres <strong>Reisef\u00fchrers \u00fcber die Provence<\/strong> informiert werden m\u00f6chten, melden Sie sich bitte an:<\/p>\n\n\n<script>\nvar gform;gform||(document.addEventListener(\"gform_main_scripts_loaded\",function(){gform.scriptsLoaded=!0}),document.addEventListener(\"gform\/theme\/scripts_loaded\",function(){gform.themeScriptsLoaded=!0}),window.addEventListener(\"DOMContentLoaded\",function(){gform.domLoaded=!0}),gform={domLoaded:!1,scriptsLoaded:!1,themeScriptsLoaded:!1,isFormEditor:()=>\"function\"==typeof InitializeEditor,callIfLoaded:function(o){return!(!gform.domLoaded||!gform.scriptsLoaded||!gform.themeScriptsLoaded&&!gform.isFormEditor()||(gform.isFormEditor()&&console.warn(\"The use of gform.initializeOnLoaded() is deprecated in the form editor context and will be removed in Gravity Forms 3.1.\"),o(),0))},initializeOnLoaded:function(o){gform.callIfLoaded(o)||(document.addEventListener(\"gform_main_scripts_loaded\",()=>{gform.scriptsLoaded=!0,gform.callIfLoaded(o)}),document.addEventListener(\"gform\/theme\/scripts_loaded\",()=>{gform.themeScriptsLoaded=!0,gform.callIfLoaded(o)}),window.addEventListener(\"DOMContentLoaded\",()=>{gform.domLoaded=!0,gform.callIfLoaded(o)}))},hooks:{action:{},filter:{}},addAction:function(o,r,e,t){gform.addHook(\"action\",o,r,e,t)},addFilter:function(o,r,e,t){gform.addHook(\"filter\",o,r,e,t)},doAction:function(o){gform.doHook(\"action\",o,arguments)},applyFilters:function(o){return gform.doHook(\"filter\",o,arguments)},removeAction:function(o,r){gform.removeHook(\"action\",o,r)},removeFilter:function(o,r,e){gform.removeHook(\"filter\",o,r,e)},addHook:function(o,r,e,t,n){null==gform.hooks[o][r]&&(gform.hooks[o][r]=[]);var d=gform.hooks[o][r];null==n&&(n=r+\"_\"+d.length),gform.hooks[o][r].push({tag:n,callable:e,priority:t=null==t?10:t})},doHook:function(r,o,e){var t;if(e=Array.prototype.slice.call(e,1),null!=gform.hooks[r][o]&&((o=gform.hooks[r][o]).sort(function(o,r){return o.priority-r.priority}),o.forEach(function(o){\"function\"!=typeof(t=o.callable)&&(t=window[t]),\"action\"==r?t.apply(null,e):e[0]=t.apply(null,e)})),\"filter\"==r)return e[0]},removeHook:function(o,r,t,n){var e;null!=gform.hooks[o][r]&&(e=(e=gform.hooks[o][r]).filter(function(o,r,e){return!!(null!=n&&n!=o.tag||null!=t&&t!=o.priority)}),gform.hooks[o][r]=e)}});\n<\/script>\n\n                <div class='gf_browser_gecko gform_wrapper gravity-theme gform-theme--no-framework waitlist_wrapper' data-form-theme='gravity-theme' data-form-index='0' id='gform_wrapper_3' ><form method='post' enctype='multipart\/form-data'  id='gform_3' class='waitlist' action='\/de\/wp-json\/wp\/v2\/posts\/10825' data-formid='3' novalidate> \r\n <input type='hidden' class='gforms-pum' value='{\"closepopup\":false,\"closedelay\":0,\"openpopup\":false,\"openpopup_id\":0}' \/>\n                        <div class='gform-body gform_body'><div id='gform_fields_3' class='gform_fields top_label form_sublabel_below description_below validation_below'><div id=\"field_3_3\" class=\"gfield gfield--type-honeypot gform_validation_container field_sublabel_below gfield--has-description field_description_below field_validation_below gfield_visibility_visible\"  ><label class='gfield_label gform-field-label' for='input_3_3'>Name<\/label><div class='ginput_container'><input name='input_3' id='input_3_3' type='text' value='' autocomplete='new-password'\/><\/div><div class='gfield_description' id='gfield_description_3_3'>Dieses Feld dient zur Validierung und sollte nicht ver\u00e4ndert werden.<\/div><\/div><div id=\"field_3_2\" class=\"gfield gfield--type-website gfield--input-type-website gfield--width-full field_sublabel_below gfield--no-description field_description_below field_validation_below gfield_visibility_hidden\"  ><div class=\"admin-hidden-markup\"><i class=\"gform-icon gform-icon--hidden\" aria-hidden=\"true\" title=\"Dieses Feld wird bei der Anzeige des Formulars ausgeblendet\"><\/i><span>Dieses Feld wird bei der Anzeige des Formulars ausgeblendet<\/span><\/div><label class='gfield_label gform-field-label' for='input_3_2'>Site Web<\/label><div class='ginput_container ginput_container_website'>\n                    <input name='input_2' id='input_3_2' type='url' value='https:\/\/provencelovers.fr\/de\/wp-json\/wp\/v2\/posts\/10825' class='large'    placeholder='https:\/\/'  aria-invalid=\"false\" \/>\n                <\/div><\/div><div id=\"field_3_1\" class=\"gfield gfield--type-email gfield--input-type-email gfield--width-full field_sublabel_below gfield--no-description field_description_below hidden_label field_validation_below gfield_visibility_visible\"  ><label class='gfield_label gform-field-label' for='input_3_1'>E-mail<\/label><div class='ginput_container ginput_container_email'>\n                            <input name='input_1' id='input_3_1' type='email' value='votre e-mail' class='large'     aria-invalid=\"false\"  \/>\n                        <\/div><\/div><\/div><\/div>\n        <div class='gform-footer gform_footer top_label'> <input type='submit' id='gform_submit_button_3' class='gform_button button' onclick='gform.submission.handleButtonClick(this);' data-submission-type='submit' value='Anmelden'  \/> \n            <input type='hidden' class='gform_hidden' name='gform_submission_method' data-js='gform_submission_method_3' value='postback' \/>\n            <input type='hidden' class='gform_hidden' name='gform_theme' data-js='gform_theme_3' id='gform_theme_3' value='gravity-theme' \/>\n            <input type='hidden' class='gform_hidden' name='gform_style_settings' data-js='gform_style_settings_3' id='gform_style_settings_3' value='{&quot;inputPrimaryColor&quot;:&quot;#204ce5&quot;}' \/>\n            <input type='hidden' class='gform_hidden' name='is_submit_3' value='1' \/>\n            <input type='hidden' class='gform_hidden' name='gform_submit' value='3' \/>\n            \n            <input type='hidden' class='gform_hidden' name='gform_currency' data-currency='EUR' value='z0SCiRMVjXb7qW6SjgpnmgnvXlxxi4xAKbqMMNCRfjAlHFxhjPwfm\/c2gpotxqROiHIzWANzbhMStjjPRtzZxrn\/nGMvhKhILqd19qifx1Z3MMw=' \/>\n            <input type='hidden' class='gform_hidden' name='gform_unique_id' value='' \/>\n            <input type='hidden' class='gform_hidden' name='state_3' value='WyJbXSIsImZmMDY0ZWJkMmU3ZDZhZTc3YTc4MDBiNDgyNDcwNGVlIl0=' \/>\n            <input type='hidden' autocomplete='off' class='gform_hidden' name='gform_target_page_number_3' id='gform_target_page_number_3' value='0' \/>\n            <input type='hidden' autocomplete='off' class='gform_hidden' name='gform_source_page_number_3' id='gform_source_page_number_3' value='1' \/>\n            <input type='hidden' name='gform_field_values' value='' \/>\n            \n        <\/div>\n                        <\/form>\n                        <\/div><script>\ngform.initializeOnLoaded( function() {gformInitSpinner( 3, 'https:\/\/provencelovers.fr\/wp-content\/plugins\/gravityforms\/images\/spinner.svg', true );jQuery('#gform_ajax_frame_3').on('load',function(){var contents = jQuery(this).contents().find('*').html();var is_postback = contents.indexOf('GF_AJAX_POSTBACK') >= 0;if(!is_postback){return;}var form_content = jQuery(this).contents().find('#gform_wrapper_3');var is_confirmation = jQuery(this).contents().find('#gform_confirmation_wrapper_3').length > 0;var is_redirect = contents.indexOf('gformRedirect(){') >= 0;var is_form = form_content.length > 0 && ! is_redirect && ! is_confirmation;var mt = parseInt(jQuery('html').css('margin-top'), 10) + parseInt(jQuery('body').css('margin-top'), 10) + 100;if(is_form){jQuery('#gform_wrapper_3').html(form_content.html());if(form_content.hasClass('gform_validation_error')){jQuery('#gform_wrapper_3').addClass('gform_validation_error');} else {jQuery('#gform_wrapper_3').removeClass('gform_validation_error');}setTimeout( function() { \/* delay the scroll by 50 milliseconds to fix a bug in chrome *\/  }, 50 );if(window['gformInitDatepicker']) {gformInitDatepicker();}if(window['gformInitPriceFields']) {gformInitPriceFields();}var current_page = jQuery('#gform_source_page_number_3').val();gformInitSpinner( 3, 'https:\/\/provencelovers.fr\/wp-content\/plugins\/gravityforms\/images\/spinner.svg', true );jQuery(document).trigger('gform_page_loaded', [3, current_page]);window['gf_submitting_3'] = false;}else if(!is_redirect){var confirmation_content = jQuery(this).contents().find('.GF_AJAX_POSTBACK').html();if(!confirmation_content){confirmation_content = contents;}jQuery('#gform_wrapper_3').replaceWith(confirmation_content);jQuery(document).trigger('gform_confirmation_loaded', [3]);window['gf_submitting_3'] = false;wp.a11y.speak(jQuery('#gform_confirmation_message_3').text());}else{jQuery('#gform_3').append(contents);if(window['gformRedirect']) {gformRedirect();}}jQuery(document).trigger(\"gform_pre_post_render\", [{ formId: \"3\", currentPage: \"current_page\", abort: function() { this.preventDefault(); } }]);        if (event && event.defaultPrevented) {                return;        }        const gformWrapperDiv = document.getElementById( \"gform_wrapper_3\" );        if ( gformWrapperDiv ) {            const visibilitySpan = document.createElement( \"span\" );            visibilitySpan.id = \"gform_visibility_test_3\";            gformWrapperDiv.insertAdjacentElement( \"afterend\", visibilitySpan );        }        const visibilityTestDiv = document.getElementById( \"gform_visibility_test_3\" );        let postRenderFired = false;        function triggerPostRender() {            if ( postRenderFired ) {                return;            }            postRenderFired = true;            gform.core.triggerPostRenderEvents( 3, current_page );            if ( visibilityTestDiv ) {                visibilityTestDiv.parentNode.removeChild( visibilityTestDiv );            }        }        function debounce( func, wait, immediate ) {            var timeout;            return function() {                var context = this, args = arguments;                var later = function() {                    timeout = null;                    if ( !immediate ) func.apply( context, args );                };                var callNow = immediate && !timeout;                clearTimeout( timeout );                timeout = setTimeout( later, wait );                if ( callNow ) func.apply( context, args );            };        }        const debouncedTriggerPostRender = debounce( function() {            triggerPostRender();        }, 200 );        if ( visibilityTestDiv && visibilityTestDiv.offsetParent === null ) {            const observer = new MutationObserver( ( mutations ) => {                mutations.forEach( ( mutation ) => {                    if ( mutation.type === 'attributes' && visibilityTestDiv.offsetParent !== null ) {                        debouncedTriggerPostRender();                        observer.disconnect();                    }                });            });            observer.observe( document.body, {                attributes: true,                childList: false,                subtree: true,                attributeFilter: [ 'style', 'class' ],            });        } else {            triggerPostRender();        }    } );} );\n<\/script>\n<\/div>\n\n\n\n<div class=\"wp-block-column is-layout-flow wp-block-column-is-layout-flow\" style=\"flex-basis:42%\">\n<div class=\"wp-block-genesis-blocks-gb-container ebook-radius-waitlist gb-block-container\"><div class=\"gb-container-inside\"><div class=\"gb-container-content\"><div class=\"wp-block-image ebook-image\">\n<figure class=\"aligncenter size-large\"><img decoding=\"async\" src=\"https:\/\/loirelovers.fr\/wp-content\/uploads\/2023\/03\/ebooks_CorseNormandie_FR.png\" alt=\"Box Ebook Korsika DE\"\/><\/figure>\n<\/div><\/div><\/div><\/div>\n<\/div>\n<\/div>\n<\/div><\/div><\/div>\n\n<h2 class=\"wp-block-heading\">7. Der D-Day-Strand<\/h2>\n\n<figure class=\"wp-block-image size-large\"><img decoding=\"async\" src=\"https:\/\/photos.smugmug.com\/Provence-Lovers\/Saint-Rapha&#xEB;l\/n-rbrpSX\/Plage-Dramont\/i-WBJTSGZ\/1\/gjqtqTpZb4FwvK9JxMbVLB2rq2MK6jRgWzVmQ8nH\/L\/Plage-Dramont-Saint-Raphael-1-L.jpg\" alt=\"Strand der Landung - Saint-Rapha&#xEB;l\"\/><\/figure>\n\n<h3 class=\"wp-block-heading\">Warum wir ihn lieben<\/h3>\n\n<p>Der Strand von Dramont, der zu <a href=\"https:\/\/provencelovers.fr\/de\/schonste-strande-cote-azur\/\" target=\"_blank\" rel=\"noreferrer noopener\">den sch\u00f6nsten Str\u00e4nden der C\u00f4te d&#8217;Azur<\/a> geh\u00f6rt, ist ein perfekter Ort f\u00fcr Natur- und Geschichtsliebhaber. Wir erfuhren, dass an diesem Strand am 15. August 1944 amerikanische Soldaten landeten, um Frankreich zu befreien. Wir genossen die atemberaubende Aussicht auf den Weiler Dramont und die \u00cele d&#8217;Or. Dieser symboltr\u00e4chtige Strand von Saint-Rapha\u00ebl wird Sie mit seiner Ruhe und seiner nat\u00fcrlichen Sch\u00f6nheit auch in der Hochsaison im Sommer begeistern. Dieser Strand ist ideal f\u00fcr Familien.<\/p>\n\n<figure class=\"wp-block-image size-large\"><img decoding=\"async\" src=\"https:\/\/photos.smugmug.com\/Provence-Lovers\/Saint-Rapha&#xEB;l\/n-rbrpSX\/Plage-Dramont\/i-PngnvhW\/1\/D7BWpLjxXmhzND7QWT4sCgNqdrhRhfdWb2Rcq6CLF\/L\/Plage-Dramont-Saint-Raphael-2-L.jpg\" alt=\"Strand von Dramont\"\/><\/figure>\n\n<h3 class=\"wp-block-heading\">Zugang<\/h3>\n\n<ul class=\"wp-block-list\">\n<li>Der D-Day-Strand befindet sich auf der Route de la Corniche in Saint-Rapha\u00ebl.<\/li>\n\n\n\n<li>15 Autominuten vom Stadtzentrum von St-Rapha\u00ebl entfernt.<\/li>\n\n\n\n<li><strong>Mit dem Bus<\/strong>: Der Strand wird an der Haltestelle &#8222;Le Dramont&#8220; von den Buslinien 08, 21 des Verkehrsnetzes der Agglomeration bedient. Um Ihre Reiseroute zu planen, besuchen Sie bitte die offizielle Website des \u00f6ffentlichen Verkehrsnetzes<a href=\"https:\/\/www.esterelcotedazur-lebus.fr\/\" target=\"_blank\" rel=\"noreferrer noopener nofollow\">hier<\/a>.<br\/><strong>Mit dem Zug<\/strong>: Der SNCF-Bahnhof &#8222;Le Dramont&#8220; befindet sich nur wenige Meter vom Strand entfernt.<\/li>\n\n\n\n<li><strong>Parkplatz<\/strong>: In der N\u00e4he befindet sich ein Parkplatz, der in der Hochsaison geb\u00fchrenpflichtig ist.<\/li>\n<\/ul>\n\n<h3 class=\"wp-block-heading\">Praktische Informationen<\/h3>\n\n<ul class=\"wp-block-list\">\n<li>Der Strand wird im Sommer \u00fcberwacht und es gibt WCs und Duschen.<\/li>\n\n\n\n<li>Der Strand ist mit einer Mischung aus feinem Sand und Kieselsteinen geschm\u00fcckt.<\/li>\n\n\n\n<li>Das Gef\u00e4lle beim Eintritt in das Wasser ist sanft.<\/li>\n\n\n\n<li>Es gibt genug zu essen:<\/li>\n\n\n\n<li>Un stand de restauration rapide se trouve sur la plage.<br>Vous aurez aussi facilement acc\u00e8s \u00e0\n<ul class=\"wp-block-list\">\n<li>2 Restaurants: Das <em>Restaurant de la Plage du Dramont<\/em> und La <em>Rotisserie du S\u00e9maphore<\/em> sind weniger als 10 Minuten zu Fu\u00df entfernt.<\/li>\n\n\n\n<li>2 Minim\u00e4rkte befinden sich etwa 10 Minuten zu Fu\u00df vom Strand entfernt.<\/li>\n<\/ul>\n<\/li>\n\n\n\n<li>Haustiere sind nicht erlaubt.<\/li>\n<\/ul>\n\n<div class=\"wp-block-group\"><div class=\"wp-block-group__inner-container is-layout-constrained wp-block-group-is-layout-constrained\">\n<div style=\"margin-top:8%;margin-bottom:8%\" class=\"wp-block-genesis-blocks-gb-container box gb-block-container\"><div class=\"gb-container-inside\"><div class=\"gb-container-content\">\n<div class=\"wp-block-columns inverse is-layout-flex wp-container-core-columns-is-layout-9d6595d7 wp-block-columns-is-layout-flex\">\n<div class=\"wp-block-column texte_planif is-layout-flow wp-block-column-is-layout-flow\" style=\"flex-basis:58%\">\n<h5 class=\"titre_box\">Planen Sie Ihren Aufenthalt in <span class=\"titre_box_manuscrit\">Saint-Rapha\u00ebl<\/span><\/h5>\n\n\n\n<ul class=\"wp-block-list\">\n<li style=\"font-size:14px\"><a href=\"https:\/\/provencelovers.fr\/de\/sehenswurdigkeiten-saint-raphael-besuchen\/\" target=\"_blank\" rel=\"noreferrer noopener\">Sehensw\u00fcrdigkeiten in Saint-Rapha\u00ebl<\/a><\/li>\n\n\n\n<li style=\"font-size:14px\"><a href=\"https:\/\/provencelovers.fr\/de\/beste-hotels-saint-raphael-frejus-unterkunft-stadtteile\/\" target=\"_blank\" rel=\"noreferrer noopener\">Die besten Hotels in Saint-Rapha\u00ebl<\/a><\/li>\n\n\n\n<li style=\"font-size:14px\"><a href=\"https:\/\/provencelovers.fr\/de\/beste-restaurant-frejus-raphael-frejus-essengehen-bewertungen\/\" target=\"_blank\" rel=\"noreferrer noopener\">Beste Restaurants<\/a><\/li>\n\n\n\n<li style=\"font-size:14px\"><a href=\"https:\/\/provencelovers.fr\/de\/schonste-strande-saint-raphael\/\" target=\"_blank\" rel=\"noreferrer noopener\">Die sch\u00f6nsten Str\u00e4nde in Saint-Rapha\u00ebl<\/a><\/li>\n<\/ul>\n<\/div>\n\n\n\n<div class=\"wp-block-column ville-radius is-layout-flow wp-block-column-is-layout-flow\" style=\"flex-basis:42%\">\n<figure class=\"wp-block-image size-large is-resized img-portrait\"><img decoding=\"async\" src=\"https:\/\/photos.smugmug.com\/Provence-Lovers\/Best-of\/n-PbwqvZ\/Villes\/i-X4S9ppZ\/0\/2d9accd7\/S\/Saint_Raphael-S.jpg\" alt=\"Saint-Rapha&#xEB;l\" style=\"object-fit:contain;width:319px;height:303px\" title=\"\"\/><\/figure>\n<\/div>\n<\/div>\n<\/div><\/div><\/div>\n<\/div><\/div>\n\n<h2 class=\"wp-block-heading\">Die Str\u00e4nde der Calanques de l&#8217;Est\u00e9rel (30min von Saint-Rapha\u00ebl entfernt)<\/h2>\n\n<p>Wir liebten es, die Calanques zu erkunden, ein wahres Juwel der C\u00f4te d&#8217;Azur: das Massif de l&#8217;Esterel. Sein Besuch geh\u00f6rt zu <a href=\"https:\/\/provencelovers.fr\/de\/sehenswurdigkeiten-cote-azur-besuchen\/\" target=\"_blank\" rel=\"noreferrer noopener\">den Aktivit\u00e4ten, die man an der C\u00f4te d&#8217;Azur unbedingt machen sollte!<\/a> Die Landschaft hat uns verzaubert! Sie k\u00f6nnen die roten Felsen bewundern, die einen starken Kontrast zum t\u00fcrkisfarbenen Wasser des Meeres in der N\u00e4he bilden. Die Wanderwege sind f\u00fcr alle Niveaus geeignet und bieten atemberaubende Aussichten.<br\/>Beachten Sie, dass das Baden in allen Calanques der Region nicht \u00fcberwacht wird, daher ist es wichtig, die notwendigen Vorsichtsma\u00dfnahmen zu treffen.<\/p>\n\n<figure class=\"wp-block-image size-large\"><img decoding=\"async\" src=\"https:\/\/photos.smugmug.com\/Provence-Lovers\/Saint-Rapha&#xEB;l\/n-rbrpSX\/Massif-de-LEsterel\/i-qWG4CRB\/1\/DxG3kkWhcpNzBRsHvPfFgWc4RNnHRczCkB8X32Xbv\/L\/Esterel-excursion-bateau-Saint-Raphael-2-L.jpg\" alt=\"Esterel-Massiv\"\/><\/figure>\n\n<p>Hier sind einige der wundersch\u00f6nen Calanques des vulkanischen Esterel-Massivs, die Sie von Saint-Rapha\u00ebl aus besuchen k\u00f6nnen:<\/p>\n\n<h3 class=\"wp-block-heading\">Die Calanque d&#8217;Anth\u00e9or<\/h3>\n\n<p>Am Fu\u00dfe des Anth\u00e9or-Viadukts liegt die gleichnamige Calanque, die feinen Sand und gezackte Felsen miteinander verbindet. Es ist wieder ein sch\u00f6ner Strand mit den charakteristischen Farben der Esterel-Region. Er liegt in einer st\u00e4dtischen Landschaft und ist leicht zug\u00e4nglich, aber weniger wild als seine Nachbarn, die weiter unten beschrieben werden. Wir fanden sie jedoch sehr charmant. Achten Sie auf die Besucherzahlen im Sommer, die aufgrund der N\u00e4he zu einigen Campingpl\u00e4tzen sehr hoch sein k\u00f6nnen.<\/p>\n\n<figure class=\"wp-block-image size-large\"><img decoding=\"async\" src=\"https:\/\/photos.smugmug.com\/Provence-Lovers\/Saint-Rapha&#xEB;l\/n-rbrpSX\/Calanques-Esterel\/i-JJvn7cz\/0\/FQrJ9BX9pgtVHZwpHhbSPRfwQgJDbpmgBH5FdznNz\/L\/st-rapahel-calanque-antheor-1-L.jpg\" alt=\"Die Calanque d'Anth&#xE9;or\"\/><\/figure>\n\n<h3 class=\"wp-block-heading\">Die Calanque de Maubois<\/h3>\n\n<p>Die Calanque de Maubois liegt zwischen Agay und Saint-Rapha\u00ebl. Er ist einer der gr\u00f6\u00dften in der Region. Der Kontrast zwischen den roten Felsen des Esterel-Massivs und der \u00fcppigen Vegetation hat uns sehr gut gefallen. Diese Bucht vermittelte uns ein Gef\u00fchl der Abwechslung.<\/p>\n\n<figure class=\"wp-block-image size-large\"><img decoding=\"async\" src=\"https:\/\/photos.smugmug.com\/Provence-Lovers\/Saint-Rapha&#xEB;l\/n-rbrpSX\/Calanques-Esterel\/i-fnzBjkW\/0\/DKtTbMrK42sGBQgPN796WCSPZjS7CxZkNSvM2jfDN\/L\/st-rapahel-calanque-maubois-L.jpg\" alt=\"Die Calanque de Maubois\"\/><\/figure>\n\n<h3 class=\"wp-block-heading\">Die Calanque du Petit Caneiret<\/h3>\n\n<p>Die Calanque du Petit Caneiret ist eine Oase der Ruhe mit einem wilden Charakter. Uns gefiel das Bild, das der rote Kieselstrand mit dem t\u00fcrkisfarbenen Wasser des Mittelmeers bot. Diese fast unber\u00fchrte Bucht ist \u00fcber einen kleinen Pfad erreichbar und ein idealer Ort, um sich zu entspannen, die Sch\u00f6nheit der Landschaft zu genie\u00dfen und zu schnorcheln.<\/p>\n\n<figure class=\"wp-block-image size-large\"><img decoding=\"async\" src=\"https:\/\/photos.smugmug.com\/Provence-Lovers\/Saint-Rapha&#xEB;l\/n-rbrpSX\/Calanques-Esterel\/i-2pMsRsC\/0\/FFpm8pbpG4F73wLxSSdGJ8X4HvGnxMbc4zPNmph8R\/L\/st-rapahel-calanque-petit-caneiret-L.jpg\" alt=\"Die Calanque du Petit Caneiret\"\/><\/figure>\n\n<h3 class=\"wp-block-heading\">Die Calanque von Saint-Barth\u00e9lemy<\/h3>\n\n<p>Wir entdeckten die Calanque de Saint-Barth\u00e9lemy, ein verstecktes Juwel inmitten von Strandkiefern und den roten Felsen des Esterel-Gebirges. Der Strand mit seinen kleinen roten Kieselsteinen bietet einen einzigartigen Rahmen und wir fanden hier eine friedliche Atmosph\u00e4re.<\/p>\n\n<figure class=\"wp-block-image size-large\"><img decoding=\"async\" src=\"https:\/\/photos.smugmug.com\/Provence-Lovers\/Saint-Rapha&#xEB;l\/n-rbrpSX\/Calanques-Esterel\/i-mzCNgqf\/0\/FVk5jZ4MHQCQ4Dv6HxgXp2FBb3rSZ8rPwh85D7nK9\/L\/st-rapahel-calanque-saint-barthelemy-L.jpg\" alt=\"Die Calanque von Saint-Barth&#xE9;lemy\"\/><\/figure>\n\n<h3 class=\"wp-block-heading\">Andere Calanques de l&#8217;Est\u00e9rel:<\/h3>\n\n<ul class=\"wp-block-list\">\n<li>Calanque des Anglais<\/li>\n\n\n\n<li>Calanque de l&#8217;Ile des Vieilles (Bucht der Insel der Alten)<\/li>\n\n\n\n<li>Calanque de Maupas<\/li>\n\n\n\n<li>Calanque d&#8217;Aurelle<\/li>\n\n\n\n<li>Calanque du Fournas<\/li>\n<\/ul>\n\n<figure class=\"wp-block-image size-large\"><img decoding=\"async\" src=\"https:\/\/photos.smugmug.com\/Provence-Lovers\/Saint-Rapha&#xEB;l\/n-rbrpSX\/Calanques-Esterel\/i-F8rZZCn\/0\/CzNVB8bcXw5vDH4zJhSQRJws9XHN8WRHqJLKsKk9N\/L\/st-rapahel-calanque-antheor-L.jpg\" alt=\"Die Calanque d'Anth&#xE9;or\"\/><\/figure>\n\n<h2 class=\"wp-block-heading\">Andere Str\u00e4nde zwischen Saint-Rapha\u00ebl und Agay<\/h2>\n\n<ul class=\"wp-block-list\">\n<li><strong>Plage de la P\u00e9gui\u00e8re<\/strong>: Familienfreundliche Oase der Ruhe mit feinem Sand und Sommeraufsicht.<\/li>\n\n\n\n<li><strong>Plage d&#8217;Ar\u00e8ne Grosse<\/strong>: Neben dem Hafen von Boulouris gelegen, gibt es hier einige Restaurants.<\/li>\n\n\n\n<li><strong>Plage de la Tortue<\/strong>: Der Strand liegt in der N\u00e4he des Strandes von Ar\u00e8ne Grosse<em> und <\/em>bietet eine angenehme Umgebung. Hier k\u00f6nnen Sie einen sch\u00f6nen Spaziergang am Rande eines Pinienwaldes mit Blick auf die \u00cele d&#8217;Or und den Weiler Dramont machen.<\/li>\n\n\n\n<li>Strand <strong>Val Fleuri<\/strong>: Dieser Strand ist in zwei Abschnitte unterteilt, wobei der eine mehr besucht wird und der andere wilder ist. Auf der zweiten Seite befindet sich eine Art nat\u00fcrlicher Pool, der von Felsen geschaffen wurde.<\/li>\n\n\n\n<li><strong>Plage de la Pescade<\/strong>: An diesem sch\u00f6nen Strand k\u00f6nnen Sie den Schatten des angrenzenden Pinienwaldes genie\u00dfen.<\/li>\n\n\n\n<li><strong>Plage de la Garde Vieille<\/strong>: ein Kiesstrand mit einem nat\u00fcrlichen Pool, der in den Felsen geformt wurde.<\/li>\n\n\n\n<li><strong>Strand von Aiguemarine<\/strong>: eher f\u00fcr Wassersportaktivit\u00e4ten geeignet.<\/li>\n\n\n\n<li><strong>Strand von Pierre Blave<\/strong>: Der originelle <strong>Strand<\/strong> ist durch ein Restaurant in zwei Teile geteilt.<\/li>\n<\/ul>\n\n<figure class=\"wp-block-image size-large\"><img decoding=\"async\" src=\"https:\/\/photos.smugmug.com\/Provence-Lovers\/Saint-Rapha&#xEB;l\/n-rbrpSX\/Ville\/i-LC9N3bM\/0\/FB4nw4GqPGxXCk2z6hkhmrt8xwSKDPc3zRwpdsThp\/L\/plage%20st%20raphael-L.jpg\" alt=\"Strand St Raphael\"\/><\/figure>\n\n<h2 class=\"wp-block-heading\">H\u00e4ufig gestellte Fragen<\/h2>\n\n<h3 class=\"wp-block-heading\"><strong>Welche sind die besten Str\u00e4nde f\u00fcr Kinder in Saint-Rapha\u00ebl?<\/strong><\/h3>\n\n<p>Hier finden Sie familienfreundliche Str\u00e4nde, die alle Annehmlichkeiten bieten, die Sie f\u00fcr einen entspannten und angenehmen Tag am Meer ben\u00f6tigen:<\/p>\n\n<ul class=\"wp-block-list\">\n<li>Strand von Ar\u00e8ne Grosse<\/li>\n\n\n\n<li>Strand von Agay<\/li>\n\n\n\n<li>Strand von La Beaumette<\/li>\n\n\n\n<li>Strand von La P\u00e9gui\u00e8re<\/li>\n\n\n\n<li>Strand der Landung<\/li>\n\n\n\n<li>Strand von Veillat<\/li>\n<\/ul>\n\n<figure class=\"wp-block-image size-large\"><img decoding=\"async\" src=\"https:\/\/photos.smugmug.com\/Provence-Lovers\/Saint-Rapha&#xEB;l\/n-rbrpSX\/Plage-Agay\/i-MGmBfvN\/0\/D4PLgTgSSfgDj7pfspjLmmStpQ7PJWBKhxPF8PFft\/L\/st-rapahel-plage%20agay-L.jpg\" alt=\"Strand von Agay\"\/><figcaption class=\"wp-element-caption\">Strand von Agay<\/figcaption><\/figure>\n\n<h3 class=\"wp-block-heading\"><strong>Gibt es FKK-Str\u00e4nde in Saint-Rapha\u00ebl?<\/strong><\/h3>\n\n<p>Ja, hier sind die Str\u00e4nde, an denen FKK erlaubt ist:<\/p>\n\n<ul class=\"wp-block-list\">\n<li>Strand von Esclamandes<\/li>\n\n\n\n<li>Strand Rochers du Dramont<\/li>\n\n\n\n<li>Strand von Cap Roux<\/li>\n<\/ul>\n\n<h3 class=\"wp-block-heading\"><strong>Welche Str\u00e4nde werden in Saint-Rapha\u00ebl \u00fcberwacht?<\/strong><\/h3>\n\n<p>Die bewachten Str\u00e4nde in Saint-Rapha\u00ebl zwischen Anfang Juni und Mitte September sind wie folgt:<\/p>\n\n<ul class=\"wp-block-list\">\n<li>Strand von Veillat<strong> <\/strong><\/li>\n\n\n\n<li>Strand Beaurivage<\/li>\n\n\n\n<li>Strand von Agay<\/li>\n\n\n\n<li>Strand von Lido<\/li>\n\n\n\n<li>Strand von La P\u00e9gui\u00e8re<\/li>\n\n\n\n<li>Strand von Dramont<\/li>\n<\/ul>\n\n<figure class=\"wp-block-image size-large\"><img decoding=\"async\" src=\"https:\/\/photos.smugmug.com\/Provence-Lovers\/Saint-Rapha&#xEB;l\/n-rbrpSX\/Plage-Dramont\/i-vjFsgn4\/1\/8qMFtV26ZqWQXXh8RLZLN6pTn3rdxvHd523zNZrq\/L\/Plage-Dramont-Saint-Raphael-L.jpg\" alt=\"Strand von Dramont\"\/><figcaption class=\"wp-element-caption\">Strand von Dramont<\/figcaption><\/figure>\n\n<h3 class=\"wp-block-heading\">Welche Str\u00e4nde sind in Saint-Rapha\u00ebl f\u00fcr Hunde erlaubt?<\/h3>\n\n<p>Alle Str\u00e4nde von Saint-Rapha\u00ebl sind leider f\u00fcr Hunde verboten. Sie k\u00f6nnen jedoch auf den Abschnitten zwischen den Str\u00e4nden mit Ihrem Hund spazieren gehen. Ansonsten finden Sie hier einige Str\u00e4nde in der Umgebung, an denen Ihr vierbeiniger Freund willkommen ist:<\/p>\n\n<ul class=\"wp-block-list\">\n<li>Pacha-Strand in Fr\u00e9jus<\/li>\n\n\n\n<li>Strand von Esclamandes, Fr\u00e9jus<\/li>\n\n\n\n<li>Plage de la Gaillarde Ouest, in Roquebrune-sur-Argens<\/li>\n<\/ul>\n\n<h3 class=\"wp-block-heading\">Wann kann man in Saint-Rapha\u00ebl baden?<\/h3>\n\n<p>Saint-Rapah\u00ebl hat ein mildes bis warmes Mittelmeerklima. Die Wassertemperatur f\u00e4llt selbst im tiefsten Winter nicht unter 13\u00b0. Das Baden ist jedoch zwischen Juni und Oktober empfehlenswert. W\u00e4hrend der Sommersaison erw\u00e4rmt sich das Mittelmeer auf bis zu 26 Grad. Sie k\u00f6nnen also das ganze Jahr \u00fcber an der C\u00f4te d&#8217;Azur baden. Ein kleiner Tipp: W\u00e4hlen Sie eine Kombination in der Nebensaison!<\/p>\n\n<figure class=\"wp-block-image size-large\"><img decoding=\"async\" src=\"https:\/\/photos.smugmug.com\/Provence-Lovers\/Saint-Rapha&#xEB;l\/n-rbrpSX\/Jardin-Bonaparte\/i-gsPWM95\/1\/CsC4cV6kKnCtXDMgMH4Z69VGvBGvLPd6Q59sxzQdS\/L\/Jardin-Bonaparte-Saint-Raphael-1-L.jpg\" alt=\"Blick auf den Jardin Bonaparte, Saint-Rapha&#xEB;l\"\/><figcaption class=\"wp-element-caption\">Blick auf den Jardin Bonaparte, Saint-Rapha\u00ebl<\/figcaption><\/figure>\n\n<h3 class=\"wp-block-heading\">Privatstr\u00e4nde in Saint-Rapha\u00ebl<\/h3>\n\n<p>Saint-Rapha\u00ebl ist ein beliebter Badeort an der C\u00f4te d&#8217;Azur, der f\u00fcr seine sch\u00f6nen Sandstr\u00e4nde und das kristallklare Wasser bekannt ist. Neben den \u00f6ffentlichen Str\u00e4nden bietet die Stadt auch eine Auswahl an Privatstr\u00e4nden f\u00fcr diejenigen, die etwas mehr Komfort und Luxus suchen. Diese Privatstr\u00e4nde bieten exklusive Dienstleistungen wie Liegest\u00fchle, Sonnenschirme, Duschen und Umkleider\u00e4ume sowie einen direkten Zugang zum Meer. Sie sind oft mit einem Restaurant ausgestattet, von dem aus Sie einen herrlichen Blick auf das Meer haben.  <\/p>\n\n<figure class=\"wp-block-image size-large\"><img decoding=\"async\" src=\"https:\/\/photos.smugmug.com\/Provence-Lovers\/Saint-Rapha&#xEB;l\/n-rbrpSX\/Plage-du-Veillat\/i-TMJGHtd\/1\/D2q3gkTTZmgJffRhT8kHkztDXGLNkG45m6VxjFmvf\/L\/Plage-Veillat-Saint-Raphael-2-L.jpg\" alt=\"Strand von Veillat\"\/><\/figure>\n\n<p>Wir haben f\u00fcr Sie die besten Privatstr\u00e4nde in Saint-Rapha\u00ebl ausgew\u00e4hlt:<\/p>\n\n<ul class=\"wp-block-list\">\n<li><strong>Plage de l&#8217;\u00cele d&#8217;Or<\/strong>: Am Landungsstrand, Restaurant mit Liegest\u00fchlen direkt am Wasser, mit Blick auf die \u00cele d&#8217;Or.<\/li>\n\n\n\n<li><strong>Club Agathos&#8220;:<\/strong> Restaurant mit gehobener K\u00fcche und Liegest\u00fchlen, um den Strand zu genie\u00dfen. Wenn Sie in einer au\u00dfergew\u00f6hnlichen Umgebung in der N\u00e4he dieses Strandes wohnen m\u00f6chten, empfehlen wir Ihnen das <a href=\"https:\/\/www.booking.com\/hotel\/fr\/residence-agathos.fr.html?aid=2319618\" target=\"_blank\" rel=\"noreferrer noopener sponsored nofollow\">Agathos Residence mit seinem riesigen Garten am Strand<\/a>.<\/li>\n\n\n\n<li><strong>Plage du Rocher<\/strong>: In der Bucht von Veillat, im Herzen von Saint-Rapha\u00ebl, k\u00f6nnen Sie im Schatten der Palmen faulenzen.<\/li>\n\n\n\n<li><strong>Sandy Plage<\/strong>: Im Zentrum von St. Raphael bietet dieser Privatstrand Liegest\u00fchle, Restaurants und alle Einrichtungen f\u00fcr einen komfortablen Tag am Strand.<\/li>\n\n\n\n<li><strong>Plage du Maobi<\/strong>: In der Bucht von Agay gelegen, genie\u00dfen Sie diesen Privatstrand mit Bar und Restaurant zum Sonnenbaden mit Blick auf das Massif de l&#8217;Esterel.<\/li>\n\n\n\n<li><strong>Malibu Beach<\/strong>: Entspannen Sie sich und denken Sie an den Planeten in diesem Dekor im polynesischen Stil, das aus nachhaltigen und wiederverwertbaren Materialien gebaut wurde.<\/li>\n<\/ul>\n\n<div style=\"margin-top:8%;margin-bottom:8%\" class=\"wp-block-genesis-blocks-gb-container box gb-block-container\"><div class=\"gb-container-inside\"><div class=\"gb-container-content\" style=\"max-width:700px\">\n<div class=\"wp-block-genesis-blocks-gb-container box_titre gb-block-container\"><div class=\"gb-container-inside\"><div class=\"gb-container-content\">\n<h5 class=\"titre_box\" style=\"padding-top:10px;\">PLANEN SIE IHRE REISE AN DIE <span class=\"titre_box_manuscrit\">C\u00f4te d&#8217;Azur<\/span><\/h5>\n<\/div><\/div><\/div>\n\n\n\n<hr class=\"wp-block-separator has-text-color has-alpha-channel-opacity has-background is-style-wide hr-box-planif\" style=\"background-color:#ccd3dd;color:#ccd3dd\"\/>\n\n\n\n<div class=\"wp-block-columns box_sans_border is-layout-flex wp-container-core-columns-is-layout-9d6595d7 wp-block-columns-is-layout-flex\">\n<div class=\"wp-block-column texte_planif is-layout-flow wp-block-column-is-layout-flow\" style=\"font-size:14px;flex-basis:60%\">\n<ul class=\"wp-block-list\">\n<li><strong>Inspiration<\/strong><\/li>\n<\/ul>\n\n\n\n<p style=\"font-size:14px\"><a href=\"https:\/\/provencelovers.fr\/de\/schonste-landschaften-cote-azur-fotos\/\" target=\"_blank\" rel=\"noreferrer noopener\">Die sch\u00f6nsten Landschaften in 30 Fotos<\/a><br\/><a href=\"https:\/\/provencelovers.fr\/de\/sehenswurdigkeiten-cote-azur-besuchen\/\" target=\"_blank\" rel=\"noreferrer noopener\">C\u00f4te d&#8217;Azur Sehensw\u00fcrdigkeiten<\/a><br\/><a href=\"https:\/\/provencelovers.fr\/de\/schonste-dorfer-cote-azur\/\" target=\"_blank\" rel=\"noreferrer noopener\">Die sch\u00f6nsten D\u00f6rfer<\/a><br\/><a href=\"https:\/\/provencelovers.fr\/de\/schonste-strande-cote-azur\/\" target=\"_blank\" rel=\"noreferrer noopener\">Die besten Str\u00e4nde an der C\u00f4te d&#8217;Azur<\/a><br\/><a href=\"https:\/\/provencelovers.fr\/de\/schonste-garten-cote-azur\/\" target=\"_blank\" rel=\"noreferrer noopener\">Die sch\u00f6nsten G\u00e4rten<\/a><br\/>Beste Bootstouren (in K\u00fcrze)<br\/><a href=\"https:\/\/provencelovers.fr\/de\/inseln-cote-azur\/\" target=\"_blank\" rel=\"noreferrer noopener\">Die sch\u00f6nsten Inseln<\/a><br\/><a href=\"https:\/\/provencelovers.fr\/de\/geheime-tipps-cote-azur-orte\/\" target=\"_blank\" rel=\"noreferrer noopener\">Geheime Orte<\/a><\/p>\n<\/div>\n\n\n\n<div class=\"wp-block-column is-vertically-aligned-top planif-radius is-layout-flow wp-block-column-is-layout-flow\" style=\"flex-basis:40%\">\n<figure class=\"wp-block-image size-large img-portrait\"><img decoding=\"async\" src=\"https:\/\/photos.smugmug.com\/Provence-Lovers\/Antibes\/n-mKVLR5\/Port-Ponteil\/i-38NGtcB\/0\/f2464217\/S\/plage_ponteil_vue-S.jpg\" alt=\"Antibes und die Berge\" title=\"\"\/><\/figure>\n<\/div>\n<\/div>\n\n\n\n<hr class=\"wp-block-separator has-text-color has-alpha-channel-opacity has-background is-style-wide hr-box-planif\" style=\"background-color:#ccd3dd;color:#ccd3dd\"\/>\n\n\n\n<div class=\"wp-block-columns box_sans_border is-layout-flex wp-container-core-columns-is-layout-9d6595d7 wp-block-columns-is-layout-flex\">\n<div class=\"wp-block-column texte_planif is-layout-flow wp-block-column-is-layout-flow\" style=\"font-size:14px;flex-basis:60%\">\n<ul class=\"wp-block-list\">\n<li><strong>Praktische Ratschl\u00e4ge<\/strong><\/li>\n<\/ul>\n\n\n\n<p style=\"font-size:14px\">Erfolgreiche Reise an die C\u00f4te d&#8217;Azur (in K\u00fcrze)<br\/><a href=\"https:\/\/provencelovers.fr\/de\/mietwagen-provence-erfahrungen\/\">Autovermietung in der Provence<\/a> &#8211; in <a href=\"https:\/\/provencelovers.fr\/de\/mietwagen-nizza-fughafen-bahnof-erfahrungen\/\">Nizza<\/a> &#8211; in <a href=\"https:\/\/provencelovers.fr\/de\/mietwagen-cannes-bahnof-erfahrungen\/\">Cannes<\/a> &#8211; in <a href=\"https:\/\/provencelovers.fr\/de\/mietwagen-marseille-flughafen-bahnof-erfahrungen\/\">Marseille<\/a> &#8211; in <a href=\"https:\/\/provencelovers.fr\/de\/mietwagen-aix-provence-bahnof-erfahrungen\/\">Aix-en-Provence<\/a>.<\/p>\n\n\n\n<p style=\"font-size:14px\">Reiseverlauf: <a href=\"https:\/\/provencelovers.fr\/de\/besuchen-cote-azur-5-tage-reiseroute\/\" target=\"_blank\" rel=\"noreferrer noopener\">5 Tage<\/a> &#8211; <a href=\"https:\/\/provencelovers.fr\/de\/besuch-cote-azur-eine-woche-reiseroute\/\" target=\"_blank\" rel=\"noreferrer noopener\">1 Woche<\/a> &#8211; <a href=\"https:\/\/provencelovers.fr\/de\/10-tage-cote-azur-roadtrip-reiseroute\/\" target=\"_blank\" rel=\"noreferrer noopener\">10 Tage<\/a><br\/>Wochenend-Specials: Best-of &#8211; <a href=\"https:\/\/provencelovers.fr\/de\/wochenende-romantisches-cote-azur\/\" target=\"_blank\" rel=\"noreferrer noopener\">romantisch<\/a> &#8211; <a href=\"https:\/\/provencelovers.fr\/de\/wochenende-luxus-cote-azur\/\" target=\"_blank\" rel=\"noreferrer noopener\">Luxus<\/a> &#8211; <a href=\"https:\/\/provencelovers.fr\/de\/wochenende-ungewohnlich-cote-azur\/\" target=\"_blank\" rel=\"noreferrer noopener\">ungew\u00f6hnlich<\/a><\/p>\n<\/div>\n\n\n\n<div class=\"wp-block-column is-vertically-aligned-top planif-radius is-layout-flow wp-block-column-is-layout-flow\" style=\"flex-basis:40%\">\n<figure class=\"wp-block-image size-large img-portrait\"><img decoding=\"async\" src=\"https:\/\/photos.smugmug.com\/Provence-Lovers\/Nice\/n-wSXLpq\/Gare\/i-b5C5b9P\/0\/d153a796\/S\/gare-tgv-nice-train-S.jpg\" alt=\"Bahnhof Nizza\" title=\"\"\/><\/figure>\n<\/div>\n<\/div>\n\n\n\n<hr class=\"wp-block-separator has-text-color has-alpha-channel-opacity has-background is-style-wide hr-box-planif\" style=\"background-color:#ccd3dd;color:#ccd3dd\"\/>\n\n\n\n<div class=\"wp-block-columns box_sans_border is-layout-flex wp-container-core-columns-is-layout-9d6595d7 wp-block-columns-is-layout-flex\">\n<div class=\"wp-block-column texte_planif is-layout-flow wp-block-column-is-layout-flow\" style=\"flex-basis:60%\">\n<ul class=\"wp-block-list\">\n<li><strong>Wo \u00fcbernachten<\/strong><\/li>\n<\/ul>\n\n\n\n<p style=\"font-size:14px\"><a href=\"https:\/\/provencelovers.fr\/de\/wo-ubernachten-cote-azur-beste-urlaubsorte\/\" target=\"_blank\" rel=\"noreferrer noopener\">Wo kann man an der C\u00f4te d&#8217;Azur \u00fcbernachten?<\/a><br\/><a href=\"https:\/\/provencelovers.fr\/de\/beste-5-sterne-hotels-cote-azur-luxus-bewertungen\/\" target=\"_blank\" rel=\"noreferrer noopener\">Die besten Luxushotels an der C\u00f4te d&#8217;Azur<\/a><br\/><a href=\"https:\/\/provencelovers.fr\/de\/beste-strand-hotel-meer-cote-azur\/\" target=\"_blank\" rel=\"noreferrer noopener\">Hotels am Meer<\/a><br\/><a href=\"https:\/\/provencelovers.fr\/de\/beste-boutique-hotels-cote-azur-charme\/\" target=\"_blank\" rel=\"noreferrer noopener\">Beste Boutique-Hotels<\/a><\/p>\n<\/div>\n\n\n\n<div class=\"wp-block-column is-vertically-aligned-top planif-radius is-layout-flow wp-block-column-is-layout-flow\" style=\"flex-basis:40%\">\n<figure class=\"wp-block-image size-large img-portrait\"><img decoding=\"async\" src=\"https:\/\/photos.smugmug.com\/Provence-Lovers\/Nice\/H&#xF4;tels\/n-vLRxMK\/H&#xF4;tel-Anantara-Plaza-Nice\/i-2LsgGht\/1\/4997b805\/S\/Hotel-Anantara-Plaza-Nice-vue-mer-terrasse-restaurant-S.jpg\" alt=\"\" title=\"\"\/><\/figure>\n<\/div>\n<\/div>\n\n\n\n<hr class=\"wp-block-separator has-text-color has-alpha-channel-opacity has-background is-style-wide hr-box-planif\" style=\"background-color:#ccd3dd;color:#ccd3dd\"\/>\n\n\n\n<div class=\"wp-block-columns box_sans_border is-layout-flex wp-container-core-columns-is-layout-9d6595d7 wp-block-columns-is-layout-flex\">\n<div class=\"wp-block-column texte_planif is-layout-flow wp-block-column-is-layout-flow\" style=\"flex-basis:60%\">\n<ul class=\"wp-block-list\">\n<li><strong>Die unumg\u00e4nglichen<\/strong><\/li>\n<\/ul>\n\n\n\n<p style=\"font-size:14px\"><a href=\"https:\/\/provencelovers.fr\/de\/nizza-sehenswurdigkeiten\/\" target=\"_blank\" rel=\"noreferrer noopener\">Nizza Sehensw\u00fcrdigkeiten<\/a><br\/><a href=\"https:\/\/provencelovers.fr\/de\/sehenswurdigkeiten-cannes-frankreich-besuchen\/\" target=\"_blank\" rel=\"noreferrer noopener\">Cannes Sehensw\u00fcrdigkeiten<\/a><br\/><a href=\"https:\/\/provencelovers.fr\/de\/sehenswurdigkeiten-antibes-frankreich-besuchen\/\" target=\"_blank\" rel=\"noreferrer noopener\">Antibes Sehensw\u00fcrdigkeiten<\/a><br\/><a href=\"https:\/\/provencelovers.fr\/de\/sehenswurdigkeiten-monaco-besuchen\/\">Monaco Sehensw\u00fcrdigkeiten<\/a><br\/><a href=\"https:\/\/provencelovers.fr\/de\/sehenswurdigkeiten-saint-tropez-besuchen\/\" target=\"_blank\" rel=\"noreferrer noopener\">Saint-Tropez Sehensw\u00fcrdigkeiten<\/a><br\/><a href=\"https:\/\/provencelovers.fr\/de\/sehenswurdigkeiten-cassis-besuchen\/\" target=\"_blank\" rel=\"noreferrer noopener\">Sehensw\u00fcrdigkeiten in Cassis<\/a><br\/><a href=\"https:\/\/provencelovers.fr\/de\/sehenswurdigkeiten-la-ciotat-besuchen\/\">La Ciotat Sehensw\u00fcrdigkeiten<\/a><br\/><a href=\"https:\/\/provencelovers.fr\/de\/sehenswurdigkeiten-dorf-eze-besuchen\/\">Dorf \u00c8ze<\/a><\/p>\n<\/div>\n\n\n\n<div class=\"wp-block-column is-vertically-aligned-top planif-radius is-layout-flow wp-block-column-is-layout-flow\" style=\"flex-basis:40%\">\n<figure class=\"wp-block-image size-large img-portrait\"><img decoding=\"async\" src=\"https:\/\/photos.smugmug.com\/Provence-Lovers\/Antibes\/n-mKVLR5\/Port-dAntibes\/i-nX9XG8L\/0\/feace0c9\/S\/nomade-port-antibes-S.jpg\" alt=\"Stadtmauer Antibes\" title=\"\"\/><\/figure>\n<\/div>\n<\/div>\n\n\n\n<div class=\"wp-block-buttons planif_bouton is-content-justification-center is-layout-flex wp-container-core-buttons-is-layout-16018d1d wp-block-buttons-is-layout-flex\">\n<div class=\"wp-block-button has-custom-font-size\" style=\"font-size:14px\"><a class=\"wp-block-button__link has-white-color has-text-color wp-element-button\" style=\"border-radius:4px\">Alle unsere Tipps (in K\u00fcrze)<img loading=\"lazy\" decoding=\"async\" width=\"16\" height=\"17\" class=\"wp-image-2851\" style=\"width: 16px;\" src=\"https:\/\/provencelovers.fr\/wp-content\/uploads\/2023\/08\/ArrowRight.webp\" alt=\"\"\/><\/a><\/div>\n<\/div>\n<\/div><\/div><\/div>\n\n<div class=\"wp-block-genesis-blocks-gb-container box_auteur_voyage gb-block-container\"><div class=\"gb-container-inside\"><div class=\"gb-container-content\">\n<figure class=\"wp-block-image size-large img_auteur_voyage img_provisoire\"><a href=\"https:\/\/provencelovers.fr\/de\/claire-robinson\/\" target=\"_blank\" rel=\"noreferrer noopener\"><img decoding=\"async\" src=\"https:\/\/photos.smugmug.com\/Region-Lovers\/Equipe\/i-nsNF6C6\/0\/Cs2F5n96pkt9xFD9D3SVqmQspMhrKgN75nHgBqmjG\/L\/Claire-L.png\" alt=\"\"\/><\/a><\/figure>\n\n\n\n<h5 class=\"titre_auteur_voyage\"><span>SIE HAT DIE REISE GEMACHT <\/span><span class=\"titre_box_manuscrit\">Claire<\/span><\/h5>\n<\/div><\/div><\/div>\n\n<div class=\"wp-block-genesis-blocks-gb-container box_auteur_voyage gb-block-container\"><div class=\"gb-container-inside\"><div class=\"gb-container-content\">\n<figure class=\"wp-block-image size-large img_auteur_voyage img_provisoire\"><a href=\"https:\/\/provencelovers.fr\/de\/morgane-mazelier\/\" target=\"_blank\" rel=\"noreferrer noopener\"><img decoding=\"async\" src=\"https:\/\/photos.smugmug.com\/Region-Lovers\/Equipe\/i-kx84ZJX\/0\/FgG3Lb9Xx2HBStC6R3PNXZZNj2Vvkx9vZBxQFL7NJ\/L\/morgane-L.jpg\" alt=\"\"\/><\/a><\/figure>\n\n\n\n<h5 class=\"titre_auteur_voyage\"><span>SIE HAT DEN ARTIKEL \n GESCHRIEBEN.  <\/span><span class=\"titre_box_manuscrit\">Morgane<\/span><\/h5>\n<\/div><\/div><\/div>\n","protected":false},"excerpt":{"rendered":"<p>Als wir Saint-Rapha\u00ebl erkundeten, wurden wir von dem Mosaik aus Blau, Rot und Gr\u00fcn verzaubert. Das kristallklare Wasser seiner Str\u00e4nde vor den steilen, ockerfarbenen Klippen des Esterelgebirges bietet ein einzigartiges Schauspiel. Die sonnenverw\u00f6hnten Calanques ziehen viele Reisende an. Ob Sie einen goldenen Sandstrand, eine abgelegene Bucht oder eine schwer zug\u00e4ngliche Calanque suchen, St-Rapha\u00ebl hat f\u00fcr [&hellip;]<\/p>\n","protected":false},"author":12,"featured_media":10695,"comment_status":"closed","ping_status":"closed","sticky":false,"template":"","format":"standard","meta":{"_genesis_hide_title":false,"_genesis_hide_breadcrumbs":false,"_genesis_hide_singular_image":false,"_genesis_hide_footer_widgets":false,"_genesis_custom_body_class":"","_genesis_custom_post_class":"","_genesis_layout":"","footnotes":""},"categories":[187],"tags":[],"class_list":{"0":"post-10825","1":"post","2":"type-post","3":"status-publish","4":"format-standard","5":"has-post-thumbnail","7":"category-saint-raphael-frejus-und-umgebung","8":"entry"},"yoast_head":"<!-- This site is optimized with the Yoast SEO plugin v27.2 - https:\/\/yoast.com\/product\/yoast-seo-wordpress\/ -->\n<title>7 sch\u00f6nste Str\u00e4nde in Saint-Rapha\u00ebl (Fotos + Tipps)<\/title>\n<meta name=\"description\" content=\"Entdecken Sie unsere Auswahl der besten Str\u00e4nde in St-Rapha\u00ebl an der C\u00f4te d&#039;Azur, mit unseren Fotos und Tipps: Zugang, \u00dcberwachung, Qualit\u00e4t...\" \/>\n<meta name=\"robots\" content=\"index, follow, max-snippet:-1, max-image-preview:large, max-video-preview:-1\" \/>\n<link rel=\"canonical\" href=\"https:\/\/provencelovers.fr\/de\/schonste-strande-saint-raphael\/\" \/>\n<meta property=\"og:locale\" content=\"de_DE\" \/>\n<meta property=\"og:type\" content=\"article\" \/>\n<meta property=\"og:title\" content=\"7 sch\u00f6nste Str\u00e4nde in Saint-Rapha\u00ebl (Fotos + Tipps)\" \/>\n<meta property=\"og:description\" content=\"Entdecken Sie unsere Auswahl der besten Str\u00e4nde in St-Rapha\u00ebl an der C\u00f4te d&#039;Azur, mit unseren Fotos und Tipps: Zugang, \u00dcberwachung, Qualit\u00e4t...\" \/>\n<meta property=\"og:url\" content=\"https:\/\/provencelovers.fr\/de\/schonste-strande-saint-raphael\/\" \/>\n<meta property=\"og:site_name\" content=\"Provence Lovers\" \/>\n<meta property=\"article:published_time\" content=\"2024-04-02T14:48:04+00:00\" \/>\n<meta property=\"article:modified_time\" content=\"2024-04-03T13:53:18+00:00\" \/>\n<meta property=\"og:image\" content=\"https:\/\/provencelovers.fr\/wp-content\/uploads\/2024\/03\/schonste-strande-saint-raphael.jpg\" \/>\n\t<meta property=\"og:image:width\" content=\"800\" \/>\n\t<meta property=\"og:image:height\" content=\"600\" \/>\n\t<meta property=\"og:image:type\" content=\"image\/jpeg\" \/>\n<meta name=\"author\" content=\"Morgane MAZELIER\" \/>\n<meta name=\"twitter:card\" content=\"summary_large_image\" \/>\n<meta name=\"twitter:label1\" content=\"Verfasst von\" \/>\n\t<meta name=\"twitter:data1\" content=\"Morgane MAZELIER\" \/>\n\t<meta name=\"twitter:label2\" content=\"Gesch\u00e4tzte Lesezeit\" \/>\n\t<meta name=\"twitter:data2\" content=\"15 Minuten\" \/>\n<script type=\"application\/ld+json\" class=\"yoast-schema-graph\">{\"@context\":\"https:\/\/schema.org\",\"@graph\":[{\"@type\":\"Article\",\"@id\":\"https:\/\/provencelovers.fr\/de\/schonste-strande-saint-raphael\/#article\",\"isPartOf\":{\"@id\":\"https:\/\/provencelovers.fr\/de\/schonste-strande-saint-raphael\/\"},\"author\":{\"name\":\"Morgane MAZELIER\",\"@id\":\"https:\/\/provencelovers.fr\/de\/#\/schema\/person\/cf1b9ebf5c99f3bf14163977d700dd7c\"},\"headline\":\"7 sch\u00f6nste Str\u00e4nde in Saint-Rapha\u00ebl (Fotos + Tipps)\",\"datePublished\":\"2024-04-02T14:48:04+00:00\",\"dateModified\":\"2024-04-03T13:53:18+00:00\",\"mainEntityOfPage\":{\"@id\":\"https:\/\/provencelovers.fr\/de\/schonste-strande-saint-raphael\/\"},\"wordCount\":3033,\"publisher\":{\"@id\":\"https:\/\/provencelovers.fr\/de\/#organization\"},\"image\":{\"@id\":\"https:\/\/provencelovers.fr\/de\/schonste-strande-saint-raphael\/#primaryimage\"},\"thumbnailUrl\":\"https:\/\/provencelovers.fr\/wp-content\/uploads\/2024\/03\/schonste-strande-saint-raphael.jpg\",\"articleSection\":[\"Saint-Rapha\u00ebl, Fr\u00e9jus und Umgebung\"],\"inLanguage\":\"de-DE\"},{\"@type\":\"WebPage\",\"@id\":\"https:\/\/provencelovers.fr\/de\/schonste-strande-saint-raphael\/\",\"url\":\"https:\/\/provencelovers.fr\/de\/schonste-strande-saint-raphael\/\",\"name\":\"7 sch\u00f6nste Str\u00e4nde in Saint-Rapha\u00ebl (Fotos + Tipps)\",\"isPartOf\":{\"@id\":\"https:\/\/provencelovers.fr\/de\/#website\"},\"primaryImageOfPage\":{\"@id\":\"https:\/\/provencelovers.fr\/de\/schonste-strande-saint-raphael\/#primaryimage\"},\"image\":{\"@id\":\"https:\/\/provencelovers.fr\/de\/schonste-strande-saint-raphael\/#primaryimage\"},\"thumbnailUrl\":\"https:\/\/provencelovers.fr\/wp-content\/uploads\/2024\/03\/schonste-strande-saint-raphael.jpg\",\"datePublished\":\"2024-04-02T14:48:04+00:00\",\"dateModified\":\"2024-04-03T13:53:18+00:00\",\"description\":\"Entdecken Sie unsere Auswahl der besten Str\u00e4nde in St-Rapha\u00ebl an der C\u00f4te d'Azur, mit unseren Fotos und Tipps: Zugang, \u00dcberwachung, Qualit\u00e4t...\",\"breadcrumb\":{\"@id\":\"https:\/\/provencelovers.fr\/de\/schonste-strande-saint-raphael\/#breadcrumb\"},\"inLanguage\":\"de-DE\",\"potentialAction\":[{\"@type\":\"ReadAction\",\"target\":[\"https:\/\/provencelovers.fr\/de\/schonste-strande-saint-raphael\/\"]}]},{\"@type\":\"ImageObject\",\"inLanguage\":\"de-DE\",\"@id\":\"https:\/\/provencelovers.fr\/de\/schonste-strande-saint-raphael\/#primaryimage\",\"url\":\"https:\/\/provencelovers.fr\/wp-content\/uploads\/2024\/03\/schonste-strande-saint-raphael.jpg\",\"contentUrl\":\"https:\/\/provencelovers.fr\/wp-content\/uploads\/2024\/03\/schonste-strande-saint-raphael.jpg\",\"width\":800,\"height\":600,\"caption\":\"schonste-strande-saint-raphael\"},{\"@type\":\"BreadcrumbList\",\"@id\":\"https:\/\/provencelovers.fr\/de\/schonste-strande-saint-raphael\/#breadcrumb\",\"itemListElement\":[{\"@type\":\"ListItem\",\"position\":1,\"name\":\"Home\",\"item\":\"https:\/\/provencelovers.fr\/de\/\"},{\"@type\":\"ListItem\",\"position\":2,\"name\":\"Saint-Rapha\u00ebl, Fr\u00e9jus und Umgebung\",\"item\":\"https:\/\/provencelovers.fr\/de\/saint-raphael-frejus-und-umgebung\/\"},{\"@type\":\"ListItem\",\"position\":3,\"name\":\"7 sch\u00f6nste Str\u00e4nde in Saint-Rapha\u00ebl (Fotos + Tipps)\"}]},{\"@type\":\"WebSite\",\"@id\":\"https:\/\/provencelovers.fr\/de\/#website\",\"url\":\"https:\/\/provencelovers.fr\/de\/\",\"name\":\"Provence Lovers\",\"description\":\"Um Ihre Sinne in der Provence zu wecken - Le blog de Claire et Manu\",\"publisher\":{\"@id\":\"https:\/\/provencelovers.fr\/de\/#organization\"},\"potentialAction\":[{\"@type\":\"SearchAction\",\"target\":{\"@type\":\"EntryPoint\",\"urlTemplate\":\"https:\/\/provencelovers.fr\/de\/?s={search_term_string}\"},\"query-input\":{\"@type\":\"PropertyValueSpecification\",\"valueRequired\":true,\"valueName\":\"search_term_string\"}}],\"inLanguage\":\"de-DE\"},{\"@type\":\"Organization\",\"@id\":\"https:\/\/provencelovers.fr\/de\/#organization\",\"name\":\"Provence Lovers\",\"url\":\"https:\/\/provencelovers.fr\/de\/\",\"logo\":{\"@type\":\"ImageObject\",\"inLanguage\":\"de-DE\",\"@id\":\"https:\/\/provencelovers.fr\/de\/#\/schema\/logo\/image\/\",\"url\":\"https:\/\/provencelovers.fr\/wp-content\/uploads\/2022\/11\/Blog-Provence-Lovers-Logos.png\",\"contentUrl\":\"https:\/\/provencelovers.fr\/wp-content\/uploads\/2022\/11\/Blog-Provence-Lovers-Logos.png\",\"width\":2707,\"height\":863,\"caption\":\"Provence Lovers\"},\"image\":{\"@id\":\"https:\/\/provencelovers.fr\/de\/#\/schema\/logo\/image\/\"}},{\"@type\":\"Person\",\"@id\":\"https:\/\/provencelovers.fr\/de\/#\/schema\/person\/cf1b9ebf5c99f3bf14163977d700dd7c\",\"name\":\"Morgane MAZELIER\",\"image\":{\"@type\":\"ImageObject\",\"inLanguage\":\"de-DE\",\"@id\":\"https:\/\/secure.gravatar.com\/avatar\/afa26912805402e3ea29288b7478a6a37b47e98385c004daed7d76f04733a512?s=96&d=mm&r=g\",\"url\":\"https:\/\/secure.gravatar.com\/avatar\/afa26912805402e3ea29288b7478a6a37b47e98385c004daed7d76f04733a512?s=96&d=mm&r=g\",\"contentUrl\":\"https:\/\/secure.gravatar.com\/avatar\/afa26912805402e3ea29288b7478a6a37b47e98385c004daed7d76f04733a512?s=96&d=mm&r=g\",\"caption\":\"Morgane MAZELIER\"},\"sameAs\":[\"https:\/\/provencelovers.fr\/morgane-mazelier\/\"],\"url\":\"https:\/\/provencelovers.fr\/de\/author\/morganeregionlovers-fr\/\"}]}<\/script>\n<!-- \/ Yoast SEO plugin. -->","yoast_head_json":{"title":"7 sch\u00f6nste Str\u00e4nde in Saint-Rapha\u00ebl (Fotos + Tipps)","description":"Entdecken Sie unsere Auswahl der besten Str\u00e4nde in St-Rapha\u00ebl an der C\u00f4te d'Azur, mit unseren Fotos und Tipps: Zugang, \u00dcberwachung, Qualit\u00e4t...","robots":{"index":"index","follow":"follow","max-snippet":"max-snippet:-1","max-image-preview":"max-image-preview:large","max-video-preview":"max-video-preview:-1"},"canonical":"https:\/\/provencelovers.fr\/de\/schonste-strande-saint-raphael\/","og_locale":"de_DE","og_type":"article","og_title":"7 sch\u00f6nste Str\u00e4nde in Saint-Rapha\u00ebl (Fotos + Tipps)","og_description":"Entdecken Sie unsere Auswahl der besten Str\u00e4nde in St-Rapha\u00ebl an der C\u00f4te d'Azur, mit unseren Fotos und Tipps: Zugang, \u00dcberwachung, Qualit\u00e4t...","og_url":"https:\/\/provencelovers.fr\/de\/schonste-strande-saint-raphael\/","og_site_name":"Provence Lovers","article_published_time":"2024-04-02T14:48:04+00:00","article_modified_time":"2024-04-03T13:53:18+00:00","og_image":[{"width":800,"height":600,"url":"https:\/\/provencelovers.fr\/wp-content\/uploads\/2024\/03\/schonste-strande-saint-raphael.jpg","type":"image\/jpeg"}],"author":"Morgane MAZELIER","twitter_card":"summary_large_image","twitter_misc":{"Verfasst von":"Morgane MAZELIER","Gesch\u00e4tzte Lesezeit":"15 Minuten"},"schema":{"@context":"https:\/\/schema.org","@graph":[{"@type":"Article","@id":"https:\/\/provencelovers.fr\/de\/schonste-strande-saint-raphael\/#article","isPartOf":{"@id":"https:\/\/provencelovers.fr\/de\/schonste-strande-saint-raphael\/"},"author":{"name":"Morgane MAZELIER","@id":"https:\/\/provencelovers.fr\/de\/#\/schema\/person\/cf1b9ebf5c99f3bf14163977d700dd7c"},"headline":"7 sch\u00f6nste Str\u00e4nde in Saint-Rapha\u00ebl (Fotos + Tipps)","datePublished":"2024-04-02T14:48:04+00:00","dateModified":"2024-04-03T13:53:18+00:00","mainEntityOfPage":{"@id":"https:\/\/provencelovers.fr\/de\/schonste-strande-saint-raphael\/"},"wordCount":3033,"publisher":{"@id":"https:\/\/provencelovers.fr\/de\/#organization"},"image":{"@id":"https:\/\/provencelovers.fr\/de\/schonste-strande-saint-raphael\/#primaryimage"},"thumbnailUrl":"https:\/\/provencelovers.fr\/wp-content\/uploads\/2024\/03\/schonste-strande-saint-raphael.jpg","articleSection":["Saint-Rapha\u00ebl, Fr\u00e9jus und Umgebung"],"inLanguage":"de-DE"},{"@type":"WebPage","@id":"https:\/\/provencelovers.fr\/de\/schonste-strande-saint-raphael\/","url":"https:\/\/provencelovers.fr\/de\/schonste-strande-saint-raphael\/","name":"7 sch\u00f6nste Str\u00e4nde in Saint-Rapha\u00ebl (Fotos + Tipps)","isPartOf":{"@id":"https:\/\/provencelovers.fr\/de\/#website"},"primaryImageOfPage":{"@id":"https:\/\/provencelovers.fr\/de\/schonste-strande-saint-raphael\/#primaryimage"},"image":{"@id":"https:\/\/provencelovers.fr\/de\/schonste-strande-saint-raphael\/#primaryimage"},"thumbnailUrl":"https:\/\/provencelovers.fr\/wp-content\/uploads\/2024\/03\/schonste-strande-saint-raphael.jpg","datePublished":"2024-04-02T14:48:04+00:00","dateModified":"2024-04-03T13:53:18+00:00","description":"Entdecken Sie unsere Auswahl der besten Str\u00e4nde in St-Rapha\u00ebl an der C\u00f4te d'Azur, mit unseren Fotos und Tipps: Zugang, \u00dcberwachung, Qualit\u00e4t...","breadcrumb":{"@id":"https:\/\/provencelovers.fr\/de\/schonste-strande-saint-raphael\/#breadcrumb"},"inLanguage":"de-DE","potentialAction":[{"@type":"ReadAction","target":["https:\/\/provencelovers.fr\/de\/schonste-strande-saint-raphael\/"]}]},{"@type":"ImageObject","inLanguage":"de-DE","@id":"https:\/\/provencelovers.fr\/de\/schonste-strande-saint-raphael\/#primaryimage","url":"https:\/\/provencelovers.fr\/wp-content\/uploads\/2024\/03\/schonste-strande-saint-raphael.jpg","contentUrl":"https:\/\/provencelovers.fr\/wp-content\/uploads\/2024\/03\/schonste-strande-saint-raphael.jpg","width":800,"height":600,"caption":"schonste-strande-saint-raphael"},{"@type":"BreadcrumbList","@id":"https:\/\/provencelovers.fr\/de\/schonste-strande-saint-raphael\/#breadcrumb","itemListElement":[{"@type":"ListItem","position":1,"name":"Home","item":"https:\/\/provencelovers.fr\/de\/"},{"@type":"ListItem","position":2,"name":"Saint-Rapha\u00ebl, Fr\u00e9jus und Umgebung","item":"https:\/\/provencelovers.fr\/de\/saint-raphael-frejus-und-umgebung\/"},{"@type":"ListItem","position":3,"name":"7 sch\u00f6nste Str\u00e4nde in Saint-Rapha\u00ebl (Fotos + Tipps)"}]},{"@type":"WebSite","@id":"https:\/\/provencelovers.fr\/de\/#website","url":"https:\/\/provencelovers.fr\/de\/","name":"Provence Lovers","description":"Um Ihre Sinne in der Provence zu wecken - Le blog de Claire et Manu","publisher":{"@id":"https:\/\/provencelovers.fr\/de\/#organization"},"potentialAction":[{"@type":"SearchAction","target":{"@type":"EntryPoint","urlTemplate":"https:\/\/provencelovers.fr\/de\/?s={search_term_string}"},"query-input":{"@type":"PropertyValueSpecification","valueRequired":true,"valueName":"search_term_string"}}],"inLanguage":"de-DE"},{"@type":"Organization","@id":"https:\/\/provencelovers.fr\/de\/#organization","name":"Provence Lovers","url":"https:\/\/provencelovers.fr\/de\/","logo":{"@type":"ImageObject","inLanguage":"de-DE","@id":"https:\/\/provencelovers.fr\/de\/#\/schema\/logo\/image\/","url":"https:\/\/provencelovers.fr\/wp-content\/uploads\/2022\/11\/Blog-Provence-Lovers-Logos.png","contentUrl":"https:\/\/provencelovers.fr\/wp-content\/uploads\/2022\/11\/Blog-Provence-Lovers-Logos.png","width":2707,"height":863,"caption":"Provence Lovers"},"image":{"@id":"https:\/\/provencelovers.fr\/de\/#\/schema\/logo\/image\/"}},{"@type":"Person","@id":"https:\/\/provencelovers.fr\/de\/#\/schema\/person\/cf1b9ebf5c99f3bf14163977d700dd7c","name":"Morgane MAZELIER","image":{"@type":"ImageObject","inLanguage":"de-DE","@id":"https:\/\/secure.gravatar.com\/avatar\/afa26912805402e3ea29288b7478a6a37b47e98385c004daed7d76f04733a512?s=96&d=mm&r=g","url":"https:\/\/secure.gravatar.com\/avatar\/afa26912805402e3ea29288b7478a6a37b47e98385c004daed7d76f04733a512?s=96&d=mm&r=g","contentUrl":"https:\/\/secure.gravatar.com\/avatar\/afa26912805402e3ea29288b7478a6a37b47e98385c004daed7d76f04733a512?s=96&d=mm&r=g","caption":"Morgane MAZELIER"},"sameAs":["https:\/\/provencelovers.fr\/morgane-mazelier\/"],"url":"https:\/\/provencelovers.fr\/de\/author\/morganeregionlovers-fr\/"}]}},"featured_image_src":"https:\/\/provencelovers.fr\/wp-content\/uploads\/2024\/03\/schonste-strande-saint-raphael-600x400.jpg","featured_image_src_square":"https:\/\/provencelovers.fr\/wp-content\/uploads\/2024\/03\/schonste-strande-saint-raphael-600x600.jpg","author_info":{"display_name":"Morgane MAZELIER","author_link":"https:\/\/provencelovers.fr\/de\/author\/morganeregionlovers-fr\/"},"_links":{"self":[{"href":"https:\/\/provencelovers.fr\/de\/wp-json\/wp\/v2\/posts\/10825","targetHints":{"allow":["GET"]}}],"collection":[{"href":"https:\/\/provencelovers.fr\/de\/wp-json\/wp\/v2\/posts"}],"about":[{"href":"https:\/\/provencelovers.fr\/de\/wp-json\/wp\/v2\/types\/post"}],"author":[{"embeddable":true,"href":"https:\/\/provencelovers.fr\/de\/wp-json\/wp\/v2\/users\/12"}],"replies":[{"embeddable":true,"href":"https:\/\/provencelovers.fr\/de\/wp-json\/wp\/v2\/comments?post=10825"}],"version-history":[{"count":0,"href":"https:\/\/provencelovers.fr\/de\/wp-json\/wp\/v2\/posts\/10825\/revisions"}],"wp:featuredmedia":[{"embeddable":true,"href":"https:\/\/provencelovers.fr\/de\/wp-json\/wp\/v2\/media\/10695"}],"wp:attachment":[{"href":"https:\/\/provencelovers.fr\/de\/wp-json\/wp\/v2\/media?parent=10825"}],"wp:term":[{"taxonomy":"category","embeddable":true,"href":"https:\/\/provencelovers.fr\/de\/wp-json\/wp\/v2\/categories?post=10825"},{"taxonomy":"post_tag","embeddable":true,"href":"https:\/\/provencelovers.fr\/de\/wp-json\/wp\/v2\/tags?post=10825"}],"curies":[{"name":"wp","href":"https:\/\/api.w.org\/{rel}","templated":true}]}}